{"id":944,"date":"2015-01-28T09:13:39","date_gmt":"2015-01-28T09:13:39","guid":{"rendered":"http:\/\/www.consuladordvalencia.com\/?p=944"},"modified":"2015-01-28T09:13:39","modified_gmt":"2015-01-28T09:13:39","slug":"vice-presidente-de-eeuu-dice-republica-dominicana-puede-ser-centro-desarrollo-del-caribe","status":"publish","type":"post","link":"https:\/\/nld.mirex.gob.do\/consular\/amsterdam\/vice-presidente-de-eeuu-dice-republica-dominicana-puede-ser-centro-desarrollo-del-caribe\/","title":{"rendered":"Vice Presidente de EEUU dice Rep\u00fablica Dominicana puede ser centro desarrollo del Caribe"},"content":{"rendered":"<p>Noticia publicada en Acento.com.do<\/p>\n<p><a title=\"Vice Presidente de EEUU dice Rep\u00fablica Dominicana puede ser centro desarrollo del Caribe\" href=\"http:\/\/acento.com.do\/2015\/economia\/8216627-vice-eeuu-dice-republica-dominicana-puede-ser-centro-desarrollo-del-caribe\/\" target=\"_blank\" rel=\"noopener\">http:\/\/acento.com.do\/2015\/economia\/8216627-vice-eeuu-dice-republica-dominicana-puede-ser-centro-desarrollo-del-caribe\/<\/a><\/p>\n<h1>Vice EEUU dice Rep\u00fablica Dominicana puede ser centro desarrollo del Caribe<\/h1>\n<div class=\"post-details\"><span class=\"author\">Por <a href=\"http:\/\/acento.com.do\/author\/efe\/\">Efe <\/a>.<\/span> <span class=\"date\">28 de enero de 2015 &#8211; 6:00 am &#8211; Acento.com.do<\/span><\/div>\n<p class=\"subtitle\"><img fetchpriority=\"high\" decoding=\"async\" class=\"alignleft wp-image-1159 size-medium\" src=\"https:\/\/www.consuladordholanda.com\/wp-content\/uploads\/2015\/01\/eeuu-republica-dominicana-centro-de-desarrollo-del-caribe-275x300.jpg\" alt=\"eeuu-republica-dominicana-centro-de-desarrollo-del-caribe\" width=\"275\" height=\"300\" \/>As\u00ed lo expres\u00f3 durante la I Cumbre de Seguridad Energ\u00e9tica del Caribe, convocada por el Gobierno estadounidense, y en la que participaron todos los pa\u00edses del CARICOM<\/p>\n<p>Santo Domingo\u00a0 (EFE).- El vicepresidente de Estados Unidos, Joseph Biden, destac\u00f3 este martes en Washington el \u201calto potencial\u201d de la Rep\u00fablica Dominicana \u201cpara convertirse en un centro de desarrollo\u201d y se\u00f1al\u00f3 al pa\u00eds como un actor \u201cesencial para el desarrollo de la regi\u00f3n del Caribe\u201d.<\/p>\n<p>As\u00ed lo expres\u00f3 durante la I Cumbre de Seguridad Energ\u00e9tica del Caribe, convocada por el Gobierno estadounidense, y en la que participaron todos los pa\u00edses del CARICOM, entre cuyos representantes se encontraba la vicepresidenta de Rep\u00fablica Dominicana, Margarita Cede\u00f1o de Fern\u00e1ndez.<\/p>\n<p>Seg\u00fan inform\u00f3 el gabinete de Vicepresidencia Dominicana en un comunicado, Cede\u00f1o se mostr\u00f3 convencida de que la soluci\u00f3n a los problemas energ\u00e9ticos de la regi\u00f3n es vital \u201cpara alcanzar el desarrollo econ\u00f3mico necesario\u201d, y que ese desarrollo \u201cdebe convertirse en bienestar de los ciudadanos, a trav\u00e9s de pol\u00edticas sociales eficientes y de calidad\u201d, dijo ante el citado foro.<\/p>\n<p>La vicepresidenta desarroll\u00f3 una intensa agenda de trabajo durante su vista a Washington, donde tambi\u00e9n trat\u00f3 temas de desarrollo social y econ\u00f3micos con el secretario general de la Organizaci\u00f3n de Estados Americanos (OEA), Jos\u00e9 Miguel Insulza, con quien encabez\u00f3 una ofrenda floral con motivo del natalicio del Patricio Juan Pablo Duarte.<\/p>\n<p>Durante su encuentro con Insulza evalu\u00f3 \u201cel panorama de la regi\u00f3n en cuanto al desarrollo econ\u00f3mico y social, as\u00ed como de los principales retos que enfrenta la regi\u00f3n\u201d, se\u00f1ala la nota.<\/p>\n<p>Ambos reafirmaron su compromiso de trabajar \u201cproyectos conjuntos para el desarrollo de la regi\u00f3n y fortalecer los valores democr\u00e1ticos en los pa\u00edses del hemisferio\u201d. EFE<\/p>\n<p><a href=\"http:\/\/acento.com.do\/2015\/economia\/8216627-vice-eeuu-dice-republica-dominicana-puede-ser-centro-desarrollo-del-caribe\/\"><img decoding=\"async\" class=\"alignnone wp-image-1159 size-full\" src=\"https:\/\/www.consuladordholanda.com\/wp-content\/uploads\/2015\/01\/eeuu-republica-dominicana-centro-de-desarrollo-del-caribe.jpg\" alt=\"eeuu-republica-dominicana-centro-de-desarrollo-del-caribe\" width=\"818\" height=\"893\" \/><\/a><\/p>\n","protected":false},"excerpt":{"rendered":"<p>Noticia publicada en Acento.com.do http:\/\/acento.com.do\/2015\/economia\/8216627-vice-eeuu-dice-republica-dominicana-puede-ser-centro-desarrollo-del-caribe\/ Vice EEUU dice Rep\u00fablica Dominicana puede ser centro desarrollo del Caribe Por Efe . 28 de enero de 2015 &#8211; 6:00 am &#8211; Acento.com.do As\u00ed lo expres\u00f3 durante la I Cumbre de Seguridad Energ\u00e9tica del Caribe, convocada por el Gobierno estadounidense, y en la que participaron todos los pa\u00edses del [&hellip;]<\/p>\n","protected":false},"author":8,"featured_media":1159,"comment_status":"closed","ping_status":"closed","sticky":false,"template":"","format":"standard","meta":{"site-sidebar-layout":"default","site-content-layout":"","ast-site-content-layout":"default","site-content-style":"default","site-sidebar-style":"default","ast-global-header-display":"","ast-banner-title-visibility":"","ast-main-header-display":"","ast-hfb-above-header-display":"","ast-hfb-below-header-display":"","ast-hfb-mobile-header-display":"","site-post-title":"","ast-breadcrumbs-content":"","ast-featured-img":"","footer-sml-layout":"","ast-disable-related-posts":"","theme-transparent-header-meta":"","adv-header-id-meta":"","stick-header-meta":"","header-above-stick-meta":"","header-main-stick-meta":"","header-below-stick-meta":"","astra-migrate-meta-layouts":"default","ast-page-background-enabled":"default","ast-page-background-meta":{"desktop":{"background-color":"","background-image":"","background-repeat":"repeat","background-position":"center center","background-size":"auto","background-attachment":"scroll","background-type":"","background-media":"","overlay-type":"","overlay-color":"","overlay-opacity":"","overlay-gradient":""},"tablet":{"background-color":"","background-image":"","background-repeat":"repeat","background-position":"center center","background-size":"auto","background-attachment":"scroll","background-type":"","background-media":"","overlay-type":"","overlay-color":"","overlay-opacity":"","overlay-gradient":""},"mobile":{"background-color":"","background-image":"","background-repeat":"repeat","background-position":"center center","background-size":"auto","background-attachment":"scroll","background-type":"","background-media":"","overlay-type":"","overlay-color":"","overlay-opacity":"","overlay-gradient":""}},"ast-content-background-meta":{"desktop":{"background-color":"var(--ast-global-color-5)","background-image":"","background-repeat":"repeat","background-position":"center center","background-size":"auto","background-attachment":"scroll","background-type":"","background-media":"","overlay-type":"","overlay-color":"","overlay-opacity":"","overlay-gradient":""},"tablet":{"background-color":"var(--ast-global-color-5)","background-image":"","background-repeat":"repeat","background-position":"center center","background-size":"auto","background-attachment":"scroll","background-type":"","background-media":"","overlay-type":"","overlay-color":"","overlay-opacity":"","overlay-gradient":""},"mobile":{"background-color":"var(--ast-global-color-5)","background-image":"","background-repeat":"repeat","background-position":"center center","background-size":"auto","background-attachment":"scroll","background-type":"","background-media":"","overlay-type":"","overlay-color":"","overlay-opacity":"","overlay-gradient":""}},"footnotes":""},"categories":[51,96],"tags":[93,94,95,50,58,52],"class_list":["post-944","post","type-post","status-publish","format-standard","has-post-thumbnail","hentry","category-invertir","category-negocios","tag-caribe","tag-desarrollo-economico","tag-eeuu","tag-inverciones","tag-invertir-en-la-republica-dominicana","tag-negocios"],"yoast_head":"<!-- This site is optimized with the Yoast SEO plugin v27.4 - https:\/\/yoast.com\/product\/yoast-seo-wordpress\/ -->\n<title>Vice Presidente de EEUU dice Rep\u00fablica Dominicana puede ser centro desarrollo del Caribe - Consulado General de la Rep\u00fablica Dominicana en La Haya, Reino de los Pa\u00edses Bajos<\/title>\n<meta name=\"description\" content=\"El vicepresidente de Estados Unidos, Joseph Biden, destac\u00f3 este martes en Washington el \u201calto potencial\u201d de la Rep\u00fablica Dominicana \u201cpara convertirse en un centro de desarrollo\u201d y se\u00f1al\u00f3 al pa\u00eds como un actor \u201cesencial para el desarrollo de la regi\u00f3n del Caribe\u201d.\" \/>\n<meta name=\"robots\" content=\"index, follow, max-snippet:-1, max-image-preview:large, max-video-preview:-1\" \/>\n<link rel=\"canonical\" href=\"https:\/\/nld.mirex.gob.do\/consular\/amsterdam\/vice-presidente-de-eeuu-dice-republica-dominicana-puede-ser-centro-desarrollo-del-caribe\/\" \/>\n<meta property=\"og:locale\" content=\"en_US\" \/>\n<meta property=\"og:type\" content=\"article\" \/>\n<meta property=\"og:title\" content=\"Vice Presidente de EEUU dice Rep\u00fablica Dominicana puede ser centro desarrollo del Caribe - Consulado General de la Rep\u00fablica Dominicana en La Haya, Reino de los Pa\u00edses Bajos\" \/>\n<meta property=\"og:description\" content=\"El vicepresidente de Estados Unidos, Joseph Biden, destac\u00f3 este martes en Washington el \u201calto potencial\u201d de la Rep\u00fablica Dominicana \u201cpara convertirse en un centro de desarrollo\u201d y se\u00f1al\u00f3 al pa\u00eds como un actor \u201cesencial para el desarrollo de la regi\u00f3n del Caribe\u201d.\" \/>\n<meta property=\"og:url\" content=\"https:\/\/nld.mirex.gob.do\/consular\/amsterdam\/vice-presidente-de-eeuu-dice-republica-dominicana-puede-ser-centro-desarrollo-del-caribe\/\" \/>\n<meta property=\"og:site_name\" content=\"Consulado General de la Rep\u00fablica Dominicana en La Haya, Reino de los Pa\u00edses Bajos\" \/>\n<meta property=\"article:published_time\" content=\"2015-01-28T09:13:39+00:00\" \/>\n<meta name=\"author\" content=\"Michael Antonio Melo Andujar\" \/>\n<meta name=\"twitter:card\" content=\"summary_large_image\" \/>\n<meta name=\"twitter:label1\" content=\"Written by\" \/>\n\t<meta name=\"twitter:data1\" content=\"Michael Antonio Melo Andujar\" \/>\n\t<meta name=\"twitter:label2\" content=\"Est. reading time\" \/>\n\t<meta name=\"twitter:data2\" content=\"2 minutes\" \/>\n<script type=\"application\/ld+json\" class=\"yoast-schema-graph\">{\"@context\":\"https:\\\/\\\/schema.org\",\"@graph\":[{\"@type\":\"Article\",\"@id\":\"https:\\\/\\\/nld.mirex.gob.do\\\/consular\\\/amsterdam\\\/vice-presidente-de-eeuu-dice-republica-dominicana-puede-ser-centro-desarrollo-del-caribe\\\/#article\",\"isPartOf\":{\"@id\":\"https:\\\/\\\/nld.mirex.gob.do\\\/consular\\\/amsterdam\\\/vice-presidente-de-eeuu-dice-republica-dominicana-puede-ser-centro-desarrollo-del-caribe\\\/\"},\"author\":{\"name\":\"Michael Antonio Melo Andujar\",\"@id\":\"https:\\\/\\\/nld.mirex.gob.do\\\/consular\\\/amsterdam\\\/#\\\/schema\\\/person\\\/772a9951ade6a7e4ab978b618b619ff8\"},\"headline\":\"Vice Presidente de EEUU dice Rep\u00fablica Dominicana puede ser centro desarrollo del Caribe\",\"datePublished\":\"2015-01-28T09:13:39+00:00\",\"mainEntityOfPage\":{\"@id\":\"https:\\\/\\\/nld.mirex.gob.do\\\/consular\\\/amsterdam\\\/vice-presidente-de-eeuu-dice-republica-dominicana-puede-ser-centro-desarrollo-del-caribe\\\/\"},\"wordCount\":357,\"publisher\":{\"@id\":\"https:\\\/\\\/nld.mirex.gob.do\\\/consular\\\/amsterdam\\\/#organization\"},\"image\":{\"@id\":\"https:\\\/\\\/nld.mirex.gob.do\\\/consular\\\/amsterdam\\\/vice-presidente-de-eeuu-dice-republica-dominicana-puede-ser-centro-desarrollo-del-caribe\\\/#primaryimage\"},\"thumbnailUrl\":\"\",\"keywords\":[\"Caribe\",\"Desarrollo econ\u00f3mico\",\"EEUU\",\"Inverciones\",\"Invertir en la Rep\u00fablica Dominicana\",\"Negocios\"],\"articleSection\":[\"Invertir en la Rep\u00fablica Dominicana\",\"Negocios\"],\"inLanguage\":\"en-US\"},{\"@type\":\"WebPage\",\"@id\":\"https:\\\/\\\/nld.mirex.gob.do\\\/consular\\\/amsterdam\\\/vice-presidente-de-eeuu-dice-republica-dominicana-puede-ser-centro-desarrollo-del-caribe\\\/\",\"url\":\"https:\\\/\\\/nld.mirex.gob.do\\\/consular\\\/amsterdam\\\/vice-presidente-de-eeuu-dice-republica-dominicana-puede-ser-centro-desarrollo-del-caribe\\\/\",\"name\":\"Vice Presidente de EEUU dice Rep\u00fablica Dominicana puede ser centro desarrollo del Caribe - Consulado General de la Rep\u00fablica Dominicana en La Haya, Reino de los Pa\u00edses Bajos\",\"isPartOf\":{\"@id\":\"https:\\\/\\\/nld.mirex.gob.do\\\/consular\\\/amsterdam\\\/#website\"},\"primaryImageOfPage\":{\"@id\":\"https:\\\/\\\/nld.mirex.gob.do\\\/consular\\\/amsterdam\\\/vice-presidente-de-eeuu-dice-republica-dominicana-puede-ser-centro-desarrollo-del-caribe\\\/#primaryimage\"},\"image\":{\"@id\":\"https:\\\/\\\/nld.mirex.gob.do\\\/consular\\\/amsterdam\\\/vice-presidente-de-eeuu-dice-republica-dominicana-puede-ser-centro-desarrollo-del-caribe\\\/#primaryimage\"},\"thumbnailUrl\":\"\",\"datePublished\":\"2015-01-28T09:13:39+00:00\",\"description\":\"El vicepresidente de Estados Unidos, Joseph Biden, destac\u00f3 este martes en Washington el \u201calto potencial\u201d de la Rep\u00fablica Dominicana \u201cpara convertirse en un centro de desarrollo\u201d y se\u00f1al\u00f3 al pa\u00eds como un actor \u201cesencial para el desarrollo de la regi\u00f3n del Caribe\u201d.\",\"breadcrumb\":{\"@id\":\"https:\\\/\\\/nld.mirex.gob.do\\\/consular\\\/amsterdam\\\/vice-presidente-de-eeuu-dice-republica-dominicana-puede-ser-centro-desarrollo-del-caribe\\\/#breadcrumb\"},\"inLanguage\":\"en-US\",\"potentialAction\":[{\"@type\":\"ReadAction\",\"target\":[\"https:\\\/\\\/nld.mirex.gob.do\\\/consular\\\/amsterdam\\\/vice-presidente-de-eeuu-dice-republica-dominicana-puede-ser-centro-desarrollo-del-caribe\\\/\"]}]},{\"@type\":\"ImageObject\",\"inLanguage\":\"en-US\",\"@id\":\"https:\\\/\\\/nld.mirex.gob.do\\\/consular\\\/amsterdam\\\/vice-presidente-de-eeuu-dice-republica-dominicana-puede-ser-centro-desarrollo-del-caribe\\\/#primaryimage\",\"url\":\"\",\"contentUrl\":\"\"},{\"@type\":\"BreadcrumbList\",\"@id\":\"https:\\\/\\\/nld.mirex.gob.do\\\/consular\\\/amsterdam\\\/vice-presidente-de-eeuu-dice-republica-dominicana-puede-ser-centro-desarrollo-del-caribe\\\/#breadcrumb\",\"itemListElement\":[{\"@type\":\"ListItem\",\"position\":1,\"name\":\"Inicio\",\"item\":\"https:\\\/\\\/nld.mirex.gob.do\\\/consular\\\/amsterdam\\\/\"},{\"@type\":\"ListItem\",\"position\":2,\"name\":\"Vice Presidente de EEUU dice Rep\u00fablica Dominicana puede ser centro desarrollo del Caribe\"}]},{\"@type\":\"WebSite\",\"@id\":\"https:\\\/\\\/nld.mirex.gob.do\\\/consular\\\/amsterdam\\\/#website\",\"url\":\"https:\\\/\\\/nld.mirex.gob.do\\\/consular\\\/amsterdam\\\/\",\"name\":\"Consulado General de la Rep\u00fablica Dominicana en La Haya, Reino de los Pa\u00edses Bajos\",\"description\":\"\",\"publisher\":{\"@id\":\"https:\\\/\\\/nld.mirex.gob.do\\\/consular\\\/amsterdam\\\/#organization\"},\"potentialAction\":[{\"@type\":\"SearchAction\",\"target\":{\"@type\":\"EntryPoint\",\"urlTemplate\":\"https:\\\/\\\/nld.mirex.gob.do\\\/consular\\\/amsterdam\\\/?s={search_term_string}\"},\"query-input\":{\"@type\":\"PropertyValueSpecification\",\"valueRequired\":true,\"valueName\":\"search_term_string\"}}],\"inLanguage\":\"en-US\"},{\"@type\":\"Organization\",\"@id\":\"https:\\\/\\\/nld.mirex.gob.do\\\/consular\\\/amsterdam\\\/#organization\",\"name\":\"Consulado General de la Rep\u00fablica Dominicana en La Haya, Reino de los Pa\u00edses Bajos\",\"url\":\"https:\\\/\\\/nld.mirex.gob.do\\\/consular\\\/amsterdam\\\/\",\"logo\":{\"@type\":\"ImageObject\",\"inLanguage\":\"en-US\",\"@id\":\"https:\\\/\\\/nld.mirex.gob.do\\\/consular\\\/amsterdam\\\/#\\\/schema\\\/logo\\\/image\\\/\",\"url\":\"https:\\\/\\\/nld.mirex.gob.do\\\/consular\\\/amsterdam\\\/wp-content\\\/uploads\\\/2024\\\/04\\\/cropped-consulado_la_haya_reinode_los_Paises_Bajos.jpg\",\"contentUrl\":\"https:\\\/\\\/nld.mirex.gob.do\\\/consular\\\/amsterdam\\\/wp-content\\\/uploads\\\/2024\\\/04\\\/cropped-consulado_la_haya_reinode_los_Paises_Bajos.jpg\",\"width\":999,\"height\":407,\"caption\":\"Consulado General de la Rep\u00fablica Dominicana en La Haya, Reino de los Pa\u00edses Bajos\"},\"image\":{\"@id\":\"https:\\\/\\\/nld.mirex.gob.do\\\/consular\\\/amsterdam\\\/#\\\/schema\\\/logo\\\/image\\\/\"}},{\"@type\":\"Person\",\"@id\":\"https:\\\/\\\/nld.mirex.gob.do\\\/consular\\\/amsterdam\\\/#\\\/schema\\\/person\\\/772a9951ade6a7e4ab978b618b619ff8\",\"name\":\"Michael Antonio Melo Andujar\",\"image\":{\"@type\":\"ImageObject\",\"inLanguage\":\"en-US\",\"@id\":\"https:\\\/\\\/secure.gravatar.com\\\/avatar\\\/f8862d24b6945a30d30c9727ef9dfcd533ee25a18a27afc92991446aeb0e652d?s=96&d=mm&r=g\",\"url\":\"https:\\\/\\\/secure.gravatar.com\\\/avatar\\\/f8862d24b6945a30d30c9727ef9dfcd533ee25a18a27afc92991446aeb0e652d?s=96&d=mm&r=g\",\"contentUrl\":\"https:\\\/\\\/secure.gravatar.com\\\/avatar\\\/f8862d24b6945a30d30c9727ef9dfcd533ee25a18a27afc92991446aeb0e652d?s=96&d=mm&r=g\",\"caption\":\"Michael Antonio Melo Andujar\"}}]}<\/script>\n<!-- \/ Yoast SEO plugin. -->","yoast_head_json":{"title":"Vice Presidente de EEUU dice Rep\u00fablica Dominicana puede ser centro desarrollo del Caribe - Consulado General de la Rep\u00fablica Dominicana en La Haya, Reino de los Pa\u00edses Bajos","description":"El vicepresidente de Estados Unidos, Joseph Biden, destac\u00f3 este martes en Washington el \u201calto potencial\u201d de la Rep\u00fablica Dominicana \u201cpara convertirse en un centro de desarrollo\u201d y se\u00f1al\u00f3 al pa\u00eds como un actor \u201cesencial para el desarrollo de la regi\u00f3n del Caribe\u201d.","robots":{"index":"index","follow":"follow","max-snippet":"max-snippet:-1","max-image-preview":"max-image-preview:large","max-video-preview":"max-video-preview:-1"},"canonical":"https:\/\/nld.mirex.gob.do\/consular\/amsterdam\/vice-presidente-de-eeuu-dice-republica-dominicana-puede-ser-centro-desarrollo-del-caribe\/","og_locale":"en_US","og_type":"article","og_title":"Vice Presidente de EEUU dice Rep\u00fablica Dominicana puede ser centro desarrollo del Caribe - Consulado General de la Rep\u00fablica Dominicana en La Haya, Reino de los Pa\u00edses Bajos","og_description":"El vicepresidente de Estados Unidos, Joseph Biden, destac\u00f3 este martes en Washington el \u201calto potencial\u201d de la Rep\u00fablica Dominicana \u201cpara convertirse en un centro de desarrollo\u201d y se\u00f1al\u00f3 al pa\u00eds como un actor \u201cesencial para el desarrollo de la regi\u00f3n del Caribe\u201d.","og_url":"https:\/\/nld.mirex.gob.do\/consular\/amsterdam\/vice-presidente-de-eeuu-dice-republica-dominicana-puede-ser-centro-desarrollo-del-caribe\/","og_site_name":"Consulado General de la Rep\u00fablica Dominicana en La Haya, Reino de los Pa\u00edses Bajos","article_published_time":"2015-01-28T09:13:39+00:00","author":"Michael Antonio Melo Andujar","twitter_card":"summary_large_image","twitter_misc":{"Written by":"Michael Antonio Melo Andujar","Est. reading time":"2 minutes"},"schema":{"@context":"https:\/\/schema.org","@graph":[{"@type":"Article","@id":"https:\/\/nld.mirex.gob.do\/consular\/amsterdam\/vice-presidente-de-eeuu-dice-republica-dominicana-puede-ser-centro-desarrollo-del-caribe\/#article","isPartOf":{"@id":"https:\/\/nld.mirex.gob.do\/consular\/amsterdam\/vice-presidente-de-eeuu-dice-republica-dominicana-puede-ser-centro-desarrollo-del-caribe\/"},"author":{"name":"Michael Antonio Melo Andujar","@id":"https:\/\/nld.mirex.gob.do\/consular\/amsterdam\/#\/schema\/person\/772a9951ade6a7e4ab978b618b619ff8"},"headline":"Vice Presidente de EEUU dice Rep\u00fablica Dominicana puede ser centro desarrollo del Caribe","datePublished":"2015-01-28T09:13:39+00:00","mainEntityOfPage":{"@id":"https:\/\/nld.mirex.gob.do\/consular\/amsterdam\/vice-presidente-de-eeuu-dice-republica-dominicana-puede-ser-centro-desarrollo-del-caribe\/"},"wordCount":357,"publisher":{"@id":"https:\/\/nld.mirex.gob.do\/consular\/amsterdam\/#organization"},"image":{"@id":"https:\/\/nld.mirex.gob.do\/consular\/amsterdam\/vice-presidente-de-eeuu-dice-republica-dominicana-puede-ser-centro-desarrollo-del-caribe\/#primaryimage"},"thumbnailUrl":"","keywords":["Caribe","Desarrollo econ\u00f3mico","EEUU","Inverciones","Invertir en la Rep\u00fablica Dominicana","Negocios"],"articleSection":["Invertir en la Rep\u00fablica Dominicana","Negocios"],"inLanguage":"en-US"},{"@type":"WebPage","@id":"https:\/\/nld.mirex.gob.do\/consular\/amsterdam\/vice-presidente-de-eeuu-dice-republica-dominicana-puede-ser-centro-desarrollo-del-caribe\/","url":"https:\/\/nld.mirex.gob.do\/consular\/amsterdam\/vice-presidente-de-eeuu-dice-republica-dominicana-puede-ser-centro-desarrollo-del-caribe\/","name":"Vice Presidente de EEUU dice Rep\u00fablica Dominicana puede ser centro desarrollo del Caribe - Consulado General de la Rep\u00fablica Dominicana en La Haya, Reino de los Pa\u00edses Bajos","isPartOf":{"@id":"https:\/\/nld.mirex.gob.do\/consular\/amsterdam\/#website"},"primaryImageOfPage":{"@id":"https:\/\/nld.mirex.gob.do\/consular\/amsterdam\/vice-presidente-de-eeuu-dice-republica-dominicana-puede-ser-centro-desarrollo-del-caribe\/#primaryimage"},"image":{"@id":"https:\/\/nld.mirex.gob.do\/consular\/amsterdam\/vice-presidente-de-eeuu-dice-republica-dominicana-puede-ser-centro-desarrollo-del-caribe\/#primaryimage"},"thumbnailUrl":"","datePublished":"2015-01-28T09:13:39+00:00","description":"El vicepresidente de Estados Unidos, Joseph Biden, destac\u00f3 este martes en Washington el \u201calto potencial\u201d de la Rep\u00fablica Dominicana \u201cpara convertirse en un centro de desarrollo\u201d y se\u00f1al\u00f3 al pa\u00eds como un actor \u201cesencial para el desarrollo de la regi\u00f3n del Caribe\u201d.","breadcrumb":{"@id":"https:\/\/nld.mirex.gob.do\/consular\/amsterdam\/vice-presidente-de-eeuu-dice-republica-dominicana-puede-ser-centro-desarrollo-del-caribe\/#breadcrumb"},"inLanguage":"en-US","potentialAction":[{"@type":"ReadAction","target":["https:\/\/nld.mirex.gob.do\/consular\/amsterdam\/vice-presidente-de-eeuu-dice-republica-dominicana-puede-ser-centro-desarrollo-del-caribe\/"]}]},{"@type":"ImageObject","inLanguage":"en-US","@id":"https:\/\/nld.mirex.gob.do\/consular\/amsterdam\/vice-presidente-de-eeuu-dice-republica-dominicana-puede-ser-centro-desarrollo-del-caribe\/#primaryimage","url":"","contentUrl":""},{"@type":"BreadcrumbList","@id":"https:\/\/nld.mirex.gob.do\/consular\/amsterdam\/vice-presidente-de-eeuu-dice-republica-dominicana-puede-ser-centro-desarrollo-del-caribe\/#breadcrumb","itemListElement":[{"@type":"ListItem","position":1,"name":"Inicio","item":"https:\/\/nld.mirex.gob.do\/consular\/amsterdam\/"},{"@type":"ListItem","position":2,"name":"Vice Presidente de EEUU dice Rep\u00fablica Dominicana puede ser centro desarrollo del Caribe"}]},{"@type":"WebSite","@id":"https:\/\/nld.mirex.gob.do\/consular\/amsterdam\/#website","url":"https:\/\/nld.mirex.gob.do\/consular\/amsterdam\/","name":"Consulado General de la Rep\u00fablica Dominicana en La Haya, Reino de los Pa\u00edses Bajos","description":"","publisher":{"@id":"https:\/\/nld.mirex.gob.do\/consular\/amsterdam\/#organization"},"potentialAction":[{"@type":"SearchAction","target":{"@type":"EntryPoint","urlTemplate":"https:\/\/nld.mirex.gob.do\/consular\/amsterdam\/?s={search_term_string}"},"query-input":{"@type":"PropertyValueSpecification","valueRequired":true,"valueName":"search_term_string"}}],"inLanguage":"en-US"},{"@type":"Organization","@id":"https:\/\/nld.mirex.gob.do\/consular\/amsterdam\/#organization","name":"Consulado General de la Rep\u00fablica Dominicana en La Haya, Reino de los Pa\u00edses Bajos","url":"https:\/\/nld.mirex.gob.do\/consular\/amsterdam\/","logo":{"@type":"ImageObject","inLanguage":"en-US","@id":"https:\/\/nld.mirex.gob.do\/consular\/amsterdam\/#\/schema\/logo\/image\/","url":"https:\/\/nld.mirex.gob.do\/consular\/amsterdam\/wp-content\/uploads\/2024\/04\/cropped-consulado_la_haya_reinode_los_Paises_Bajos.jpg","contentUrl":"https:\/\/nld.mirex.gob.do\/consular\/amsterdam\/wp-content\/uploads\/2024\/04\/cropped-consulado_la_haya_reinode_los_Paises_Bajos.jpg","width":999,"height":407,"caption":"Consulado General de la Rep\u00fablica Dominicana en La Haya, Reino de los Pa\u00edses Bajos"},"image":{"@id":"https:\/\/nld.mirex.gob.do\/consular\/amsterdam\/#\/schema\/logo\/image\/"}},{"@type":"Person","@id":"https:\/\/nld.mirex.gob.do\/consular\/amsterdam\/#\/schema\/person\/772a9951ade6a7e4ab978b618b619ff8","name":"Michael Antonio Melo Andujar","image":{"@type":"ImageObject","inLanguage":"en-US","@id":"https:\/\/secure.gravatar.com\/avatar\/f8862d24b6945a30d30c9727ef9dfcd533ee25a18a27afc92991446aeb0e652d?s=96&d=mm&r=g","url":"https:\/\/secure.gravatar.com\/avatar\/f8862d24b6945a30d30c9727ef9dfcd533ee25a18a27afc92991446aeb0e652d?s=96&d=mm&r=g","contentUrl":"https:\/\/secure.gravatar.com\/avatar\/f8862d24b6945a30d30c9727ef9dfcd533ee25a18a27afc92991446aeb0e652d?s=96&d=mm&r=g","caption":"Michael Antonio Melo Andujar"}}]}},"_links":{"self":[{"href":"https:\/\/nld.mirex.gob.do\/consular\/amsterdam\/wp-json\/wp\/v2\/posts\/944","targetHints":{"allow":["GET"]}}],"collection":[{"href":"https:\/\/nld.mirex.gob.do\/consular\/amsterdam\/wp-json\/wp\/v2\/posts"}],"about":[{"href":"https:\/\/nld.mirex.gob.do\/consular\/amsterdam\/wp-json\/wp\/v2\/types\/post"}],"author":[{"embeddable":true,"href":"https:\/\/nld.mirex.gob.do\/consular\/amsterdam\/wp-json\/wp\/v2\/users\/8"}],"replies":[{"embeddable":true,"href":"https:\/\/nld.mirex.gob.do\/consular\/amsterdam\/wp-json\/wp\/v2\/comments?post=944"}],"version-history":[{"count":0,"href":"https:\/\/nld.mirex.gob.do\/consular\/amsterdam\/wp-json\/wp\/v2\/posts\/944\/revisions"}],"wp:featuredmedia":[{"embeddable":true,"href":"https:\/\/nld.mirex.gob.do\/consular\/amsterdam\/wp-json\/"}],"wp:attachment":[{"href":"https:\/\/nld.mirex.gob.do\/consular\/amsterdam\/wp-json\/wp\/v2\/media?parent=944"}],"wp:term":[{"taxonomy":"category","embeddable":true,"href":"https:\/\/nld.mirex.gob.do\/consular\/amsterdam\/wp-json\/wp\/v2\/categories?post=944"},{"taxonomy":"post_tag","embeddable":true,"href":"https:\/\/nld.mirex.gob.do\/consular\/amsterdam\/wp-json\/wp\/v2\/tags?post=944"}],"curies":[{"name":"wp","href":"https:\/\/api.w.org\/{rel}","templated":true}]}}