{"id":850,"date":"2015-02-12T21:07:20","date_gmt":"2015-02-12T21:07:20","guid":{"rendered":"http:\/\/www.consuladordvalencia.com\/?p=850"},"modified":"2015-02-12T21:07:20","modified_gmt":"2015-02-12T21:07:20","slug":"visas-diplomaticas-oficiales-y-de-cortesia","status":"publish","type":"post","link":"https:\/\/nld.mirex.gob.do\/consular\/amsterdam\/visas-diplomaticas-oficiales-y-de-cortesia\/","title":{"rendered":"Visas Diplom\u00e1ticas (Dm) Oficiales (OS, OM) Y de Cortes\u00eda (CS, CM):"},"content":{"rendered":"<h2 class=\"apostillaTitlePaso\">VISAS DIPLOM\u00c1TICAS (DM) OFICIALES (OS, OM) Y DE CORTESIA (CS, CM):<\/h2>\n<ul>\n<li><strong>Formulario de Visa<\/strong> lleno y debidamente completado a m\u00e1quina o en letra de molde legible. Disponible en la sede de las oficinas consulares o en el portal de servicios<\/li>\n<li><strong>Una (1) fotograf\u00eda tama\u00f1o 4 x 5 cent\u00edmetros, <\/strong>de frente y con fondo blanco.<\/li>\n<li><strong>Pasaporte original <\/strong>con una vigencia m\u00ednima suficiente para la estancia en la Rep\u00fablica Dominicana.<\/li>\n<li><strong>Nota Verbal o Diplom\u00e1tica <\/strong>de la Misi\u00f3n Diplom\u00e1tica, Consular u Organismo Internacional, solicitando la visa y debiendo indicar:\n<ul>\n<li>Nombre del solicitante<\/li>\n<li>Nacionalidad<\/li>\n<li>N\u00famero de pasaporte<\/li>\n<li>Rango diplom\u00e1tico o cargo que desempe\u00f1a<\/li>\n<li>Prop\u00f3sito del viaje<\/li>\n<\/ul>\n<\/li>\n<\/ul>\n<p>&nbsp;<\/p>\n","protected":false},"excerpt":{"rendered":"<p>VISAS DIPLOM\u00c1TICAS (DM) OFICIALES (OS, OM) Y DE CORTESIA (CS, CM): Formulario de Visa lleno y debidamente completado a m\u00e1quina o en letra de molde legible. Disponible en la sede de las oficinas consulares o en el portal de servicios Una (1) fotograf\u00eda tama\u00f1o 4 x 5 cent\u00edmetros, de frente y con fondo blanco. Pasaporte [&hellip;]<\/p>\n","protected":false},"author":8,"featured_media":705,"comment_status":"closed","ping_status":"closed","sticky":false,"template":"","format":"standard","meta":{"site-sidebar-layout":"default","site-content-layout":"","ast-site-content-layout":"default","site-content-style":"default","site-sidebar-style":"default","ast-global-header-display":"","ast-banner-title-visibility":"","ast-main-header-display":"","ast-hfb-above-header-display":"","ast-hfb-below-header-display":"","ast-hfb-mobile-header-display":"","site-post-title":"","ast-breadcrumbs-content":"","ast-featured-img":"","footer-sml-layout":"","ast-disable-related-posts":"","theme-transparent-header-meta":"","adv-header-id-meta":"","stick-header-meta":"","header-above-stick-meta":"","header-main-stick-meta":"","header-below-stick-meta":"","astra-migrate-meta-layouts":"default","ast-page-background-enabled":"default","ast-page-background-meta":{"desktop":{"background-color":"","background-image":"","background-repeat":"repeat","background-position":"center center","background-size":"auto","background-attachment":"scroll","background-type":"","background-media":"","overlay-type":"","overlay-color":"","overlay-opacity":"","overlay-gradient":""},"tablet":{"background-color":"","background-image":"","background-repeat":"repeat","background-position":"center center","background-size":"auto","background-attachment":"scroll","background-type":"","background-media":"","overlay-type":"","overlay-color":"","overlay-opacity":"","overlay-gradient":""},"mobile":{"background-color":"","background-image":"","background-repeat":"repeat","background-position":"center center","background-size":"auto","background-attachment":"scroll","background-type":"","background-media":"","overlay-type":"","overlay-color":"","overlay-opacity":"","overlay-gradient":""}},"ast-content-background-meta":{"desktop":{"background-color":"var(--ast-global-color-5)","background-image":"","background-repeat":"repeat","background-position":"center center","background-size":"auto","background-attachment":"scroll","background-type":"","background-media":"","overlay-type":"","overlay-color":"","overlay-opacity":"","overlay-gradient":""},"tablet":{"background-color":"var(--ast-global-color-5)","background-image":"","background-repeat":"repeat","background-position":"center center","background-size":"auto","background-attachment":"scroll","background-type":"","background-media":"","overlay-type":"","overlay-color":"","overlay-opacity":"","overlay-gradient":""},"mobile":{"background-color":"var(--ast-global-color-5)","background-image":"","background-repeat":"repeat","background-position":"center center","background-size":"auto","background-attachment":"scroll","background-type":"","background-media":"","overlay-type":"","overlay-color":"","overlay-opacity":"","overlay-gradient":""}},"footnotes":""},"categories":[70,138],"tags":[139,75,137,140],"class_list":["post-850","post","type-post","status-publish","format-standard","has-post-thumbnail","hentry","category-servicios-consulares","category-visas","tag-oficiales-y-de-cortesia","tag-servicio-consular","tag-visados","tag-visas-diplomaticas"],"yoast_head":"<!-- This site is optimized with the Yoast SEO plugin v27.4 - https:\/\/yoast.com\/product\/yoast-seo-wordpress\/ -->\n<title>Visas Diplom\u00e1ticas (Dm) Oficiales (OS, OM) Y de Cortes\u00eda (CS, CM): - Consulado General de la Rep\u00fablica Dominicana en La Haya, Reino de los Pa\u00edses Bajos<\/title>\n<meta name=\"description\" content=\"Las visas diplom\u00e1ticas se otorgan a miembros y familiares de misiones diplom\u00e1ticas y consulares, incluyendo a miembros de organismos internacionales; las visas oficiales se otorgan a funcionarios gubernamentales y\/o de organismos internacionales y sus familiares poseedores de pasaportes oficiales que viajen al pa\u00eds en forma particular o en gestiones propias de su cargo; y la visa de cortes\u00eda se otorgan en pasaportes ordinarios a aquellos funcionarios diplom\u00e1ticos o gubernamentales y sus familiares que viajen al pa\u00eds con esta clase de pasaportes, en igual sentido se otorgan visas de cortes\u00eda a personalidades distinguidas y a sus familiares.\" \/>\n<meta name=\"robots\" content=\"index, follow, max-snippet:-1, max-image-preview:large, max-video-preview:-1\" \/>\n<link rel=\"canonical\" href=\"https:\/\/nld.mirex.gob.do\/consular\/amsterdam\/visas-diplomaticas-oficiales-y-de-cortesia\/\" \/>\n<meta property=\"og:locale\" content=\"en_US\" \/>\n<meta property=\"og:type\" content=\"article\" \/>\n<meta property=\"og:title\" content=\"Visas Diplom\u00e1ticas (Dm) Oficiales (OS, OM) Y de Cortes\u00eda (CS, CM): - Consulado General de la Rep\u00fablica Dominicana en La Haya, Reino de los Pa\u00edses Bajos\" \/>\n<meta property=\"og:description\" content=\"Las visas diplom\u00e1ticas se otorgan a miembros y familiares de misiones diplom\u00e1ticas y consulares, incluyendo a miembros de organismos internacionales; las visas oficiales se otorgan a funcionarios gubernamentales y\/o de organismos internacionales y sus familiares poseedores de pasaportes oficiales que viajen al pa\u00eds en forma particular o en gestiones propias de su cargo; y la visa de cortes\u00eda se otorgan en pasaportes ordinarios a aquellos funcionarios diplom\u00e1ticos o gubernamentales y sus familiares que viajen al pa\u00eds con esta clase de pasaportes, en igual sentido se otorgan visas de cortes\u00eda a personalidades distinguidas y a sus familiares.\" \/>\n<meta property=\"og:url\" content=\"https:\/\/nld.mirex.gob.do\/consular\/amsterdam\/visas-diplomaticas-oficiales-y-de-cortesia\/\" \/>\n<meta property=\"og:site_name\" content=\"Consulado General de la Rep\u00fablica Dominicana en La Haya, Reino de los Pa\u00edses Bajos\" \/>\n<meta property=\"article:published_time\" content=\"2015-02-12T21:07:20+00:00\" \/>\n<meta name=\"author\" content=\"Michael Antonio Melo Andujar\" \/>\n<meta name=\"twitter:card\" content=\"summary_large_image\" \/>\n<meta name=\"twitter:label1\" content=\"Written by\" \/>\n\t<meta name=\"twitter:data1\" content=\"Michael Antonio Melo Andujar\" \/>\n\t<meta name=\"twitter:label2\" content=\"Est. reading time\" \/>\n\t<meta name=\"twitter:data2\" content=\"1 minute\" \/>\n<script type=\"application\/ld+json\" class=\"yoast-schema-graph\">{\"@context\":\"https:\\\/\\\/schema.org\",\"@graph\":[{\"@type\":\"Article\",\"@id\":\"https:\\\/\\\/nld.mirex.gob.do\\\/consular\\\/amsterdam\\\/visas-diplomaticas-oficiales-y-de-cortesia\\\/#article\",\"isPartOf\":{\"@id\":\"https:\\\/\\\/nld.mirex.gob.do\\\/consular\\\/amsterdam\\\/visas-diplomaticas-oficiales-y-de-cortesia\\\/\"},\"author\":{\"name\":\"Michael Antonio Melo Andujar\",\"@id\":\"https:\\\/\\\/nld.mirex.gob.do\\\/consular\\\/amsterdam\\\/#\\\/schema\\\/person\\\/772a9951ade6a7e4ab978b618b619ff8\"},\"headline\":\"Visas Diplom\u00e1ticas (Dm) Oficiales (OS, OM) Y de Cortes\u00eda (CS, CM):\",\"datePublished\":\"2015-02-12T21:07:20+00:00\",\"mainEntityOfPage\":{\"@id\":\"https:\\\/\\\/nld.mirex.gob.do\\\/consular\\\/amsterdam\\\/visas-diplomaticas-oficiales-y-de-cortesia\\\/\"},\"wordCount\":127,\"publisher\":{\"@id\":\"https:\\\/\\\/nld.mirex.gob.do\\\/consular\\\/amsterdam\\\/#organization\"},\"image\":{\"@id\":\"https:\\\/\\\/nld.mirex.gob.do\\\/consular\\\/amsterdam\\\/visas-diplomaticas-oficiales-y-de-cortesia\\\/#primaryimage\"},\"thumbnailUrl\":\"\",\"keywords\":[\"Oficiales y de Cortes\u00eda\",\"Servicio Consular\",\"Visados\",\"Visas Diplom\u00e1ticas\"],\"articleSection\":[\"Servicios Consulares\",\"Visas\"],\"inLanguage\":\"en-US\"},{\"@type\":\"WebPage\",\"@id\":\"https:\\\/\\\/nld.mirex.gob.do\\\/consular\\\/amsterdam\\\/visas-diplomaticas-oficiales-y-de-cortesia\\\/\",\"url\":\"https:\\\/\\\/nld.mirex.gob.do\\\/consular\\\/amsterdam\\\/visas-diplomaticas-oficiales-y-de-cortesia\\\/\",\"name\":\"Visas Diplom\u00e1ticas (Dm) Oficiales (OS, OM) Y de Cortes\u00eda (CS, CM): - Consulado General de la Rep\u00fablica Dominicana en La Haya, Reino de los Pa\u00edses Bajos\",\"isPartOf\":{\"@id\":\"https:\\\/\\\/nld.mirex.gob.do\\\/consular\\\/amsterdam\\\/#website\"},\"primaryImageOfPage\":{\"@id\":\"https:\\\/\\\/nld.mirex.gob.do\\\/consular\\\/amsterdam\\\/visas-diplomaticas-oficiales-y-de-cortesia\\\/#primaryimage\"},\"image\":{\"@id\":\"https:\\\/\\\/nld.mirex.gob.do\\\/consular\\\/amsterdam\\\/visas-diplomaticas-oficiales-y-de-cortesia\\\/#primaryimage\"},\"thumbnailUrl\":\"\",\"datePublished\":\"2015-02-12T21:07:20+00:00\",\"description\":\"Las visas diplom\u00e1ticas se otorgan a miembros y familiares de misiones diplom\u00e1ticas y consulares, incluyendo a miembros de organismos internacionales; las visas oficiales se otorgan a funcionarios gubernamentales y\\\/o de organismos internacionales y sus familiares poseedores de pasaportes oficiales que viajen al pa\u00eds en forma particular o en gestiones propias de su cargo; y la visa de cortes\u00eda se otorgan en pasaportes ordinarios a aquellos funcionarios diplom\u00e1ticos o gubernamentales y sus familiares que viajen al pa\u00eds con esta clase de pasaportes, en igual sentido se otorgan visas de cortes\u00eda a personalidades distinguidas y a sus familiares.\",\"breadcrumb\":{\"@id\":\"https:\\\/\\\/nld.mirex.gob.do\\\/consular\\\/amsterdam\\\/visas-diplomaticas-oficiales-y-de-cortesia\\\/#breadcrumb\"},\"inLanguage\":\"en-US\",\"potentialAction\":[{\"@type\":\"ReadAction\",\"target\":[\"https:\\\/\\\/nld.mirex.gob.do\\\/consular\\\/amsterdam\\\/visas-diplomaticas-oficiales-y-de-cortesia\\\/\"]}]},{\"@type\":\"ImageObject\",\"inLanguage\":\"en-US\",\"@id\":\"https:\\\/\\\/nld.mirex.gob.do\\\/consular\\\/amsterdam\\\/visas-diplomaticas-oficiales-y-de-cortesia\\\/#primaryimage\",\"url\":\"\",\"contentUrl\":\"\"},{\"@type\":\"BreadcrumbList\",\"@id\":\"https:\\\/\\\/nld.mirex.gob.do\\\/consular\\\/amsterdam\\\/visas-diplomaticas-oficiales-y-de-cortesia\\\/#breadcrumb\",\"itemListElement\":[{\"@type\":\"ListItem\",\"position\":1,\"name\":\"Inicio\",\"item\":\"https:\\\/\\\/nld.mirex.gob.do\\\/consular\\\/amsterdam\\\/\"},{\"@type\":\"ListItem\",\"position\":2,\"name\":\"Visas Diplom\u00e1ticas (Dm) Oficiales (OS, OM) Y de Cortes\u00eda (CS, CM):\"}]},{\"@type\":\"WebSite\",\"@id\":\"https:\\\/\\\/nld.mirex.gob.do\\\/consular\\\/amsterdam\\\/#website\",\"url\":\"https:\\\/\\\/nld.mirex.gob.do\\\/consular\\\/amsterdam\\\/\",\"name\":\"Consulado General de la Rep\u00fablica Dominicana en La Haya, Reino de los Pa\u00edses Bajos\",\"description\":\"\",\"publisher\":{\"@id\":\"https:\\\/\\\/nld.mirex.gob.do\\\/consular\\\/amsterdam\\\/#organization\"},\"potentialAction\":[{\"@type\":\"SearchAction\",\"target\":{\"@type\":\"EntryPoint\",\"urlTemplate\":\"https:\\\/\\\/nld.mirex.gob.do\\\/consular\\\/amsterdam\\\/?s={search_term_string}\"},\"query-input\":{\"@type\":\"PropertyValueSpecification\",\"valueRequired\":true,\"valueName\":\"search_term_string\"}}],\"inLanguage\":\"en-US\"},{\"@type\":\"Organization\",\"@id\":\"https:\\\/\\\/nld.mirex.gob.do\\\/consular\\\/amsterdam\\\/#organization\",\"name\":\"Consulado General de la Rep\u00fablica Dominicana en La Haya, Reino de los Pa\u00edses Bajos\",\"url\":\"https:\\\/\\\/nld.mirex.gob.do\\\/consular\\\/amsterdam\\\/\",\"logo\":{\"@type\":\"ImageObject\",\"inLanguage\":\"en-US\",\"@id\":\"https:\\\/\\\/nld.mirex.gob.do\\\/consular\\\/amsterdam\\\/#\\\/schema\\\/logo\\\/image\\\/\",\"url\":\"https:\\\/\\\/nld.mirex.gob.do\\\/consular\\\/amsterdam\\\/wp-content\\\/uploads\\\/2024\\\/04\\\/cropped-consulado_la_haya_reinode_los_Paises_Bajos.jpg\",\"contentUrl\":\"https:\\\/\\\/nld.mirex.gob.do\\\/consular\\\/amsterdam\\\/wp-content\\\/uploads\\\/2024\\\/04\\\/cropped-consulado_la_haya_reinode_los_Paises_Bajos.jpg\",\"width\":999,\"height\":407,\"caption\":\"Consulado General de la Rep\u00fablica Dominicana en La Haya, Reino de los Pa\u00edses Bajos\"},\"image\":{\"@id\":\"https:\\\/\\\/nld.mirex.gob.do\\\/consular\\\/amsterdam\\\/#\\\/schema\\\/logo\\\/image\\\/\"}},{\"@type\":\"Person\",\"@id\":\"https:\\\/\\\/nld.mirex.gob.do\\\/consular\\\/amsterdam\\\/#\\\/schema\\\/person\\\/772a9951ade6a7e4ab978b618b619ff8\",\"name\":\"Michael Antonio Melo Andujar\",\"image\":{\"@type\":\"ImageObject\",\"inLanguage\":\"en-US\",\"@id\":\"https:\\\/\\\/secure.gravatar.com\\\/avatar\\\/f8862d24b6945a30d30c9727ef9dfcd533ee25a18a27afc92991446aeb0e652d?s=96&d=mm&r=g\",\"url\":\"https:\\\/\\\/secure.gravatar.com\\\/avatar\\\/f8862d24b6945a30d30c9727ef9dfcd533ee25a18a27afc92991446aeb0e652d?s=96&d=mm&r=g\",\"contentUrl\":\"https:\\\/\\\/secure.gravatar.com\\\/avatar\\\/f8862d24b6945a30d30c9727ef9dfcd533ee25a18a27afc92991446aeb0e652d?s=96&d=mm&r=g\",\"caption\":\"Michael Antonio Melo Andujar\"}}]}<\/script>\n<!-- \/ Yoast SEO plugin. -->","yoast_head_json":{"title":"Visas Diplom\u00e1ticas (Dm) Oficiales (OS, OM) Y de Cortes\u00eda (CS, CM): - Consulado General de la Rep\u00fablica Dominicana en La Haya, Reino de los Pa\u00edses Bajos","description":"Las visas diplom\u00e1ticas se otorgan a miembros y familiares de misiones diplom\u00e1ticas y consulares, incluyendo a miembros de organismos internacionales; las visas oficiales se otorgan a funcionarios gubernamentales y\/o de organismos internacionales y sus familiares poseedores de pasaportes oficiales que viajen al pa\u00eds en forma particular o en gestiones propias de su cargo; y la visa de cortes\u00eda se otorgan en pasaportes ordinarios a aquellos funcionarios diplom\u00e1ticos o gubernamentales y sus familiares que viajen al pa\u00eds con esta clase de pasaportes, en igual sentido se otorgan visas de cortes\u00eda a personalidades distinguidas y a sus familiares.","robots":{"index":"index","follow":"follow","max-snippet":"max-snippet:-1","max-image-preview":"max-image-preview:large","max-video-preview":"max-video-preview:-1"},"canonical":"https:\/\/nld.mirex.gob.do\/consular\/amsterdam\/visas-diplomaticas-oficiales-y-de-cortesia\/","og_locale":"en_US","og_type":"article","og_title":"Visas Diplom\u00e1ticas (Dm) Oficiales (OS, OM) Y de Cortes\u00eda (CS, CM): - Consulado General de la Rep\u00fablica Dominicana en La Haya, Reino de los Pa\u00edses Bajos","og_description":"Las visas diplom\u00e1ticas se otorgan a miembros y familiares de misiones diplom\u00e1ticas y consulares, incluyendo a miembros de organismos internacionales; las visas oficiales se otorgan a funcionarios gubernamentales y\/o de organismos internacionales y sus familiares poseedores de pasaportes oficiales que viajen al pa\u00eds en forma particular o en gestiones propias de su cargo; y la visa de cortes\u00eda se otorgan en pasaportes ordinarios a aquellos funcionarios diplom\u00e1ticos o gubernamentales y sus familiares que viajen al pa\u00eds con esta clase de pasaportes, en igual sentido se otorgan visas de cortes\u00eda a personalidades distinguidas y a sus familiares.","og_url":"https:\/\/nld.mirex.gob.do\/consular\/amsterdam\/visas-diplomaticas-oficiales-y-de-cortesia\/","og_site_name":"Consulado General de la Rep\u00fablica Dominicana en La Haya, Reino de los Pa\u00edses Bajos","article_published_time":"2015-02-12T21:07:20+00:00","author":"Michael Antonio Melo Andujar","twitter_card":"summary_large_image","twitter_misc":{"Written by":"Michael Antonio Melo Andujar","Est. reading time":"1 minute"},"schema":{"@context":"https:\/\/schema.org","@graph":[{"@type":"Article","@id":"https:\/\/nld.mirex.gob.do\/consular\/amsterdam\/visas-diplomaticas-oficiales-y-de-cortesia\/#article","isPartOf":{"@id":"https:\/\/nld.mirex.gob.do\/consular\/amsterdam\/visas-diplomaticas-oficiales-y-de-cortesia\/"},"author":{"name":"Michael Antonio Melo Andujar","@id":"https:\/\/nld.mirex.gob.do\/consular\/amsterdam\/#\/schema\/person\/772a9951ade6a7e4ab978b618b619ff8"},"headline":"Visas Diplom\u00e1ticas (Dm) Oficiales (OS, OM) Y de Cortes\u00eda (CS, CM):","datePublished":"2015-02-12T21:07:20+00:00","mainEntityOfPage":{"@id":"https:\/\/nld.mirex.gob.do\/consular\/amsterdam\/visas-diplomaticas-oficiales-y-de-cortesia\/"},"wordCount":127,"publisher":{"@id":"https:\/\/nld.mirex.gob.do\/consular\/amsterdam\/#organization"},"image":{"@id":"https:\/\/nld.mirex.gob.do\/consular\/amsterdam\/visas-diplomaticas-oficiales-y-de-cortesia\/#primaryimage"},"thumbnailUrl":"","keywords":["Oficiales y de Cortes\u00eda","Servicio Consular","Visados","Visas Diplom\u00e1ticas"],"articleSection":["Servicios Consulares","Visas"],"inLanguage":"en-US"},{"@type":"WebPage","@id":"https:\/\/nld.mirex.gob.do\/consular\/amsterdam\/visas-diplomaticas-oficiales-y-de-cortesia\/","url":"https:\/\/nld.mirex.gob.do\/consular\/amsterdam\/visas-diplomaticas-oficiales-y-de-cortesia\/","name":"Visas Diplom\u00e1ticas (Dm) Oficiales (OS, OM) Y de Cortes\u00eda (CS, CM): - Consulado General de la Rep\u00fablica Dominicana en La Haya, Reino de los Pa\u00edses Bajos","isPartOf":{"@id":"https:\/\/nld.mirex.gob.do\/consular\/amsterdam\/#website"},"primaryImageOfPage":{"@id":"https:\/\/nld.mirex.gob.do\/consular\/amsterdam\/visas-diplomaticas-oficiales-y-de-cortesia\/#primaryimage"},"image":{"@id":"https:\/\/nld.mirex.gob.do\/consular\/amsterdam\/visas-diplomaticas-oficiales-y-de-cortesia\/#primaryimage"},"thumbnailUrl":"","datePublished":"2015-02-12T21:07:20+00:00","description":"Las visas diplom\u00e1ticas se otorgan a miembros y familiares de misiones diplom\u00e1ticas y consulares, incluyendo a miembros de organismos internacionales; las visas oficiales se otorgan a funcionarios gubernamentales y\/o de organismos internacionales y sus familiares poseedores de pasaportes oficiales que viajen al pa\u00eds en forma particular o en gestiones propias de su cargo; y la visa de cortes\u00eda se otorgan en pasaportes ordinarios a aquellos funcionarios diplom\u00e1ticos o gubernamentales y sus familiares que viajen al pa\u00eds con esta clase de pasaportes, en igual sentido se otorgan visas de cortes\u00eda a personalidades distinguidas y a sus familiares.","breadcrumb":{"@id":"https:\/\/nld.mirex.gob.do\/consular\/amsterdam\/visas-diplomaticas-oficiales-y-de-cortesia\/#breadcrumb"},"inLanguage":"en-US","potentialAction":[{"@type":"ReadAction","target":["https:\/\/nld.mirex.gob.do\/consular\/amsterdam\/visas-diplomaticas-oficiales-y-de-cortesia\/"]}]},{"@type":"ImageObject","inLanguage":"en-US","@id":"https:\/\/nld.mirex.gob.do\/consular\/amsterdam\/visas-diplomaticas-oficiales-y-de-cortesia\/#primaryimage","url":"","contentUrl":""},{"@type":"BreadcrumbList","@id":"https:\/\/nld.mirex.gob.do\/consular\/amsterdam\/visas-diplomaticas-oficiales-y-de-cortesia\/#breadcrumb","itemListElement":[{"@type":"ListItem","position":1,"name":"Inicio","item":"https:\/\/nld.mirex.gob.do\/consular\/amsterdam\/"},{"@type":"ListItem","position":2,"name":"Visas Diplom\u00e1ticas (Dm) Oficiales (OS, OM) Y de Cortes\u00eda (CS, CM):"}]},{"@type":"WebSite","@id":"https:\/\/nld.mirex.gob.do\/consular\/amsterdam\/#website","url":"https:\/\/nld.mirex.gob.do\/consular\/amsterdam\/","name":"Consulado General de la Rep\u00fablica Dominicana en La Haya, Reino de los Pa\u00edses Bajos","description":"","publisher":{"@id":"https:\/\/nld.mirex.gob.do\/consular\/amsterdam\/#organization"},"potentialAction":[{"@type":"SearchAction","target":{"@type":"EntryPoint","urlTemplate":"https:\/\/nld.mirex.gob.do\/consular\/amsterdam\/?s={search_term_string}"},"query-input":{"@type":"PropertyValueSpecification","valueRequired":true,"valueName":"search_term_string"}}],"inLanguage":"en-US"},{"@type":"Organization","@id":"https:\/\/nld.mirex.gob.do\/consular\/amsterdam\/#organization","name":"Consulado General de la Rep\u00fablica Dominicana en La Haya, Reino de los Pa\u00edses Bajos","url":"https:\/\/nld.mirex.gob.do\/consular\/amsterdam\/","logo":{"@type":"ImageObject","inLanguage":"en-US","@id":"https:\/\/nld.mirex.gob.do\/consular\/amsterdam\/#\/schema\/logo\/image\/","url":"https:\/\/nld.mirex.gob.do\/consular\/amsterdam\/wp-content\/uploads\/2024\/04\/cropped-consulado_la_haya_reinode_los_Paises_Bajos.jpg","contentUrl":"https:\/\/nld.mirex.gob.do\/consular\/amsterdam\/wp-content\/uploads\/2024\/04\/cropped-consulado_la_haya_reinode_los_Paises_Bajos.jpg","width":999,"height":407,"caption":"Consulado General de la Rep\u00fablica Dominicana en La Haya, Reino de los Pa\u00edses Bajos"},"image":{"@id":"https:\/\/nld.mirex.gob.do\/consular\/amsterdam\/#\/schema\/logo\/image\/"}},{"@type":"Person","@id":"https:\/\/nld.mirex.gob.do\/consular\/amsterdam\/#\/schema\/person\/772a9951ade6a7e4ab978b618b619ff8","name":"Michael Antonio Melo Andujar","image":{"@type":"ImageObject","inLanguage":"en-US","@id":"https:\/\/secure.gravatar.com\/avatar\/f8862d24b6945a30d30c9727ef9dfcd533ee25a18a27afc92991446aeb0e652d?s=96&d=mm&r=g","url":"https:\/\/secure.gravatar.com\/avatar\/f8862d24b6945a30d30c9727ef9dfcd533ee25a18a27afc92991446aeb0e652d?s=96&d=mm&r=g","contentUrl":"https:\/\/secure.gravatar.com\/avatar\/f8862d24b6945a30d30c9727ef9dfcd533ee25a18a27afc92991446aeb0e652d?s=96&d=mm&r=g","caption":"Michael Antonio Melo Andujar"}}]}},"_links":{"self":[{"href":"https:\/\/nld.mirex.gob.do\/consular\/amsterdam\/wp-json\/wp\/v2\/posts\/850","targetHints":{"allow":["GET"]}}],"collection":[{"href":"https:\/\/nld.mirex.gob.do\/consular\/amsterdam\/wp-json\/wp\/v2\/posts"}],"about":[{"href":"https:\/\/nld.mirex.gob.do\/consular\/amsterdam\/wp-json\/wp\/v2\/types\/post"}],"author":[{"embeddable":true,"href":"https:\/\/nld.mirex.gob.do\/consular\/amsterdam\/wp-json\/wp\/v2\/users\/8"}],"replies":[{"embeddable":true,"href":"https:\/\/nld.mirex.gob.do\/consular\/amsterdam\/wp-json\/wp\/v2\/comments?post=850"}],"version-history":[{"count":0,"href":"https:\/\/nld.mirex.gob.do\/consular\/amsterdam\/wp-json\/wp\/v2\/posts\/850\/revisions"}],"wp:featuredmedia":[{"embeddable":true,"href":"https:\/\/nld.mirex.gob.do\/consular\/amsterdam\/wp-json\/"}],"wp:attachment":[{"href":"https:\/\/nld.mirex.gob.do\/consular\/amsterdam\/wp-json\/wp\/v2\/media?parent=850"}],"wp:term":[{"taxonomy":"category","embeddable":true,"href":"https:\/\/nld.mirex.gob.do\/consular\/amsterdam\/wp-json\/wp\/v2\/categories?post=850"},{"taxonomy":"post_tag","embeddable":true,"href":"https:\/\/nld.mirex.gob.do\/consular\/amsterdam\/wp-json\/wp\/v2\/tags?post=850"}],"curies":[{"name":"wp","href":"https:\/\/api.w.org\/{rel}","templated":true}]}}