{"id":6532,"date":"2024-08-19T18:25:13","date_gmt":"2024-08-19T18:25:13","guid":{"rendered":"https:\/\/nld.mirex.gob.do\/consular\/amsterdam\/?p=6532"},"modified":"2024-08-19T18:25:13","modified_gmt":"2024-08-19T18:25:13","slug":"sr-luis-quezada-ramirez-nuevo-encargado-de-la-oficina-de-servicio-exterior-de-la-junta-central-electoral-ose-holanda","status":"publish","type":"post","link":"https:\/\/nld.mirex.gob.do\/consular\/amsterdam\/sr-luis-quezada-ramirez-nuevo-encargado-de-la-oficina-de-servicio-exterior-de-la-junta-central-electoral-ose-holanda\/","title":{"rendered":"Sr. Luis Quezada Ram\u00edrez, nuevo encargado de la Oficina de Servicio Exterior de la Junta Central Electoral OSE-Holanda"},"content":{"rendered":"<p>El Sr. Juan Bautista Dur\u00e1n, Embajador Extraordinario y Plenipotenciario de la Rep\u00fablica Dominicana ante el Reino de los Pa\u00edses Bajos y nuestra C\u00f3nsul General, Yoselin Garc\u00eda Rodr\u00edguez, estuvieron d\u00e1ndole la bienvenida al Sr. Luis Quezada Ram\u00edrez, nuevo encargado de la Oficina de Servicio Exterior de la Junta Central Electoral OSE-Holanda.<\/p>\n<p><img fetchpriority=\"high\" decoding=\"async\" class=\"alignnone size-medium wp-image-6535\" src=\"https:\/\/nld.mirex.gob.do\/consular\/amsterdam\/wp-content\/uploads\/2024\/08\/PHOTO-2024-08-19-11-49-39-3-300x288.jpg\" alt=\"\" width=\"300\" height=\"288\" srcset=\"https:\/\/nld.mirex.gob.do\/consular\/amsterdam\/wp-content\/uploads\/2024\/08\/PHOTO-2024-08-19-11-49-39-3-300x288.jpg 300w, https:\/\/nld.mirex.gob.do\/consular\/amsterdam\/wp-content\/uploads\/2024\/08\/PHOTO-2024-08-19-11-49-39-3-1024x981.jpg 1024w, https:\/\/nld.mirex.gob.do\/consular\/amsterdam\/wp-content\/uploads\/2024\/08\/PHOTO-2024-08-19-11-49-39-3-768x736.jpg 768w, https:\/\/nld.mirex.gob.do\/consular\/amsterdam\/wp-content\/uploads\/2024\/08\/PHOTO-2024-08-19-11-49-39-3.jpg 1250w\" sizes=\"(max-width: 300px) 100vw, 300px\" \/>\u00a0<img decoding=\"async\" class=\"alignnone size-medium wp-image-6534\" src=\"https:\/\/nld.mirex.gob.do\/consular\/amsterdam\/wp-content\/uploads\/2024\/08\/PHOTO-2024-08-19-11-49-39-2-300x290.jpg\" alt=\"\" width=\"300\" height=\"290\" srcset=\"https:\/\/nld.mirex.gob.do\/consular\/amsterdam\/wp-content\/uploads\/2024\/08\/PHOTO-2024-08-19-11-49-39-2-300x290.jpg 300w, https:\/\/nld.mirex.gob.do\/consular\/amsterdam\/wp-content\/uploads\/2024\/08\/PHOTO-2024-08-19-11-49-39-2-1024x991.jpg 1024w, https:\/\/nld.mirex.gob.do\/consular\/amsterdam\/wp-content\/uploads\/2024\/08\/PHOTO-2024-08-19-11-49-39-2-768x744.jpg 768w, https:\/\/nld.mirex.gob.do\/consular\/amsterdam\/wp-content\/uploads\/2024\/08\/PHOTO-2024-08-19-11-49-39-2.jpg 1227w\" sizes=\"(max-width: 300px) 100vw, 300px\" \/><img decoding=\"async\" class=\"alignnone size-medium wp-image-6536\" style=\"font-style: inherit;\" src=\"https:\/\/nld.mirex.gob.do\/consular\/amsterdam\/wp-content\/uploads\/2024\/08\/PHOTO-2024-08-19-11-49-39-300x283.jpg\" alt=\"\" width=\"300\" height=\"283\" srcset=\"https:\/\/nld.mirex.gob.do\/consular\/amsterdam\/wp-content\/uploads\/2024\/08\/PHOTO-2024-08-19-11-49-39-300x283.jpg 300w, https:\/\/nld.mirex.gob.do\/consular\/amsterdam\/wp-content\/uploads\/2024\/08\/PHOTO-2024-08-19-11-49-39-1024x966.jpg 1024w, https:\/\/nld.mirex.gob.do\/consular\/amsterdam\/wp-content\/uploads\/2024\/08\/PHOTO-2024-08-19-11-49-39-768x724.jpg 768w, https:\/\/nld.mirex.gob.do\/consular\/amsterdam\/wp-content\/uploads\/2024\/08\/PHOTO-2024-08-19-11-49-39.jpg 1264w\" sizes=\"(max-width: 300px) 100vw, 300px\" \/><\/p>\n","protected":false},"excerpt":{"rendered":"<p>El Sr. Juan Bautista Dur\u00e1n, Embajador Extraordinario y Plenipotenciario de la Rep\u00fablica Dominicana ante el Reino de los Pa\u00edses Bajos y nuestra C\u00f3nsul General, Yoselin Garc\u00eda Rodr\u00edguez, estuvieron d\u00e1ndole la bienvenida al Sr. Luis Quezada Ram\u00edrez, nuevo encargado de la Oficina de Servicio Exterior de la Junta Central Electoral OSE-Holanda. \u00a0<\/p>\n","protected":false},"author":8,"featured_media":0,"comment_status":"closed","ping_status":"open","sticky":false,"template":"","format":"standard","meta":{"site-sidebar-layout":"default","site-content-layout":"","ast-site-content-layout":"default","site-content-style":"default","site-sidebar-style":"default","ast-global-header-display":"","ast-banner-title-visibility":"","ast-main-header-display":"","ast-hfb-above-header-display":"","ast-hfb-below-header-display":"","ast-hfb-mobile-header-display":"","site-post-title":"","ast-breadcrumbs-content":"","ast-featured-img":"","footer-sml-layout":"","ast-disable-related-posts":"","theme-transparent-header-meta":"default","adv-header-id-meta":"","stick-header-meta":"","header-above-stick-meta":"","header-main-stick-meta":"","header-below-stick-meta":"","astra-migrate-meta-layouts":"set","ast-page-background-enabled":"default","ast-page-background-meta":{"desktop":{"background-color":"","background-image":"","background-repeat":"repeat","background-position":"center center","background-size":"auto","background-attachment":"scroll","background-type":"","background-media":"","overlay-type":"","overlay-color":"","overlay-opacity":"","overlay-gradient":""},"tablet":{"background-color":"","background-image":"","background-repeat":"repeat","background-position":"center center","background-size":"auto","background-attachment":"scroll","background-type":"","background-media":"","overlay-type":"","overlay-color":"","overlay-opacity":"","overlay-gradient":""},"mobile":{"background-color":"","background-image":"","background-repeat":"repeat","background-position":"center center","background-size":"auto","background-attachment":"scroll","background-type":"","background-media":"","overlay-type":"","overlay-color":"","overlay-opacity":"","overlay-gradient":""}},"ast-content-background-meta":{"desktop":{"background-color":"var(--ast-global-color-5)","background-image":"","background-repeat":"repeat","background-position":"center center","background-size":"auto","background-attachment":"scroll","background-type":"","background-media":"","overlay-type":"","overlay-color":"","overlay-opacity":"","overlay-gradient":""},"tablet":{"background-color":"var(--ast-global-color-5)","background-image":"","background-repeat":"repeat","background-position":"center center","background-size":"auto","background-attachment":"scroll","background-type":"","background-media":"","overlay-type":"","overlay-color":"","overlay-opacity":"","overlay-gradient":""},"mobile":{"background-color":"var(--ast-global-color-5)","background-image":"","background-repeat":"repeat","background-position":"center center","background-size":"auto","background-attachment":"scroll","background-type":"","background-media":"","overlay-type":"","overlay-color":"","overlay-opacity":"","overlay-gradient":""}},"footnotes":""},"categories":[5],"tags":[],"class_list":["post-6532","post","type-post","status-publish","format-standard","hentry","category-noticias"],"yoast_head":"<!-- This site is optimized with the Yoast SEO plugin v27.4 - https:\/\/yoast.com\/product\/yoast-seo-wordpress\/ -->\n<title>Sr. Luis Quezada Ram\u00edrez, nuevo encargado de la Oficina de Servicio Exterior de la Junta Central Electoral OSE-Holanda - Consulado General de la Rep\u00fablica Dominicana en La Haya, Reino de los Pa\u00edses Bajos<\/title>\n<meta name=\"robots\" content=\"index, follow, max-snippet:-1, max-image-preview:large, max-video-preview:-1\" \/>\n<link rel=\"canonical\" href=\"https:\/\/nld.mirex.gob.do\/consular\/amsterdam\/sr-luis-quezada-ramirez-nuevo-encargado-de-la-oficina-de-servicio-exterior-de-la-junta-central-electoral-ose-holanda\/\" \/>\n<meta property=\"og:locale\" content=\"en_US\" \/>\n<meta property=\"og:type\" content=\"article\" \/>\n<meta property=\"og:title\" content=\"Sr. Luis Quezada Ram\u00edrez, nuevo encargado de la Oficina de Servicio Exterior de la Junta Central Electoral OSE-Holanda - Consulado General de la Rep\u00fablica Dominicana en La Haya, Reino de los Pa\u00edses Bajos\" \/>\n<meta property=\"og:description\" content=\"El Sr. Juan Bautista Dur\u00e1n, Embajador Extraordinario y Plenipotenciario de la Rep\u00fablica Dominicana ante el Reino de los Pa\u00edses Bajos y nuestra C\u00f3nsul General, Yoselin Garc\u00eda Rodr\u00edguez, estuvieron d\u00e1ndole la bienvenida al Sr. Luis Quezada Ram\u00edrez, nuevo encargado de la Oficina de Servicio Exterior de la Junta Central Electoral OSE-Holanda. \u00a0\" \/>\n<meta property=\"og:url\" content=\"https:\/\/nld.mirex.gob.do\/consular\/amsterdam\/sr-luis-quezada-ramirez-nuevo-encargado-de-la-oficina-de-servicio-exterior-de-la-junta-central-electoral-ose-holanda\/\" \/>\n<meta property=\"og:site_name\" content=\"Consulado General de la Rep\u00fablica Dominicana en La Haya, Reino de los Pa\u00edses Bajos\" \/>\n<meta property=\"article:published_time\" content=\"2024-08-19T18:25:13+00:00\" \/>\n<meta property=\"og:image\" content=\"https:\/\/nld.mirex.gob.do\/consular\/amsterdam\/wp-content\/uploads\/2024\/08\/PHOTO-2024-08-19-11-49-39-3-300x288.jpg\" \/>\n<meta name=\"author\" content=\"Michael Antonio Melo Andujar\" \/>\n<meta name=\"twitter:card\" content=\"summary_large_image\" \/>\n<meta name=\"twitter:label1\" content=\"Written by\" \/>\n\t<meta name=\"twitter:data1\" content=\"Michael Antonio Melo Andujar\" \/>\n\t<meta name=\"twitter:label2\" content=\"Est. reading time\" \/>\n\t<meta name=\"twitter:data2\" content=\"1 minute\" \/>\n<script type=\"application\/ld+json\" class=\"yoast-schema-graph\">{\"@context\":\"https:\\\/\\\/schema.org\",\"@graph\":[{\"@type\":\"Article\",\"@id\":\"https:\\\/\\\/nld.mirex.gob.do\\\/consular\\\/amsterdam\\\/sr-luis-quezada-ramirez-nuevo-encargado-de-la-oficina-de-servicio-exterior-de-la-junta-central-electoral-ose-holanda\\\/#article\",\"isPartOf\":{\"@id\":\"https:\\\/\\\/nld.mirex.gob.do\\\/consular\\\/amsterdam\\\/sr-luis-quezada-ramirez-nuevo-encargado-de-la-oficina-de-servicio-exterior-de-la-junta-central-electoral-ose-holanda\\\/\"},\"author\":{\"name\":\"Michael Antonio Melo Andujar\",\"@id\":\"https:\\\/\\\/nld.mirex.gob.do\\\/consular\\\/amsterdam\\\/#\\\/schema\\\/person\\\/772a9951ade6a7e4ab978b618b619ff8\"},\"headline\":\"Sr. Luis Quezada Ram\u00edrez, nuevo encargado de la Oficina de Servicio Exterior de la Junta Central Electoral OSE-Holanda\",\"datePublished\":\"2024-08-19T18:25:13+00:00\",\"mainEntityOfPage\":{\"@id\":\"https:\\\/\\\/nld.mirex.gob.do\\\/consular\\\/amsterdam\\\/sr-luis-quezada-ramirez-nuevo-encargado-de-la-oficina-de-servicio-exterior-de-la-junta-central-electoral-ose-holanda\\\/\"},\"wordCount\":77,\"publisher\":{\"@id\":\"https:\\\/\\\/nld.mirex.gob.do\\\/consular\\\/amsterdam\\\/#organization\"},\"image\":{\"@id\":\"https:\\\/\\\/nld.mirex.gob.do\\\/consular\\\/amsterdam\\\/sr-luis-quezada-ramirez-nuevo-encargado-de-la-oficina-de-servicio-exterior-de-la-junta-central-electoral-ose-holanda\\\/#primaryimage\"},\"thumbnailUrl\":\"https:\\\/\\\/nld.mirex.gob.do\\\/consular\\\/amsterdam\\\/wp-content\\\/uploads\\\/2024\\\/08\\\/PHOTO-2024-08-19-11-49-39-3-300x288.jpg\",\"articleSection\":[\"Noticias\"],\"inLanguage\":\"en-US\"},{\"@type\":\"WebPage\",\"@id\":\"https:\\\/\\\/nld.mirex.gob.do\\\/consular\\\/amsterdam\\\/sr-luis-quezada-ramirez-nuevo-encargado-de-la-oficina-de-servicio-exterior-de-la-junta-central-electoral-ose-holanda\\\/\",\"url\":\"https:\\\/\\\/nld.mirex.gob.do\\\/consular\\\/amsterdam\\\/sr-luis-quezada-ramirez-nuevo-encargado-de-la-oficina-de-servicio-exterior-de-la-junta-central-electoral-ose-holanda\\\/\",\"name\":\"Sr. Luis Quezada Ram\u00edrez, nuevo encargado de la Oficina de Servicio Exterior de la Junta Central Electoral OSE-Holanda - Consulado General de la Rep\u00fablica Dominicana en La Haya, Reino de los Pa\u00edses Bajos\",\"isPartOf\":{\"@id\":\"https:\\\/\\\/nld.mirex.gob.do\\\/consular\\\/amsterdam\\\/#website\"},\"primaryImageOfPage\":{\"@id\":\"https:\\\/\\\/nld.mirex.gob.do\\\/consular\\\/amsterdam\\\/sr-luis-quezada-ramirez-nuevo-encargado-de-la-oficina-de-servicio-exterior-de-la-junta-central-electoral-ose-holanda\\\/#primaryimage\"},\"image\":{\"@id\":\"https:\\\/\\\/nld.mirex.gob.do\\\/consular\\\/amsterdam\\\/sr-luis-quezada-ramirez-nuevo-encargado-de-la-oficina-de-servicio-exterior-de-la-junta-central-electoral-ose-holanda\\\/#primaryimage\"},\"thumbnailUrl\":\"https:\\\/\\\/nld.mirex.gob.do\\\/consular\\\/amsterdam\\\/wp-content\\\/uploads\\\/2024\\\/08\\\/PHOTO-2024-08-19-11-49-39-3-300x288.jpg\",\"datePublished\":\"2024-08-19T18:25:13+00:00\",\"breadcrumb\":{\"@id\":\"https:\\\/\\\/nld.mirex.gob.do\\\/consular\\\/amsterdam\\\/sr-luis-quezada-ramirez-nuevo-encargado-de-la-oficina-de-servicio-exterior-de-la-junta-central-electoral-ose-holanda\\\/#breadcrumb\"},\"inLanguage\":\"en-US\",\"potentialAction\":[{\"@type\":\"ReadAction\",\"target\":[\"https:\\\/\\\/nld.mirex.gob.do\\\/consular\\\/amsterdam\\\/sr-luis-quezada-ramirez-nuevo-encargado-de-la-oficina-de-servicio-exterior-de-la-junta-central-electoral-ose-holanda\\\/\"]}]},{\"@type\":\"ImageObject\",\"inLanguage\":\"en-US\",\"@id\":\"https:\\\/\\\/nld.mirex.gob.do\\\/consular\\\/amsterdam\\\/sr-luis-quezada-ramirez-nuevo-encargado-de-la-oficina-de-servicio-exterior-de-la-junta-central-electoral-ose-holanda\\\/#primaryimage\",\"url\":\"https:\\\/\\\/nld.mirex.gob.do\\\/consular\\\/amsterdam\\\/wp-content\\\/uploads\\\/2024\\\/08\\\/PHOTO-2024-08-19-11-49-39-3.jpg\",\"contentUrl\":\"https:\\\/\\\/nld.mirex.gob.do\\\/consular\\\/amsterdam\\\/wp-content\\\/uploads\\\/2024\\\/08\\\/PHOTO-2024-08-19-11-49-39-3.jpg\",\"width\":1250,\"height\":1198},{\"@type\":\"BreadcrumbList\",\"@id\":\"https:\\\/\\\/nld.mirex.gob.do\\\/consular\\\/amsterdam\\\/sr-luis-quezada-ramirez-nuevo-encargado-de-la-oficina-de-servicio-exterior-de-la-junta-central-electoral-ose-holanda\\\/#breadcrumb\",\"itemListElement\":[{\"@type\":\"ListItem\",\"position\":1,\"name\":\"Inicio\",\"item\":\"https:\\\/\\\/nld.mirex.gob.do\\\/consular\\\/amsterdam\\\/\"},{\"@type\":\"ListItem\",\"position\":2,\"name\":\"Sr. Luis Quezada Ram\u00edrez, nuevo encargado de la Oficina de Servicio Exterior de la Junta Central Electoral OSE-Holanda\"}]},{\"@type\":\"WebSite\",\"@id\":\"https:\\\/\\\/nld.mirex.gob.do\\\/consular\\\/amsterdam\\\/#website\",\"url\":\"https:\\\/\\\/nld.mirex.gob.do\\\/consular\\\/amsterdam\\\/\",\"name\":\"Consulado General de la Rep\u00fablica Dominicana en La Haya, Reino de los Pa\u00edses Bajos\",\"description\":\"\",\"publisher\":{\"@id\":\"https:\\\/\\\/nld.mirex.gob.do\\\/consular\\\/amsterdam\\\/#organization\"},\"potentialAction\":[{\"@type\":\"SearchAction\",\"target\":{\"@type\":\"EntryPoint\",\"urlTemplate\":\"https:\\\/\\\/nld.mirex.gob.do\\\/consular\\\/amsterdam\\\/?s={search_term_string}\"},\"query-input\":{\"@type\":\"PropertyValueSpecification\",\"valueRequired\":true,\"valueName\":\"search_term_string\"}}],\"inLanguage\":\"en-US\"},{\"@type\":\"Organization\",\"@id\":\"https:\\\/\\\/nld.mirex.gob.do\\\/consular\\\/amsterdam\\\/#organization\",\"name\":\"Consulado General de la Rep\u00fablica Dominicana en La Haya, Reino de los Pa\u00edses Bajos\",\"url\":\"https:\\\/\\\/nld.mirex.gob.do\\\/consular\\\/amsterdam\\\/\",\"logo\":{\"@type\":\"ImageObject\",\"inLanguage\":\"en-US\",\"@id\":\"https:\\\/\\\/nld.mirex.gob.do\\\/consular\\\/amsterdam\\\/#\\\/schema\\\/logo\\\/image\\\/\",\"url\":\"https:\\\/\\\/nld.mirex.gob.do\\\/consular\\\/amsterdam\\\/wp-content\\\/uploads\\\/2024\\\/04\\\/cropped-consulado_la_haya_reinode_los_Paises_Bajos.jpg\",\"contentUrl\":\"https:\\\/\\\/nld.mirex.gob.do\\\/consular\\\/amsterdam\\\/wp-content\\\/uploads\\\/2024\\\/04\\\/cropped-consulado_la_haya_reinode_los_Paises_Bajos.jpg\",\"width\":999,\"height\":407,\"caption\":\"Consulado General de la Rep\u00fablica Dominicana en La Haya, Reino de los Pa\u00edses Bajos\"},\"image\":{\"@id\":\"https:\\\/\\\/nld.mirex.gob.do\\\/consular\\\/amsterdam\\\/#\\\/schema\\\/logo\\\/image\\\/\"}},{\"@type\":\"Person\",\"@id\":\"https:\\\/\\\/nld.mirex.gob.do\\\/consular\\\/amsterdam\\\/#\\\/schema\\\/person\\\/772a9951ade6a7e4ab978b618b619ff8\",\"name\":\"Michael Antonio Melo Andujar\",\"image\":{\"@type\":\"ImageObject\",\"inLanguage\":\"en-US\",\"@id\":\"https:\\\/\\\/secure.gravatar.com\\\/avatar\\\/f8862d24b6945a30d30c9727ef9dfcd533ee25a18a27afc92991446aeb0e652d?s=96&d=mm&r=g\",\"url\":\"https:\\\/\\\/secure.gravatar.com\\\/avatar\\\/f8862d24b6945a30d30c9727ef9dfcd533ee25a18a27afc92991446aeb0e652d?s=96&d=mm&r=g\",\"contentUrl\":\"https:\\\/\\\/secure.gravatar.com\\\/avatar\\\/f8862d24b6945a30d30c9727ef9dfcd533ee25a18a27afc92991446aeb0e652d?s=96&d=mm&r=g\",\"caption\":\"Michael Antonio Melo Andujar\"}}]}<\/script>\n<!-- \/ Yoast SEO plugin. -->","yoast_head_json":{"title":"Sr. Luis Quezada Ram\u00edrez, nuevo encargado de la Oficina de Servicio Exterior de la Junta Central Electoral OSE-Holanda - Consulado General de la Rep\u00fablica Dominicana en La Haya, Reino de los Pa\u00edses Bajos","robots":{"index":"index","follow":"follow","max-snippet":"max-snippet:-1","max-image-preview":"max-image-preview:large","max-video-preview":"max-video-preview:-1"},"canonical":"https:\/\/nld.mirex.gob.do\/consular\/amsterdam\/sr-luis-quezada-ramirez-nuevo-encargado-de-la-oficina-de-servicio-exterior-de-la-junta-central-electoral-ose-holanda\/","og_locale":"en_US","og_type":"article","og_title":"Sr. Luis Quezada Ram\u00edrez, nuevo encargado de la Oficina de Servicio Exterior de la Junta Central Electoral OSE-Holanda - Consulado General de la Rep\u00fablica Dominicana en La Haya, Reino de los Pa\u00edses Bajos","og_description":"El Sr. Juan Bautista Dur\u00e1n, Embajador Extraordinario y Plenipotenciario de la Rep\u00fablica Dominicana ante el Reino de los Pa\u00edses Bajos y nuestra C\u00f3nsul General, Yoselin Garc\u00eda Rodr\u00edguez, estuvieron d\u00e1ndole la bienvenida al Sr. Luis Quezada Ram\u00edrez, nuevo encargado de la Oficina de Servicio Exterior de la Junta Central Electoral OSE-Holanda. \u00a0","og_url":"https:\/\/nld.mirex.gob.do\/consular\/amsterdam\/sr-luis-quezada-ramirez-nuevo-encargado-de-la-oficina-de-servicio-exterior-de-la-junta-central-electoral-ose-holanda\/","og_site_name":"Consulado General de la Rep\u00fablica Dominicana en La Haya, Reino de los Pa\u00edses Bajos","article_published_time":"2024-08-19T18:25:13+00:00","og_image":[{"url":"https:\/\/nld.mirex.gob.do\/consular\/amsterdam\/wp-content\/uploads\/2024\/08\/PHOTO-2024-08-19-11-49-39-3-300x288.jpg","type":"","width":"","height":""}],"author":"Michael Antonio Melo Andujar","twitter_card":"summary_large_image","twitter_misc":{"Written by":"Michael Antonio Melo Andujar","Est. reading time":"1 minute"},"schema":{"@context":"https:\/\/schema.org","@graph":[{"@type":"Article","@id":"https:\/\/nld.mirex.gob.do\/consular\/amsterdam\/sr-luis-quezada-ramirez-nuevo-encargado-de-la-oficina-de-servicio-exterior-de-la-junta-central-electoral-ose-holanda\/#article","isPartOf":{"@id":"https:\/\/nld.mirex.gob.do\/consular\/amsterdam\/sr-luis-quezada-ramirez-nuevo-encargado-de-la-oficina-de-servicio-exterior-de-la-junta-central-electoral-ose-holanda\/"},"author":{"name":"Michael Antonio Melo Andujar","@id":"https:\/\/nld.mirex.gob.do\/consular\/amsterdam\/#\/schema\/person\/772a9951ade6a7e4ab978b618b619ff8"},"headline":"Sr. Luis Quezada Ram\u00edrez, nuevo encargado de la Oficina de Servicio Exterior de la Junta Central Electoral OSE-Holanda","datePublished":"2024-08-19T18:25:13+00:00","mainEntityOfPage":{"@id":"https:\/\/nld.mirex.gob.do\/consular\/amsterdam\/sr-luis-quezada-ramirez-nuevo-encargado-de-la-oficina-de-servicio-exterior-de-la-junta-central-electoral-ose-holanda\/"},"wordCount":77,"publisher":{"@id":"https:\/\/nld.mirex.gob.do\/consular\/amsterdam\/#organization"},"image":{"@id":"https:\/\/nld.mirex.gob.do\/consular\/amsterdam\/sr-luis-quezada-ramirez-nuevo-encargado-de-la-oficina-de-servicio-exterior-de-la-junta-central-electoral-ose-holanda\/#primaryimage"},"thumbnailUrl":"https:\/\/nld.mirex.gob.do\/consular\/amsterdam\/wp-content\/uploads\/2024\/08\/PHOTO-2024-08-19-11-49-39-3-300x288.jpg","articleSection":["Noticias"],"inLanguage":"en-US"},{"@type":"WebPage","@id":"https:\/\/nld.mirex.gob.do\/consular\/amsterdam\/sr-luis-quezada-ramirez-nuevo-encargado-de-la-oficina-de-servicio-exterior-de-la-junta-central-electoral-ose-holanda\/","url":"https:\/\/nld.mirex.gob.do\/consular\/amsterdam\/sr-luis-quezada-ramirez-nuevo-encargado-de-la-oficina-de-servicio-exterior-de-la-junta-central-electoral-ose-holanda\/","name":"Sr. Luis Quezada Ram\u00edrez, nuevo encargado de la Oficina de Servicio Exterior de la Junta Central Electoral OSE-Holanda - Consulado General de la Rep\u00fablica Dominicana en La Haya, Reino de los Pa\u00edses Bajos","isPartOf":{"@id":"https:\/\/nld.mirex.gob.do\/consular\/amsterdam\/#website"},"primaryImageOfPage":{"@id":"https:\/\/nld.mirex.gob.do\/consular\/amsterdam\/sr-luis-quezada-ramirez-nuevo-encargado-de-la-oficina-de-servicio-exterior-de-la-junta-central-electoral-ose-holanda\/#primaryimage"},"image":{"@id":"https:\/\/nld.mirex.gob.do\/consular\/amsterdam\/sr-luis-quezada-ramirez-nuevo-encargado-de-la-oficina-de-servicio-exterior-de-la-junta-central-electoral-ose-holanda\/#primaryimage"},"thumbnailUrl":"https:\/\/nld.mirex.gob.do\/consular\/amsterdam\/wp-content\/uploads\/2024\/08\/PHOTO-2024-08-19-11-49-39-3-300x288.jpg","datePublished":"2024-08-19T18:25:13+00:00","breadcrumb":{"@id":"https:\/\/nld.mirex.gob.do\/consular\/amsterdam\/sr-luis-quezada-ramirez-nuevo-encargado-de-la-oficina-de-servicio-exterior-de-la-junta-central-electoral-ose-holanda\/#breadcrumb"},"inLanguage":"en-US","potentialAction":[{"@type":"ReadAction","target":["https:\/\/nld.mirex.gob.do\/consular\/amsterdam\/sr-luis-quezada-ramirez-nuevo-encargado-de-la-oficina-de-servicio-exterior-de-la-junta-central-electoral-ose-holanda\/"]}]},{"@type":"ImageObject","inLanguage":"en-US","@id":"https:\/\/nld.mirex.gob.do\/consular\/amsterdam\/sr-luis-quezada-ramirez-nuevo-encargado-de-la-oficina-de-servicio-exterior-de-la-junta-central-electoral-ose-holanda\/#primaryimage","url":"https:\/\/nld.mirex.gob.do\/consular\/amsterdam\/wp-content\/uploads\/2024\/08\/PHOTO-2024-08-19-11-49-39-3.jpg","contentUrl":"https:\/\/nld.mirex.gob.do\/consular\/amsterdam\/wp-content\/uploads\/2024\/08\/PHOTO-2024-08-19-11-49-39-3.jpg","width":1250,"height":1198},{"@type":"BreadcrumbList","@id":"https:\/\/nld.mirex.gob.do\/consular\/amsterdam\/sr-luis-quezada-ramirez-nuevo-encargado-de-la-oficina-de-servicio-exterior-de-la-junta-central-electoral-ose-holanda\/#breadcrumb","itemListElement":[{"@type":"ListItem","position":1,"name":"Inicio","item":"https:\/\/nld.mirex.gob.do\/consular\/amsterdam\/"},{"@type":"ListItem","position":2,"name":"Sr. Luis Quezada Ram\u00edrez, nuevo encargado de la Oficina de Servicio Exterior de la Junta Central Electoral OSE-Holanda"}]},{"@type":"WebSite","@id":"https:\/\/nld.mirex.gob.do\/consular\/amsterdam\/#website","url":"https:\/\/nld.mirex.gob.do\/consular\/amsterdam\/","name":"Consulado General de la Rep\u00fablica Dominicana en La Haya, Reino de los Pa\u00edses Bajos","description":"","publisher":{"@id":"https:\/\/nld.mirex.gob.do\/consular\/amsterdam\/#organization"},"potentialAction":[{"@type":"SearchAction","target":{"@type":"EntryPoint","urlTemplate":"https:\/\/nld.mirex.gob.do\/consular\/amsterdam\/?s={search_term_string}"},"query-input":{"@type":"PropertyValueSpecification","valueRequired":true,"valueName":"search_term_string"}}],"inLanguage":"en-US"},{"@type":"Organization","@id":"https:\/\/nld.mirex.gob.do\/consular\/amsterdam\/#organization","name":"Consulado General de la Rep\u00fablica Dominicana en La Haya, Reino de los Pa\u00edses Bajos","url":"https:\/\/nld.mirex.gob.do\/consular\/amsterdam\/","logo":{"@type":"ImageObject","inLanguage":"en-US","@id":"https:\/\/nld.mirex.gob.do\/consular\/amsterdam\/#\/schema\/logo\/image\/","url":"https:\/\/nld.mirex.gob.do\/consular\/amsterdam\/wp-content\/uploads\/2024\/04\/cropped-consulado_la_haya_reinode_los_Paises_Bajos.jpg","contentUrl":"https:\/\/nld.mirex.gob.do\/consular\/amsterdam\/wp-content\/uploads\/2024\/04\/cropped-consulado_la_haya_reinode_los_Paises_Bajos.jpg","width":999,"height":407,"caption":"Consulado General de la Rep\u00fablica Dominicana en La Haya, Reino de los Pa\u00edses Bajos"},"image":{"@id":"https:\/\/nld.mirex.gob.do\/consular\/amsterdam\/#\/schema\/logo\/image\/"}},{"@type":"Person","@id":"https:\/\/nld.mirex.gob.do\/consular\/amsterdam\/#\/schema\/person\/772a9951ade6a7e4ab978b618b619ff8","name":"Michael Antonio Melo Andujar","image":{"@type":"ImageObject","inLanguage":"en-US","@id":"https:\/\/secure.gravatar.com\/avatar\/f8862d24b6945a30d30c9727ef9dfcd533ee25a18a27afc92991446aeb0e652d?s=96&d=mm&r=g","url":"https:\/\/secure.gravatar.com\/avatar\/f8862d24b6945a30d30c9727ef9dfcd533ee25a18a27afc92991446aeb0e652d?s=96&d=mm&r=g","contentUrl":"https:\/\/secure.gravatar.com\/avatar\/f8862d24b6945a30d30c9727ef9dfcd533ee25a18a27afc92991446aeb0e652d?s=96&d=mm&r=g","caption":"Michael Antonio Melo Andujar"}}]}},"_links":{"self":[{"href":"https:\/\/nld.mirex.gob.do\/consular\/amsterdam\/wp-json\/wp\/v2\/posts\/6532","targetHints":{"allow":["GET"]}}],"collection":[{"href":"https:\/\/nld.mirex.gob.do\/consular\/amsterdam\/wp-json\/wp\/v2\/posts"}],"about":[{"href":"https:\/\/nld.mirex.gob.do\/consular\/amsterdam\/wp-json\/wp\/v2\/types\/post"}],"author":[{"embeddable":true,"href":"https:\/\/nld.mirex.gob.do\/consular\/amsterdam\/wp-json\/wp\/v2\/users\/8"}],"replies":[{"embeddable":true,"href":"https:\/\/nld.mirex.gob.do\/consular\/amsterdam\/wp-json\/wp\/v2\/comments?post=6532"}],"version-history":[{"count":1,"href":"https:\/\/nld.mirex.gob.do\/consular\/amsterdam\/wp-json\/wp\/v2\/posts\/6532\/revisions"}],"predecessor-version":[{"id":6537,"href":"https:\/\/nld.mirex.gob.do\/consular\/amsterdam\/wp-json\/wp\/v2\/posts\/6532\/revisions\/6537"}],"wp:attachment":[{"href":"https:\/\/nld.mirex.gob.do\/consular\/amsterdam\/wp-json\/wp\/v2\/media?parent=6532"}],"wp:term":[{"taxonomy":"category","embeddable":true,"href":"https:\/\/nld.mirex.gob.do\/consular\/amsterdam\/wp-json\/wp\/v2\/categories?post=6532"},{"taxonomy":"post_tag","embeddable":true,"href":"https:\/\/nld.mirex.gob.do\/consular\/amsterdam\/wp-json\/wp\/v2\/tags?post=6532"}],"curies":[{"name":"wp","href":"https:\/\/api.w.org\/{rel}","templated":true}]}}