{"id":6460,"date":"2023-11-20T13:29:11","date_gmt":"2023-11-20T13:29:11","guid":{"rendered":"https:\/\/www.consuladordholanda.com\/?p=6138"},"modified":"2023-11-20T13:29:11","modified_gmt":"2023-11-20T13:29:11","slug":"6138-2","status":"publish","type":"post","link":"https:\/\/nld.mirex.gob.do\/consular\/amsterdam\/6138-2\/","title":{"rendered":"Dominicano destacado en el Reino de Belgica"},"content":{"rendered":"<p><img fetchpriority=\"high\" decoding=\"async\" class=\"alignnone size-full wp-image-6139\" src=\"https:\/\/www.consuladordholanda.com\/wp-content\/uploads\/2023\/11\/WhatsApp-Image-2023-11-08-at-13.59.32.jpeg\" alt=\"\" width=\"400\" height=\"400\"><\/p>\n<p>28 de septiembre 2023, Leuven, Reino de B\u00e9lgica.<\/p>\n<p>&nbsp;<\/p>\n<p>Doctor Dominicano en Ciencias Sociales por universidad belga propone hoja de ruta para reducci\u00f3n de desastres y emergencias en Rep\u00fablica Dominicana y el Caribe.<\/p>\n<p>&nbsp;<\/p>\n<p>El investigador Gregorio Antonio Rosario Michel es el primer dominicano en ser proclamado con el t\u00edtulo de Doctor en Ciencias Sociales del Instituto de Gobernanza P\u00fablica de la Universidad KU LEUVEN en el Reino de B\u00e9lgica, el pasado 28 de septiembre de 2023.<\/p>\n<p>&nbsp;<\/p>\n<p>El doctor Gregorio Rosario ha publicado sus investigaciones en revistas especializadas con prestigio mundial sobre la problem\u00e1tica de la gobernanza del dato para la reducci\u00f3n del riesgo de desastres y emergencias en nuestras comunidades. La Rep\u00fablica Dominicana y la regi\u00f3n del Caribe representan los estados insulares en desarrollo con mayor nivel de exposici\u00f3n a fen\u00f3menos de desastres y a los efectos del cambio clim\u00e1tico, incluyendo los huracanes, sequ\u00edas y terremotos.<\/p>\n<p>&nbsp;<\/p>\n<p>Destac\u00f3 que cerca del 80 por ciento de la toma de decisiones en situaciones de riesgos y emergencias est\u00e1n basadas en el conocimiento del territorio a trav\u00e9s de la geolocalizaci\u00f3n. Explic\u00f3 que la gobernanza de los datos geolocalizados, implica la correcta estandarizaci\u00f3n de calidad, disponibilidad de metadatos, comunicaci\u00f3n efectiva entre los servicios de emergencias, participaci\u00f3n activa de las comunidades locales, sector privado y organizaciones no gubernamentales, acceso a informaci\u00f3n p\u00fablica y el entrenamiento de personal. Este conjunto de acciones facilita la generaci\u00f3n de una visi\u00f3n operativa com\u00fan del territorio para la toma de decisiones y reducir riesgos de p\u00e9rdidas humanas y econ\u00f3micas ante desastres.<\/p>\n<p>&nbsp;<\/p>\n<p>El trabajo del doctor Rosario ofrece una hoja de ruta para el desarrollo de mecanismos regionales de cooperaci\u00f3n multilateral y el intercambio de recursos geoespaciales entre tomadores de decisi\u00f3n y agencias de respuesta a emergencias en la regi\u00f3n del Caribe y otros peque\u00f1os estados insulares en desarrollo alrededor del mundo, incluyendo otros impactos de tipo global (como la adaptaci\u00f3n al cambio clim\u00e1tico).<\/p>\n<p>&nbsp;<\/p>\n<p>La construcci\u00f3n de redes para el trabajo colaborativo y en tiempo real, transformaci\u00f3n digital de procesos de recolecci\u00f3n de datos, acuerdos p\u00fablicos \u2013 privados, y la formaci\u00f3n de actores locales, forman parte de la hoja de ruta para el fortalecimiento de los equipos de mapeo de emergencias.<\/p>\n<p>&nbsp;<\/p>\n<p>Gregorio Rosario realiz\u00f3 sus estudios de ingenier\u00eda electromec\u00e1nica en la Universidad Aut\u00f3noma de Santo Domingo (1996-2001) y alcanz\u00f3 su grado de maestr\u00eda en Telecomunicaciones en el periodo 2003-2005. Realiz\u00f3 m\u00faltiples estudios de especializaci\u00f3n a nivel internacional, incluyendo una maestr\u00eda en Geotecnolog\u00edas Cartogr\u00e1ficas en la Universidad de Salamanca, Espa\u00f1a, y una Maestr\u00eda en Geom\u00e1tica, en la Cheng Kung University (NCKU), Taiw\u00e1n. Este dominicano, oriundo del Ensanche Ozama, Santo Domingo Este, ha sido profesor invitado en diversas universidades extranjeras: Universidad Complutense de Madrid, Universidad Polit\u00e9cnica de Puerto Rico y la Universidad Latina de Panam\u00e1.<\/p>\n<p>&nbsp;<\/p>\n<p>Ha sido investigador principal y gestor de proyectos de investigaci\u00f3n en materia energ\u00e9tica y de gobernanza de tecnolog\u00eda de informaci\u00f3n y comunicaci\u00f3n, financiados por el Fondo Nacional de Innovaci\u00f3n y Desarrollo Cient\u00edfico y Tecnol\u00f3gico (FONDOCYT) del Ministerio de Educaci\u00f3n Superior, Ciencia y Tecnolog\u00eda (MESCYT). Ha prestado sus servicios como director de planificaci\u00f3n y desarrollo institucional de la Defensa Civil Dominicana y encargado de tecnolog\u00eda de informaci\u00f3n y comunicaci\u00f3n en el Servicio Geol\u00f3gico Nacional.<\/p>\n","protected":false},"excerpt":{"rendered":"<p>28 de septiembre 2023, Leuven, Reino de B\u00e9lgica. &nbsp; Doctor Dominicano en Ciencias Sociales por universidad belga propone hoja de ruta para reducci\u00f3n de desastres y emergencias en Rep\u00fablica Dominicana y el Caribe. &nbsp; El investigador Gregorio Antonio Rosario Michel es el primer dominicano en ser proclamado con el t\u00edtulo de Doctor en Ciencias Sociales [&hellip;]<\/p>\n","protected":false},"author":8,"featured_media":0,"comment_status":"closed","ping_status":"open","sticky":false,"template":"","format":"standard","meta":{"site-sidebar-layout":"default","site-content-layout":"","ast-site-content-layout":"default","site-content-style":"default","site-sidebar-style":"default","ast-global-header-display":"","ast-banner-title-visibility":"","ast-main-header-display":"","ast-hfb-above-header-display":"","ast-hfb-below-header-display":"","ast-hfb-mobile-header-display":"","site-post-title":"","ast-breadcrumbs-content":"","ast-featured-img":"","footer-sml-layout":"","ast-disable-related-posts":"","theme-transparent-header-meta":"","adv-header-id-meta":"","stick-header-meta":"","header-above-stick-meta":"","header-main-stick-meta":"","header-below-stick-meta":"","astra-migrate-meta-layouts":"default","ast-page-background-enabled":"default","ast-page-background-meta":{"desktop":{"background-color":"","background-image":"","background-repeat":"repeat","background-position":"center center","background-size":"auto","background-attachment":"scroll","background-type":"","background-media":"","overlay-type":"","overlay-color":"","overlay-opacity":"","overlay-gradient":""},"tablet":{"background-color":"","background-image":"","background-repeat":"repeat","background-position":"center center","background-size":"auto","background-attachment":"scroll","background-type":"","background-media":"","overlay-type":"","overlay-color":"","overlay-opacity":"","overlay-gradient":""},"mobile":{"background-color":"","background-image":"","background-repeat":"repeat","background-position":"center center","background-size":"auto","background-attachment":"scroll","background-type":"","background-media":"","overlay-type":"","overlay-color":"","overlay-opacity":"","overlay-gradient":""}},"ast-content-background-meta":{"desktop":{"background-color":"var(--ast-global-color-5)","background-image":"","background-repeat":"repeat","background-position":"center center","background-size":"auto","background-attachment":"scroll","background-type":"","background-media":"","overlay-type":"","overlay-color":"","overlay-opacity":"","overlay-gradient":""},"tablet":{"background-color":"var(--ast-global-color-5)","background-image":"","background-repeat":"repeat","background-position":"center center","background-size":"auto","background-attachment":"scroll","background-type":"","background-media":"","overlay-type":"","overlay-color":"","overlay-opacity":"","overlay-gradient":""},"mobile":{"background-color":"var(--ast-global-color-5)","background-image":"","background-repeat":"repeat","background-position":"center center","background-size":"auto","background-attachment":"scroll","background-type":"","background-media":"","overlay-type":"","overlay-color":"","overlay-opacity":"","overlay-gradient":""}},"footnotes":""},"categories":[60],"tags":[],"class_list":["post-6460","post","type-post","status-publish","format-standard","hentry","category-sin-categoria"],"yoast_head":"<!-- This site is optimized with the Yoast SEO plugin v27.4 - https:\/\/yoast.com\/product\/yoast-seo-wordpress\/ -->\n<title>Dominicano destacado en el Reino de Belgica - Consulado General de la Rep\u00fablica Dominicana en La Haya, Reino de los Pa\u00edses Bajos<\/title>\n<meta name=\"robots\" content=\"index, follow, max-snippet:-1, max-image-preview:large, max-video-preview:-1\" \/>\n<link rel=\"canonical\" href=\"https:\/\/nld.mirex.gob.do\/consular\/amsterdam\/6138-2\/\" \/>\n<meta property=\"og:locale\" content=\"en_US\" \/>\n<meta property=\"og:type\" content=\"article\" \/>\n<meta property=\"og:title\" content=\"Dominicano destacado en el Reino de Belgica - Consulado General de la Rep\u00fablica Dominicana en La Haya, Reino de los Pa\u00edses Bajos\" \/>\n<meta property=\"og:description\" content=\"28 de septiembre 2023, Leuven, Reino de B\u00e9lgica. &nbsp; Doctor Dominicano en Ciencias Sociales por universidad belga propone hoja de ruta para reducci\u00f3n de desastres y emergencias en Rep\u00fablica Dominicana y el Caribe. &nbsp; El investigador Gregorio Antonio Rosario Michel es el primer dominicano en ser proclamado con el t\u00edtulo de Doctor en Ciencias Sociales [&hellip;]\" \/>\n<meta property=\"og:url\" content=\"https:\/\/nld.mirex.gob.do\/consular\/amsterdam\/6138-2\/\" \/>\n<meta property=\"og:site_name\" content=\"Consulado General de la Rep\u00fablica Dominicana en La Haya, Reino de los Pa\u00edses Bajos\" \/>\n<meta property=\"article:published_time\" content=\"2023-11-20T13:29:11+00:00\" \/>\n<meta property=\"og:image\" content=\"https:\/\/www.consuladordholanda.com\/wp-content\/uploads\/2023\/11\/WhatsApp-Image-2023-11-08-at-13.59.32.jpeg\" \/>\n<meta name=\"author\" content=\"Michael Antonio Melo Andujar\" \/>\n<meta name=\"twitter:card\" content=\"summary_large_image\" \/>\n<meta name=\"twitter:label1\" content=\"Written by\" \/>\n\t<meta name=\"twitter:data1\" content=\"Michael Antonio Melo Andujar\" \/>\n\t<meta name=\"twitter:label2\" content=\"Est. reading time\" \/>\n\t<meta name=\"twitter:data2\" content=\"3 minutes\" \/>\n<script type=\"application\/ld+json\" class=\"yoast-schema-graph\">{\"@context\":\"https:\\\/\\\/schema.org\",\"@graph\":[{\"@type\":\"Article\",\"@id\":\"https:\\\/\\\/nld.mirex.gob.do\\\/consular\\\/amsterdam\\\/6138-2\\\/#article\",\"isPartOf\":{\"@id\":\"https:\\\/\\\/nld.mirex.gob.do\\\/consular\\\/amsterdam\\\/6138-2\\\/\"},\"author\":{\"name\":\"Michael Antonio Melo Andujar\",\"@id\":\"https:\\\/\\\/nld.mirex.gob.do\\\/consular\\\/amsterdam\\\/#\\\/schema\\\/person\\\/772a9951ade6a7e4ab978b618b619ff8\"},\"headline\":\"Dominicano destacado en el Reino de Belgica\",\"datePublished\":\"2023-11-20T13:29:11+00:00\",\"mainEntityOfPage\":{\"@id\":\"https:\\\/\\\/nld.mirex.gob.do\\\/consular\\\/amsterdam\\\/6138-2\\\/\"},\"wordCount\":599,\"publisher\":{\"@id\":\"https:\\\/\\\/nld.mirex.gob.do\\\/consular\\\/amsterdam\\\/#organization\"},\"image\":{\"@id\":\"https:\\\/\\\/nld.mirex.gob.do\\\/consular\\\/amsterdam\\\/6138-2\\\/#primaryimage\"},\"thumbnailUrl\":\"https:\\\/\\\/www.consuladordholanda.com\\\/wp-content\\\/uploads\\\/2023\\\/11\\\/WhatsApp-Image-2023-11-08-at-13.59.32.jpeg\",\"articleSection\":[\"Sin categor\u00eda\"],\"inLanguage\":\"en-US\"},{\"@type\":\"WebPage\",\"@id\":\"https:\\\/\\\/nld.mirex.gob.do\\\/consular\\\/amsterdam\\\/6138-2\\\/\",\"url\":\"https:\\\/\\\/nld.mirex.gob.do\\\/consular\\\/amsterdam\\\/6138-2\\\/\",\"name\":\"Dominicano destacado en el Reino de Belgica - Consulado General de la Rep\u00fablica Dominicana en La Haya, Reino de los Pa\u00edses Bajos\",\"isPartOf\":{\"@id\":\"https:\\\/\\\/nld.mirex.gob.do\\\/consular\\\/amsterdam\\\/#website\"},\"primaryImageOfPage\":{\"@id\":\"https:\\\/\\\/nld.mirex.gob.do\\\/consular\\\/amsterdam\\\/6138-2\\\/#primaryimage\"},\"image\":{\"@id\":\"https:\\\/\\\/nld.mirex.gob.do\\\/consular\\\/amsterdam\\\/6138-2\\\/#primaryimage\"},\"thumbnailUrl\":\"https:\\\/\\\/www.consuladordholanda.com\\\/wp-content\\\/uploads\\\/2023\\\/11\\\/WhatsApp-Image-2023-11-08-at-13.59.32.jpeg\",\"datePublished\":\"2023-11-20T13:29:11+00:00\",\"breadcrumb\":{\"@id\":\"https:\\\/\\\/nld.mirex.gob.do\\\/consular\\\/amsterdam\\\/6138-2\\\/#breadcrumb\"},\"inLanguage\":\"en-US\",\"potentialAction\":[{\"@type\":\"ReadAction\",\"target\":[\"https:\\\/\\\/nld.mirex.gob.do\\\/consular\\\/amsterdam\\\/6138-2\\\/\"]}]},{\"@type\":\"ImageObject\",\"inLanguage\":\"en-US\",\"@id\":\"https:\\\/\\\/nld.mirex.gob.do\\\/consular\\\/amsterdam\\\/6138-2\\\/#primaryimage\",\"url\":\"https:\\\/\\\/www.consuladordholanda.com\\\/wp-content\\\/uploads\\\/2023\\\/11\\\/WhatsApp-Image-2023-11-08-at-13.59.32.jpeg\",\"contentUrl\":\"https:\\\/\\\/www.consuladordholanda.com\\\/wp-content\\\/uploads\\\/2023\\\/11\\\/WhatsApp-Image-2023-11-08-at-13.59.32.jpeg\"},{\"@type\":\"BreadcrumbList\",\"@id\":\"https:\\\/\\\/nld.mirex.gob.do\\\/consular\\\/amsterdam\\\/6138-2\\\/#breadcrumb\",\"itemListElement\":[{\"@type\":\"ListItem\",\"position\":1,\"name\":\"Inicio\",\"item\":\"https:\\\/\\\/nld.mirex.gob.do\\\/consular\\\/amsterdam\\\/\"},{\"@type\":\"ListItem\",\"position\":2,\"name\":\"Dominicano destacado en el Reino de Belgica\"}]},{\"@type\":\"WebSite\",\"@id\":\"https:\\\/\\\/nld.mirex.gob.do\\\/consular\\\/amsterdam\\\/#website\",\"url\":\"https:\\\/\\\/nld.mirex.gob.do\\\/consular\\\/amsterdam\\\/\",\"name\":\"Consulado General de la Rep\u00fablica Dominicana en La Haya, Reino de los Pa\u00edses Bajos\",\"description\":\"\",\"publisher\":{\"@id\":\"https:\\\/\\\/nld.mirex.gob.do\\\/consular\\\/amsterdam\\\/#organization\"},\"potentialAction\":[{\"@type\":\"SearchAction\",\"target\":{\"@type\":\"EntryPoint\",\"urlTemplate\":\"https:\\\/\\\/nld.mirex.gob.do\\\/consular\\\/amsterdam\\\/?s={search_term_string}\"},\"query-input\":{\"@type\":\"PropertyValueSpecification\",\"valueRequired\":true,\"valueName\":\"search_term_string\"}}],\"inLanguage\":\"en-US\"},{\"@type\":\"Organization\",\"@id\":\"https:\\\/\\\/nld.mirex.gob.do\\\/consular\\\/amsterdam\\\/#organization\",\"name\":\"Consulado General de la Rep\u00fablica Dominicana en La Haya, Reino de los Pa\u00edses Bajos\",\"url\":\"https:\\\/\\\/nld.mirex.gob.do\\\/consular\\\/amsterdam\\\/\",\"logo\":{\"@type\":\"ImageObject\",\"inLanguage\":\"en-US\",\"@id\":\"https:\\\/\\\/nld.mirex.gob.do\\\/consular\\\/amsterdam\\\/#\\\/schema\\\/logo\\\/image\\\/\",\"url\":\"https:\\\/\\\/nld.mirex.gob.do\\\/consular\\\/amsterdam\\\/wp-content\\\/uploads\\\/2024\\\/04\\\/cropped-consulado_la_haya_reinode_los_Paises_Bajos.jpg\",\"contentUrl\":\"https:\\\/\\\/nld.mirex.gob.do\\\/consular\\\/amsterdam\\\/wp-content\\\/uploads\\\/2024\\\/04\\\/cropped-consulado_la_haya_reinode_los_Paises_Bajos.jpg\",\"width\":999,\"height\":407,\"caption\":\"Consulado General de la Rep\u00fablica Dominicana en La Haya, Reino de los Pa\u00edses Bajos\"},\"image\":{\"@id\":\"https:\\\/\\\/nld.mirex.gob.do\\\/consular\\\/amsterdam\\\/#\\\/schema\\\/logo\\\/image\\\/\"}},{\"@type\":\"Person\",\"@id\":\"https:\\\/\\\/nld.mirex.gob.do\\\/consular\\\/amsterdam\\\/#\\\/schema\\\/person\\\/772a9951ade6a7e4ab978b618b619ff8\",\"name\":\"Michael Antonio Melo Andujar\",\"image\":{\"@type\":\"ImageObject\",\"inLanguage\":\"en-US\",\"@id\":\"https:\\\/\\\/secure.gravatar.com\\\/avatar\\\/f8862d24b6945a30d30c9727ef9dfcd533ee25a18a27afc92991446aeb0e652d?s=96&d=mm&r=g\",\"url\":\"https:\\\/\\\/secure.gravatar.com\\\/avatar\\\/f8862d24b6945a30d30c9727ef9dfcd533ee25a18a27afc92991446aeb0e652d?s=96&d=mm&r=g\",\"contentUrl\":\"https:\\\/\\\/secure.gravatar.com\\\/avatar\\\/f8862d24b6945a30d30c9727ef9dfcd533ee25a18a27afc92991446aeb0e652d?s=96&d=mm&r=g\",\"caption\":\"Michael Antonio Melo Andujar\"}}]}<\/script>\n<!-- \/ Yoast SEO plugin. -->","yoast_head_json":{"title":"Dominicano destacado en el Reino de Belgica - Consulado General de la Rep\u00fablica Dominicana en La Haya, Reino de los Pa\u00edses Bajos","robots":{"index":"index","follow":"follow","max-snippet":"max-snippet:-1","max-image-preview":"max-image-preview:large","max-video-preview":"max-video-preview:-1"},"canonical":"https:\/\/nld.mirex.gob.do\/consular\/amsterdam\/6138-2\/","og_locale":"en_US","og_type":"article","og_title":"Dominicano destacado en el Reino de Belgica - Consulado General de la Rep\u00fablica Dominicana en La Haya, Reino de los Pa\u00edses Bajos","og_description":"28 de septiembre 2023, Leuven, Reino de B\u00e9lgica. &nbsp; Doctor Dominicano en Ciencias Sociales por universidad belga propone hoja de ruta para reducci\u00f3n de desastres y emergencias en Rep\u00fablica Dominicana y el Caribe. &nbsp; El investigador Gregorio Antonio Rosario Michel es el primer dominicano en ser proclamado con el t\u00edtulo de Doctor en Ciencias Sociales [&hellip;]","og_url":"https:\/\/nld.mirex.gob.do\/consular\/amsterdam\/6138-2\/","og_site_name":"Consulado General de la Rep\u00fablica Dominicana en La Haya, Reino de los Pa\u00edses Bajos","article_published_time":"2023-11-20T13:29:11+00:00","og_image":[{"url":"https:\/\/www.consuladordholanda.com\/wp-content\/uploads\/2023\/11\/WhatsApp-Image-2023-11-08-at-13.59.32.jpeg","type":"","width":"","height":""}],"author":"Michael Antonio Melo Andujar","twitter_card":"summary_large_image","twitter_misc":{"Written by":"Michael Antonio Melo Andujar","Est. reading time":"3 minutes"},"schema":{"@context":"https:\/\/schema.org","@graph":[{"@type":"Article","@id":"https:\/\/nld.mirex.gob.do\/consular\/amsterdam\/6138-2\/#article","isPartOf":{"@id":"https:\/\/nld.mirex.gob.do\/consular\/amsterdam\/6138-2\/"},"author":{"name":"Michael Antonio Melo Andujar","@id":"https:\/\/nld.mirex.gob.do\/consular\/amsterdam\/#\/schema\/person\/772a9951ade6a7e4ab978b618b619ff8"},"headline":"Dominicano destacado en el Reino de Belgica","datePublished":"2023-11-20T13:29:11+00:00","mainEntityOfPage":{"@id":"https:\/\/nld.mirex.gob.do\/consular\/amsterdam\/6138-2\/"},"wordCount":599,"publisher":{"@id":"https:\/\/nld.mirex.gob.do\/consular\/amsterdam\/#organization"},"image":{"@id":"https:\/\/nld.mirex.gob.do\/consular\/amsterdam\/6138-2\/#primaryimage"},"thumbnailUrl":"https:\/\/www.consuladordholanda.com\/wp-content\/uploads\/2023\/11\/WhatsApp-Image-2023-11-08-at-13.59.32.jpeg","articleSection":["Sin categor\u00eda"],"inLanguage":"en-US"},{"@type":"WebPage","@id":"https:\/\/nld.mirex.gob.do\/consular\/amsterdam\/6138-2\/","url":"https:\/\/nld.mirex.gob.do\/consular\/amsterdam\/6138-2\/","name":"Dominicano destacado en el Reino de Belgica - Consulado General de la Rep\u00fablica Dominicana en La Haya, Reino de los Pa\u00edses Bajos","isPartOf":{"@id":"https:\/\/nld.mirex.gob.do\/consular\/amsterdam\/#website"},"primaryImageOfPage":{"@id":"https:\/\/nld.mirex.gob.do\/consular\/amsterdam\/6138-2\/#primaryimage"},"image":{"@id":"https:\/\/nld.mirex.gob.do\/consular\/amsterdam\/6138-2\/#primaryimage"},"thumbnailUrl":"https:\/\/www.consuladordholanda.com\/wp-content\/uploads\/2023\/11\/WhatsApp-Image-2023-11-08-at-13.59.32.jpeg","datePublished":"2023-11-20T13:29:11+00:00","breadcrumb":{"@id":"https:\/\/nld.mirex.gob.do\/consular\/amsterdam\/6138-2\/#breadcrumb"},"inLanguage":"en-US","potentialAction":[{"@type":"ReadAction","target":["https:\/\/nld.mirex.gob.do\/consular\/amsterdam\/6138-2\/"]}]},{"@type":"ImageObject","inLanguage":"en-US","@id":"https:\/\/nld.mirex.gob.do\/consular\/amsterdam\/6138-2\/#primaryimage","url":"https:\/\/www.consuladordholanda.com\/wp-content\/uploads\/2023\/11\/WhatsApp-Image-2023-11-08-at-13.59.32.jpeg","contentUrl":"https:\/\/www.consuladordholanda.com\/wp-content\/uploads\/2023\/11\/WhatsApp-Image-2023-11-08-at-13.59.32.jpeg"},{"@type":"BreadcrumbList","@id":"https:\/\/nld.mirex.gob.do\/consular\/amsterdam\/6138-2\/#breadcrumb","itemListElement":[{"@type":"ListItem","position":1,"name":"Inicio","item":"https:\/\/nld.mirex.gob.do\/consular\/amsterdam\/"},{"@type":"ListItem","position":2,"name":"Dominicano destacado en el Reino de Belgica"}]},{"@type":"WebSite","@id":"https:\/\/nld.mirex.gob.do\/consular\/amsterdam\/#website","url":"https:\/\/nld.mirex.gob.do\/consular\/amsterdam\/","name":"Consulado General de la Rep\u00fablica Dominicana en La Haya, Reino de los Pa\u00edses Bajos","description":"","publisher":{"@id":"https:\/\/nld.mirex.gob.do\/consular\/amsterdam\/#organization"},"potentialAction":[{"@type":"SearchAction","target":{"@type":"EntryPoint","urlTemplate":"https:\/\/nld.mirex.gob.do\/consular\/amsterdam\/?s={search_term_string}"},"query-input":{"@type":"PropertyValueSpecification","valueRequired":true,"valueName":"search_term_string"}}],"inLanguage":"en-US"},{"@type":"Organization","@id":"https:\/\/nld.mirex.gob.do\/consular\/amsterdam\/#organization","name":"Consulado General de la Rep\u00fablica Dominicana en La Haya, Reino de los Pa\u00edses Bajos","url":"https:\/\/nld.mirex.gob.do\/consular\/amsterdam\/","logo":{"@type":"ImageObject","inLanguage":"en-US","@id":"https:\/\/nld.mirex.gob.do\/consular\/amsterdam\/#\/schema\/logo\/image\/","url":"https:\/\/nld.mirex.gob.do\/consular\/amsterdam\/wp-content\/uploads\/2024\/04\/cropped-consulado_la_haya_reinode_los_Paises_Bajos.jpg","contentUrl":"https:\/\/nld.mirex.gob.do\/consular\/amsterdam\/wp-content\/uploads\/2024\/04\/cropped-consulado_la_haya_reinode_los_Paises_Bajos.jpg","width":999,"height":407,"caption":"Consulado General de la Rep\u00fablica Dominicana en La Haya, Reino de los Pa\u00edses Bajos"},"image":{"@id":"https:\/\/nld.mirex.gob.do\/consular\/amsterdam\/#\/schema\/logo\/image\/"}},{"@type":"Person","@id":"https:\/\/nld.mirex.gob.do\/consular\/amsterdam\/#\/schema\/person\/772a9951ade6a7e4ab978b618b619ff8","name":"Michael Antonio Melo Andujar","image":{"@type":"ImageObject","inLanguage":"en-US","@id":"https:\/\/secure.gravatar.com\/avatar\/f8862d24b6945a30d30c9727ef9dfcd533ee25a18a27afc92991446aeb0e652d?s=96&d=mm&r=g","url":"https:\/\/secure.gravatar.com\/avatar\/f8862d24b6945a30d30c9727ef9dfcd533ee25a18a27afc92991446aeb0e652d?s=96&d=mm&r=g","contentUrl":"https:\/\/secure.gravatar.com\/avatar\/f8862d24b6945a30d30c9727ef9dfcd533ee25a18a27afc92991446aeb0e652d?s=96&d=mm&r=g","caption":"Michael Antonio Melo Andujar"}}]}},"_links":{"self":[{"href":"https:\/\/nld.mirex.gob.do\/consular\/amsterdam\/wp-json\/wp\/v2\/posts\/6460","targetHints":{"allow":["GET"]}}],"collection":[{"href":"https:\/\/nld.mirex.gob.do\/consular\/amsterdam\/wp-json\/wp\/v2\/posts"}],"about":[{"href":"https:\/\/nld.mirex.gob.do\/consular\/amsterdam\/wp-json\/wp\/v2\/types\/post"}],"author":[{"embeddable":true,"href":"https:\/\/nld.mirex.gob.do\/consular\/amsterdam\/wp-json\/wp\/v2\/users\/8"}],"replies":[{"embeddable":true,"href":"https:\/\/nld.mirex.gob.do\/consular\/amsterdam\/wp-json\/wp\/v2\/comments?post=6460"}],"version-history":[{"count":0,"href":"https:\/\/nld.mirex.gob.do\/consular\/amsterdam\/wp-json\/wp\/v2\/posts\/6460\/revisions"}],"wp:attachment":[{"href":"https:\/\/nld.mirex.gob.do\/consular\/amsterdam\/wp-json\/wp\/v2\/media?parent=6460"}],"wp:term":[{"taxonomy":"category","embeddable":true,"href":"https:\/\/nld.mirex.gob.do\/consular\/amsterdam\/wp-json\/wp\/v2\/categories?post=6460"},{"taxonomy":"post_tag","embeddable":true,"href":"https:\/\/nld.mirex.gob.do\/consular\/amsterdam\/wp-json\/wp\/v2\/tags?post=6460"}],"curies":[{"name":"wp","href":"https:\/\/api.w.org\/{rel}","templated":true}]}}