{"id":6450,"date":"2022-08-17T11:04:44","date_gmt":"2022-08-17T11:04:44","guid":{"rendered":"https:\/\/www.consuladordholanda.com\/?p=6000"},"modified":"2022-08-17T11:04:44","modified_gmt":"2022-08-17T11:04:44","slug":"la-iglesia-de-dios-es-el-poder-conmemoro-159-aniversario-de-la-restauracion-de-la-republica-dominica","status":"publish","type":"post","link":"https:\/\/nld.mirex.gob.do\/consular\/amsterdam\/la-iglesia-de-dios-es-el-poder-conmemoro-159-aniversario-de-la-restauracion-de-la-republica-dominica\/","title":{"rendered":"La Iglesia De Dios Es El Poder conmemor\u00f3 159 aniversario de la Restauraci\u00f3n de la Rep\u00fablica Dominica"},"content":{"rendered":"<p>&nbsp;<\/p>\n<p>&nbsp;<\/p>\n<p>&nbsp;<\/p>\n<div style=\"width: 1056px;\" class=\"wp-video\"><video class=\"wp-video-shortcode\" id=\"video-6450-1\" width=\"1056\" height=\"1920\" preload=\"metadata\" controls=\"controls\"><source type=\"video\/mp4\" src=\"https:\/\/www.consuladordholanda.com\/wp-content\/uploads\/2022\/08\/InShot_20220817_065103214.mp4?_=1\" \/><a href=\"https:\/\/www.consuladordholanda.com\/wp-content\/uploads\/2022\/08\/InShot_20220817_065103214.mp4\">https:\/\/www.consuladordholanda.com\/wp-content\/uploads\/2022\/08\/InShot_20220817_065103214.mp4<\/a><\/video><\/div>\n<p>&nbsp;<\/p>\n<p>El pasado domingo se conmemor\u00f3 en la iglesia De Dios Es El Poder, el aniversario de la Restauraci\u00f3n de la Rep\u00fablica Dominicana. En el evento se or\u00f3 por la sanidad del Pa\u00eds, la no violencia y feminicidio en RD y por nuestro Presidente. Se resaltaron los valores de la patria y el arraigo cultural a nuestras costumbres.<\/p>\n<p>&nbsp;<\/p>\n<p>Con la bendici\u00f3n de la Pastora Se\u00f1ora Belkys Haars de Lu\u00eds y la presencia de la Se\u00f1ora Yoselin Garc\u00eda Rodr\u00edguez, C\u00f3nsul General en \u00c1msterdam, que particip\u00f3 como invitada en representaci\u00f3n de esta sede consular, compartiendo una c\u00e1lida tarde en compa\u00f1\u00eda de nuestros hermanos dominicanos residentes en Rotterdam.<\/p>\n","protected":false},"excerpt":{"rendered":"<p>&nbsp; &nbsp; &nbsp; &nbsp; El pasado domingo se conmemor\u00f3 en la iglesia De Dios Es El Poder, el aniversario de la Restauraci\u00f3n de la Rep\u00fablica Dominicana. En el evento se or\u00f3 por la sanidad del Pa\u00eds, la no violencia y feminicidio en RD y por nuestro Presidente. Se resaltaron los valores de la patria y [&hellip;]<\/p>\n","protected":false},"author":8,"featured_media":6001,"comment_status":"closed","ping_status":"open","sticky":false,"template":"","format":"standard","meta":{"site-sidebar-layout":"default","site-content-layout":"","ast-site-content-layout":"default","site-content-style":"default","site-sidebar-style":"default","ast-global-header-display":"","ast-banner-title-visibility":"","ast-main-header-display":"","ast-hfb-above-header-display":"","ast-hfb-below-header-display":"","ast-hfb-mobile-header-display":"","site-post-title":"","ast-breadcrumbs-content":"","ast-featured-img":"","footer-sml-layout":"","ast-disable-related-posts":"","theme-transparent-header-meta":"","adv-header-id-meta":"","stick-header-meta":"","header-above-stick-meta":"","header-main-stick-meta":"","header-below-stick-meta":"","astra-migrate-meta-layouts":"default","ast-page-background-enabled":"default","ast-page-background-meta":{"desktop":{"background-color":"","background-image":"","background-repeat":"repeat","background-position":"center center","background-size":"auto","background-attachment":"scroll","background-type":"","background-media":"","overlay-type":"","overlay-color":"","overlay-opacity":"","overlay-gradient":""},"tablet":{"background-color":"","background-image":"","background-repeat":"repeat","background-position":"center center","background-size":"auto","background-attachment":"scroll","background-type":"","background-media":"","overlay-type":"","overlay-color":"","overlay-opacity":"","overlay-gradient":""},"mobile":{"background-color":"","background-image":"","background-repeat":"repeat","background-position":"center center","background-size":"auto","background-attachment":"scroll","background-type":"","background-media":"","overlay-type":"","overlay-color":"","overlay-opacity":"","overlay-gradient":""}},"ast-content-background-meta":{"desktop":{"background-color":"var(--ast-global-color-5)","background-image":"","background-repeat":"repeat","background-position":"center center","background-size":"auto","background-attachment":"scroll","background-type":"","background-media":"","overlay-type":"","overlay-color":"","overlay-opacity":"","overlay-gradient":""},"tablet":{"background-color":"var(--ast-global-color-5)","background-image":"","background-repeat":"repeat","background-position":"center center","background-size":"auto","background-attachment":"scroll","background-type":"","background-media":"","overlay-type":"","overlay-color":"","overlay-opacity":"","overlay-gradient":""},"mobile":{"background-color":"var(--ast-global-color-5)","background-image":"","background-repeat":"repeat","background-position":"center center","background-size":"auto","background-attachment":"scroll","background-type":"","background-media":"","overlay-type":"","overlay-color":"","overlay-opacity":"","overlay-gradient":""}},"footnotes":""},"categories":[101,408],"tags":[],"class_list":["post-6450","post","type-post","status-publish","format-standard","has-post-thumbnail","hentry","category-actividades","category-actividades-en-portada"],"yoast_head":"<!-- This site is optimized with the Yoast SEO plugin v27.4 - https:\/\/yoast.com\/product\/yoast-seo-wordpress\/ -->\n<title>La Iglesia De Dios Es El Poder conmemor\u00f3 159 aniversario de la Restauraci\u00f3n de la Rep\u00fablica Dominica - Consulado General de la Rep\u00fablica Dominicana en La Haya, Reino de los Pa\u00edses Bajos<\/title>\n<meta name=\"robots\" content=\"index, follow, max-snippet:-1, max-image-preview:large, max-video-preview:-1\" \/>\n<link rel=\"canonical\" href=\"https:\/\/nld.mirex.gob.do\/consular\/amsterdam\/la-iglesia-de-dios-es-el-poder-conmemoro-159-aniversario-de-la-restauracion-de-la-republica-dominica\/\" \/>\n<meta property=\"og:locale\" content=\"en_US\" \/>\n<meta property=\"og:type\" content=\"article\" \/>\n<meta property=\"og:title\" content=\"La Iglesia De Dios Es El Poder conmemor\u00f3 159 aniversario de la Restauraci\u00f3n de la Rep\u00fablica Dominica - Consulado General de la Rep\u00fablica Dominicana en La Haya, Reino de los Pa\u00edses Bajos\" \/>\n<meta property=\"og:description\" content=\"&nbsp; &nbsp; &nbsp; &nbsp; El pasado domingo se conmemor\u00f3 en la iglesia De Dios Es El Poder, el aniversario de la Restauraci\u00f3n de la Rep\u00fablica Dominicana. En el evento se or\u00f3 por la sanidad del Pa\u00eds, la no violencia y feminicidio en RD y por nuestro Presidente. Se resaltaron los valores de la patria y [&hellip;]\" \/>\n<meta property=\"og:url\" content=\"https:\/\/nld.mirex.gob.do\/consular\/amsterdam\/la-iglesia-de-dios-es-el-poder-conmemoro-159-aniversario-de-la-restauracion-de-la-republica-dominica\/\" \/>\n<meta property=\"og:site_name\" content=\"Consulado General de la Rep\u00fablica Dominicana en La Haya, Reino de los Pa\u00edses Bajos\" \/>\n<meta property=\"article:published_time\" content=\"2022-08-17T11:04:44+00:00\" \/>\n<meta name=\"author\" content=\"Michael Antonio Melo Andujar\" \/>\n<meta name=\"twitter:card\" content=\"summary_large_image\" \/>\n<meta name=\"twitter:label1\" content=\"Written by\" \/>\n\t<meta name=\"twitter:data1\" content=\"Michael Antonio Melo Andujar\" \/>\n\t<meta name=\"twitter:label2\" content=\"Est. reading time\" \/>\n\t<meta name=\"twitter:data2\" content=\"1 minute\" \/>\n<script type=\"application\/ld+json\" class=\"yoast-schema-graph\">{\"@context\":\"https:\\\/\\\/schema.org\",\"@graph\":[{\"@type\":\"Article\",\"@id\":\"https:\\\/\\\/nld.mirex.gob.do\\\/consular\\\/amsterdam\\\/la-iglesia-de-dios-es-el-poder-conmemoro-159-aniversario-de-la-restauracion-de-la-republica-dominica\\\/#article\",\"isPartOf\":{\"@id\":\"https:\\\/\\\/nld.mirex.gob.do\\\/consular\\\/amsterdam\\\/la-iglesia-de-dios-es-el-poder-conmemoro-159-aniversario-de-la-restauracion-de-la-republica-dominica\\\/\"},\"author\":{\"name\":\"Michael Antonio Melo Andujar\",\"@id\":\"https:\\\/\\\/nld.mirex.gob.do\\\/consular\\\/amsterdam\\\/#\\\/schema\\\/person\\\/772a9951ade6a7e4ab978b618b619ff8\"},\"headline\":\"La Iglesia De Dios Es El Poder conmemor\u00f3 159 aniversario de la Restauraci\u00f3n de la Rep\u00fablica Dominica\",\"datePublished\":\"2022-08-17T11:04:44+00:00\",\"mainEntityOfPage\":{\"@id\":\"https:\\\/\\\/nld.mirex.gob.do\\\/consular\\\/amsterdam\\\/la-iglesia-de-dios-es-el-poder-conmemoro-159-aniversario-de-la-restauracion-de-la-republica-dominica\\\/\"},\"wordCount\":153,\"publisher\":{\"@id\":\"https:\\\/\\\/nld.mirex.gob.do\\\/consular\\\/amsterdam\\\/#organization\"},\"image\":{\"@id\":\"https:\\\/\\\/nld.mirex.gob.do\\\/consular\\\/amsterdam\\\/la-iglesia-de-dios-es-el-poder-conmemoro-159-aniversario-de-la-restauracion-de-la-republica-dominica\\\/#primaryimage\"},\"thumbnailUrl\":\"\",\"articleSection\":[\"Actividades\",\"Actividades en portada\"],\"inLanguage\":\"en-US\"},{\"@type\":\"WebPage\",\"@id\":\"https:\\\/\\\/nld.mirex.gob.do\\\/consular\\\/amsterdam\\\/la-iglesia-de-dios-es-el-poder-conmemoro-159-aniversario-de-la-restauracion-de-la-republica-dominica\\\/\",\"url\":\"https:\\\/\\\/nld.mirex.gob.do\\\/consular\\\/amsterdam\\\/la-iglesia-de-dios-es-el-poder-conmemoro-159-aniversario-de-la-restauracion-de-la-republica-dominica\\\/\",\"name\":\"La Iglesia De Dios Es El Poder conmemor\u00f3 159 aniversario de la Restauraci\u00f3n de la Rep\u00fablica Dominica - Consulado General de la Rep\u00fablica Dominicana en La Haya, Reino de los Pa\u00edses Bajos\",\"isPartOf\":{\"@id\":\"https:\\\/\\\/nld.mirex.gob.do\\\/consular\\\/amsterdam\\\/#website\"},\"primaryImageOfPage\":{\"@id\":\"https:\\\/\\\/nld.mirex.gob.do\\\/consular\\\/amsterdam\\\/la-iglesia-de-dios-es-el-poder-conmemoro-159-aniversario-de-la-restauracion-de-la-republica-dominica\\\/#primaryimage\"},\"image\":{\"@id\":\"https:\\\/\\\/nld.mirex.gob.do\\\/consular\\\/amsterdam\\\/la-iglesia-de-dios-es-el-poder-conmemoro-159-aniversario-de-la-restauracion-de-la-republica-dominica\\\/#primaryimage\"},\"thumbnailUrl\":\"\",\"datePublished\":\"2022-08-17T11:04:44+00:00\",\"breadcrumb\":{\"@id\":\"https:\\\/\\\/nld.mirex.gob.do\\\/consular\\\/amsterdam\\\/la-iglesia-de-dios-es-el-poder-conmemoro-159-aniversario-de-la-restauracion-de-la-republica-dominica\\\/#breadcrumb\"},\"inLanguage\":\"en-US\",\"potentialAction\":[{\"@type\":\"ReadAction\",\"target\":[\"https:\\\/\\\/nld.mirex.gob.do\\\/consular\\\/amsterdam\\\/la-iglesia-de-dios-es-el-poder-conmemoro-159-aniversario-de-la-restauracion-de-la-republica-dominica\\\/\"]}]},{\"@type\":\"ImageObject\",\"inLanguage\":\"en-US\",\"@id\":\"https:\\\/\\\/nld.mirex.gob.do\\\/consular\\\/amsterdam\\\/la-iglesia-de-dios-es-el-poder-conmemoro-159-aniversario-de-la-restauracion-de-la-republica-dominica\\\/#primaryimage\",\"url\":\"\",\"contentUrl\":\"\"},{\"@type\":\"BreadcrumbList\",\"@id\":\"https:\\\/\\\/nld.mirex.gob.do\\\/consular\\\/amsterdam\\\/la-iglesia-de-dios-es-el-poder-conmemoro-159-aniversario-de-la-restauracion-de-la-republica-dominica\\\/#breadcrumb\",\"itemListElement\":[{\"@type\":\"ListItem\",\"position\":1,\"name\":\"Inicio\",\"item\":\"https:\\\/\\\/nld.mirex.gob.do\\\/consular\\\/amsterdam\\\/\"},{\"@type\":\"ListItem\",\"position\":2,\"name\":\"La Iglesia De Dios Es El Poder conmemor\u00f3 159 aniversario de la Restauraci\u00f3n de la Rep\u00fablica Dominica\"}]},{\"@type\":\"WebSite\",\"@id\":\"https:\\\/\\\/nld.mirex.gob.do\\\/consular\\\/amsterdam\\\/#website\",\"url\":\"https:\\\/\\\/nld.mirex.gob.do\\\/consular\\\/amsterdam\\\/\",\"name\":\"Consulado General de la Rep\u00fablica Dominicana en La Haya, Reino de los Pa\u00edses Bajos\",\"description\":\"\",\"publisher\":{\"@id\":\"https:\\\/\\\/nld.mirex.gob.do\\\/consular\\\/amsterdam\\\/#organization\"},\"potentialAction\":[{\"@type\":\"SearchAction\",\"target\":{\"@type\":\"EntryPoint\",\"urlTemplate\":\"https:\\\/\\\/nld.mirex.gob.do\\\/consular\\\/amsterdam\\\/?s={search_term_string}\"},\"query-input\":{\"@type\":\"PropertyValueSpecification\",\"valueRequired\":true,\"valueName\":\"search_term_string\"}}],\"inLanguage\":\"en-US\"},{\"@type\":\"Organization\",\"@id\":\"https:\\\/\\\/nld.mirex.gob.do\\\/consular\\\/amsterdam\\\/#organization\",\"name\":\"Consulado General de la Rep\u00fablica Dominicana en La Haya, Reino de los Pa\u00edses Bajos\",\"url\":\"https:\\\/\\\/nld.mirex.gob.do\\\/consular\\\/amsterdam\\\/\",\"logo\":{\"@type\":\"ImageObject\",\"inLanguage\":\"en-US\",\"@id\":\"https:\\\/\\\/nld.mirex.gob.do\\\/consular\\\/amsterdam\\\/#\\\/schema\\\/logo\\\/image\\\/\",\"url\":\"https:\\\/\\\/nld.mirex.gob.do\\\/consular\\\/amsterdam\\\/wp-content\\\/uploads\\\/2024\\\/04\\\/cropped-consulado_la_haya_reinode_los_Paises_Bajos.jpg\",\"contentUrl\":\"https:\\\/\\\/nld.mirex.gob.do\\\/consular\\\/amsterdam\\\/wp-content\\\/uploads\\\/2024\\\/04\\\/cropped-consulado_la_haya_reinode_los_Paises_Bajos.jpg\",\"width\":999,\"height\":407,\"caption\":\"Consulado General de la Rep\u00fablica Dominicana en La Haya, Reino de los Pa\u00edses Bajos\"},\"image\":{\"@id\":\"https:\\\/\\\/nld.mirex.gob.do\\\/consular\\\/amsterdam\\\/#\\\/schema\\\/logo\\\/image\\\/\"}},{\"@type\":\"Person\",\"@id\":\"https:\\\/\\\/nld.mirex.gob.do\\\/consular\\\/amsterdam\\\/#\\\/schema\\\/person\\\/772a9951ade6a7e4ab978b618b619ff8\",\"name\":\"Michael Antonio Melo Andujar\",\"image\":{\"@type\":\"ImageObject\",\"inLanguage\":\"en-US\",\"@id\":\"https:\\\/\\\/secure.gravatar.com\\\/avatar\\\/f8862d24b6945a30d30c9727ef9dfcd533ee25a18a27afc92991446aeb0e652d?s=96&d=mm&r=g\",\"url\":\"https:\\\/\\\/secure.gravatar.com\\\/avatar\\\/f8862d24b6945a30d30c9727ef9dfcd533ee25a18a27afc92991446aeb0e652d?s=96&d=mm&r=g\",\"contentUrl\":\"https:\\\/\\\/secure.gravatar.com\\\/avatar\\\/f8862d24b6945a30d30c9727ef9dfcd533ee25a18a27afc92991446aeb0e652d?s=96&d=mm&r=g\",\"caption\":\"Michael Antonio Melo Andujar\"}}]}<\/script>\n<!-- \/ Yoast SEO plugin. -->","yoast_head_json":{"title":"La Iglesia De Dios Es El Poder conmemor\u00f3 159 aniversario de la Restauraci\u00f3n de la Rep\u00fablica Dominica - Consulado General de la Rep\u00fablica Dominicana en La Haya, Reino de los Pa\u00edses Bajos","robots":{"index":"index","follow":"follow","max-snippet":"max-snippet:-1","max-image-preview":"max-image-preview:large","max-video-preview":"max-video-preview:-1"},"canonical":"https:\/\/nld.mirex.gob.do\/consular\/amsterdam\/la-iglesia-de-dios-es-el-poder-conmemoro-159-aniversario-de-la-restauracion-de-la-republica-dominica\/","og_locale":"en_US","og_type":"article","og_title":"La Iglesia De Dios Es El Poder conmemor\u00f3 159 aniversario de la Restauraci\u00f3n de la Rep\u00fablica Dominica - Consulado General de la Rep\u00fablica Dominicana en La Haya, Reino de los Pa\u00edses Bajos","og_description":"&nbsp; &nbsp; &nbsp; &nbsp; El pasado domingo se conmemor\u00f3 en la iglesia De Dios Es El Poder, el aniversario de la Restauraci\u00f3n de la Rep\u00fablica Dominicana. En el evento se or\u00f3 por la sanidad del Pa\u00eds, la no violencia y feminicidio en RD y por nuestro Presidente. Se resaltaron los valores de la patria y [&hellip;]","og_url":"https:\/\/nld.mirex.gob.do\/consular\/amsterdam\/la-iglesia-de-dios-es-el-poder-conmemoro-159-aniversario-de-la-restauracion-de-la-republica-dominica\/","og_site_name":"Consulado General de la Rep\u00fablica Dominicana en La Haya, Reino de los Pa\u00edses Bajos","article_published_time":"2022-08-17T11:04:44+00:00","author":"Michael Antonio Melo Andujar","twitter_card":"summary_large_image","twitter_misc":{"Written by":"Michael Antonio Melo Andujar","Est. reading time":"1 minute"},"schema":{"@context":"https:\/\/schema.org","@graph":[{"@type":"Article","@id":"https:\/\/nld.mirex.gob.do\/consular\/amsterdam\/la-iglesia-de-dios-es-el-poder-conmemoro-159-aniversario-de-la-restauracion-de-la-republica-dominica\/#article","isPartOf":{"@id":"https:\/\/nld.mirex.gob.do\/consular\/amsterdam\/la-iglesia-de-dios-es-el-poder-conmemoro-159-aniversario-de-la-restauracion-de-la-republica-dominica\/"},"author":{"name":"Michael Antonio Melo Andujar","@id":"https:\/\/nld.mirex.gob.do\/consular\/amsterdam\/#\/schema\/person\/772a9951ade6a7e4ab978b618b619ff8"},"headline":"La Iglesia De Dios Es El Poder conmemor\u00f3 159 aniversario de la Restauraci\u00f3n de la Rep\u00fablica Dominica","datePublished":"2022-08-17T11:04:44+00:00","mainEntityOfPage":{"@id":"https:\/\/nld.mirex.gob.do\/consular\/amsterdam\/la-iglesia-de-dios-es-el-poder-conmemoro-159-aniversario-de-la-restauracion-de-la-republica-dominica\/"},"wordCount":153,"publisher":{"@id":"https:\/\/nld.mirex.gob.do\/consular\/amsterdam\/#organization"},"image":{"@id":"https:\/\/nld.mirex.gob.do\/consular\/amsterdam\/la-iglesia-de-dios-es-el-poder-conmemoro-159-aniversario-de-la-restauracion-de-la-republica-dominica\/#primaryimage"},"thumbnailUrl":"","articleSection":["Actividades","Actividades en portada"],"inLanguage":"en-US"},{"@type":"WebPage","@id":"https:\/\/nld.mirex.gob.do\/consular\/amsterdam\/la-iglesia-de-dios-es-el-poder-conmemoro-159-aniversario-de-la-restauracion-de-la-republica-dominica\/","url":"https:\/\/nld.mirex.gob.do\/consular\/amsterdam\/la-iglesia-de-dios-es-el-poder-conmemoro-159-aniversario-de-la-restauracion-de-la-republica-dominica\/","name":"La Iglesia De Dios Es El Poder conmemor\u00f3 159 aniversario de la Restauraci\u00f3n de la Rep\u00fablica Dominica - Consulado General de la Rep\u00fablica Dominicana en La Haya, Reino de los Pa\u00edses Bajos","isPartOf":{"@id":"https:\/\/nld.mirex.gob.do\/consular\/amsterdam\/#website"},"primaryImageOfPage":{"@id":"https:\/\/nld.mirex.gob.do\/consular\/amsterdam\/la-iglesia-de-dios-es-el-poder-conmemoro-159-aniversario-de-la-restauracion-de-la-republica-dominica\/#primaryimage"},"image":{"@id":"https:\/\/nld.mirex.gob.do\/consular\/amsterdam\/la-iglesia-de-dios-es-el-poder-conmemoro-159-aniversario-de-la-restauracion-de-la-republica-dominica\/#primaryimage"},"thumbnailUrl":"","datePublished":"2022-08-17T11:04:44+00:00","breadcrumb":{"@id":"https:\/\/nld.mirex.gob.do\/consular\/amsterdam\/la-iglesia-de-dios-es-el-poder-conmemoro-159-aniversario-de-la-restauracion-de-la-republica-dominica\/#breadcrumb"},"inLanguage":"en-US","potentialAction":[{"@type":"ReadAction","target":["https:\/\/nld.mirex.gob.do\/consular\/amsterdam\/la-iglesia-de-dios-es-el-poder-conmemoro-159-aniversario-de-la-restauracion-de-la-republica-dominica\/"]}]},{"@type":"ImageObject","inLanguage":"en-US","@id":"https:\/\/nld.mirex.gob.do\/consular\/amsterdam\/la-iglesia-de-dios-es-el-poder-conmemoro-159-aniversario-de-la-restauracion-de-la-republica-dominica\/#primaryimage","url":"","contentUrl":""},{"@type":"BreadcrumbList","@id":"https:\/\/nld.mirex.gob.do\/consular\/amsterdam\/la-iglesia-de-dios-es-el-poder-conmemoro-159-aniversario-de-la-restauracion-de-la-republica-dominica\/#breadcrumb","itemListElement":[{"@type":"ListItem","position":1,"name":"Inicio","item":"https:\/\/nld.mirex.gob.do\/consular\/amsterdam\/"},{"@type":"ListItem","position":2,"name":"La Iglesia De Dios Es El Poder conmemor\u00f3 159 aniversario de la Restauraci\u00f3n de la Rep\u00fablica Dominica"}]},{"@type":"WebSite","@id":"https:\/\/nld.mirex.gob.do\/consular\/amsterdam\/#website","url":"https:\/\/nld.mirex.gob.do\/consular\/amsterdam\/","name":"Consulado General de la Rep\u00fablica Dominicana en La Haya, Reino de los Pa\u00edses Bajos","description":"","publisher":{"@id":"https:\/\/nld.mirex.gob.do\/consular\/amsterdam\/#organization"},"potentialAction":[{"@type":"SearchAction","target":{"@type":"EntryPoint","urlTemplate":"https:\/\/nld.mirex.gob.do\/consular\/amsterdam\/?s={search_term_string}"},"query-input":{"@type":"PropertyValueSpecification","valueRequired":true,"valueName":"search_term_string"}}],"inLanguage":"en-US"},{"@type":"Organization","@id":"https:\/\/nld.mirex.gob.do\/consular\/amsterdam\/#organization","name":"Consulado General de la Rep\u00fablica Dominicana en La Haya, Reino de los Pa\u00edses Bajos","url":"https:\/\/nld.mirex.gob.do\/consular\/amsterdam\/","logo":{"@type":"ImageObject","inLanguage":"en-US","@id":"https:\/\/nld.mirex.gob.do\/consular\/amsterdam\/#\/schema\/logo\/image\/","url":"https:\/\/nld.mirex.gob.do\/consular\/amsterdam\/wp-content\/uploads\/2024\/04\/cropped-consulado_la_haya_reinode_los_Paises_Bajos.jpg","contentUrl":"https:\/\/nld.mirex.gob.do\/consular\/amsterdam\/wp-content\/uploads\/2024\/04\/cropped-consulado_la_haya_reinode_los_Paises_Bajos.jpg","width":999,"height":407,"caption":"Consulado General de la Rep\u00fablica Dominicana en La Haya, Reino de los Pa\u00edses Bajos"},"image":{"@id":"https:\/\/nld.mirex.gob.do\/consular\/amsterdam\/#\/schema\/logo\/image\/"}},{"@type":"Person","@id":"https:\/\/nld.mirex.gob.do\/consular\/amsterdam\/#\/schema\/person\/772a9951ade6a7e4ab978b618b619ff8","name":"Michael Antonio Melo Andujar","image":{"@type":"ImageObject","inLanguage":"en-US","@id":"https:\/\/secure.gravatar.com\/avatar\/f8862d24b6945a30d30c9727ef9dfcd533ee25a18a27afc92991446aeb0e652d?s=96&d=mm&r=g","url":"https:\/\/secure.gravatar.com\/avatar\/f8862d24b6945a30d30c9727ef9dfcd533ee25a18a27afc92991446aeb0e652d?s=96&d=mm&r=g","contentUrl":"https:\/\/secure.gravatar.com\/avatar\/f8862d24b6945a30d30c9727ef9dfcd533ee25a18a27afc92991446aeb0e652d?s=96&d=mm&r=g","caption":"Michael Antonio Melo Andujar"}}]}},"_links":{"self":[{"href":"https:\/\/nld.mirex.gob.do\/consular\/amsterdam\/wp-json\/wp\/v2\/posts\/6450","targetHints":{"allow":["GET"]}}],"collection":[{"href":"https:\/\/nld.mirex.gob.do\/consular\/amsterdam\/wp-json\/wp\/v2\/posts"}],"about":[{"href":"https:\/\/nld.mirex.gob.do\/consular\/amsterdam\/wp-json\/wp\/v2\/types\/post"}],"author":[{"embeddable":true,"href":"https:\/\/nld.mirex.gob.do\/consular\/amsterdam\/wp-json\/wp\/v2\/users\/8"}],"replies":[{"embeddable":true,"href":"https:\/\/nld.mirex.gob.do\/consular\/amsterdam\/wp-json\/wp\/v2\/comments?post=6450"}],"version-history":[{"count":0,"href":"https:\/\/nld.mirex.gob.do\/consular\/amsterdam\/wp-json\/wp\/v2\/posts\/6450\/revisions"}],"wp:featuredmedia":[{"embeddable":true,"href":"https:\/\/nld.mirex.gob.do\/consular\/amsterdam\/wp-json\/"}],"wp:attachment":[{"href":"https:\/\/nld.mirex.gob.do\/consular\/amsterdam\/wp-json\/wp\/v2\/media?parent=6450"}],"wp:term":[{"taxonomy":"category","embeddable":true,"href":"https:\/\/nld.mirex.gob.do\/consular\/amsterdam\/wp-json\/wp\/v2\/categories?post=6450"},{"taxonomy":"post_tag","embeddable":true,"href":"https:\/\/nld.mirex.gob.do\/consular\/amsterdam\/wp-json\/wp\/v2\/tags?post=6450"}],"curies":[{"name":"wp","href":"https:\/\/api.w.org\/{rel}","templated":true}]}}