{"id":6433,"date":"2022-01-20T09:00:39","date_gmt":"2022-01-20T09:00:39","guid":{"rendered":"https:\/\/www.consuladordholanda.com\/?p=5655"},"modified":"2022-01-20T09:00:39","modified_gmt":"2022-01-20T09:00:39","slug":"celebracion-de-la-fiesta-oficial-de-la-madre-y-protectora-espiritual-del-pais-nuestra-senora-de-la-altagracia","status":"publish","type":"post","link":"https:\/\/nld.mirex.gob.do\/consular\/amsterdam\/celebracion-de-la-fiesta-oficial-de-la-madre-y-protectora-espiritual-del-pais-nuestra-senora-de-la-altagracia\/","title":{"rendered":"Celebraci\u00f3n de la fiesta oficial de la madre y protectora espiritual del pa\u00eds Nuestra Se\u00f1ora de la Altagracia"},"content":{"rendered":"<p><img fetchpriority=\"high\" decoding=\"async\" class=\"alignnone size-full wp-image-5656\" src=\"https:\/\/www.consuladordholanda.com\/wp-content\/uploads\/2022\/01\/21-de-enero-Virgen-de-la-Altagracia.jpg\" alt=\"\" width=\"1000\" height=\"1000\"><\/p>\n<p>Desde el <strong>Consulado General de la Rep\u00fablica Dominicana en \u00c1msterdam, Reino de los Pa\u00edses Bajos<\/strong>, nos unimos a la celebraci\u00f3n de la fiesta oficial de la madre y protectora espiritual del pa\u00eds, Nuestra Se\u00f1ora de la Altagracia.<\/p>\n<p>En este a\u00f1o de manera especial se festeja el \u00abA\u00f1o Jubilar Altagraciano\u00bb, en el que se cumplen 100 a\u00f1os de la coronaci\u00f3n de la Virgen de La Altagracia, como Madre Protectora, llevada a cabo el 15 de agosto de 1922.<\/p>\n<h4>SOBRE LA BAS\u00cdLICA NUESTRA SE\u00d1ORA DE LA ALTAGRACIA&nbsp;<\/h4>\n<p>Este monumento religioso, mejor conocido como la Bas\u00edlica de Hig\u00fcey, se encuentra ubicado en el mismo centro de esta ciudad, es uno de los puntos tur\u00edsticos m\u00e1s visitados y respetado por los que profesan la fe cat\u00f3lica, tanto dominicanos como extranjeros. Su construcci\u00f3n inici\u00f3 el 21 de enero de 1954 y culmin\u00f3 en 1971.<\/p>\n<p>#VirgenDeLaAltagracia<\/p>\n<p>#DiplomaciaCulturalRD<\/p>\n<p>&nbsp;<\/p>\n","protected":false},"excerpt":{"rendered":"<p>Desde el Consulado General de la Rep\u00fablica Dominicana en \u00c1msterdam, Reino de los Pa\u00edses Bajos, nos unimos a la celebraci\u00f3n de la fiesta oficial de la madre y protectora espiritual del pa\u00eds, Nuestra Se\u00f1ora de la Altagracia. En este a\u00f1o de manera especial se festeja el \u00abA\u00f1o Jubilar Altagraciano\u00bb, en el que se cumplen 100 [&hellip;]<\/p>\n","protected":false},"author":8,"featured_media":5657,"comment_status":"closed","ping_status":"open","sticky":false,"template":"","format":"standard","meta":{"site-sidebar-layout":"default","site-content-layout":"","ast-site-content-layout":"default","site-content-style":"default","site-sidebar-style":"default","ast-global-header-display":"","ast-banner-title-visibility":"","ast-main-header-display":"","ast-hfb-above-header-display":"","ast-hfb-below-header-display":"","ast-hfb-mobile-header-display":"","site-post-title":"","ast-breadcrumbs-content":"","ast-featured-img":"","footer-sml-layout":"","ast-disable-related-posts":"","theme-transparent-header-meta":"","adv-header-id-meta":"","stick-header-meta":"","header-above-stick-meta":"","header-main-stick-meta":"","header-below-stick-meta":"","astra-migrate-meta-layouts":"default","ast-page-background-enabled":"default","ast-page-background-meta":{"desktop":{"background-color":"","background-image":"","background-repeat":"repeat","background-position":"center center","background-size":"auto","background-attachment":"scroll","background-type":"","background-media":"","overlay-type":"","overlay-color":"","overlay-opacity":"","overlay-gradient":""},"tablet":{"background-color":"","background-image":"","background-repeat":"repeat","background-position":"center center","background-size":"auto","background-attachment":"scroll","background-type":"","background-media":"","overlay-type":"","overlay-color":"","overlay-opacity":"","overlay-gradient":""},"mobile":{"background-color":"","background-image":"","background-repeat":"repeat","background-position":"center center","background-size":"auto","background-attachment":"scroll","background-type":"","background-media":"","overlay-type":"","overlay-color":"","overlay-opacity":"","overlay-gradient":""}},"ast-content-background-meta":{"desktop":{"background-color":"var(--ast-global-color-5)","background-image":"","background-repeat":"repeat","background-position":"center center","background-size":"auto","background-attachment":"scroll","background-type":"","background-media":"","overlay-type":"","overlay-color":"","overlay-opacity":"","overlay-gradient":""},"tablet":{"background-color":"var(--ast-global-color-5)","background-image":"","background-repeat":"repeat","background-position":"center center","background-size":"auto","background-attachment":"scroll","background-type":"","background-media":"","overlay-type":"","overlay-color":"","overlay-opacity":"","overlay-gradient":""},"mobile":{"background-color":"var(--ast-global-color-5)","background-image":"","background-repeat":"repeat","background-position":"center center","background-size":"auto","background-attachment":"scroll","background-type":"","background-media":"","overlay-type":"","overlay-color":"","overlay-opacity":"","overlay-gradient":""}},"footnotes":""},"categories":[101,408],"tags":[104],"class_list":["post-6433","post","type-post","status-publish","format-standard","has-post-thumbnail","hentry","category-actividades","category-actividades-en-portada","tag-misa-en-honor-a-la-virgen-de-altagracia"],"yoast_head":"<!-- This site is optimized with the Yoast SEO plugin v27.4 - https:\/\/yoast.com\/product\/yoast-seo-wordpress\/ -->\n<title>Celebraci\u00f3n de la fiesta oficial de la madre y protectora espiritual del pa\u00eds Nuestra Se\u00f1ora de la Altagracia - Consulado General de la Rep\u00fablica Dominicana en La Haya, Reino de los Pa\u00edses Bajos<\/title>\n<meta name=\"robots\" content=\"index, follow, max-snippet:-1, max-image-preview:large, max-video-preview:-1\" \/>\n<link rel=\"canonical\" href=\"https:\/\/nld.mirex.gob.do\/consular\/amsterdam\/celebracion-de-la-fiesta-oficial-de-la-madre-y-protectora-espiritual-del-pais-nuestra-senora-de-la-altagracia\/\" \/>\n<meta property=\"og:locale\" content=\"en_US\" \/>\n<meta property=\"og:type\" content=\"article\" \/>\n<meta property=\"og:title\" content=\"Celebraci\u00f3n de la fiesta oficial de la madre y protectora espiritual del pa\u00eds Nuestra Se\u00f1ora de la Altagracia - Consulado General de la Rep\u00fablica Dominicana en La Haya, Reino de los Pa\u00edses Bajos\" \/>\n<meta property=\"og:description\" content=\"Desde el Consulado General de la Rep\u00fablica Dominicana en \u00c1msterdam, Reino de los Pa\u00edses Bajos, nos unimos a la celebraci\u00f3n de la fiesta oficial de la madre y protectora espiritual del pa\u00eds, Nuestra Se\u00f1ora de la Altagracia. En este a\u00f1o de manera especial se festeja el \u00abA\u00f1o Jubilar Altagraciano\u00bb, en el que se cumplen 100 [&hellip;]\" \/>\n<meta property=\"og:url\" content=\"https:\/\/nld.mirex.gob.do\/consular\/amsterdam\/celebracion-de-la-fiesta-oficial-de-la-madre-y-protectora-espiritual-del-pais-nuestra-senora-de-la-altagracia\/\" \/>\n<meta property=\"og:site_name\" content=\"Consulado General de la Rep\u00fablica Dominicana en La Haya, Reino de los Pa\u00edses Bajos\" \/>\n<meta property=\"article:published_time\" content=\"2022-01-20T09:00:39+00:00\" \/>\n<meta name=\"author\" content=\"Michael Antonio Melo Andujar\" \/>\n<meta name=\"twitter:card\" content=\"summary_large_image\" \/>\n<meta name=\"twitter:label1\" content=\"Written by\" \/>\n\t<meta name=\"twitter:data1\" content=\"Michael Antonio Melo Andujar\" \/>\n\t<meta name=\"twitter:label2\" content=\"Est. reading time\" \/>\n\t<meta name=\"twitter:data2\" content=\"1 minute\" \/>\n<script type=\"application\/ld+json\" class=\"yoast-schema-graph\">{\"@context\":\"https:\\\/\\\/schema.org\",\"@graph\":[{\"@type\":\"Article\",\"@id\":\"https:\\\/\\\/nld.mirex.gob.do\\\/consular\\\/amsterdam\\\/celebracion-de-la-fiesta-oficial-de-la-madre-y-protectora-espiritual-del-pais-nuestra-senora-de-la-altagracia\\\/#article\",\"isPartOf\":{\"@id\":\"https:\\\/\\\/nld.mirex.gob.do\\\/consular\\\/amsterdam\\\/celebracion-de-la-fiesta-oficial-de-la-madre-y-protectora-espiritual-del-pais-nuestra-senora-de-la-altagracia\\\/\"},\"author\":{\"name\":\"Michael Antonio Melo Andujar\",\"@id\":\"https:\\\/\\\/nld.mirex.gob.do\\\/consular\\\/amsterdam\\\/#\\\/schema\\\/person\\\/772a9951ade6a7e4ab978b618b619ff8\"},\"headline\":\"Celebraci\u00f3n de la fiesta oficial de la madre y protectora espiritual del pa\u00eds Nuestra Se\u00f1ora de la Altagracia\",\"datePublished\":\"2022-01-20T09:00:39+00:00\",\"mainEntityOfPage\":{\"@id\":\"https:\\\/\\\/nld.mirex.gob.do\\\/consular\\\/amsterdam\\\/celebracion-de-la-fiesta-oficial-de-la-madre-y-protectora-espiritual-del-pais-nuestra-senora-de-la-altagracia\\\/\"},\"wordCount\":175,\"publisher\":{\"@id\":\"https:\\\/\\\/nld.mirex.gob.do\\\/consular\\\/amsterdam\\\/#organization\"},\"image\":{\"@id\":\"https:\\\/\\\/nld.mirex.gob.do\\\/consular\\\/amsterdam\\\/celebracion-de-la-fiesta-oficial-de-la-madre-y-protectora-espiritual-del-pais-nuestra-senora-de-la-altagracia\\\/#primaryimage\"},\"thumbnailUrl\":\"\",\"keywords\":[\"Misa en Honor a la Virgen de Altagracia\"],\"articleSection\":[\"Actividades\",\"Actividades en portada\"],\"inLanguage\":\"en-US\"},{\"@type\":\"WebPage\",\"@id\":\"https:\\\/\\\/nld.mirex.gob.do\\\/consular\\\/amsterdam\\\/celebracion-de-la-fiesta-oficial-de-la-madre-y-protectora-espiritual-del-pais-nuestra-senora-de-la-altagracia\\\/\",\"url\":\"https:\\\/\\\/nld.mirex.gob.do\\\/consular\\\/amsterdam\\\/celebracion-de-la-fiesta-oficial-de-la-madre-y-protectora-espiritual-del-pais-nuestra-senora-de-la-altagracia\\\/\",\"name\":\"Celebraci\u00f3n de la fiesta oficial de la madre y protectora espiritual del pa\u00eds Nuestra Se\u00f1ora de la Altagracia - Consulado General de la Rep\u00fablica Dominicana en La Haya, Reino de los Pa\u00edses Bajos\",\"isPartOf\":{\"@id\":\"https:\\\/\\\/nld.mirex.gob.do\\\/consular\\\/amsterdam\\\/#website\"},\"primaryImageOfPage\":{\"@id\":\"https:\\\/\\\/nld.mirex.gob.do\\\/consular\\\/amsterdam\\\/celebracion-de-la-fiesta-oficial-de-la-madre-y-protectora-espiritual-del-pais-nuestra-senora-de-la-altagracia\\\/#primaryimage\"},\"image\":{\"@id\":\"https:\\\/\\\/nld.mirex.gob.do\\\/consular\\\/amsterdam\\\/celebracion-de-la-fiesta-oficial-de-la-madre-y-protectora-espiritual-del-pais-nuestra-senora-de-la-altagracia\\\/#primaryimage\"},\"thumbnailUrl\":\"\",\"datePublished\":\"2022-01-20T09:00:39+00:00\",\"breadcrumb\":{\"@id\":\"https:\\\/\\\/nld.mirex.gob.do\\\/consular\\\/amsterdam\\\/celebracion-de-la-fiesta-oficial-de-la-madre-y-protectora-espiritual-del-pais-nuestra-senora-de-la-altagracia\\\/#breadcrumb\"},\"inLanguage\":\"en-US\",\"potentialAction\":[{\"@type\":\"ReadAction\",\"target\":[\"https:\\\/\\\/nld.mirex.gob.do\\\/consular\\\/amsterdam\\\/celebracion-de-la-fiesta-oficial-de-la-madre-y-protectora-espiritual-del-pais-nuestra-senora-de-la-altagracia\\\/\"]}]},{\"@type\":\"ImageObject\",\"inLanguage\":\"en-US\",\"@id\":\"https:\\\/\\\/nld.mirex.gob.do\\\/consular\\\/amsterdam\\\/celebracion-de-la-fiesta-oficial-de-la-madre-y-protectora-espiritual-del-pais-nuestra-senora-de-la-altagracia\\\/#primaryimage\",\"url\":\"\",\"contentUrl\":\"\"},{\"@type\":\"BreadcrumbList\",\"@id\":\"https:\\\/\\\/nld.mirex.gob.do\\\/consular\\\/amsterdam\\\/celebracion-de-la-fiesta-oficial-de-la-madre-y-protectora-espiritual-del-pais-nuestra-senora-de-la-altagracia\\\/#breadcrumb\",\"itemListElement\":[{\"@type\":\"ListItem\",\"position\":1,\"name\":\"Inicio\",\"item\":\"https:\\\/\\\/nld.mirex.gob.do\\\/consular\\\/amsterdam\\\/\"},{\"@type\":\"ListItem\",\"position\":2,\"name\":\"Celebraci\u00f3n de la fiesta oficial de la madre y protectora espiritual del pa\u00eds Nuestra Se\u00f1ora de la Altagracia\"}]},{\"@type\":\"WebSite\",\"@id\":\"https:\\\/\\\/nld.mirex.gob.do\\\/consular\\\/amsterdam\\\/#website\",\"url\":\"https:\\\/\\\/nld.mirex.gob.do\\\/consular\\\/amsterdam\\\/\",\"name\":\"Consulado General de la Rep\u00fablica Dominicana en La Haya, Reino de los Pa\u00edses Bajos\",\"description\":\"\",\"publisher\":{\"@id\":\"https:\\\/\\\/nld.mirex.gob.do\\\/consular\\\/amsterdam\\\/#organization\"},\"potentialAction\":[{\"@type\":\"SearchAction\",\"target\":{\"@type\":\"EntryPoint\",\"urlTemplate\":\"https:\\\/\\\/nld.mirex.gob.do\\\/consular\\\/amsterdam\\\/?s={search_term_string}\"},\"query-input\":{\"@type\":\"PropertyValueSpecification\",\"valueRequired\":true,\"valueName\":\"search_term_string\"}}],\"inLanguage\":\"en-US\"},{\"@type\":\"Organization\",\"@id\":\"https:\\\/\\\/nld.mirex.gob.do\\\/consular\\\/amsterdam\\\/#organization\",\"name\":\"Consulado General de la Rep\u00fablica Dominicana en La Haya, Reino de los Pa\u00edses Bajos\",\"url\":\"https:\\\/\\\/nld.mirex.gob.do\\\/consular\\\/amsterdam\\\/\",\"logo\":{\"@type\":\"ImageObject\",\"inLanguage\":\"en-US\",\"@id\":\"https:\\\/\\\/nld.mirex.gob.do\\\/consular\\\/amsterdam\\\/#\\\/schema\\\/logo\\\/image\\\/\",\"url\":\"https:\\\/\\\/nld.mirex.gob.do\\\/consular\\\/amsterdam\\\/wp-content\\\/uploads\\\/2024\\\/04\\\/cropped-consulado_la_haya_reinode_los_Paises_Bajos.jpg\",\"contentUrl\":\"https:\\\/\\\/nld.mirex.gob.do\\\/consular\\\/amsterdam\\\/wp-content\\\/uploads\\\/2024\\\/04\\\/cropped-consulado_la_haya_reinode_los_Paises_Bajos.jpg\",\"width\":999,\"height\":407,\"caption\":\"Consulado General de la Rep\u00fablica Dominicana en La Haya, Reino de los Pa\u00edses Bajos\"},\"image\":{\"@id\":\"https:\\\/\\\/nld.mirex.gob.do\\\/consular\\\/amsterdam\\\/#\\\/schema\\\/logo\\\/image\\\/\"}},{\"@type\":\"Person\",\"@id\":\"https:\\\/\\\/nld.mirex.gob.do\\\/consular\\\/amsterdam\\\/#\\\/schema\\\/person\\\/772a9951ade6a7e4ab978b618b619ff8\",\"name\":\"Michael Antonio Melo Andujar\",\"image\":{\"@type\":\"ImageObject\",\"inLanguage\":\"en-US\",\"@id\":\"https:\\\/\\\/secure.gravatar.com\\\/avatar\\\/f8862d24b6945a30d30c9727ef9dfcd533ee25a18a27afc92991446aeb0e652d?s=96&d=mm&r=g\",\"url\":\"https:\\\/\\\/secure.gravatar.com\\\/avatar\\\/f8862d24b6945a30d30c9727ef9dfcd533ee25a18a27afc92991446aeb0e652d?s=96&d=mm&r=g\",\"contentUrl\":\"https:\\\/\\\/secure.gravatar.com\\\/avatar\\\/f8862d24b6945a30d30c9727ef9dfcd533ee25a18a27afc92991446aeb0e652d?s=96&d=mm&r=g\",\"caption\":\"Michael Antonio Melo Andujar\"}}]}<\/script>\n<!-- \/ Yoast SEO plugin. -->","yoast_head_json":{"title":"Celebraci\u00f3n de la fiesta oficial de la madre y protectora espiritual del pa\u00eds Nuestra Se\u00f1ora de la Altagracia - Consulado General de la Rep\u00fablica Dominicana en La Haya, Reino de los Pa\u00edses Bajos","robots":{"index":"index","follow":"follow","max-snippet":"max-snippet:-1","max-image-preview":"max-image-preview:large","max-video-preview":"max-video-preview:-1"},"canonical":"https:\/\/nld.mirex.gob.do\/consular\/amsterdam\/celebracion-de-la-fiesta-oficial-de-la-madre-y-protectora-espiritual-del-pais-nuestra-senora-de-la-altagracia\/","og_locale":"en_US","og_type":"article","og_title":"Celebraci\u00f3n de la fiesta oficial de la madre y protectora espiritual del pa\u00eds Nuestra Se\u00f1ora de la Altagracia - Consulado General de la Rep\u00fablica Dominicana en La Haya, Reino de los Pa\u00edses Bajos","og_description":"Desde el Consulado General de la Rep\u00fablica Dominicana en \u00c1msterdam, Reino de los Pa\u00edses Bajos, nos unimos a la celebraci\u00f3n de la fiesta oficial de la madre y protectora espiritual del pa\u00eds, Nuestra Se\u00f1ora de la Altagracia. En este a\u00f1o de manera especial se festeja el \u00abA\u00f1o Jubilar Altagraciano\u00bb, en el que se cumplen 100 [&hellip;]","og_url":"https:\/\/nld.mirex.gob.do\/consular\/amsterdam\/celebracion-de-la-fiesta-oficial-de-la-madre-y-protectora-espiritual-del-pais-nuestra-senora-de-la-altagracia\/","og_site_name":"Consulado General de la Rep\u00fablica Dominicana en La Haya, Reino de los Pa\u00edses Bajos","article_published_time":"2022-01-20T09:00:39+00:00","author":"Michael Antonio Melo Andujar","twitter_card":"summary_large_image","twitter_misc":{"Written by":"Michael Antonio Melo Andujar","Est. reading time":"1 minute"},"schema":{"@context":"https:\/\/schema.org","@graph":[{"@type":"Article","@id":"https:\/\/nld.mirex.gob.do\/consular\/amsterdam\/celebracion-de-la-fiesta-oficial-de-la-madre-y-protectora-espiritual-del-pais-nuestra-senora-de-la-altagracia\/#article","isPartOf":{"@id":"https:\/\/nld.mirex.gob.do\/consular\/amsterdam\/celebracion-de-la-fiesta-oficial-de-la-madre-y-protectora-espiritual-del-pais-nuestra-senora-de-la-altagracia\/"},"author":{"name":"Michael Antonio Melo Andujar","@id":"https:\/\/nld.mirex.gob.do\/consular\/amsterdam\/#\/schema\/person\/772a9951ade6a7e4ab978b618b619ff8"},"headline":"Celebraci\u00f3n de la fiesta oficial de la madre y protectora espiritual del pa\u00eds Nuestra Se\u00f1ora de la Altagracia","datePublished":"2022-01-20T09:00:39+00:00","mainEntityOfPage":{"@id":"https:\/\/nld.mirex.gob.do\/consular\/amsterdam\/celebracion-de-la-fiesta-oficial-de-la-madre-y-protectora-espiritual-del-pais-nuestra-senora-de-la-altagracia\/"},"wordCount":175,"publisher":{"@id":"https:\/\/nld.mirex.gob.do\/consular\/amsterdam\/#organization"},"image":{"@id":"https:\/\/nld.mirex.gob.do\/consular\/amsterdam\/celebracion-de-la-fiesta-oficial-de-la-madre-y-protectora-espiritual-del-pais-nuestra-senora-de-la-altagracia\/#primaryimage"},"thumbnailUrl":"","keywords":["Misa en Honor a la Virgen de Altagracia"],"articleSection":["Actividades","Actividades en portada"],"inLanguage":"en-US"},{"@type":"WebPage","@id":"https:\/\/nld.mirex.gob.do\/consular\/amsterdam\/celebracion-de-la-fiesta-oficial-de-la-madre-y-protectora-espiritual-del-pais-nuestra-senora-de-la-altagracia\/","url":"https:\/\/nld.mirex.gob.do\/consular\/amsterdam\/celebracion-de-la-fiesta-oficial-de-la-madre-y-protectora-espiritual-del-pais-nuestra-senora-de-la-altagracia\/","name":"Celebraci\u00f3n de la fiesta oficial de la madre y protectora espiritual del pa\u00eds Nuestra Se\u00f1ora de la Altagracia - Consulado General de la Rep\u00fablica Dominicana en La Haya, Reino de los Pa\u00edses Bajos","isPartOf":{"@id":"https:\/\/nld.mirex.gob.do\/consular\/amsterdam\/#website"},"primaryImageOfPage":{"@id":"https:\/\/nld.mirex.gob.do\/consular\/amsterdam\/celebracion-de-la-fiesta-oficial-de-la-madre-y-protectora-espiritual-del-pais-nuestra-senora-de-la-altagracia\/#primaryimage"},"image":{"@id":"https:\/\/nld.mirex.gob.do\/consular\/amsterdam\/celebracion-de-la-fiesta-oficial-de-la-madre-y-protectora-espiritual-del-pais-nuestra-senora-de-la-altagracia\/#primaryimage"},"thumbnailUrl":"","datePublished":"2022-01-20T09:00:39+00:00","breadcrumb":{"@id":"https:\/\/nld.mirex.gob.do\/consular\/amsterdam\/celebracion-de-la-fiesta-oficial-de-la-madre-y-protectora-espiritual-del-pais-nuestra-senora-de-la-altagracia\/#breadcrumb"},"inLanguage":"en-US","potentialAction":[{"@type":"ReadAction","target":["https:\/\/nld.mirex.gob.do\/consular\/amsterdam\/celebracion-de-la-fiesta-oficial-de-la-madre-y-protectora-espiritual-del-pais-nuestra-senora-de-la-altagracia\/"]}]},{"@type":"ImageObject","inLanguage":"en-US","@id":"https:\/\/nld.mirex.gob.do\/consular\/amsterdam\/celebracion-de-la-fiesta-oficial-de-la-madre-y-protectora-espiritual-del-pais-nuestra-senora-de-la-altagracia\/#primaryimage","url":"","contentUrl":""},{"@type":"BreadcrumbList","@id":"https:\/\/nld.mirex.gob.do\/consular\/amsterdam\/celebracion-de-la-fiesta-oficial-de-la-madre-y-protectora-espiritual-del-pais-nuestra-senora-de-la-altagracia\/#breadcrumb","itemListElement":[{"@type":"ListItem","position":1,"name":"Inicio","item":"https:\/\/nld.mirex.gob.do\/consular\/amsterdam\/"},{"@type":"ListItem","position":2,"name":"Celebraci\u00f3n de la fiesta oficial de la madre y protectora espiritual del pa\u00eds Nuestra Se\u00f1ora de la Altagracia"}]},{"@type":"WebSite","@id":"https:\/\/nld.mirex.gob.do\/consular\/amsterdam\/#website","url":"https:\/\/nld.mirex.gob.do\/consular\/amsterdam\/","name":"Consulado General de la Rep\u00fablica Dominicana en La Haya, Reino de los Pa\u00edses Bajos","description":"","publisher":{"@id":"https:\/\/nld.mirex.gob.do\/consular\/amsterdam\/#organization"},"potentialAction":[{"@type":"SearchAction","target":{"@type":"EntryPoint","urlTemplate":"https:\/\/nld.mirex.gob.do\/consular\/amsterdam\/?s={search_term_string}"},"query-input":{"@type":"PropertyValueSpecification","valueRequired":true,"valueName":"search_term_string"}}],"inLanguage":"en-US"},{"@type":"Organization","@id":"https:\/\/nld.mirex.gob.do\/consular\/amsterdam\/#organization","name":"Consulado General de la Rep\u00fablica Dominicana en La Haya, Reino de los Pa\u00edses Bajos","url":"https:\/\/nld.mirex.gob.do\/consular\/amsterdam\/","logo":{"@type":"ImageObject","inLanguage":"en-US","@id":"https:\/\/nld.mirex.gob.do\/consular\/amsterdam\/#\/schema\/logo\/image\/","url":"https:\/\/nld.mirex.gob.do\/consular\/amsterdam\/wp-content\/uploads\/2024\/04\/cropped-consulado_la_haya_reinode_los_Paises_Bajos.jpg","contentUrl":"https:\/\/nld.mirex.gob.do\/consular\/amsterdam\/wp-content\/uploads\/2024\/04\/cropped-consulado_la_haya_reinode_los_Paises_Bajos.jpg","width":999,"height":407,"caption":"Consulado General de la Rep\u00fablica Dominicana en La Haya, Reino de los Pa\u00edses Bajos"},"image":{"@id":"https:\/\/nld.mirex.gob.do\/consular\/amsterdam\/#\/schema\/logo\/image\/"}},{"@type":"Person","@id":"https:\/\/nld.mirex.gob.do\/consular\/amsterdam\/#\/schema\/person\/772a9951ade6a7e4ab978b618b619ff8","name":"Michael Antonio Melo Andujar","image":{"@type":"ImageObject","inLanguage":"en-US","@id":"https:\/\/secure.gravatar.com\/avatar\/f8862d24b6945a30d30c9727ef9dfcd533ee25a18a27afc92991446aeb0e652d?s=96&d=mm&r=g","url":"https:\/\/secure.gravatar.com\/avatar\/f8862d24b6945a30d30c9727ef9dfcd533ee25a18a27afc92991446aeb0e652d?s=96&d=mm&r=g","contentUrl":"https:\/\/secure.gravatar.com\/avatar\/f8862d24b6945a30d30c9727ef9dfcd533ee25a18a27afc92991446aeb0e652d?s=96&d=mm&r=g","caption":"Michael Antonio Melo Andujar"}}]}},"_links":{"self":[{"href":"https:\/\/nld.mirex.gob.do\/consular\/amsterdam\/wp-json\/wp\/v2\/posts\/6433","targetHints":{"allow":["GET"]}}],"collection":[{"href":"https:\/\/nld.mirex.gob.do\/consular\/amsterdam\/wp-json\/wp\/v2\/posts"}],"about":[{"href":"https:\/\/nld.mirex.gob.do\/consular\/amsterdam\/wp-json\/wp\/v2\/types\/post"}],"author":[{"embeddable":true,"href":"https:\/\/nld.mirex.gob.do\/consular\/amsterdam\/wp-json\/wp\/v2\/users\/8"}],"replies":[{"embeddable":true,"href":"https:\/\/nld.mirex.gob.do\/consular\/amsterdam\/wp-json\/wp\/v2\/comments?post=6433"}],"version-history":[{"count":0,"href":"https:\/\/nld.mirex.gob.do\/consular\/amsterdam\/wp-json\/wp\/v2\/posts\/6433\/revisions"}],"wp:featuredmedia":[{"embeddable":true,"href":"https:\/\/nld.mirex.gob.do\/consular\/amsterdam\/wp-json\/"}],"wp:attachment":[{"href":"https:\/\/nld.mirex.gob.do\/consular\/amsterdam\/wp-json\/wp\/v2\/media?parent=6433"}],"wp:term":[{"taxonomy":"category","embeddable":true,"href":"https:\/\/nld.mirex.gob.do\/consular\/amsterdam\/wp-json\/wp\/v2\/categories?post=6433"},{"taxonomy":"post_tag","embeddable":true,"href":"https:\/\/nld.mirex.gob.do\/consular\/amsterdam\/wp-json\/wp\/v2\/tags?post=6433"}],"curies":[{"name":"wp","href":"https:\/\/api.w.org\/{rel}","templated":true}]}}