{"id":6421,"date":"2021-09-29T18:06:21","date_gmt":"2021-09-29T18:06:21","guid":{"rendered":"https:\/\/www.consuladordholanda.com\/?p=5318"},"modified":"2021-09-29T18:06:21","modified_gmt":"2021-09-29T18:06:21","slug":"republica-dominicana-asumira-presidencia-del-consejo-permanente-de-la-oea","status":"publish","type":"post","link":"https:\/\/nld.mirex.gob.do\/consular\/amsterdam\/republica-dominicana-asumira-presidencia-del-consejo-permanente-de-la-oea\/","title":{"rendered":"Rep\u00fablica Dominicana asumir\u00e1 presidencia del Consejo Permanente de la OEA"},"content":{"rendered":"<p><img fetchpriority=\"high\" decoding=\"async\" class=\"alignnone size-full wp-image-5320\" src=\"https:\/\/www.consuladordholanda.com\/wp-content\/uploads\/2021\/09\/Republica-Dominicana-asumira-presidencia-del-Consejo-Permanente-de-la-OEA.jpg\" alt=\"\" width=\"1080\" height=\"1080\"><\/p>\n<p>Gesti\u00f3n priorizar\u00e1 la promoci\u00f3n de los valores e imagen positiva del pa\u00eds, as\u00ed como el fortalecimiento de la democracia y la defensa de los derechos humanos.<br \/>\nSanto Domingo de Guzm\u00e1n, Rep\u00fablica Dominicana._ El Ministerio de Relaciones Exteriores anunci\u00f3 que Rep\u00fablica Dominicana asumir\u00e1 el pr\u00f3ximo 1 de octubre la Presidencia del Consejo Permanente de la Organizaci\u00f3n de Estados Americanos (OEA), con la cual se abre una importante oportunidad para el pa\u00eds de continuar fortaleciendo su presencia y liderazgo en la Organizaci\u00f3n y sus relaciones con los diferentes Estados miembros y observadores permanentes.<\/p>\n<p>La presidencia de tan importante \u00f3rgano ser\u00e1 liderada por el representante permanente del pa\u00eds ante la Organizaci\u00f3n, embajador Josu\u00e9 Fiallo, bajo la direcci\u00f3n del canciller Roberto \u00c1lvarez, y transcurrir\u00e1 en el trimestre octubre-diciembre de 2021.<\/p>\n<p>Dentro del citado per\u00edodo, Rep\u00fablica Dominicana tendr\u00e1 el gran reto de presidir la Comisi\u00f3n General y la Comisi\u00f3n Preparatoria del Quincuag\u00e9simo Primer Per\u00edodo Ordinario de Sesiones de la Asamblea General de la OEA, a llevarse a cabo los d\u00edas 10, 11 y 12 de noviembre de 2021; adem\u00e1s, colaborar con los trabajos preparatorios de la IX Cumbre de las Am\u00e9ricas prevista a celebrarse en los Estados Unidos de Norteam\u00e9rica el a\u00f1o pr\u00f3ximo, as\u00ed como moderar las Sesiones Ordinarias y Extraordinarias del Consejo Permanente donde se discuten los dem\u00e1s temas, propios de la agenda de la Organizaci\u00f3n y cualquier otro de inter\u00e9s hemisf\u00e9rico que sea sometido por sus miembros.<\/p>\n<p>Durante su gesti\u00f3n, la representaci\u00f3n dominicana aspira a alcanzar un compromiso de equilibrio, concertaci\u00f3n y di\u00e1logo constante para avanzar en los temas de la agenda hemisf\u00e9rica en materia de fortalecimiento de la democracia, derechos humanos, seguridad multidimensional y desarrollo integral.<\/p>\n<p>M\u00e1s informaci\u00f3n en <a href=\"http:\/\/www.mirex.gob.do\" target=\"_blank\" rel=\"noopener\">www.mirex.gob.do<\/a><\/p>\n","protected":false},"excerpt":{"rendered":"<p>Gesti\u00f3n priorizar\u00e1 la promoci\u00f3n de los valores e imagen positiva del pa\u00eds, as\u00ed como el fortalecimiento de la democracia y la defensa de los derechos humanos. Santo Domingo de Guzm\u00e1n, Rep\u00fablica Dominicana._ El Ministerio de Relaciones Exteriores anunci\u00f3 que Rep\u00fablica Dominicana asumir\u00e1 el pr\u00f3ximo 1 de octubre la Presidencia del Consejo Permanente de la Organizaci\u00f3n [&hellip;]<\/p>\n","protected":false},"author":8,"featured_media":5321,"comment_status":"closed","ping_status":"open","sticky":false,"template":"","format":"standard","meta":{"site-sidebar-layout":"default","site-content-layout":"","ast-site-content-layout":"default","site-content-style":"default","site-sidebar-style":"default","ast-global-header-display":"","ast-banner-title-visibility":"","ast-main-header-display":"","ast-hfb-above-header-display":"","ast-hfb-below-header-display":"","ast-hfb-mobile-header-display":"","site-post-title":"","ast-breadcrumbs-content":"","ast-featured-img":"","footer-sml-layout":"","ast-disable-related-posts":"","theme-transparent-header-meta":"","adv-header-id-meta":"","stick-header-meta":"","header-above-stick-meta":"","header-main-stick-meta":"","header-below-stick-meta":"","astra-migrate-meta-layouts":"default","ast-page-background-enabled":"default","ast-page-background-meta":{"desktop":{"background-color":"","background-image":"","background-repeat":"repeat","background-position":"center center","background-size":"auto","background-attachment":"scroll","background-type":"","background-media":"","overlay-type":"","overlay-color":"","overlay-opacity":"","overlay-gradient":""},"tablet":{"background-color":"","background-image":"","background-repeat":"repeat","background-position":"center center","background-size":"auto","background-attachment":"scroll","background-type":"","background-media":"","overlay-type":"","overlay-color":"","overlay-opacity":"","overlay-gradient":""},"mobile":{"background-color":"","background-image":"","background-repeat":"repeat","background-position":"center center","background-size":"auto","background-attachment":"scroll","background-type":"","background-media":"","overlay-type":"","overlay-color":"","overlay-opacity":"","overlay-gradient":""}},"ast-content-background-meta":{"desktop":{"background-color":"var(--ast-global-color-5)","background-image":"","background-repeat":"repeat","background-position":"center center","background-size":"auto","background-attachment":"scroll","background-type":"","background-media":"","overlay-type":"","overlay-color":"","overlay-opacity":"","overlay-gradient":""},"tablet":{"background-color":"var(--ast-global-color-5)","background-image":"","background-repeat":"repeat","background-position":"center center","background-size":"auto","background-attachment":"scroll","background-type":"","background-media":"","overlay-type":"","overlay-color":"","overlay-opacity":"","overlay-gradient":""},"mobile":{"background-color":"var(--ast-global-color-5)","background-image":"","background-repeat":"repeat","background-position":"center center","background-size":"auto","background-attachment":"scroll","background-type":"","background-media":"","overlay-type":"","overlay-color":"","overlay-opacity":"","overlay-gradient":""}},"footnotes":""},"categories":[66,405],"tags":[269],"class_list":["post-6421","post","type-post","status-publish","format-standard","has-post-thumbnail","hentry","category-novedades","category-novedades-en-portada","tag-gobierno-de-republica-dominicana"],"yoast_head":"<!-- This site is optimized with the Yoast SEO plugin v27.4 - https:\/\/yoast.com\/product\/yoast-seo-wordpress\/ -->\n<title>Rep\u00fablica Dominicana asumir\u00e1 presidencia del Consejo Permanente de la OEA - Consulado General de la Rep\u00fablica Dominicana en La Haya, Reino de los Pa\u00edses Bajos<\/title>\n<meta name=\"robots\" content=\"index, follow, max-snippet:-1, max-image-preview:large, max-video-preview:-1\" \/>\n<link rel=\"canonical\" href=\"https:\/\/nld.mirex.gob.do\/consular\/amsterdam\/republica-dominicana-asumira-presidencia-del-consejo-permanente-de-la-oea\/\" \/>\n<meta property=\"og:locale\" content=\"en_US\" \/>\n<meta property=\"og:type\" content=\"article\" \/>\n<meta property=\"og:title\" content=\"Rep\u00fablica Dominicana asumir\u00e1 presidencia del Consejo Permanente de la OEA - Consulado General de la Rep\u00fablica Dominicana en La Haya, Reino de los Pa\u00edses Bajos\" \/>\n<meta property=\"og:description\" content=\"Gesti\u00f3n priorizar\u00e1 la promoci\u00f3n de los valores e imagen positiva del pa\u00eds, as\u00ed como el fortalecimiento de la democracia y la defensa de los derechos humanos. Santo Domingo de Guzm\u00e1n, Rep\u00fablica Dominicana._ El Ministerio de Relaciones Exteriores anunci\u00f3 que Rep\u00fablica Dominicana asumir\u00e1 el pr\u00f3ximo 1 de octubre la Presidencia del Consejo Permanente de la Organizaci\u00f3n [&hellip;]\" \/>\n<meta property=\"og:url\" content=\"https:\/\/nld.mirex.gob.do\/consular\/amsterdam\/republica-dominicana-asumira-presidencia-del-consejo-permanente-de-la-oea\/\" \/>\n<meta property=\"og:site_name\" content=\"Consulado General de la Rep\u00fablica Dominicana en La Haya, Reino de los Pa\u00edses Bajos\" \/>\n<meta property=\"article:published_time\" content=\"2021-09-29T18:06:21+00:00\" \/>\n<meta name=\"author\" content=\"Michael Antonio Melo Andujar\" \/>\n<meta name=\"twitter:card\" content=\"summary_large_image\" \/>\n<meta name=\"twitter:label1\" content=\"Written by\" \/>\n\t<meta name=\"twitter:data1\" content=\"Michael Antonio Melo Andujar\" \/>\n\t<meta name=\"twitter:label2\" content=\"Est. reading time\" \/>\n\t<meta name=\"twitter:data2\" content=\"2 minutes\" \/>\n<script type=\"application\/ld+json\" class=\"yoast-schema-graph\">{\"@context\":\"https:\\\/\\\/schema.org\",\"@graph\":[{\"@type\":\"Article\",\"@id\":\"https:\\\/\\\/nld.mirex.gob.do\\\/consular\\\/amsterdam\\\/republica-dominicana-asumira-presidencia-del-consejo-permanente-de-la-oea\\\/#article\",\"isPartOf\":{\"@id\":\"https:\\\/\\\/nld.mirex.gob.do\\\/consular\\\/amsterdam\\\/republica-dominicana-asumira-presidencia-del-consejo-permanente-de-la-oea\\\/\"},\"author\":{\"name\":\"Michael Antonio Melo Andujar\",\"@id\":\"https:\\\/\\\/nld.mirex.gob.do\\\/consular\\\/amsterdam\\\/#\\\/schema\\\/person\\\/772a9951ade6a7e4ab978b618b619ff8\"},\"headline\":\"Rep\u00fablica Dominicana asumir\u00e1 presidencia del Consejo Permanente de la OEA\",\"datePublished\":\"2021-09-29T18:06:21+00:00\",\"mainEntityOfPage\":{\"@id\":\"https:\\\/\\\/nld.mirex.gob.do\\\/consular\\\/amsterdam\\\/republica-dominicana-asumira-presidencia-del-consejo-permanente-de-la-oea\\\/\"},\"wordCount\":322,\"publisher\":{\"@id\":\"https:\\\/\\\/nld.mirex.gob.do\\\/consular\\\/amsterdam\\\/#organization\"},\"image\":{\"@id\":\"https:\\\/\\\/nld.mirex.gob.do\\\/consular\\\/amsterdam\\\/republica-dominicana-asumira-presidencia-del-consejo-permanente-de-la-oea\\\/#primaryimage\"},\"thumbnailUrl\":\"\",\"keywords\":[\"Gobierno de Rep\u00fablica Dominicana\"],\"articleSection\":[\"Novedades\",\"Novedades en portada\"],\"inLanguage\":\"en-US\"},{\"@type\":\"WebPage\",\"@id\":\"https:\\\/\\\/nld.mirex.gob.do\\\/consular\\\/amsterdam\\\/republica-dominicana-asumira-presidencia-del-consejo-permanente-de-la-oea\\\/\",\"url\":\"https:\\\/\\\/nld.mirex.gob.do\\\/consular\\\/amsterdam\\\/republica-dominicana-asumira-presidencia-del-consejo-permanente-de-la-oea\\\/\",\"name\":\"Rep\u00fablica Dominicana asumir\u00e1 presidencia del Consejo Permanente de la OEA - Consulado General de la Rep\u00fablica Dominicana en La Haya, Reino de los Pa\u00edses Bajos\",\"isPartOf\":{\"@id\":\"https:\\\/\\\/nld.mirex.gob.do\\\/consular\\\/amsterdam\\\/#website\"},\"primaryImageOfPage\":{\"@id\":\"https:\\\/\\\/nld.mirex.gob.do\\\/consular\\\/amsterdam\\\/republica-dominicana-asumira-presidencia-del-consejo-permanente-de-la-oea\\\/#primaryimage\"},\"image\":{\"@id\":\"https:\\\/\\\/nld.mirex.gob.do\\\/consular\\\/amsterdam\\\/republica-dominicana-asumira-presidencia-del-consejo-permanente-de-la-oea\\\/#primaryimage\"},\"thumbnailUrl\":\"\",\"datePublished\":\"2021-09-29T18:06:21+00:00\",\"breadcrumb\":{\"@id\":\"https:\\\/\\\/nld.mirex.gob.do\\\/consular\\\/amsterdam\\\/republica-dominicana-asumira-presidencia-del-consejo-permanente-de-la-oea\\\/#breadcrumb\"},\"inLanguage\":\"en-US\",\"potentialAction\":[{\"@type\":\"ReadAction\",\"target\":[\"https:\\\/\\\/nld.mirex.gob.do\\\/consular\\\/amsterdam\\\/republica-dominicana-asumira-presidencia-del-consejo-permanente-de-la-oea\\\/\"]}]},{\"@type\":\"ImageObject\",\"inLanguage\":\"en-US\",\"@id\":\"https:\\\/\\\/nld.mirex.gob.do\\\/consular\\\/amsterdam\\\/republica-dominicana-asumira-presidencia-del-consejo-permanente-de-la-oea\\\/#primaryimage\",\"url\":\"\",\"contentUrl\":\"\"},{\"@type\":\"BreadcrumbList\",\"@id\":\"https:\\\/\\\/nld.mirex.gob.do\\\/consular\\\/amsterdam\\\/republica-dominicana-asumira-presidencia-del-consejo-permanente-de-la-oea\\\/#breadcrumb\",\"itemListElement\":[{\"@type\":\"ListItem\",\"position\":1,\"name\":\"Inicio\",\"item\":\"https:\\\/\\\/nld.mirex.gob.do\\\/consular\\\/amsterdam\\\/\"},{\"@type\":\"ListItem\",\"position\":2,\"name\":\"Rep\u00fablica Dominicana asumir\u00e1 presidencia del Consejo Permanente de la OEA\"}]},{\"@type\":\"WebSite\",\"@id\":\"https:\\\/\\\/nld.mirex.gob.do\\\/consular\\\/amsterdam\\\/#website\",\"url\":\"https:\\\/\\\/nld.mirex.gob.do\\\/consular\\\/amsterdam\\\/\",\"name\":\"Consulado General de la Rep\u00fablica Dominicana en La Haya, Reino de los Pa\u00edses Bajos\",\"description\":\"\",\"publisher\":{\"@id\":\"https:\\\/\\\/nld.mirex.gob.do\\\/consular\\\/amsterdam\\\/#organization\"},\"potentialAction\":[{\"@type\":\"SearchAction\",\"target\":{\"@type\":\"EntryPoint\",\"urlTemplate\":\"https:\\\/\\\/nld.mirex.gob.do\\\/consular\\\/amsterdam\\\/?s={search_term_string}\"},\"query-input\":{\"@type\":\"PropertyValueSpecification\",\"valueRequired\":true,\"valueName\":\"search_term_string\"}}],\"inLanguage\":\"en-US\"},{\"@type\":\"Organization\",\"@id\":\"https:\\\/\\\/nld.mirex.gob.do\\\/consular\\\/amsterdam\\\/#organization\",\"name\":\"Consulado General de la Rep\u00fablica Dominicana en La Haya, Reino de los Pa\u00edses Bajos\",\"url\":\"https:\\\/\\\/nld.mirex.gob.do\\\/consular\\\/amsterdam\\\/\",\"logo\":{\"@type\":\"ImageObject\",\"inLanguage\":\"en-US\",\"@id\":\"https:\\\/\\\/nld.mirex.gob.do\\\/consular\\\/amsterdam\\\/#\\\/schema\\\/logo\\\/image\\\/\",\"url\":\"https:\\\/\\\/nld.mirex.gob.do\\\/consular\\\/amsterdam\\\/wp-content\\\/uploads\\\/2024\\\/04\\\/cropped-consulado_la_haya_reinode_los_Paises_Bajos.jpg\",\"contentUrl\":\"https:\\\/\\\/nld.mirex.gob.do\\\/consular\\\/amsterdam\\\/wp-content\\\/uploads\\\/2024\\\/04\\\/cropped-consulado_la_haya_reinode_los_Paises_Bajos.jpg\",\"width\":999,\"height\":407,\"caption\":\"Consulado General de la Rep\u00fablica Dominicana en La Haya, Reino de los Pa\u00edses Bajos\"},\"image\":{\"@id\":\"https:\\\/\\\/nld.mirex.gob.do\\\/consular\\\/amsterdam\\\/#\\\/schema\\\/logo\\\/image\\\/\"}},{\"@type\":\"Person\",\"@id\":\"https:\\\/\\\/nld.mirex.gob.do\\\/consular\\\/amsterdam\\\/#\\\/schema\\\/person\\\/772a9951ade6a7e4ab978b618b619ff8\",\"name\":\"Michael Antonio Melo Andujar\",\"image\":{\"@type\":\"ImageObject\",\"inLanguage\":\"en-US\",\"@id\":\"https:\\\/\\\/secure.gravatar.com\\\/avatar\\\/f8862d24b6945a30d30c9727ef9dfcd533ee25a18a27afc92991446aeb0e652d?s=96&d=mm&r=g\",\"url\":\"https:\\\/\\\/secure.gravatar.com\\\/avatar\\\/f8862d24b6945a30d30c9727ef9dfcd533ee25a18a27afc92991446aeb0e652d?s=96&d=mm&r=g\",\"contentUrl\":\"https:\\\/\\\/secure.gravatar.com\\\/avatar\\\/f8862d24b6945a30d30c9727ef9dfcd533ee25a18a27afc92991446aeb0e652d?s=96&d=mm&r=g\",\"caption\":\"Michael Antonio Melo Andujar\"}}]}<\/script>\n<!-- \/ Yoast SEO plugin. -->","yoast_head_json":{"title":"Rep\u00fablica Dominicana asumir\u00e1 presidencia del Consejo Permanente de la OEA - Consulado General de la Rep\u00fablica Dominicana en La Haya, Reino de los Pa\u00edses Bajos","robots":{"index":"index","follow":"follow","max-snippet":"max-snippet:-1","max-image-preview":"max-image-preview:large","max-video-preview":"max-video-preview:-1"},"canonical":"https:\/\/nld.mirex.gob.do\/consular\/amsterdam\/republica-dominicana-asumira-presidencia-del-consejo-permanente-de-la-oea\/","og_locale":"en_US","og_type":"article","og_title":"Rep\u00fablica Dominicana asumir\u00e1 presidencia del Consejo Permanente de la OEA - Consulado General de la Rep\u00fablica Dominicana en La Haya, Reino de los Pa\u00edses Bajos","og_description":"Gesti\u00f3n priorizar\u00e1 la promoci\u00f3n de los valores e imagen positiva del pa\u00eds, as\u00ed como el fortalecimiento de la democracia y la defensa de los derechos humanos. Santo Domingo de Guzm\u00e1n, Rep\u00fablica Dominicana._ El Ministerio de Relaciones Exteriores anunci\u00f3 que Rep\u00fablica Dominicana asumir\u00e1 el pr\u00f3ximo 1 de octubre la Presidencia del Consejo Permanente de la Organizaci\u00f3n [&hellip;]","og_url":"https:\/\/nld.mirex.gob.do\/consular\/amsterdam\/republica-dominicana-asumira-presidencia-del-consejo-permanente-de-la-oea\/","og_site_name":"Consulado General de la Rep\u00fablica Dominicana en La Haya, Reino de los Pa\u00edses Bajos","article_published_time":"2021-09-29T18:06:21+00:00","author":"Michael Antonio Melo Andujar","twitter_card":"summary_large_image","twitter_misc":{"Written by":"Michael Antonio Melo Andujar","Est. reading time":"2 minutes"},"schema":{"@context":"https:\/\/schema.org","@graph":[{"@type":"Article","@id":"https:\/\/nld.mirex.gob.do\/consular\/amsterdam\/republica-dominicana-asumira-presidencia-del-consejo-permanente-de-la-oea\/#article","isPartOf":{"@id":"https:\/\/nld.mirex.gob.do\/consular\/amsterdam\/republica-dominicana-asumira-presidencia-del-consejo-permanente-de-la-oea\/"},"author":{"name":"Michael Antonio Melo Andujar","@id":"https:\/\/nld.mirex.gob.do\/consular\/amsterdam\/#\/schema\/person\/772a9951ade6a7e4ab978b618b619ff8"},"headline":"Rep\u00fablica Dominicana asumir\u00e1 presidencia del Consejo Permanente de la OEA","datePublished":"2021-09-29T18:06:21+00:00","mainEntityOfPage":{"@id":"https:\/\/nld.mirex.gob.do\/consular\/amsterdam\/republica-dominicana-asumira-presidencia-del-consejo-permanente-de-la-oea\/"},"wordCount":322,"publisher":{"@id":"https:\/\/nld.mirex.gob.do\/consular\/amsterdam\/#organization"},"image":{"@id":"https:\/\/nld.mirex.gob.do\/consular\/amsterdam\/republica-dominicana-asumira-presidencia-del-consejo-permanente-de-la-oea\/#primaryimage"},"thumbnailUrl":"","keywords":["Gobierno de Rep\u00fablica Dominicana"],"articleSection":["Novedades","Novedades en portada"],"inLanguage":"en-US"},{"@type":"WebPage","@id":"https:\/\/nld.mirex.gob.do\/consular\/amsterdam\/republica-dominicana-asumira-presidencia-del-consejo-permanente-de-la-oea\/","url":"https:\/\/nld.mirex.gob.do\/consular\/amsterdam\/republica-dominicana-asumira-presidencia-del-consejo-permanente-de-la-oea\/","name":"Rep\u00fablica Dominicana asumir\u00e1 presidencia del Consejo Permanente de la OEA - Consulado General de la Rep\u00fablica Dominicana en La Haya, Reino de los Pa\u00edses Bajos","isPartOf":{"@id":"https:\/\/nld.mirex.gob.do\/consular\/amsterdam\/#website"},"primaryImageOfPage":{"@id":"https:\/\/nld.mirex.gob.do\/consular\/amsterdam\/republica-dominicana-asumira-presidencia-del-consejo-permanente-de-la-oea\/#primaryimage"},"image":{"@id":"https:\/\/nld.mirex.gob.do\/consular\/amsterdam\/republica-dominicana-asumira-presidencia-del-consejo-permanente-de-la-oea\/#primaryimage"},"thumbnailUrl":"","datePublished":"2021-09-29T18:06:21+00:00","breadcrumb":{"@id":"https:\/\/nld.mirex.gob.do\/consular\/amsterdam\/republica-dominicana-asumira-presidencia-del-consejo-permanente-de-la-oea\/#breadcrumb"},"inLanguage":"en-US","potentialAction":[{"@type":"ReadAction","target":["https:\/\/nld.mirex.gob.do\/consular\/amsterdam\/republica-dominicana-asumira-presidencia-del-consejo-permanente-de-la-oea\/"]}]},{"@type":"ImageObject","inLanguage":"en-US","@id":"https:\/\/nld.mirex.gob.do\/consular\/amsterdam\/republica-dominicana-asumira-presidencia-del-consejo-permanente-de-la-oea\/#primaryimage","url":"","contentUrl":""},{"@type":"BreadcrumbList","@id":"https:\/\/nld.mirex.gob.do\/consular\/amsterdam\/republica-dominicana-asumira-presidencia-del-consejo-permanente-de-la-oea\/#breadcrumb","itemListElement":[{"@type":"ListItem","position":1,"name":"Inicio","item":"https:\/\/nld.mirex.gob.do\/consular\/amsterdam\/"},{"@type":"ListItem","position":2,"name":"Rep\u00fablica Dominicana asumir\u00e1 presidencia del Consejo Permanente de la OEA"}]},{"@type":"WebSite","@id":"https:\/\/nld.mirex.gob.do\/consular\/amsterdam\/#website","url":"https:\/\/nld.mirex.gob.do\/consular\/amsterdam\/","name":"Consulado General de la Rep\u00fablica Dominicana en La Haya, Reino de los Pa\u00edses Bajos","description":"","publisher":{"@id":"https:\/\/nld.mirex.gob.do\/consular\/amsterdam\/#organization"},"potentialAction":[{"@type":"SearchAction","target":{"@type":"EntryPoint","urlTemplate":"https:\/\/nld.mirex.gob.do\/consular\/amsterdam\/?s={search_term_string}"},"query-input":{"@type":"PropertyValueSpecification","valueRequired":true,"valueName":"search_term_string"}}],"inLanguage":"en-US"},{"@type":"Organization","@id":"https:\/\/nld.mirex.gob.do\/consular\/amsterdam\/#organization","name":"Consulado General de la Rep\u00fablica Dominicana en La Haya, Reino de los Pa\u00edses Bajos","url":"https:\/\/nld.mirex.gob.do\/consular\/amsterdam\/","logo":{"@type":"ImageObject","inLanguage":"en-US","@id":"https:\/\/nld.mirex.gob.do\/consular\/amsterdam\/#\/schema\/logo\/image\/","url":"https:\/\/nld.mirex.gob.do\/consular\/amsterdam\/wp-content\/uploads\/2024\/04\/cropped-consulado_la_haya_reinode_los_Paises_Bajos.jpg","contentUrl":"https:\/\/nld.mirex.gob.do\/consular\/amsterdam\/wp-content\/uploads\/2024\/04\/cropped-consulado_la_haya_reinode_los_Paises_Bajos.jpg","width":999,"height":407,"caption":"Consulado General de la Rep\u00fablica Dominicana en La Haya, Reino de los Pa\u00edses Bajos"},"image":{"@id":"https:\/\/nld.mirex.gob.do\/consular\/amsterdam\/#\/schema\/logo\/image\/"}},{"@type":"Person","@id":"https:\/\/nld.mirex.gob.do\/consular\/amsterdam\/#\/schema\/person\/772a9951ade6a7e4ab978b618b619ff8","name":"Michael Antonio Melo Andujar","image":{"@type":"ImageObject","inLanguage":"en-US","@id":"https:\/\/secure.gravatar.com\/avatar\/f8862d24b6945a30d30c9727ef9dfcd533ee25a18a27afc92991446aeb0e652d?s=96&d=mm&r=g","url":"https:\/\/secure.gravatar.com\/avatar\/f8862d24b6945a30d30c9727ef9dfcd533ee25a18a27afc92991446aeb0e652d?s=96&d=mm&r=g","contentUrl":"https:\/\/secure.gravatar.com\/avatar\/f8862d24b6945a30d30c9727ef9dfcd533ee25a18a27afc92991446aeb0e652d?s=96&d=mm&r=g","caption":"Michael Antonio Melo Andujar"}}]}},"_links":{"self":[{"href":"https:\/\/nld.mirex.gob.do\/consular\/amsterdam\/wp-json\/wp\/v2\/posts\/6421","targetHints":{"allow":["GET"]}}],"collection":[{"href":"https:\/\/nld.mirex.gob.do\/consular\/amsterdam\/wp-json\/wp\/v2\/posts"}],"about":[{"href":"https:\/\/nld.mirex.gob.do\/consular\/amsterdam\/wp-json\/wp\/v2\/types\/post"}],"author":[{"embeddable":true,"href":"https:\/\/nld.mirex.gob.do\/consular\/amsterdam\/wp-json\/wp\/v2\/users\/8"}],"replies":[{"embeddable":true,"href":"https:\/\/nld.mirex.gob.do\/consular\/amsterdam\/wp-json\/wp\/v2\/comments?post=6421"}],"version-history":[{"count":0,"href":"https:\/\/nld.mirex.gob.do\/consular\/amsterdam\/wp-json\/wp\/v2\/posts\/6421\/revisions"}],"wp:featuredmedia":[{"embeddable":true,"href":"https:\/\/nld.mirex.gob.do\/consular\/amsterdam\/wp-json\/"}],"wp:attachment":[{"href":"https:\/\/nld.mirex.gob.do\/consular\/amsterdam\/wp-json\/wp\/v2\/media?parent=6421"}],"wp:term":[{"taxonomy":"category","embeddable":true,"href":"https:\/\/nld.mirex.gob.do\/consular\/amsterdam\/wp-json\/wp\/v2\/categories?post=6421"},{"taxonomy":"post_tag","embeddable":true,"href":"https:\/\/nld.mirex.gob.do\/consular\/amsterdam\/wp-json\/wp\/v2\/tags?post=6421"}],"curies":[{"name":"wp","href":"https:\/\/api.w.org\/{rel}","templated":true}]}}