{"id":6398,"date":"2021-07-10T10:37:09","date_gmt":"2021-07-10T10:37:09","guid":{"rendered":"https:\/\/www.consuladordholanda.com\/?p=4907"},"modified":"2021-07-10T10:37:09","modified_gmt":"2021-07-10T10:37:09","slug":"acto-de-reconocimiento-a-la-chef-maria-marte-mirex","status":"publish","type":"post","link":"https:\/\/nld.mirex.gob.do\/consular\/amsterdam\/acto-de-reconocimiento-a-la-chef-maria-marte-mirex\/","title":{"rendered":"Acto de reconocimiento a la Chef Mar\u00eda Marte \u2013 MIREX"},"content":{"rendered":"<div class=\"ast-oembed-container \" style=\"height: 100%;\"><iframe title=\"Acto de reconocimiento a la Chef Mar\u00eda Marte MIREX\" width=\"500\" height=\"281\" src=\"https:\/\/www.youtube.com\/embed\/LWma4WNqXoA?feature=oembed\" frameborder=\"0\" allow=\"accelerometer; autoplay; clipboard-write; encrypted-media; gyroscope; picture-in-picture; web-share\" referrerpolicy=\"strict-origin-when-cross-origin\" allowfullscreen><\/iframe><\/div>\n<p>\u00a1Orgullo dominicano! &#x1f1e9;&#x1f1f4;<\/p>\n<p>Con gran orgullo Rep\u00fablica Dominicana recibe la designaci\u00f3n de la destacada chef dominicana Mar\u00eda Marte (<a href=\"https:\/\/www.instagram.com\/chefmariamarte\/\">@chefmariamarte<\/a>), como \u201cEmbajadora Iberoamericana de la Cultura\u201d, reconocimiento entregado por la secretaria general Iberoamericana, Rebeca Grynspan, junto al canciller Roberto \u00c1lvarez y la ministra de Cultura, <a href=\"https:\/\/www.instagram.com\/carmenherediadg\/\">@carmenherediadg<\/a>.<\/p>\n<p>Este nombramiento de alto valor es realizado por la Secretar\u00eda General Iberoamericana (SEGIB), en el marco de la Secretar\u00eda Pro T\u00e9mpore de la Conferencia Iberoamericana, que actualmente ostenta Rep\u00fablica Dominicana, y enaltece el papel de la gastronom\u00eda en la cultura y la identidad de la regi\u00f3n.<\/p>\n<p>Desde el ConsuladoGeneral de la Rep\u00fablica Dominicana en \u00c1msterdam, Pa\u00edses bajos, junto al MIREX, aplaudimos este importante hito en la carrera de nuestra chef, con el cual se reconoce su excepcional trayectoria desarrollada en <a href=\"https:\/\/www.instagram.com\/explore\/tags\/rd\/\">#RD<\/a> &#x1f1e9;&#x1f1f4; y <a href=\"https:\/\/www.instagram.com\/explore\/tags\/espa\u00f1a\/\">#Espa\u00f1a<\/a> &#x1f1ea;&#x1f1f8;, habiendo alcanzado dos estrellas Michelin y que a partir de ahora la convierte en la tercera Embajadora Iberoamericana de la Cultura, sum\u00e1ndose al cantautor y compositor uruguayo Jorge Drexler y al cantante, percusionista y productor brasile\u00f1o Carlinhos Brown.<\/p>\n<p><a href=\"https:\/\/www.instagram.com\/chefmariamarte\/\">@chefmariamarte<\/a> <a href=\"https:\/\/www.instagram.com\/CumbreIberoA\/\">@CumbreIberoA<\/a> <a href=\"https:\/\/www.instagram.com\/SEGIBdigital\/\">@SEGIBdigital<\/a> <a href=\"https:\/\/www.instagram.com\/RGrynspan\/\">@RGrynspan<\/a> <a href=\"https:\/\/www.instagram.com\/embajadardenesp\/\">@embajadardenesp<\/a> <a href=\"https:\/\/www.instagram.com\/index.es\/\">@index.es<\/a><\/p>\n<p>&nbsp;<\/p>\n","protected":false},"excerpt":{"rendered":"<p>\u00a1Orgullo dominicano! &#x1f1e9;&#x1f1f4; Con gran orgullo Rep\u00fablica Dominicana recibe la designaci\u00f3n de la destacada chef dominicana Mar\u00eda Marte (@chefmariamarte), como \u201cEmbajadora Iberoamericana de la Cultura\u201d, reconocimiento entregado por la secretaria general Iberoamericana, Rebeca Grynspan, junto al canciller Roberto \u00c1lvarez y la ministra de Cultura, @carmenherediadg. Este nombramiento de alto valor es realizado por la Secretar\u00eda [&hellip;]<\/p>\n","protected":false},"author":8,"featured_media":4908,"comment_status":"closed","ping_status":"open","sticky":false,"template":"","format":"standard","meta":{"site-sidebar-layout":"default","site-content-layout":"","ast-site-content-layout":"default","site-content-style":"default","site-sidebar-style":"default","ast-global-header-display":"","ast-banner-title-visibility":"","ast-main-header-display":"","ast-hfb-above-header-display":"","ast-hfb-below-header-display":"","ast-hfb-mobile-header-display":"","site-post-title":"","ast-breadcrumbs-content":"","ast-featured-img":"","footer-sml-layout":"","ast-disable-related-posts":"","theme-transparent-header-meta":"","adv-header-id-meta":"","stick-header-meta":"","header-above-stick-meta":"","header-main-stick-meta":"","header-below-stick-meta":"","astra-migrate-meta-layouts":"default","ast-page-background-enabled":"default","ast-page-background-meta":{"desktop":{"background-color":"","background-image":"","background-repeat":"repeat","background-position":"center center","background-size":"auto","background-attachment":"scroll","background-type":"","background-media":"","overlay-type":"","overlay-color":"","overlay-opacity":"","overlay-gradient":""},"tablet":{"background-color":"","background-image":"","background-repeat":"repeat","background-position":"center center","background-size":"auto","background-attachment":"scroll","background-type":"","background-media":"","overlay-type":"","overlay-color":"","overlay-opacity":"","overlay-gradient":""},"mobile":{"background-color":"","background-image":"","background-repeat":"repeat","background-position":"center center","background-size":"auto","background-attachment":"scroll","background-type":"","background-media":"","overlay-type":"","overlay-color":"","overlay-opacity":"","overlay-gradient":""}},"ast-content-background-meta":{"desktop":{"background-color":"var(--ast-global-color-5)","background-image":"","background-repeat":"repeat","background-position":"center center","background-size":"auto","background-attachment":"scroll","background-type":"","background-media":"","overlay-type":"","overlay-color":"","overlay-opacity":"","overlay-gradient":""},"tablet":{"background-color":"var(--ast-global-color-5)","background-image":"","background-repeat":"repeat","background-position":"center center","background-size":"auto","background-attachment":"scroll","background-type":"","background-media":"","overlay-type":"","overlay-color":"","overlay-opacity":"","overlay-gradient":""},"mobile":{"background-color":"var(--ast-global-color-5)","background-image":"","background-repeat":"repeat","background-position":"center center","background-size":"auto","background-attachment":"scroll","background-type":"","background-media":"","overlay-type":"","overlay-color":"","overlay-opacity":"","overlay-gradient":""}},"footnotes":""},"categories":[101,408],"tags":[473,449],"class_list":["post-6398","post","type-post","status-publish","format-standard","has-post-thumbnail","hentry","category-actividades","category-actividades-en-portada","tag-maria-marte","tag-reconocimiento"],"yoast_head":"<!-- This site is optimized with the Yoast SEO plugin v27.4 - https:\/\/yoast.com\/product\/yoast-seo-wordpress\/ -->\n<title>Acto de reconocimiento a la Chef Mar\u00eda Marte \u2013 MIREX - Consulado General de la Rep\u00fablica Dominicana en La Haya, Reino de los Pa\u00edses Bajos<\/title>\n<meta name=\"robots\" content=\"index, follow, max-snippet:-1, max-image-preview:large, max-video-preview:-1\" \/>\n<link rel=\"canonical\" href=\"https:\/\/nld.mirex.gob.do\/consular\/amsterdam\/acto-de-reconocimiento-a-la-chef-maria-marte-mirex\/\" \/>\n<meta property=\"og:locale\" content=\"en_US\" \/>\n<meta property=\"og:type\" content=\"article\" \/>\n<meta property=\"og:title\" content=\"Acto de reconocimiento a la Chef Mar\u00eda Marte \u2013 MIREX - Consulado General de la Rep\u00fablica Dominicana en La Haya, Reino de los Pa\u00edses Bajos\" \/>\n<meta property=\"og:description\" content=\"\u00a1Orgullo dominicano! &#x1f1e9;&#x1f1f4; Con gran orgullo Rep\u00fablica Dominicana recibe la designaci\u00f3n de la destacada chef dominicana Mar\u00eda Marte (@chefmariamarte), como \u201cEmbajadora Iberoamericana de la Cultura\u201d, reconocimiento entregado por la secretaria general Iberoamericana, Rebeca Grynspan, junto al canciller Roberto \u00c1lvarez y la ministra de Cultura, @carmenherediadg. Este nombramiento de alto valor es realizado por la Secretar\u00eda [&hellip;]\" \/>\n<meta property=\"og:url\" content=\"https:\/\/nld.mirex.gob.do\/consular\/amsterdam\/acto-de-reconocimiento-a-la-chef-maria-marte-mirex\/\" \/>\n<meta property=\"og:site_name\" content=\"Consulado General de la Rep\u00fablica Dominicana en La Haya, Reino de los Pa\u00edses Bajos\" \/>\n<meta property=\"article:published_time\" content=\"2021-07-10T10:37:09+00:00\" \/>\n<meta name=\"author\" content=\"Michael Antonio Melo Andujar\" \/>\n<meta name=\"twitter:card\" content=\"summary_large_image\" \/>\n<meta name=\"twitter:label1\" content=\"Written by\" \/>\n\t<meta name=\"twitter:data1\" content=\"Michael Antonio Melo Andujar\" \/>\n\t<meta name=\"twitter:label2\" content=\"Est. reading time\" \/>\n\t<meta name=\"twitter:data2\" content=\"1 minute\" \/>\n<script type=\"application\/ld+json\" class=\"yoast-schema-graph\">{\"@context\":\"https:\\\/\\\/schema.org\",\"@graph\":[{\"@type\":\"Article\",\"@id\":\"https:\\\/\\\/nld.mirex.gob.do\\\/consular\\\/amsterdam\\\/acto-de-reconocimiento-a-la-chef-maria-marte-mirex\\\/#article\",\"isPartOf\":{\"@id\":\"https:\\\/\\\/nld.mirex.gob.do\\\/consular\\\/amsterdam\\\/acto-de-reconocimiento-a-la-chef-maria-marte-mirex\\\/\"},\"author\":{\"name\":\"Michael Antonio Melo Andujar\",\"@id\":\"https:\\\/\\\/nld.mirex.gob.do\\\/consular\\\/amsterdam\\\/#\\\/schema\\\/person\\\/772a9951ade6a7e4ab978b618b619ff8\"},\"headline\":\"Acto de reconocimiento a la Chef Mar\u00eda Marte \u2013 MIREX\",\"datePublished\":\"2021-07-10T10:37:09+00:00\",\"mainEntityOfPage\":{\"@id\":\"https:\\\/\\\/nld.mirex.gob.do\\\/consular\\\/amsterdam\\\/acto-de-reconocimiento-a-la-chef-maria-marte-mirex\\\/\"},\"wordCount\":220,\"publisher\":{\"@id\":\"https:\\\/\\\/nld.mirex.gob.do\\\/consular\\\/amsterdam\\\/#organization\"},\"image\":{\"@id\":\"https:\\\/\\\/nld.mirex.gob.do\\\/consular\\\/amsterdam\\\/acto-de-reconocimiento-a-la-chef-maria-marte-mirex\\\/#primaryimage\"},\"thumbnailUrl\":\"\",\"keywords\":[\"Mar\u00eda Marte\",\"reconocimiento\"],\"articleSection\":[\"Actividades\",\"Actividades en portada\"],\"inLanguage\":\"en-US\"},{\"@type\":\"WebPage\",\"@id\":\"https:\\\/\\\/nld.mirex.gob.do\\\/consular\\\/amsterdam\\\/acto-de-reconocimiento-a-la-chef-maria-marte-mirex\\\/\",\"url\":\"https:\\\/\\\/nld.mirex.gob.do\\\/consular\\\/amsterdam\\\/acto-de-reconocimiento-a-la-chef-maria-marte-mirex\\\/\",\"name\":\"Acto de reconocimiento a la Chef Mar\u00eda Marte \u2013 MIREX - Consulado General de la Rep\u00fablica Dominicana en La Haya, Reino de los Pa\u00edses Bajos\",\"isPartOf\":{\"@id\":\"https:\\\/\\\/nld.mirex.gob.do\\\/consular\\\/amsterdam\\\/#website\"},\"primaryImageOfPage\":{\"@id\":\"https:\\\/\\\/nld.mirex.gob.do\\\/consular\\\/amsterdam\\\/acto-de-reconocimiento-a-la-chef-maria-marte-mirex\\\/#primaryimage\"},\"image\":{\"@id\":\"https:\\\/\\\/nld.mirex.gob.do\\\/consular\\\/amsterdam\\\/acto-de-reconocimiento-a-la-chef-maria-marte-mirex\\\/#primaryimage\"},\"thumbnailUrl\":\"\",\"datePublished\":\"2021-07-10T10:37:09+00:00\",\"breadcrumb\":{\"@id\":\"https:\\\/\\\/nld.mirex.gob.do\\\/consular\\\/amsterdam\\\/acto-de-reconocimiento-a-la-chef-maria-marte-mirex\\\/#breadcrumb\"},\"inLanguage\":\"en-US\",\"potentialAction\":[{\"@type\":\"ReadAction\",\"target\":[\"https:\\\/\\\/nld.mirex.gob.do\\\/consular\\\/amsterdam\\\/acto-de-reconocimiento-a-la-chef-maria-marte-mirex\\\/\"]}]},{\"@type\":\"ImageObject\",\"inLanguage\":\"en-US\",\"@id\":\"https:\\\/\\\/nld.mirex.gob.do\\\/consular\\\/amsterdam\\\/acto-de-reconocimiento-a-la-chef-maria-marte-mirex\\\/#primaryimage\",\"url\":\"\",\"contentUrl\":\"\"},{\"@type\":\"BreadcrumbList\",\"@id\":\"https:\\\/\\\/nld.mirex.gob.do\\\/consular\\\/amsterdam\\\/acto-de-reconocimiento-a-la-chef-maria-marte-mirex\\\/#breadcrumb\",\"itemListElement\":[{\"@type\":\"ListItem\",\"position\":1,\"name\":\"Inicio\",\"item\":\"https:\\\/\\\/nld.mirex.gob.do\\\/consular\\\/amsterdam\\\/\"},{\"@type\":\"ListItem\",\"position\":2,\"name\":\"Acto de reconocimiento a la Chef Mar\u00eda Marte \u2013 MIREX\"}]},{\"@type\":\"WebSite\",\"@id\":\"https:\\\/\\\/nld.mirex.gob.do\\\/consular\\\/amsterdam\\\/#website\",\"url\":\"https:\\\/\\\/nld.mirex.gob.do\\\/consular\\\/amsterdam\\\/\",\"name\":\"Consulado General de la Rep\u00fablica Dominicana en La Haya, Reino de los Pa\u00edses Bajos\",\"description\":\"\",\"publisher\":{\"@id\":\"https:\\\/\\\/nld.mirex.gob.do\\\/consular\\\/amsterdam\\\/#organization\"},\"potentialAction\":[{\"@type\":\"SearchAction\",\"target\":{\"@type\":\"EntryPoint\",\"urlTemplate\":\"https:\\\/\\\/nld.mirex.gob.do\\\/consular\\\/amsterdam\\\/?s={search_term_string}\"},\"query-input\":{\"@type\":\"PropertyValueSpecification\",\"valueRequired\":true,\"valueName\":\"search_term_string\"}}],\"inLanguage\":\"en-US\"},{\"@type\":\"Organization\",\"@id\":\"https:\\\/\\\/nld.mirex.gob.do\\\/consular\\\/amsterdam\\\/#organization\",\"name\":\"Consulado General de la Rep\u00fablica Dominicana en La Haya, Reino de los Pa\u00edses Bajos\",\"url\":\"https:\\\/\\\/nld.mirex.gob.do\\\/consular\\\/amsterdam\\\/\",\"logo\":{\"@type\":\"ImageObject\",\"inLanguage\":\"en-US\",\"@id\":\"https:\\\/\\\/nld.mirex.gob.do\\\/consular\\\/amsterdam\\\/#\\\/schema\\\/logo\\\/image\\\/\",\"url\":\"https:\\\/\\\/nld.mirex.gob.do\\\/consular\\\/amsterdam\\\/wp-content\\\/uploads\\\/2024\\\/04\\\/cropped-consulado_la_haya_reinode_los_Paises_Bajos.jpg\",\"contentUrl\":\"https:\\\/\\\/nld.mirex.gob.do\\\/consular\\\/amsterdam\\\/wp-content\\\/uploads\\\/2024\\\/04\\\/cropped-consulado_la_haya_reinode_los_Paises_Bajos.jpg\",\"width\":999,\"height\":407,\"caption\":\"Consulado General de la Rep\u00fablica Dominicana en La Haya, Reino de los Pa\u00edses Bajos\"},\"image\":{\"@id\":\"https:\\\/\\\/nld.mirex.gob.do\\\/consular\\\/amsterdam\\\/#\\\/schema\\\/logo\\\/image\\\/\"}},{\"@type\":\"Person\",\"@id\":\"https:\\\/\\\/nld.mirex.gob.do\\\/consular\\\/amsterdam\\\/#\\\/schema\\\/person\\\/772a9951ade6a7e4ab978b618b619ff8\",\"name\":\"Michael Antonio Melo Andujar\",\"image\":{\"@type\":\"ImageObject\",\"inLanguage\":\"en-US\",\"@id\":\"https:\\\/\\\/secure.gravatar.com\\\/avatar\\\/f8862d24b6945a30d30c9727ef9dfcd533ee25a18a27afc92991446aeb0e652d?s=96&d=mm&r=g\",\"url\":\"https:\\\/\\\/secure.gravatar.com\\\/avatar\\\/f8862d24b6945a30d30c9727ef9dfcd533ee25a18a27afc92991446aeb0e652d?s=96&d=mm&r=g\",\"contentUrl\":\"https:\\\/\\\/secure.gravatar.com\\\/avatar\\\/f8862d24b6945a30d30c9727ef9dfcd533ee25a18a27afc92991446aeb0e652d?s=96&d=mm&r=g\",\"caption\":\"Michael Antonio Melo Andujar\"}}]}<\/script>\n<!-- \/ Yoast SEO plugin. -->","yoast_head_json":{"title":"Acto de reconocimiento a la Chef Mar\u00eda Marte \u2013 MIREX - Consulado General de la Rep\u00fablica Dominicana en La Haya, Reino de los Pa\u00edses Bajos","robots":{"index":"index","follow":"follow","max-snippet":"max-snippet:-1","max-image-preview":"max-image-preview:large","max-video-preview":"max-video-preview:-1"},"canonical":"https:\/\/nld.mirex.gob.do\/consular\/amsterdam\/acto-de-reconocimiento-a-la-chef-maria-marte-mirex\/","og_locale":"en_US","og_type":"article","og_title":"Acto de reconocimiento a la Chef Mar\u00eda Marte \u2013 MIREX - Consulado General de la Rep\u00fablica Dominicana en La Haya, Reino de los Pa\u00edses Bajos","og_description":"\u00a1Orgullo dominicano! &#x1f1e9;&#x1f1f4; Con gran orgullo Rep\u00fablica Dominicana recibe la designaci\u00f3n de la destacada chef dominicana Mar\u00eda Marte (@chefmariamarte), como \u201cEmbajadora Iberoamericana de la Cultura\u201d, reconocimiento entregado por la secretaria general Iberoamericana, Rebeca Grynspan, junto al canciller Roberto \u00c1lvarez y la ministra de Cultura, @carmenherediadg. Este nombramiento de alto valor es realizado por la Secretar\u00eda [&hellip;]","og_url":"https:\/\/nld.mirex.gob.do\/consular\/amsterdam\/acto-de-reconocimiento-a-la-chef-maria-marte-mirex\/","og_site_name":"Consulado General de la Rep\u00fablica Dominicana en La Haya, Reino de los Pa\u00edses Bajos","article_published_time":"2021-07-10T10:37:09+00:00","author":"Michael Antonio Melo Andujar","twitter_card":"summary_large_image","twitter_misc":{"Written by":"Michael Antonio Melo Andujar","Est. reading time":"1 minute"},"schema":{"@context":"https:\/\/schema.org","@graph":[{"@type":"Article","@id":"https:\/\/nld.mirex.gob.do\/consular\/amsterdam\/acto-de-reconocimiento-a-la-chef-maria-marte-mirex\/#article","isPartOf":{"@id":"https:\/\/nld.mirex.gob.do\/consular\/amsterdam\/acto-de-reconocimiento-a-la-chef-maria-marte-mirex\/"},"author":{"name":"Michael Antonio Melo Andujar","@id":"https:\/\/nld.mirex.gob.do\/consular\/amsterdam\/#\/schema\/person\/772a9951ade6a7e4ab978b618b619ff8"},"headline":"Acto de reconocimiento a la Chef Mar\u00eda Marte \u2013 MIREX","datePublished":"2021-07-10T10:37:09+00:00","mainEntityOfPage":{"@id":"https:\/\/nld.mirex.gob.do\/consular\/amsterdam\/acto-de-reconocimiento-a-la-chef-maria-marte-mirex\/"},"wordCount":220,"publisher":{"@id":"https:\/\/nld.mirex.gob.do\/consular\/amsterdam\/#organization"},"image":{"@id":"https:\/\/nld.mirex.gob.do\/consular\/amsterdam\/acto-de-reconocimiento-a-la-chef-maria-marte-mirex\/#primaryimage"},"thumbnailUrl":"","keywords":["Mar\u00eda Marte","reconocimiento"],"articleSection":["Actividades","Actividades en portada"],"inLanguage":"en-US"},{"@type":"WebPage","@id":"https:\/\/nld.mirex.gob.do\/consular\/amsterdam\/acto-de-reconocimiento-a-la-chef-maria-marte-mirex\/","url":"https:\/\/nld.mirex.gob.do\/consular\/amsterdam\/acto-de-reconocimiento-a-la-chef-maria-marte-mirex\/","name":"Acto de reconocimiento a la Chef Mar\u00eda Marte \u2013 MIREX - Consulado General de la Rep\u00fablica Dominicana en La Haya, Reino de los Pa\u00edses Bajos","isPartOf":{"@id":"https:\/\/nld.mirex.gob.do\/consular\/amsterdam\/#website"},"primaryImageOfPage":{"@id":"https:\/\/nld.mirex.gob.do\/consular\/amsterdam\/acto-de-reconocimiento-a-la-chef-maria-marte-mirex\/#primaryimage"},"image":{"@id":"https:\/\/nld.mirex.gob.do\/consular\/amsterdam\/acto-de-reconocimiento-a-la-chef-maria-marte-mirex\/#primaryimage"},"thumbnailUrl":"","datePublished":"2021-07-10T10:37:09+00:00","breadcrumb":{"@id":"https:\/\/nld.mirex.gob.do\/consular\/amsterdam\/acto-de-reconocimiento-a-la-chef-maria-marte-mirex\/#breadcrumb"},"inLanguage":"en-US","potentialAction":[{"@type":"ReadAction","target":["https:\/\/nld.mirex.gob.do\/consular\/amsterdam\/acto-de-reconocimiento-a-la-chef-maria-marte-mirex\/"]}]},{"@type":"ImageObject","inLanguage":"en-US","@id":"https:\/\/nld.mirex.gob.do\/consular\/amsterdam\/acto-de-reconocimiento-a-la-chef-maria-marte-mirex\/#primaryimage","url":"","contentUrl":""},{"@type":"BreadcrumbList","@id":"https:\/\/nld.mirex.gob.do\/consular\/amsterdam\/acto-de-reconocimiento-a-la-chef-maria-marte-mirex\/#breadcrumb","itemListElement":[{"@type":"ListItem","position":1,"name":"Inicio","item":"https:\/\/nld.mirex.gob.do\/consular\/amsterdam\/"},{"@type":"ListItem","position":2,"name":"Acto de reconocimiento a la Chef Mar\u00eda Marte \u2013 MIREX"}]},{"@type":"WebSite","@id":"https:\/\/nld.mirex.gob.do\/consular\/amsterdam\/#website","url":"https:\/\/nld.mirex.gob.do\/consular\/amsterdam\/","name":"Consulado General de la Rep\u00fablica Dominicana en La Haya, Reino de los Pa\u00edses Bajos","description":"","publisher":{"@id":"https:\/\/nld.mirex.gob.do\/consular\/amsterdam\/#organization"},"potentialAction":[{"@type":"SearchAction","target":{"@type":"EntryPoint","urlTemplate":"https:\/\/nld.mirex.gob.do\/consular\/amsterdam\/?s={search_term_string}"},"query-input":{"@type":"PropertyValueSpecification","valueRequired":true,"valueName":"search_term_string"}}],"inLanguage":"en-US"},{"@type":"Organization","@id":"https:\/\/nld.mirex.gob.do\/consular\/amsterdam\/#organization","name":"Consulado General de la Rep\u00fablica Dominicana en La Haya, Reino de los Pa\u00edses Bajos","url":"https:\/\/nld.mirex.gob.do\/consular\/amsterdam\/","logo":{"@type":"ImageObject","inLanguage":"en-US","@id":"https:\/\/nld.mirex.gob.do\/consular\/amsterdam\/#\/schema\/logo\/image\/","url":"https:\/\/nld.mirex.gob.do\/consular\/amsterdam\/wp-content\/uploads\/2024\/04\/cropped-consulado_la_haya_reinode_los_Paises_Bajos.jpg","contentUrl":"https:\/\/nld.mirex.gob.do\/consular\/amsterdam\/wp-content\/uploads\/2024\/04\/cropped-consulado_la_haya_reinode_los_Paises_Bajos.jpg","width":999,"height":407,"caption":"Consulado General de la Rep\u00fablica Dominicana en La Haya, Reino de los Pa\u00edses Bajos"},"image":{"@id":"https:\/\/nld.mirex.gob.do\/consular\/amsterdam\/#\/schema\/logo\/image\/"}},{"@type":"Person","@id":"https:\/\/nld.mirex.gob.do\/consular\/amsterdam\/#\/schema\/person\/772a9951ade6a7e4ab978b618b619ff8","name":"Michael Antonio Melo Andujar","image":{"@type":"ImageObject","inLanguage":"en-US","@id":"https:\/\/secure.gravatar.com\/avatar\/f8862d24b6945a30d30c9727ef9dfcd533ee25a18a27afc92991446aeb0e652d?s=96&d=mm&r=g","url":"https:\/\/secure.gravatar.com\/avatar\/f8862d24b6945a30d30c9727ef9dfcd533ee25a18a27afc92991446aeb0e652d?s=96&d=mm&r=g","contentUrl":"https:\/\/secure.gravatar.com\/avatar\/f8862d24b6945a30d30c9727ef9dfcd533ee25a18a27afc92991446aeb0e652d?s=96&d=mm&r=g","caption":"Michael Antonio Melo Andujar"}}]}},"_links":{"self":[{"href":"https:\/\/nld.mirex.gob.do\/consular\/amsterdam\/wp-json\/wp\/v2\/posts\/6398","targetHints":{"allow":["GET"]}}],"collection":[{"href":"https:\/\/nld.mirex.gob.do\/consular\/amsterdam\/wp-json\/wp\/v2\/posts"}],"about":[{"href":"https:\/\/nld.mirex.gob.do\/consular\/amsterdam\/wp-json\/wp\/v2\/types\/post"}],"author":[{"embeddable":true,"href":"https:\/\/nld.mirex.gob.do\/consular\/amsterdam\/wp-json\/wp\/v2\/users\/8"}],"replies":[{"embeddable":true,"href":"https:\/\/nld.mirex.gob.do\/consular\/amsterdam\/wp-json\/wp\/v2\/comments?post=6398"}],"version-history":[{"count":0,"href":"https:\/\/nld.mirex.gob.do\/consular\/amsterdam\/wp-json\/wp\/v2\/posts\/6398\/revisions"}],"wp:featuredmedia":[{"embeddable":true,"href":"https:\/\/nld.mirex.gob.do\/consular\/amsterdam\/wp-json\/"}],"wp:attachment":[{"href":"https:\/\/nld.mirex.gob.do\/consular\/amsterdam\/wp-json\/wp\/v2\/media?parent=6398"}],"wp:term":[{"taxonomy":"category","embeddable":true,"href":"https:\/\/nld.mirex.gob.do\/consular\/amsterdam\/wp-json\/wp\/v2\/categories?post=6398"},{"taxonomy":"post_tag","embeddable":true,"href":"https:\/\/nld.mirex.gob.do\/consular\/amsterdam\/wp-json\/wp\/v2\/tags?post=6398"}],"curies":[{"name":"wp","href":"https:\/\/api.w.org\/{rel}","templated":true}]}}