{"id":6397,"date":"2021-07-10T10:32:59","date_gmt":"2021-07-10T10:32:59","guid":{"rendered":"https:\/\/www.consuladordholanda.com\/?p=4904"},"modified":"2021-07-10T10:32:59","modified_gmt":"2021-07-10T10:32:59","slug":"declaracion-sobre-la-posicion-del-pais-frente-a-la-situacion-de-haiti","status":"publish","type":"post","link":"https:\/\/nld.mirex.gob.do\/consular\/amsterdam\/declaracion-sobre-la-posicion-del-pais-frente-a-la-situacion-de-haiti\/","title":{"rendered":"Declaraci\u00f3n sobre la posici\u00f3n del pa\u00eds frente a la situaci\u00f3n de Hait\u00ed"},"content":{"rendered":"<div class=\"ast-oembed-container \" style=\"height: 100%;\"><iframe title=\"Declaraci\u00f3n sobre la posici\u00f3n del pa\u00eds frente a la situaci\u00f3n de Hait\u00ed\" width=\"500\" height=\"281\" src=\"https:\/\/www.youtube.com\/embed\/XvP6cbpzoBQ?feature=oembed\" frameborder=\"0\" allow=\"accelerometer; autoplay; clipboard-write; encrypted-media; gyroscope; picture-in-picture; web-share\" referrerpolicy=\"strict-origin-when-cross-origin\" allowfullscreen><\/iframe><\/div>\n<p>Rep\u00fablica Dominicana present\u00f3, a trav\u00e9s del representante permanente de <a href=\"https:\/\/www.instagram.com\/RDMisionONU\/\">@RDMisionONU<\/a>, embajador Jos\u00e9 Blanco, una Declaraci\u00f3n sobre la posici\u00f3n del pa\u00eds frente a la situaci\u00f3n de Hait\u00ed.<\/p>\n<p>En rueda de prensa en la sede de <a href=\"https:\/\/www.instagram.com\/unitednations\/\">@unitednations<\/a>, la misi\u00f3n expres\u00f3 su profundo desacuerdo con la decisi\u00f3n del Consejo de Seguridad de la ONU, de reunirse en privado para tratar la situaci\u00f3n en Hait\u00ed sin la presencia de <a href=\"https:\/\/www.instagram.com\/explore\/tags\/rd\/\">#RD<\/a>, por entender que el pa\u00eds ser\u00eda el m\u00e1s afectado en caso de producirse un desborde de la crisis haitiana m\u00e1s all\u00e1 de su frontera.<\/p>\n<p>Adem\u00e1s, dijo confiar en que la justicia pueda actuar con rapidez estableciendo responsabilidades contra los actores del magnicidio del Presidente Jovenel Mo\u00efse.<\/p>\n<p>De igual manera, resalt\u00f3 la necesidad de que la comunidad internacional asuma, de una vez y por todas, el tema haitiano como uno de alt\u00edsima prioridad y de permanente seguimiento, no s\u00f3lo para la regi\u00f3n, sino tambi\u00e9n para todos los pa\u00edses. <a href=\"https:\/\/www.instagram.com\/mirexrd\/\">@mirexrd<\/a><\/p>\n","protected":false},"excerpt":{"rendered":"<p>Rep\u00fablica Dominicana present\u00f3, a trav\u00e9s del representante permanente de @RDMisionONU, embajador Jos\u00e9 Blanco, una Declaraci\u00f3n sobre la posici\u00f3n del pa\u00eds frente a la situaci\u00f3n de Hait\u00ed. En rueda de prensa en la sede de @unitednations, la misi\u00f3n expres\u00f3 su profundo desacuerdo con la decisi\u00f3n del Consejo de Seguridad de la ONU, de reunirse en privado [&hellip;]<\/p>\n","protected":false},"author":8,"featured_media":4905,"comment_status":"closed","ping_status":"open","sticky":false,"template":"","format":"standard","meta":{"site-sidebar-layout":"default","site-content-layout":"","ast-site-content-layout":"default","site-content-style":"default","site-sidebar-style":"default","ast-global-header-display":"","ast-banner-title-visibility":"","ast-main-header-display":"","ast-hfb-above-header-display":"","ast-hfb-below-header-display":"","ast-hfb-mobile-header-display":"","site-post-title":"","ast-breadcrumbs-content":"","ast-featured-img":"","footer-sml-layout":"","ast-disable-related-posts":"","theme-transparent-header-meta":"","adv-header-id-meta":"","stick-header-meta":"","header-above-stick-meta":"","header-main-stick-meta":"","header-below-stick-meta":"","astra-migrate-meta-layouts":"default","ast-page-background-enabled":"default","ast-page-background-meta":{"desktop":{"background-color":"","background-image":"","background-repeat":"repeat","background-position":"center center","background-size":"auto","background-attachment":"scroll","background-type":"","background-media":"","overlay-type":"","overlay-color":"","overlay-opacity":"","overlay-gradient":""},"tablet":{"background-color":"","background-image":"","background-repeat":"repeat","background-position":"center center","background-size":"auto","background-attachment":"scroll","background-type":"","background-media":"","overlay-type":"","overlay-color":"","overlay-opacity":"","overlay-gradient":""},"mobile":{"background-color":"","background-image":"","background-repeat":"repeat","background-position":"center center","background-size":"auto","background-attachment":"scroll","background-type":"","background-media":"","overlay-type":"","overlay-color":"","overlay-opacity":"","overlay-gradient":""}},"ast-content-background-meta":{"desktop":{"background-color":"var(--ast-global-color-5)","background-image":"","background-repeat":"repeat","background-position":"center center","background-size":"auto","background-attachment":"scroll","background-type":"","background-media":"","overlay-type":"","overlay-color":"","overlay-opacity":"","overlay-gradient":""},"tablet":{"background-color":"var(--ast-global-color-5)","background-image":"","background-repeat":"repeat","background-position":"center center","background-size":"auto","background-attachment":"scroll","background-type":"","background-media":"","overlay-type":"","overlay-color":"","overlay-opacity":"","overlay-gradient":""},"mobile":{"background-color":"var(--ast-global-color-5)","background-image":"","background-repeat":"repeat","background-position":"center center","background-size":"auto","background-attachment":"scroll","background-type":"","background-media":"","overlay-type":"","overlay-color":"","overlay-opacity":"","overlay-gradient":""}},"footnotes":""},"categories":[66,405],"tags":[306],"class_list":["post-6397","post","type-post","status-publish","format-standard","has-post-thumbnail","hentry","category-novedades","category-novedades-en-portada","tag-haiti"],"yoast_head":"<!-- This site is optimized with the Yoast SEO plugin v27.4 - https:\/\/yoast.com\/product\/yoast-seo-wordpress\/ -->\n<title>Declaraci\u00f3n sobre la posici\u00f3n del pa\u00eds frente a la situaci\u00f3n de Hait\u00ed - Consulado General de la Rep\u00fablica Dominicana en La Haya, Reino de los Pa\u00edses Bajos<\/title>\n<meta name=\"robots\" content=\"index, follow, max-snippet:-1, max-image-preview:large, max-video-preview:-1\" \/>\n<link rel=\"canonical\" href=\"https:\/\/nld.mirex.gob.do\/consular\/amsterdam\/declaracion-sobre-la-posicion-del-pais-frente-a-la-situacion-de-haiti\/\" \/>\n<meta property=\"og:locale\" content=\"en_US\" \/>\n<meta property=\"og:type\" content=\"article\" \/>\n<meta property=\"og:title\" content=\"Declaraci\u00f3n sobre la posici\u00f3n del pa\u00eds frente a la situaci\u00f3n de Hait\u00ed - Consulado General de la Rep\u00fablica Dominicana en La Haya, Reino de los Pa\u00edses Bajos\" \/>\n<meta property=\"og:description\" content=\"Rep\u00fablica Dominicana present\u00f3, a trav\u00e9s del representante permanente de @RDMisionONU, embajador Jos\u00e9 Blanco, una Declaraci\u00f3n sobre la posici\u00f3n del pa\u00eds frente a la situaci\u00f3n de Hait\u00ed. En rueda de prensa en la sede de @unitednations, la misi\u00f3n expres\u00f3 su profundo desacuerdo con la decisi\u00f3n del Consejo de Seguridad de la ONU, de reunirse en privado [&hellip;]\" \/>\n<meta property=\"og:url\" content=\"https:\/\/nld.mirex.gob.do\/consular\/amsterdam\/declaracion-sobre-la-posicion-del-pais-frente-a-la-situacion-de-haiti\/\" \/>\n<meta property=\"og:site_name\" content=\"Consulado General de la Rep\u00fablica Dominicana en La Haya, Reino de los Pa\u00edses Bajos\" \/>\n<meta property=\"article:published_time\" content=\"2021-07-10T10:32:59+00:00\" \/>\n<meta name=\"author\" content=\"Michael Antonio Melo Andujar\" \/>\n<meta name=\"twitter:card\" content=\"summary_large_image\" \/>\n<meta name=\"twitter:label1\" content=\"Written by\" \/>\n\t<meta name=\"twitter:data1\" content=\"Michael Antonio Melo Andujar\" \/>\n\t<meta name=\"twitter:label2\" content=\"Est. reading time\" \/>\n\t<meta name=\"twitter:data2\" content=\"1 minute\" \/>\n<script type=\"application\/ld+json\" class=\"yoast-schema-graph\">{\"@context\":\"https:\\\/\\\/schema.org\",\"@graph\":[{\"@type\":\"Article\",\"@id\":\"https:\\\/\\\/nld.mirex.gob.do\\\/consular\\\/amsterdam\\\/declaracion-sobre-la-posicion-del-pais-frente-a-la-situacion-de-haiti\\\/#article\",\"isPartOf\":{\"@id\":\"https:\\\/\\\/nld.mirex.gob.do\\\/consular\\\/amsterdam\\\/declaracion-sobre-la-posicion-del-pais-frente-a-la-situacion-de-haiti\\\/\"},\"author\":{\"name\":\"Michael Antonio Melo Andujar\",\"@id\":\"https:\\\/\\\/nld.mirex.gob.do\\\/consular\\\/amsterdam\\\/#\\\/schema\\\/person\\\/772a9951ade6a7e4ab978b618b619ff8\"},\"headline\":\"Declaraci\u00f3n sobre la posici\u00f3n del pa\u00eds frente a la situaci\u00f3n de Hait\u00ed\",\"datePublished\":\"2021-07-10T10:32:59+00:00\",\"mainEntityOfPage\":{\"@id\":\"https:\\\/\\\/nld.mirex.gob.do\\\/consular\\\/amsterdam\\\/declaracion-sobre-la-posicion-del-pais-frente-a-la-situacion-de-haiti\\\/\"},\"wordCount\":195,\"publisher\":{\"@id\":\"https:\\\/\\\/nld.mirex.gob.do\\\/consular\\\/amsterdam\\\/#organization\"},\"image\":{\"@id\":\"https:\\\/\\\/nld.mirex.gob.do\\\/consular\\\/amsterdam\\\/declaracion-sobre-la-posicion-del-pais-frente-a-la-situacion-de-haiti\\\/#primaryimage\"},\"thumbnailUrl\":\"\",\"keywords\":[\"Haiti\"],\"articleSection\":[\"Novedades\",\"Novedades en portada\"],\"inLanguage\":\"en-US\"},{\"@type\":\"WebPage\",\"@id\":\"https:\\\/\\\/nld.mirex.gob.do\\\/consular\\\/amsterdam\\\/declaracion-sobre-la-posicion-del-pais-frente-a-la-situacion-de-haiti\\\/\",\"url\":\"https:\\\/\\\/nld.mirex.gob.do\\\/consular\\\/amsterdam\\\/declaracion-sobre-la-posicion-del-pais-frente-a-la-situacion-de-haiti\\\/\",\"name\":\"Declaraci\u00f3n sobre la posici\u00f3n del pa\u00eds frente a la situaci\u00f3n de Hait\u00ed - Consulado General de la Rep\u00fablica Dominicana en La Haya, Reino de los Pa\u00edses Bajos\",\"isPartOf\":{\"@id\":\"https:\\\/\\\/nld.mirex.gob.do\\\/consular\\\/amsterdam\\\/#website\"},\"primaryImageOfPage\":{\"@id\":\"https:\\\/\\\/nld.mirex.gob.do\\\/consular\\\/amsterdam\\\/declaracion-sobre-la-posicion-del-pais-frente-a-la-situacion-de-haiti\\\/#primaryimage\"},\"image\":{\"@id\":\"https:\\\/\\\/nld.mirex.gob.do\\\/consular\\\/amsterdam\\\/declaracion-sobre-la-posicion-del-pais-frente-a-la-situacion-de-haiti\\\/#primaryimage\"},\"thumbnailUrl\":\"\",\"datePublished\":\"2021-07-10T10:32:59+00:00\",\"breadcrumb\":{\"@id\":\"https:\\\/\\\/nld.mirex.gob.do\\\/consular\\\/amsterdam\\\/declaracion-sobre-la-posicion-del-pais-frente-a-la-situacion-de-haiti\\\/#breadcrumb\"},\"inLanguage\":\"en-US\",\"potentialAction\":[{\"@type\":\"ReadAction\",\"target\":[\"https:\\\/\\\/nld.mirex.gob.do\\\/consular\\\/amsterdam\\\/declaracion-sobre-la-posicion-del-pais-frente-a-la-situacion-de-haiti\\\/\"]}]},{\"@type\":\"ImageObject\",\"inLanguage\":\"en-US\",\"@id\":\"https:\\\/\\\/nld.mirex.gob.do\\\/consular\\\/amsterdam\\\/declaracion-sobre-la-posicion-del-pais-frente-a-la-situacion-de-haiti\\\/#primaryimage\",\"url\":\"\",\"contentUrl\":\"\"},{\"@type\":\"BreadcrumbList\",\"@id\":\"https:\\\/\\\/nld.mirex.gob.do\\\/consular\\\/amsterdam\\\/declaracion-sobre-la-posicion-del-pais-frente-a-la-situacion-de-haiti\\\/#breadcrumb\",\"itemListElement\":[{\"@type\":\"ListItem\",\"position\":1,\"name\":\"Inicio\",\"item\":\"https:\\\/\\\/nld.mirex.gob.do\\\/consular\\\/amsterdam\\\/\"},{\"@type\":\"ListItem\",\"position\":2,\"name\":\"Declaraci\u00f3n sobre la posici\u00f3n del pa\u00eds frente a la situaci\u00f3n de Hait\u00ed\"}]},{\"@type\":\"WebSite\",\"@id\":\"https:\\\/\\\/nld.mirex.gob.do\\\/consular\\\/amsterdam\\\/#website\",\"url\":\"https:\\\/\\\/nld.mirex.gob.do\\\/consular\\\/amsterdam\\\/\",\"name\":\"Consulado General de la Rep\u00fablica Dominicana en La Haya, Reino de los Pa\u00edses Bajos\",\"description\":\"\",\"publisher\":{\"@id\":\"https:\\\/\\\/nld.mirex.gob.do\\\/consular\\\/amsterdam\\\/#organization\"},\"potentialAction\":[{\"@type\":\"SearchAction\",\"target\":{\"@type\":\"EntryPoint\",\"urlTemplate\":\"https:\\\/\\\/nld.mirex.gob.do\\\/consular\\\/amsterdam\\\/?s={search_term_string}\"},\"query-input\":{\"@type\":\"PropertyValueSpecification\",\"valueRequired\":true,\"valueName\":\"search_term_string\"}}],\"inLanguage\":\"en-US\"},{\"@type\":\"Organization\",\"@id\":\"https:\\\/\\\/nld.mirex.gob.do\\\/consular\\\/amsterdam\\\/#organization\",\"name\":\"Consulado General de la Rep\u00fablica Dominicana en La Haya, Reino de los Pa\u00edses Bajos\",\"url\":\"https:\\\/\\\/nld.mirex.gob.do\\\/consular\\\/amsterdam\\\/\",\"logo\":{\"@type\":\"ImageObject\",\"inLanguage\":\"en-US\",\"@id\":\"https:\\\/\\\/nld.mirex.gob.do\\\/consular\\\/amsterdam\\\/#\\\/schema\\\/logo\\\/image\\\/\",\"url\":\"https:\\\/\\\/nld.mirex.gob.do\\\/consular\\\/amsterdam\\\/wp-content\\\/uploads\\\/2024\\\/04\\\/cropped-consulado_la_haya_reinode_los_Paises_Bajos.jpg\",\"contentUrl\":\"https:\\\/\\\/nld.mirex.gob.do\\\/consular\\\/amsterdam\\\/wp-content\\\/uploads\\\/2024\\\/04\\\/cropped-consulado_la_haya_reinode_los_Paises_Bajos.jpg\",\"width\":999,\"height\":407,\"caption\":\"Consulado General de la Rep\u00fablica Dominicana en La Haya, Reino de los Pa\u00edses Bajos\"},\"image\":{\"@id\":\"https:\\\/\\\/nld.mirex.gob.do\\\/consular\\\/amsterdam\\\/#\\\/schema\\\/logo\\\/image\\\/\"}},{\"@type\":\"Person\",\"@id\":\"https:\\\/\\\/nld.mirex.gob.do\\\/consular\\\/amsterdam\\\/#\\\/schema\\\/person\\\/772a9951ade6a7e4ab978b618b619ff8\",\"name\":\"Michael Antonio Melo Andujar\",\"image\":{\"@type\":\"ImageObject\",\"inLanguage\":\"en-US\",\"@id\":\"https:\\\/\\\/secure.gravatar.com\\\/avatar\\\/f8862d24b6945a30d30c9727ef9dfcd533ee25a18a27afc92991446aeb0e652d?s=96&d=mm&r=g\",\"url\":\"https:\\\/\\\/secure.gravatar.com\\\/avatar\\\/f8862d24b6945a30d30c9727ef9dfcd533ee25a18a27afc92991446aeb0e652d?s=96&d=mm&r=g\",\"contentUrl\":\"https:\\\/\\\/secure.gravatar.com\\\/avatar\\\/f8862d24b6945a30d30c9727ef9dfcd533ee25a18a27afc92991446aeb0e652d?s=96&d=mm&r=g\",\"caption\":\"Michael Antonio Melo Andujar\"}}]}<\/script>\n<!-- \/ Yoast SEO plugin. -->","yoast_head_json":{"title":"Declaraci\u00f3n sobre la posici\u00f3n del pa\u00eds frente a la situaci\u00f3n de Hait\u00ed - Consulado General de la Rep\u00fablica Dominicana en La Haya, Reino de los Pa\u00edses Bajos","robots":{"index":"index","follow":"follow","max-snippet":"max-snippet:-1","max-image-preview":"max-image-preview:large","max-video-preview":"max-video-preview:-1"},"canonical":"https:\/\/nld.mirex.gob.do\/consular\/amsterdam\/declaracion-sobre-la-posicion-del-pais-frente-a-la-situacion-de-haiti\/","og_locale":"en_US","og_type":"article","og_title":"Declaraci\u00f3n sobre la posici\u00f3n del pa\u00eds frente a la situaci\u00f3n de Hait\u00ed - Consulado General de la Rep\u00fablica Dominicana en La Haya, Reino de los Pa\u00edses Bajos","og_description":"Rep\u00fablica Dominicana present\u00f3, a trav\u00e9s del representante permanente de @RDMisionONU, embajador Jos\u00e9 Blanco, una Declaraci\u00f3n sobre la posici\u00f3n del pa\u00eds frente a la situaci\u00f3n de Hait\u00ed. En rueda de prensa en la sede de @unitednations, la misi\u00f3n expres\u00f3 su profundo desacuerdo con la decisi\u00f3n del Consejo de Seguridad de la ONU, de reunirse en privado [&hellip;]","og_url":"https:\/\/nld.mirex.gob.do\/consular\/amsterdam\/declaracion-sobre-la-posicion-del-pais-frente-a-la-situacion-de-haiti\/","og_site_name":"Consulado General de la Rep\u00fablica Dominicana en La Haya, Reino de los Pa\u00edses Bajos","article_published_time":"2021-07-10T10:32:59+00:00","author":"Michael Antonio Melo Andujar","twitter_card":"summary_large_image","twitter_misc":{"Written by":"Michael Antonio Melo Andujar","Est. reading time":"1 minute"},"schema":{"@context":"https:\/\/schema.org","@graph":[{"@type":"Article","@id":"https:\/\/nld.mirex.gob.do\/consular\/amsterdam\/declaracion-sobre-la-posicion-del-pais-frente-a-la-situacion-de-haiti\/#article","isPartOf":{"@id":"https:\/\/nld.mirex.gob.do\/consular\/amsterdam\/declaracion-sobre-la-posicion-del-pais-frente-a-la-situacion-de-haiti\/"},"author":{"name":"Michael Antonio Melo Andujar","@id":"https:\/\/nld.mirex.gob.do\/consular\/amsterdam\/#\/schema\/person\/772a9951ade6a7e4ab978b618b619ff8"},"headline":"Declaraci\u00f3n sobre la posici\u00f3n del pa\u00eds frente a la situaci\u00f3n de Hait\u00ed","datePublished":"2021-07-10T10:32:59+00:00","mainEntityOfPage":{"@id":"https:\/\/nld.mirex.gob.do\/consular\/amsterdam\/declaracion-sobre-la-posicion-del-pais-frente-a-la-situacion-de-haiti\/"},"wordCount":195,"publisher":{"@id":"https:\/\/nld.mirex.gob.do\/consular\/amsterdam\/#organization"},"image":{"@id":"https:\/\/nld.mirex.gob.do\/consular\/amsterdam\/declaracion-sobre-la-posicion-del-pais-frente-a-la-situacion-de-haiti\/#primaryimage"},"thumbnailUrl":"","keywords":["Haiti"],"articleSection":["Novedades","Novedades en portada"],"inLanguage":"en-US"},{"@type":"WebPage","@id":"https:\/\/nld.mirex.gob.do\/consular\/amsterdam\/declaracion-sobre-la-posicion-del-pais-frente-a-la-situacion-de-haiti\/","url":"https:\/\/nld.mirex.gob.do\/consular\/amsterdam\/declaracion-sobre-la-posicion-del-pais-frente-a-la-situacion-de-haiti\/","name":"Declaraci\u00f3n sobre la posici\u00f3n del pa\u00eds frente a la situaci\u00f3n de Hait\u00ed - Consulado General de la Rep\u00fablica Dominicana en La Haya, Reino de los Pa\u00edses Bajos","isPartOf":{"@id":"https:\/\/nld.mirex.gob.do\/consular\/amsterdam\/#website"},"primaryImageOfPage":{"@id":"https:\/\/nld.mirex.gob.do\/consular\/amsterdam\/declaracion-sobre-la-posicion-del-pais-frente-a-la-situacion-de-haiti\/#primaryimage"},"image":{"@id":"https:\/\/nld.mirex.gob.do\/consular\/amsterdam\/declaracion-sobre-la-posicion-del-pais-frente-a-la-situacion-de-haiti\/#primaryimage"},"thumbnailUrl":"","datePublished":"2021-07-10T10:32:59+00:00","breadcrumb":{"@id":"https:\/\/nld.mirex.gob.do\/consular\/amsterdam\/declaracion-sobre-la-posicion-del-pais-frente-a-la-situacion-de-haiti\/#breadcrumb"},"inLanguage":"en-US","potentialAction":[{"@type":"ReadAction","target":["https:\/\/nld.mirex.gob.do\/consular\/amsterdam\/declaracion-sobre-la-posicion-del-pais-frente-a-la-situacion-de-haiti\/"]}]},{"@type":"ImageObject","inLanguage":"en-US","@id":"https:\/\/nld.mirex.gob.do\/consular\/amsterdam\/declaracion-sobre-la-posicion-del-pais-frente-a-la-situacion-de-haiti\/#primaryimage","url":"","contentUrl":""},{"@type":"BreadcrumbList","@id":"https:\/\/nld.mirex.gob.do\/consular\/amsterdam\/declaracion-sobre-la-posicion-del-pais-frente-a-la-situacion-de-haiti\/#breadcrumb","itemListElement":[{"@type":"ListItem","position":1,"name":"Inicio","item":"https:\/\/nld.mirex.gob.do\/consular\/amsterdam\/"},{"@type":"ListItem","position":2,"name":"Declaraci\u00f3n sobre la posici\u00f3n del pa\u00eds frente a la situaci\u00f3n de Hait\u00ed"}]},{"@type":"WebSite","@id":"https:\/\/nld.mirex.gob.do\/consular\/amsterdam\/#website","url":"https:\/\/nld.mirex.gob.do\/consular\/amsterdam\/","name":"Consulado General de la Rep\u00fablica Dominicana en La Haya, Reino de los Pa\u00edses Bajos","description":"","publisher":{"@id":"https:\/\/nld.mirex.gob.do\/consular\/amsterdam\/#organization"},"potentialAction":[{"@type":"SearchAction","target":{"@type":"EntryPoint","urlTemplate":"https:\/\/nld.mirex.gob.do\/consular\/amsterdam\/?s={search_term_string}"},"query-input":{"@type":"PropertyValueSpecification","valueRequired":true,"valueName":"search_term_string"}}],"inLanguage":"en-US"},{"@type":"Organization","@id":"https:\/\/nld.mirex.gob.do\/consular\/amsterdam\/#organization","name":"Consulado General de la Rep\u00fablica Dominicana en La Haya, Reino de los Pa\u00edses Bajos","url":"https:\/\/nld.mirex.gob.do\/consular\/amsterdam\/","logo":{"@type":"ImageObject","inLanguage":"en-US","@id":"https:\/\/nld.mirex.gob.do\/consular\/amsterdam\/#\/schema\/logo\/image\/","url":"https:\/\/nld.mirex.gob.do\/consular\/amsterdam\/wp-content\/uploads\/2024\/04\/cropped-consulado_la_haya_reinode_los_Paises_Bajos.jpg","contentUrl":"https:\/\/nld.mirex.gob.do\/consular\/amsterdam\/wp-content\/uploads\/2024\/04\/cropped-consulado_la_haya_reinode_los_Paises_Bajos.jpg","width":999,"height":407,"caption":"Consulado General de la Rep\u00fablica Dominicana en La Haya, Reino de los Pa\u00edses Bajos"},"image":{"@id":"https:\/\/nld.mirex.gob.do\/consular\/amsterdam\/#\/schema\/logo\/image\/"}},{"@type":"Person","@id":"https:\/\/nld.mirex.gob.do\/consular\/amsterdam\/#\/schema\/person\/772a9951ade6a7e4ab978b618b619ff8","name":"Michael Antonio Melo Andujar","image":{"@type":"ImageObject","inLanguage":"en-US","@id":"https:\/\/secure.gravatar.com\/avatar\/f8862d24b6945a30d30c9727ef9dfcd533ee25a18a27afc92991446aeb0e652d?s=96&d=mm&r=g","url":"https:\/\/secure.gravatar.com\/avatar\/f8862d24b6945a30d30c9727ef9dfcd533ee25a18a27afc92991446aeb0e652d?s=96&d=mm&r=g","contentUrl":"https:\/\/secure.gravatar.com\/avatar\/f8862d24b6945a30d30c9727ef9dfcd533ee25a18a27afc92991446aeb0e652d?s=96&d=mm&r=g","caption":"Michael Antonio Melo Andujar"}}]}},"_links":{"self":[{"href":"https:\/\/nld.mirex.gob.do\/consular\/amsterdam\/wp-json\/wp\/v2\/posts\/6397","targetHints":{"allow":["GET"]}}],"collection":[{"href":"https:\/\/nld.mirex.gob.do\/consular\/amsterdam\/wp-json\/wp\/v2\/posts"}],"about":[{"href":"https:\/\/nld.mirex.gob.do\/consular\/amsterdam\/wp-json\/wp\/v2\/types\/post"}],"author":[{"embeddable":true,"href":"https:\/\/nld.mirex.gob.do\/consular\/amsterdam\/wp-json\/wp\/v2\/users\/8"}],"replies":[{"embeddable":true,"href":"https:\/\/nld.mirex.gob.do\/consular\/amsterdam\/wp-json\/wp\/v2\/comments?post=6397"}],"version-history":[{"count":0,"href":"https:\/\/nld.mirex.gob.do\/consular\/amsterdam\/wp-json\/wp\/v2\/posts\/6397\/revisions"}],"wp:featuredmedia":[{"embeddable":true,"href":"https:\/\/nld.mirex.gob.do\/consular\/amsterdam\/wp-json\/"}],"wp:attachment":[{"href":"https:\/\/nld.mirex.gob.do\/consular\/amsterdam\/wp-json\/wp\/v2\/media?parent=6397"}],"wp:term":[{"taxonomy":"category","embeddable":true,"href":"https:\/\/nld.mirex.gob.do\/consular\/amsterdam\/wp-json\/wp\/v2\/categories?post=6397"},{"taxonomy":"post_tag","embeddable":true,"href":"https:\/\/nld.mirex.gob.do\/consular\/amsterdam\/wp-json\/wp\/v2\/tags?post=6397"}],"curies":[{"name":"wp","href":"https:\/\/api.w.org\/{rel}","templated":true}]}}