{"id":6394,"date":"2021-07-06T08:48:24","date_gmt":"2021-07-06T08:48:24","guid":{"rendered":"https:\/\/www.consuladordholanda.com\/?p=4888"},"modified":"2021-07-06T08:48:24","modified_gmt":"2021-07-06T08:48:24","slug":"republica-dominicana-firma-acuerdo-en-el-que-delimita-frontera-maritima-con-el-reino-de-los-paises-bajos","status":"publish","type":"post","link":"https:\/\/nld.mirex.gob.do\/consular\/amsterdam\/republica-dominicana-firma-acuerdo-en-el-que-delimita-frontera-maritima-con-el-reino-de-los-paises-bajos\/","title":{"rendered":"Rep\u00fablica Dominicana firma acuerdo en el que delimita frontera mar\u00edtima con el Reino de los Pa\u00edses Bajos"},"content":{"rendered":"<p><a href=\"https:\/\/www.consuladordholanda.com\/wp-content\/uploads\/2021\/07\/Republica-Dominicana-firma-acuerdo-en-el-que-delimita-frontera-maritima-con-el-Reino-de-los-Paises-Bajos.jpeg\"><img fetchpriority=\"high\" decoding=\"async\" class=\"alignnone wp-image-4889 size-full\" src=\"https:\/\/www.consuladordholanda.com\/wp-content\/uploads\/2021\/07\/Republica-Dominicana-firma-acuerdo-en-el-que-delimita-frontera-maritima-con-el-Reino-de-los-Paises-Bajos.jpeg\" alt=\"\" width=\"1280\" height=\"954\"><\/a><\/p>\n<p><strong>Santo Domingo, Rep\u00fablica Dominicana._<\/strong> El Ministerio de Relaciones Exteriores inform\u00f3 que Rep\u00fablica Dominicana firm\u00f3 un acuerdo de delimitaci\u00f3n mar\u00edtima con el Reino de los Pa\u00edses Bajos, que marcar\u00e1 la frontera entre las partes en el mar Caribe.<\/p>\n<p>Explic\u00f3 que el convenio rubricado en nombre de nuestro pa\u00eds, por el canciller Roberto \u00c1lvarez, y por el Reino de los Pa\u00edses Bajos, la embajadora en Rep\u00fablica Dominicana, Annemieke Verrijp, establece que la delimitaci\u00f3n de todas las zonas mar\u00edtimas fueron trazadas en base a la equidistancia y ser\u00e1 la l\u00ednea geod\u00e9sica formada por los puntos identificados por sus coordenadas geogr\u00e1ficas expresadas en el sistema de referencia World Geodetic System de 1984.<\/p>\n<p>El MIREX agreg\u00f3 que ambas partes suscribieron este acuerdo con el objetivo de delimitar las zonas mar\u00edtimas de la regi\u00f3n del Caribe sobre las cuales los dos Estados ejercen, respectivamente, su soberan\u00eda, derechos soberanos o jurisdicci\u00f3n.<\/p>\n<p>A\u00f1adi\u00f3 que, de conformidad con el art\u00edculo 239 de la Convenci\u00f3n de las Naciones Unidas sobre el Derecho del Mar (CONVEMAR), las partes promover\u00e1n y facilitar\u00e1n el desarrollo y la realizaci\u00f3n de investigaciones cient\u00edficas marinas en sus zonas mar\u00edtimas y, si procede, podr\u00e1n disponer lo necesario.<\/p>\n<p>La Canciller\u00eda destac\u00f3 que este acuerdo se constituye en un logro para la actual gesti\u00f3n que tiene como meta dentro de su Pol\u00edtica Exterior, dedicar la m\u00e1xima atenci\u00f3n posible y los recursos necesarios para la delimitaci\u00f3n de los l\u00edmites mar\u00edtimos dominicanos con los 4 pa\u00edses a\u00fan pendientes y armonizar nuestra legislaci\u00f3n con el derecho internacional.<\/p>\n<p>Rep\u00fablica Dominicana hace frontera con 6 pa\u00edses, de las cuales en la actualizad ten\u00eda dos delimitadas, con la Rep\u00fablica de Colombia (en el a\u00f1o 1978) y con la Rep\u00fablica Bolivariana de Venezuela (en el a\u00f1o 1979).<\/p>\n<p>&nbsp;<\/p>\n","protected":false},"excerpt":{"rendered":"<p>Santo Domingo, Rep\u00fablica Dominicana._ El Ministerio de Relaciones Exteriores inform\u00f3 que Rep\u00fablica Dominicana firm\u00f3 un acuerdo de delimitaci\u00f3n mar\u00edtima con el Reino de los Pa\u00edses Bajos, que marcar\u00e1 la frontera entre las partes en el mar Caribe. Explic\u00f3 que el convenio rubricado en nombre de nuestro pa\u00eds, por el canciller Roberto \u00c1lvarez, y por el [&hellip;]<\/p>\n","protected":false},"author":8,"featured_media":4889,"comment_status":"closed","ping_status":"open","sticky":false,"template":"","format":"standard","meta":{"site-sidebar-layout":"default","site-content-layout":"","ast-site-content-layout":"default","site-content-style":"default","site-sidebar-style":"default","ast-global-header-display":"","ast-banner-title-visibility":"","ast-main-header-display":"","ast-hfb-above-header-display":"","ast-hfb-below-header-display":"","ast-hfb-mobile-header-display":"","site-post-title":"","ast-breadcrumbs-content":"","ast-featured-img":"","footer-sml-layout":"","ast-disable-related-posts":"","theme-transparent-header-meta":"","adv-header-id-meta":"","stick-header-meta":"","header-above-stick-meta":"","header-main-stick-meta":"","header-below-stick-meta":"","astra-migrate-meta-layouts":"default","ast-page-background-enabled":"default","ast-page-background-meta":{"desktop":{"background-color":"","background-image":"","background-repeat":"repeat","background-position":"center center","background-size":"auto","background-attachment":"scroll","background-type":"","background-media":"","overlay-type":"","overlay-color":"","overlay-opacity":"","overlay-gradient":""},"tablet":{"background-color":"","background-image":"","background-repeat":"repeat","background-position":"center center","background-size":"auto","background-attachment":"scroll","background-type":"","background-media":"","overlay-type":"","overlay-color":"","overlay-opacity":"","overlay-gradient":""},"mobile":{"background-color":"","background-image":"","background-repeat":"repeat","background-position":"center center","background-size":"auto","background-attachment":"scroll","background-type":"","background-media":"","overlay-type":"","overlay-color":"","overlay-opacity":"","overlay-gradient":""}},"ast-content-background-meta":{"desktop":{"background-color":"var(--ast-global-color-5)","background-image":"","background-repeat":"repeat","background-position":"center center","background-size":"auto","background-attachment":"scroll","background-type":"","background-media":"","overlay-type":"","overlay-color":"","overlay-opacity":"","overlay-gradient":""},"tablet":{"background-color":"var(--ast-global-color-5)","background-image":"","background-repeat":"repeat","background-position":"center center","background-size":"auto","background-attachment":"scroll","background-type":"","background-media":"","overlay-type":"","overlay-color":"","overlay-opacity":"","overlay-gradient":""},"mobile":{"background-color":"var(--ast-global-color-5)","background-image":"","background-repeat":"repeat","background-position":"center center","background-size":"auto","background-attachment":"scroll","background-type":"","background-media":"","overlay-type":"","overlay-color":"","overlay-opacity":"","overlay-gradient":""}},"footnotes":""},"categories":[66,405],"tags":[467,468,348,469],"class_list":["post-6394","post","type-post","status-publish","format-standard","has-post-thumbnail","hentry","category-novedades","category-novedades-en-portada","tag-acuerdo","tag-frontera-maritima","tag-mirex","tag-reino-de-los-paises-bajos"],"yoast_head":"<!-- This site is optimized with the Yoast SEO plugin v27.4 - https:\/\/yoast.com\/product\/yoast-seo-wordpress\/ -->\n<title>Rep\u00fablica Dominicana firma acuerdo en el que delimita frontera mar\u00edtima con el Reino de los Pa\u00edses Bajos - Consulado General de la Rep\u00fablica Dominicana en La Haya, Reino de los Pa\u00edses Bajos<\/title>\n<meta name=\"robots\" content=\"index, follow, max-snippet:-1, max-image-preview:large, max-video-preview:-1\" \/>\n<link rel=\"canonical\" href=\"https:\/\/nld.mirex.gob.do\/consular\/amsterdam\/republica-dominicana-firma-acuerdo-en-el-que-delimita-frontera-maritima-con-el-reino-de-los-paises-bajos\/\" \/>\n<meta property=\"og:locale\" content=\"en_US\" \/>\n<meta property=\"og:type\" content=\"article\" \/>\n<meta property=\"og:title\" content=\"Rep\u00fablica Dominicana firma acuerdo en el que delimita frontera mar\u00edtima con el Reino de los Pa\u00edses Bajos - Consulado General de la Rep\u00fablica Dominicana en La Haya, Reino de los Pa\u00edses Bajos\" \/>\n<meta property=\"og:description\" content=\"Santo Domingo, Rep\u00fablica Dominicana._ El Ministerio de Relaciones Exteriores inform\u00f3 que Rep\u00fablica Dominicana firm\u00f3 un acuerdo de delimitaci\u00f3n mar\u00edtima con el Reino de los Pa\u00edses Bajos, que marcar\u00e1 la frontera entre las partes en el mar Caribe. Explic\u00f3 que el convenio rubricado en nombre de nuestro pa\u00eds, por el canciller Roberto \u00c1lvarez, y por el [&hellip;]\" \/>\n<meta property=\"og:url\" content=\"https:\/\/nld.mirex.gob.do\/consular\/amsterdam\/republica-dominicana-firma-acuerdo-en-el-que-delimita-frontera-maritima-con-el-reino-de-los-paises-bajos\/\" \/>\n<meta property=\"og:site_name\" content=\"Consulado General de la Rep\u00fablica Dominicana en La Haya, Reino de los Pa\u00edses Bajos\" \/>\n<meta property=\"article:published_time\" content=\"2021-07-06T08:48:24+00:00\" \/>\n<meta name=\"author\" content=\"Michael Antonio Melo Andujar\" \/>\n<meta name=\"twitter:card\" content=\"summary_large_image\" \/>\n<meta name=\"twitter:label1\" content=\"Written by\" \/>\n\t<meta name=\"twitter:data1\" content=\"Michael Antonio Melo Andujar\" \/>\n\t<meta name=\"twitter:label2\" content=\"Est. reading time\" \/>\n\t<meta name=\"twitter:data2\" content=\"2 minutes\" \/>\n<script type=\"application\/ld+json\" class=\"yoast-schema-graph\">{\"@context\":\"https:\\\/\\\/schema.org\",\"@graph\":[{\"@type\":\"Article\",\"@id\":\"https:\\\/\\\/nld.mirex.gob.do\\\/consular\\\/amsterdam\\\/republica-dominicana-firma-acuerdo-en-el-que-delimita-frontera-maritima-con-el-reino-de-los-paises-bajos\\\/#article\",\"isPartOf\":{\"@id\":\"https:\\\/\\\/nld.mirex.gob.do\\\/consular\\\/amsterdam\\\/republica-dominicana-firma-acuerdo-en-el-que-delimita-frontera-maritima-con-el-reino-de-los-paises-bajos\\\/\"},\"author\":{\"name\":\"Michael Antonio Melo Andujar\",\"@id\":\"https:\\\/\\\/nld.mirex.gob.do\\\/consular\\\/amsterdam\\\/#\\\/schema\\\/person\\\/772a9951ade6a7e4ab978b618b619ff8\"},\"headline\":\"Rep\u00fablica Dominicana firma acuerdo en el que delimita frontera mar\u00edtima con el Reino de los Pa\u00edses Bajos\",\"datePublished\":\"2021-07-06T08:48:24+00:00\",\"mainEntityOfPage\":{\"@id\":\"https:\\\/\\\/nld.mirex.gob.do\\\/consular\\\/amsterdam\\\/republica-dominicana-firma-acuerdo-en-el-que-delimita-frontera-maritima-con-el-reino-de-los-paises-bajos\\\/\"},\"wordCount\":340,\"publisher\":{\"@id\":\"https:\\\/\\\/nld.mirex.gob.do\\\/consular\\\/amsterdam\\\/#organization\"},\"image\":{\"@id\":\"https:\\\/\\\/nld.mirex.gob.do\\\/consular\\\/amsterdam\\\/republica-dominicana-firma-acuerdo-en-el-que-delimita-frontera-maritima-con-el-reino-de-los-paises-bajos\\\/#primaryimage\"},\"thumbnailUrl\":\"\",\"keywords\":[\"Acuerdo\",\"Frontera mar\u00edtima\",\"MIREX\",\"Reino de los Pa\u00edses Bajos\"],\"articleSection\":[\"Novedades\",\"Novedades en portada\"],\"inLanguage\":\"en-US\"},{\"@type\":\"WebPage\",\"@id\":\"https:\\\/\\\/nld.mirex.gob.do\\\/consular\\\/amsterdam\\\/republica-dominicana-firma-acuerdo-en-el-que-delimita-frontera-maritima-con-el-reino-de-los-paises-bajos\\\/\",\"url\":\"https:\\\/\\\/nld.mirex.gob.do\\\/consular\\\/amsterdam\\\/republica-dominicana-firma-acuerdo-en-el-que-delimita-frontera-maritima-con-el-reino-de-los-paises-bajos\\\/\",\"name\":\"Rep\u00fablica Dominicana firma acuerdo en el que delimita frontera mar\u00edtima con el Reino de los Pa\u00edses Bajos - Consulado General de la Rep\u00fablica Dominicana en La Haya, Reino de los Pa\u00edses Bajos\",\"isPartOf\":{\"@id\":\"https:\\\/\\\/nld.mirex.gob.do\\\/consular\\\/amsterdam\\\/#website\"},\"primaryImageOfPage\":{\"@id\":\"https:\\\/\\\/nld.mirex.gob.do\\\/consular\\\/amsterdam\\\/republica-dominicana-firma-acuerdo-en-el-que-delimita-frontera-maritima-con-el-reino-de-los-paises-bajos\\\/#primaryimage\"},\"image\":{\"@id\":\"https:\\\/\\\/nld.mirex.gob.do\\\/consular\\\/amsterdam\\\/republica-dominicana-firma-acuerdo-en-el-que-delimita-frontera-maritima-con-el-reino-de-los-paises-bajos\\\/#primaryimage\"},\"thumbnailUrl\":\"\",\"datePublished\":\"2021-07-06T08:48:24+00:00\",\"breadcrumb\":{\"@id\":\"https:\\\/\\\/nld.mirex.gob.do\\\/consular\\\/amsterdam\\\/republica-dominicana-firma-acuerdo-en-el-que-delimita-frontera-maritima-con-el-reino-de-los-paises-bajos\\\/#breadcrumb\"},\"inLanguage\":\"en-US\",\"potentialAction\":[{\"@type\":\"ReadAction\",\"target\":[\"https:\\\/\\\/nld.mirex.gob.do\\\/consular\\\/amsterdam\\\/republica-dominicana-firma-acuerdo-en-el-que-delimita-frontera-maritima-con-el-reino-de-los-paises-bajos\\\/\"]}]},{\"@type\":\"ImageObject\",\"inLanguage\":\"en-US\",\"@id\":\"https:\\\/\\\/nld.mirex.gob.do\\\/consular\\\/amsterdam\\\/republica-dominicana-firma-acuerdo-en-el-que-delimita-frontera-maritima-con-el-reino-de-los-paises-bajos\\\/#primaryimage\",\"url\":\"\",\"contentUrl\":\"\"},{\"@type\":\"BreadcrumbList\",\"@id\":\"https:\\\/\\\/nld.mirex.gob.do\\\/consular\\\/amsterdam\\\/republica-dominicana-firma-acuerdo-en-el-que-delimita-frontera-maritima-con-el-reino-de-los-paises-bajos\\\/#breadcrumb\",\"itemListElement\":[{\"@type\":\"ListItem\",\"position\":1,\"name\":\"Inicio\",\"item\":\"https:\\\/\\\/nld.mirex.gob.do\\\/consular\\\/amsterdam\\\/\"},{\"@type\":\"ListItem\",\"position\":2,\"name\":\"Rep\u00fablica Dominicana firma acuerdo en el que delimita frontera mar\u00edtima con el Reino de los Pa\u00edses Bajos\"}]},{\"@type\":\"WebSite\",\"@id\":\"https:\\\/\\\/nld.mirex.gob.do\\\/consular\\\/amsterdam\\\/#website\",\"url\":\"https:\\\/\\\/nld.mirex.gob.do\\\/consular\\\/amsterdam\\\/\",\"name\":\"Consulado General de la Rep\u00fablica Dominicana en La Haya, Reino de los Pa\u00edses Bajos\",\"description\":\"\",\"publisher\":{\"@id\":\"https:\\\/\\\/nld.mirex.gob.do\\\/consular\\\/amsterdam\\\/#organization\"},\"potentialAction\":[{\"@type\":\"SearchAction\",\"target\":{\"@type\":\"EntryPoint\",\"urlTemplate\":\"https:\\\/\\\/nld.mirex.gob.do\\\/consular\\\/amsterdam\\\/?s={search_term_string}\"},\"query-input\":{\"@type\":\"PropertyValueSpecification\",\"valueRequired\":true,\"valueName\":\"search_term_string\"}}],\"inLanguage\":\"en-US\"},{\"@type\":\"Organization\",\"@id\":\"https:\\\/\\\/nld.mirex.gob.do\\\/consular\\\/amsterdam\\\/#organization\",\"name\":\"Consulado General de la Rep\u00fablica Dominicana en La Haya, Reino de los Pa\u00edses Bajos\",\"url\":\"https:\\\/\\\/nld.mirex.gob.do\\\/consular\\\/amsterdam\\\/\",\"logo\":{\"@type\":\"ImageObject\",\"inLanguage\":\"en-US\",\"@id\":\"https:\\\/\\\/nld.mirex.gob.do\\\/consular\\\/amsterdam\\\/#\\\/schema\\\/logo\\\/image\\\/\",\"url\":\"https:\\\/\\\/nld.mirex.gob.do\\\/consular\\\/amsterdam\\\/wp-content\\\/uploads\\\/2024\\\/04\\\/cropped-consulado_la_haya_reinode_los_Paises_Bajos.jpg\",\"contentUrl\":\"https:\\\/\\\/nld.mirex.gob.do\\\/consular\\\/amsterdam\\\/wp-content\\\/uploads\\\/2024\\\/04\\\/cropped-consulado_la_haya_reinode_los_Paises_Bajos.jpg\",\"width\":999,\"height\":407,\"caption\":\"Consulado General de la Rep\u00fablica Dominicana en La Haya, Reino de los Pa\u00edses Bajos\"},\"image\":{\"@id\":\"https:\\\/\\\/nld.mirex.gob.do\\\/consular\\\/amsterdam\\\/#\\\/schema\\\/logo\\\/image\\\/\"}},{\"@type\":\"Person\",\"@id\":\"https:\\\/\\\/nld.mirex.gob.do\\\/consular\\\/amsterdam\\\/#\\\/schema\\\/person\\\/772a9951ade6a7e4ab978b618b619ff8\",\"name\":\"Michael Antonio Melo Andujar\",\"image\":{\"@type\":\"ImageObject\",\"inLanguage\":\"en-US\",\"@id\":\"https:\\\/\\\/secure.gravatar.com\\\/avatar\\\/f8862d24b6945a30d30c9727ef9dfcd533ee25a18a27afc92991446aeb0e652d?s=96&d=mm&r=g\",\"url\":\"https:\\\/\\\/secure.gravatar.com\\\/avatar\\\/f8862d24b6945a30d30c9727ef9dfcd533ee25a18a27afc92991446aeb0e652d?s=96&d=mm&r=g\",\"contentUrl\":\"https:\\\/\\\/secure.gravatar.com\\\/avatar\\\/f8862d24b6945a30d30c9727ef9dfcd533ee25a18a27afc92991446aeb0e652d?s=96&d=mm&r=g\",\"caption\":\"Michael Antonio Melo Andujar\"}}]}<\/script>\n<!-- \/ Yoast SEO plugin. -->","yoast_head_json":{"title":"Rep\u00fablica Dominicana firma acuerdo en el que delimita frontera mar\u00edtima con el Reino de los Pa\u00edses Bajos - Consulado General de la Rep\u00fablica Dominicana en La Haya, Reino de los Pa\u00edses Bajos","robots":{"index":"index","follow":"follow","max-snippet":"max-snippet:-1","max-image-preview":"max-image-preview:large","max-video-preview":"max-video-preview:-1"},"canonical":"https:\/\/nld.mirex.gob.do\/consular\/amsterdam\/republica-dominicana-firma-acuerdo-en-el-que-delimita-frontera-maritima-con-el-reino-de-los-paises-bajos\/","og_locale":"en_US","og_type":"article","og_title":"Rep\u00fablica Dominicana firma acuerdo en el que delimita frontera mar\u00edtima con el Reino de los Pa\u00edses Bajos - Consulado General de la Rep\u00fablica Dominicana en La Haya, Reino de los Pa\u00edses Bajos","og_description":"Santo Domingo, Rep\u00fablica Dominicana._ El Ministerio de Relaciones Exteriores inform\u00f3 que Rep\u00fablica Dominicana firm\u00f3 un acuerdo de delimitaci\u00f3n mar\u00edtima con el Reino de los Pa\u00edses Bajos, que marcar\u00e1 la frontera entre las partes en el mar Caribe. Explic\u00f3 que el convenio rubricado en nombre de nuestro pa\u00eds, por el canciller Roberto \u00c1lvarez, y por el [&hellip;]","og_url":"https:\/\/nld.mirex.gob.do\/consular\/amsterdam\/republica-dominicana-firma-acuerdo-en-el-que-delimita-frontera-maritima-con-el-reino-de-los-paises-bajos\/","og_site_name":"Consulado General de la Rep\u00fablica Dominicana en La Haya, Reino de los Pa\u00edses Bajos","article_published_time":"2021-07-06T08:48:24+00:00","author":"Michael Antonio Melo Andujar","twitter_card":"summary_large_image","twitter_misc":{"Written by":"Michael Antonio Melo Andujar","Est. reading time":"2 minutes"},"schema":{"@context":"https:\/\/schema.org","@graph":[{"@type":"Article","@id":"https:\/\/nld.mirex.gob.do\/consular\/amsterdam\/republica-dominicana-firma-acuerdo-en-el-que-delimita-frontera-maritima-con-el-reino-de-los-paises-bajos\/#article","isPartOf":{"@id":"https:\/\/nld.mirex.gob.do\/consular\/amsterdam\/republica-dominicana-firma-acuerdo-en-el-que-delimita-frontera-maritima-con-el-reino-de-los-paises-bajos\/"},"author":{"name":"Michael Antonio Melo Andujar","@id":"https:\/\/nld.mirex.gob.do\/consular\/amsterdam\/#\/schema\/person\/772a9951ade6a7e4ab978b618b619ff8"},"headline":"Rep\u00fablica Dominicana firma acuerdo en el que delimita frontera mar\u00edtima con el Reino de los Pa\u00edses Bajos","datePublished":"2021-07-06T08:48:24+00:00","mainEntityOfPage":{"@id":"https:\/\/nld.mirex.gob.do\/consular\/amsterdam\/republica-dominicana-firma-acuerdo-en-el-que-delimita-frontera-maritima-con-el-reino-de-los-paises-bajos\/"},"wordCount":340,"publisher":{"@id":"https:\/\/nld.mirex.gob.do\/consular\/amsterdam\/#organization"},"image":{"@id":"https:\/\/nld.mirex.gob.do\/consular\/amsterdam\/republica-dominicana-firma-acuerdo-en-el-que-delimita-frontera-maritima-con-el-reino-de-los-paises-bajos\/#primaryimage"},"thumbnailUrl":"","keywords":["Acuerdo","Frontera mar\u00edtima","MIREX","Reino de los Pa\u00edses Bajos"],"articleSection":["Novedades","Novedades en portada"],"inLanguage":"en-US"},{"@type":"WebPage","@id":"https:\/\/nld.mirex.gob.do\/consular\/amsterdam\/republica-dominicana-firma-acuerdo-en-el-que-delimita-frontera-maritima-con-el-reino-de-los-paises-bajos\/","url":"https:\/\/nld.mirex.gob.do\/consular\/amsterdam\/republica-dominicana-firma-acuerdo-en-el-que-delimita-frontera-maritima-con-el-reino-de-los-paises-bajos\/","name":"Rep\u00fablica Dominicana firma acuerdo en el que delimita frontera mar\u00edtima con el Reino de los Pa\u00edses Bajos - Consulado General de la Rep\u00fablica Dominicana en La Haya, Reino de los Pa\u00edses Bajos","isPartOf":{"@id":"https:\/\/nld.mirex.gob.do\/consular\/amsterdam\/#website"},"primaryImageOfPage":{"@id":"https:\/\/nld.mirex.gob.do\/consular\/amsterdam\/republica-dominicana-firma-acuerdo-en-el-que-delimita-frontera-maritima-con-el-reino-de-los-paises-bajos\/#primaryimage"},"image":{"@id":"https:\/\/nld.mirex.gob.do\/consular\/amsterdam\/republica-dominicana-firma-acuerdo-en-el-que-delimita-frontera-maritima-con-el-reino-de-los-paises-bajos\/#primaryimage"},"thumbnailUrl":"","datePublished":"2021-07-06T08:48:24+00:00","breadcrumb":{"@id":"https:\/\/nld.mirex.gob.do\/consular\/amsterdam\/republica-dominicana-firma-acuerdo-en-el-que-delimita-frontera-maritima-con-el-reino-de-los-paises-bajos\/#breadcrumb"},"inLanguage":"en-US","potentialAction":[{"@type":"ReadAction","target":["https:\/\/nld.mirex.gob.do\/consular\/amsterdam\/republica-dominicana-firma-acuerdo-en-el-que-delimita-frontera-maritima-con-el-reino-de-los-paises-bajos\/"]}]},{"@type":"ImageObject","inLanguage":"en-US","@id":"https:\/\/nld.mirex.gob.do\/consular\/amsterdam\/republica-dominicana-firma-acuerdo-en-el-que-delimita-frontera-maritima-con-el-reino-de-los-paises-bajos\/#primaryimage","url":"","contentUrl":""},{"@type":"BreadcrumbList","@id":"https:\/\/nld.mirex.gob.do\/consular\/amsterdam\/republica-dominicana-firma-acuerdo-en-el-que-delimita-frontera-maritima-con-el-reino-de-los-paises-bajos\/#breadcrumb","itemListElement":[{"@type":"ListItem","position":1,"name":"Inicio","item":"https:\/\/nld.mirex.gob.do\/consular\/amsterdam\/"},{"@type":"ListItem","position":2,"name":"Rep\u00fablica Dominicana firma acuerdo en el que delimita frontera mar\u00edtima con el Reino de los Pa\u00edses Bajos"}]},{"@type":"WebSite","@id":"https:\/\/nld.mirex.gob.do\/consular\/amsterdam\/#website","url":"https:\/\/nld.mirex.gob.do\/consular\/amsterdam\/","name":"Consulado General de la Rep\u00fablica Dominicana en La Haya, Reino de los Pa\u00edses Bajos","description":"","publisher":{"@id":"https:\/\/nld.mirex.gob.do\/consular\/amsterdam\/#organization"},"potentialAction":[{"@type":"SearchAction","target":{"@type":"EntryPoint","urlTemplate":"https:\/\/nld.mirex.gob.do\/consular\/amsterdam\/?s={search_term_string}"},"query-input":{"@type":"PropertyValueSpecification","valueRequired":true,"valueName":"search_term_string"}}],"inLanguage":"en-US"},{"@type":"Organization","@id":"https:\/\/nld.mirex.gob.do\/consular\/amsterdam\/#organization","name":"Consulado General de la Rep\u00fablica Dominicana en La Haya, Reino de los Pa\u00edses Bajos","url":"https:\/\/nld.mirex.gob.do\/consular\/amsterdam\/","logo":{"@type":"ImageObject","inLanguage":"en-US","@id":"https:\/\/nld.mirex.gob.do\/consular\/amsterdam\/#\/schema\/logo\/image\/","url":"https:\/\/nld.mirex.gob.do\/consular\/amsterdam\/wp-content\/uploads\/2024\/04\/cropped-consulado_la_haya_reinode_los_Paises_Bajos.jpg","contentUrl":"https:\/\/nld.mirex.gob.do\/consular\/amsterdam\/wp-content\/uploads\/2024\/04\/cropped-consulado_la_haya_reinode_los_Paises_Bajos.jpg","width":999,"height":407,"caption":"Consulado General de la Rep\u00fablica Dominicana en La Haya, Reino de los Pa\u00edses Bajos"},"image":{"@id":"https:\/\/nld.mirex.gob.do\/consular\/amsterdam\/#\/schema\/logo\/image\/"}},{"@type":"Person","@id":"https:\/\/nld.mirex.gob.do\/consular\/amsterdam\/#\/schema\/person\/772a9951ade6a7e4ab978b618b619ff8","name":"Michael Antonio Melo Andujar","image":{"@type":"ImageObject","inLanguage":"en-US","@id":"https:\/\/secure.gravatar.com\/avatar\/f8862d24b6945a30d30c9727ef9dfcd533ee25a18a27afc92991446aeb0e652d?s=96&d=mm&r=g","url":"https:\/\/secure.gravatar.com\/avatar\/f8862d24b6945a30d30c9727ef9dfcd533ee25a18a27afc92991446aeb0e652d?s=96&d=mm&r=g","contentUrl":"https:\/\/secure.gravatar.com\/avatar\/f8862d24b6945a30d30c9727ef9dfcd533ee25a18a27afc92991446aeb0e652d?s=96&d=mm&r=g","caption":"Michael Antonio Melo Andujar"}}]}},"_links":{"self":[{"href":"https:\/\/nld.mirex.gob.do\/consular\/amsterdam\/wp-json\/wp\/v2\/posts\/6394","targetHints":{"allow":["GET"]}}],"collection":[{"href":"https:\/\/nld.mirex.gob.do\/consular\/amsterdam\/wp-json\/wp\/v2\/posts"}],"about":[{"href":"https:\/\/nld.mirex.gob.do\/consular\/amsterdam\/wp-json\/wp\/v2\/types\/post"}],"author":[{"embeddable":true,"href":"https:\/\/nld.mirex.gob.do\/consular\/amsterdam\/wp-json\/wp\/v2\/users\/8"}],"replies":[{"embeddable":true,"href":"https:\/\/nld.mirex.gob.do\/consular\/amsterdam\/wp-json\/wp\/v2\/comments?post=6394"}],"version-history":[{"count":0,"href":"https:\/\/nld.mirex.gob.do\/consular\/amsterdam\/wp-json\/wp\/v2\/posts\/6394\/revisions"}],"wp:featuredmedia":[{"embeddable":true,"href":"https:\/\/nld.mirex.gob.do\/consular\/amsterdam\/wp-json\/"}],"wp:attachment":[{"href":"https:\/\/nld.mirex.gob.do\/consular\/amsterdam\/wp-json\/wp\/v2\/media?parent=6394"}],"wp:term":[{"taxonomy":"category","embeddable":true,"href":"https:\/\/nld.mirex.gob.do\/consular\/amsterdam\/wp-json\/wp\/v2\/categories?post=6394"},{"taxonomy":"post_tag","embeddable":true,"href":"https:\/\/nld.mirex.gob.do\/consular\/amsterdam\/wp-json\/wp\/v2\/tags?post=6394"}],"curies":[{"name":"wp","href":"https:\/\/api.w.org\/{rel}","templated":true}]}}