{"id":6388,"date":"2021-05-30T09:06:00","date_gmt":"2021-05-30T09:06:00","guid":{"rendered":"https:\/\/www.consuladordholanda.com\/?p=4775"},"modified":"2021-05-30T09:06:00","modified_gmt":"2021-05-30T09:06:00","slug":"la-casa-del-dominicano-suspende-su-fiesta-programada-para-el-dia-de-la-madre-domingo-30-de-mayo-del-2021","status":"publish","type":"post","link":"https:\/\/nld.mirex.gob.do\/consular\/amsterdam\/la-casa-del-dominicano-suspende-su-fiesta-programada-para-el-dia-de-la-madre-domingo-30-de-mayo-del-2021\/","title":{"rendered":"La casa del Dominicano suspende su fiesta programada para el D\u00eda de la madre, domingo 30 de mayo del 2021"},"content":{"rendered":"<p><a href=\"https:\/\/www.consuladordholanda.com\/wp-content\/uploads\/2021\/05\/fiesta-suspendida-2021.jpg\"><img fetchpriority=\"high\" decoding=\"async\" class=\"alignnone size-full wp-image-4776\" src=\"https:\/\/www.consuladordholanda.com\/wp-content\/uploads\/2021\/05\/fiesta-suspendida-2021.jpg\" alt=\"\" width=\"1080\" height=\"1247\"><\/a><\/p>\n<p><span class=\"\">La casa del Dominicano suspende su fiesta programada para el D\u00eda de la madre, domingo 30 de mayo del 2021.<\/p>\n<p>Estimada comunidad dominicana,<br \/>\nDada la creciente popularidad de la fiesta para el D\u00eda de la Madre, que nos impide garantizar la salud y el bienestar de nuestros dominicanos y dominicanas en medio de esta crisis sanitaria, lamentamos comunicarle la cancelaci\u00f3n de este evento hasta nuevo aviso.<\/p>\n<p>En concordancia con las autoridades locales, donde llegamos a la conclusi\u00f3n que el p\u00fablico esperado sobrepasar\u00e1 significativamente la cantidad m\u00e1xima acordada, decidimos poner la integridad de nuestra comunidad por encima de nuestra agenda. De igual forma, permanecemos en contacto con las autoridades relevantes para debatir las posibilidades de una nueva fecha en un futuro cercano.<\/p>\n<p>Muy atentamente,<br \/>\nCasa del Dominicano<\/span><\/p>\n","protected":false},"excerpt":{"rendered":"<p>La casa del Dominicano suspende su fiesta programada para el D\u00eda de la madre, domingo 30 de mayo del 2021. Estimada comunidad dominicana, Dada la creciente popularidad de la fiesta para el D\u00eda de la Madre, que nos impide garantizar la salud y el bienestar de nuestros dominicanos y dominicanas en medio de esta crisis [&hellip;]<\/p>\n","protected":false},"author":8,"featured_media":4777,"comment_status":"closed","ping_status":"open","sticky":false,"template":"","format":"standard","meta":{"site-sidebar-layout":"default","site-content-layout":"","ast-site-content-layout":"default","site-content-style":"default","site-sidebar-style":"default","ast-global-header-display":"","ast-banner-title-visibility":"","ast-main-header-display":"","ast-hfb-above-header-display":"","ast-hfb-below-header-display":"","ast-hfb-mobile-header-display":"","site-post-title":"","ast-breadcrumbs-content":"","ast-featured-img":"","footer-sml-layout":"","ast-disable-related-posts":"","theme-transparent-header-meta":"","adv-header-id-meta":"","stick-header-meta":"","header-above-stick-meta":"","header-main-stick-meta":"","header-below-stick-meta":"","astra-migrate-meta-layouts":"default","ast-page-background-enabled":"default","ast-page-background-meta":{"desktop":{"background-color":"","background-image":"","background-repeat":"repeat","background-position":"center center","background-size":"auto","background-attachment":"scroll","background-type":"","background-media":"","overlay-type":"","overlay-color":"","overlay-opacity":"","overlay-gradient":""},"tablet":{"background-color":"","background-image":"","background-repeat":"repeat","background-position":"center center","background-size":"auto","background-attachment":"scroll","background-type":"","background-media":"","overlay-type":"","overlay-color":"","overlay-opacity":"","overlay-gradient":""},"mobile":{"background-color":"","background-image":"","background-repeat":"repeat","background-position":"center center","background-size":"auto","background-attachment":"scroll","background-type":"","background-media":"","overlay-type":"","overlay-color":"","overlay-opacity":"","overlay-gradient":""}},"ast-content-background-meta":{"desktop":{"background-color":"var(--ast-global-color-5)","background-image":"","background-repeat":"repeat","background-position":"center center","background-size":"auto","background-attachment":"scroll","background-type":"","background-media":"","overlay-type":"","overlay-color":"","overlay-opacity":"","overlay-gradient":""},"tablet":{"background-color":"var(--ast-global-color-5)","background-image":"","background-repeat":"repeat","background-position":"center center","background-size":"auto","background-attachment":"scroll","background-type":"","background-media":"","overlay-type":"","overlay-color":"","overlay-opacity":"","overlay-gradient":""},"mobile":{"background-color":"var(--ast-global-color-5)","background-image":"","background-repeat":"repeat","background-position":"center center","background-size":"auto","background-attachment":"scroll","background-type":"","background-media":"","overlay-type":"","overlay-color":"","overlay-opacity":"","overlay-gradient":""}},"footnotes":""},"categories":[101,408],"tags":[402,453],"class_list":["post-6388","post","type-post","status-publish","format-standard","has-post-thumbnail","hentry","category-actividades","category-actividades-en-portada","tag-dia-de-la-madre-dominicana","tag-fiesta"],"yoast_head":"<!-- This site is optimized with the Yoast SEO plugin v27.4 - https:\/\/yoast.com\/product\/yoast-seo-wordpress\/ -->\n<title>La casa del Dominicano suspende su fiesta programada para el D\u00eda de la madre, domingo 30 de mayo del 2021 - Consulado General de la Rep\u00fablica Dominicana en La Haya, Reino de los Pa\u00edses Bajos<\/title>\n<meta name=\"robots\" content=\"index, follow, max-snippet:-1, max-image-preview:large, max-video-preview:-1\" \/>\n<link rel=\"canonical\" href=\"https:\/\/nld.mirex.gob.do\/consular\/amsterdam\/la-casa-del-dominicano-suspende-su-fiesta-programada-para-el-dia-de-la-madre-domingo-30-de-mayo-del-2021\/\" \/>\n<meta property=\"og:locale\" content=\"en_US\" \/>\n<meta property=\"og:type\" content=\"article\" \/>\n<meta property=\"og:title\" content=\"La casa del Dominicano suspende su fiesta programada para el D\u00eda de la madre, domingo 30 de mayo del 2021 - Consulado General de la Rep\u00fablica Dominicana en La Haya, Reino de los Pa\u00edses Bajos\" \/>\n<meta property=\"og:description\" content=\"La casa del Dominicano suspende su fiesta programada para el D\u00eda de la madre, domingo 30 de mayo del 2021. Estimada comunidad dominicana, Dada la creciente popularidad de la fiesta para el D\u00eda de la Madre, que nos impide garantizar la salud y el bienestar de nuestros dominicanos y dominicanas en medio de esta crisis [&hellip;]\" \/>\n<meta property=\"og:url\" content=\"https:\/\/nld.mirex.gob.do\/consular\/amsterdam\/la-casa-del-dominicano-suspende-su-fiesta-programada-para-el-dia-de-la-madre-domingo-30-de-mayo-del-2021\/\" \/>\n<meta property=\"og:site_name\" content=\"Consulado General de la Rep\u00fablica Dominicana en La Haya, Reino de los Pa\u00edses Bajos\" \/>\n<meta property=\"article:published_time\" content=\"2021-05-30T09:06:00+00:00\" \/>\n<meta name=\"author\" content=\"Michael Antonio Melo Andujar\" \/>\n<meta name=\"twitter:card\" content=\"summary_large_image\" \/>\n<meta name=\"twitter:label1\" content=\"Written by\" \/>\n\t<meta name=\"twitter:data1\" content=\"Michael Antonio Melo Andujar\" \/>\n\t<meta name=\"twitter:label2\" content=\"Est. reading time\" \/>\n\t<meta name=\"twitter:data2\" content=\"1 minute\" \/>\n<script type=\"application\/ld+json\" class=\"yoast-schema-graph\">{\"@context\":\"https:\\\/\\\/schema.org\",\"@graph\":[{\"@type\":\"Article\",\"@id\":\"https:\\\/\\\/nld.mirex.gob.do\\\/consular\\\/amsterdam\\\/la-casa-del-dominicano-suspende-su-fiesta-programada-para-el-dia-de-la-madre-domingo-30-de-mayo-del-2021\\\/#article\",\"isPartOf\":{\"@id\":\"https:\\\/\\\/nld.mirex.gob.do\\\/consular\\\/amsterdam\\\/la-casa-del-dominicano-suspende-su-fiesta-programada-para-el-dia-de-la-madre-domingo-30-de-mayo-del-2021\\\/\"},\"author\":{\"name\":\"Michael Antonio Melo Andujar\",\"@id\":\"https:\\\/\\\/nld.mirex.gob.do\\\/consular\\\/amsterdam\\\/#\\\/schema\\\/person\\\/772a9951ade6a7e4ab978b618b619ff8\"},\"headline\":\"La casa del Dominicano suspende su fiesta programada para el D\u00eda de la madre, domingo 30 de mayo del 2021\",\"datePublished\":\"2021-05-30T09:06:00+00:00\",\"mainEntityOfPage\":{\"@id\":\"https:\\\/\\\/nld.mirex.gob.do\\\/consular\\\/amsterdam\\\/la-casa-del-dominicano-suspende-su-fiesta-programada-para-el-dia-de-la-madre-domingo-30-de-mayo-del-2021\\\/\"},\"wordCount\":149,\"publisher\":{\"@id\":\"https:\\\/\\\/nld.mirex.gob.do\\\/consular\\\/amsterdam\\\/#organization\"},\"image\":{\"@id\":\"https:\\\/\\\/nld.mirex.gob.do\\\/consular\\\/amsterdam\\\/la-casa-del-dominicano-suspende-su-fiesta-programada-para-el-dia-de-la-madre-domingo-30-de-mayo-del-2021\\\/#primaryimage\"},\"thumbnailUrl\":\"\",\"keywords\":[\"D\u00eda de la Madre Dominicana\",\"Fiesta\"],\"articleSection\":[\"Actividades\",\"Actividades en portada\"],\"inLanguage\":\"en-US\"},{\"@type\":\"WebPage\",\"@id\":\"https:\\\/\\\/nld.mirex.gob.do\\\/consular\\\/amsterdam\\\/la-casa-del-dominicano-suspende-su-fiesta-programada-para-el-dia-de-la-madre-domingo-30-de-mayo-del-2021\\\/\",\"url\":\"https:\\\/\\\/nld.mirex.gob.do\\\/consular\\\/amsterdam\\\/la-casa-del-dominicano-suspende-su-fiesta-programada-para-el-dia-de-la-madre-domingo-30-de-mayo-del-2021\\\/\",\"name\":\"La casa del Dominicano suspende su fiesta programada para el D\u00eda de la madre, domingo 30 de mayo del 2021 - Consulado General de la Rep\u00fablica Dominicana en La Haya, Reino de los Pa\u00edses Bajos\",\"isPartOf\":{\"@id\":\"https:\\\/\\\/nld.mirex.gob.do\\\/consular\\\/amsterdam\\\/#website\"},\"primaryImageOfPage\":{\"@id\":\"https:\\\/\\\/nld.mirex.gob.do\\\/consular\\\/amsterdam\\\/la-casa-del-dominicano-suspende-su-fiesta-programada-para-el-dia-de-la-madre-domingo-30-de-mayo-del-2021\\\/#primaryimage\"},\"image\":{\"@id\":\"https:\\\/\\\/nld.mirex.gob.do\\\/consular\\\/amsterdam\\\/la-casa-del-dominicano-suspende-su-fiesta-programada-para-el-dia-de-la-madre-domingo-30-de-mayo-del-2021\\\/#primaryimage\"},\"thumbnailUrl\":\"\",\"datePublished\":\"2021-05-30T09:06:00+00:00\",\"breadcrumb\":{\"@id\":\"https:\\\/\\\/nld.mirex.gob.do\\\/consular\\\/amsterdam\\\/la-casa-del-dominicano-suspende-su-fiesta-programada-para-el-dia-de-la-madre-domingo-30-de-mayo-del-2021\\\/#breadcrumb\"},\"inLanguage\":\"en-US\",\"potentialAction\":[{\"@type\":\"ReadAction\",\"target\":[\"https:\\\/\\\/nld.mirex.gob.do\\\/consular\\\/amsterdam\\\/la-casa-del-dominicano-suspende-su-fiesta-programada-para-el-dia-de-la-madre-domingo-30-de-mayo-del-2021\\\/\"]}]},{\"@type\":\"ImageObject\",\"inLanguage\":\"en-US\",\"@id\":\"https:\\\/\\\/nld.mirex.gob.do\\\/consular\\\/amsterdam\\\/la-casa-del-dominicano-suspende-su-fiesta-programada-para-el-dia-de-la-madre-domingo-30-de-mayo-del-2021\\\/#primaryimage\",\"url\":\"\",\"contentUrl\":\"\"},{\"@type\":\"BreadcrumbList\",\"@id\":\"https:\\\/\\\/nld.mirex.gob.do\\\/consular\\\/amsterdam\\\/la-casa-del-dominicano-suspende-su-fiesta-programada-para-el-dia-de-la-madre-domingo-30-de-mayo-del-2021\\\/#breadcrumb\",\"itemListElement\":[{\"@type\":\"ListItem\",\"position\":1,\"name\":\"Inicio\",\"item\":\"https:\\\/\\\/nld.mirex.gob.do\\\/consular\\\/amsterdam\\\/\"},{\"@type\":\"ListItem\",\"position\":2,\"name\":\"La casa del Dominicano suspende su fiesta programada para el D\u00eda de la madre, domingo 30 de mayo del 2021\"}]},{\"@type\":\"WebSite\",\"@id\":\"https:\\\/\\\/nld.mirex.gob.do\\\/consular\\\/amsterdam\\\/#website\",\"url\":\"https:\\\/\\\/nld.mirex.gob.do\\\/consular\\\/amsterdam\\\/\",\"name\":\"Consulado General de la Rep\u00fablica Dominicana en La Haya, Reino de los Pa\u00edses Bajos\",\"description\":\"\",\"publisher\":{\"@id\":\"https:\\\/\\\/nld.mirex.gob.do\\\/consular\\\/amsterdam\\\/#organization\"},\"potentialAction\":[{\"@type\":\"SearchAction\",\"target\":{\"@type\":\"EntryPoint\",\"urlTemplate\":\"https:\\\/\\\/nld.mirex.gob.do\\\/consular\\\/amsterdam\\\/?s={search_term_string}\"},\"query-input\":{\"@type\":\"PropertyValueSpecification\",\"valueRequired\":true,\"valueName\":\"search_term_string\"}}],\"inLanguage\":\"en-US\"},{\"@type\":\"Organization\",\"@id\":\"https:\\\/\\\/nld.mirex.gob.do\\\/consular\\\/amsterdam\\\/#organization\",\"name\":\"Consulado General de la Rep\u00fablica Dominicana en La Haya, Reino de los Pa\u00edses Bajos\",\"url\":\"https:\\\/\\\/nld.mirex.gob.do\\\/consular\\\/amsterdam\\\/\",\"logo\":{\"@type\":\"ImageObject\",\"inLanguage\":\"en-US\",\"@id\":\"https:\\\/\\\/nld.mirex.gob.do\\\/consular\\\/amsterdam\\\/#\\\/schema\\\/logo\\\/image\\\/\",\"url\":\"https:\\\/\\\/nld.mirex.gob.do\\\/consular\\\/amsterdam\\\/wp-content\\\/uploads\\\/2024\\\/04\\\/cropped-consulado_la_haya_reinode_los_Paises_Bajos.jpg\",\"contentUrl\":\"https:\\\/\\\/nld.mirex.gob.do\\\/consular\\\/amsterdam\\\/wp-content\\\/uploads\\\/2024\\\/04\\\/cropped-consulado_la_haya_reinode_los_Paises_Bajos.jpg\",\"width\":999,\"height\":407,\"caption\":\"Consulado General de la Rep\u00fablica Dominicana en La Haya, Reino de los Pa\u00edses Bajos\"},\"image\":{\"@id\":\"https:\\\/\\\/nld.mirex.gob.do\\\/consular\\\/amsterdam\\\/#\\\/schema\\\/logo\\\/image\\\/\"}},{\"@type\":\"Person\",\"@id\":\"https:\\\/\\\/nld.mirex.gob.do\\\/consular\\\/amsterdam\\\/#\\\/schema\\\/person\\\/772a9951ade6a7e4ab978b618b619ff8\",\"name\":\"Michael Antonio Melo Andujar\",\"image\":{\"@type\":\"ImageObject\",\"inLanguage\":\"en-US\",\"@id\":\"https:\\\/\\\/secure.gravatar.com\\\/avatar\\\/f8862d24b6945a30d30c9727ef9dfcd533ee25a18a27afc92991446aeb0e652d?s=96&d=mm&r=g\",\"url\":\"https:\\\/\\\/secure.gravatar.com\\\/avatar\\\/f8862d24b6945a30d30c9727ef9dfcd533ee25a18a27afc92991446aeb0e652d?s=96&d=mm&r=g\",\"contentUrl\":\"https:\\\/\\\/secure.gravatar.com\\\/avatar\\\/f8862d24b6945a30d30c9727ef9dfcd533ee25a18a27afc92991446aeb0e652d?s=96&d=mm&r=g\",\"caption\":\"Michael Antonio Melo Andujar\"}}]}<\/script>\n<!-- \/ Yoast SEO plugin. -->","yoast_head_json":{"title":"La casa del Dominicano suspende su fiesta programada para el D\u00eda de la madre, domingo 30 de mayo del 2021 - Consulado General de la Rep\u00fablica Dominicana en La Haya, Reino de los Pa\u00edses Bajos","robots":{"index":"index","follow":"follow","max-snippet":"max-snippet:-1","max-image-preview":"max-image-preview:large","max-video-preview":"max-video-preview:-1"},"canonical":"https:\/\/nld.mirex.gob.do\/consular\/amsterdam\/la-casa-del-dominicano-suspende-su-fiesta-programada-para-el-dia-de-la-madre-domingo-30-de-mayo-del-2021\/","og_locale":"en_US","og_type":"article","og_title":"La casa del Dominicano suspende su fiesta programada para el D\u00eda de la madre, domingo 30 de mayo del 2021 - Consulado General de la Rep\u00fablica Dominicana en La Haya, Reino de los Pa\u00edses Bajos","og_description":"La casa del Dominicano suspende su fiesta programada para el D\u00eda de la madre, domingo 30 de mayo del 2021. Estimada comunidad dominicana, Dada la creciente popularidad de la fiesta para el D\u00eda de la Madre, que nos impide garantizar la salud y el bienestar de nuestros dominicanos y dominicanas en medio de esta crisis [&hellip;]","og_url":"https:\/\/nld.mirex.gob.do\/consular\/amsterdam\/la-casa-del-dominicano-suspende-su-fiesta-programada-para-el-dia-de-la-madre-domingo-30-de-mayo-del-2021\/","og_site_name":"Consulado General de la Rep\u00fablica Dominicana en La Haya, Reino de los Pa\u00edses Bajos","article_published_time":"2021-05-30T09:06:00+00:00","author":"Michael Antonio Melo Andujar","twitter_card":"summary_large_image","twitter_misc":{"Written by":"Michael Antonio Melo Andujar","Est. reading time":"1 minute"},"schema":{"@context":"https:\/\/schema.org","@graph":[{"@type":"Article","@id":"https:\/\/nld.mirex.gob.do\/consular\/amsterdam\/la-casa-del-dominicano-suspende-su-fiesta-programada-para-el-dia-de-la-madre-domingo-30-de-mayo-del-2021\/#article","isPartOf":{"@id":"https:\/\/nld.mirex.gob.do\/consular\/amsterdam\/la-casa-del-dominicano-suspende-su-fiesta-programada-para-el-dia-de-la-madre-domingo-30-de-mayo-del-2021\/"},"author":{"name":"Michael Antonio Melo Andujar","@id":"https:\/\/nld.mirex.gob.do\/consular\/amsterdam\/#\/schema\/person\/772a9951ade6a7e4ab978b618b619ff8"},"headline":"La casa del Dominicano suspende su fiesta programada para el D\u00eda de la madre, domingo 30 de mayo del 2021","datePublished":"2021-05-30T09:06:00+00:00","mainEntityOfPage":{"@id":"https:\/\/nld.mirex.gob.do\/consular\/amsterdam\/la-casa-del-dominicano-suspende-su-fiesta-programada-para-el-dia-de-la-madre-domingo-30-de-mayo-del-2021\/"},"wordCount":149,"publisher":{"@id":"https:\/\/nld.mirex.gob.do\/consular\/amsterdam\/#organization"},"image":{"@id":"https:\/\/nld.mirex.gob.do\/consular\/amsterdam\/la-casa-del-dominicano-suspende-su-fiesta-programada-para-el-dia-de-la-madre-domingo-30-de-mayo-del-2021\/#primaryimage"},"thumbnailUrl":"","keywords":["D\u00eda de la Madre Dominicana","Fiesta"],"articleSection":["Actividades","Actividades en portada"],"inLanguage":"en-US"},{"@type":"WebPage","@id":"https:\/\/nld.mirex.gob.do\/consular\/amsterdam\/la-casa-del-dominicano-suspende-su-fiesta-programada-para-el-dia-de-la-madre-domingo-30-de-mayo-del-2021\/","url":"https:\/\/nld.mirex.gob.do\/consular\/amsterdam\/la-casa-del-dominicano-suspende-su-fiesta-programada-para-el-dia-de-la-madre-domingo-30-de-mayo-del-2021\/","name":"La casa del Dominicano suspende su fiesta programada para el D\u00eda de la madre, domingo 30 de mayo del 2021 - Consulado General de la Rep\u00fablica Dominicana en La Haya, Reino de los Pa\u00edses Bajos","isPartOf":{"@id":"https:\/\/nld.mirex.gob.do\/consular\/amsterdam\/#website"},"primaryImageOfPage":{"@id":"https:\/\/nld.mirex.gob.do\/consular\/amsterdam\/la-casa-del-dominicano-suspende-su-fiesta-programada-para-el-dia-de-la-madre-domingo-30-de-mayo-del-2021\/#primaryimage"},"image":{"@id":"https:\/\/nld.mirex.gob.do\/consular\/amsterdam\/la-casa-del-dominicano-suspende-su-fiesta-programada-para-el-dia-de-la-madre-domingo-30-de-mayo-del-2021\/#primaryimage"},"thumbnailUrl":"","datePublished":"2021-05-30T09:06:00+00:00","breadcrumb":{"@id":"https:\/\/nld.mirex.gob.do\/consular\/amsterdam\/la-casa-del-dominicano-suspende-su-fiesta-programada-para-el-dia-de-la-madre-domingo-30-de-mayo-del-2021\/#breadcrumb"},"inLanguage":"en-US","potentialAction":[{"@type":"ReadAction","target":["https:\/\/nld.mirex.gob.do\/consular\/amsterdam\/la-casa-del-dominicano-suspende-su-fiesta-programada-para-el-dia-de-la-madre-domingo-30-de-mayo-del-2021\/"]}]},{"@type":"ImageObject","inLanguage":"en-US","@id":"https:\/\/nld.mirex.gob.do\/consular\/amsterdam\/la-casa-del-dominicano-suspende-su-fiesta-programada-para-el-dia-de-la-madre-domingo-30-de-mayo-del-2021\/#primaryimage","url":"","contentUrl":""},{"@type":"BreadcrumbList","@id":"https:\/\/nld.mirex.gob.do\/consular\/amsterdam\/la-casa-del-dominicano-suspende-su-fiesta-programada-para-el-dia-de-la-madre-domingo-30-de-mayo-del-2021\/#breadcrumb","itemListElement":[{"@type":"ListItem","position":1,"name":"Inicio","item":"https:\/\/nld.mirex.gob.do\/consular\/amsterdam\/"},{"@type":"ListItem","position":2,"name":"La casa del Dominicano suspende su fiesta programada para el D\u00eda de la madre, domingo 30 de mayo del 2021"}]},{"@type":"WebSite","@id":"https:\/\/nld.mirex.gob.do\/consular\/amsterdam\/#website","url":"https:\/\/nld.mirex.gob.do\/consular\/amsterdam\/","name":"Consulado General de la Rep\u00fablica Dominicana en La Haya, Reino de los Pa\u00edses Bajos","description":"","publisher":{"@id":"https:\/\/nld.mirex.gob.do\/consular\/amsterdam\/#organization"},"potentialAction":[{"@type":"SearchAction","target":{"@type":"EntryPoint","urlTemplate":"https:\/\/nld.mirex.gob.do\/consular\/amsterdam\/?s={search_term_string}"},"query-input":{"@type":"PropertyValueSpecification","valueRequired":true,"valueName":"search_term_string"}}],"inLanguage":"en-US"},{"@type":"Organization","@id":"https:\/\/nld.mirex.gob.do\/consular\/amsterdam\/#organization","name":"Consulado General de la Rep\u00fablica Dominicana en La Haya, Reino de los Pa\u00edses Bajos","url":"https:\/\/nld.mirex.gob.do\/consular\/amsterdam\/","logo":{"@type":"ImageObject","inLanguage":"en-US","@id":"https:\/\/nld.mirex.gob.do\/consular\/amsterdam\/#\/schema\/logo\/image\/","url":"https:\/\/nld.mirex.gob.do\/consular\/amsterdam\/wp-content\/uploads\/2024\/04\/cropped-consulado_la_haya_reinode_los_Paises_Bajos.jpg","contentUrl":"https:\/\/nld.mirex.gob.do\/consular\/amsterdam\/wp-content\/uploads\/2024\/04\/cropped-consulado_la_haya_reinode_los_Paises_Bajos.jpg","width":999,"height":407,"caption":"Consulado General de la Rep\u00fablica Dominicana en La Haya, Reino de los Pa\u00edses Bajos"},"image":{"@id":"https:\/\/nld.mirex.gob.do\/consular\/amsterdam\/#\/schema\/logo\/image\/"}},{"@type":"Person","@id":"https:\/\/nld.mirex.gob.do\/consular\/amsterdam\/#\/schema\/person\/772a9951ade6a7e4ab978b618b619ff8","name":"Michael Antonio Melo Andujar","image":{"@type":"ImageObject","inLanguage":"en-US","@id":"https:\/\/secure.gravatar.com\/avatar\/f8862d24b6945a30d30c9727ef9dfcd533ee25a18a27afc92991446aeb0e652d?s=96&d=mm&r=g","url":"https:\/\/secure.gravatar.com\/avatar\/f8862d24b6945a30d30c9727ef9dfcd533ee25a18a27afc92991446aeb0e652d?s=96&d=mm&r=g","contentUrl":"https:\/\/secure.gravatar.com\/avatar\/f8862d24b6945a30d30c9727ef9dfcd533ee25a18a27afc92991446aeb0e652d?s=96&d=mm&r=g","caption":"Michael Antonio Melo Andujar"}}]}},"_links":{"self":[{"href":"https:\/\/nld.mirex.gob.do\/consular\/amsterdam\/wp-json\/wp\/v2\/posts\/6388","targetHints":{"allow":["GET"]}}],"collection":[{"href":"https:\/\/nld.mirex.gob.do\/consular\/amsterdam\/wp-json\/wp\/v2\/posts"}],"about":[{"href":"https:\/\/nld.mirex.gob.do\/consular\/amsterdam\/wp-json\/wp\/v2\/types\/post"}],"author":[{"embeddable":true,"href":"https:\/\/nld.mirex.gob.do\/consular\/amsterdam\/wp-json\/wp\/v2\/users\/8"}],"replies":[{"embeddable":true,"href":"https:\/\/nld.mirex.gob.do\/consular\/amsterdam\/wp-json\/wp\/v2\/comments?post=6388"}],"version-history":[{"count":0,"href":"https:\/\/nld.mirex.gob.do\/consular\/amsterdam\/wp-json\/wp\/v2\/posts\/6388\/revisions"}],"wp:featuredmedia":[{"embeddable":true,"href":"https:\/\/nld.mirex.gob.do\/consular\/amsterdam\/wp-json\/"}],"wp:attachment":[{"href":"https:\/\/nld.mirex.gob.do\/consular\/amsterdam\/wp-json\/wp\/v2\/media?parent=6388"}],"wp:term":[{"taxonomy":"category","embeddable":true,"href":"https:\/\/nld.mirex.gob.do\/consular\/amsterdam\/wp-json\/wp\/v2\/categories?post=6388"},{"taxonomy":"post_tag","embeddable":true,"href":"https:\/\/nld.mirex.gob.do\/consular\/amsterdam\/wp-json\/wp\/v2\/tags?post=6388"}],"curies":[{"name":"wp","href":"https:\/\/api.w.org\/{rel}","templated":true}]}}