{"id":6383,"date":"2021-05-24T10:22:31","date_gmt":"2021-05-24T10:22:31","guid":{"rendered":"https:\/\/www.consuladordholanda.com\/?p=4735"},"modified":"2021-05-24T10:22:31","modified_gmt":"2021-05-24T10:22:31","slug":"rolf-sanchez-1er-premio-al-merito-la-diaspora-2021-paises-bajos","status":"publish","type":"post","link":"https:\/\/nld.mirex.gob.do\/consular\/amsterdam\/rolf-sanchez-1er-premio-al-merito-la-diaspora-2021-paises-bajos\/","title":{"rendered":"Rolf S\u00e1nchez, 1er Premio al M\u00e9rito la Di\u00e1spora 2021, Pa\u00edses Bajos."},"content":{"rendered":"<div class=\"ast-oembed-container \" style=\"height: 100%;\"><iframe title=\"Rolf Sanchez, 1er Premio al m\u00e9rito la di\u00e1spora 2021, Pa\u00edses Bajos.\" width=\"500\" height=\"281\" src=\"https:\/\/www.youtube.com\/embed\/d4Dgzh0VtSs?feature=oembed\" frameborder=\"0\" allow=\"accelerometer; autoplay; clipboard-write; encrypted-media; gyroscope; picture-in-picture; web-share\" referrerpolicy=\"strict-origin-when-cross-origin\" allowfullscreen><\/iframe><\/div>\n<p>En la ciudad de La Haya, el pasado 21 de mayo de 2021, en la Embajada de la Rep\u00fablica Dominicana Ante el Reino de los Pa\u00edses Bajos, se realizo una ceremonia presidida por el Embajador <span class=\"aCOpRe\">dominicano Juan Bautista Dur\u00e1n, en la que se <\/span>entreg\u00f3 a Rolf S\u00e1nchez, cantante dominico-holand\u00e9s, el reconocimiento por el 1er Premio al M\u00e9rito la Di\u00e1spora 2021, Pa\u00edses Bajos.<\/p>\n<p>&nbsp;<\/p>\n<p>&nbsp;<\/p>\n<p>&nbsp;<\/p>\n","protected":false},"excerpt":{"rendered":"<p>En la ciudad de La Haya, el pasado 21 de mayo de 2021, en la Embajada de la Rep\u00fablica Dominicana Ante el Reino de los Pa\u00edses Bajos, se realizo una ceremonia presidida por el Embajador dominicano Juan Bautista Dur\u00e1n, en la que se entreg\u00f3 a Rolf S\u00e1nchez, cantante dominico-holand\u00e9s, el reconocimiento por el 1er Premio [&hellip;]<\/p>\n","protected":false},"author":8,"featured_media":4736,"comment_status":"closed","ping_status":"open","sticky":false,"template":"","format":"standard","meta":{"site-sidebar-layout":"default","site-content-layout":"","ast-site-content-layout":"default","site-content-style":"default","site-sidebar-style":"default","ast-global-header-display":"","ast-banner-title-visibility":"","ast-main-header-display":"","ast-hfb-above-header-display":"","ast-hfb-below-header-display":"","ast-hfb-mobile-header-display":"","site-post-title":"","ast-breadcrumbs-content":"","ast-featured-img":"","footer-sml-layout":"","ast-disable-related-posts":"","theme-transparent-header-meta":"","adv-header-id-meta":"","stick-header-meta":"","header-above-stick-meta":"","header-main-stick-meta":"","header-below-stick-meta":"","astra-migrate-meta-layouts":"default","ast-page-background-enabled":"default","ast-page-background-meta":{"desktop":{"background-color":"","background-image":"","background-repeat":"repeat","background-position":"center center","background-size":"auto","background-attachment":"scroll","background-type":"","background-media":"","overlay-type":"","overlay-color":"","overlay-opacity":"","overlay-gradient":""},"tablet":{"background-color":"","background-image":"","background-repeat":"repeat","background-position":"center center","background-size":"auto","background-attachment":"scroll","background-type":"","background-media":"","overlay-type":"","overlay-color":"","overlay-opacity":"","overlay-gradient":""},"mobile":{"background-color":"","background-image":"","background-repeat":"repeat","background-position":"center center","background-size":"auto","background-attachment":"scroll","background-type":"","background-media":"","overlay-type":"","overlay-color":"","overlay-opacity":"","overlay-gradient":""}},"ast-content-background-meta":{"desktop":{"background-color":"var(--ast-global-color-5)","background-image":"","background-repeat":"repeat","background-position":"center center","background-size":"auto","background-attachment":"scroll","background-type":"","background-media":"","overlay-type":"","overlay-color":"","overlay-opacity":"","overlay-gradient":""},"tablet":{"background-color":"var(--ast-global-color-5)","background-image":"","background-repeat":"repeat","background-position":"center center","background-size":"auto","background-attachment":"scroll","background-type":"","background-media":"","overlay-type":"","overlay-color":"","overlay-opacity":"","overlay-gradient":""},"mobile":{"background-color":"var(--ast-global-color-5)","background-image":"","background-repeat":"repeat","background-position":"center center","background-size":"auto","background-attachment":"scroll","background-type":"","background-media":"","overlay-type":"","overlay-color":"","overlay-opacity":"","overlay-gradient":""}},"footnotes":""},"categories":[101,408],"tags":[445,446,447,448,449,450],"class_list":["post-6383","post","type-post","status-publish","format-standard","has-post-thumbnail","hentry","category-actividades","category-actividades-en-portada","tag-embajada-de-la-republica-dominicana-ante-el-reino-de-los-paises-bajos","tag-juan-bautista-duran","tag-la-haya","tag-premio-al-merito-la-diaspora","tag-reconocimiento","tag-rolf-sanchez"],"yoast_head":"<!-- This site is optimized with the Yoast SEO plugin v27.4 - https:\/\/yoast.com\/product\/yoast-seo-wordpress\/ -->\n<title>Rolf S\u00e1nchez, 1er Premio al M\u00e9rito la Di\u00e1spora 2021, Pa\u00edses Bajos. - Consulado General de la Rep\u00fablica Dominicana en La Haya, Reino de los Pa\u00edses Bajos<\/title>\n<meta name=\"robots\" content=\"index, follow, max-snippet:-1, max-image-preview:large, max-video-preview:-1\" \/>\n<link rel=\"canonical\" href=\"https:\/\/nld.mirex.gob.do\/consular\/amsterdam\/rolf-sanchez-1er-premio-al-merito-la-diaspora-2021-paises-bajos\/\" \/>\n<meta property=\"og:locale\" content=\"en_US\" \/>\n<meta property=\"og:type\" content=\"article\" \/>\n<meta property=\"og:title\" content=\"Rolf S\u00e1nchez, 1er Premio al M\u00e9rito la Di\u00e1spora 2021, Pa\u00edses Bajos. - Consulado General de la Rep\u00fablica Dominicana en La Haya, Reino de los Pa\u00edses Bajos\" \/>\n<meta property=\"og:description\" content=\"En la ciudad de La Haya, el pasado 21 de mayo de 2021, en la Embajada de la Rep\u00fablica Dominicana Ante el Reino de los Pa\u00edses Bajos, se realizo una ceremonia presidida por el Embajador dominicano Juan Bautista Dur\u00e1n, en la que se entreg\u00f3 a Rolf S\u00e1nchez, cantante dominico-holand\u00e9s, el reconocimiento por el 1er Premio [&hellip;]\" \/>\n<meta property=\"og:url\" content=\"https:\/\/nld.mirex.gob.do\/consular\/amsterdam\/rolf-sanchez-1er-premio-al-merito-la-diaspora-2021-paises-bajos\/\" \/>\n<meta property=\"og:site_name\" content=\"Consulado General de la Rep\u00fablica Dominicana en La Haya, Reino de los Pa\u00edses Bajos\" \/>\n<meta property=\"article:published_time\" content=\"2021-05-24T10:22:31+00:00\" \/>\n<meta name=\"author\" content=\"Michael Antonio Melo Andujar\" \/>\n<meta name=\"twitter:card\" content=\"summary_large_image\" \/>\n<meta name=\"twitter:label1\" content=\"Written by\" \/>\n\t<meta name=\"twitter:data1\" content=\"Michael Antonio Melo Andujar\" \/>\n\t<meta name=\"twitter:label2\" content=\"Est. reading time\" \/>\n\t<meta name=\"twitter:data2\" content=\"1 minute\" \/>\n<script type=\"application\/ld+json\" class=\"yoast-schema-graph\">{\"@context\":\"https:\\\/\\\/schema.org\",\"@graph\":[{\"@type\":\"Article\",\"@id\":\"https:\\\/\\\/nld.mirex.gob.do\\\/consular\\\/amsterdam\\\/rolf-sanchez-1er-premio-al-merito-la-diaspora-2021-paises-bajos\\\/#article\",\"isPartOf\":{\"@id\":\"https:\\\/\\\/nld.mirex.gob.do\\\/consular\\\/amsterdam\\\/rolf-sanchez-1er-premio-al-merito-la-diaspora-2021-paises-bajos\\\/\"},\"author\":{\"name\":\"Michael Antonio Melo Andujar\",\"@id\":\"https:\\\/\\\/nld.mirex.gob.do\\\/consular\\\/amsterdam\\\/#\\\/schema\\\/person\\\/772a9951ade6a7e4ab978b618b619ff8\"},\"headline\":\"Rolf S\u00e1nchez, 1er Premio al M\u00e9rito la Di\u00e1spora 2021, Pa\u00edses Bajos.\",\"datePublished\":\"2021-05-24T10:22:31+00:00\",\"mainEntityOfPage\":{\"@id\":\"https:\\\/\\\/nld.mirex.gob.do\\\/consular\\\/amsterdam\\\/rolf-sanchez-1er-premio-al-merito-la-diaspora-2021-paises-bajos\\\/\"},\"wordCount\":90,\"publisher\":{\"@id\":\"https:\\\/\\\/nld.mirex.gob.do\\\/consular\\\/amsterdam\\\/#organization\"},\"image\":{\"@id\":\"https:\\\/\\\/nld.mirex.gob.do\\\/consular\\\/amsterdam\\\/rolf-sanchez-1er-premio-al-merito-la-diaspora-2021-paises-bajos\\\/#primaryimage\"},\"thumbnailUrl\":\"\",\"keywords\":[\"Embajada de la Rep\u00fablica Dominicana Ante el Reino de los Pa\u00edses Bajos\",\"Juan Bautista Dur\u00e1n\",\"La Haya\",\"Premio al M\u00e9rito la Di\u00e1spora\",\"reconocimiento\",\"Rolf S\u00e1nchez\"],\"articleSection\":[\"Actividades\",\"Actividades en portada\"],\"inLanguage\":\"en-US\"},{\"@type\":\"WebPage\",\"@id\":\"https:\\\/\\\/nld.mirex.gob.do\\\/consular\\\/amsterdam\\\/rolf-sanchez-1er-premio-al-merito-la-diaspora-2021-paises-bajos\\\/\",\"url\":\"https:\\\/\\\/nld.mirex.gob.do\\\/consular\\\/amsterdam\\\/rolf-sanchez-1er-premio-al-merito-la-diaspora-2021-paises-bajos\\\/\",\"name\":\"Rolf S\u00e1nchez, 1er Premio al M\u00e9rito la Di\u00e1spora 2021, Pa\u00edses Bajos. - Consulado General de la Rep\u00fablica Dominicana en La Haya, Reino de los Pa\u00edses Bajos\",\"isPartOf\":{\"@id\":\"https:\\\/\\\/nld.mirex.gob.do\\\/consular\\\/amsterdam\\\/#website\"},\"primaryImageOfPage\":{\"@id\":\"https:\\\/\\\/nld.mirex.gob.do\\\/consular\\\/amsterdam\\\/rolf-sanchez-1er-premio-al-merito-la-diaspora-2021-paises-bajos\\\/#primaryimage\"},\"image\":{\"@id\":\"https:\\\/\\\/nld.mirex.gob.do\\\/consular\\\/amsterdam\\\/rolf-sanchez-1er-premio-al-merito-la-diaspora-2021-paises-bajos\\\/#primaryimage\"},\"thumbnailUrl\":\"\",\"datePublished\":\"2021-05-24T10:22:31+00:00\",\"breadcrumb\":{\"@id\":\"https:\\\/\\\/nld.mirex.gob.do\\\/consular\\\/amsterdam\\\/rolf-sanchez-1er-premio-al-merito-la-diaspora-2021-paises-bajos\\\/#breadcrumb\"},\"inLanguage\":\"en-US\",\"potentialAction\":[{\"@type\":\"ReadAction\",\"target\":[\"https:\\\/\\\/nld.mirex.gob.do\\\/consular\\\/amsterdam\\\/rolf-sanchez-1er-premio-al-merito-la-diaspora-2021-paises-bajos\\\/\"]}]},{\"@type\":\"ImageObject\",\"inLanguage\":\"en-US\",\"@id\":\"https:\\\/\\\/nld.mirex.gob.do\\\/consular\\\/amsterdam\\\/rolf-sanchez-1er-premio-al-merito-la-diaspora-2021-paises-bajos\\\/#primaryimage\",\"url\":\"\",\"contentUrl\":\"\"},{\"@type\":\"BreadcrumbList\",\"@id\":\"https:\\\/\\\/nld.mirex.gob.do\\\/consular\\\/amsterdam\\\/rolf-sanchez-1er-premio-al-merito-la-diaspora-2021-paises-bajos\\\/#breadcrumb\",\"itemListElement\":[{\"@type\":\"ListItem\",\"position\":1,\"name\":\"Inicio\",\"item\":\"https:\\\/\\\/nld.mirex.gob.do\\\/consular\\\/amsterdam\\\/\"},{\"@type\":\"ListItem\",\"position\":2,\"name\":\"Rolf S\u00e1nchez, 1er Premio al M\u00e9rito la Di\u00e1spora 2021, Pa\u00edses Bajos.\"}]},{\"@type\":\"WebSite\",\"@id\":\"https:\\\/\\\/nld.mirex.gob.do\\\/consular\\\/amsterdam\\\/#website\",\"url\":\"https:\\\/\\\/nld.mirex.gob.do\\\/consular\\\/amsterdam\\\/\",\"name\":\"Consulado General de la Rep\u00fablica Dominicana en La Haya, Reino de los Pa\u00edses Bajos\",\"description\":\"\",\"publisher\":{\"@id\":\"https:\\\/\\\/nld.mirex.gob.do\\\/consular\\\/amsterdam\\\/#organization\"},\"potentialAction\":[{\"@type\":\"SearchAction\",\"target\":{\"@type\":\"EntryPoint\",\"urlTemplate\":\"https:\\\/\\\/nld.mirex.gob.do\\\/consular\\\/amsterdam\\\/?s={search_term_string}\"},\"query-input\":{\"@type\":\"PropertyValueSpecification\",\"valueRequired\":true,\"valueName\":\"search_term_string\"}}],\"inLanguage\":\"en-US\"},{\"@type\":\"Organization\",\"@id\":\"https:\\\/\\\/nld.mirex.gob.do\\\/consular\\\/amsterdam\\\/#organization\",\"name\":\"Consulado General de la Rep\u00fablica Dominicana en La Haya, Reino de los Pa\u00edses Bajos\",\"url\":\"https:\\\/\\\/nld.mirex.gob.do\\\/consular\\\/amsterdam\\\/\",\"logo\":{\"@type\":\"ImageObject\",\"inLanguage\":\"en-US\",\"@id\":\"https:\\\/\\\/nld.mirex.gob.do\\\/consular\\\/amsterdam\\\/#\\\/schema\\\/logo\\\/image\\\/\",\"url\":\"https:\\\/\\\/nld.mirex.gob.do\\\/consular\\\/amsterdam\\\/wp-content\\\/uploads\\\/2024\\\/04\\\/cropped-consulado_la_haya_reinode_los_Paises_Bajos.jpg\",\"contentUrl\":\"https:\\\/\\\/nld.mirex.gob.do\\\/consular\\\/amsterdam\\\/wp-content\\\/uploads\\\/2024\\\/04\\\/cropped-consulado_la_haya_reinode_los_Paises_Bajos.jpg\",\"width\":999,\"height\":407,\"caption\":\"Consulado General de la Rep\u00fablica Dominicana en La Haya, Reino de los Pa\u00edses Bajos\"},\"image\":{\"@id\":\"https:\\\/\\\/nld.mirex.gob.do\\\/consular\\\/amsterdam\\\/#\\\/schema\\\/logo\\\/image\\\/\"}},{\"@type\":\"Person\",\"@id\":\"https:\\\/\\\/nld.mirex.gob.do\\\/consular\\\/amsterdam\\\/#\\\/schema\\\/person\\\/772a9951ade6a7e4ab978b618b619ff8\",\"name\":\"Michael Antonio Melo Andujar\",\"image\":{\"@type\":\"ImageObject\",\"inLanguage\":\"en-US\",\"@id\":\"https:\\\/\\\/secure.gravatar.com\\\/avatar\\\/f8862d24b6945a30d30c9727ef9dfcd533ee25a18a27afc92991446aeb0e652d?s=96&d=mm&r=g\",\"url\":\"https:\\\/\\\/secure.gravatar.com\\\/avatar\\\/f8862d24b6945a30d30c9727ef9dfcd533ee25a18a27afc92991446aeb0e652d?s=96&d=mm&r=g\",\"contentUrl\":\"https:\\\/\\\/secure.gravatar.com\\\/avatar\\\/f8862d24b6945a30d30c9727ef9dfcd533ee25a18a27afc92991446aeb0e652d?s=96&d=mm&r=g\",\"caption\":\"Michael Antonio Melo Andujar\"}}]}<\/script>\n<!-- \/ Yoast SEO plugin. -->","yoast_head_json":{"title":"Rolf S\u00e1nchez, 1er Premio al M\u00e9rito la Di\u00e1spora 2021, Pa\u00edses Bajos. - Consulado General de la Rep\u00fablica Dominicana en La Haya, Reino de los Pa\u00edses Bajos","robots":{"index":"index","follow":"follow","max-snippet":"max-snippet:-1","max-image-preview":"max-image-preview:large","max-video-preview":"max-video-preview:-1"},"canonical":"https:\/\/nld.mirex.gob.do\/consular\/amsterdam\/rolf-sanchez-1er-premio-al-merito-la-diaspora-2021-paises-bajos\/","og_locale":"en_US","og_type":"article","og_title":"Rolf S\u00e1nchez, 1er Premio al M\u00e9rito la Di\u00e1spora 2021, Pa\u00edses Bajos. - Consulado General de la Rep\u00fablica Dominicana en La Haya, Reino de los Pa\u00edses Bajos","og_description":"En la ciudad de La Haya, el pasado 21 de mayo de 2021, en la Embajada de la Rep\u00fablica Dominicana Ante el Reino de los Pa\u00edses Bajos, se realizo una ceremonia presidida por el Embajador dominicano Juan Bautista Dur\u00e1n, en la que se entreg\u00f3 a Rolf S\u00e1nchez, cantante dominico-holand\u00e9s, el reconocimiento por el 1er Premio [&hellip;]","og_url":"https:\/\/nld.mirex.gob.do\/consular\/amsterdam\/rolf-sanchez-1er-premio-al-merito-la-diaspora-2021-paises-bajos\/","og_site_name":"Consulado General de la Rep\u00fablica Dominicana en La Haya, Reino de los Pa\u00edses Bajos","article_published_time":"2021-05-24T10:22:31+00:00","author":"Michael Antonio Melo Andujar","twitter_card":"summary_large_image","twitter_misc":{"Written by":"Michael Antonio Melo Andujar","Est. reading time":"1 minute"},"schema":{"@context":"https:\/\/schema.org","@graph":[{"@type":"Article","@id":"https:\/\/nld.mirex.gob.do\/consular\/amsterdam\/rolf-sanchez-1er-premio-al-merito-la-diaspora-2021-paises-bajos\/#article","isPartOf":{"@id":"https:\/\/nld.mirex.gob.do\/consular\/amsterdam\/rolf-sanchez-1er-premio-al-merito-la-diaspora-2021-paises-bajos\/"},"author":{"name":"Michael Antonio Melo Andujar","@id":"https:\/\/nld.mirex.gob.do\/consular\/amsterdam\/#\/schema\/person\/772a9951ade6a7e4ab978b618b619ff8"},"headline":"Rolf S\u00e1nchez, 1er Premio al M\u00e9rito la Di\u00e1spora 2021, Pa\u00edses Bajos.","datePublished":"2021-05-24T10:22:31+00:00","mainEntityOfPage":{"@id":"https:\/\/nld.mirex.gob.do\/consular\/amsterdam\/rolf-sanchez-1er-premio-al-merito-la-diaspora-2021-paises-bajos\/"},"wordCount":90,"publisher":{"@id":"https:\/\/nld.mirex.gob.do\/consular\/amsterdam\/#organization"},"image":{"@id":"https:\/\/nld.mirex.gob.do\/consular\/amsterdam\/rolf-sanchez-1er-premio-al-merito-la-diaspora-2021-paises-bajos\/#primaryimage"},"thumbnailUrl":"","keywords":["Embajada de la Rep\u00fablica Dominicana Ante el Reino de los Pa\u00edses Bajos","Juan Bautista Dur\u00e1n","La Haya","Premio al M\u00e9rito la Di\u00e1spora","reconocimiento","Rolf S\u00e1nchez"],"articleSection":["Actividades","Actividades en portada"],"inLanguage":"en-US"},{"@type":"WebPage","@id":"https:\/\/nld.mirex.gob.do\/consular\/amsterdam\/rolf-sanchez-1er-premio-al-merito-la-diaspora-2021-paises-bajos\/","url":"https:\/\/nld.mirex.gob.do\/consular\/amsterdam\/rolf-sanchez-1er-premio-al-merito-la-diaspora-2021-paises-bajos\/","name":"Rolf S\u00e1nchez, 1er Premio al M\u00e9rito la Di\u00e1spora 2021, Pa\u00edses Bajos. - Consulado General de la Rep\u00fablica Dominicana en La Haya, Reino de los Pa\u00edses Bajos","isPartOf":{"@id":"https:\/\/nld.mirex.gob.do\/consular\/amsterdam\/#website"},"primaryImageOfPage":{"@id":"https:\/\/nld.mirex.gob.do\/consular\/amsterdam\/rolf-sanchez-1er-premio-al-merito-la-diaspora-2021-paises-bajos\/#primaryimage"},"image":{"@id":"https:\/\/nld.mirex.gob.do\/consular\/amsterdam\/rolf-sanchez-1er-premio-al-merito-la-diaspora-2021-paises-bajos\/#primaryimage"},"thumbnailUrl":"","datePublished":"2021-05-24T10:22:31+00:00","breadcrumb":{"@id":"https:\/\/nld.mirex.gob.do\/consular\/amsterdam\/rolf-sanchez-1er-premio-al-merito-la-diaspora-2021-paises-bajos\/#breadcrumb"},"inLanguage":"en-US","potentialAction":[{"@type":"ReadAction","target":["https:\/\/nld.mirex.gob.do\/consular\/amsterdam\/rolf-sanchez-1er-premio-al-merito-la-diaspora-2021-paises-bajos\/"]}]},{"@type":"ImageObject","inLanguage":"en-US","@id":"https:\/\/nld.mirex.gob.do\/consular\/amsterdam\/rolf-sanchez-1er-premio-al-merito-la-diaspora-2021-paises-bajos\/#primaryimage","url":"","contentUrl":""},{"@type":"BreadcrumbList","@id":"https:\/\/nld.mirex.gob.do\/consular\/amsterdam\/rolf-sanchez-1er-premio-al-merito-la-diaspora-2021-paises-bajos\/#breadcrumb","itemListElement":[{"@type":"ListItem","position":1,"name":"Inicio","item":"https:\/\/nld.mirex.gob.do\/consular\/amsterdam\/"},{"@type":"ListItem","position":2,"name":"Rolf S\u00e1nchez, 1er Premio al M\u00e9rito la Di\u00e1spora 2021, Pa\u00edses Bajos."}]},{"@type":"WebSite","@id":"https:\/\/nld.mirex.gob.do\/consular\/amsterdam\/#website","url":"https:\/\/nld.mirex.gob.do\/consular\/amsterdam\/","name":"Consulado General de la Rep\u00fablica Dominicana en La Haya, Reino de los Pa\u00edses Bajos","description":"","publisher":{"@id":"https:\/\/nld.mirex.gob.do\/consular\/amsterdam\/#organization"},"potentialAction":[{"@type":"SearchAction","target":{"@type":"EntryPoint","urlTemplate":"https:\/\/nld.mirex.gob.do\/consular\/amsterdam\/?s={search_term_string}"},"query-input":{"@type":"PropertyValueSpecification","valueRequired":true,"valueName":"search_term_string"}}],"inLanguage":"en-US"},{"@type":"Organization","@id":"https:\/\/nld.mirex.gob.do\/consular\/amsterdam\/#organization","name":"Consulado General de la Rep\u00fablica Dominicana en La Haya, Reino de los Pa\u00edses Bajos","url":"https:\/\/nld.mirex.gob.do\/consular\/amsterdam\/","logo":{"@type":"ImageObject","inLanguage":"en-US","@id":"https:\/\/nld.mirex.gob.do\/consular\/amsterdam\/#\/schema\/logo\/image\/","url":"https:\/\/nld.mirex.gob.do\/consular\/amsterdam\/wp-content\/uploads\/2024\/04\/cropped-consulado_la_haya_reinode_los_Paises_Bajos.jpg","contentUrl":"https:\/\/nld.mirex.gob.do\/consular\/amsterdam\/wp-content\/uploads\/2024\/04\/cropped-consulado_la_haya_reinode_los_Paises_Bajos.jpg","width":999,"height":407,"caption":"Consulado General de la Rep\u00fablica Dominicana en La Haya, Reino de los Pa\u00edses Bajos"},"image":{"@id":"https:\/\/nld.mirex.gob.do\/consular\/amsterdam\/#\/schema\/logo\/image\/"}},{"@type":"Person","@id":"https:\/\/nld.mirex.gob.do\/consular\/amsterdam\/#\/schema\/person\/772a9951ade6a7e4ab978b618b619ff8","name":"Michael Antonio Melo Andujar","image":{"@type":"ImageObject","inLanguage":"en-US","@id":"https:\/\/secure.gravatar.com\/avatar\/f8862d24b6945a30d30c9727ef9dfcd533ee25a18a27afc92991446aeb0e652d?s=96&d=mm&r=g","url":"https:\/\/secure.gravatar.com\/avatar\/f8862d24b6945a30d30c9727ef9dfcd533ee25a18a27afc92991446aeb0e652d?s=96&d=mm&r=g","contentUrl":"https:\/\/secure.gravatar.com\/avatar\/f8862d24b6945a30d30c9727ef9dfcd533ee25a18a27afc92991446aeb0e652d?s=96&d=mm&r=g","caption":"Michael Antonio Melo Andujar"}}]}},"_links":{"self":[{"href":"https:\/\/nld.mirex.gob.do\/consular\/amsterdam\/wp-json\/wp\/v2\/posts\/6383","targetHints":{"allow":["GET"]}}],"collection":[{"href":"https:\/\/nld.mirex.gob.do\/consular\/amsterdam\/wp-json\/wp\/v2\/posts"}],"about":[{"href":"https:\/\/nld.mirex.gob.do\/consular\/amsterdam\/wp-json\/wp\/v2\/types\/post"}],"author":[{"embeddable":true,"href":"https:\/\/nld.mirex.gob.do\/consular\/amsterdam\/wp-json\/wp\/v2\/users\/8"}],"replies":[{"embeddable":true,"href":"https:\/\/nld.mirex.gob.do\/consular\/amsterdam\/wp-json\/wp\/v2\/comments?post=6383"}],"version-history":[{"count":0,"href":"https:\/\/nld.mirex.gob.do\/consular\/amsterdam\/wp-json\/wp\/v2\/posts\/6383\/revisions"}],"wp:featuredmedia":[{"embeddable":true,"href":"https:\/\/nld.mirex.gob.do\/consular\/amsterdam\/wp-json\/"}],"wp:attachment":[{"href":"https:\/\/nld.mirex.gob.do\/consular\/amsterdam\/wp-json\/wp\/v2\/media?parent=6383"}],"wp:term":[{"taxonomy":"category","embeddable":true,"href":"https:\/\/nld.mirex.gob.do\/consular\/amsterdam\/wp-json\/wp\/v2\/categories?post=6383"},{"taxonomy":"post_tag","embeddable":true,"href":"https:\/\/nld.mirex.gob.do\/consular\/amsterdam\/wp-json\/wp\/v2\/tags?post=6383"}],"curies":[{"name":"wp","href":"https:\/\/api.w.org\/{rel}","templated":true}]}}