{"id":6367,"date":"2021-01-21T11:55:54","date_gmt":"2021-01-21T11:55:54","guid":{"rendered":"https:\/\/www.consuladordholanda.com\/?p=4495"},"modified":"2021-01-21T11:55:54","modified_gmt":"2021-01-21T11:55:54","slug":"vigilia-por-amor-a-la-virgen-en-honor-a-la-virgen-de-la-altagracia-20-de-enero-2021-1155-pm","status":"publish","type":"post","link":"https:\/\/nld.mirex.gob.do\/consular\/amsterdam\/vigilia-por-amor-a-la-virgen-en-honor-a-la-virgen-de-la-altagracia-20-de-enero-2021-1155-pm\/","title":{"rendered":"VIGILIA &#8220;por amor a la Virgen&#8221; en honor a la Virgen de la Altagracia. 20 de enero 2021 11:55 pm"},"content":{"rendered":"<div class=\"ast-oembed-container \" style=\"height: 100%;\"><iframe title=\"VIGILIA &quot;por amor a la Virgen&quot; en honor a la Virgen de la Altagracia. 20 de enero 2021 11:55 pm\" width=\"500\" height=\"281\" src=\"https:\/\/www.youtube.com\/embed\/njhdBDyZzRM?feature=oembed\" frameborder=\"0\" allow=\"accelerometer; autoplay; clipboard-write; encrypted-media; gyroscope; picture-in-picture; web-share\" referrerpolicy=\"strict-origin-when-cross-origin\" allowfullscreen><\/iframe><\/div>\n<div id=\"primary\" class=\"style-scope ytd-watch-flexy\">\n<div id=\"primary-inner\" class=\"style-scope ytd-watch-flexy\">\n<div id=\"meta\" class=\"style-scope ytd-watch-flexy\">\n<div id=\"meta-contents\" class=\"style-scope ytd-watch-flexy\">\n<div id=\"container\" class=\"style-scope ytd-video-secondary-info-renderer\">\n<div id=\"content\" class=\"style-scope ytd-expander\">\n<p id=\"description\" class=\"style-scope ytd-video-secondary-info-renderer\"><span class=\"style-scope yt-formatted-string\" dir=\"auto\">Bajo el subt\u00edtulo \u201cUna noche, un sacrificio y un nuevo amanecer\u201d, esta transmisi\u00f3n en directo busca unir a los dominicanos a trav\u00e9s de la oraci\u00f3n, durante una noche sin precedentes, permitiendo a todos los creyentes orar, cantar y recibir a la Virgen de la Altagracia en sus casas. Todos unidos, pidiendo un nuevo amanecer para la Rep\u00fablica Dominicana y el mundo. <\/span><\/p>\n<p class=\"style-scope ytd-video-secondary-info-renderer\"><span class=\"style-scope yt-formatted-string\" dir=\"auto\">PROGRAMA <\/span><\/p>\n<p class=\"style-scope ytd-video-secondary-info-renderer\"><span class=\"style-scope yt-formatted-string\" dir=\"auto\">La actividad iniciar\u00e1 <\/span><span class=\"style-scope yt-formatted-string\" dir=\"auto\">12:00<\/span><span class=\"style-scope yt-formatted-string\" dir=\"auto\"> de la medianoche con una misa de apertura a cargo de monse\u00f1or em\u00e9rito de La Vega Antonio Camilo, y a continuaci\u00f3n comenzar\u00e1 la vigilia, a cargo del padre Evaristo Arech\u00e9, rector de la Bas\u00edlica de Hig\u00fcey. <\/span><\/p>\n<p class=\"style-scope ytd-video-secondary-info-renderer\"><span class=\"style-scope yt-formatted-string\" dir=\"auto\">En distintos momentos de la madrugada, un grupo de obispos de diferentes provincias del pa\u00eds, se dirigir\u00e1n a la audiencia congregada con mensajes de esperanza y reflexiones sobre la familia, la fe, la solidaridad, las dificultades de la pandemia, la espiritualidad, la Incertidumbre, y la esperanza. Los espectadores podr\u00e1n seguir, adem\u00e1s, el rezo del cen\u00e1culo en honor a la Virgen de La Altagracia, con el fray Jos\u00e9 Mar\u00eda y exposici\u00f3n del Sant\u00edsimo. <\/span><\/p>\n<p class=\"style-scope ytd-video-secondary-info-renderer\"><span class=\"style-scope yt-formatted-string\" dir=\"auto\">Con el inicio del amanecer, la soprano dominicana Nathalie Pe\u00f1a-Comas cantar\u00e1 una versi\u00f3n en espa\u00f1ol del Ave Mar\u00eda y, a seguidas, el maestro Rafael Solano y el artista Nin\u00ed C\u00e1ffaro interpretar\u00e1n el conocido tema \u201cPor Amor\u201d, frente al altar de la Virgen. <\/span><\/p>\n<p class=\"style-scope ytd-video-secondary-info-renderer\"><span class=\"style-scope yt-formatted-string\" dir=\"auto\">Durante la noche, se contar\u00e1 tambi\u00e9n con las actuaciones especiales de la Orquesta Sinf\u00f3nica Nacional, as\u00ed como los artistas cat\u00f3licos Celin\u00e9s D\u00edaz, Eduard Mu\u00f1oz, Ester Hern\u00e1ndez, Kairy M\u00e1rquez, Mikey Mendoza, Alfareros, Jon Carlos, Claudia Gil, Manny Rosado entre otros. La vigilia concluir\u00e1 en torno a las <\/span><span class=\"style-scope yt-formatted-string\" dir=\"auto\">8:00<\/span><span class=\"style-scope yt-formatted-string\" dir=\"auto\"> de la ma\u00f1ana, con la misa oficial del D\u00eda de La Altagracia, a cargo de monse\u00f1or Jes\u00fas Castro, obispo de la Di\u00f3cesis de Hig\u00fcey.<\/span><\/p>\n<\/div>\n<p id=\"always-shown\" class=\"style-scope ytd-metadata-row-container-renderer\">&nbsp;<\/p>\n<div id=\"collapsible\" class=\"style-scope ytd-metadata-row-container-renderer\">&nbsp;<\/div>\n<\/div>\n<\/div>\n<\/div>\n<div id=\"ticket-shelf\" class=\"style-scope ytd-watch-flexy\">&nbsp;<\/div>\n<div id=\"merch-shelf\" class=\"style-scope ytd-watch-flexy\">&nbsp;<\/div>\n<\/div>\n<\/div>\n<div id=\"secondary\" class=\"style-scope ytd-watch-flexy\">\n<div id=\"secondary-inner\" class=\"style-scope ytd-watch-flexy\">\n<div id=\"panels\" class=\"style-scope ytd-watch-flexy\">&nbsp;<\/div>\n<div id=\"donation-shelf\" class=\"style-scope ytd-watch-flexy\">&nbsp;<\/div>\n<\/div>\n<\/div>\n<p>&nbsp;<\/p>\n","protected":false},"excerpt":{"rendered":"<p>Bajo el subt\u00edtulo \u201cUna noche, un sacrificio y un nuevo amanecer\u201d, esta transmisi\u00f3n en directo busca unir a los dominicanos a trav\u00e9s de la oraci\u00f3n, durante una noche sin precedentes, permitiendo a todos los creyentes orar, cantar y recibir a la Virgen de la Altagracia en sus casas. Todos unidos, pidiendo un nuevo amanecer para [&hellip;]<\/p>\n","protected":false},"author":8,"featured_media":4497,"comment_status":"closed","ping_status":"open","sticky":false,"template":"","format":"standard","meta":{"site-sidebar-layout":"default","site-content-layout":"","ast-site-content-layout":"default","site-content-style":"default","site-sidebar-style":"default","ast-global-header-display":"","ast-banner-title-visibility":"","ast-main-header-display":"","ast-hfb-above-header-display":"","ast-hfb-below-header-display":"","ast-hfb-mobile-header-display":"","site-post-title":"","ast-breadcrumbs-content":"","ast-featured-img":"","footer-sml-layout":"","ast-disable-related-posts":"","theme-transparent-header-meta":"","adv-header-id-meta":"","stick-header-meta":"","header-above-stick-meta":"","header-main-stick-meta":"","header-below-stick-meta":"","astra-migrate-meta-layouts":"default","ast-page-background-enabled":"default","ast-page-background-meta":{"desktop":{"background-color":"","background-image":"","background-repeat":"repeat","background-position":"center center","background-size":"auto","background-attachment":"scroll","background-type":"","background-media":"","overlay-type":"","overlay-color":"","overlay-opacity":"","overlay-gradient":""},"tablet":{"background-color":"","background-image":"","background-repeat":"repeat","background-position":"center center","background-size":"auto","background-attachment":"scroll","background-type":"","background-media":"","overlay-type":"","overlay-color":"","overlay-opacity":"","overlay-gradient":""},"mobile":{"background-color":"","background-image":"","background-repeat":"repeat","background-position":"center center","background-size":"auto","background-attachment":"scroll","background-type":"","background-media":"","overlay-type":"","overlay-color":"","overlay-opacity":"","overlay-gradient":""}},"ast-content-background-meta":{"desktop":{"background-color":"var(--ast-global-color-5)","background-image":"","background-repeat":"repeat","background-position":"center center","background-size":"auto","background-attachment":"scroll","background-type":"","background-media":"","overlay-type":"","overlay-color":"","overlay-opacity":"","overlay-gradient":""},"tablet":{"background-color":"var(--ast-global-color-5)","background-image":"","background-repeat":"repeat","background-position":"center center","background-size":"auto","background-attachment":"scroll","background-type":"","background-media":"","overlay-type":"","overlay-color":"","overlay-opacity":"","overlay-gradient":""},"mobile":{"background-color":"var(--ast-global-color-5)","background-image":"","background-repeat":"repeat","background-position":"center center","background-size":"auto","background-attachment":"scroll","background-type":"","background-media":"","overlay-type":"","overlay-color":"","overlay-opacity":"","overlay-gradient":""}},"footnotes":""},"categories":[66,405],"tags":[],"class_list":["post-6367","post","type-post","status-publish","format-standard","has-post-thumbnail","hentry","category-novedades","category-novedades-en-portada"],"yoast_head":"<!-- This site is optimized with the Yoast SEO plugin v27.4 - https:\/\/yoast.com\/product\/yoast-seo-wordpress\/ -->\n<title>VIGILIA &quot;por amor a la Virgen&quot; en honor a la Virgen de la Altagracia. 20 de enero 2021 11:55 pm - Consulado General de la Rep\u00fablica Dominicana en La Haya, Reino de los Pa\u00edses Bajos<\/title>\n<meta name=\"robots\" content=\"index, follow, max-snippet:-1, max-image-preview:large, max-video-preview:-1\" \/>\n<link rel=\"canonical\" href=\"https:\/\/nld.mirex.gob.do\/consular\/amsterdam\/vigilia-por-amor-a-la-virgen-en-honor-a-la-virgen-de-la-altagracia-20-de-enero-2021-1155-pm\/\" \/>\n<meta property=\"og:locale\" content=\"en_US\" \/>\n<meta property=\"og:type\" content=\"article\" \/>\n<meta property=\"og:title\" content=\"VIGILIA &quot;por amor a la Virgen&quot; en honor a la Virgen de la Altagracia. 20 de enero 2021 11:55 pm - Consulado General de la Rep\u00fablica Dominicana en La Haya, Reino de los Pa\u00edses Bajos\" \/>\n<meta property=\"og:description\" content=\"Bajo el subt\u00edtulo \u201cUna noche, un sacrificio y un nuevo amanecer\u201d, esta transmisi\u00f3n en directo busca unir a los dominicanos a trav\u00e9s de la oraci\u00f3n, durante una noche sin precedentes, permitiendo a todos los creyentes orar, cantar y recibir a la Virgen de la Altagracia en sus casas. Todos unidos, pidiendo un nuevo amanecer para [&hellip;]\" \/>\n<meta property=\"og:url\" content=\"https:\/\/nld.mirex.gob.do\/consular\/amsterdam\/vigilia-por-amor-a-la-virgen-en-honor-a-la-virgen-de-la-altagracia-20-de-enero-2021-1155-pm\/\" \/>\n<meta property=\"og:site_name\" content=\"Consulado General de la Rep\u00fablica Dominicana en La Haya, Reino de los Pa\u00edses Bajos\" \/>\n<meta property=\"article:published_time\" content=\"2021-01-21T11:55:54+00:00\" \/>\n<meta name=\"author\" content=\"Michael Antonio Melo Andujar\" \/>\n<meta name=\"twitter:card\" content=\"summary_large_image\" \/>\n<meta name=\"twitter:label1\" content=\"Written by\" \/>\n\t<meta name=\"twitter:data1\" content=\"Michael Antonio Melo Andujar\" \/>\n\t<meta name=\"twitter:label2\" content=\"Est. reading time\" \/>\n\t<meta name=\"twitter:data2\" content=\"2 minutes\" \/>\n<script type=\"application\/ld+json\" class=\"yoast-schema-graph\">{\"@context\":\"https:\\\/\\\/schema.org\",\"@graph\":[{\"@type\":\"Article\",\"@id\":\"https:\\\/\\\/nld.mirex.gob.do\\\/consular\\\/amsterdam\\\/vigilia-por-amor-a-la-virgen-en-honor-a-la-virgen-de-la-altagracia-20-de-enero-2021-1155-pm\\\/#article\",\"isPartOf\":{\"@id\":\"https:\\\/\\\/nld.mirex.gob.do\\\/consular\\\/amsterdam\\\/vigilia-por-amor-a-la-virgen-en-honor-a-la-virgen-de-la-altagracia-20-de-enero-2021-1155-pm\\\/\"},\"author\":{\"name\":\"Michael Antonio Melo Andujar\",\"@id\":\"https:\\\/\\\/nld.mirex.gob.do\\\/consular\\\/amsterdam\\\/#\\\/schema\\\/person\\\/772a9951ade6a7e4ab978b618b619ff8\"},\"headline\":\"VIGILIA &#8220;por amor a la Virgen&#8221; en honor a la Virgen de la Altagracia. 20 de enero 2021 11:55 pm\",\"datePublished\":\"2021-01-21T11:55:54+00:00\",\"mainEntityOfPage\":{\"@id\":\"https:\\\/\\\/nld.mirex.gob.do\\\/consular\\\/amsterdam\\\/vigilia-por-amor-a-la-virgen-en-honor-a-la-virgen-de-la-altagracia-20-de-enero-2021-1155-pm\\\/\"},\"wordCount\":354,\"publisher\":{\"@id\":\"https:\\\/\\\/nld.mirex.gob.do\\\/consular\\\/amsterdam\\\/#organization\"},\"image\":{\"@id\":\"https:\\\/\\\/nld.mirex.gob.do\\\/consular\\\/amsterdam\\\/vigilia-por-amor-a-la-virgen-en-honor-a-la-virgen-de-la-altagracia-20-de-enero-2021-1155-pm\\\/#primaryimage\"},\"thumbnailUrl\":\"\",\"articleSection\":[\"Novedades\",\"Novedades en portada\"],\"inLanguage\":\"en-US\"},{\"@type\":\"WebPage\",\"@id\":\"https:\\\/\\\/nld.mirex.gob.do\\\/consular\\\/amsterdam\\\/vigilia-por-amor-a-la-virgen-en-honor-a-la-virgen-de-la-altagracia-20-de-enero-2021-1155-pm\\\/\",\"url\":\"https:\\\/\\\/nld.mirex.gob.do\\\/consular\\\/amsterdam\\\/vigilia-por-amor-a-la-virgen-en-honor-a-la-virgen-de-la-altagracia-20-de-enero-2021-1155-pm\\\/\",\"name\":\"VIGILIA \\\"por amor a la Virgen\\\" en honor a la Virgen de la Altagracia. 20 de enero 2021 11:55 pm - Consulado General de la Rep\u00fablica Dominicana en La Haya, Reino de los Pa\u00edses Bajos\",\"isPartOf\":{\"@id\":\"https:\\\/\\\/nld.mirex.gob.do\\\/consular\\\/amsterdam\\\/#website\"},\"primaryImageOfPage\":{\"@id\":\"https:\\\/\\\/nld.mirex.gob.do\\\/consular\\\/amsterdam\\\/vigilia-por-amor-a-la-virgen-en-honor-a-la-virgen-de-la-altagracia-20-de-enero-2021-1155-pm\\\/#primaryimage\"},\"image\":{\"@id\":\"https:\\\/\\\/nld.mirex.gob.do\\\/consular\\\/amsterdam\\\/vigilia-por-amor-a-la-virgen-en-honor-a-la-virgen-de-la-altagracia-20-de-enero-2021-1155-pm\\\/#primaryimage\"},\"thumbnailUrl\":\"\",\"datePublished\":\"2021-01-21T11:55:54+00:00\",\"breadcrumb\":{\"@id\":\"https:\\\/\\\/nld.mirex.gob.do\\\/consular\\\/amsterdam\\\/vigilia-por-amor-a-la-virgen-en-honor-a-la-virgen-de-la-altagracia-20-de-enero-2021-1155-pm\\\/#breadcrumb\"},\"inLanguage\":\"en-US\",\"potentialAction\":[{\"@type\":\"ReadAction\",\"target\":[\"https:\\\/\\\/nld.mirex.gob.do\\\/consular\\\/amsterdam\\\/vigilia-por-amor-a-la-virgen-en-honor-a-la-virgen-de-la-altagracia-20-de-enero-2021-1155-pm\\\/\"]}]},{\"@type\":\"ImageObject\",\"inLanguage\":\"en-US\",\"@id\":\"https:\\\/\\\/nld.mirex.gob.do\\\/consular\\\/amsterdam\\\/vigilia-por-amor-a-la-virgen-en-honor-a-la-virgen-de-la-altagracia-20-de-enero-2021-1155-pm\\\/#primaryimage\",\"url\":\"\",\"contentUrl\":\"\"},{\"@type\":\"BreadcrumbList\",\"@id\":\"https:\\\/\\\/nld.mirex.gob.do\\\/consular\\\/amsterdam\\\/vigilia-por-amor-a-la-virgen-en-honor-a-la-virgen-de-la-altagracia-20-de-enero-2021-1155-pm\\\/#breadcrumb\",\"itemListElement\":[{\"@type\":\"ListItem\",\"position\":1,\"name\":\"Inicio\",\"item\":\"https:\\\/\\\/nld.mirex.gob.do\\\/consular\\\/amsterdam\\\/\"},{\"@type\":\"ListItem\",\"position\":2,\"name\":\"VIGILIA &#8220;por amor a la Virgen&#8221; en honor a la Virgen de la Altagracia. 20 de enero 2021 11:55 pm\"}]},{\"@type\":\"WebSite\",\"@id\":\"https:\\\/\\\/nld.mirex.gob.do\\\/consular\\\/amsterdam\\\/#website\",\"url\":\"https:\\\/\\\/nld.mirex.gob.do\\\/consular\\\/amsterdam\\\/\",\"name\":\"Consulado General de la Rep\u00fablica Dominicana en La Haya, Reino de los Pa\u00edses Bajos\",\"description\":\"\",\"publisher\":{\"@id\":\"https:\\\/\\\/nld.mirex.gob.do\\\/consular\\\/amsterdam\\\/#organization\"},\"potentialAction\":[{\"@type\":\"SearchAction\",\"target\":{\"@type\":\"EntryPoint\",\"urlTemplate\":\"https:\\\/\\\/nld.mirex.gob.do\\\/consular\\\/amsterdam\\\/?s={search_term_string}\"},\"query-input\":{\"@type\":\"PropertyValueSpecification\",\"valueRequired\":true,\"valueName\":\"search_term_string\"}}],\"inLanguage\":\"en-US\"},{\"@type\":\"Organization\",\"@id\":\"https:\\\/\\\/nld.mirex.gob.do\\\/consular\\\/amsterdam\\\/#organization\",\"name\":\"Consulado General de la Rep\u00fablica Dominicana en La Haya, Reino de los Pa\u00edses Bajos\",\"url\":\"https:\\\/\\\/nld.mirex.gob.do\\\/consular\\\/amsterdam\\\/\",\"logo\":{\"@type\":\"ImageObject\",\"inLanguage\":\"en-US\",\"@id\":\"https:\\\/\\\/nld.mirex.gob.do\\\/consular\\\/amsterdam\\\/#\\\/schema\\\/logo\\\/image\\\/\",\"url\":\"https:\\\/\\\/nld.mirex.gob.do\\\/consular\\\/amsterdam\\\/wp-content\\\/uploads\\\/2024\\\/04\\\/cropped-consulado_la_haya_reinode_los_Paises_Bajos.jpg\",\"contentUrl\":\"https:\\\/\\\/nld.mirex.gob.do\\\/consular\\\/amsterdam\\\/wp-content\\\/uploads\\\/2024\\\/04\\\/cropped-consulado_la_haya_reinode_los_Paises_Bajos.jpg\",\"width\":999,\"height\":407,\"caption\":\"Consulado General de la Rep\u00fablica Dominicana en La Haya, Reino de los Pa\u00edses Bajos\"},\"image\":{\"@id\":\"https:\\\/\\\/nld.mirex.gob.do\\\/consular\\\/amsterdam\\\/#\\\/schema\\\/logo\\\/image\\\/\"}},{\"@type\":\"Person\",\"@id\":\"https:\\\/\\\/nld.mirex.gob.do\\\/consular\\\/amsterdam\\\/#\\\/schema\\\/person\\\/772a9951ade6a7e4ab978b618b619ff8\",\"name\":\"Michael Antonio Melo Andujar\",\"image\":{\"@type\":\"ImageObject\",\"inLanguage\":\"en-US\",\"@id\":\"https:\\\/\\\/secure.gravatar.com\\\/avatar\\\/f8862d24b6945a30d30c9727ef9dfcd533ee25a18a27afc92991446aeb0e652d?s=96&d=mm&r=g\",\"url\":\"https:\\\/\\\/secure.gravatar.com\\\/avatar\\\/f8862d24b6945a30d30c9727ef9dfcd533ee25a18a27afc92991446aeb0e652d?s=96&d=mm&r=g\",\"contentUrl\":\"https:\\\/\\\/secure.gravatar.com\\\/avatar\\\/f8862d24b6945a30d30c9727ef9dfcd533ee25a18a27afc92991446aeb0e652d?s=96&d=mm&r=g\",\"caption\":\"Michael Antonio Melo Andujar\"}}]}<\/script>\n<!-- \/ Yoast SEO plugin. -->","yoast_head_json":{"title":"VIGILIA \"por amor a la Virgen\" en honor a la Virgen de la Altagracia. 20 de enero 2021 11:55 pm - Consulado General de la Rep\u00fablica Dominicana en La Haya, Reino de los Pa\u00edses Bajos","robots":{"index":"index","follow":"follow","max-snippet":"max-snippet:-1","max-image-preview":"max-image-preview:large","max-video-preview":"max-video-preview:-1"},"canonical":"https:\/\/nld.mirex.gob.do\/consular\/amsterdam\/vigilia-por-amor-a-la-virgen-en-honor-a-la-virgen-de-la-altagracia-20-de-enero-2021-1155-pm\/","og_locale":"en_US","og_type":"article","og_title":"VIGILIA \"por amor a la Virgen\" en honor a la Virgen de la Altagracia. 20 de enero 2021 11:55 pm - Consulado General de la Rep\u00fablica Dominicana en La Haya, Reino de los Pa\u00edses Bajos","og_description":"Bajo el subt\u00edtulo \u201cUna noche, un sacrificio y un nuevo amanecer\u201d, esta transmisi\u00f3n en directo busca unir a los dominicanos a trav\u00e9s de la oraci\u00f3n, durante una noche sin precedentes, permitiendo a todos los creyentes orar, cantar y recibir a la Virgen de la Altagracia en sus casas. Todos unidos, pidiendo un nuevo amanecer para [&hellip;]","og_url":"https:\/\/nld.mirex.gob.do\/consular\/amsterdam\/vigilia-por-amor-a-la-virgen-en-honor-a-la-virgen-de-la-altagracia-20-de-enero-2021-1155-pm\/","og_site_name":"Consulado General de la Rep\u00fablica Dominicana en La Haya, Reino de los Pa\u00edses Bajos","article_published_time":"2021-01-21T11:55:54+00:00","author":"Michael Antonio Melo Andujar","twitter_card":"summary_large_image","twitter_misc":{"Written by":"Michael Antonio Melo Andujar","Est. reading time":"2 minutes"},"schema":{"@context":"https:\/\/schema.org","@graph":[{"@type":"Article","@id":"https:\/\/nld.mirex.gob.do\/consular\/amsterdam\/vigilia-por-amor-a-la-virgen-en-honor-a-la-virgen-de-la-altagracia-20-de-enero-2021-1155-pm\/#article","isPartOf":{"@id":"https:\/\/nld.mirex.gob.do\/consular\/amsterdam\/vigilia-por-amor-a-la-virgen-en-honor-a-la-virgen-de-la-altagracia-20-de-enero-2021-1155-pm\/"},"author":{"name":"Michael Antonio Melo Andujar","@id":"https:\/\/nld.mirex.gob.do\/consular\/amsterdam\/#\/schema\/person\/772a9951ade6a7e4ab978b618b619ff8"},"headline":"VIGILIA &#8220;por amor a la Virgen&#8221; en honor a la Virgen de la Altagracia. 20 de enero 2021 11:55 pm","datePublished":"2021-01-21T11:55:54+00:00","mainEntityOfPage":{"@id":"https:\/\/nld.mirex.gob.do\/consular\/amsterdam\/vigilia-por-amor-a-la-virgen-en-honor-a-la-virgen-de-la-altagracia-20-de-enero-2021-1155-pm\/"},"wordCount":354,"publisher":{"@id":"https:\/\/nld.mirex.gob.do\/consular\/amsterdam\/#organization"},"image":{"@id":"https:\/\/nld.mirex.gob.do\/consular\/amsterdam\/vigilia-por-amor-a-la-virgen-en-honor-a-la-virgen-de-la-altagracia-20-de-enero-2021-1155-pm\/#primaryimage"},"thumbnailUrl":"","articleSection":["Novedades","Novedades en portada"],"inLanguage":"en-US"},{"@type":"WebPage","@id":"https:\/\/nld.mirex.gob.do\/consular\/amsterdam\/vigilia-por-amor-a-la-virgen-en-honor-a-la-virgen-de-la-altagracia-20-de-enero-2021-1155-pm\/","url":"https:\/\/nld.mirex.gob.do\/consular\/amsterdam\/vigilia-por-amor-a-la-virgen-en-honor-a-la-virgen-de-la-altagracia-20-de-enero-2021-1155-pm\/","name":"VIGILIA \"por amor a la Virgen\" en honor a la Virgen de la Altagracia. 20 de enero 2021 11:55 pm - Consulado General de la Rep\u00fablica Dominicana en La Haya, Reino de los Pa\u00edses Bajos","isPartOf":{"@id":"https:\/\/nld.mirex.gob.do\/consular\/amsterdam\/#website"},"primaryImageOfPage":{"@id":"https:\/\/nld.mirex.gob.do\/consular\/amsterdam\/vigilia-por-amor-a-la-virgen-en-honor-a-la-virgen-de-la-altagracia-20-de-enero-2021-1155-pm\/#primaryimage"},"image":{"@id":"https:\/\/nld.mirex.gob.do\/consular\/amsterdam\/vigilia-por-amor-a-la-virgen-en-honor-a-la-virgen-de-la-altagracia-20-de-enero-2021-1155-pm\/#primaryimage"},"thumbnailUrl":"","datePublished":"2021-01-21T11:55:54+00:00","breadcrumb":{"@id":"https:\/\/nld.mirex.gob.do\/consular\/amsterdam\/vigilia-por-amor-a-la-virgen-en-honor-a-la-virgen-de-la-altagracia-20-de-enero-2021-1155-pm\/#breadcrumb"},"inLanguage":"en-US","potentialAction":[{"@type":"ReadAction","target":["https:\/\/nld.mirex.gob.do\/consular\/amsterdam\/vigilia-por-amor-a-la-virgen-en-honor-a-la-virgen-de-la-altagracia-20-de-enero-2021-1155-pm\/"]}]},{"@type":"ImageObject","inLanguage":"en-US","@id":"https:\/\/nld.mirex.gob.do\/consular\/amsterdam\/vigilia-por-amor-a-la-virgen-en-honor-a-la-virgen-de-la-altagracia-20-de-enero-2021-1155-pm\/#primaryimage","url":"","contentUrl":""},{"@type":"BreadcrumbList","@id":"https:\/\/nld.mirex.gob.do\/consular\/amsterdam\/vigilia-por-amor-a-la-virgen-en-honor-a-la-virgen-de-la-altagracia-20-de-enero-2021-1155-pm\/#breadcrumb","itemListElement":[{"@type":"ListItem","position":1,"name":"Inicio","item":"https:\/\/nld.mirex.gob.do\/consular\/amsterdam\/"},{"@type":"ListItem","position":2,"name":"VIGILIA &#8220;por amor a la Virgen&#8221; en honor a la Virgen de la Altagracia. 20 de enero 2021 11:55 pm"}]},{"@type":"WebSite","@id":"https:\/\/nld.mirex.gob.do\/consular\/amsterdam\/#website","url":"https:\/\/nld.mirex.gob.do\/consular\/amsterdam\/","name":"Consulado General de la Rep\u00fablica Dominicana en La Haya, Reino de los Pa\u00edses Bajos","description":"","publisher":{"@id":"https:\/\/nld.mirex.gob.do\/consular\/amsterdam\/#organization"},"potentialAction":[{"@type":"SearchAction","target":{"@type":"EntryPoint","urlTemplate":"https:\/\/nld.mirex.gob.do\/consular\/amsterdam\/?s={search_term_string}"},"query-input":{"@type":"PropertyValueSpecification","valueRequired":true,"valueName":"search_term_string"}}],"inLanguage":"en-US"},{"@type":"Organization","@id":"https:\/\/nld.mirex.gob.do\/consular\/amsterdam\/#organization","name":"Consulado General de la Rep\u00fablica Dominicana en La Haya, Reino de los Pa\u00edses Bajos","url":"https:\/\/nld.mirex.gob.do\/consular\/amsterdam\/","logo":{"@type":"ImageObject","inLanguage":"en-US","@id":"https:\/\/nld.mirex.gob.do\/consular\/amsterdam\/#\/schema\/logo\/image\/","url":"https:\/\/nld.mirex.gob.do\/consular\/amsterdam\/wp-content\/uploads\/2024\/04\/cropped-consulado_la_haya_reinode_los_Paises_Bajos.jpg","contentUrl":"https:\/\/nld.mirex.gob.do\/consular\/amsterdam\/wp-content\/uploads\/2024\/04\/cropped-consulado_la_haya_reinode_los_Paises_Bajos.jpg","width":999,"height":407,"caption":"Consulado General de la Rep\u00fablica Dominicana en La Haya, Reino de los Pa\u00edses Bajos"},"image":{"@id":"https:\/\/nld.mirex.gob.do\/consular\/amsterdam\/#\/schema\/logo\/image\/"}},{"@type":"Person","@id":"https:\/\/nld.mirex.gob.do\/consular\/amsterdam\/#\/schema\/person\/772a9951ade6a7e4ab978b618b619ff8","name":"Michael Antonio Melo Andujar","image":{"@type":"ImageObject","inLanguage":"en-US","@id":"https:\/\/secure.gravatar.com\/avatar\/f8862d24b6945a30d30c9727ef9dfcd533ee25a18a27afc92991446aeb0e652d?s=96&d=mm&r=g","url":"https:\/\/secure.gravatar.com\/avatar\/f8862d24b6945a30d30c9727ef9dfcd533ee25a18a27afc92991446aeb0e652d?s=96&d=mm&r=g","contentUrl":"https:\/\/secure.gravatar.com\/avatar\/f8862d24b6945a30d30c9727ef9dfcd533ee25a18a27afc92991446aeb0e652d?s=96&d=mm&r=g","caption":"Michael Antonio Melo Andujar"}}]}},"_links":{"self":[{"href":"https:\/\/nld.mirex.gob.do\/consular\/amsterdam\/wp-json\/wp\/v2\/posts\/6367","targetHints":{"allow":["GET"]}}],"collection":[{"href":"https:\/\/nld.mirex.gob.do\/consular\/amsterdam\/wp-json\/wp\/v2\/posts"}],"about":[{"href":"https:\/\/nld.mirex.gob.do\/consular\/amsterdam\/wp-json\/wp\/v2\/types\/post"}],"author":[{"embeddable":true,"href":"https:\/\/nld.mirex.gob.do\/consular\/amsterdam\/wp-json\/wp\/v2\/users\/8"}],"replies":[{"embeddable":true,"href":"https:\/\/nld.mirex.gob.do\/consular\/amsterdam\/wp-json\/wp\/v2\/comments?post=6367"}],"version-history":[{"count":0,"href":"https:\/\/nld.mirex.gob.do\/consular\/amsterdam\/wp-json\/wp\/v2\/posts\/6367\/revisions"}],"wp:featuredmedia":[{"embeddable":true,"href":"https:\/\/nld.mirex.gob.do\/consular\/amsterdam\/wp-json\/"}],"wp:attachment":[{"href":"https:\/\/nld.mirex.gob.do\/consular\/amsterdam\/wp-json\/wp\/v2\/media?parent=6367"}],"wp:term":[{"taxonomy":"category","embeddable":true,"href":"https:\/\/nld.mirex.gob.do\/consular\/amsterdam\/wp-json\/wp\/v2\/categories?post=6367"},{"taxonomy":"post_tag","embeddable":true,"href":"https:\/\/nld.mirex.gob.do\/consular\/amsterdam\/wp-json\/wp\/v2\/tags?post=6367"}],"curies":[{"name":"wp","href":"https:\/\/api.w.org\/{rel}","templated":true}]}}