{"id":6363,"date":"2020-11-12T11:59:10","date_gmt":"2020-11-12T11:59:10","guid":{"rendered":"https:\/\/www.consuladordholanda.com\/?p=4376"},"modified":"2020-11-12T11:59:10","modified_gmt":"2020-11-12T11:59:10","slug":"gobierno-pone-en-manos-de-embajadores-y-consules-el-plan-de-promocion-comercial-2021","status":"publish","type":"post","link":"https:\/\/nld.mirex.gob.do\/consular\/amsterdam\/gobierno-pone-en-manos-de-embajadores-y-consules-el-plan-de-promocion-comercial-2021\/","title":{"rendered":"Gobierno pone en manos de embajadores y c\u00f3nsules el plan de promoci\u00f3n comercial 2021"},"content":{"rendered":"<figure id=\"attachment_4372\" aria-describedby=\"caption-attachment-4372\" style=\"width: 1200px\" class=\"wp-caption alignnone\"><a href=\"https:\/\/www.consuladordholanda.com\/wp-content\/uploads\/2020\/11\/Presentacion-LAN-PRO-DOMININICANA-2021-1.jpg\"><img fetchpriority=\"high\" decoding=\"async\" class=\"wp-image-4372 size-full\" src=\"https:\/\/www.consuladordholanda.com\/wp-content\/uploads\/2020\/11\/Presentacion-LAN-PRO-DOMININICANA-2021-1.jpg\" alt=\"Fotografia del acto de presentaci\u00f3n del Plan ProDominicana 2021\" width=\"1200\" height=\"800\"><\/a><figcaption id=\"caption-attachment-4372\" class=\"wp-caption-text\">Fotograf\u00eda del acto de presentaci\u00f3n del Plan ProDominicana 2021<\/figcaption><\/figure>\n<p><strong><em>Se establecen metas a los diplom\u00e1ticos en su responsabilidad de promover inversi\u00f3n extranjera y exportaciones.<\/em><\/strong><\/p>\n<p><strong>Santo Domingo, Rep\u00fablica Dominicana._<\/strong> El Ministerio de Relaciones Exteriores (MIREX) y ProDominicana pusieron en marcha el Plan de Promoci\u00f3n Comercial 2021 con el que ambas instituciones unen esfuerzos para optimizar el servicio de&nbsp; promoci\u00f3n del comercio y atracci\u00f3n de inversiones con el apoyo del Cuerpo Diplom\u00e1tico y&nbsp; Consular del pa\u00eds acreditado en el extranjero.&nbsp;<\/p>\n<figure id=\"attachment_4373\" aria-describedby=\"caption-attachment-4373\" style=\"width: 300px\" class=\"wp-caption alignleft\"><a href=\"https:\/\/www.consuladordholanda.com\/wp-content\/uploads\/2020\/11\/Presentacion-LAN-PRO-DOMININICANA-2021-2.jpg\"><img decoding=\"async\" class=\"wp-image-4373 size-medium\" src=\"https:\/\/www.consuladordholanda.com\/wp-content\/uploads\/2020\/11\/Presentacion-LAN-PRO-DOMININICANA-2021-2-300x295.jpg\" alt=\"\" width=\"300\" height=\"295\"><\/a><figcaption id=\"caption-attachment-4373\" class=\"wp-caption-text\">Sra, Biviana Riveiro, directora de ProDominicana.<\/figcaption><\/figure>\n<p>Este plan de diplomacia comercial presentado por el canciller Roberto \u00c1lvarez y la directora de ProDominicana, Biviana Riveiro, recoge las principales acciones que deben desarrollar nuestros representantes a nivel internacional para promocionar y posicionar estrat\u00e9gicamente la oferta exportable de la Rep\u00fablica Dominicana y dar a conocer al mundo los productos de alta calidad y con valor agregado&nbsp; que ofrece nuestro pa\u00eds, as\u00ed como la detecci\u00f3n de oportunidades de negocios e investigaci\u00f3n de&nbsp; mercados.<\/p>\n<p>Esta iniciativa que ayudar\u00e1 a reactivar la econom\u00eda y mejorar el bienestar de los dominicanos, tambi\u00e9n permitir\u00e1 avanzar en la generaci\u00f3n de los 600 mil empleos anunciados dentro de las promesas del presidente Luis Abinader.<\/p>\n<p>Adem\u00e1s, constituye en una herramienta de planificaci\u00f3n y fijaci\u00f3n&nbsp;de metas, que traza las pautas, acciones concretas y actividades que los embajadores y&nbsp; c\u00f3nsules deber\u00e1n cumplir con el apoyo de los representantes de la Secci\u00f3n Comercial en cada pa\u00eds.<\/p>\n<p>Con este instrumento de trabajo, el Gobierno dominicano busca alcanzar las metas de m\u00e1s exportaciones, atracci\u00f3n de inversi\u00f3n extranjera directa y posicionamiento de nuestra marca-pa\u00eds. Se trata de \u201cmostrar lo mejor de nosotros, para atraer lo mejor del mundo\u201d.<\/p>\n<figure id=\"attachment_4371\" aria-describedby=\"caption-attachment-4371\" style=\"width: 300px\" class=\"wp-caption alignright\"><a href=\"https:\/\/www.consuladordholanda.com\/wp-content\/uploads\/2020\/11\/Presentacion-LAN-PRO-DOMININICANA-2021-5.jpg\"><img decoding=\"async\" class=\"wp-image-4371 size-medium\" src=\"https:\/\/www.consuladordholanda.com\/wp-content\/uploads\/2020\/11\/Presentacion-LAN-PRO-DOMININICANA-2021-5-300x215.jpg\" alt=\"\" width=\"300\" height=\"215\"><\/a><figcaption id=\"caption-attachment-4371\" class=\"wp-caption-text\">Roberto \u00c1lvarez, Ministro de Relaciones Exteriores<\/figcaption><\/figure>\n<p>La oferta exportable de la Rep\u00fablica Dominicana comprende m\u00e1s de 4,200 l\u00edneas de productos&nbsp;de alta calidad a precios competitivos, los cuales est\u00e1n presentes en m\u00e1s de 200 mercados internacionales, con alrededor de 4,400 empresas exportadoras. Los productos dominicanos&nbsp; gozan de acceso preferencial a m\u00e1s de 1,000 millones de consumidores a trav\u00e9s de 5 acuerdos&nbsp; comerciales.&nbsp;<\/p>\n<p>Seg\u00fan lo establecido en este plan para fomentar las exportaciones algunas de las acciones que deber\u00e1n hacer los embajadores y c\u00f3nsules, son gestionar la inserci\u00f3n de al menos dos nuevos productos al a\u00f1o con&nbsp; potencial en el mercado sede que puedan ser suplidos&nbsp;por Rep\u00fablica Dominicana; identificar potenciales clientes compradores seg\u00fan&nbsp; los productos identificados; e incrementar la participaci\u00f3n de mercado de&nbsp; productos ya establecidos en el pa\u00eds anfitri\u00f3n.&nbsp;<\/p>\n<p><a href=\"https:\/\/www.consuladordholanda.com\/wp-content\/uploads\/2020\/11\/Presentacion-LAN-PRO-DOMININICANA-2021-3.jpg\"><img loading=\"lazy\" decoding=\"async\" class=\"alignleft wp-image-4374 size-medium\" src=\"https:\/\/www.consuladordholanda.com\/wp-content\/uploads\/2020\/11\/Presentacion-LAN-PRO-DOMININICANA-2021-3-243x300.jpg\" alt=\"\" width=\"243\" height=\"300\"><\/a>Para incrementar la inversi\u00f3n extranjera en nuestro pa\u00eds nuestros representantes tendr\u00e1n que realizar misiones de inversionistas para visitar a la&nbsp;Rep\u00fablica Dominicana y\/o encuentros de negocios&nbsp; (virtuales y\/o presenciales); sostener reuniones peri\u00f3dicas con gremios y&nbsp;asociaciones empresariales y c\u00e1maras de comercio para la promoci\u00f3n del pa\u00eds como destino atractivo de&nbsp; las inversiones; adem\u00e1s de captar al menos un potencial inversionista para&nbsp; la materializaci\u00f3n de los proyectos del portafolio de inversi\u00f3n.&nbsp;&nbsp;<\/p>\n<p>Gracias al dinamismo de nuestra econom\u00eda, la seguridad jur\u00eddica, competitivos incentivos y un atractivo clima de negocios, la Inversi\u00f3n Extranjera Directa (IED) ascendi\u00f3 a&nbsp; US$3,012.8 millones de d\u00f3lares durante el a\u00f1o 2019, para un crecimiento del 18.8% con relaci\u00f3n&nbsp; al a\u00f1o anterior, como consecuencia de incrementos de las inversiones en los sectores turismo,&nbsp; inmobiliario, energ\u00eda y telecomunicaciones.<\/p>\n<p>Con las estrategias pautadas en este Plan de Promoci\u00f3n Comercial 2021 el Gobierno busca aumentar estos indicadores de manera positiva para concretizar el desarrollo econ\u00f3mico de nuestro pa\u00eds.<\/p>\n<p><strong>Direcci\u00f3n de Comunicaciones y Relaciones P\u00fa<\/strong><strong>blicas MIREX<\/strong><\/p>\n<p>&nbsp;<\/p>\n<p><a href=\"https:\/\/www.consuladordholanda.com\/wp-content\/uploads\/2020\/11\/PLAN-PRO-DOMININICANA-2021-8.5-11-L.pdf\" target=\"_blank\" rel=\"noopener noreferrer\"><img loading=\"lazy\" decoding=\"async\" class=\"alignnone wp-image-4382 size-full\" src=\"https:\/\/www.consuladordholanda.com\/wp-content\/uploads\/2020\/11\/plan-de-promocion-comercial-2021.jpg\" alt=\"\" width=\"800\" height=\"400\"><\/a><\/p>\n<p>&nbsp;<\/p>\n<p>&nbsp;<\/p>\n<figure id=\"attachment_4375\" aria-describedby=\"caption-attachment-4375\" style=\"width: 1200px\" class=\"wp-caption alignnone\"><a href=\"https:\/\/www.consuladordholanda.com\/wp-content\/uploads\/2020\/11\/Presentacion-LAN-PRO-DOMININICANA-2021-4.jpg\"><img loading=\"lazy\" decoding=\"async\" class=\"wp-image-4375 size-full\" src=\"https:\/\/www.consuladordholanda.com\/wp-content\/uploads\/2020\/11\/Presentacion-LAN-PRO-DOMININICANA-2021-4.jpg\" alt=\"\" width=\"1200\" height=\"800\"><\/a><figcaption id=\"caption-attachment-4375\" class=\"wp-caption-text\">Imagen de los asistentes a la presentaci\u00f3n del Plan de Promoci\u00f3n Comercial 2021, con la precauci\u00f3n y protecci\u00f3n frente al COVID-19.<\/figcaption><\/figure>\n<p><strong>&nbsp;<\/strong><\/p>\n<p><strong>&nbsp;<\/strong><\/p>\n<p>&nbsp;<\/p>\n<div class=\"ast-oembed-container \" style=\"height: 100%;\"><iframe title=\"Presentaci\u00f3n Plan Plan de Promoci\u00f3n Comercial 2021\" width=\"500\" height=\"281\" src=\"https:\/\/www.youtube.com\/embed\/6Urh-0bZoTk?feature=oembed\" frameborder=\"0\" allow=\"accelerometer; autoplay; clipboard-write; encrypted-media; gyroscope; picture-in-picture; web-share\" referrerpolicy=\"strict-origin-when-cross-origin\" allowfullscreen><\/iframe><\/div>\n<p>Video del acto de presentaci\u00f3n del &#8220;Plan de Promoci\u00f3n Comercial 2021&#8221; para lograr objetivos de encontrar inversiones econ\u00f3micas para el pa\u00eds. MIREX y ProDominicana.<\/p>\n","protected":false},"excerpt":{"rendered":"<p>Se establecen metas a los diplom\u00e1ticos en su responsabilidad de promover inversi\u00f3n extranjera y exportaciones. Santo Domingo, Rep\u00fablica Dominicana._ El Ministerio de Relaciones Exteriores (MIREX) y ProDominicana pusieron en marcha el Plan de Promoci\u00f3n Comercial 2021 con el que ambas instituciones unen esfuerzos para optimizar el servicio de&nbsp; promoci\u00f3n del comercio y atracci\u00f3n de inversiones [&hellip;]<\/p>\n","protected":false},"author":8,"featured_media":4378,"comment_status":"closed","ping_status":"open","sticky":false,"template":"","format":"standard","meta":{"site-sidebar-layout":"default","site-content-layout":"","ast-site-content-layout":"default","site-content-style":"default","site-sidebar-style":"default","ast-global-header-display":"","ast-banner-title-visibility":"","ast-main-header-display":"","ast-hfb-above-header-display":"","ast-hfb-below-header-display":"","ast-hfb-mobile-header-display":"","site-post-title":"","ast-breadcrumbs-content":"","ast-featured-img":"","footer-sml-layout":"","ast-disable-related-posts":"","theme-transparent-header-meta":"","adv-header-id-meta":"","stick-header-meta":"","header-above-stick-meta":"","header-main-stick-meta":"","header-below-stick-meta":"","astra-migrate-meta-layouts":"default","ast-page-background-enabled":"default","ast-page-background-meta":{"desktop":{"background-color":"","background-image":"","background-repeat":"repeat","background-position":"center center","background-size":"auto","background-attachment":"scroll","background-type":"","background-media":"","overlay-type":"","overlay-color":"","overlay-opacity":"","overlay-gradient":""},"tablet":{"background-color":"","background-image":"","background-repeat":"repeat","background-position":"center center","background-size":"auto","background-attachment":"scroll","background-type":"","background-media":"","overlay-type":"","overlay-color":"","overlay-opacity":"","overlay-gradient":""},"mobile":{"background-color":"","background-image":"","background-repeat":"repeat","background-position":"center center","background-size":"auto","background-attachment":"scroll","background-type":"","background-media":"","overlay-type":"","overlay-color":"","overlay-opacity":"","overlay-gradient":""}},"ast-content-background-meta":{"desktop":{"background-color":"var(--ast-global-color-5)","background-image":"","background-repeat":"repeat","background-position":"center center","background-size":"auto","background-attachment":"scroll","background-type":"","background-media":"","overlay-type":"","overlay-color":"","overlay-opacity":"","overlay-gradient":""},"tablet":{"background-color":"var(--ast-global-color-5)","background-image":"","background-repeat":"repeat","background-position":"center center","background-size":"auto","background-attachment":"scroll","background-type":"","background-media":"","overlay-type":"","overlay-color":"","overlay-opacity":"","overlay-gradient":""},"mobile":{"background-color":"var(--ast-global-color-5)","background-image":"","background-repeat":"repeat","background-position":"center center","background-size":"auto","background-attachment":"scroll","background-type":"","background-media":"","overlay-type":"","overlay-color":"","overlay-opacity":"","overlay-gradient":""}},"footnotes":""},"categories":[51,96,66,405],"tags":[],"class_list":["post-6363","post","type-post","status-publish","format-standard","has-post-thumbnail","hentry","category-invertir","category-negocios","category-novedades","category-novedades-en-portada"],"yoast_head":"<!-- This site is optimized with the Yoast SEO plugin v27.4 - https:\/\/yoast.com\/product\/yoast-seo-wordpress\/ -->\n<title>Gobierno pone en manos de embajadores y c\u00f3nsules el plan de promoci\u00f3n comercial 2021 - Consulado General de la Rep\u00fablica Dominicana en La Haya, Reino de los Pa\u00edses Bajos<\/title>\n<meta name=\"robots\" content=\"index, follow, max-snippet:-1, max-image-preview:large, max-video-preview:-1\" \/>\n<link rel=\"canonical\" href=\"https:\/\/nld.mirex.gob.do\/consular\/amsterdam\/gobierno-pone-en-manos-de-embajadores-y-consules-el-plan-de-promocion-comercial-2021\/\" \/>\n<meta property=\"og:locale\" content=\"en_US\" \/>\n<meta property=\"og:type\" content=\"article\" \/>\n<meta property=\"og:title\" content=\"Gobierno pone en manos de embajadores y c\u00f3nsules el plan de promoci\u00f3n comercial 2021 - Consulado General de la Rep\u00fablica Dominicana en La Haya, Reino de los Pa\u00edses Bajos\" \/>\n<meta property=\"og:description\" content=\"Se establecen metas a los diplom\u00e1ticos en su responsabilidad de promover inversi\u00f3n extranjera y exportaciones. Santo Domingo, Rep\u00fablica Dominicana._ El Ministerio de Relaciones Exteriores (MIREX) y ProDominicana pusieron en marcha el Plan de Promoci\u00f3n Comercial 2021 con el que ambas instituciones unen esfuerzos para optimizar el servicio de&nbsp; promoci\u00f3n del comercio y atracci\u00f3n de inversiones [&hellip;]\" \/>\n<meta property=\"og:url\" content=\"https:\/\/nld.mirex.gob.do\/consular\/amsterdam\/gobierno-pone-en-manos-de-embajadores-y-consules-el-plan-de-promocion-comercial-2021\/\" \/>\n<meta property=\"og:site_name\" content=\"Consulado General de la Rep\u00fablica Dominicana en La Haya, Reino de los Pa\u00edses Bajos\" \/>\n<meta property=\"article:published_time\" content=\"2020-11-12T11:59:10+00:00\" \/>\n<meta name=\"author\" content=\"Michael Antonio Melo Andujar\" \/>\n<meta name=\"twitter:card\" content=\"summary_large_image\" \/>\n<meta name=\"twitter:label1\" content=\"Written by\" \/>\n\t<meta name=\"twitter:data1\" content=\"Michael Antonio Melo Andujar\" \/>\n\t<meta name=\"twitter:label2\" content=\"Est. reading time\" \/>\n\t<meta name=\"twitter:data2\" content=\"4 minutes\" \/>\n<script type=\"application\/ld+json\" class=\"yoast-schema-graph\">{\"@context\":\"https:\\\/\\\/schema.org\",\"@graph\":[{\"@type\":\"Article\",\"@id\":\"https:\\\/\\\/nld.mirex.gob.do\\\/consular\\\/amsterdam\\\/gobierno-pone-en-manos-de-embajadores-y-consules-el-plan-de-promocion-comercial-2021\\\/#article\",\"isPartOf\":{\"@id\":\"https:\\\/\\\/nld.mirex.gob.do\\\/consular\\\/amsterdam\\\/gobierno-pone-en-manos-de-embajadores-y-consules-el-plan-de-promocion-comercial-2021\\\/\"},\"author\":{\"name\":\"Michael Antonio Melo Andujar\",\"@id\":\"https:\\\/\\\/nld.mirex.gob.do\\\/consular\\\/amsterdam\\\/#\\\/schema\\\/person\\\/772a9951ade6a7e4ab978b618b619ff8\"},\"headline\":\"Gobierno pone en manos de embajadores y c\u00f3nsules el plan de promoci\u00f3n comercial 2021\",\"datePublished\":\"2020-11-12T11:59:10+00:00\",\"mainEntityOfPage\":{\"@id\":\"https:\\\/\\\/nld.mirex.gob.do\\\/consular\\\/amsterdam\\\/gobierno-pone-en-manos-de-embajadores-y-consules-el-plan-de-promocion-comercial-2021\\\/\"},\"wordCount\":754,\"publisher\":{\"@id\":\"https:\\\/\\\/nld.mirex.gob.do\\\/consular\\\/amsterdam\\\/#organization\"},\"image\":{\"@id\":\"https:\\\/\\\/nld.mirex.gob.do\\\/consular\\\/amsterdam\\\/gobierno-pone-en-manos-de-embajadores-y-consules-el-plan-de-promocion-comercial-2021\\\/#primaryimage\"},\"thumbnailUrl\":\"\",\"articleSection\":[\"Invertir en la Rep\u00fablica Dominicana\",\"Negocios\",\"Novedades\",\"Novedades en portada\"],\"inLanguage\":\"en-US\"},{\"@type\":\"WebPage\",\"@id\":\"https:\\\/\\\/nld.mirex.gob.do\\\/consular\\\/amsterdam\\\/gobierno-pone-en-manos-de-embajadores-y-consules-el-plan-de-promocion-comercial-2021\\\/\",\"url\":\"https:\\\/\\\/nld.mirex.gob.do\\\/consular\\\/amsterdam\\\/gobierno-pone-en-manos-de-embajadores-y-consules-el-plan-de-promocion-comercial-2021\\\/\",\"name\":\"Gobierno pone en manos de embajadores y c\u00f3nsules el plan de promoci\u00f3n comercial 2021 - Consulado General de la Rep\u00fablica Dominicana en La Haya, Reino de los Pa\u00edses Bajos\",\"isPartOf\":{\"@id\":\"https:\\\/\\\/nld.mirex.gob.do\\\/consular\\\/amsterdam\\\/#website\"},\"primaryImageOfPage\":{\"@id\":\"https:\\\/\\\/nld.mirex.gob.do\\\/consular\\\/amsterdam\\\/gobierno-pone-en-manos-de-embajadores-y-consules-el-plan-de-promocion-comercial-2021\\\/#primaryimage\"},\"image\":{\"@id\":\"https:\\\/\\\/nld.mirex.gob.do\\\/consular\\\/amsterdam\\\/gobierno-pone-en-manos-de-embajadores-y-consules-el-plan-de-promocion-comercial-2021\\\/#primaryimage\"},\"thumbnailUrl\":\"\",\"datePublished\":\"2020-11-12T11:59:10+00:00\",\"breadcrumb\":{\"@id\":\"https:\\\/\\\/nld.mirex.gob.do\\\/consular\\\/amsterdam\\\/gobierno-pone-en-manos-de-embajadores-y-consules-el-plan-de-promocion-comercial-2021\\\/#breadcrumb\"},\"inLanguage\":\"en-US\",\"potentialAction\":[{\"@type\":\"ReadAction\",\"target\":[\"https:\\\/\\\/nld.mirex.gob.do\\\/consular\\\/amsterdam\\\/gobierno-pone-en-manos-de-embajadores-y-consules-el-plan-de-promocion-comercial-2021\\\/\"]}]},{\"@type\":\"ImageObject\",\"inLanguage\":\"en-US\",\"@id\":\"https:\\\/\\\/nld.mirex.gob.do\\\/consular\\\/amsterdam\\\/gobierno-pone-en-manos-de-embajadores-y-consules-el-plan-de-promocion-comercial-2021\\\/#primaryimage\",\"url\":\"\",\"contentUrl\":\"\"},{\"@type\":\"BreadcrumbList\",\"@id\":\"https:\\\/\\\/nld.mirex.gob.do\\\/consular\\\/amsterdam\\\/gobierno-pone-en-manos-de-embajadores-y-consules-el-plan-de-promocion-comercial-2021\\\/#breadcrumb\",\"itemListElement\":[{\"@type\":\"ListItem\",\"position\":1,\"name\":\"Inicio\",\"item\":\"https:\\\/\\\/nld.mirex.gob.do\\\/consular\\\/amsterdam\\\/\"},{\"@type\":\"ListItem\",\"position\":2,\"name\":\"Gobierno pone en manos de embajadores y c\u00f3nsules el plan de promoci\u00f3n comercial 2021\"}]},{\"@type\":\"WebSite\",\"@id\":\"https:\\\/\\\/nld.mirex.gob.do\\\/consular\\\/amsterdam\\\/#website\",\"url\":\"https:\\\/\\\/nld.mirex.gob.do\\\/consular\\\/amsterdam\\\/\",\"name\":\"Consulado General de la Rep\u00fablica Dominicana en La Haya, Reino de los Pa\u00edses Bajos\",\"description\":\"\",\"publisher\":{\"@id\":\"https:\\\/\\\/nld.mirex.gob.do\\\/consular\\\/amsterdam\\\/#organization\"},\"potentialAction\":[{\"@type\":\"SearchAction\",\"target\":{\"@type\":\"EntryPoint\",\"urlTemplate\":\"https:\\\/\\\/nld.mirex.gob.do\\\/consular\\\/amsterdam\\\/?s={search_term_string}\"},\"query-input\":{\"@type\":\"PropertyValueSpecification\",\"valueRequired\":true,\"valueName\":\"search_term_string\"}}],\"inLanguage\":\"en-US\"},{\"@type\":\"Organization\",\"@id\":\"https:\\\/\\\/nld.mirex.gob.do\\\/consular\\\/amsterdam\\\/#organization\",\"name\":\"Consulado General de la Rep\u00fablica Dominicana en La Haya, Reino de los Pa\u00edses Bajos\",\"url\":\"https:\\\/\\\/nld.mirex.gob.do\\\/consular\\\/amsterdam\\\/\",\"logo\":{\"@type\":\"ImageObject\",\"inLanguage\":\"en-US\",\"@id\":\"https:\\\/\\\/nld.mirex.gob.do\\\/consular\\\/amsterdam\\\/#\\\/schema\\\/logo\\\/image\\\/\",\"url\":\"https:\\\/\\\/nld.mirex.gob.do\\\/consular\\\/amsterdam\\\/wp-content\\\/uploads\\\/2024\\\/04\\\/cropped-consulado_la_haya_reinode_los_Paises_Bajos.jpg\",\"contentUrl\":\"https:\\\/\\\/nld.mirex.gob.do\\\/consular\\\/amsterdam\\\/wp-content\\\/uploads\\\/2024\\\/04\\\/cropped-consulado_la_haya_reinode_los_Paises_Bajos.jpg\",\"width\":999,\"height\":407,\"caption\":\"Consulado General de la Rep\u00fablica Dominicana en La Haya, Reino de los Pa\u00edses Bajos\"},\"image\":{\"@id\":\"https:\\\/\\\/nld.mirex.gob.do\\\/consular\\\/amsterdam\\\/#\\\/schema\\\/logo\\\/image\\\/\"}},{\"@type\":\"Person\",\"@id\":\"https:\\\/\\\/nld.mirex.gob.do\\\/consular\\\/amsterdam\\\/#\\\/schema\\\/person\\\/772a9951ade6a7e4ab978b618b619ff8\",\"name\":\"Michael Antonio Melo Andujar\",\"image\":{\"@type\":\"ImageObject\",\"inLanguage\":\"en-US\",\"@id\":\"https:\\\/\\\/secure.gravatar.com\\\/avatar\\\/f8862d24b6945a30d30c9727ef9dfcd533ee25a18a27afc92991446aeb0e652d?s=96&d=mm&r=g\",\"url\":\"https:\\\/\\\/secure.gravatar.com\\\/avatar\\\/f8862d24b6945a30d30c9727ef9dfcd533ee25a18a27afc92991446aeb0e652d?s=96&d=mm&r=g\",\"contentUrl\":\"https:\\\/\\\/secure.gravatar.com\\\/avatar\\\/f8862d24b6945a30d30c9727ef9dfcd533ee25a18a27afc92991446aeb0e652d?s=96&d=mm&r=g\",\"caption\":\"Michael Antonio Melo Andujar\"}}]}<\/script>\n<!-- \/ Yoast SEO plugin. -->","yoast_head_json":{"title":"Gobierno pone en manos de embajadores y c\u00f3nsules el plan de promoci\u00f3n comercial 2021 - Consulado General de la Rep\u00fablica Dominicana en La Haya, Reino de los Pa\u00edses Bajos","robots":{"index":"index","follow":"follow","max-snippet":"max-snippet:-1","max-image-preview":"max-image-preview:large","max-video-preview":"max-video-preview:-1"},"canonical":"https:\/\/nld.mirex.gob.do\/consular\/amsterdam\/gobierno-pone-en-manos-de-embajadores-y-consules-el-plan-de-promocion-comercial-2021\/","og_locale":"en_US","og_type":"article","og_title":"Gobierno pone en manos de embajadores y c\u00f3nsules el plan de promoci\u00f3n comercial 2021 - Consulado General de la Rep\u00fablica Dominicana en La Haya, Reino de los Pa\u00edses Bajos","og_description":"Se establecen metas a los diplom\u00e1ticos en su responsabilidad de promover inversi\u00f3n extranjera y exportaciones. Santo Domingo, Rep\u00fablica Dominicana._ El Ministerio de Relaciones Exteriores (MIREX) y ProDominicana pusieron en marcha el Plan de Promoci\u00f3n Comercial 2021 con el que ambas instituciones unen esfuerzos para optimizar el servicio de&nbsp; promoci\u00f3n del comercio y atracci\u00f3n de inversiones [&hellip;]","og_url":"https:\/\/nld.mirex.gob.do\/consular\/amsterdam\/gobierno-pone-en-manos-de-embajadores-y-consules-el-plan-de-promocion-comercial-2021\/","og_site_name":"Consulado General de la Rep\u00fablica Dominicana en La Haya, Reino de los Pa\u00edses Bajos","article_published_time":"2020-11-12T11:59:10+00:00","author":"Michael Antonio Melo Andujar","twitter_card":"summary_large_image","twitter_misc":{"Written by":"Michael Antonio Melo Andujar","Est. reading time":"4 minutes"},"schema":{"@context":"https:\/\/schema.org","@graph":[{"@type":"Article","@id":"https:\/\/nld.mirex.gob.do\/consular\/amsterdam\/gobierno-pone-en-manos-de-embajadores-y-consules-el-plan-de-promocion-comercial-2021\/#article","isPartOf":{"@id":"https:\/\/nld.mirex.gob.do\/consular\/amsterdam\/gobierno-pone-en-manos-de-embajadores-y-consules-el-plan-de-promocion-comercial-2021\/"},"author":{"name":"Michael Antonio Melo Andujar","@id":"https:\/\/nld.mirex.gob.do\/consular\/amsterdam\/#\/schema\/person\/772a9951ade6a7e4ab978b618b619ff8"},"headline":"Gobierno pone en manos de embajadores y c\u00f3nsules el plan de promoci\u00f3n comercial 2021","datePublished":"2020-11-12T11:59:10+00:00","mainEntityOfPage":{"@id":"https:\/\/nld.mirex.gob.do\/consular\/amsterdam\/gobierno-pone-en-manos-de-embajadores-y-consules-el-plan-de-promocion-comercial-2021\/"},"wordCount":754,"publisher":{"@id":"https:\/\/nld.mirex.gob.do\/consular\/amsterdam\/#organization"},"image":{"@id":"https:\/\/nld.mirex.gob.do\/consular\/amsterdam\/gobierno-pone-en-manos-de-embajadores-y-consules-el-plan-de-promocion-comercial-2021\/#primaryimage"},"thumbnailUrl":"","articleSection":["Invertir en la Rep\u00fablica Dominicana","Negocios","Novedades","Novedades en portada"],"inLanguage":"en-US"},{"@type":"WebPage","@id":"https:\/\/nld.mirex.gob.do\/consular\/amsterdam\/gobierno-pone-en-manos-de-embajadores-y-consules-el-plan-de-promocion-comercial-2021\/","url":"https:\/\/nld.mirex.gob.do\/consular\/amsterdam\/gobierno-pone-en-manos-de-embajadores-y-consules-el-plan-de-promocion-comercial-2021\/","name":"Gobierno pone en manos de embajadores y c\u00f3nsules el plan de promoci\u00f3n comercial 2021 - Consulado General de la Rep\u00fablica Dominicana en La Haya, Reino de los Pa\u00edses Bajos","isPartOf":{"@id":"https:\/\/nld.mirex.gob.do\/consular\/amsterdam\/#website"},"primaryImageOfPage":{"@id":"https:\/\/nld.mirex.gob.do\/consular\/amsterdam\/gobierno-pone-en-manos-de-embajadores-y-consules-el-plan-de-promocion-comercial-2021\/#primaryimage"},"image":{"@id":"https:\/\/nld.mirex.gob.do\/consular\/amsterdam\/gobierno-pone-en-manos-de-embajadores-y-consules-el-plan-de-promocion-comercial-2021\/#primaryimage"},"thumbnailUrl":"","datePublished":"2020-11-12T11:59:10+00:00","breadcrumb":{"@id":"https:\/\/nld.mirex.gob.do\/consular\/amsterdam\/gobierno-pone-en-manos-de-embajadores-y-consules-el-plan-de-promocion-comercial-2021\/#breadcrumb"},"inLanguage":"en-US","potentialAction":[{"@type":"ReadAction","target":["https:\/\/nld.mirex.gob.do\/consular\/amsterdam\/gobierno-pone-en-manos-de-embajadores-y-consules-el-plan-de-promocion-comercial-2021\/"]}]},{"@type":"ImageObject","inLanguage":"en-US","@id":"https:\/\/nld.mirex.gob.do\/consular\/amsterdam\/gobierno-pone-en-manos-de-embajadores-y-consules-el-plan-de-promocion-comercial-2021\/#primaryimage","url":"","contentUrl":""},{"@type":"BreadcrumbList","@id":"https:\/\/nld.mirex.gob.do\/consular\/amsterdam\/gobierno-pone-en-manos-de-embajadores-y-consules-el-plan-de-promocion-comercial-2021\/#breadcrumb","itemListElement":[{"@type":"ListItem","position":1,"name":"Inicio","item":"https:\/\/nld.mirex.gob.do\/consular\/amsterdam\/"},{"@type":"ListItem","position":2,"name":"Gobierno pone en manos de embajadores y c\u00f3nsules el plan de promoci\u00f3n comercial 2021"}]},{"@type":"WebSite","@id":"https:\/\/nld.mirex.gob.do\/consular\/amsterdam\/#website","url":"https:\/\/nld.mirex.gob.do\/consular\/amsterdam\/","name":"Consulado General de la Rep\u00fablica Dominicana en La Haya, Reino de los Pa\u00edses Bajos","description":"","publisher":{"@id":"https:\/\/nld.mirex.gob.do\/consular\/amsterdam\/#organization"},"potentialAction":[{"@type":"SearchAction","target":{"@type":"EntryPoint","urlTemplate":"https:\/\/nld.mirex.gob.do\/consular\/amsterdam\/?s={search_term_string}"},"query-input":{"@type":"PropertyValueSpecification","valueRequired":true,"valueName":"search_term_string"}}],"inLanguage":"en-US"},{"@type":"Organization","@id":"https:\/\/nld.mirex.gob.do\/consular\/amsterdam\/#organization","name":"Consulado General de la Rep\u00fablica Dominicana en La Haya, Reino de los Pa\u00edses Bajos","url":"https:\/\/nld.mirex.gob.do\/consular\/amsterdam\/","logo":{"@type":"ImageObject","inLanguage":"en-US","@id":"https:\/\/nld.mirex.gob.do\/consular\/amsterdam\/#\/schema\/logo\/image\/","url":"https:\/\/nld.mirex.gob.do\/consular\/amsterdam\/wp-content\/uploads\/2024\/04\/cropped-consulado_la_haya_reinode_los_Paises_Bajos.jpg","contentUrl":"https:\/\/nld.mirex.gob.do\/consular\/amsterdam\/wp-content\/uploads\/2024\/04\/cropped-consulado_la_haya_reinode_los_Paises_Bajos.jpg","width":999,"height":407,"caption":"Consulado General de la Rep\u00fablica Dominicana en La Haya, Reino de los Pa\u00edses Bajos"},"image":{"@id":"https:\/\/nld.mirex.gob.do\/consular\/amsterdam\/#\/schema\/logo\/image\/"}},{"@type":"Person","@id":"https:\/\/nld.mirex.gob.do\/consular\/amsterdam\/#\/schema\/person\/772a9951ade6a7e4ab978b618b619ff8","name":"Michael Antonio Melo Andujar","image":{"@type":"ImageObject","inLanguage":"en-US","@id":"https:\/\/secure.gravatar.com\/avatar\/f8862d24b6945a30d30c9727ef9dfcd533ee25a18a27afc92991446aeb0e652d?s=96&d=mm&r=g","url":"https:\/\/secure.gravatar.com\/avatar\/f8862d24b6945a30d30c9727ef9dfcd533ee25a18a27afc92991446aeb0e652d?s=96&d=mm&r=g","contentUrl":"https:\/\/secure.gravatar.com\/avatar\/f8862d24b6945a30d30c9727ef9dfcd533ee25a18a27afc92991446aeb0e652d?s=96&d=mm&r=g","caption":"Michael Antonio Melo Andujar"}}]}},"_links":{"self":[{"href":"https:\/\/nld.mirex.gob.do\/consular\/amsterdam\/wp-json\/wp\/v2\/posts\/6363","targetHints":{"allow":["GET"]}}],"collection":[{"href":"https:\/\/nld.mirex.gob.do\/consular\/amsterdam\/wp-json\/wp\/v2\/posts"}],"about":[{"href":"https:\/\/nld.mirex.gob.do\/consular\/amsterdam\/wp-json\/wp\/v2\/types\/post"}],"author":[{"embeddable":true,"href":"https:\/\/nld.mirex.gob.do\/consular\/amsterdam\/wp-json\/wp\/v2\/users\/8"}],"replies":[{"embeddable":true,"href":"https:\/\/nld.mirex.gob.do\/consular\/amsterdam\/wp-json\/wp\/v2\/comments?post=6363"}],"version-history":[{"count":0,"href":"https:\/\/nld.mirex.gob.do\/consular\/amsterdam\/wp-json\/wp\/v2\/posts\/6363\/revisions"}],"wp:featuredmedia":[{"embeddable":true,"href":"https:\/\/nld.mirex.gob.do\/consular\/amsterdam\/wp-json\/"}],"wp:attachment":[{"href":"https:\/\/nld.mirex.gob.do\/consular\/amsterdam\/wp-json\/wp\/v2\/media?parent=6363"}],"wp:term":[{"taxonomy":"category","embeddable":true,"href":"https:\/\/nld.mirex.gob.do\/consular\/amsterdam\/wp-json\/wp\/v2\/categories?post=6363"},{"taxonomy":"post_tag","embeddable":true,"href":"https:\/\/nld.mirex.gob.do\/consular\/amsterdam\/wp-json\/wp\/v2\/tags?post=6363"}],"curies":[{"name":"wp","href":"https:\/\/api.w.org\/{rel}","templated":true}]}}