{"id":6352,"date":"2019-10-30T19:25:59","date_gmt":"2019-10-30T19:25:59","guid":{"rendered":"https:\/\/www.consuladordholanda.com\/?p=4118"},"modified":"2019-10-30T19:25:59","modified_gmt":"2019-10-30T19:25:59","slug":"republica-dominicana-firma-un-acuerdo-pionero-para-limpieza-del-rio-ozama","status":"publish","type":"post","link":"https:\/\/nld.mirex.gob.do\/consular\/amsterdam\/republica-dominicana-firma-un-acuerdo-pionero-para-limpieza-del-rio-ozama\/","title":{"rendered":"Rep\u00fablica Dominicana firma un acuerdo pionero para limpieza del r\u00edo Ozama"},"content":{"rendered":"<div id=\"pl-4118\"  class=\"panel-layout\" >\n<div id=\"pg-4118-0\"  class=\"panel-grid panel-no-style\" >\n<div id=\"pgc-4118-0-0\"  class=\"panel-grid-cell\"  data-weight=\"1\" >\n<div id=\"panel-4118-0-0-0\" class=\"so-panel widget widget_sow-editor panel-first-child\" data-index=\"0\" data-style=\"{&quot;background_image_attachment&quot;:false,&quot;background_display&quot;:&quot;tile&quot;}\" >\n<div class=\"so-widget-sow-editor so-widget-sow-editor-base\">\n<div class=\"siteorigin-widget-tinymce textwidget\">\n<div><img fetchpriority=\"high\" decoding=\"async\" class=\"size-full wp-image-4119 alignnone\" src=\"https:\/\/www.consuladordholanda.com\/wp-content\/uploads\/2019\/10\/Rep\u00fablica-Dominicana-firma-un-acuerdo-pionero-para-limpieza-del-r\u00edo-Ozama-1.jpg\" alt=\"\" width=\"1280\" height=\"821\"\/><\/div>\n<div>&nbsp;<\/div>\n<div><a href=\"https:\/\/presidencia.gob.do\/noticias\/republica-dominicana-firma-un-acuerdo-pionero-para-limpieza-del-rio-ozama\" target=\"_blank\" rel=\"noopener noreferrer\">26 Octubre 2019&nbsp; | presidencia.gob.do<\/a><\/div>\n<div>&nbsp;<\/div>\n<div>El Ministerio de la Presidencia, el Programa de las Naciones Unidas para el Desarrollo (PNUD) y la organizaci\u00f3n holandesa The Ocean Cleanup (OCU) firmaron un acuerdo para la limpieza del r\u00edo Ozama.<\/div>\n<div>&nbsp;<\/div>\n<div>Esta iniciativa, impulsada tambi\u00e9n por la Embajada del Reino de los Pa\u00edses Bajos en la Rep\u00fablica Dominicana, es pionera para la regi\u00f3n de Latinoam\u00e9rica y el Caribe.<\/div>\n<div>&nbsp;<\/div>\n<div>El acuerdo se formaliz\u00f3 en Rotterdam, Holanda, en el marco del lanzamiento mundial del programa de limpieza de r\u00edos auspiciado por The Ocean Cleanup, en contribuci\u00f3n a las metas globales de desarrollo sostenible.<\/div>\n<div>&nbsp;<\/div>\n<div>&nbsp;<\/div>\n<\/div>\n<\/div>\n<\/div>\n<div id=\"panel-4118-0-0-1\" class=\"so-panel widget widget_sow-video\" data-index=\"1\" data-style=\"{&quot;background_image_attachment&quot;:false,&quot;background_display&quot;:&quot;tile&quot;}\" >[siteorigin_widget class=&#8221;SiteOrigin_Widget_Video_Widget&#8221;]<input type=\"hidden\" value=\"{&quot;instance&quot;:{&quot;title&quot;:&quot;&quot;,&quot;host_type&quot;:&quot;external&quot;,&quot;video&quot;:{&quot;self_sources&quot;:[{&quot;self_video&quot;:0,&quot;self_video_fallback&quot;:&quot;https:\\\/\\\/www.youtube.com\\\/watch?v=wb_9J6-ghjA&quot;}],&quot;self_poster&quot;:0,&quot;external_video&quot;:&quot;https:\\\/\\\/www.youtube.com\\\/watch?v=wb_9J6-ghjA&quot;,&quot;so_field_container_state&quot;:&quot;open&quot;},&quot;playback&quot;:{&quot;oembed&quot;:true,&quot;so_field_container_state&quot;:&quot;open&quot;,&quot;autoplay&quot;:false,&quot;related_videos&quot;:false},&quot;_sow_form_id&quot;:&quot;16172469945dba2c480f526806989883&quot;,&quot;_sow_form_timestamp&quot;:&quot;1574764432090&quot;,&quot;so_sidebar_emulator_id&quot;:&quot;sow-video-411810001&quot;,&quot;option_name&quot;:&quot;widget_sow-video&quot;},&quot;args&quot;:{&quot;before_widget&quot;:&quot;&lt;div id=\\&quot;panel-4118-0-0-1\\&quot; class=\\&quot;so-panel widget widget_sow-video\\&quot; data-index=\\&quot;1\\&quot; data-style=\\&quot;{&amp;quot;background_image_attachment&amp;quot;:false,&amp;quot;background_display&amp;quot;:&amp;quot;tile&amp;quot;}\\&quot; &gt;&quot;,&quot;after_widget&quot;:&quot;&lt;\\\/div&gt;&quot;,&quot;before_title&quot;:&quot;&lt;h3 class=\\&quot;widget-title\\&quot;&gt;&quot;,&quot;after_title&quot;:&quot;&lt;\\\/h3&gt;&quot;,&quot;widget_id&quot;:&quot;widget-0-0-1&quot;}}\" \/>[\/siteorigin_widget]<\/div>\n<div id=\"panel-4118-0-0-2\" class=\"so-panel widget widget_sow-editor panel-last-child\" data-index=\"2\" data-style=\"{&quot;background_image_attachment&quot;:false,&quot;background_display&quot;:&quot;tile&quot;}\" >\n<div class=\"so-widget-sow-editor so-widget-sow-editor-base\">\n<div class=\"siteorigin-widget-tinymce textwidget\">\n<div>&nbsp;<\/div>\n<div>&nbsp;<\/div>\n<div>La alianza busca impulsar una plataforma p\u00fablico-privada que articule a todos los actores interesados en trabajar en la reducci\u00f3n del consumo, la eliminaci\u00f3n de los pl\u00e1sticos y residuos de los r\u00edos de la Rep\u00fablica Dominicana, y asegurar condiciones seguras de procesamiento y disposici\u00f3n final de los mismos, como parte de una estrategia para proteger los afluentes y oc\u00e9anos, y garantizar las condiciones de salud a la poblaci\u00f3n que vive en torno a estos cuerpos de agua.<\/div>\n<div>&nbsp;<\/div>\n<div>Sina del Rosario, viceministra de H\u00e1bitat y Desarrollo Local, acudi\u00f3 al evento celebrado en Holanda, en representaci\u00f3n del ministro de la Presidencia, Gustavo Montalvo.<\/div>\n<div>&nbsp;<\/div>\n<div>El ministro, en su calidad de presidente de la Comisi\u00f3n Presidencial de Rescate de los r\u00edos Ozama e Isabela, destac\u00f3 la importancia de este acuerdo.<\/div>\n<div>&nbsp;<\/div>\n<div>\u201cNo hay una mejor iniciativa para eliminar los pl\u00e1sticos que, a trav\u00e9s del r\u00edo Ozama, llegan al litoral de nuestra ciudad capital. Una propuesta que respalda el presidente Medina donde la innovaci\u00f3n y la tecnolog\u00eda se combinan con los esfuerzos comunitarios e institucionales\u201d, expres\u00f3 Gustavo Montalvo.<\/div>\n<div>&nbsp;<\/div>\n<div>Como parte de los compromisos, el Ministerio de la Presidencia coordinar\u00e1 las acciones para el monitoreo de residuos y operaci\u00f3n del sistema de intercepci\u00f3n de los residuos pl\u00e1sticos.<\/div>\n<div>&nbsp;<\/div>\n<div>Por otra parte, el PNUD facilitar\u00e1 el funcionamiento de esta plataforma, promoviendo el di\u00e1logo, la coordinaci\u00f3n y el flujo de informaci\u00f3n. Tambi\u00e9n involucrar\u00e1 a su red de expertos para analizar las alternativas de negocio que aprovechen los residuos y pl\u00e1sticos recuperados.<\/div>\n<div>&nbsp;<\/div>\n<div><a href=\"https:\/\/www.consuladordholanda.com\/wp-content\/uploads\/2019\/10\/Rep\u00fablica-Dominicana-firma-un-acuerdo-pionero-para-limpieza-del-r\u00edo-Ozama-2.jpg\"><img decoding=\"async\" class=\" wp-image-4120 alignleft\" src=\"https:\/\/www.consuladordholanda.com\/wp-content\/uploads\/2019\/10\/Rep\u00fablica-Dominicana-firma-un-acuerdo-pionero-para-limpieza-del-r\u00edo-Ozama-2-300x169.jpg\" alt=\"\" width=\"359\" height=\"229\"\/><\/a>The Ocean Cleanup proporcionar\u00e1 asistencia t\u00e9cnica, promover\u00e1 la instalaci\u00f3n del sistema de intercepci\u00f3n de residuos y entrenar\u00e1 a los responsables de asegurar su operaci\u00f3n.<\/div>\n<div>&nbsp;<\/div>\n<div>Contribuir\u00e1 con el desarrollo de investigaciones para el monitoreo de la situaci\u00f3n de los pl\u00e1sticos en los r\u00edos y determinar los sitios m\u00e1s apropiados para establecer estos sistemas de recolecci\u00f3n.<\/div>\n<div>&nbsp;<\/div>\n<div>La iniciativa cuenta con el apoyo del Reino de los Pa\u00edses Bajos, en conjunto con diversas instituciones del sector p\u00fablico como el Ministerio de Medio Ambiente y Recursos Naturales, Dominicana Limpia, y la Comisi\u00f3n Presidencial para el Rescate de los R\u00edos Ozama e Isabela.<\/div>\n<div>&nbsp;<\/div>\n<div>Por el sector privado est\u00e1n la Fundaci\u00f3n Tropigas y ECORED, con las empresas que esta representa, as\u00ed como el Instituto Tecnol\u00f3gico de Santo Domingo (INTEC) en representaci\u00f3n de la academia.<\/div>\n<div>&nbsp;<\/div>\n<div>Esta alianza es resultado de la preocupaci\u00f3n mundial por el cuidado de oc\u00e9anos y afluentes que, actualmente, presentan altos \u00edndices de contaminaci\u00f3n y va en concordancia con las prioridades del Gobierno dominicano para limpiar y descontaminar sus afluentes de agua.<\/div>\n<div>&nbsp;<\/div>\n<div>Con el convenio, que tendr\u00e1 una vigencia inicial de dos a\u00f1os, se esperan promover alianzas clave con otras instituciones del Gobierno, empresas, universidades para posibilitar la operatividad y sostenibilidad del sistema de limpieza de r\u00edos con un enfoque integral, incluyendo la financiaci\u00f3n de la operaci\u00f3n.<\/div>\n<div>&nbsp;<\/div>\n<div><strong>Sobre The Ocean Cleanup<\/strong><\/div>\n<div>&nbsp;<\/div>\n<div>La organizaci\u00f3n internacional sin fines de lucro ha desarrollado un sistema de limpieza con tecnolog\u00eda innovadora que remueve los residuos flotantes y suspendidos en los estratos superiores de los r\u00edos y evita su llegada a los oc\u00e9anos.<\/div>\n<div>&nbsp;<\/div>\n<div>Mediante este sistema y la construcci\u00f3n de instalaciones para el desembarco y separaci\u00f3n de los residuos recolectados se espera la remoci\u00f3n de hasta el 90% de los pl\u00e1sticos del r\u00edo Ozama.<\/div>\n<div>&nbsp;<\/div>\n<div><strong>Captura de pl\u00e1sticos<\/strong><\/div>\n<div>&nbsp;<\/div>\n<div>Rep\u00fablica Dominicana recibir\u00e1 uno de los cuatro interceptores que existen actualmente. Los otros tres se est\u00e1n probando en r\u00edos en el sureste asi\u00e1tico.<\/div>\n<div>&nbsp;<\/div>\n<div>El interceptor de residuos pl\u00e1sticos estar\u00e1 ubicado en el r\u00edo Ozama y, posiblemente, el sitio de extracci\u00f3n de los mismos est\u00e9 en la ribera del Isabela.<\/div>\n<div>&nbsp;<\/div>\n<div>La embarcaci\u00f3n tiene la capacidad de extraer 50,000 kilogramos de residuos diarios, incluso llegar hasta los 100,000 kilogramos en condiciones \u00f3ptimas.<\/div>\n<div>&nbsp;<\/div>\n<div>Tiene unas dimensiones de 24 metros de largo por 8 de ancho y 5 metros de altura. Cuenta con 6 contenedores para escombros con una capacidad de 8.3 metros c\u00fabicos cada uno.<\/div>\n<div>Funciona al 100% con energ\u00eda solar, puede trabajar d\u00eda y noche, y opera de forma aut\u00f3noma.<\/div>\n<div>&nbsp;<\/div>\n<div>La embarcaci\u00f3n \u2013 interceptor-, es la primera soluci\u00f3n utilizada para recolectar los pl\u00e1sticos de los r\u00edos y evitar que lleguen a los oc\u00e9anos.<\/div>\n<div>&nbsp;<\/div>\n<div>De acuerdo con The Ocean Cleanup, un millar de r\u00edos son los responsables del 80% de los pl\u00e1sticos en los oc\u00e9anos. En el Caribe, el r\u00edo Ozama es uno de los que m\u00e1s residuos aporta.<\/div>\n<div>&nbsp;<\/div>\n<div><strong>Promover avance de ODS<\/strong><\/div>\n<div>&nbsp;<\/div>\n<div>Esta iniciativa est\u00e1 enfocada en contribuir con las metas de los Objetivos de Desarrollo Sostenible (ODS). De manera particular, aportar\u00e1 al ODS 14 enfocado en la protecci\u00f3n de los oc\u00e9anos y la vida submarina, mediante la prevenci\u00f3n y reducci\u00f3n de la contaminaci\u00f3n de todo tipo para aportar a una mejor conservaci\u00f3n y uso sostenible de los oc\u00e9anos y sus recursos.<\/div>\n<div>&nbsp;<\/div>\n<div>Tambi\u00e9n se enfocar\u00e1 en el ODS 6, que promueve el abastecimiento de agua limpia y garantizar el saneamiento adecuado.<\/div>\n<div>&nbsp;<\/div>\n<div>Adicionalmente, esta plataforma aportar\u00e1 a las metas del ODS 12 de producci\u00f3n y consumo sostenible, mediante la incorporaci\u00f3n de principios propios de la econom\u00eda azul, y pondr\u00e1 en pr\u00e1ctica la propuesta del ODS 17 que impulsa alianzas para el desarrollo.<\/div>\n<div>&nbsp;<\/div>\n<h4>Galer\u00eda de fotos en Flickr<\/h4>\n<div>https:\/\/www.flickr.com\/photos\/consuladordholanda\/albums\/72157711569545797<\/div>\n<div>&nbsp;<\/div>\n<div>[AFG_gallery id=&#8217;12&#8217;]<\/div>\n<div>&nbsp;<\/div>\n<div>&nbsp;<\/div>\n<\/div>\n<\/div>\n<\/div>\n<\/div>\n<\/div>\n<\/div>\n","protected":false},"excerpt":{"rendered":"<p>&nbsp; 26 Octubre 2019&nbsp; | presidencia.gob.do &nbsp; El Ministerio de la Presidencia, el Programa de las Naciones Unidas para el Desarrollo (PNUD) y la organizaci\u00f3n holandesa The Ocean Cleanup (OCU) firmaron un acuerdo para la limpieza del r\u00edo Ozama. &nbsp; Esta iniciativa, impulsada tambi\u00e9n por la Embajada del Reino de los Pa\u00edses Bajos en la [&hellip;]<\/p>\n","protected":false},"author":8,"featured_media":4119,"comment_status":"closed","ping_status":"open","sticky":false,"template":"","format":"standard","meta":{"site-sidebar-layout":"default","site-content-layout":"","ast-site-content-layout":"default","site-content-style":"default","site-sidebar-style":"default","ast-global-header-display":"","ast-banner-title-visibility":"","ast-main-header-display":"","ast-hfb-above-header-display":"","ast-hfb-below-header-display":"","ast-hfb-mobile-header-display":"","site-post-title":"","ast-breadcrumbs-content":"","ast-featured-img":"","footer-sml-layout":"","ast-disable-related-posts":"","theme-transparent-header-meta":"","adv-header-id-meta":"","stick-header-meta":"","header-above-stick-meta":"","header-main-stick-meta":"","header-below-stick-meta":"","astra-migrate-meta-layouts":"default","ast-page-background-enabled":"default","ast-page-background-meta":{"desktop":{"background-color":"","background-image":"","background-repeat":"repeat","background-position":"center center","background-size":"auto","background-attachment":"scroll","background-type":"","background-media":"","overlay-type":"","overlay-color":"","overlay-opacity":"","overlay-gradient":""},"tablet":{"background-color":"","background-image":"","background-repeat":"repeat","background-position":"center center","background-size":"auto","background-attachment":"scroll","background-type":"","background-media":"","overlay-type":"","overlay-color":"","overlay-opacity":"","overlay-gradient":""},"mobile":{"background-color":"","background-image":"","background-repeat":"repeat","background-position":"center center","background-size":"auto","background-attachment":"scroll","background-type":"","background-media":"","overlay-type":"","overlay-color":"","overlay-opacity":"","overlay-gradient":""}},"ast-content-background-meta":{"desktop":{"background-color":"var(--ast-global-color-5)","background-image":"","background-repeat":"repeat","background-position":"center center","background-size":"auto","background-attachment":"scroll","background-type":"","background-media":"","overlay-type":"","overlay-color":"","overlay-opacity":"","overlay-gradient":""},"tablet":{"background-color":"var(--ast-global-color-5)","background-image":"","background-repeat":"repeat","background-position":"center center","background-size":"auto","background-attachment":"scroll","background-type":"","background-media":"","overlay-type":"","overlay-color":"","overlay-opacity":"","overlay-gradient":""},"mobile":{"background-color":"var(--ast-global-color-5)","background-image":"","background-repeat":"repeat","background-position":"center center","background-size":"auto","background-attachment":"scroll","background-type":"","background-media":"","overlay-type":"","overlay-color":"","overlay-opacity":"","overlay-gradient":""}},"footnotes":""},"categories":[66,405],"tags":[404,406],"class_list":["post-6352","post","type-post","status-publish","format-standard","has-post-thumbnail","hentry","category-novedades","category-novedades-en-portada","tag-naciones-unidas","tag-rio-ozama"],"yoast_head":"<!-- This site is optimized with the Yoast SEO plugin v27.4 - https:\/\/yoast.com\/product\/yoast-seo-wordpress\/ -->\n<title>Rep\u00fablica Dominicana firma un acuerdo pionero para limpieza del r\u00edo Ozama - Consulado General de la Rep\u00fablica Dominicana en La Haya, Reino de los Pa\u00edses Bajos<\/title>\n<meta name=\"description\" content=\"El Ministerio de la Presidencia, el Programa de las Naciones Unidas para el Desarrollo (PNUD) y la organizaci\u00f3n holandesa The Ocean Cleanup (OCU) firmaron un acuerdo para la limpieza del r\u00edo Ozama. 26 de octubre de 2019.\" \/>\n<meta name=\"robots\" content=\"index, follow, max-snippet:-1, max-image-preview:large, max-video-preview:-1\" \/>\n<link rel=\"canonical\" href=\"https:\/\/nld.mirex.gob.do\/consular\/amsterdam\/republica-dominicana-firma-un-acuerdo-pionero-para-limpieza-del-rio-ozama\/\" \/>\n<meta property=\"og:locale\" content=\"en_US\" \/>\n<meta property=\"og:type\" content=\"article\" \/>\n<meta property=\"og:title\" content=\"Rep\u00fablica Dominicana firma un acuerdo pionero para limpieza del r\u00edo Ozama - Consulado General de la Rep\u00fablica Dominicana en La Haya, Reino de los Pa\u00edses Bajos\" \/>\n<meta property=\"og:description\" content=\"El Ministerio de la Presidencia, el Programa de las Naciones Unidas para el Desarrollo (PNUD) y la organizaci\u00f3n holandesa The Ocean Cleanup (OCU) firmaron un acuerdo para la limpieza del r\u00edo Ozama. 26 de octubre de 2019.\" \/>\n<meta property=\"og:url\" content=\"https:\/\/nld.mirex.gob.do\/consular\/amsterdam\/republica-dominicana-firma-un-acuerdo-pionero-para-limpieza-del-rio-ozama\/\" \/>\n<meta property=\"og:site_name\" content=\"Consulado General de la Rep\u00fablica Dominicana en La Haya, Reino de los Pa\u00edses Bajos\" \/>\n<meta property=\"article:published_time\" content=\"2019-10-30T19:25:59+00:00\" \/>\n<meta name=\"author\" content=\"Michael Antonio Melo Andujar\" \/>\n<meta name=\"twitter:card\" content=\"summary_large_image\" \/>\n<meta name=\"twitter:label1\" content=\"Written by\" \/>\n\t<meta name=\"twitter:data1\" content=\"Michael Antonio Melo Andujar\" \/>\n\t<meta name=\"twitter:label2\" content=\"Est. reading time\" \/>\n\t<meta name=\"twitter:data2\" content=\"5 minutes\" \/>\n<script type=\"application\/ld+json\" class=\"yoast-schema-graph\">{\"@context\":\"https:\\\/\\\/schema.org\",\"@graph\":[{\"@type\":\"Article\",\"@id\":\"https:\\\/\\\/nld.mirex.gob.do\\\/consular\\\/amsterdam\\\/republica-dominicana-firma-un-acuerdo-pionero-para-limpieza-del-rio-ozama\\\/#article\",\"isPartOf\":{\"@id\":\"https:\\\/\\\/nld.mirex.gob.do\\\/consular\\\/amsterdam\\\/republica-dominicana-firma-un-acuerdo-pionero-para-limpieza-del-rio-ozama\\\/\"},\"author\":{\"name\":\"Michael Antonio Melo Andujar\",\"@id\":\"https:\\\/\\\/nld.mirex.gob.do\\\/consular\\\/amsterdam\\\/#\\\/schema\\\/person\\\/772a9951ade6a7e4ab978b618b619ff8\"},\"headline\":\"Rep\u00fablica Dominicana firma un acuerdo pionero para limpieza del r\u00edo Ozama\",\"datePublished\":\"2019-10-30T19:25:59+00:00\",\"mainEntityOfPage\":{\"@id\":\"https:\\\/\\\/nld.mirex.gob.do\\\/consular\\\/amsterdam\\\/republica-dominicana-firma-un-acuerdo-pionero-para-limpieza-del-rio-ozama\\\/\"},\"wordCount\":1087,\"publisher\":{\"@id\":\"https:\\\/\\\/nld.mirex.gob.do\\\/consular\\\/amsterdam\\\/#organization\"},\"image\":{\"@id\":\"https:\\\/\\\/nld.mirex.gob.do\\\/consular\\\/amsterdam\\\/republica-dominicana-firma-un-acuerdo-pionero-para-limpieza-del-rio-ozama\\\/#primaryimage\"},\"thumbnailUrl\":\"\",\"keywords\":[\"Naciones Unidas\",\"Rio Ozama\"],\"articleSection\":[\"Novedades\",\"Novedades en portada\"],\"inLanguage\":\"en-US\"},{\"@type\":\"WebPage\",\"@id\":\"https:\\\/\\\/nld.mirex.gob.do\\\/consular\\\/amsterdam\\\/republica-dominicana-firma-un-acuerdo-pionero-para-limpieza-del-rio-ozama\\\/\",\"url\":\"https:\\\/\\\/nld.mirex.gob.do\\\/consular\\\/amsterdam\\\/republica-dominicana-firma-un-acuerdo-pionero-para-limpieza-del-rio-ozama\\\/\",\"name\":\"Rep\u00fablica Dominicana firma un acuerdo pionero para limpieza del r\u00edo Ozama - Consulado General de la Rep\u00fablica Dominicana en La Haya, Reino de los Pa\u00edses Bajos\",\"isPartOf\":{\"@id\":\"https:\\\/\\\/nld.mirex.gob.do\\\/consular\\\/amsterdam\\\/#website\"},\"primaryImageOfPage\":{\"@id\":\"https:\\\/\\\/nld.mirex.gob.do\\\/consular\\\/amsterdam\\\/republica-dominicana-firma-un-acuerdo-pionero-para-limpieza-del-rio-ozama\\\/#primaryimage\"},\"image\":{\"@id\":\"https:\\\/\\\/nld.mirex.gob.do\\\/consular\\\/amsterdam\\\/republica-dominicana-firma-un-acuerdo-pionero-para-limpieza-del-rio-ozama\\\/#primaryimage\"},\"thumbnailUrl\":\"\",\"datePublished\":\"2019-10-30T19:25:59+00:00\",\"description\":\"El Ministerio de la Presidencia, el Programa de las Naciones Unidas para el Desarrollo (PNUD) y la organizaci\u00f3n holandesa The Ocean Cleanup (OCU) firmaron un acuerdo para la limpieza del r\u00edo Ozama. 26 de octubre de 2019.\",\"breadcrumb\":{\"@id\":\"https:\\\/\\\/nld.mirex.gob.do\\\/consular\\\/amsterdam\\\/republica-dominicana-firma-un-acuerdo-pionero-para-limpieza-del-rio-ozama\\\/#breadcrumb\"},\"inLanguage\":\"en-US\",\"potentialAction\":[{\"@type\":\"ReadAction\",\"target\":[\"https:\\\/\\\/nld.mirex.gob.do\\\/consular\\\/amsterdam\\\/republica-dominicana-firma-un-acuerdo-pionero-para-limpieza-del-rio-ozama\\\/\"]}]},{\"@type\":\"ImageObject\",\"inLanguage\":\"en-US\",\"@id\":\"https:\\\/\\\/nld.mirex.gob.do\\\/consular\\\/amsterdam\\\/republica-dominicana-firma-un-acuerdo-pionero-para-limpieza-del-rio-ozama\\\/#primaryimage\",\"url\":\"\",\"contentUrl\":\"\"},{\"@type\":\"BreadcrumbList\",\"@id\":\"https:\\\/\\\/nld.mirex.gob.do\\\/consular\\\/amsterdam\\\/republica-dominicana-firma-un-acuerdo-pionero-para-limpieza-del-rio-ozama\\\/#breadcrumb\",\"itemListElement\":[{\"@type\":\"ListItem\",\"position\":1,\"name\":\"Inicio\",\"item\":\"https:\\\/\\\/nld.mirex.gob.do\\\/consular\\\/amsterdam\\\/\"},{\"@type\":\"ListItem\",\"position\":2,\"name\":\"Rep\u00fablica Dominicana firma un acuerdo pionero para limpieza del r\u00edo Ozama\"}]},{\"@type\":\"WebSite\",\"@id\":\"https:\\\/\\\/nld.mirex.gob.do\\\/consular\\\/amsterdam\\\/#website\",\"url\":\"https:\\\/\\\/nld.mirex.gob.do\\\/consular\\\/amsterdam\\\/\",\"name\":\"Consulado General de la Rep\u00fablica Dominicana en La Haya, Reino de los Pa\u00edses Bajos\",\"description\":\"\",\"publisher\":{\"@id\":\"https:\\\/\\\/nld.mirex.gob.do\\\/consular\\\/amsterdam\\\/#organization\"},\"potentialAction\":[{\"@type\":\"SearchAction\",\"target\":{\"@type\":\"EntryPoint\",\"urlTemplate\":\"https:\\\/\\\/nld.mirex.gob.do\\\/consular\\\/amsterdam\\\/?s={search_term_string}\"},\"query-input\":{\"@type\":\"PropertyValueSpecification\",\"valueRequired\":true,\"valueName\":\"search_term_string\"}}],\"inLanguage\":\"en-US\"},{\"@type\":\"Organization\",\"@id\":\"https:\\\/\\\/nld.mirex.gob.do\\\/consular\\\/amsterdam\\\/#organization\",\"name\":\"Consulado General de la Rep\u00fablica Dominicana en La Haya, Reino de los Pa\u00edses Bajos\",\"url\":\"https:\\\/\\\/nld.mirex.gob.do\\\/consular\\\/amsterdam\\\/\",\"logo\":{\"@type\":\"ImageObject\",\"inLanguage\":\"en-US\",\"@id\":\"https:\\\/\\\/nld.mirex.gob.do\\\/consular\\\/amsterdam\\\/#\\\/schema\\\/logo\\\/image\\\/\",\"url\":\"https:\\\/\\\/nld.mirex.gob.do\\\/consular\\\/amsterdam\\\/wp-content\\\/uploads\\\/2024\\\/04\\\/cropped-consulado_la_haya_reinode_los_Paises_Bajos.jpg\",\"contentUrl\":\"https:\\\/\\\/nld.mirex.gob.do\\\/consular\\\/amsterdam\\\/wp-content\\\/uploads\\\/2024\\\/04\\\/cropped-consulado_la_haya_reinode_los_Paises_Bajos.jpg\",\"width\":999,\"height\":407,\"caption\":\"Consulado General de la Rep\u00fablica Dominicana en La Haya, Reino de los Pa\u00edses Bajos\"},\"image\":{\"@id\":\"https:\\\/\\\/nld.mirex.gob.do\\\/consular\\\/amsterdam\\\/#\\\/schema\\\/logo\\\/image\\\/\"}},{\"@type\":\"Person\",\"@id\":\"https:\\\/\\\/nld.mirex.gob.do\\\/consular\\\/amsterdam\\\/#\\\/schema\\\/person\\\/772a9951ade6a7e4ab978b618b619ff8\",\"name\":\"Michael Antonio Melo Andujar\",\"image\":{\"@type\":\"ImageObject\",\"inLanguage\":\"en-US\",\"@id\":\"https:\\\/\\\/secure.gravatar.com\\\/avatar\\\/f8862d24b6945a30d30c9727ef9dfcd533ee25a18a27afc92991446aeb0e652d?s=96&d=mm&r=g\",\"url\":\"https:\\\/\\\/secure.gravatar.com\\\/avatar\\\/f8862d24b6945a30d30c9727ef9dfcd533ee25a18a27afc92991446aeb0e652d?s=96&d=mm&r=g\",\"contentUrl\":\"https:\\\/\\\/secure.gravatar.com\\\/avatar\\\/f8862d24b6945a30d30c9727ef9dfcd533ee25a18a27afc92991446aeb0e652d?s=96&d=mm&r=g\",\"caption\":\"Michael Antonio Melo Andujar\"}}]}<\/script>\n<!-- \/ Yoast SEO plugin. -->","yoast_head_json":{"title":"Rep\u00fablica Dominicana firma un acuerdo pionero para limpieza del r\u00edo Ozama - Consulado General de la Rep\u00fablica Dominicana en La Haya, Reino de los Pa\u00edses Bajos","description":"El Ministerio de la Presidencia, el Programa de las Naciones Unidas para el Desarrollo (PNUD) y la organizaci\u00f3n holandesa The Ocean Cleanup (OCU) firmaron un acuerdo para la limpieza del r\u00edo Ozama. 26 de octubre de 2019.","robots":{"index":"index","follow":"follow","max-snippet":"max-snippet:-1","max-image-preview":"max-image-preview:large","max-video-preview":"max-video-preview:-1"},"canonical":"https:\/\/nld.mirex.gob.do\/consular\/amsterdam\/republica-dominicana-firma-un-acuerdo-pionero-para-limpieza-del-rio-ozama\/","og_locale":"en_US","og_type":"article","og_title":"Rep\u00fablica Dominicana firma un acuerdo pionero para limpieza del r\u00edo Ozama - Consulado General de la Rep\u00fablica Dominicana en La Haya, Reino de los Pa\u00edses Bajos","og_description":"El Ministerio de la Presidencia, el Programa de las Naciones Unidas para el Desarrollo (PNUD) y la organizaci\u00f3n holandesa The Ocean Cleanup (OCU) firmaron un acuerdo para la limpieza del r\u00edo Ozama. 26 de octubre de 2019.","og_url":"https:\/\/nld.mirex.gob.do\/consular\/amsterdam\/republica-dominicana-firma-un-acuerdo-pionero-para-limpieza-del-rio-ozama\/","og_site_name":"Consulado General de la Rep\u00fablica Dominicana en La Haya, Reino de los Pa\u00edses Bajos","article_published_time":"2019-10-30T19:25:59+00:00","author":"Michael Antonio Melo Andujar","twitter_card":"summary_large_image","twitter_misc":{"Written by":"Michael Antonio Melo Andujar","Est. reading time":"5 minutes"},"schema":{"@context":"https:\/\/schema.org","@graph":[{"@type":"Article","@id":"https:\/\/nld.mirex.gob.do\/consular\/amsterdam\/republica-dominicana-firma-un-acuerdo-pionero-para-limpieza-del-rio-ozama\/#article","isPartOf":{"@id":"https:\/\/nld.mirex.gob.do\/consular\/amsterdam\/republica-dominicana-firma-un-acuerdo-pionero-para-limpieza-del-rio-ozama\/"},"author":{"name":"Michael Antonio Melo Andujar","@id":"https:\/\/nld.mirex.gob.do\/consular\/amsterdam\/#\/schema\/person\/772a9951ade6a7e4ab978b618b619ff8"},"headline":"Rep\u00fablica Dominicana firma un acuerdo pionero para limpieza del r\u00edo Ozama","datePublished":"2019-10-30T19:25:59+00:00","mainEntityOfPage":{"@id":"https:\/\/nld.mirex.gob.do\/consular\/amsterdam\/republica-dominicana-firma-un-acuerdo-pionero-para-limpieza-del-rio-ozama\/"},"wordCount":1087,"publisher":{"@id":"https:\/\/nld.mirex.gob.do\/consular\/amsterdam\/#organization"},"image":{"@id":"https:\/\/nld.mirex.gob.do\/consular\/amsterdam\/republica-dominicana-firma-un-acuerdo-pionero-para-limpieza-del-rio-ozama\/#primaryimage"},"thumbnailUrl":"","keywords":["Naciones Unidas","Rio Ozama"],"articleSection":["Novedades","Novedades en portada"],"inLanguage":"en-US"},{"@type":"WebPage","@id":"https:\/\/nld.mirex.gob.do\/consular\/amsterdam\/republica-dominicana-firma-un-acuerdo-pionero-para-limpieza-del-rio-ozama\/","url":"https:\/\/nld.mirex.gob.do\/consular\/amsterdam\/republica-dominicana-firma-un-acuerdo-pionero-para-limpieza-del-rio-ozama\/","name":"Rep\u00fablica Dominicana firma un acuerdo pionero para limpieza del r\u00edo Ozama - Consulado General de la Rep\u00fablica Dominicana en La Haya, Reino de los Pa\u00edses Bajos","isPartOf":{"@id":"https:\/\/nld.mirex.gob.do\/consular\/amsterdam\/#website"},"primaryImageOfPage":{"@id":"https:\/\/nld.mirex.gob.do\/consular\/amsterdam\/republica-dominicana-firma-un-acuerdo-pionero-para-limpieza-del-rio-ozama\/#primaryimage"},"image":{"@id":"https:\/\/nld.mirex.gob.do\/consular\/amsterdam\/republica-dominicana-firma-un-acuerdo-pionero-para-limpieza-del-rio-ozama\/#primaryimage"},"thumbnailUrl":"","datePublished":"2019-10-30T19:25:59+00:00","description":"El Ministerio de la Presidencia, el Programa de las Naciones Unidas para el Desarrollo (PNUD) y la organizaci\u00f3n holandesa The Ocean Cleanup (OCU) firmaron un acuerdo para la limpieza del r\u00edo Ozama. 26 de octubre de 2019.","breadcrumb":{"@id":"https:\/\/nld.mirex.gob.do\/consular\/amsterdam\/republica-dominicana-firma-un-acuerdo-pionero-para-limpieza-del-rio-ozama\/#breadcrumb"},"inLanguage":"en-US","potentialAction":[{"@type":"ReadAction","target":["https:\/\/nld.mirex.gob.do\/consular\/amsterdam\/republica-dominicana-firma-un-acuerdo-pionero-para-limpieza-del-rio-ozama\/"]}]},{"@type":"ImageObject","inLanguage":"en-US","@id":"https:\/\/nld.mirex.gob.do\/consular\/amsterdam\/republica-dominicana-firma-un-acuerdo-pionero-para-limpieza-del-rio-ozama\/#primaryimage","url":"","contentUrl":""},{"@type":"BreadcrumbList","@id":"https:\/\/nld.mirex.gob.do\/consular\/amsterdam\/republica-dominicana-firma-un-acuerdo-pionero-para-limpieza-del-rio-ozama\/#breadcrumb","itemListElement":[{"@type":"ListItem","position":1,"name":"Inicio","item":"https:\/\/nld.mirex.gob.do\/consular\/amsterdam\/"},{"@type":"ListItem","position":2,"name":"Rep\u00fablica Dominicana firma un acuerdo pionero para limpieza del r\u00edo Ozama"}]},{"@type":"WebSite","@id":"https:\/\/nld.mirex.gob.do\/consular\/amsterdam\/#website","url":"https:\/\/nld.mirex.gob.do\/consular\/amsterdam\/","name":"Consulado General de la Rep\u00fablica Dominicana en La Haya, Reino de los Pa\u00edses Bajos","description":"","publisher":{"@id":"https:\/\/nld.mirex.gob.do\/consular\/amsterdam\/#organization"},"potentialAction":[{"@type":"SearchAction","target":{"@type":"EntryPoint","urlTemplate":"https:\/\/nld.mirex.gob.do\/consular\/amsterdam\/?s={search_term_string}"},"query-input":{"@type":"PropertyValueSpecification","valueRequired":true,"valueName":"search_term_string"}}],"inLanguage":"en-US"},{"@type":"Organization","@id":"https:\/\/nld.mirex.gob.do\/consular\/amsterdam\/#organization","name":"Consulado General de la Rep\u00fablica Dominicana en La Haya, Reino de los Pa\u00edses Bajos","url":"https:\/\/nld.mirex.gob.do\/consular\/amsterdam\/","logo":{"@type":"ImageObject","inLanguage":"en-US","@id":"https:\/\/nld.mirex.gob.do\/consular\/amsterdam\/#\/schema\/logo\/image\/","url":"https:\/\/nld.mirex.gob.do\/consular\/amsterdam\/wp-content\/uploads\/2024\/04\/cropped-consulado_la_haya_reinode_los_Paises_Bajos.jpg","contentUrl":"https:\/\/nld.mirex.gob.do\/consular\/amsterdam\/wp-content\/uploads\/2024\/04\/cropped-consulado_la_haya_reinode_los_Paises_Bajos.jpg","width":999,"height":407,"caption":"Consulado General de la Rep\u00fablica Dominicana en La Haya, Reino de los Pa\u00edses Bajos"},"image":{"@id":"https:\/\/nld.mirex.gob.do\/consular\/amsterdam\/#\/schema\/logo\/image\/"}},{"@type":"Person","@id":"https:\/\/nld.mirex.gob.do\/consular\/amsterdam\/#\/schema\/person\/772a9951ade6a7e4ab978b618b619ff8","name":"Michael Antonio Melo Andujar","image":{"@type":"ImageObject","inLanguage":"en-US","@id":"https:\/\/secure.gravatar.com\/avatar\/f8862d24b6945a30d30c9727ef9dfcd533ee25a18a27afc92991446aeb0e652d?s=96&d=mm&r=g","url":"https:\/\/secure.gravatar.com\/avatar\/f8862d24b6945a30d30c9727ef9dfcd533ee25a18a27afc92991446aeb0e652d?s=96&d=mm&r=g","contentUrl":"https:\/\/secure.gravatar.com\/avatar\/f8862d24b6945a30d30c9727ef9dfcd533ee25a18a27afc92991446aeb0e652d?s=96&d=mm&r=g","caption":"Michael Antonio Melo Andujar"}}]}},"_links":{"self":[{"href":"https:\/\/nld.mirex.gob.do\/consular\/amsterdam\/wp-json\/wp\/v2\/posts\/6352","targetHints":{"allow":["GET"]}}],"collection":[{"href":"https:\/\/nld.mirex.gob.do\/consular\/amsterdam\/wp-json\/wp\/v2\/posts"}],"about":[{"href":"https:\/\/nld.mirex.gob.do\/consular\/amsterdam\/wp-json\/wp\/v2\/types\/post"}],"author":[{"embeddable":true,"href":"https:\/\/nld.mirex.gob.do\/consular\/amsterdam\/wp-json\/wp\/v2\/users\/8"}],"replies":[{"embeddable":true,"href":"https:\/\/nld.mirex.gob.do\/consular\/amsterdam\/wp-json\/wp\/v2\/comments?post=6352"}],"version-history":[{"count":0,"href":"https:\/\/nld.mirex.gob.do\/consular\/amsterdam\/wp-json\/wp\/v2\/posts\/6352\/revisions"}],"wp:featuredmedia":[{"embeddable":true,"href":"https:\/\/nld.mirex.gob.do\/consular\/amsterdam\/wp-json\/"}],"wp:attachment":[{"href":"https:\/\/nld.mirex.gob.do\/consular\/amsterdam\/wp-json\/wp\/v2\/media?parent=6352"}],"wp:term":[{"taxonomy":"category","embeddable":true,"href":"https:\/\/nld.mirex.gob.do\/consular\/amsterdam\/wp-json\/wp\/v2\/categories?post=6352"},{"taxonomy":"post_tag","embeddable":true,"href":"https:\/\/nld.mirex.gob.do\/consular\/amsterdam\/wp-json\/wp\/v2\/tags?post=6352"}],"curies":[{"name":"wp","href":"https:\/\/api.w.org\/{rel}","templated":true}]}}