{"id":6350,"date":"2019-09-29T09:00:02","date_gmt":"2019-09-29T09:00:02","guid":{"rendered":"https:\/\/www.consuladordholanda.com\/?p=3936"},"modified":"2019-09-29T09:00:02","modified_gmt":"2019-09-29T09:00:02","slug":"ceird-centro-de-exportaciones-y-importaciones-de-la-republica-dominicana","status":"publish","type":"post","link":"https:\/\/nld.mirex.gob.do\/consular\/amsterdam\/ceird-centro-de-exportaciones-y-importaciones-de-la-republica-dominicana\/","title":{"rendered":"CEIRD: Centro de Exportaciones y Importaciones de la Rep\u00fablica Dominicana"},"content":{"rendered":"<div id=\"pl-3936\"  class=\"panel-layout\" >\n<div id=\"pg-3936-0\"  class=\"panel-grid panel-no-style\"  data-style=\"{&quot;background_image_attachment&quot;:false,&quot;background_display&quot;:&quot;tile&quot;,&quot;cell_alignment&quot;:&quot;flex-start&quot;}\"  data-ratio=\"1\"  data-ratio-direction=\"right\" >\n<div id=\"pgc-3936-0-0\"  class=\"panel-grid-cell\"  data-weight=\"0.57686729514141\" >\n<div id=\"panel-3936-0-0-0\" class=\"so-panel widget widget_sow-editor panel-first-child panel-last-child\" data-index=\"0\" data-style=\"{&quot;background_image_attachment&quot;:false,&quot;background_display&quot;:&quot;tile&quot;}\" >\n<div class=\"so-widget-sow-editor so-widget-sow-editor-base\">\n<div class=\"siteorigin-widget-tinymce textwidget\">\n<div class=\"col-md-6 wow fadeInUp animated\">\n<p>Somos el Centro para la promoci\u00f3n de las exportaciones e inversiones de la Rep\u00fablica Dominicana.<\/p>\n<p>Impulsamos nuestros productos y servicios por todo el mundo, a trav\u00e9s de la inserci\u00f3n competitiva de nuestro pa\u00eds en los mercados internacionales.<\/p>\n<p>Contamos con una gu\u00eda de servicios para el exportador dominicano, iniciando con las micros, peque\u00f1as y medianas empresas para guiarlas desde la fase de descubrimiento de su potencial exportador, hasta acompa\u00f1arlas mediante capacitaciones y asesor\u00edas hacia la internacionalizaci\u00f3n.<\/p>\n<p>Queremos que nuestros exportadores cuenten, adem\u00e1s, con servicios de facilitaci\u00f3n del comercio mediante la participaci\u00f3n en ferias y misiones comerciales alrededor del mundo, rondas de negocios con compradores internacionales y agendas de encadenamiento productivo.<\/p>\n<p>De cara al inversionista ofrecemos toda la informaci\u00f3n y asistencia sobre oportunidades de inversi\u00f3n en sectores estrat\u00e9gicos del pa\u00eds, as\u00ed como agendas de negocios, consultas t\u00e9cnicas y vinculaci\u00f3n empresarial e interinstitucional para la ejecuci\u00f3n de proyectos.<\/p>\n<p>A trav\u00e9s de alianzas de cooperaci\u00f3n interinstitucional, tenemos la oportunidad de aportar de manera conjunta en la generaci\u00f3n de capacidades que nos permita la organizaci\u00f3n eficaz de actividades que potencien los negocios.<\/p>\n<p>Creemos en un pa\u00eds con potencial exportador, donde con esfuerzos focalizados no tan solo podremos dar pasos certeros en beneficio del incremento de nuestros indicadores de exportaci\u00f3n e inversi\u00f3n, sino que con ello, apuntar a la diversificaci\u00f3n de nuestros mercados, y lo m\u00e1s importante para todos, mejorar el nivel de vida de nuestros ciudadanos.<\/p>\n<\/div>\n<\/div>\n<\/div>\n<\/div>\n<\/div>\n<div id=\"pgc-3936-0-1\"  class=\"panel-grid-cell\"  data-weight=\"0.42313270485859\" >\n<div id=\"panel-3936-0-1-0\" class=\"so-panel widget widget_sow-editor panel-first-child panel-last-child\" data-index=\"1\" data-style=\"{&quot;background_image_attachment&quot;:false,&quot;background_display&quot;:&quot;tile&quot;}\" >\n<div class=\"so-widget-sow-editor so-widget-sow-editor-base\">\n<div class=\"siteorigin-widget-tinymce textwidget\">\n<div class=\"col-md-6 wow fadeInUp animated\">\n<p><a href=\"https:\/\/www.consuladordholanda.com\/wp-content\/uploads\/2019\/08\/Biviana-Riveiro.jpg\"><img fetchpriority=\"high\" decoding=\"async\" class=\"size-full wp-image-4303 alignnone\" src=\"https:\/\/www.consuladordholanda.com\/wp-content\/uploads\/2019\/08\/Biviana-Riveiro.jpg\" alt=\"\" width=\"810\" height=\"550\"\/><\/a><\/p>\n<\/div>\n<h2>Biviana Riveiro<\/h2>\n<p>Directora Ejecutiva del Centro de Exportaci\u00f3n e Inversi\u00f3n de la Rep\u00fablica Dominicana<\/p>\n<p>&nbsp;<\/p>\n<p>&nbsp;<\/p>\n<p>&nbsp;<\/p>\n<p>&nbsp;<\/p>\n<\/div>\n<\/div>\n<\/div>\n<\/div>\n<\/div>\n<\/div>\n","protected":false},"excerpt":{"rendered":"<p>Somos el Centro para la promoci\u00f3n de las exportaciones e inversiones de la Rep\u00fablica Dominicana. Impulsamos nuestros productos y servicios por todo el mundo, a trav\u00e9s de la inserci\u00f3n competitiva de nuestro pa\u00eds en los mercados internacionales. Contamos con una gu\u00eda de servicios para el exportador dominicano, iniciando con las micros, peque\u00f1as y medianas empresas [&hellip;]<\/p>\n","protected":false},"author":8,"featured_media":4303,"comment_status":"closed","ping_status":"open","sticky":false,"template":"","format":"standard","meta":{"site-sidebar-layout":"default","site-content-layout":"","ast-site-content-layout":"default","site-content-style":"default","site-sidebar-style":"default","ast-global-header-display":"","ast-banner-title-visibility":"","ast-main-header-display":"","ast-hfb-above-header-display":"","ast-hfb-below-header-display":"","ast-hfb-mobile-header-display":"","site-post-title":"","ast-breadcrumbs-content":"","ast-featured-img":"","footer-sml-layout":"","ast-disable-related-posts":"","theme-transparent-header-meta":"","adv-header-id-meta":"","stick-header-meta":"","header-above-stick-meta":"","header-main-stick-meta":"","header-below-stick-meta":"","astra-migrate-meta-layouts":"default","ast-page-background-enabled":"default","ast-page-background-meta":{"desktop":{"background-color":"","background-image":"","background-repeat":"repeat","background-position":"center center","background-size":"auto","background-attachment":"scroll","background-type":"","background-media":"","overlay-type":"","overlay-color":"","overlay-opacity":"","overlay-gradient":""},"tablet":{"background-color":"","background-image":"","background-repeat":"repeat","background-position":"center center","background-size":"auto","background-attachment":"scroll","background-type":"","background-media":"","overlay-type":"","overlay-color":"","overlay-opacity":"","overlay-gradient":""},"mobile":{"background-color":"","background-image":"","background-repeat":"repeat","background-position":"center center","background-size":"auto","background-attachment":"scroll","background-type":"","background-media":"","overlay-type":"","overlay-color":"","overlay-opacity":"","overlay-gradient":""}},"ast-content-background-meta":{"desktop":{"background-color":"var(--ast-global-color-5)","background-image":"","background-repeat":"repeat","background-position":"center center","background-size":"auto","background-attachment":"scroll","background-type":"","background-media":"","overlay-type":"","overlay-color":"","overlay-opacity":"","overlay-gradient":""},"tablet":{"background-color":"var(--ast-global-color-5)","background-image":"","background-repeat":"repeat","background-position":"center center","background-size":"auto","background-attachment":"scroll","background-type":"","background-media":"","overlay-type":"","overlay-color":"","overlay-opacity":"","overlay-gradient":""},"mobile":{"background-color":"var(--ast-global-color-5)","background-image":"","background-repeat":"repeat","background-position":"center center","background-size":"auto","background-attachment":"scroll","background-type":"","background-media":"","overlay-type":"","overlay-color":"","overlay-opacity":"","overlay-gradient":""}},"footnotes":""},"categories":[51,96],"tags":[],"class_list":["post-6350","post","type-post","status-publish","format-standard","has-post-thumbnail","hentry","category-invertir","category-negocios"],"yoast_head":"<!-- This site is optimized with the Yoast SEO plugin v27.4 - https:\/\/yoast.com\/product\/yoast-seo-wordpress\/ -->\n<title>CEIRD: Centro de Exportaciones y Importaciones de la Rep\u00fablica Dominicana - Consulado General de la Rep\u00fablica Dominicana en La Haya, Reino de los Pa\u00edses Bajos<\/title>\n<meta name=\"robots\" content=\"index, follow, max-snippet:-1, max-image-preview:large, max-video-preview:-1\" \/>\n<link rel=\"canonical\" href=\"https:\/\/nld.mirex.gob.do\/consular\/amsterdam\/ceird-centro-de-exportaciones-y-importaciones-de-la-republica-dominicana\/\" \/>\n<meta property=\"og:locale\" content=\"en_US\" \/>\n<meta property=\"og:type\" content=\"article\" \/>\n<meta property=\"og:title\" content=\"CEIRD: Centro de Exportaciones y Importaciones de la Rep\u00fablica Dominicana - Consulado General de la Rep\u00fablica Dominicana en La Haya, Reino de los Pa\u00edses Bajos\" \/>\n<meta property=\"og:description\" content=\"Somos el Centro para la promoci\u00f3n de las exportaciones e inversiones de la Rep\u00fablica Dominicana. Impulsamos nuestros productos y servicios por todo el mundo, a trav\u00e9s de la inserci\u00f3n competitiva de nuestro pa\u00eds en los mercados internacionales. Contamos con una gu\u00eda de servicios para el exportador dominicano, iniciando con las micros, peque\u00f1as y medianas empresas [&hellip;]\" \/>\n<meta property=\"og:url\" content=\"https:\/\/nld.mirex.gob.do\/consular\/amsterdam\/ceird-centro-de-exportaciones-y-importaciones-de-la-republica-dominicana\/\" \/>\n<meta property=\"og:site_name\" content=\"Consulado General de la Rep\u00fablica Dominicana en La Haya, Reino de los Pa\u00edses Bajos\" \/>\n<meta property=\"article:published_time\" content=\"2019-09-29T09:00:02+00:00\" \/>\n<meta name=\"author\" content=\"Michael Antonio Melo Andujar\" \/>\n<meta name=\"twitter:card\" content=\"summary_large_image\" \/>\n<meta name=\"twitter:label1\" content=\"Written by\" \/>\n\t<meta name=\"twitter:data1\" content=\"Michael Antonio Melo Andujar\" \/>\n\t<meta name=\"twitter:label2\" content=\"Est. reading time\" \/>\n\t<meta name=\"twitter:data2\" content=\"1 minute\" \/>\n<script type=\"application\/ld+json\" class=\"yoast-schema-graph\">{\"@context\":\"https:\\\/\\\/schema.org\",\"@graph\":[{\"@type\":\"Article\",\"@id\":\"https:\\\/\\\/nld.mirex.gob.do\\\/consular\\\/amsterdam\\\/ceird-centro-de-exportaciones-y-importaciones-de-la-republica-dominicana\\\/#article\",\"isPartOf\":{\"@id\":\"https:\\\/\\\/nld.mirex.gob.do\\\/consular\\\/amsterdam\\\/ceird-centro-de-exportaciones-y-importaciones-de-la-republica-dominicana\\\/\"},\"author\":{\"name\":\"Michael Antonio Melo Andujar\",\"@id\":\"https:\\\/\\\/nld.mirex.gob.do\\\/consular\\\/amsterdam\\\/#\\\/schema\\\/person\\\/772a9951ade6a7e4ab978b618b619ff8\"},\"headline\":\"CEIRD: Centro de Exportaciones y Importaciones de la Rep\u00fablica Dominicana\",\"datePublished\":\"2019-09-29T09:00:02+00:00\",\"mainEntityOfPage\":{\"@id\":\"https:\\\/\\\/nld.mirex.gob.do\\\/consular\\\/amsterdam\\\/ceird-centro-de-exportaciones-y-importaciones-de-la-republica-dominicana\\\/\"},\"wordCount\":292,\"publisher\":{\"@id\":\"https:\\\/\\\/nld.mirex.gob.do\\\/consular\\\/amsterdam\\\/#organization\"},\"image\":{\"@id\":\"https:\\\/\\\/nld.mirex.gob.do\\\/consular\\\/amsterdam\\\/ceird-centro-de-exportaciones-y-importaciones-de-la-republica-dominicana\\\/#primaryimage\"},\"thumbnailUrl\":\"\",\"articleSection\":[\"Invertir en la Rep\u00fablica Dominicana\",\"Negocios\"],\"inLanguage\":\"en-US\"},{\"@type\":\"WebPage\",\"@id\":\"https:\\\/\\\/nld.mirex.gob.do\\\/consular\\\/amsterdam\\\/ceird-centro-de-exportaciones-y-importaciones-de-la-republica-dominicana\\\/\",\"url\":\"https:\\\/\\\/nld.mirex.gob.do\\\/consular\\\/amsterdam\\\/ceird-centro-de-exportaciones-y-importaciones-de-la-republica-dominicana\\\/\",\"name\":\"CEIRD: Centro de Exportaciones y Importaciones de la Rep\u00fablica Dominicana - Consulado General de la Rep\u00fablica Dominicana en La Haya, Reino de los Pa\u00edses Bajos\",\"isPartOf\":{\"@id\":\"https:\\\/\\\/nld.mirex.gob.do\\\/consular\\\/amsterdam\\\/#website\"},\"primaryImageOfPage\":{\"@id\":\"https:\\\/\\\/nld.mirex.gob.do\\\/consular\\\/amsterdam\\\/ceird-centro-de-exportaciones-y-importaciones-de-la-republica-dominicana\\\/#primaryimage\"},\"image\":{\"@id\":\"https:\\\/\\\/nld.mirex.gob.do\\\/consular\\\/amsterdam\\\/ceird-centro-de-exportaciones-y-importaciones-de-la-republica-dominicana\\\/#primaryimage\"},\"thumbnailUrl\":\"\",\"datePublished\":\"2019-09-29T09:00:02+00:00\",\"breadcrumb\":{\"@id\":\"https:\\\/\\\/nld.mirex.gob.do\\\/consular\\\/amsterdam\\\/ceird-centro-de-exportaciones-y-importaciones-de-la-republica-dominicana\\\/#breadcrumb\"},\"inLanguage\":\"en-US\",\"potentialAction\":[{\"@type\":\"ReadAction\",\"target\":[\"https:\\\/\\\/nld.mirex.gob.do\\\/consular\\\/amsterdam\\\/ceird-centro-de-exportaciones-y-importaciones-de-la-republica-dominicana\\\/\"]}]},{\"@type\":\"ImageObject\",\"inLanguage\":\"en-US\",\"@id\":\"https:\\\/\\\/nld.mirex.gob.do\\\/consular\\\/amsterdam\\\/ceird-centro-de-exportaciones-y-importaciones-de-la-republica-dominicana\\\/#primaryimage\",\"url\":\"\",\"contentUrl\":\"\"},{\"@type\":\"BreadcrumbList\",\"@id\":\"https:\\\/\\\/nld.mirex.gob.do\\\/consular\\\/amsterdam\\\/ceird-centro-de-exportaciones-y-importaciones-de-la-republica-dominicana\\\/#breadcrumb\",\"itemListElement\":[{\"@type\":\"ListItem\",\"position\":1,\"name\":\"Inicio\",\"item\":\"https:\\\/\\\/nld.mirex.gob.do\\\/consular\\\/amsterdam\\\/\"},{\"@type\":\"ListItem\",\"position\":2,\"name\":\"CEIRD: Centro de Exportaciones y Importaciones de la Rep\u00fablica Dominicana\"}]},{\"@type\":\"WebSite\",\"@id\":\"https:\\\/\\\/nld.mirex.gob.do\\\/consular\\\/amsterdam\\\/#website\",\"url\":\"https:\\\/\\\/nld.mirex.gob.do\\\/consular\\\/amsterdam\\\/\",\"name\":\"Consulado General de la Rep\u00fablica Dominicana en La Haya, Reino de los Pa\u00edses Bajos\",\"description\":\"\",\"publisher\":{\"@id\":\"https:\\\/\\\/nld.mirex.gob.do\\\/consular\\\/amsterdam\\\/#organization\"},\"potentialAction\":[{\"@type\":\"SearchAction\",\"target\":{\"@type\":\"EntryPoint\",\"urlTemplate\":\"https:\\\/\\\/nld.mirex.gob.do\\\/consular\\\/amsterdam\\\/?s={search_term_string}\"},\"query-input\":{\"@type\":\"PropertyValueSpecification\",\"valueRequired\":true,\"valueName\":\"search_term_string\"}}],\"inLanguage\":\"en-US\"},{\"@type\":\"Organization\",\"@id\":\"https:\\\/\\\/nld.mirex.gob.do\\\/consular\\\/amsterdam\\\/#organization\",\"name\":\"Consulado General de la Rep\u00fablica Dominicana en La Haya, Reino de los Pa\u00edses Bajos\",\"url\":\"https:\\\/\\\/nld.mirex.gob.do\\\/consular\\\/amsterdam\\\/\",\"logo\":{\"@type\":\"ImageObject\",\"inLanguage\":\"en-US\",\"@id\":\"https:\\\/\\\/nld.mirex.gob.do\\\/consular\\\/amsterdam\\\/#\\\/schema\\\/logo\\\/image\\\/\",\"url\":\"https:\\\/\\\/nld.mirex.gob.do\\\/consular\\\/amsterdam\\\/wp-content\\\/uploads\\\/2024\\\/04\\\/cropped-consulado_la_haya_reinode_los_Paises_Bajos.jpg\",\"contentUrl\":\"https:\\\/\\\/nld.mirex.gob.do\\\/consular\\\/amsterdam\\\/wp-content\\\/uploads\\\/2024\\\/04\\\/cropped-consulado_la_haya_reinode_los_Paises_Bajos.jpg\",\"width\":999,\"height\":407,\"caption\":\"Consulado General de la Rep\u00fablica Dominicana en La Haya, Reino de los Pa\u00edses Bajos\"},\"image\":{\"@id\":\"https:\\\/\\\/nld.mirex.gob.do\\\/consular\\\/amsterdam\\\/#\\\/schema\\\/logo\\\/image\\\/\"}},{\"@type\":\"Person\",\"@id\":\"https:\\\/\\\/nld.mirex.gob.do\\\/consular\\\/amsterdam\\\/#\\\/schema\\\/person\\\/772a9951ade6a7e4ab978b618b619ff8\",\"name\":\"Michael Antonio Melo Andujar\",\"image\":{\"@type\":\"ImageObject\",\"inLanguage\":\"en-US\",\"@id\":\"https:\\\/\\\/secure.gravatar.com\\\/avatar\\\/f8862d24b6945a30d30c9727ef9dfcd533ee25a18a27afc92991446aeb0e652d?s=96&d=mm&r=g\",\"url\":\"https:\\\/\\\/secure.gravatar.com\\\/avatar\\\/f8862d24b6945a30d30c9727ef9dfcd533ee25a18a27afc92991446aeb0e652d?s=96&d=mm&r=g\",\"contentUrl\":\"https:\\\/\\\/secure.gravatar.com\\\/avatar\\\/f8862d24b6945a30d30c9727ef9dfcd533ee25a18a27afc92991446aeb0e652d?s=96&d=mm&r=g\",\"caption\":\"Michael Antonio Melo Andujar\"}}]}<\/script>\n<!-- \/ Yoast SEO plugin. -->","yoast_head_json":{"title":"CEIRD: Centro de Exportaciones y Importaciones de la Rep\u00fablica Dominicana - Consulado General de la Rep\u00fablica Dominicana en La Haya, Reino de los Pa\u00edses Bajos","robots":{"index":"index","follow":"follow","max-snippet":"max-snippet:-1","max-image-preview":"max-image-preview:large","max-video-preview":"max-video-preview:-1"},"canonical":"https:\/\/nld.mirex.gob.do\/consular\/amsterdam\/ceird-centro-de-exportaciones-y-importaciones-de-la-republica-dominicana\/","og_locale":"en_US","og_type":"article","og_title":"CEIRD: Centro de Exportaciones y Importaciones de la Rep\u00fablica Dominicana - Consulado General de la Rep\u00fablica Dominicana en La Haya, Reino de los Pa\u00edses Bajos","og_description":"Somos el Centro para la promoci\u00f3n de las exportaciones e inversiones de la Rep\u00fablica Dominicana. Impulsamos nuestros productos y servicios por todo el mundo, a trav\u00e9s de la inserci\u00f3n competitiva de nuestro pa\u00eds en los mercados internacionales. Contamos con una gu\u00eda de servicios para el exportador dominicano, iniciando con las micros, peque\u00f1as y medianas empresas [&hellip;]","og_url":"https:\/\/nld.mirex.gob.do\/consular\/amsterdam\/ceird-centro-de-exportaciones-y-importaciones-de-la-republica-dominicana\/","og_site_name":"Consulado General de la Rep\u00fablica Dominicana en La Haya, Reino de los Pa\u00edses Bajos","article_published_time":"2019-09-29T09:00:02+00:00","author":"Michael Antonio Melo Andujar","twitter_card":"summary_large_image","twitter_misc":{"Written by":"Michael Antonio Melo Andujar","Est. reading time":"1 minute"},"schema":{"@context":"https:\/\/schema.org","@graph":[{"@type":"Article","@id":"https:\/\/nld.mirex.gob.do\/consular\/amsterdam\/ceird-centro-de-exportaciones-y-importaciones-de-la-republica-dominicana\/#article","isPartOf":{"@id":"https:\/\/nld.mirex.gob.do\/consular\/amsterdam\/ceird-centro-de-exportaciones-y-importaciones-de-la-republica-dominicana\/"},"author":{"name":"Michael Antonio Melo Andujar","@id":"https:\/\/nld.mirex.gob.do\/consular\/amsterdam\/#\/schema\/person\/772a9951ade6a7e4ab978b618b619ff8"},"headline":"CEIRD: Centro de Exportaciones y Importaciones de la Rep\u00fablica Dominicana","datePublished":"2019-09-29T09:00:02+00:00","mainEntityOfPage":{"@id":"https:\/\/nld.mirex.gob.do\/consular\/amsterdam\/ceird-centro-de-exportaciones-y-importaciones-de-la-republica-dominicana\/"},"wordCount":292,"publisher":{"@id":"https:\/\/nld.mirex.gob.do\/consular\/amsterdam\/#organization"},"image":{"@id":"https:\/\/nld.mirex.gob.do\/consular\/amsterdam\/ceird-centro-de-exportaciones-y-importaciones-de-la-republica-dominicana\/#primaryimage"},"thumbnailUrl":"","articleSection":["Invertir en la Rep\u00fablica Dominicana","Negocios"],"inLanguage":"en-US"},{"@type":"WebPage","@id":"https:\/\/nld.mirex.gob.do\/consular\/amsterdam\/ceird-centro-de-exportaciones-y-importaciones-de-la-republica-dominicana\/","url":"https:\/\/nld.mirex.gob.do\/consular\/amsterdam\/ceird-centro-de-exportaciones-y-importaciones-de-la-republica-dominicana\/","name":"CEIRD: Centro de Exportaciones y Importaciones de la Rep\u00fablica Dominicana - Consulado General de la Rep\u00fablica Dominicana en La Haya, Reino de los Pa\u00edses Bajos","isPartOf":{"@id":"https:\/\/nld.mirex.gob.do\/consular\/amsterdam\/#website"},"primaryImageOfPage":{"@id":"https:\/\/nld.mirex.gob.do\/consular\/amsterdam\/ceird-centro-de-exportaciones-y-importaciones-de-la-republica-dominicana\/#primaryimage"},"image":{"@id":"https:\/\/nld.mirex.gob.do\/consular\/amsterdam\/ceird-centro-de-exportaciones-y-importaciones-de-la-republica-dominicana\/#primaryimage"},"thumbnailUrl":"","datePublished":"2019-09-29T09:00:02+00:00","breadcrumb":{"@id":"https:\/\/nld.mirex.gob.do\/consular\/amsterdam\/ceird-centro-de-exportaciones-y-importaciones-de-la-republica-dominicana\/#breadcrumb"},"inLanguage":"en-US","potentialAction":[{"@type":"ReadAction","target":["https:\/\/nld.mirex.gob.do\/consular\/amsterdam\/ceird-centro-de-exportaciones-y-importaciones-de-la-republica-dominicana\/"]}]},{"@type":"ImageObject","inLanguage":"en-US","@id":"https:\/\/nld.mirex.gob.do\/consular\/amsterdam\/ceird-centro-de-exportaciones-y-importaciones-de-la-republica-dominicana\/#primaryimage","url":"","contentUrl":""},{"@type":"BreadcrumbList","@id":"https:\/\/nld.mirex.gob.do\/consular\/amsterdam\/ceird-centro-de-exportaciones-y-importaciones-de-la-republica-dominicana\/#breadcrumb","itemListElement":[{"@type":"ListItem","position":1,"name":"Inicio","item":"https:\/\/nld.mirex.gob.do\/consular\/amsterdam\/"},{"@type":"ListItem","position":2,"name":"CEIRD: Centro de Exportaciones y Importaciones de la Rep\u00fablica Dominicana"}]},{"@type":"WebSite","@id":"https:\/\/nld.mirex.gob.do\/consular\/amsterdam\/#website","url":"https:\/\/nld.mirex.gob.do\/consular\/amsterdam\/","name":"Consulado General de la Rep\u00fablica Dominicana en La Haya, Reino de los Pa\u00edses Bajos","description":"","publisher":{"@id":"https:\/\/nld.mirex.gob.do\/consular\/amsterdam\/#organization"},"potentialAction":[{"@type":"SearchAction","target":{"@type":"EntryPoint","urlTemplate":"https:\/\/nld.mirex.gob.do\/consular\/amsterdam\/?s={search_term_string}"},"query-input":{"@type":"PropertyValueSpecification","valueRequired":true,"valueName":"search_term_string"}}],"inLanguage":"en-US"},{"@type":"Organization","@id":"https:\/\/nld.mirex.gob.do\/consular\/amsterdam\/#organization","name":"Consulado General de la Rep\u00fablica Dominicana en La Haya, Reino de los Pa\u00edses Bajos","url":"https:\/\/nld.mirex.gob.do\/consular\/amsterdam\/","logo":{"@type":"ImageObject","inLanguage":"en-US","@id":"https:\/\/nld.mirex.gob.do\/consular\/amsterdam\/#\/schema\/logo\/image\/","url":"https:\/\/nld.mirex.gob.do\/consular\/amsterdam\/wp-content\/uploads\/2024\/04\/cropped-consulado_la_haya_reinode_los_Paises_Bajos.jpg","contentUrl":"https:\/\/nld.mirex.gob.do\/consular\/amsterdam\/wp-content\/uploads\/2024\/04\/cropped-consulado_la_haya_reinode_los_Paises_Bajos.jpg","width":999,"height":407,"caption":"Consulado General de la Rep\u00fablica Dominicana en La Haya, Reino de los Pa\u00edses Bajos"},"image":{"@id":"https:\/\/nld.mirex.gob.do\/consular\/amsterdam\/#\/schema\/logo\/image\/"}},{"@type":"Person","@id":"https:\/\/nld.mirex.gob.do\/consular\/amsterdam\/#\/schema\/person\/772a9951ade6a7e4ab978b618b619ff8","name":"Michael Antonio Melo Andujar","image":{"@type":"ImageObject","inLanguage":"en-US","@id":"https:\/\/secure.gravatar.com\/avatar\/f8862d24b6945a30d30c9727ef9dfcd533ee25a18a27afc92991446aeb0e652d?s=96&d=mm&r=g","url":"https:\/\/secure.gravatar.com\/avatar\/f8862d24b6945a30d30c9727ef9dfcd533ee25a18a27afc92991446aeb0e652d?s=96&d=mm&r=g","contentUrl":"https:\/\/secure.gravatar.com\/avatar\/f8862d24b6945a30d30c9727ef9dfcd533ee25a18a27afc92991446aeb0e652d?s=96&d=mm&r=g","caption":"Michael Antonio Melo Andujar"}}]}},"_links":{"self":[{"href":"https:\/\/nld.mirex.gob.do\/consular\/amsterdam\/wp-json\/wp\/v2\/posts\/6350","targetHints":{"allow":["GET"]}}],"collection":[{"href":"https:\/\/nld.mirex.gob.do\/consular\/amsterdam\/wp-json\/wp\/v2\/posts"}],"about":[{"href":"https:\/\/nld.mirex.gob.do\/consular\/amsterdam\/wp-json\/wp\/v2\/types\/post"}],"author":[{"embeddable":true,"href":"https:\/\/nld.mirex.gob.do\/consular\/amsterdam\/wp-json\/wp\/v2\/users\/8"}],"replies":[{"embeddable":true,"href":"https:\/\/nld.mirex.gob.do\/consular\/amsterdam\/wp-json\/wp\/v2\/comments?post=6350"}],"version-history":[{"count":0,"href":"https:\/\/nld.mirex.gob.do\/consular\/amsterdam\/wp-json\/wp\/v2\/posts\/6350\/revisions"}],"wp:featuredmedia":[{"embeddable":true,"href":"https:\/\/nld.mirex.gob.do\/consular\/amsterdam\/wp-json\/"}],"wp:attachment":[{"href":"https:\/\/nld.mirex.gob.do\/consular\/amsterdam\/wp-json\/wp\/v2\/media?parent=6350"}],"wp:term":[{"taxonomy":"category","embeddable":true,"href":"https:\/\/nld.mirex.gob.do\/consular\/amsterdam\/wp-json\/wp\/v2\/categories?post=6350"},{"taxonomy":"post_tag","embeddable":true,"href":"https:\/\/nld.mirex.gob.do\/consular\/amsterdam\/wp-json\/wp\/v2\/tags?post=6350"}],"curies":[{"name":"wp","href":"https:\/\/api.w.org\/{rel}","templated":true}]}}