{"id":6343,"date":"2019-01-31T17:47:30","date_gmt":"2019-01-31T17:47:30","guid":{"rendered":"https:\/\/www.consuladordholanda.com\/?p=3623"},"modified":"2019-01-31T17:47:30","modified_gmt":"2019-01-31T17:47:30","slug":"feria-agroalimentaria-2019","status":"publish","type":"post","link":"https:\/\/nld.mirex.gob.do\/consular\/amsterdam\/feria-agroalimentaria-2019\/","title":{"rendered":"Feria Agroalimentaria 2019"},"content":{"rendered":"<div id=\"pl-3623\"  class=\"panel-layout\" >\n<div id=\"pg-3623-0\"  class=\"panel-grid panel-no-style\" >\n<div id=\"pgc-3623-0-0\"  class=\"panel-grid-cell\"  data-weight=\"1\" >\n<div id=\"panel-3623-0-0-0\" class=\"so-panel widget widget_sow-editor panel-first-child\" data-index=\"0\" data-style=\"{&quot;background_image_attachment&quot;:false,&quot;background_display&quot;:&quot;tile&quot;}\" >\n<div class=\"so-widget-sow-editor so-widget-sow-editor-base\">\n<div class=\"siteorigin-widget-tinymce textwidget\">\n<p><a href=\"https:\/\/www.consuladordholanda.com\/wp-content\/uploads\/2019\/01\/BROCHURE-AGROALIMENTARIA-2019.pdf\" target=\"_blank\" rel=\"noopener\"><img fetchpriority=\"high\" decoding=\"async\" class=\"alignnone wp-image-3624 size-full\" src=\"https:\/\/www.consuladordholanda.com\/wp-content\/uploads\/2019\/01\/Feriaagroalimentaria-2019.jpg\" alt=\"\" width=\"801\" height=\"897\"\/><\/a><\/p>\n<p><strong>Vuelve la plataforma de negocios m\u00e1s importante en el \u00e1rea de Alimentos, Tabacos y Bebidas de Rep\u00fablica Dominicana y la Regi\u00f3n del Caribe: AGROALIMENTARIA 2019<\/strong><\/p>\n<p>La Rep\u00fablica Dominicana se viste de colorido y diversidad, para mostrar al mundo lo m\u00e1s selecto de la industria de productos agr\u00edcolas frescos y procesados, las m\u00e1s ex\u00f3ticas bebidas y el mundialmente reconocido tabaco dominicano.<\/p>\n<p>&nbsp;<a href=\"https:\/\/www.consuladordholanda.com\/wp-content\/uploads\/2019\/01\/BROCHURE-AGROALIMENTARIA-2019.pdf\" target=\"_blank\" rel=\"noopener\"><img decoding=\"async\" class=\"alignnone wp-image-3626 size-full\" src=\"https:\/\/www.consuladordholanda.com\/wp-content\/uploads\/2019\/01\/Descargue-el-folleto-Agroalimentaria-2019.jpg\" alt=\"\" width=\"1000\" height=\"446\"\/><\/a><\/p>\n<p><strong>La cita es del 8 al 11 de Mayo, 2019, Centro de Convenciones &#8211; Hotel Dominican Fiesta, Santo Domingo, Rep\u00fablica Dominicana.<\/strong><\/p>\n<\/div>\n<\/div>\n<\/div>\n<div id=\"panel-3623-0-0-1\" class=\"so-panel widget widget_headline-widget panel-last-child\" data-index=\"1\" data-style=\"{&quot;background&quot;:&quot;#9ad66f&quot;,&quot;background_image_attachment&quot;:false,&quot;background_display&quot;:&quot;tile&quot;,&quot;font_color&quot;:&quot;#ffffff&quot;}\" >\n<div class=\"panel-widget-style panel-widget-style-for-3623-0-0-1\" >[siteorigin_widget class=&#8221;Vantage_Headline_Widget&#8221;]<input type=\"hidden\" value=\"{&quot;instance&quot;:{&quot;headline&quot;:&quot;Reserva la fecha y participa en este gran evento, &quot;,&quot;sub_headline&quot;:&quot;y al mismo tiempo prep\\u00e1rate a disfrutar de la ciudad m\\u00e1s brillante del Nuevo Mundo: Santo Domingo.&quot;,&quot;so_sidebar_emulator_id&quot;:&quot;headline-widget-362310001&quot;,&quot;option_name&quot;:&quot;widget_headline-widget&quot;},&quot;args&quot;:{&quot;before_widget&quot;:&quot;&lt;div id=\\&quot;panel-3623-0-0-1\\&quot; class=\\&quot;so-panel widget widget_headline-widget panel-last-child\\&quot; data-index=\\&quot;1\\&quot; data-style=\\&quot;{&amp;quot;background&amp;quot;:&amp;quot;#9ad66f&amp;quot;,&amp;quot;background_image_attachment&amp;quot;:false,&amp;quot;background_display&amp;quot;:&amp;quot;tile&amp;quot;,&amp;quot;font_color&amp;quot;:&amp;quot;#ffffff&amp;quot;}\\&quot; &gt;&lt;div class=\\&quot;panel-widget-style panel-widget-style-for-3623-0-0-1\\&quot; &gt;&quot;,&quot;after_widget&quot;:&quot;&lt;\\\/div&gt;&lt;\\\/div&gt;&quot;,&quot;before_title&quot;:&quot;&lt;h3 class=\\&quot;widget-title\\&quot;&gt;&quot;,&quot;after_title&quot;:&quot;&lt;\\\/h3&gt;&quot;,&quot;widget_id&quot;:&quot;widget-0-0-1&quot;}}\" \/>[\/siteorigin_widget]<\/div>\n<\/div>\n<\/div>\n<\/div>\n<div id=\"pg-3623-1\"  class=\"panel-grid panel-no-style\"  data-style=\"{&quot;background_image_attachment&quot;:false,&quot;background_display&quot;:&quot;tile&quot;,&quot;cell_alignment&quot;:&quot;flex-start&quot;}\"  data-ratio=\"1\"  data-ratio-direction=\"right\" >\n<div id=\"pgc-3623-1-0\"  class=\"panel-grid-cell\"  data-weight=\"0.333333333333\" >\n<div id=\"panel-3623-1-0-0\" class=\"so-panel widget widget_sow-editor panel-first-child panel-last-child\" data-index=\"2\" data-style=\"{&quot;background_image_attachment&quot;:false,&quot;background_display&quot;:&quot;tile&quot;}\" >\n<div class=\"so-widget-sow-editor so-widget-sow-editor-base\">\n<div class=\"siteorigin-widget-tinymce textwidget\">\n<p><a href=\"https:\/\/www.consuladordholanda.com\/wp-content\/uploads\/2019\/01\/Agro19-kit-de-venta-Eng.pdf\" target=\"_blank\" rel=\"noopener\"><img decoding=\"async\" class=\"alignnone wp-image-3633 size-full\" src=\"https:\/\/www.consuladordholanda.com\/wp-content\/uploads\/2019\/01\/Agroalimentaria-2019-Hoja-informativa.jpg\" alt=\"\" width=\"449\" height=\"500\"\/><\/a><\/p>\n<\/div>\n<\/div>\n<\/div>\n<\/div>\n<div id=\"pgc-3623-1-1\"  class=\"panel-grid-cell\"  data-weight=\"0.333333333333\" >\n<div id=\"panel-3623-1-1-0\" class=\"so-panel widget widget_sow-editor panel-first-child panel-last-child\" data-index=\"3\" data-style=\"{&quot;background_image_attachment&quot;:false,&quot;background_display&quot;:&quot;tile&quot;}\" >\n<div class=\"so-widget-sow-editor so-widget-sow-editor-base\">\n<div class=\"siteorigin-widget-tinymce textwidget\">\n<p><a href=\"https:\/\/www.consuladordholanda.com\/wp-content\/uploads\/2019\/01\/Agro19-kit-de-venta-Eng.pdf\" target=\"_blank\" rel=\"noopener\"><img loading=\"lazy\" decoding=\"async\" class=\"alignnone wp-image-3641 size-full\" src=\"https:\/\/www.consuladordholanda.com\/wp-content\/uploads\/2019\/01\/Agroalimentaria-2019-Information-sheet.jpg\" alt=\"\" width=\"449\" height=\"500\"\/><\/a><\/p>\n<\/div>\n<\/div>\n<\/div>\n<\/div>\n<div id=\"pgc-3623-1-2\"  class=\"panel-grid-cell\"  data-weight=\"0.333333333333\" >\n<div id=\"panel-3623-1-2-0\" class=\"so-panel widget widget_sow-editor panel-first-child panel-last-child\" data-index=\"4\" data-style=\"{&quot;background_image_attachment&quot;:false,&quot;background_display&quot;:&quot;tile&quot;}\" >\n<div class=\"so-widget-sow-editor so-widget-sow-editor-base\">\n<div class=\"siteorigin-widget-tinymce textwidget\">\n<p><a href=\"https:\/\/www.consuladordholanda.com\/wp-content\/uploads\/2019\/01\/Agro18-kit-de-venta-Fre.pdf\" target=\"_blank\" rel=\"noopener\"><img loading=\"lazy\" decoding=\"async\" class=\"alignnone wp-image-3644 size-full\" src=\"https:\/\/www.consuladordholanda.com\/wp-content\/uploads\/2019\/01\/Agroalimentaria-2019-Bulletin-d-information.jpg\" alt=\"\" width=\"449\" height=\"500\"\/><\/a><\/p>\n<\/div>\n<\/div>\n<\/div>\n<\/div>\n<\/div>\n<div id=\"pg-3623-2\"  class=\"panel-grid panel-no-style\"  data-style=\"{&quot;background_image_attachment&quot;:false,&quot;background_display&quot;:&quot;tile&quot;,&quot;cell_alignment&quot;:&quot;flex-start&quot;}\"  data-ratio=\"1\"  data-ratio-direction=\"right\" >\n<div id=\"pgc-3623-2-0\"  class=\"panel-grid-cell\"  data-weight=\"0.654177849381\" >\n<div id=\"panel-3623-2-0-0\" class=\"so-panel widget widget_sow-editor panel-first-child panel-last-child\" data-index=\"5\" data-style=\"{&quot;background_image_attachment&quot;:false,&quot;background_display&quot;:&quot;tile&quot;}\" >\n<div class=\"so-widget-sow-editor so-widget-sow-editor-base\">\n<div class=\"siteorigin-widget-tinymce textwidget\">\n<p>&nbsp;<\/p>\n<p><img loading=\"lazy\" decoding=\"async\" class=\"alignnone size-full wp-image-3668\" src=\"https:\/\/www.consuladordholanda.com\/wp-content\/uploads\/2019\/01\/Agroalimentaria-en-cifras.jpg\" alt=\"\" width=\"923\" height=\"847\"\/><\/p>\n<\/div>\n<\/div>\n<\/div>\n<\/div>\n<div id=\"pgc-3623-2-1\"  class=\"panel-grid-cell panel-grid-cell-empty\"  data-weight=\"0.0329045899589\" ><\/div>\n<div id=\"pgc-3623-2-2\"  class=\"panel-grid-cell\"  data-weight=\"0.31291756066\" >\n<div id=\"panel-3623-2-2-0\" class=\"so-panel widget widget_sow-editor panel-first-child\" data-index=\"6\" data-style=\"{&quot;background_image_attachment&quot;:false,&quot;background_display&quot;:&quot;tile&quot;}\" >\n<div class=\"so-widget-sow-editor so-widget-sow-editor-base\">\n<div class=\"siteorigin-widget-tinymce textwidget\">\n<p style=\"text-align: left;\">&nbsp;<a href=\"https:\/\/www.consuladordholanda.com\/wp-content\/uploads\/2019\/01\/Buyers-Registration-Form-2017-1.pdf\" target=\"_blank\" rel=\"noopener\"><img loading=\"lazy\" decoding=\"async\" class=\"alignleft wp-image-3649 size-full\" src=\"https:\/\/www.consuladordholanda.com\/wp-content\/uploads\/2019\/01\/Agroalimentaria-2019-Registration-form.jpg\" alt=\"\" width=\"572\" height=\"587\"\/><\/a><\/p>\n<\/div>\n<\/div>\n<\/div>\n<div id=\"panel-3623-2-2-1\" class=\"so-panel widget widget_sow-editor panel-last-child\" data-index=\"7\" data-style=\"{&quot;background_image_attachment&quot;:false,&quot;background_display&quot;:&quot;tile&quot;}\" >\n<div class=\"so-widget-sow-editor so-widget-sow-editor-base\">\n<div class=\"siteorigin-widget-tinymce textwidget\">\n<p style=\"text-align: left;\"><a href=\"https:\/\/www.consuladordholanda.com\/wp-content\/uploads\/2019\/01\/Formulario-Agroalmentaria19-Frances-1.pdf\" target=\"_blank\" rel=\"noopener\"><img loading=\"lazy\" decoding=\"async\" class=\"alignleft wp-image-3647 size-full\" src=\"https:\/\/www.consuladordholanda.com\/wp-content\/uploads\/2019\/01\/Agroalimentaria-2019-Inscription-acheteurs.jpg\" alt=\"\" width=\"572\" height=\"587\"\/><\/a><\/p>\n<\/div>\n<\/div>\n<\/div>\n<\/div>\n<\/div>\n<\/div>\n","protected":false},"excerpt":{"rendered":"<p>Vuelve la plataforma de negocios m\u00e1s importante en el \u00e1rea de Alimentos, Tabacos y Bebidas de Rep\u00fablica Dominicana y la Regi\u00f3n del Caribe: AGROALIMENTARIA 2019 La Rep\u00fablica Dominicana se viste de colorido y diversidad, para mostrar al mundo lo m\u00e1s selecto de la industria de productos agr\u00edcolas frescos y procesados, las m\u00e1s ex\u00f3ticas bebidas y [&hellip;]<\/p>\n","protected":false},"author":8,"featured_media":3629,"comment_status":"closed","ping_status":"open","sticky":false,"template":"","format":"standard","meta":{"site-sidebar-layout":"default","site-content-layout":"","ast-site-content-layout":"default","site-content-style":"default","site-sidebar-style":"default","ast-global-header-display":"","ast-banner-title-visibility":"","ast-main-header-display":"","ast-hfb-above-header-display":"","ast-hfb-below-header-display":"","ast-hfb-mobile-header-display":"","site-post-title":"","ast-breadcrumbs-content":"","ast-featured-img":"","footer-sml-layout":"","ast-disable-related-posts":"","theme-transparent-header-meta":"","adv-header-id-meta":"","stick-header-meta":"","header-above-stick-meta":"","header-main-stick-meta":"","header-below-stick-meta":"","astra-migrate-meta-layouts":"default","ast-page-background-enabled":"default","ast-page-background-meta":{"desktop":{"background-color":"","background-image":"","background-repeat":"repeat","background-position":"center center","background-size":"auto","background-attachment":"scroll","background-type":"","background-media":"","overlay-type":"","overlay-color":"","overlay-opacity":"","overlay-gradient":""},"tablet":{"background-color":"","background-image":"","background-repeat":"repeat","background-position":"center center","background-size":"auto","background-attachment":"scroll","background-type":"","background-media":"","overlay-type":"","overlay-color":"","overlay-opacity":"","overlay-gradient":""},"mobile":{"background-color":"","background-image":"","background-repeat":"repeat","background-position":"center center","background-size":"auto","background-attachment":"scroll","background-type":"","background-media":"","overlay-type":"","overlay-color":"","overlay-opacity":"","overlay-gradient":""}},"ast-content-background-meta":{"desktop":{"background-color":"var(--ast-global-color-5)","background-image":"","background-repeat":"repeat","background-position":"center center","background-size":"auto","background-attachment":"scroll","background-type":"","background-media":"","overlay-type":"","overlay-color":"","overlay-opacity":"","overlay-gradient":""},"tablet":{"background-color":"var(--ast-global-color-5)","background-image":"","background-repeat":"repeat","background-position":"center center","background-size":"auto","background-attachment":"scroll","background-type":"","background-media":"","overlay-type":"","overlay-color":"","overlay-opacity":"","overlay-gradient":""},"mobile":{"background-color":"var(--ast-global-color-5)","background-image":"","background-repeat":"repeat","background-position":"center center","background-size":"auto","background-attachment":"scroll","background-type":"","background-media":"","overlay-type":"","overlay-color":"","overlay-opacity":"","overlay-gradient":""}},"footnotes":""},"categories":[101,51,332,96],"tags":[398,52],"class_list":["post-6343","post","type-post","status-publish","format-standard","has-post-thumbnail","hentry","category-actividades","category-invertir","category-invertir-portada","category-negocios","tag-agroalimentaria-2019","tag-negocios"],"yoast_head":"<!-- This site is optimized with the Yoast SEO plugin v27.4 - https:\/\/yoast.com\/product\/yoast-seo-wordpress\/ -->\n<title>Feria Agroalimentaria 2019 - Consulado General de la Rep\u00fablica Dominicana en La Haya, Reino de los Pa\u00edses Bajos<\/title>\n<meta name=\"robots\" content=\"index, follow, max-snippet:-1, max-image-preview:large, max-video-preview:-1\" \/>\n<link rel=\"canonical\" href=\"https:\/\/nld.mirex.gob.do\/consular\/amsterdam\/feria-agroalimentaria-2019\/\" \/>\n<meta property=\"og:locale\" content=\"en_US\" \/>\n<meta property=\"og:type\" content=\"article\" \/>\n<meta property=\"og:title\" content=\"Feria Agroalimentaria 2019 - Consulado General de la Rep\u00fablica Dominicana en La Haya, Reino de los Pa\u00edses Bajos\" \/>\n<meta property=\"og:description\" content=\"Vuelve la plataforma de negocios m\u00e1s importante en el \u00e1rea de Alimentos, Tabacos y Bebidas de Rep\u00fablica Dominicana y la Regi\u00f3n del Caribe: AGROALIMENTARIA 2019 La Rep\u00fablica Dominicana se viste de colorido y diversidad, para mostrar al mundo lo m\u00e1s selecto de la industria de productos agr\u00edcolas frescos y procesados, las m\u00e1s ex\u00f3ticas bebidas y [&hellip;]\" \/>\n<meta property=\"og:url\" content=\"https:\/\/nld.mirex.gob.do\/consular\/amsterdam\/feria-agroalimentaria-2019\/\" \/>\n<meta property=\"og:site_name\" content=\"Consulado General de la Rep\u00fablica Dominicana en La Haya, Reino de los Pa\u00edses Bajos\" \/>\n<meta property=\"article:published_time\" content=\"2019-01-31T17:47:30+00:00\" \/>\n<meta name=\"author\" content=\"Michael Antonio Melo Andujar\" \/>\n<meta name=\"twitter:card\" content=\"summary_large_image\" \/>\n<meta name=\"twitter:label1\" content=\"Written by\" \/>\n\t<meta name=\"twitter:data1\" content=\"Michael Antonio Melo Andujar\" \/>\n<script type=\"application\/ld+json\" class=\"yoast-schema-graph\">{\"@context\":\"https:\\\/\\\/schema.org\",\"@graph\":[{\"@type\":\"Article\",\"@id\":\"https:\\\/\\\/nld.mirex.gob.do\\\/consular\\\/amsterdam\\\/feria-agroalimentaria-2019\\\/#article\",\"isPartOf\":{\"@id\":\"https:\\\/\\\/nld.mirex.gob.do\\\/consular\\\/amsterdam\\\/feria-agroalimentaria-2019\\\/\"},\"author\":{\"name\":\"Michael Antonio Melo Andujar\",\"@id\":\"https:\\\/\\\/nld.mirex.gob.do\\\/consular\\\/amsterdam\\\/#\\\/schema\\\/person\\\/772a9951ade6a7e4ab978b618b619ff8\"},\"headline\":\"Feria Agroalimentaria 2019\",\"datePublished\":\"2019-01-31T17:47:30+00:00\",\"mainEntityOfPage\":{\"@id\":\"https:\\\/\\\/nld.mirex.gob.do\\\/consular\\\/amsterdam\\\/feria-agroalimentaria-2019\\\/\"},\"wordCount\":99,\"publisher\":{\"@id\":\"https:\\\/\\\/nld.mirex.gob.do\\\/consular\\\/amsterdam\\\/#organization\"},\"image\":{\"@id\":\"https:\\\/\\\/nld.mirex.gob.do\\\/consular\\\/amsterdam\\\/feria-agroalimentaria-2019\\\/#primaryimage\"},\"thumbnailUrl\":\"\",\"keywords\":[\"Agroalimentaria 2019\",\"Negocios\"],\"articleSection\":[\"Actividades\",\"Invertir en la Rep\u00fablica Dominicana\",\"Invertir-Portada\",\"Negocios\"],\"inLanguage\":\"en-US\"},{\"@type\":\"WebPage\",\"@id\":\"https:\\\/\\\/nld.mirex.gob.do\\\/consular\\\/amsterdam\\\/feria-agroalimentaria-2019\\\/\",\"url\":\"https:\\\/\\\/nld.mirex.gob.do\\\/consular\\\/amsterdam\\\/feria-agroalimentaria-2019\\\/\",\"name\":\"Feria Agroalimentaria 2019 - Consulado General de la Rep\u00fablica Dominicana en La Haya, Reino de los Pa\u00edses Bajos\",\"isPartOf\":{\"@id\":\"https:\\\/\\\/nld.mirex.gob.do\\\/consular\\\/amsterdam\\\/#website\"},\"primaryImageOfPage\":{\"@id\":\"https:\\\/\\\/nld.mirex.gob.do\\\/consular\\\/amsterdam\\\/feria-agroalimentaria-2019\\\/#primaryimage\"},\"image\":{\"@id\":\"https:\\\/\\\/nld.mirex.gob.do\\\/consular\\\/amsterdam\\\/feria-agroalimentaria-2019\\\/#primaryimage\"},\"thumbnailUrl\":\"\",\"datePublished\":\"2019-01-31T17:47:30+00:00\",\"breadcrumb\":{\"@id\":\"https:\\\/\\\/nld.mirex.gob.do\\\/consular\\\/amsterdam\\\/feria-agroalimentaria-2019\\\/#breadcrumb\"},\"inLanguage\":\"en-US\",\"potentialAction\":[{\"@type\":\"ReadAction\",\"target\":[\"https:\\\/\\\/nld.mirex.gob.do\\\/consular\\\/amsterdam\\\/feria-agroalimentaria-2019\\\/\"]}]},{\"@type\":\"ImageObject\",\"inLanguage\":\"en-US\",\"@id\":\"https:\\\/\\\/nld.mirex.gob.do\\\/consular\\\/amsterdam\\\/feria-agroalimentaria-2019\\\/#primaryimage\",\"url\":\"\",\"contentUrl\":\"\"},{\"@type\":\"BreadcrumbList\",\"@id\":\"https:\\\/\\\/nld.mirex.gob.do\\\/consular\\\/amsterdam\\\/feria-agroalimentaria-2019\\\/#breadcrumb\",\"itemListElement\":[{\"@type\":\"ListItem\",\"position\":1,\"name\":\"Inicio\",\"item\":\"https:\\\/\\\/nld.mirex.gob.do\\\/consular\\\/amsterdam\\\/\"},{\"@type\":\"ListItem\",\"position\":2,\"name\":\"Feria Agroalimentaria 2019\"}]},{\"@type\":\"WebSite\",\"@id\":\"https:\\\/\\\/nld.mirex.gob.do\\\/consular\\\/amsterdam\\\/#website\",\"url\":\"https:\\\/\\\/nld.mirex.gob.do\\\/consular\\\/amsterdam\\\/\",\"name\":\"Consulado General de la Rep\u00fablica Dominicana en La Haya, Reino de los Pa\u00edses Bajos\",\"description\":\"\",\"publisher\":{\"@id\":\"https:\\\/\\\/nld.mirex.gob.do\\\/consular\\\/amsterdam\\\/#organization\"},\"potentialAction\":[{\"@type\":\"SearchAction\",\"target\":{\"@type\":\"EntryPoint\",\"urlTemplate\":\"https:\\\/\\\/nld.mirex.gob.do\\\/consular\\\/amsterdam\\\/?s={search_term_string}\"},\"query-input\":{\"@type\":\"PropertyValueSpecification\",\"valueRequired\":true,\"valueName\":\"search_term_string\"}}],\"inLanguage\":\"en-US\"},{\"@type\":\"Organization\",\"@id\":\"https:\\\/\\\/nld.mirex.gob.do\\\/consular\\\/amsterdam\\\/#organization\",\"name\":\"Consulado General de la Rep\u00fablica Dominicana en La Haya, Reino de los Pa\u00edses Bajos\",\"url\":\"https:\\\/\\\/nld.mirex.gob.do\\\/consular\\\/amsterdam\\\/\",\"logo\":{\"@type\":\"ImageObject\",\"inLanguage\":\"en-US\",\"@id\":\"https:\\\/\\\/nld.mirex.gob.do\\\/consular\\\/amsterdam\\\/#\\\/schema\\\/logo\\\/image\\\/\",\"url\":\"https:\\\/\\\/nld.mirex.gob.do\\\/consular\\\/amsterdam\\\/wp-content\\\/uploads\\\/2024\\\/04\\\/cropped-consulado_la_haya_reinode_los_Paises_Bajos.jpg\",\"contentUrl\":\"https:\\\/\\\/nld.mirex.gob.do\\\/consular\\\/amsterdam\\\/wp-content\\\/uploads\\\/2024\\\/04\\\/cropped-consulado_la_haya_reinode_los_Paises_Bajos.jpg\",\"width\":999,\"height\":407,\"caption\":\"Consulado General de la Rep\u00fablica Dominicana en La Haya, Reino de los Pa\u00edses Bajos\"},\"image\":{\"@id\":\"https:\\\/\\\/nld.mirex.gob.do\\\/consular\\\/amsterdam\\\/#\\\/schema\\\/logo\\\/image\\\/\"}},{\"@type\":\"Person\",\"@id\":\"https:\\\/\\\/nld.mirex.gob.do\\\/consular\\\/amsterdam\\\/#\\\/schema\\\/person\\\/772a9951ade6a7e4ab978b618b619ff8\",\"name\":\"Michael Antonio Melo Andujar\",\"image\":{\"@type\":\"ImageObject\",\"inLanguage\":\"en-US\",\"@id\":\"https:\\\/\\\/secure.gravatar.com\\\/avatar\\\/f8862d24b6945a30d30c9727ef9dfcd533ee25a18a27afc92991446aeb0e652d?s=96&d=mm&r=g\",\"url\":\"https:\\\/\\\/secure.gravatar.com\\\/avatar\\\/f8862d24b6945a30d30c9727ef9dfcd533ee25a18a27afc92991446aeb0e652d?s=96&d=mm&r=g\",\"contentUrl\":\"https:\\\/\\\/secure.gravatar.com\\\/avatar\\\/f8862d24b6945a30d30c9727ef9dfcd533ee25a18a27afc92991446aeb0e652d?s=96&d=mm&r=g\",\"caption\":\"Michael Antonio Melo Andujar\"}}]}<\/script>\n<!-- \/ Yoast SEO plugin. -->","yoast_head_json":{"title":"Feria Agroalimentaria 2019 - Consulado General de la Rep\u00fablica Dominicana en La Haya, Reino de los Pa\u00edses Bajos","robots":{"index":"index","follow":"follow","max-snippet":"max-snippet:-1","max-image-preview":"max-image-preview:large","max-video-preview":"max-video-preview:-1"},"canonical":"https:\/\/nld.mirex.gob.do\/consular\/amsterdam\/feria-agroalimentaria-2019\/","og_locale":"en_US","og_type":"article","og_title":"Feria Agroalimentaria 2019 - Consulado General de la Rep\u00fablica Dominicana en La Haya, Reino de los Pa\u00edses Bajos","og_description":"Vuelve la plataforma de negocios m\u00e1s importante en el \u00e1rea de Alimentos, Tabacos y Bebidas de Rep\u00fablica Dominicana y la Regi\u00f3n del Caribe: AGROALIMENTARIA 2019 La Rep\u00fablica Dominicana se viste de colorido y diversidad, para mostrar al mundo lo m\u00e1s selecto de la industria de productos agr\u00edcolas frescos y procesados, las m\u00e1s ex\u00f3ticas bebidas y [&hellip;]","og_url":"https:\/\/nld.mirex.gob.do\/consular\/amsterdam\/feria-agroalimentaria-2019\/","og_site_name":"Consulado General de la Rep\u00fablica Dominicana en La Haya, Reino de los Pa\u00edses Bajos","article_published_time":"2019-01-31T17:47:30+00:00","author":"Michael Antonio Melo Andujar","twitter_card":"summary_large_image","twitter_misc":{"Written by":"Michael Antonio Melo Andujar"},"schema":{"@context":"https:\/\/schema.org","@graph":[{"@type":"Article","@id":"https:\/\/nld.mirex.gob.do\/consular\/amsterdam\/feria-agroalimentaria-2019\/#article","isPartOf":{"@id":"https:\/\/nld.mirex.gob.do\/consular\/amsterdam\/feria-agroalimentaria-2019\/"},"author":{"name":"Michael Antonio Melo Andujar","@id":"https:\/\/nld.mirex.gob.do\/consular\/amsterdam\/#\/schema\/person\/772a9951ade6a7e4ab978b618b619ff8"},"headline":"Feria Agroalimentaria 2019","datePublished":"2019-01-31T17:47:30+00:00","mainEntityOfPage":{"@id":"https:\/\/nld.mirex.gob.do\/consular\/amsterdam\/feria-agroalimentaria-2019\/"},"wordCount":99,"publisher":{"@id":"https:\/\/nld.mirex.gob.do\/consular\/amsterdam\/#organization"},"image":{"@id":"https:\/\/nld.mirex.gob.do\/consular\/amsterdam\/feria-agroalimentaria-2019\/#primaryimage"},"thumbnailUrl":"","keywords":["Agroalimentaria 2019","Negocios"],"articleSection":["Actividades","Invertir en la Rep\u00fablica Dominicana","Invertir-Portada","Negocios"],"inLanguage":"en-US"},{"@type":"WebPage","@id":"https:\/\/nld.mirex.gob.do\/consular\/amsterdam\/feria-agroalimentaria-2019\/","url":"https:\/\/nld.mirex.gob.do\/consular\/amsterdam\/feria-agroalimentaria-2019\/","name":"Feria Agroalimentaria 2019 - Consulado General de la Rep\u00fablica Dominicana en La Haya, Reino de los Pa\u00edses Bajos","isPartOf":{"@id":"https:\/\/nld.mirex.gob.do\/consular\/amsterdam\/#website"},"primaryImageOfPage":{"@id":"https:\/\/nld.mirex.gob.do\/consular\/amsterdam\/feria-agroalimentaria-2019\/#primaryimage"},"image":{"@id":"https:\/\/nld.mirex.gob.do\/consular\/amsterdam\/feria-agroalimentaria-2019\/#primaryimage"},"thumbnailUrl":"","datePublished":"2019-01-31T17:47:30+00:00","breadcrumb":{"@id":"https:\/\/nld.mirex.gob.do\/consular\/amsterdam\/feria-agroalimentaria-2019\/#breadcrumb"},"inLanguage":"en-US","potentialAction":[{"@type":"ReadAction","target":["https:\/\/nld.mirex.gob.do\/consular\/amsterdam\/feria-agroalimentaria-2019\/"]}]},{"@type":"ImageObject","inLanguage":"en-US","@id":"https:\/\/nld.mirex.gob.do\/consular\/amsterdam\/feria-agroalimentaria-2019\/#primaryimage","url":"","contentUrl":""},{"@type":"BreadcrumbList","@id":"https:\/\/nld.mirex.gob.do\/consular\/amsterdam\/feria-agroalimentaria-2019\/#breadcrumb","itemListElement":[{"@type":"ListItem","position":1,"name":"Inicio","item":"https:\/\/nld.mirex.gob.do\/consular\/amsterdam\/"},{"@type":"ListItem","position":2,"name":"Feria Agroalimentaria 2019"}]},{"@type":"WebSite","@id":"https:\/\/nld.mirex.gob.do\/consular\/amsterdam\/#website","url":"https:\/\/nld.mirex.gob.do\/consular\/amsterdam\/","name":"Consulado General de la Rep\u00fablica Dominicana en La Haya, Reino de los Pa\u00edses Bajos","description":"","publisher":{"@id":"https:\/\/nld.mirex.gob.do\/consular\/amsterdam\/#organization"},"potentialAction":[{"@type":"SearchAction","target":{"@type":"EntryPoint","urlTemplate":"https:\/\/nld.mirex.gob.do\/consular\/amsterdam\/?s={search_term_string}"},"query-input":{"@type":"PropertyValueSpecification","valueRequired":true,"valueName":"search_term_string"}}],"inLanguage":"en-US"},{"@type":"Organization","@id":"https:\/\/nld.mirex.gob.do\/consular\/amsterdam\/#organization","name":"Consulado General de la Rep\u00fablica Dominicana en La Haya, Reino de los Pa\u00edses Bajos","url":"https:\/\/nld.mirex.gob.do\/consular\/amsterdam\/","logo":{"@type":"ImageObject","inLanguage":"en-US","@id":"https:\/\/nld.mirex.gob.do\/consular\/amsterdam\/#\/schema\/logo\/image\/","url":"https:\/\/nld.mirex.gob.do\/consular\/amsterdam\/wp-content\/uploads\/2024\/04\/cropped-consulado_la_haya_reinode_los_Paises_Bajos.jpg","contentUrl":"https:\/\/nld.mirex.gob.do\/consular\/amsterdam\/wp-content\/uploads\/2024\/04\/cropped-consulado_la_haya_reinode_los_Paises_Bajos.jpg","width":999,"height":407,"caption":"Consulado General de la Rep\u00fablica Dominicana en La Haya, Reino de los Pa\u00edses Bajos"},"image":{"@id":"https:\/\/nld.mirex.gob.do\/consular\/amsterdam\/#\/schema\/logo\/image\/"}},{"@type":"Person","@id":"https:\/\/nld.mirex.gob.do\/consular\/amsterdam\/#\/schema\/person\/772a9951ade6a7e4ab978b618b619ff8","name":"Michael Antonio Melo Andujar","image":{"@type":"ImageObject","inLanguage":"en-US","@id":"https:\/\/secure.gravatar.com\/avatar\/f8862d24b6945a30d30c9727ef9dfcd533ee25a18a27afc92991446aeb0e652d?s=96&d=mm&r=g","url":"https:\/\/secure.gravatar.com\/avatar\/f8862d24b6945a30d30c9727ef9dfcd533ee25a18a27afc92991446aeb0e652d?s=96&d=mm&r=g","contentUrl":"https:\/\/secure.gravatar.com\/avatar\/f8862d24b6945a30d30c9727ef9dfcd533ee25a18a27afc92991446aeb0e652d?s=96&d=mm&r=g","caption":"Michael Antonio Melo Andujar"}}]}},"_links":{"self":[{"href":"https:\/\/nld.mirex.gob.do\/consular\/amsterdam\/wp-json\/wp\/v2\/posts\/6343","targetHints":{"allow":["GET"]}}],"collection":[{"href":"https:\/\/nld.mirex.gob.do\/consular\/amsterdam\/wp-json\/wp\/v2\/posts"}],"about":[{"href":"https:\/\/nld.mirex.gob.do\/consular\/amsterdam\/wp-json\/wp\/v2\/types\/post"}],"author":[{"embeddable":true,"href":"https:\/\/nld.mirex.gob.do\/consular\/amsterdam\/wp-json\/wp\/v2\/users\/8"}],"replies":[{"embeddable":true,"href":"https:\/\/nld.mirex.gob.do\/consular\/amsterdam\/wp-json\/wp\/v2\/comments?post=6343"}],"version-history":[{"count":0,"href":"https:\/\/nld.mirex.gob.do\/consular\/amsterdam\/wp-json\/wp\/v2\/posts\/6343\/revisions"}],"wp:featuredmedia":[{"embeddable":true,"href":"https:\/\/nld.mirex.gob.do\/consular\/amsterdam\/wp-json\/"}],"wp:attachment":[{"href":"https:\/\/nld.mirex.gob.do\/consular\/amsterdam\/wp-json\/wp\/v2\/media?parent=6343"}],"wp:term":[{"taxonomy":"category","embeddable":true,"href":"https:\/\/nld.mirex.gob.do\/consular\/amsterdam\/wp-json\/wp\/v2\/categories?post=6343"},{"taxonomy":"post_tag","embeddable":true,"href":"https:\/\/nld.mirex.gob.do\/consular\/amsterdam\/wp-json\/wp\/v2\/tags?post=6343"}],"curies":[{"name":"wp","href":"https:\/\/api.w.org\/{rel}","templated":true}]}}