{"id":6334,"date":"2018-06-25T18:59:52","date_gmt":"2018-06-25T18:59:52","guid":{"rendered":"https:\/\/www.consuladordholanda.com\/?p=3131"},"modified":"2018-06-25T18:59:52","modified_gmt":"2018-06-25T18:59:52","slug":"mirex-y-cei-rd-foro-de-inversion-y-exportacion-sica-2018","status":"publish","type":"post","link":"https:\/\/nld.mirex.gob.do\/consular\/amsterdam\/mirex-y-cei-rd-foro-de-inversion-y-exportacion-sica-2018\/","title":{"rendered":"Mirex y CEI-RD anuncian celebraci\u00f3n de Foro de Inversi\u00f3n y Exportaci\u00f3n SICA 2018"},"content":{"rendered":"<p>El foro tendr\u00e1 lugar en el Centro de Convenciones de la Canciller\u00eda, los d\u00edas 28 y 29 de junio, como parte de las actividades asociadas a LI Cumbre Ordinaria de Jefes de Estado y de Gobierno del SICA<\/p>\n<p><img fetchpriority=\"high\" decoding=\"async\" class=\"alignleft size-full wp-image-3132\" src=\"https:\/\/www.consuladordholanda.com\/wp-content\/uploads\/2018\/06\/Cumbre-Ordinaria-de-Jefes-de-Estado-y-de-Gobierno-del-SICA.jpeg\" alt=\"\" width=\"1280\" height=\"807\"><\/p>\n<p>&nbsp;<\/p>\n<p>SANTO DOMINGO, Rep\u00fablica Dominicana. \u2013 El Ministerio de Relaciones Exteriores (MIREX) y el Centro de Exportaci\u00f3n e Inversi\u00f3n de Rep\u00fablica Dominicana (CEI-RD), anunciaron la celebraci\u00f3n del Foro de Exportaci\u00f3n e Inversi\u00f3n SICA 2018, con el prop\u00f3sito de promover la oferta exportable y las oportunidades de inversi\u00f3n p\u00fablico y privada e incrementar la competitividad de los pa\u00edses del Sistema de la Integraci\u00f3n Centroamericana (SICA).<\/p>\n<p>El foro tendr\u00e1 lugar en el Centro de Convenciones de la Canciller\u00eda, los d\u00edas 28 y 29 de junio, como parte de las actividades asociadas a LI Cumbre Ordinaria de Jefes de Estado y de Gobierno del SICA.<\/p>\n<p>El viceministro de Asuntos Econ\u00f3micos y Cooperaci\u00f3n Internacional, Hugo Rivera, y el director del CEI-RD se\u00f1or Marius de Le\u00f3n, explicaron que empresarios e inversionistas de la regi\u00f3n SICA (Rep\u00fablica Dominicana, Belice, Guatemala, El Salvador, Honduras, Nicaragua, Costa Rica y Panam\u00e1), dispondr\u00e1n de stands-pa\u00eds para mostrar su oferta exportable, exposici\u00f3n que estar\u00e1 disponible durante los d\u00edas que transcurra el evento.<\/p>\n<p>En el marco de esta actividad se estar\u00e1n llevando a cabo conferencias, exposiciones, presentaciones y charlas sobre el clima de negocios, as\u00ed como respecto a oportunidades de inversi\u00f3n p\u00fablica y privada en los pa\u00edses de la regi\u00f3n.<\/p>\n<p>En este foro estar\u00e1n presentes los ministros de Relaciones Exteriores, directores de agencias de promoci\u00f3n de las exportaciones e inversiones, C\u00e1maras de Comercio, empresarios e inversionistas de los Estados miembros del Sica, as\u00ed como invitados especiales de m\u00e1s de 20 pa\u00edses.<\/p>\n<p>El evento contar\u00e1 tambi\u00e9n con la participaci\u00f3n de reconocidos expertos internacionales en materia econ\u00f3mica y comercial, como Alicia B\u00e1rcena secretaria ejecutiva de la Comisi\u00f3n Econ\u00f3mica para Am\u00e9rica Latina y el Caribe (CEPAL); y Nick Rischbieth,, presidente ejecutivo del Banco Centroamericano de la Integraci\u00f3n Econ\u00f3mica (BCIE).<\/p>\n","protected":false},"excerpt":{"rendered":"<p>El foro tendr\u00e1 lugar en el Centro de Convenciones de la Canciller\u00eda, los d\u00edas 28 y 29 de junio, como parte de las actividades asociadas a LI Cumbre Ordinaria de Jefes de Estado y de Gobierno del SICA &nbsp; SANTO DOMINGO, Rep\u00fablica Dominicana. \u2013 El Ministerio de Relaciones Exteriores (MIREX) y el Centro de Exportaci\u00f3n [&hellip;]<\/p>\n","protected":false},"author":8,"featured_media":3132,"comment_status":"closed","ping_status":"open","sticky":false,"template":"","format":"standard","meta":{"site-sidebar-layout":"default","site-content-layout":"","ast-site-content-layout":"default","site-content-style":"default","site-sidebar-style":"default","ast-global-header-display":"","ast-banner-title-visibility":"","ast-main-header-display":"","ast-hfb-above-header-display":"","ast-hfb-below-header-display":"","ast-hfb-mobile-header-display":"","site-post-title":"","ast-breadcrumbs-content":"","ast-featured-img":"","footer-sml-layout":"","ast-disable-related-posts":"","theme-transparent-header-meta":"","adv-header-id-meta":"","stick-header-meta":"","header-above-stick-meta":"","header-main-stick-meta":"","header-below-stick-meta":"","astra-migrate-meta-layouts":"default","ast-page-background-enabled":"default","ast-page-background-meta":{"desktop":{"background-color":"","background-image":"","background-repeat":"repeat","background-position":"center center","background-size":"auto","background-attachment":"scroll","background-type":"","background-media":"","overlay-type":"","overlay-color":"","overlay-opacity":"","overlay-gradient":""},"tablet":{"background-color":"","background-image":"","background-repeat":"repeat","background-position":"center center","background-size":"auto","background-attachment":"scroll","background-type":"","background-media":"","overlay-type":"","overlay-color":"","overlay-opacity":"","overlay-gradient":""},"mobile":{"background-color":"","background-image":"","background-repeat":"repeat","background-position":"center center","background-size":"auto","background-attachment":"scroll","background-type":"","background-media":"","overlay-type":"","overlay-color":"","overlay-opacity":"","overlay-gradient":""}},"ast-content-background-meta":{"desktop":{"background-color":"var(--ast-global-color-5)","background-image":"","background-repeat":"repeat","background-position":"center center","background-size":"auto","background-attachment":"scroll","background-type":"","background-media":"","overlay-type":"","overlay-color":"","overlay-opacity":"","overlay-gradient":""},"tablet":{"background-color":"var(--ast-global-color-5)","background-image":"","background-repeat":"repeat","background-position":"center center","background-size":"auto","background-attachment":"scroll","background-type":"","background-media":"","overlay-type":"","overlay-color":"","overlay-opacity":"","overlay-gradient":""},"mobile":{"background-color":"var(--ast-global-color-5)","background-image":"","background-repeat":"repeat","background-position":"center center","background-size":"auto","background-attachment":"scroll","background-type":"","background-media":"","overlay-type":"","overlay-color":"","overlay-opacity":"","overlay-gradient":""}},"footnotes":""},"categories":[66],"tags":[],"class_list":["post-6334","post","type-post","status-publish","format-standard","has-post-thumbnail","hentry","category-novedades"],"yoast_head":"<!-- This site is optimized with the Yoast SEO plugin v27.4 - https:\/\/yoast.com\/product\/yoast-seo-wordpress\/ -->\n<title>Mirex y CEI-RD anuncian celebraci\u00f3n de Foro de Inversi\u00f3n y Exportaci\u00f3n SICA 2018 - Consulado General de la Rep\u00fablica Dominicana en La Haya, Reino de los Pa\u00edses Bajos<\/title>\n<meta name=\"robots\" content=\"index, follow, max-snippet:-1, max-image-preview:large, max-video-preview:-1\" \/>\n<link rel=\"canonical\" href=\"https:\/\/nld.mirex.gob.do\/consular\/amsterdam\/mirex-y-cei-rd-foro-de-inversion-y-exportacion-sica-2018\/\" \/>\n<meta property=\"og:locale\" content=\"en_US\" \/>\n<meta property=\"og:type\" content=\"article\" \/>\n<meta property=\"og:title\" content=\"Mirex y CEI-RD anuncian celebraci\u00f3n de Foro de Inversi\u00f3n y Exportaci\u00f3n SICA 2018 - Consulado General de la Rep\u00fablica Dominicana en La Haya, Reino de los Pa\u00edses Bajos\" \/>\n<meta property=\"og:description\" content=\"El foro tendr\u00e1 lugar en el Centro de Convenciones de la Canciller\u00eda, los d\u00edas 28 y 29 de junio, como parte de las actividades asociadas a LI Cumbre Ordinaria de Jefes de Estado y de Gobierno del SICA &nbsp; SANTO DOMINGO, Rep\u00fablica Dominicana. \u2013 El Ministerio de Relaciones Exteriores (MIREX) y el Centro de Exportaci\u00f3n [&hellip;]\" \/>\n<meta property=\"og:url\" content=\"https:\/\/nld.mirex.gob.do\/consular\/amsterdam\/mirex-y-cei-rd-foro-de-inversion-y-exportacion-sica-2018\/\" \/>\n<meta property=\"og:site_name\" content=\"Consulado General de la Rep\u00fablica Dominicana en La Haya, Reino de los Pa\u00edses Bajos\" \/>\n<meta property=\"article:published_time\" content=\"2018-06-25T18:59:52+00:00\" \/>\n<meta name=\"author\" content=\"Michael Antonio Melo Andujar\" \/>\n<meta name=\"twitter:card\" content=\"summary_large_image\" \/>\n<meta name=\"twitter:label1\" content=\"Written by\" \/>\n\t<meta name=\"twitter:data1\" content=\"Michael Antonio Melo Andujar\" \/>\n\t<meta name=\"twitter:label2\" content=\"Est. reading time\" \/>\n\t<meta name=\"twitter:data2\" content=\"2 minutes\" \/>\n<script type=\"application\/ld+json\" class=\"yoast-schema-graph\">{\"@context\":\"https:\\\/\\\/schema.org\",\"@graph\":[{\"@type\":\"Article\",\"@id\":\"https:\\\/\\\/nld.mirex.gob.do\\\/consular\\\/amsterdam\\\/mirex-y-cei-rd-foro-de-inversion-y-exportacion-sica-2018\\\/#article\",\"isPartOf\":{\"@id\":\"https:\\\/\\\/nld.mirex.gob.do\\\/consular\\\/amsterdam\\\/mirex-y-cei-rd-foro-de-inversion-y-exportacion-sica-2018\\\/\"},\"author\":{\"name\":\"Michael Antonio Melo Andujar\",\"@id\":\"https:\\\/\\\/nld.mirex.gob.do\\\/consular\\\/amsterdam\\\/#\\\/schema\\\/person\\\/772a9951ade6a7e4ab978b618b619ff8\"},\"headline\":\"Mirex y CEI-RD anuncian celebraci\u00f3n de Foro de Inversi\u00f3n y Exportaci\u00f3n SICA 2018\",\"datePublished\":\"2018-06-25T18:59:52+00:00\",\"mainEntityOfPage\":{\"@id\":\"https:\\\/\\\/nld.mirex.gob.do\\\/consular\\\/amsterdam\\\/mirex-y-cei-rd-foro-de-inversion-y-exportacion-sica-2018\\\/\"},\"wordCount\":375,\"publisher\":{\"@id\":\"https:\\\/\\\/nld.mirex.gob.do\\\/consular\\\/amsterdam\\\/#organization\"},\"image\":{\"@id\":\"https:\\\/\\\/nld.mirex.gob.do\\\/consular\\\/amsterdam\\\/mirex-y-cei-rd-foro-de-inversion-y-exportacion-sica-2018\\\/#primaryimage\"},\"thumbnailUrl\":\"\",\"articleSection\":[\"Novedades\"],\"inLanguage\":\"en-US\"},{\"@type\":\"WebPage\",\"@id\":\"https:\\\/\\\/nld.mirex.gob.do\\\/consular\\\/amsterdam\\\/mirex-y-cei-rd-foro-de-inversion-y-exportacion-sica-2018\\\/\",\"url\":\"https:\\\/\\\/nld.mirex.gob.do\\\/consular\\\/amsterdam\\\/mirex-y-cei-rd-foro-de-inversion-y-exportacion-sica-2018\\\/\",\"name\":\"Mirex y CEI-RD anuncian celebraci\u00f3n de Foro de Inversi\u00f3n y Exportaci\u00f3n SICA 2018 - Consulado General de la Rep\u00fablica Dominicana en La Haya, Reino de los Pa\u00edses Bajos\",\"isPartOf\":{\"@id\":\"https:\\\/\\\/nld.mirex.gob.do\\\/consular\\\/amsterdam\\\/#website\"},\"primaryImageOfPage\":{\"@id\":\"https:\\\/\\\/nld.mirex.gob.do\\\/consular\\\/amsterdam\\\/mirex-y-cei-rd-foro-de-inversion-y-exportacion-sica-2018\\\/#primaryimage\"},\"image\":{\"@id\":\"https:\\\/\\\/nld.mirex.gob.do\\\/consular\\\/amsterdam\\\/mirex-y-cei-rd-foro-de-inversion-y-exportacion-sica-2018\\\/#primaryimage\"},\"thumbnailUrl\":\"\",\"datePublished\":\"2018-06-25T18:59:52+00:00\",\"breadcrumb\":{\"@id\":\"https:\\\/\\\/nld.mirex.gob.do\\\/consular\\\/amsterdam\\\/mirex-y-cei-rd-foro-de-inversion-y-exportacion-sica-2018\\\/#breadcrumb\"},\"inLanguage\":\"en-US\",\"potentialAction\":[{\"@type\":\"ReadAction\",\"target\":[\"https:\\\/\\\/nld.mirex.gob.do\\\/consular\\\/amsterdam\\\/mirex-y-cei-rd-foro-de-inversion-y-exportacion-sica-2018\\\/\"]}]},{\"@type\":\"ImageObject\",\"inLanguage\":\"en-US\",\"@id\":\"https:\\\/\\\/nld.mirex.gob.do\\\/consular\\\/amsterdam\\\/mirex-y-cei-rd-foro-de-inversion-y-exportacion-sica-2018\\\/#primaryimage\",\"url\":\"\",\"contentUrl\":\"\"},{\"@type\":\"BreadcrumbList\",\"@id\":\"https:\\\/\\\/nld.mirex.gob.do\\\/consular\\\/amsterdam\\\/mirex-y-cei-rd-foro-de-inversion-y-exportacion-sica-2018\\\/#breadcrumb\",\"itemListElement\":[{\"@type\":\"ListItem\",\"position\":1,\"name\":\"Inicio\",\"item\":\"https:\\\/\\\/nld.mirex.gob.do\\\/consular\\\/amsterdam\\\/\"},{\"@type\":\"ListItem\",\"position\":2,\"name\":\"Mirex y CEI-RD anuncian celebraci\u00f3n de Foro de Inversi\u00f3n y Exportaci\u00f3n SICA 2018\"}]},{\"@type\":\"WebSite\",\"@id\":\"https:\\\/\\\/nld.mirex.gob.do\\\/consular\\\/amsterdam\\\/#website\",\"url\":\"https:\\\/\\\/nld.mirex.gob.do\\\/consular\\\/amsterdam\\\/\",\"name\":\"Consulado General de la Rep\u00fablica Dominicana en La Haya, Reino de los Pa\u00edses Bajos\",\"description\":\"\",\"publisher\":{\"@id\":\"https:\\\/\\\/nld.mirex.gob.do\\\/consular\\\/amsterdam\\\/#organization\"},\"potentialAction\":[{\"@type\":\"SearchAction\",\"target\":{\"@type\":\"EntryPoint\",\"urlTemplate\":\"https:\\\/\\\/nld.mirex.gob.do\\\/consular\\\/amsterdam\\\/?s={search_term_string}\"},\"query-input\":{\"@type\":\"PropertyValueSpecification\",\"valueRequired\":true,\"valueName\":\"search_term_string\"}}],\"inLanguage\":\"en-US\"},{\"@type\":\"Organization\",\"@id\":\"https:\\\/\\\/nld.mirex.gob.do\\\/consular\\\/amsterdam\\\/#organization\",\"name\":\"Consulado General de la Rep\u00fablica Dominicana en La Haya, Reino de los Pa\u00edses Bajos\",\"url\":\"https:\\\/\\\/nld.mirex.gob.do\\\/consular\\\/amsterdam\\\/\",\"logo\":{\"@type\":\"ImageObject\",\"inLanguage\":\"en-US\",\"@id\":\"https:\\\/\\\/nld.mirex.gob.do\\\/consular\\\/amsterdam\\\/#\\\/schema\\\/logo\\\/image\\\/\",\"url\":\"https:\\\/\\\/nld.mirex.gob.do\\\/consular\\\/amsterdam\\\/wp-content\\\/uploads\\\/2024\\\/04\\\/cropped-consulado_la_haya_reinode_los_Paises_Bajos.jpg\",\"contentUrl\":\"https:\\\/\\\/nld.mirex.gob.do\\\/consular\\\/amsterdam\\\/wp-content\\\/uploads\\\/2024\\\/04\\\/cropped-consulado_la_haya_reinode_los_Paises_Bajos.jpg\",\"width\":999,\"height\":407,\"caption\":\"Consulado General de la Rep\u00fablica Dominicana en La Haya, Reino de los Pa\u00edses Bajos\"},\"image\":{\"@id\":\"https:\\\/\\\/nld.mirex.gob.do\\\/consular\\\/amsterdam\\\/#\\\/schema\\\/logo\\\/image\\\/\"}},{\"@type\":\"Person\",\"@id\":\"https:\\\/\\\/nld.mirex.gob.do\\\/consular\\\/amsterdam\\\/#\\\/schema\\\/person\\\/772a9951ade6a7e4ab978b618b619ff8\",\"name\":\"Michael Antonio Melo Andujar\",\"image\":{\"@type\":\"ImageObject\",\"inLanguage\":\"en-US\",\"@id\":\"https:\\\/\\\/secure.gravatar.com\\\/avatar\\\/f8862d24b6945a30d30c9727ef9dfcd533ee25a18a27afc92991446aeb0e652d?s=96&d=mm&r=g\",\"url\":\"https:\\\/\\\/secure.gravatar.com\\\/avatar\\\/f8862d24b6945a30d30c9727ef9dfcd533ee25a18a27afc92991446aeb0e652d?s=96&d=mm&r=g\",\"contentUrl\":\"https:\\\/\\\/secure.gravatar.com\\\/avatar\\\/f8862d24b6945a30d30c9727ef9dfcd533ee25a18a27afc92991446aeb0e652d?s=96&d=mm&r=g\",\"caption\":\"Michael Antonio Melo Andujar\"}}]}<\/script>\n<!-- \/ Yoast SEO plugin. -->","yoast_head_json":{"title":"Mirex y CEI-RD anuncian celebraci\u00f3n de Foro de Inversi\u00f3n y Exportaci\u00f3n SICA 2018 - Consulado General de la Rep\u00fablica Dominicana en La Haya, Reino de los Pa\u00edses Bajos","robots":{"index":"index","follow":"follow","max-snippet":"max-snippet:-1","max-image-preview":"max-image-preview:large","max-video-preview":"max-video-preview:-1"},"canonical":"https:\/\/nld.mirex.gob.do\/consular\/amsterdam\/mirex-y-cei-rd-foro-de-inversion-y-exportacion-sica-2018\/","og_locale":"en_US","og_type":"article","og_title":"Mirex y CEI-RD anuncian celebraci\u00f3n de Foro de Inversi\u00f3n y Exportaci\u00f3n SICA 2018 - Consulado General de la Rep\u00fablica Dominicana en La Haya, Reino de los Pa\u00edses Bajos","og_description":"El foro tendr\u00e1 lugar en el Centro de Convenciones de la Canciller\u00eda, los d\u00edas 28 y 29 de junio, como parte de las actividades asociadas a LI Cumbre Ordinaria de Jefes de Estado y de Gobierno del SICA &nbsp; SANTO DOMINGO, Rep\u00fablica Dominicana. \u2013 El Ministerio de Relaciones Exteriores (MIREX) y el Centro de Exportaci\u00f3n [&hellip;]","og_url":"https:\/\/nld.mirex.gob.do\/consular\/amsterdam\/mirex-y-cei-rd-foro-de-inversion-y-exportacion-sica-2018\/","og_site_name":"Consulado General de la Rep\u00fablica Dominicana en La Haya, Reino de los Pa\u00edses Bajos","article_published_time":"2018-06-25T18:59:52+00:00","author":"Michael Antonio Melo Andujar","twitter_card":"summary_large_image","twitter_misc":{"Written by":"Michael Antonio Melo Andujar","Est. reading time":"2 minutes"},"schema":{"@context":"https:\/\/schema.org","@graph":[{"@type":"Article","@id":"https:\/\/nld.mirex.gob.do\/consular\/amsterdam\/mirex-y-cei-rd-foro-de-inversion-y-exportacion-sica-2018\/#article","isPartOf":{"@id":"https:\/\/nld.mirex.gob.do\/consular\/amsterdam\/mirex-y-cei-rd-foro-de-inversion-y-exportacion-sica-2018\/"},"author":{"name":"Michael Antonio Melo Andujar","@id":"https:\/\/nld.mirex.gob.do\/consular\/amsterdam\/#\/schema\/person\/772a9951ade6a7e4ab978b618b619ff8"},"headline":"Mirex y CEI-RD anuncian celebraci\u00f3n de Foro de Inversi\u00f3n y Exportaci\u00f3n SICA 2018","datePublished":"2018-06-25T18:59:52+00:00","mainEntityOfPage":{"@id":"https:\/\/nld.mirex.gob.do\/consular\/amsterdam\/mirex-y-cei-rd-foro-de-inversion-y-exportacion-sica-2018\/"},"wordCount":375,"publisher":{"@id":"https:\/\/nld.mirex.gob.do\/consular\/amsterdam\/#organization"},"image":{"@id":"https:\/\/nld.mirex.gob.do\/consular\/amsterdam\/mirex-y-cei-rd-foro-de-inversion-y-exportacion-sica-2018\/#primaryimage"},"thumbnailUrl":"","articleSection":["Novedades"],"inLanguage":"en-US"},{"@type":"WebPage","@id":"https:\/\/nld.mirex.gob.do\/consular\/amsterdam\/mirex-y-cei-rd-foro-de-inversion-y-exportacion-sica-2018\/","url":"https:\/\/nld.mirex.gob.do\/consular\/amsterdam\/mirex-y-cei-rd-foro-de-inversion-y-exportacion-sica-2018\/","name":"Mirex y CEI-RD anuncian celebraci\u00f3n de Foro de Inversi\u00f3n y Exportaci\u00f3n SICA 2018 - Consulado General de la Rep\u00fablica Dominicana en La Haya, Reino de los Pa\u00edses Bajos","isPartOf":{"@id":"https:\/\/nld.mirex.gob.do\/consular\/amsterdam\/#website"},"primaryImageOfPage":{"@id":"https:\/\/nld.mirex.gob.do\/consular\/amsterdam\/mirex-y-cei-rd-foro-de-inversion-y-exportacion-sica-2018\/#primaryimage"},"image":{"@id":"https:\/\/nld.mirex.gob.do\/consular\/amsterdam\/mirex-y-cei-rd-foro-de-inversion-y-exportacion-sica-2018\/#primaryimage"},"thumbnailUrl":"","datePublished":"2018-06-25T18:59:52+00:00","breadcrumb":{"@id":"https:\/\/nld.mirex.gob.do\/consular\/amsterdam\/mirex-y-cei-rd-foro-de-inversion-y-exportacion-sica-2018\/#breadcrumb"},"inLanguage":"en-US","potentialAction":[{"@type":"ReadAction","target":["https:\/\/nld.mirex.gob.do\/consular\/amsterdam\/mirex-y-cei-rd-foro-de-inversion-y-exportacion-sica-2018\/"]}]},{"@type":"ImageObject","inLanguage":"en-US","@id":"https:\/\/nld.mirex.gob.do\/consular\/amsterdam\/mirex-y-cei-rd-foro-de-inversion-y-exportacion-sica-2018\/#primaryimage","url":"","contentUrl":""},{"@type":"BreadcrumbList","@id":"https:\/\/nld.mirex.gob.do\/consular\/amsterdam\/mirex-y-cei-rd-foro-de-inversion-y-exportacion-sica-2018\/#breadcrumb","itemListElement":[{"@type":"ListItem","position":1,"name":"Inicio","item":"https:\/\/nld.mirex.gob.do\/consular\/amsterdam\/"},{"@type":"ListItem","position":2,"name":"Mirex y CEI-RD anuncian celebraci\u00f3n de Foro de Inversi\u00f3n y Exportaci\u00f3n SICA 2018"}]},{"@type":"WebSite","@id":"https:\/\/nld.mirex.gob.do\/consular\/amsterdam\/#website","url":"https:\/\/nld.mirex.gob.do\/consular\/amsterdam\/","name":"Consulado General de la Rep\u00fablica Dominicana en La Haya, Reino de los Pa\u00edses Bajos","description":"","publisher":{"@id":"https:\/\/nld.mirex.gob.do\/consular\/amsterdam\/#organization"},"potentialAction":[{"@type":"SearchAction","target":{"@type":"EntryPoint","urlTemplate":"https:\/\/nld.mirex.gob.do\/consular\/amsterdam\/?s={search_term_string}"},"query-input":{"@type":"PropertyValueSpecification","valueRequired":true,"valueName":"search_term_string"}}],"inLanguage":"en-US"},{"@type":"Organization","@id":"https:\/\/nld.mirex.gob.do\/consular\/amsterdam\/#organization","name":"Consulado General de la Rep\u00fablica Dominicana en La Haya, Reino de los Pa\u00edses Bajos","url":"https:\/\/nld.mirex.gob.do\/consular\/amsterdam\/","logo":{"@type":"ImageObject","inLanguage":"en-US","@id":"https:\/\/nld.mirex.gob.do\/consular\/amsterdam\/#\/schema\/logo\/image\/","url":"https:\/\/nld.mirex.gob.do\/consular\/amsterdam\/wp-content\/uploads\/2024\/04\/cropped-consulado_la_haya_reinode_los_Paises_Bajos.jpg","contentUrl":"https:\/\/nld.mirex.gob.do\/consular\/amsterdam\/wp-content\/uploads\/2024\/04\/cropped-consulado_la_haya_reinode_los_Paises_Bajos.jpg","width":999,"height":407,"caption":"Consulado General de la Rep\u00fablica Dominicana en La Haya, Reino de los Pa\u00edses Bajos"},"image":{"@id":"https:\/\/nld.mirex.gob.do\/consular\/amsterdam\/#\/schema\/logo\/image\/"}},{"@type":"Person","@id":"https:\/\/nld.mirex.gob.do\/consular\/amsterdam\/#\/schema\/person\/772a9951ade6a7e4ab978b618b619ff8","name":"Michael Antonio Melo Andujar","image":{"@type":"ImageObject","inLanguage":"en-US","@id":"https:\/\/secure.gravatar.com\/avatar\/f8862d24b6945a30d30c9727ef9dfcd533ee25a18a27afc92991446aeb0e652d?s=96&d=mm&r=g","url":"https:\/\/secure.gravatar.com\/avatar\/f8862d24b6945a30d30c9727ef9dfcd533ee25a18a27afc92991446aeb0e652d?s=96&d=mm&r=g","contentUrl":"https:\/\/secure.gravatar.com\/avatar\/f8862d24b6945a30d30c9727ef9dfcd533ee25a18a27afc92991446aeb0e652d?s=96&d=mm&r=g","caption":"Michael Antonio Melo Andujar"}}]}},"_links":{"self":[{"href":"https:\/\/nld.mirex.gob.do\/consular\/amsterdam\/wp-json\/wp\/v2\/posts\/6334","targetHints":{"allow":["GET"]}}],"collection":[{"href":"https:\/\/nld.mirex.gob.do\/consular\/amsterdam\/wp-json\/wp\/v2\/posts"}],"about":[{"href":"https:\/\/nld.mirex.gob.do\/consular\/amsterdam\/wp-json\/wp\/v2\/types\/post"}],"author":[{"embeddable":true,"href":"https:\/\/nld.mirex.gob.do\/consular\/amsterdam\/wp-json\/wp\/v2\/users\/8"}],"replies":[{"embeddable":true,"href":"https:\/\/nld.mirex.gob.do\/consular\/amsterdam\/wp-json\/wp\/v2\/comments?post=6334"}],"version-history":[{"count":0,"href":"https:\/\/nld.mirex.gob.do\/consular\/amsterdam\/wp-json\/wp\/v2\/posts\/6334\/revisions"}],"wp:featuredmedia":[{"embeddable":true,"href":"https:\/\/nld.mirex.gob.do\/consular\/amsterdam\/wp-json\/"}],"wp:attachment":[{"href":"https:\/\/nld.mirex.gob.do\/consular\/amsterdam\/wp-json\/wp\/v2\/media?parent=6334"}],"wp:term":[{"taxonomy":"category","embeddable":true,"href":"https:\/\/nld.mirex.gob.do\/consular\/amsterdam\/wp-json\/wp\/v2\/categories?post=6334"},{"taxonomy":"post_tag","embeddable":true,"href":"https:\/\/nld.mirex.gob.do\/consular\/amsterdam\/wp-json\/wp\/v2\/tags?post=6334"}],"curies":[{"name":"wp","href":"https:\/\/api.w.org\/{rel}","templated":true}]}}