{"id":6327,"date":"2018-05-08T15:41:42","date_gmt":"2018-05-08T15:41:42","guid":{"rendered":"https:\/\/www.consuladordholanda.com\/?p=3071"},"modified":"2018-05-08T15:41:42","modified_gmt":"2018-05-08T15:41:42","slug":"premio-internacional-al-inmigrante-dominicano-sr-oscar-de-la-renta-video","status":"publish","type":"post","link":"https:\/\/nld.mirex.gob.do\/consular\/amsterdam\/premio-internacional-al-inmigrante-dominicano-sr-oscar-de-la-renta-video\/","title":{"rendered":"Premio Internacional al Inmigrante Dominicano Sr. Oscar de la Renta &#8211; Video"},"content":{"rendered":"<p><img fetchpriority=\"high\" decoding=\"async\" class=\"alignnone wp-image-3103 size-full\" src=\"https:\/\/www.consuladordholanda.com\/wp-content\/uploads\/2018\/05\/Premio-internacional-emigrante-dominicano-oscar-de-la-renta.jpg\" alt=\"\" width=\"800\" height=\"600\"><\/p>\n<p>Esta premiaci\u00f3n, propone motivar a los emigrantes dominicanos y sus descendientes de primera y segunda generaci\u00f3n que hayan desarrollado una vida honesta, laboriosa y de superaci\u00f3n personal, con aportes significativos al desarrollo de las sociedades donde viven, manteniendo v\u00ednculos con la patria que los vio nacer.<\/p>\n<p><img decoding=\"async\" class=\"alignleft size-medium wp-image-3102\" src=\"https:\/\/www.consuladordholanda.com\/wp-content\/uploads\/2018\/05\/Canciller-republica-dominicana-300x263.jpg\" alt=\"\" width=\"300\" height=\"263\">Es por lo que el Estado Dominicano, mediante el decreto No. 242-17, de fecha 20 de julio del 2017 instituy\u00f3 el Premio Internacional al Emigrante Dominicano Se\u00f1or Oscar de la Renta en honor a ese gran dominicano ejemplo de vida, superaci\u00f3n y esfuerzo para nuestra poblaci\u00f3n emigrante, quien con su trabajo logr\u00f3 concitar la admiraci\u00f3n y el respeto internacional, destac\u00e1ndose por sus esfuerzos en beneficio de la ni\u00f1ez y los grupos m\u00e1s despose\u00eddos, as\u00ed como, su apoyo y colaboraci\u00f3n a proyectos humanitarios reflejando su personalidad altruista de alta sensibilidad social.<\/p>\n<p>El Ministerio de Relaciones Exteriores de la Rep\u00fablica Dominicana (MIREX), para cumplir con este mandato efectu\u00f3 el Acto de Firma de Acuerdo entre el Excelent\u00edsimo Sr. Miguel Vargas, Ministro de Relaciones Exteriores y el Sr. Alexander L. Bolen, Director Ejecutivo de la Firma Oscar de la Renta LLC. y representante de la familia de la Renta en fecha viernes 21 de julio de 2017, en el Auditorio Dr. Eduardo Latorre de la Canciller\u00eda.<\/p>\n<h2 style=\"text-align: center;\"><a href=\"http:\/\/www.premioemigrantedominicano.gob.do\/\" target=\"_blank\" rel=\"noopener\">M\u00e1s informaci\u00f3n e inscripci\u00f3n<\/a><\/h2>\n<div class=\"ast-oembed-container \" style=\"height: 100%;\"><iframe title=\"Premio Internacional al Inmigrante Dominicano Sr. Oscar de la Renta\" width=\"500\" height=\"281\" src=\"https:\/\/www.youtube.com\/embed\/-6v-dfJiSfs?feature=oembed\" frameborder=\"0\" allow=\"accelerometer; autoplay; clipboard-write; encrypted-media; gyroscope; picture-in-picture; web-share\" referrerpolicy=\"strict-origin-when-cross-origin\" allowfullscreen><\/iframe><\/div>\n<p>En honor al Sr. Oscar de la Renta, ejemplo de vida y superaci\u00f3n para nuestra poblaci\u00f3n inmigreante. El Ministerio de Relaciones Exteriores, con el acuerdo del Presidente Danilo Medina y el Canciller Miguel Vargas, han instituido la entrega del Premio Internacional al Inmigrante Dominicano.<\/p>\n<p>&nbsp;<\/p>\n","protected":false},"excerpt":{"rendered":"<p>Esta premiaci\u00f3n, propone motivar a los emigrantes dominicanos y sus descendientes de primera y segunda generaci\u00f3n que hayan desarrollado una vida honesta, laboriosa y de superaci\u00f3n personal, con aportes significativos al desarrollo de las sociedades donde viven, manteniendo v\u00ednculos con la patria que los vio nacer. Es por lo que el Estado Dominicano, mediante el [&hellip;]<\/p>\n","protected":false},"author":8,"featured_media":3073,"comment_status":"closed","ping_status":"open","sticky":false,"template":"","format":"standard","meta":{"site-sidebar-layout":"default","site-content-layout":"","ast-site-content-layout":"default","site-content-style":"default","site-sidebar-style":"default","ast-global-header-display":"","ast-banner-title-visibility":"","ast-main-header-display":"","ast-hfb-above-header-display":"","ast-hfb-below-header-display":"","ast-hfb-mobile-header-display":"","site-post-title":"","ast-breadcrumbs-content":"","ast-featured-img":"","footer-sml-layout":"","ast-disable-related-posts":"","theme-transparent-header-meta":"","adv-header-id-meta":"","stick-header-meta":"","header-above-stick-meta":"","header-main-stick-meta":"","header-below-stick-meta":"","astra-migrate-meta-layouts":"default","ast-page-background-enabled":"default","ast-page-background-meta":{"desktop":{"background-color":"","background-image":"","background-repeat":"repeat","background-position":"center center","background-size":"auto","background-attachment":"scroll","background-type":"","background-media":"","overlay-type":"","overlay-color":"","overlay-opacity":"","overlay-gradient":""},"tablet":{"background-color":"","background-image":"","background-repeat":"repeat","background-position":"center center","background-size":"auto","background-attachment":"scroll","background-type":"","background-media":"","overlay-type":"","overlay-color":"","overlay-opacity":"","overlay-gradient":""},"mobile":{"background-color":"","background-image":"","background-repeat":"repeat","background-position":"center center","background-size":"auto","background-attachment":"scroll","background-type":"","background-media":"","overlay-type":"","overlay-color":"","overlay-opacity":"","overlay-gradient":""}},"ast-content-background-meta":{"desktop":{"background-color":"var(--ast-global-color-5)","background-image":"","background-repeat":"repeat","background-position":"center center","background-size":"auto","background-attachment":"scroll","background-type":"","background-media":"","overlay-type":"","overlay-color":"","overlay-opacity":"","overlay-gradient":""},"tablet":{"background-color":"var(--ast-global-color-5)","background-image":"","background-repeat":"repeat","background-position":"center center","background-size":"auto","background-attachment":"scroll","background-type":"","background-media":"","overlay-type":"","overlay-color":"","overlay-opacity":"","overlay-gradient":""},"mobile":{"background-color":"var(--ast-global-color-5)","background-image":"","background-repeat":"repeat","background-position":"center center","background-size":"auto","background-attachment":"scroll","background-type":"","background-media":"","overlay-type":"","overlay-color":"","overlay-opacity":"","overlay-gradient":""}},"footnotes":""},"categories":[66],"tags":[],"class_list":["post-6327","post","type-post","status-publish","format-standard","has-post-thumbnail","hentry","category-novedades"],"yoast_head":"<!-- This site is optimized with the Yoast SEO plugin v27.4 - https:\/\/yoast.com\/product\/yoast-seo-wordpress\/ -->\n<title>Premio Internacional al Inmigrante Dominicano Sr. Oscar de la Renta - Video - Consulado General de la Rep\u00fablica Dominicana en La Haya, Reino de los Pa\u00edses Bajos<\/title>\n<meta name=\"robots\" content=\"index, follow, max-snippet:-1, max-image-preview:large, max-video-preview:-1\" \/>\n<link rel=\"canonical\" href=\"https:\/\/nld.mirex.gob.do\/consular\/amsterdam\/premio-internacional-al-inmigrante-dominicano-sr-oscar-de-la-renta-video\/\" \/>\n<meta property=\"og:locale\" content=\"en_US\" \/>\n<meta property=\"og:type\" content=\"article\" \/>\n<meta property=\"og:title\" content=\"Premio Internacional al Inmigrante Dominicano Sr. Oscar de la Renta - Video - Consulado General de la Rep\u00fablica Dominicana en La Haya, Reino de los Pa\u00edses Bajos\" \/>\n<meta property=\"og:description\" content=\"Esta premiaci\u00f3n, propone motivar a los emigrantes dominicanos y sus descendientes de primera y segunda generaci\u00f3n que hayan desarrollado una vida honesta, laboriosa y de superaci\u00f3n personal, con aportes significativos al desarrollo de las sociedades donde viven, manteniendo v\u00ednculos con la patria que los vio nacer. Es por lo que el Estado Dominicano, mediante el [&hellip;]\" \/>\n<meta property=\"og:url\" content=\"https:\/\/nld.mirex.gob.do\/consular\/amsterdam\/premio-internacional-al-inmigrante-dominicano-sr-oscar-de-la-renta-video\/\" \/>\n<meta property=\"og:site_name\" content=\"Consulado General de la Rep\u00fablica Dominicana en La Haya, Reino de los Pa\u00edses Bajos\" \/>\n<meta property=\"article:published_time\" content=\"2018-05-08T15:41:42+00:00\" \/>\n<meta name=\"author\" content=\"Michael Antonio Melo Andujar\" \/>\n<meta name=\"twitter:card\" content=\"summary_large_image\" \/>\n<meta name=\"twitter:label1\" content=\"Written by\" \/>\n\t<meta name=\"twitter:data1\" content=\"Michael Antonio Melo Andujar\" \/>\n\t<meta name=\"twitter:label2\" content=\"Est. reading time\" \/>\n\t<meta name=\"twitter:data2\" content=\"1 minute\" \/>\n<script type=\"application\/ld+json\" class=\"yoast-schema-graph\">{\"@context\":\"https:\\\/\\\/schema.org\",\"@graph\":[{\"@type\":\"Article\",\"@id\":\"https:\\\/\\\/nld.mirex.gob.do\\\/consular\\\/amsterdam\\\/premio-internacional-al-inmigrante-dominicano-sr-oscar-de-la-renta-video\\\/#article\",\"isPartOf\":{\"@id\":\"https:\\\/\\\/nld.mirex.gob.do\\\/consular\\\/amsterdam\\\/premio-internacional-al-inmigrante-dominicano-sr-oscar-de-la-renta-video\\\/\"},\"author\":{\"name\":\"Michael Antonio Melo Andujar\",\"@id\":\"https:\\\/\\\/nld.mirex.gob.do\\\/consular\\\/amsterdam\\\/#\\\/schema\\\/person\\\/772a9951ade6a7e4ab978b618b619ff8\"},\"headline\":\"Premio Internacional al Inmigrante Dominicano Sr. Oscar de la Renta &#8211; Video\",\"datePublished\":\"2018-05-08T15:41:42+00:00\",\"mainEntityOfPage\":{\"@id\":\"https:\\\/\\\/nld.mirex.gob.do\\\/consular\\\/amsterdam\\\/premio-internacional-al-inmigrante-dominicano-sr-oscar-de-la-renta-video\\\/\"},\"wordCount\":292,\"publisher\":{\"@id\":\"https:\\\/\\\/nld.mirex.gob.do\\\/consular\\\/amsterdam\\\/#organization\"},\"image\":{\"@id\":\"https:\\\/\\\/nld.mirex.gob.do\\\/consular\\\/amsterdam\\\/premio-internacional-al-inmigrante-dominicano-sr-oscar-de-la-renta-video\\\/#primaryimage\"},\"thumbnailUrl\":\"\",\"articleSection\":[\"Novedades\"],\"inLanguage\":\"en-US\"},{\"@type\":\"WebPage\",\"@id\":\"https:\\\/\\\/nld.mirex.gob.do\\\/consular\\\/amsterdam\\\/premio-internacional-al-inmigrante-dominicano-sr-oscar-de-la-renta-video\\\/\",\"url\":\"https:\\\/\\\/nld.mirex.gob.do\\\/consular\\\/amsterdam\\\/premio-internacional-al-inmigrante-dominicano-sr-oscar-de-la-renta-video\\\/\",\"name\":\"Premio Internacional al Inmigrante Dominicano Sr. Oscar de la Renta - Video - Consulado General de la Rep\u00fablica Dominicana en La Haya, Reino de los Pa\u00edses Bajos\",\"isPartOf\":{\"@id\":\"https:\\\/\\\/nld.mirex.gob.do\\\/consular\\\/amsterdam\\\/#website\"},\"primaryImageOfPage\":{\"@id\":\"https:\\\/\\\/nld.mirex.gob.do\\\/consular\\\/amsterdam\\\/premio-internacional-al-inmigrante-dominicano-sr-oscar-de-la-renta-video\\\/#primaryimage\"},\"image\":{\"@id\":\"https:\\\/\\\/nld.mirex.gob.do\\\/consular\\\/amsterdam\\\/premio-internacional-al-inmigrante-dominicano-sr-oscar-de-la-renta-video\\\/#primaryimage\"},\"thumbnailUrl\":\"\",\"datePublished\":\"2018-05-08T15:41:42+00:00\",\"breadcrumb\":{\"@id\":\"https:\\\/\\\/nld.mirex.gob.do\\\/consular\\\/amsterdam\\\/premio-internacional-al-inmigrante-dominicano-sr-oscar-de-la-renta-video\\\/#breadcrumb\"},\"inLanguage\":\"en-US\",\"potentialAction\":[{\"@type\":\"ReadAction\",\"target\":[\"https:\\\/\\\/nld.mirex.gob.do\\\/consular\\\/amsterdam\\\/premio-internacional-al-inmigrante-dominicano-sr-oscar-de-la-renta-video\\\/\"]}]},{\"@type\":\"ImageObject\",\"inLanguage\":\"en-US\",\"@id\":\"https:\\\/\\\/nld.mirex.gob.do\\\/consular\\\/amsterdam\\\/premio-internacional-al-inmigrante-dominicano-sr-oscar-de-la-renta-video\\\/#primaryimage\",\"url\":\"\",\"contentUrl\":\"\"},{\"@type\":\"BreadcrumbList\",\"@id\":\"https:\\\/\\\/nld.mirex.gob.do\\\/consular\\\/amsterdam\\\/premio-internacional-al-inmigrante-dominicano-sr-oscar-de-la-renta-video\\\/#breadcrumb\",\"itemListElement\":[{\"@type\":\"ListItem\",\"position\":1,\"name\":\"Inicio\",\"item\":\"https:\\\/\\\/nld.mirex.gob.do\\\/consular\\\/amsterdam\\\/\"},{\"@type\":\"ListItem\",\"position\":2,\"name\":\"Premio Internacional al Inmigrante Dominicano Sr. Oscar de la Renta &#8211; Video\"}]},{\"@type\":\"WebSite\",\"@id\":\"https:\\\/\\\/nld.mirex.gob.do\\\/consular\\\/amsterdam\\\/#website\",\"url\":\"https:\\\/\\\/nld.mirex.gob.do\\\/consular\\\/amsterdam\\\/\",\"name\":\"Consulado General de la Rep\u00fablica Dominicana en La Haya, Reino de los Pa\u00edses Bajos\",\"description\":\"\",\"publisher\":{\"@id\":\"https:\\\/\\\/nld.mirex.gob.do\\\/consular\\\/amsterdam\\\/#organization\"},\"potentialAction\":[{\"@type\":\"SearchAction\",\"target\":{\"@type\":\"EntryPoint\",\"urlTemplate\":\"https:\\\/\\\/nld.mirex.gob.do\\\/consular\\\/amsterdam\\\/?s={search_term_string}\"},\"query-input\":{\"@type\":\"PropertyValueSpecification\",\"valueRequired\":true,\"valueName\":\"search_term_string\"}}],\"inLanguage\":\"en-US\"},{\"@type\":\"Organization\",\"@id\":\"https:\\\/\\\/nld.mirex.gob.do\\\/consular\\\/amsterdam\\\/#organization\",\"name\":\"Consulado General de la Rep\u00fablica Dominicana en La Haya, Reino de los Pa\u00edses Bajos\",\"url\":\"https:\\\/\\\/nld.mirex.gob.do\\\/consular\\\/amsterdam\\\/\",\"logo\":{\"@type\":\"ImageObject\",\"inLanguage\":\"en-US\",\"@id\":\"https:\\\/\\\/nld.mirex.gob.do\\\/consular\\\/amsterdam\\\/#\\\/schema\\\/logo\\\/image\\\/\",\"url\":\"https:\\\/\\\/nld.mirex.gob.do\\\/consular\\\/amsterdam\\\/wp-content\\\/uploads\\\/2024\\\/04\\\/cropped-consulado_la_haya_reinode_los_Paises_Bajos.jpg\",\"contentUrl\":\"https:\\\/\\\/nld.mirex.gob.do\\\/consular\\\/amsterdam\\\/wp-content\\\/uploads\\\/2024\\\/04\\\/cropped-consulado_la_haya_reinode_los_Paises_Bajos.jpg\",\"width\":999,\"height\":407,\"caption\":\"Consulado General de la Rep\u00fablica Dominicana en La Haya, Reino de los Pa\u00edses Bajos\"},\"image\":{\"@id\":\"https:\\\/\\\/nld.mirex.gob.do\\\/consular\\\/amsterdam\\\/#\\\/schema\\\/logo\\\/image\\\/\"}},{\"@type\":\"Person\",\"@id\":\"https:\\\/\\\/nld.mirex.gob.do\\\/consular\\\/amsterdam\\\/#\\\/schema\\\/person\\\/772a9951ade6a7e4ab978b618b619ff8\",\"name\":\"Michael Antonio Melo Andujar\",\"image\":{\"@type\":\"ImageObject\",\"inLanguage\":\"en-US\",\"@id\":\"https:\\\/\\\/secure.gravatar.com\\\/avatar\\\/f8862d24b6945a30d30c9727ef9dfcd533ee25a18a27afc92991446aeb0e652d?s=96&d=mm&r=g\",\"url\":\"https:\\\/\\\/secure.gravatar.com\\\/avatar\\\/f8862d24b6945a30d30c9727ef9dfcd533ee25a18a27afc92991446aeb0e652d?s=96&d=mm&r=g\",\"contentUrl\":\"https:\\\/\\\/secure.gravatar.com\\\/avatar\\\/f8862d24b6945a30d30c9727ef9dfcd533ee25a18a27afc92991446aeb0e652d?s=96&d=mm&r=g\",\"caption\":\"Michael Antonio Melo Andujar\"}}]}<\/script>\n<!-- \/ Yoast SEO plugin. -->","yoast_head_json":{"title":"Premio Internacional al Inmigrante Dominicano Sr. Oscar de la Renta - Video - Consulado General de la Rep\u00fablica Dominicana en La Haya, Reino de los Pa\u00edses Bajos","robots":{"index":"index","follow":"follow","max-snippet":"max-snippet:-1","max-image-preview":"max-image-preview:large","max-video-preview":"max-video-preview:-1"},"canonical":"https:\/\/nld.mirex.gob.do\/consular\/amsterdam\/premio-internacional-al-inmigrante-dominicano-sr-oscar-de-la-renta-video\/","og_locale":"en_US","og_type":"article","og_title":"Premio Internacional al Inmigrante Dominicano Sr. Oscar de la Renta - Video - Consulado General de la Rep\u00fablica Dominicana en La Haya, Reino de los Pa\u00edses Bajos","og_description":"Esta premiaci\u00f3n, propone motivar a los emigrantes dominicanos y sus descendientes de primera y segunda generaci\u00f3n que hayan desarrollado una vida honesta, laboriosa y de superaci\u00f3n personal, con aportes significativos al desarrollo de las sociedades donde viven, manteniendo v\u00ednculos con la patria que los vio nacer. Es por lo que el Estado Dominicano, mediante el [&hellip;]","og_url":"https:\/\/nld.mirex.gob.do\/consular\/amsterdam\/premio-internacional-al-inmigrante-dominicano-sr-oscar-de-la-renta-video\/","og_site_name":"Consulado General de la Rep\u00fablica Dominicana en La Haya, Reino de los Pa\u00edses Bajos","article_published_time":"2018-05-08T15:41:42+00:00","author":"Michael Antonio Melo Andujar","twitter_card":"summary_large_image","twitter_misc":{"Written by":"Michael Antonio Melo Andujar","Est. reading time":"1 minute"},"schema":{"@context":"https:\/\/schema.org","@graph":[{"@type":"Article","@id":"https:\/\/nld.mirex.gob.do\/consular\/amsterdam\/premio-internacional-al-inmigrante-dominicano-sr-oscar-de-la-renta-video\/#article","isPartOf":{"@id":"https:\/\/nld.mirex.gob.do\/consular\/amsterdam\/premio-internacional-al-inmigrante-dominicano-sr-oscar-de-la-renta-video\/"},"author":{"name":"Michael Antonio Melo Andujar","@id":"https:\/\/nld.mirex.gob.do\/consular\/amsterdam\/#\/schema\/person\/772a9951ade6a7e4ab978b618b619ff8"},"headline":"Premio Internacional al Inmigrante Dominicano Sr. Oscar de la Renta &#8211; Video","datePublished":"2018-05-08T15:41:42+00:00","mainEntityOfPage":{"@id":"https:\/\/nld.mirex.gob.do\/consular\/amsterdam\/premio-internacional-al-inmigrante-dominicano-sr-oscar-de-la-renta-video\/"},"wordCount":292,"publisher":{"@id":"https:\/\/nld.mirex.gob.do\/consular\/amsterdam\/#organization"},"image":{"@id":"https:\/\/nld.mirex.gob.do\/consular\/amsterdam\/premio-internacional-al-inmigrante-dominicano-sr-oscar-de-la-renta-video\/#primaryimage"},"thumbnailUrl":"","articleSection":["Novedades"],"inLanguage":"en-US"},{"@type":"WebPage","@id":"https:\/\/nld.mirex.gob.do\/consular\/amsterdam\/premio-internacional-al-inmigrante-dominicano-sr-oscar-de-la-renta-video\/","url":"https:\/\/nld.mirex.gob.do\/consular\/amsterdam\/premio-internacional-al-inmigrante-dominicano-sr-oscar-de-la-renta-video\/","name":"Premio Internacional al Inmigrante Dominicano Sr. Oscar de la Renta - Video - Consulado General de la Rep\u00fablica Dominicana en La Haya, Reino de los Pa\u00edses Bajos","isPartOf":{"@id":"https:\/\/nld.mirex.gob.do\/consular\/amsterdam\/#website"},"primaryImageOfPage":{"@id":"https:\/\/nld.mirex.gob.do\/consular\/amsterdam\/premio-internacional-al-inmigrante-dominicano-sr-oscar-de-la-renta-video\/#primaryimage"},"image":{"@id":"https:\/\/nld.mirex.gob.do\/consular\/amsterdam\/premio-internacional-al-inmigrante-dominicano-sr-oscar-de-la-renta-video\/#primaryimage"},"thumbnailUrl":"","datePublished":"2018-05-08T15:41:42+00:00","breadcrumb":{"@id":"https:\/\/nld.mirex.gob.do\/consular\/amsterdam\/premio-internacional-al-inmigrante-dominicano-sr-oscar-de-la-renta-video\/#breadcrumb"},"inLanguage":"en-US","potentialAction":[{"@type":"ReadAction","target":["https:\/\/nld.mirex.gob.do\/consular\/amsterdam\/premio-internacional-al-inmigrante-dominicano-sr-oscar-de-la-renta-video\/"]}]},{"@type":"ImageObject","inLanguage":"en-US","@id":"https:\/\/nld.mirex.gob.do\/consular\/amsterdam\/premio-internacional-al-inmigrante-dominicano-sr-oscar-de-la-renta-video\/#primaryimage","url":"","contentUrl":""},{"@type":"BreadcrumbList","@id":"https:\/\/nld.mirex.gob.do\/consular\/amsterdam\/premio-internacional-al-inmigrante-dominicano-sr-oscar-de-la-renta-video\/#breadcrumb","itemListElement":[{"@type":"ListItem","position":1,"name":"Inicio","item":"https:\/\/nld.mirex.gob.do\/consular\/amsterdam\/"},{"@type":"ListItem","position":2,"name":"Premio Internacional al Inmigrante Dominicano Sr. Oscar de la Renta &#8211; Video"}]},{"@type":"WebSite","@id":"https:\/\/nld.mirex.gob.do\/consular\/amsterdam\/#website","url":"https:\/\/nld.mirex.gob.do\/consular\/amsterdam\/","name":"Consulado General de la Rep\u00fablica Dominicana en La Haya, Reino de los Pa\u00edses Bajos","description":"","publisher":{"@id":"https:\/\/nld.mirex.gob.do\/consular\/amsterdam\/#organization"},"potentialAction":[{"@type":"SearchAction","target":{"@type":"EntryPoint","urlTemplate":"https:\/\/nld.mirex.gob.do\/consular\/amsterdam\/?s={search_term_string}"},"query-input":{"@type":"PropertyValueSpecification","valueRequired":true,"valueName":"search_term_string"}}],"inLanguage":"en-US"},{"@type":"Organization","@id":"https:\/\/nld.mirex.gob.do\/consular\/amsterdam\/#organization","name":"Consulado General de la Rep\u00fablica Dominicana en La Haya, Reino de los Pa\u00edses Bajos","url":"https:\/\/nld.mirex.gob.do\/consular\/amsterdam\/","logo":{"@type":"ImageObject","inLanguage":"en-US","@id":"https:\/\/nld.mirex.gob.do\/consular\/amsterdam\/#\/schema\/logo\/image\/","url":"https:\/\/nld.mirex.gob.do\/consular\/amsterdam\/wp-content\/uploads\/2024\/04\/cropped-consulado_la_haya_reinode_los_Paises_Bajos.jpg","contentUrl":"https:\/\/nld.mirex.gob.do\/consular\/amsterdam\/wp-content\/uploads\/2024\/04\/cropped-consulado_la_haya_reinode_los_Paises_Bajos.jpg","width":999,"height":407,"caption":"Consulado General de la Rep\u00fablica Dominicana en La Haya, Reino de los Pa\u00edses Bajos"},"image":{"@id":"https:\/\/nld.mirex.gob.do\/consular\/amsterdam\/#\/schema\/logo\/image\/"}},{"@type":"Person","@id":"https:\/\/nld.mirex.gob.do\/consular\/amsterdam\/#\/schema\/person\/772a9951ade6a7e4ab978b618b619ff8","name":"Michael Antonio Melo Andujar","image":{"@type":"ImageObject","inLanguage":"en-US","@id":"https:\/\/secure.gravatar.com\/avatar\/f8862d24b6945a30d30c9727ef9dfcd533ee25a18a27afc92991446aeb0e652d?s=96&d=mm&r=g","url":"https:\/\/secure.gravatar.com\/avatar\/f8862d24b6945a30d30c9727ef9dfcd533ee25a18a27afc92991446aeb0e652d?s=96&d=mm&r=g","contentUrl":"https:\/\/secure.gravatar.com\/avatar\/f8862d24b6945a30d30c9727ef9dfcd533ee25a18a27afc92991446aeb0e652d?s=96&d=mm&r=g","caption":"Michael Antonio Melo Andujar"}}]}},"_links":{"self":[{"href":"https:\/\/nld.mirex.gob.do\/consular\/amsterdam\/wp-json\/wp\/v2\/posts\/6327","targetHints":{"allow":["GET"]}}],"collection":[{"href":"https:\/\/nld.mirex.gob.do\/consular\/amsterdam\/wp-json\/wp\/v2\/posts"}],"about":[{"href":"https:\/\/nld.mirex.gob.do\/consular\/amsterdam\/wp-json\/wp\/v2\/types\/post"}],"author":[{"embeddable":true,"href":"https:\/\/nld.mirex.gob.do\/consular\/amsterdam\/wp-json\/wp\/v2\/users\/8"}],"replies":[{"embeddable":true,"href":"https:\/\/nld.mirex.gob.do\/consular\/amsterdam\/wp-json\/wp\/v2\/comments?post=6327"}],"version-history":[{"count":0,"href":"https:\/\/nld.mirex.gob.do\/consular\/amsterdam\/wp-json\/wp\/v2\/posts\/6327\/revisions"}],"wp:featuredmedia":[{"embeddable":true,"href":"https:\/\/nld.mirex.gob.do\/consular\/amsterdam\/wp-json\/wp\/v2\/pages\/3073"}],"wp:attachment":[{"href":"https:\/\/nld.mirex.gob.do\/consular\/amsterdam\/wp-json\/wp\/v2\/media?parent=6327"}],"wp:term":[{"taxonomy":"category","embeddable":true,"href":"https:\/\/nld.mirex.gob.do\/consular\/amsterdam\/wp-json\/wp\/v2\/categories?post=6327"},{"taxonomy":"post_tag","embeddable":true,"href":"https:\/\/nld.mirex.gob.do\/consular\/amsterdam\/wp-json\/wp\/v2\/tags?post=6327"}],"curies":[{"name":"wp","href":"https:\/\/api.w.org\/{rel}","templated":true}]}}