{"id":6319,"date":"2017-09-27T18:15:53","date_gmt":"2017-09-27T18:15:53","guid":{"rendered":"https:\/\/www.consuladordholanda.com\/?p=2939"},"modified":"2017-09-27T18:15:53","modified_gmt":"2017-09-27T18:15:53","slug":"i-juegos-patrios-dominicanos-europa-2017","status":"publish","type":"post","link":"https:\/\/nld.mirex.gob.do\/consular\/amsterdam\/i-juegos-patrios-dominicanos-europa-2017\/","title":{"rendered":"I Juegos Patrios Dominicanos Europa 2017"},"content":{"rendered":"<p><strong>La comunidad dominicana en Europa ha sido declarada como 7.\u00aa zona deportiva para participar en los Juegos Nacionales de 2018<\/strong><\/p>\n<p><img fetchpriority=\"high\" decoding=\"async\" class=\"alignnone size-full wp-image-2938\" src=\"https:\/\/www.consuladordholanda.com\/wp-content\/uploads\/2017\/09\/I-Juegos-Patrios-Dominicanos-Europa-2017.jpg\" alt=\"\" width=\"600\" height=\"465\"><\/p>\n<p>La comunidad dominicana en Europa ha sido declarada como 7.\u00aa zona deportiva para participar en los Juegos Nacionales de 2018<\/p>\n<p>Madrid, Espa\u00f1a.- Como una acci\u00f3n que busca exaltar la identidad y la integraci\u00f3n de los nacionales dominicanos a trav\u00e9s del deporte, el Gobierno dominicano instruy\u00f3 al Ministerio de Deportes y Recreaci\u00f3n de la Rep\u00fablica Dominicana (MIDEREC) y al Consulado General de la Rep\u00fablica Dominicana en Madrid, a organizar los I Juegos Patrios Dominicanos Europa 2017, a celebrarse el pr\u00f3ximo mes de octubre en la ciudad de Madrid.<\/p>\n<p>Los dominicanos en Europa han sido incluidos como s\u00e9ptima zona deportiva para participar en los pr\u00f3ximos Juegos Nacionales Salcedo 2018, inclusi\u00f3n que responde a la firme voluntad del Gobierno de la Rep\u00fablica Dominicana, encabezada por el Presidente Danilo Medina, de proyectar los valores y la imagen del pa\u00eds a trav\u00e9s del deporte, al tiempo de potencializar la integraci\u00f3n de nuestros nacionales en el exterior.<\/p>\n<p>Los I Juegos Patrios Dominicanos Europa 2017 buscan dejar conformada la delegaci\u00f3n que representar\u00e1 a la comunidad dominicana en Europa en los Juegos Nacionales Salcedo 2018.<\/p>\n<p>Para estos fines qued\u00f3 conformado el Comit\u00e9 Organizador de los juegos en un acto que cont\u00f3 con la participaci\u00f3n del Ministro de Deportes de la Rep\u00fablica Dominicana, don Danilo D\u00edaz, del Excmo. Sr. Embajador de la Rep\u00fablica Dominicana ante el Reino de Espa\u00f1a, don Olivo Andr\u00e9s Rodr\u00edguez Huertas, quien tambi\u00e9n es el Presidente del Comit\u00e9 de Honor; el C\u00f3nsul General de la Rep\u00fablica Dominicana en Madrid, don Rafael Acosta, quien a su vez preside el Comit\u00e9 Organizador; don Roberto Jim\u00e9nez, director general; y don Domingo Cuevas, director t\u00e9cnico.<\/p>\n<p>El acto cont\u00f3 adem\u00e1s con la presencia de representantes del cuerpo diplom\u00e1tico y consular de la Rep\u00fablica Dominicana en Europa, as\u00ed como miembros de diversas instituciones oficiales espa\u00f1olas como es el caso de don Mauricio Valiente, presidente de la Junta Municipal del Distrito de Chamart\u00edn, en representaci\u00f3n de do\u00f1a Montserrat Galcer\u00e1n, presidenta de la Junta del Distrito de Tetu\u00e1n y Moncloa, don Pablo Salazar, director general de Juventud y Deportes de la Comunidad de Madrid, en representaci\u00f3n de do\u00f1a Cristina Cifuentes, Presidenta de dicha Comunidad Aut\u00f3noma.<\/p>\n<p>El encuentro deportivo se desarrollar\u00e1 en tres fases: una primera fase est\u00e1 marcada por las eliminatorias provinciales, regionales y de pa\u00edses, celebradas del 24 de junio al 10 de septiembre y finalmente la eliminatoria europea pautada para los d\u00edas del 14 al 22 de octubre.<\/p>\n<p>Los I Juegos Patrios Dominicanos Europa 2017 constituir\u00e1n un magn\u00edfico espacio de interrelaci\u00f3n de dimensiones culturales, institucionales, empresariales, medi\u00e1ticas y asociativas entre la Rep\u00fablica Dominicana y los pa\u00edses europeos que acogen a los atletas.<\/p>\n<p>El acto donde se dej\u00f3 oficialmente presentado el Comit\u00e9 Organizador de los I Primeros Juegos Patrios Europa 2017, se llev\u00f3 a cabo el lunes 17 de julio, a las 11.00 horas, en las instalaciones de la Fundaci\u00f3n de Formaci\u00f3n y Empleo (FOREM), sita en la calle Las Mercedes, 19, Madrid<\/p>\n","protected":false},"excerpt":{"rendered":"<p>La comunidad dominicana en Europa ha sido declarada como 7.\u00aa zona deportiva para participar en los Juegos Nacionales de 2018 La comunidad dominicana en Europa ha sido declarada como 7.\u00aa zona deportiva para participar en los Juegos Nacionales de 2018 Madrid, Espa\u00f1a.- Como una acci\u00f3n que busca exaltar la identidad y la integraci\u00f3n de los [&hellip;]<\/p>\n","protected":false},"author":8,"featured_media":2938,"comment_status":"closed","ping_status":"open","sticky":false,"template":"","format":"standard","meta":{"site-sidebar-layout":"default","site-content-layout":"","ast-site-content-layout":"default","site-content-style":"default","site-sidebar-style":"default","ast-global-header-display":"","ast-banner-title-visibility":"","ast-main-header-display":"","ast-hfb-above-header-display":"","ast-hfb-below-header-display":"","ast-hfb-mobile-header-display":"","site-post-title":"","ast-breadcrumbs-content":"","ast-featured-img":"","footer-sml-layout":"","ast-disable-related-posts":"","theme-transparent-header-meta":"","adv-header-id-meta":"","stick-header-meta":"","header-above-stick-meta":"","header-main-stick-meta":"","header-below-stick-meta":"","astra-migrate-meta-layouts":"default","ast-page-background-enabled":"default","ast-page-background-meta":{"desktop":{"background-color":"","background-image":"","background-repeat":"repeat","background-position":"center center","background-size":"auto","background-attachment":"scroll","background-type":"","background-media":"","overlay-type":"","overlay-color":"","overlay-opacity":"","overlay-gradient":""},"tablet":{"background-color":"","background-image":"","background-repeat":"repeat","background-position":"center center","background-size":"auto","background-attachment":"scroll","background-type":"","background-media":"","overlay-type":"","overlay-color":"","overlay-opacity":"","overlay-gradient":""},"mobile":{"background-color":"","background-image":"","background-repeat":"repeat","background-position":"center center","background-size":"auto","background-attachment":"scroll","background-type":"","background-media":"","overlay-type":"","overlay-color":"","overlay-opacity":"","overlay-gradient":""}},"ast-content-background-meta":{"desktop":{"background-color":"var(--ast-global-color-5)","background-image":"","background-repeat":"repeat","background-position":"center center","background-size":"auto","background-attachment":"scroll","background-type":"","background-media":"","overlay-type":"","overlay-color":"","overlay-opacity":"","overlay-gradient":""},"tablet":{"background-color":"var(--ast-global-color-5)","background-image":"","background-repeat":"repeat","background-position":"center center","background-size":"auto","background-attachment":"scroll","background-type":"","background-media":"","overlay-type":"","overlay-color":"","overlay-opacity":"","overlay-gradient":""},"mobile":{"background-color":"var(--ast-global-color-5)","background-image":"","background-repeat":"repeat","background-position":"center center","background-size":"auto","background-attachment":"scroll","background-type":"","background-media":"","overlay-type":"","overlay-color":"","overlay-opacity":"","overlay-gradient":""}},"footnotes":""},"categories":[101,282],"tags":[],"class_list":["post-6319","post","type-post","status-publish","format-standard","has-post-thumbnail","hentry","category-actividades","category-deporte"],"yoast_head":"<!-- This site is optimized with the Yoast SEO plugin v27.4 - https:\/\/yoast.com\/product\/yoast-seo-wordpress\/ -->\n<title>I Juegos Patrios Dominicanos Europa 2017 - Consulado General de la Rep\u00fablica Dominicana en La Haya, Reino de los Pa\u00edses Bajos<\/title>\n<meta name=\"robots\" content=\"index, follow, max-snippet:-1, max-image-preview:large, max-video-preview:-1\" \/>\n<link rel=\"canonical\" href=\"https:\/\/nld.mirex.gob.do\/consular\/amsterdam\/i-juegos-patrios-dominicanos-europa-2017\/\" \/>\n<meta property=\"og:locale\" content=\"en_US\" \/>\n<meta property=\"og:type\" content=\"article\" \/>\n<meta property=\"og:title\" content=\"I Juegos Patrios Dominicanos Europa 2017 - Consulado General de la Rep\u00fablica Dominicana en La Haya, Reino de los Pa\u00edses Bajos\" \/>\n<meta property=\"og:description\" content=\"La comunidad dominicana en Europa ha sido declarada como 7.\u00aa zona deportiva para participar en los Juegos Nacionales de 2018 La comunidad dominicana en Europa ha sido declarada como 7.\u00aa zona deportiva para participar en los Juegos Nacionales de 2018 Madrid, Espa\u00f1a.- Como una acci\u00f3n que busca exaltar la identidad y la integraci\u00f3n de los [&hellip;]\" \/>\n<meta property=\"og:url\" content=\"https:\/\/nld.mirex.gob.do\/consular\/amsterdam\/i-juegos-patrios-dominicanos-europa-2017\/\" \/>\n<meta property=\"og:site_name\" content=\"Consulado General de la Rep\u00fablica Dominicana en La Haya, Reino de los Pa\u00edses Bajos\" \/>\n<meta property=\"article:published_time\" content=\"2017-09-27T18:15:53+00:00\" \/>\n<meta name=\"author\" content=\"Michael Antonio Melo Andujar\" \/>\n<meta name=\"twitter:card\" content=\"summary_large_image\" \/>\n<meta name=\"twitter:label1\" content=\"Written by\" \/>\n\t<meta name=\"twitter:data1\" content=\"Michael Antonio Melo Andujar\" \/>\n\t<meta name=\"twitter:label2\" content=\"Est. reading time\" \/>\n\t<meta name=\"twitter:data2\" content=\"3 minutes\" \/>\n<script type=\"application\/ld+json\" class=\"yoast-schema-graph\">{\"@context\":\"https:\\\/\\\/schema.org\",\"@graph\":[{\"@type\":\"Article\",\"@id\":\"https:\\\/\\\/nld.mirex.gob.do\\\/consular\\\/amsterdam\\\/i-juegos-patrios-dominicanos-europa-2017\\\/#article\",\"isPartOf\":{\"@id\":\"https:\\\/\\\/nld.mirex.gob.do\\\/consular\\\/amsterdam\\\/i-juegos-patrios-dominicanos-europa-2017\\\/\"},\"author\":{\"name\":\"Michael Antonio Melo Andujar\",\"@id\":\"https:\\\/\\\/nld.mirex.gob.do\\\/consular\\\/amsterdam\\\/#\\\/schema\\\/person\\\/772a9951ade6a7e4ab978b618b619ff8\"},\"headline\":\"I Juegos Patrios Dominicanos Europa 2017\",\"datePublished\":\"2017-09-27T18:15:53+00:00\",\"mainEntityOfPage\":{\"@id\":\"https:\\\/\\\/nld.mirex.gob.do\\\/consular\\\/amsterdam\\\/i-juegos-patrios-dominicanos-europa-2017\\\/\"},\"wordCount\":539,\"publisher\":{\"@id\":\"https:\\\/\\\/nld.mirex.gob.do\\\/consular\\\/amsterdam\\\/#organization\"},\"image\":{\"@id\":\"https:\\\/\\\/nld.mirex.gob.do\\\/consular\\\/amsterdam\\\/i-juegos-patrios-dominicanos-europa-2017\\\/#primaryimage\"},\"thumbnailUrl\":\"\",\"articleSection\":[\"Actividades\",\"Deporte\"],\"inLanguage\":\"en-US\"},{\"@type\":\"WebPage\",\"@id\":\"https:\\\/\\\/nld.mirex.gob.do\\\/consular\\\/amsterdam\\\/i-juegos-patrios-dominicanos-europa-2017\\\/\",\"url\":\"https:\\\/\\\/nld.mirex.gob.do\\\/consular\\\/amsterdam\\\/i-juegos-patrios-dominicanos-europa-2017\\\/\",\"name\":\"I Juegos Patrios Dominicanos Europa 2017 - Consulado General de la Rep\u00fablica Dominicana en La Haya, Reino de los Pa\u00edses Bajos\",\"isPartOf\":{\"@id\":\"https:\\\/\\\/nld.mirex.gob.do\\\/consular\\\/amsterdam\\\/#website\"},\"primaryImageOfPage\":{\"@id\":\"https:\\\/\\\/nld.mirex.gob.do\\\/consular\\\/amsterdam\\\/i-juegos-patrios-dominicanos-europa-2017\\\/#primaryimage\"},\"image\":{\"@id\":\"https:\\\/\\\/nld.mirex.gob.do\\\/consular\\\/amsterdam\\\/i-juegos-patrios-dominicanos-europa-2017\\\/#primaryimage\"},\"thumbnailUrl\":\"\",\"datePublished\":\"2017-09-27T18:15:53+00:00\",\"breadcrumb\":{\"@id\":\"https:\\\/\\\/nld.mirex.gob.do\\\/consular\\\/amsterdam\\\/i-juegos-patrios-dominicanos-europa-2017\\\/#breadcrumb\"},\"inLanguage\":\"en-US\",\"potentialAction\":[{\"@type\":\"ReadAction\",\"target\":[\"https:\\\/\\\/nld.mirex.gob.do\\\/consular\\\/amsterdam\\\/i-juegos-patrios-dominicanos-europa-2017\\\/\"]}]},{\"@type\":\"ImageObject\",\"inLanguage\":\"en-US\",\"@id\":\"https:\\\/\\\/nld.mirex.gob.do\\\/consular\\\/amsterdam\\\/i-juegos-patrios-dominicanos-europa-2017\\\/#primaryimage\",\"url\":\"\",\"contentUrl\":\"\"},{\"@type\":\"BreadcrumbList\",\"@id\":\"https:\\\/\\\/nld.mirex.gob.do\\\/consular\\\/amsterdam\\\/i-juegos-patrios-dominicanos-europa-2017\\\/#breadcrumb\",\"itemListElement\":[{\"@type\":\"ListItem\",\"position\":1,\"name\":\"Inicio\",\"item\":\"https:\\\/\\\/nld.mirex.gob.do\\\/consular\\\/amsterdam\\\/\"},{\"@type\":\"ListItem\",\"position\":2,\"name\":\"I Juegos Patrios Dominicanos Europa 2017\"}]},{\"@type\":\"WebSite\",\"@id\":\"https:\\\/\\\/nld.mirex.gob.do\\\/consular\\\/amsterdam\\\/#website\",\"url\":\"https:\\\/\\\/nld.mirex.gob.do\\\/consular\\\/amsterdam\\\/\",\"name\":\"Consulado General de la Rep\u00fablica Dominicana en La Haya, Reino de los Pa\u00edses Bajos\",\"description\":\"\",\"publisher\":{\"@id\":\"https:\\\/\\\/nld.mirex.gob.do\\\/consular\\\/amsterdam\\\/#organization\"},\"potentialAction\":[{\"@type\":\"SearchAction\",\"target\":{\"@type\":\"EntryPoint\",\"urlTemplate\":\"https:\\\/\\\/nld.mirex.gob.do\\\/consular\\\/amsterdam\\\/?s={search_term_string}\"},\"query-input\":{\"@type\":\"PropertyValueSpecification\",\"valueRequired\":true,\"valueName\":\"search_term_string\"}}],\"inLanguage\":\"en-US\"},{\"@type\":\"Organization\",\"@id\":\"https:\\\/\\\/nld.mirex.gob.do\\\/consular\\\/amsterdam\\\/#organization\",\"name\":\"Consulado General de la Rep\u00fablica Dominicana en La Haya, Reino de los Pa\u00edses Bajos\",\"url\":\"https:\\\/\\\/nld.mirex.gob.do\\\/consular\\\/amsterdam\\\/\",\"logo\":{\"@type\":\"ImageObject\",\"inLanguage\":\"en-US\",\"@id\":\"https:\\\/\\\/nld.mirex.gob.do\\\/consular\\\/amsterdam\\\/#\\\/schema\\\/logo\\\/image\\\/\",\"url\":\"https:\\\/\\\/nld.mirex.gob.do\\\/consular\\\/amsterdam\\\/wp-content\\\/uploads\\\/2024\\\/04\\\/cropped-consulado_la_haya_reinode_los_Paises_Bajos.jpg\",\"contentUrl\":\"https:\\\/\\\/nld.mirex.gob.do\\\/consular\\\/amsterdam\\\/wp-content\\\/uploads\\\/2024\\\/04\\\/cropped-consulado_la_haya_reinode_los_Paises_Bajos.jpg\",\"width\":999,\"height\":407,\"caption\":\"Consulado General de la Rep\u00fablica Dominicana en La Haya, Reino de los Pa\u00edses Bajos\"},\"image\":{\"@id\":\"https:\\\/\\\/nld.mirex.gob.do\\\/consular\\\/amsterdam\\\/#\\\/schema\\\/logo\\\/image\\\/\"}},{\"@type\":\"Person\",\"@id\":\"https:\\\/\\\/nld.mirex.gob.do\\\/consular\\\/amsterdam\\\/#\\\/schema\\\/person\\\/772a9951ade6a7e4ab978b618b619ff8\",\"name\":\"Michael Antonio Melo Andujar\",\"image\":{\"@type\":\"ImageObject\",\"inLanguage\":\"en-US\",\"@id\":\"https:\\\/\\\/secure.gravatar.com\\\/avatar\\\/f8862d24b6945a30d30c9727ef9dfcd533ee25a18a27afc92991446aeb0e652d?s=96&d=mm&r=g\",\"url\":\"https:\\\/\\\/secure.gravatar.com\\\/avatar\\\/f8862d24b6945a30d30c9727ef9dfcd533ee25a18a27afc92991446aeb0e652d?s=96&d=mm&r=g\",\"contentUrl\":\"https:\\\/\\\/secure.gravatar.com\\\/avatar\\\/f8862d24b6945a30d30c9727ef9dfcd533ee25a18a27afc92991446aeb0e652d?s=96&d=mm&r=g\",\"caption\":\"Michael Antonio Melo Andujar\"}}]}<\/script>\n<!-- \/ Yoast SEO plugin. -->","yoast_head_json":{"title":"I Juegos Patrios Dominicanos Europa 2017 - Consulado General de la Rep\u00fablica Dominicana en La Haya, Reino de los Pa\u00edses Bajos","robots":{"index":"index","follow":"follow","max-snippet":"max-snippet:-1","max-image-preview":"max-image-preview:large","max-video-preview":"max-video-preview:-1"},"canonical":"https:\/\/nld.mirex.gob.do\/consular\/amsterdam\/i-juegos-patrios-dominicanos-europa-2017\/","og_locale":"en_US","og_type":"article","og_title":"I Juegos Patrios Dominicanos Europa 2017 - Consulado General de la Rep\u00fablica Dominicana en La Haya, Reino de los Pa\u00edses Bajos","og_description":"La comunidad dominicana en Europa ha sido declarada como 7.\u00aa zona deportiva para participar en los Juegos Nacionales de 2018 La comunidad dominicana en Europa ha sido declarada como 7.\u00aa zona deportiva para participar en los Juegos Nacionales de 2018 Madrid, Espa\u00f1a.- Como una acci\u00f3n que busca exaltar la identidad y la integraci\u00f3n de los [&hellip;]","og_url":"https:\/\/nld.mirex.gob.do\/consular\/amsterdam\/i-juegos-patrios-dominicanos-europa-2017\/","og_site_name":"Consulado General de la Rep\u00fablica Dominicana en La Haya, Reino de los Pa\u00edses Bajos","article_published_time":"2017-09-27T18:15:53+00:00","author":"Michael Antonio Melo Andujar","twitter_card":"summary_large_image","twitter_misc":{"Written by":"Michael Antonio Melo Andujar","Est. reading time":"3 minutes"},"schema":{"@context":"https:\/\/schema.org","@graph":[{"@type":"Article","@id":"https:\/\/nld.mirex.gob.do\/consular\/amsterdam\/i-juegos-patrios-dominicanos-europa-2017\/#article","isPartOf":{"@id":"https:\/\/nld.mirex.gob.do\/consular\/amsterdam\/i-juegos-patrios-dominicanos-europa-2017\/"},"author":{"name":"Michael Antonio Melo Andujar","@id":"https:\/\/nld.mirex.gob.do\/consular\/amsterdam\/#\/schema\/person\/772a9951ade6a7e4ab978b618b619ff8"},"headline":"I Juegos Patrios Dominicanos Europa 2017","datePublished":"2017-09-27T18:15:53+00:00","mainEntityOfPage":{"@id":"https:\/\/nld.mirex.gob.do\/consular\/amsterdam\/i-juegos-patrios-dominicanos-europa-2017\/"},"wordCount":539,"publisher":{"@id":"https:\/\/nld.mirex.gob.do\/consular\/amsterdam\/#organization"},"image":{"@id":"https:\/\/nld.mirex.gob.do\/consular\/amsterdam\/i-juegos-patrios-dominicanos-europa-2017\/#primaryimage"},"thumbnailUrl":"","articleSection":["Actividades","Deporte"],"inLanguage":"en-US"},{"@type":"WebPage","@id":"https:\/\/nld.mirex.gob.do\/consular\/amsterdam\/i-juegos-patrios-dominicanos-europa-2017\/","url":"https:\/\/nld.mirex.gob.do\/consular\/amsterdam\/i-juegos-patrios-dominicanos-europa-2017\/","name":"I Juegos Patrios Dominicanos Europa 2017 - Consulado General de la Rep\u00fablica Dominicana en La Haya, Reino de los Pa\u00edses Bajos","isPartOf":{"@id":"https:\/\/nld.mirex.gob.do\/consular\/amsterdam\/#website"},"primaryImageOfPage":{"@id":"https:\/\/nld.mirex.gob.do\/consular\/amsterdam\/i-juegos-patrios-dominicanos-europa-2017\/#primaryimage"},"image":{"@id":"https:\/\/nld.mirex.gob.do\/consular\/amsterdam\/i-juegos-patrios-dominicanos-europa-2017\/#primaryimage"},"thumbnailUrl":"","datePublished":"2017-09-27T18:15:53+00:00","breadcrumb":{"@id":"https:\/\/nld.mirex.gob.do\/consular\/amsterdam\/i-juegos-patrios-dominicanos-europa-2017\/#breadcrumb"},"inLanguage":"en-US","potentialAction":[{"@type":"ReadAction","target":["https:\/\/nld.mirex.gob.do\/consular\/amsterdam\/i-juegos-patrios-dominicanos-europa-2017\/"]}]},{"@type":"ImageObject","inLanguage":"en-US","@id":"https:\/\/nld.mirex.gob.do\/consular\/amsterdam\/i-juegos-patrios-dominicanos-europa-2017\/#primaryimage","url":"","contentUrl":""},{"@type":"BreadcrumbList","@id":"https:\/\/nld.mirex.gob.do\/consular\/amsterdam\/i-juegos-patrios-dominicanos-europa-2017\/#breadcrumb","itemListElement":[{"@type":"ListItem","position":1,"name":"Inicio","item":"https:\/\/nld.mirex.gob.do\/consular\/amsterdam\/"},{"@type":"ListItem","position":2,"name":"I Juegos Patrios Dominicanos Europa 2017"}]},{"@type":"WebSite","@id":"https:\/\/nld.mirex.gob.do\/consular\/amsterdam\/#website","url":"https:\/\/nld.mirex.gob.do\/consular\/amsterdam\/","name":"Consulado General de la Rep\u00fablica Dominicana en La Haya, Reino de los Pa\u00edses Bajos","description":"","publisher":{"@id":"https:\/\/nld.mirex.gob.do\/consular\/amsterdam\/#organization"},"potentialAction":[{"@type":"SearchAction","target":{"@type":"EntryPoint","urlTemplate":"https:\/\/nld.mirex.gob.do\/consular\/amsterdam\/?s={search_term_string}"},"query-input":{"@type":"PropertyValueSpecification","valueRequired":true,"valueName":"search_term_string"}}],"inLanguage":"en-US"},{"@type":"Organization","@id":"https:\/\/nld.mirex.gob.do\/consular\/amsterdam\/#organization","name":"Consulado General de la Rep\u00fablica Dominicana en La Haya, Reino de los Pa\u00edses Bajos","url":"https:\/\/nld.mirex.gob.do\/consular\/amsterdam\/","logo":{"@type":"ImageObject","inLanguage":"en-US","@id":"https:\/\/nld.mirex.gob.do\/consular\/amsterdam\/#\/schema\/logo\/image\/","url":"https:\/\/nld.mirex.gob.do\/consular\/amsterdam\/wp-content\/uploads\/2024\/04\/cropped-consulado_la_haya_reinode_los_Paises_Bajos.jpg","contentUrl":"https:\/\/nld.mirex.gob.do\/consular\/amsterdam\/wp-content\/uploads\/2024\/04\/cropped-consulado_la_haya_reinode_los_Paises_Bajos.jpg","width":999,"height":407,"caption":"Consulado General de la Rep\u00fablica Dominicana en La Haya, Reino de los Pa\u00edses Bajos"},"image":{"@id":"https:\/\/nld.mirex.gob.do\/consular\/amsterdam\/#\/schema\/logo\/image\/"}},{"@type":"Person","@id":"https:\/\/nld.mirex.gob.do\/consular\/amsterdam\/#\/schema\/person\/772a9951ade6a7e4ab978b618b619ff8","name":"Michael Antonio Melo Andujar","image":{"@type":"ImageObject","inLanguage":"en-US","@id":"https:\/\/secure.gravatar.com\/avatar\/f8862d24b6945a30d30c9727ef9dfcd533ee25a18a27afc92991446aeb0e652d?s=96&d=mm&r=g","url":"https:\/\/secure.gravatar.com\/avatar\/f8862d24b6945a30d30c9727ef9dfcd533ee25a18a27afc92991446aeb0e652d?s=96&d=mm&r=g","contentUrl":"https:\/\/secure.gravatar.com\/avatar\/f8862d24b6945a30d30c9727ef9dfcd533ee25a18a27afc92991446aeb0e652d?s=96&d=mm&r=g","caption":"Michael Antonio Melo Andujar"}}]}},"_links":{"self":[{"href":"https:\/\/nld.mirex.gob.do\/consular\/amsterdam\/wp-json\/wp\/v2\/posts\/6319","targetHints":{"allow":["GET"]}}],"collection":[{"href":"https:\/\/nld.mirex.gob.do\/consular\/amsterdam\/wp-json\/wp\/v2\/posts"}],"about":[{"href":"https:\/\/nld.mirex.gob.do\/consular\/amsterdam\/wp-json\/wp\/v2\/types\/post"}],"author":[{"embeddable":true,"href":"https:\/\/nld.mirex.gob.do\/consular\/amsterdam\/wp-json\/wp\/v2\/users\/8"}],"replies":[{"embeddable":true,"href":"https:\/\/nld.mirex.gob.do\/consular\/amsterdam\/wp-json\/wp\/v2\/comments?post=6319"}],"version-history":[{"count":0,"href":"https:\/\/nld.mirex.gob.do\/consular\/amsterdam\/wp-json\/wp\/v2\/posts\/6319\/revisions"}],"wp:featuredmedia":[{"embeddable":true,"href":"https:\/\/nld.mirex.gob.do\/consular\/amsterdam\/wp-json\/"}],"wp:attachment":[{"href":"https:\/\/nld.mirex.gob.do\/consular\/amsterdam\/wp-json\/wp\/v2\/media?parent=6319"}],"wp:term":[{"taxonomy":"category","embeddable":true,"href":"https:\/\/nld.mirex.gob.do\/consular\/amsterdam\/wp-json\/wp\/v2\/categories?post=6319"},{"taxonomy":"post_tag","embeddable":true,"href":"https:\/\/nld.mirex.gob.do\/consular\/amsterdam\/wp-json\/wp\/v2\/tags?post=6319"}],"curies":[{"name":"wp","href":"https:\/\/api.w.org\/{rel}","templated":true}]}}