{"id":6316,"date":"2017-06-19T08:40:57","date_gmt":"2017-06-19T08:40:57","guid":{"rendered":"https:\/\/www.consuladordholanda.com\/?p=2838"},"modified":"2017-06-19T08:40:57","modified_gmt":"2017-06-19T08:40:57","slug":"finalizo-exito-la-feria-expo-mango-2017","status":"publish","type":"post","link":"https:\/\/nld.mirex.gob.do\/consular\/amsterdam\/finalizo-exito-la-feria-expo-mango-2017\/","title":{"rendered":"Finaliz\u00f3 con exito la feria \u201cExpo Mango 2017\u201d"},"content":{"rendered":"<p>Con la asistencia de miles de visitantes concluy\u00f3 este domingo la XIII versi\u00f3n de la fiesta por la cosecha del mango en la Rep\u00fablica Dominicana \u201cExpo Mango 2017.<\/p>\n<p><img fetchpriority=\"high\" decoding=\"async\" class=\"alignnone size-full wp-image-2839\" src=\"https:\/\/www.consuladordholanda.com\/wp-content\/uploads\/2017\/06\/expo-1-678x450.jpg\" alt=\"\" width=\"678\" height=\"450\"><\/p>\n<p>En nombre del comit\u00e9 organizador de ExpoMango 2017, la licenciada Gisela Taveras, directora ejecutiva del Cl\u00faster del Mango Dominicano, expres\u00f3 de manera emotiva su agradecimiento por el apoyo recibido del p\u00fablico y de los medios de comunicaci\u00f3n a la versi\u00f3n 2017 de esta singular feria, celebrada en la plaza Joaqu\u00edn Sergio Inch\u00e1ustegui Cabral del Palacio Municipal de Ban\u00ed.<\/p>\n<p>Taveras destac\u00f3 que esta <a title=\"feria\" href=\"http:\/\/hoy.com.do\/etiqueta\/feria\/\">feria<\/a> cultural y educativa cuyo motor es el mango,ha permitido promover la siembra y producci\u00f3n de mango con calidad para exportaci\u00f3n y consumo local, resaltando que el a\u00f1o pasado el \u00e1rea se siembra sobrepas\u00f3 las 100 tareas con m\u00e1s de 1500 plantaciones organizadas, generando divisas al pa\u00eds por m\u00e1s de 20 millones de d\u00f3lares.<\/p>\n<p>La producci\u00f3n y comercializaci\u00f3n de mango se ha convertido en una alternativa econ\u00f3mica para la generaci\u00f3n de empleos y recursos para mejorar la situaci\u00f3n econ\u00f3mica de los productores, siendo las provincias de la regi\u00f3n sur, especialmente, Peravia, San Crist\u00f3bal, Azua, San Juan, Barahona y Bahoruco, las que producen m\u00e1s del 85% de la producci\u00f3n nacional.<\/p>\n<h4>Sobre las actividades celebradas dentro de Expo Mango 2017<\/h4>\n<p>Para Expo Mango 2017, el Comit\u00e9 Organizador prepar\u00f3 un amplio programa educativo y cultural. Como cada versi\u00f3n de la feria, de manera permanente se ten\u00eda una exhibici\u00f3npermanente de la diversidad gen\u00e9tica del mango dominicano con m\u00e1s de 50 variedades de magos, venta de mangos y productos a base de mango, venta de insumos y equipos, exhibici\u00f3n de tecnolog\u00edas de producci\u00f3n, conferencias tecnol\u00f3gicas, exhibici\u00f3n y degustaci\u00f3n de platos culinarios y de las principales variedades de mangos comercializadas en el pa\u00eds. Durante todo el d\u00eda se realizaron actividades art\u00edsticas en la plazoleta del Ayuntamiento de Ban\u00ed.<\/p>\n<p>Se debe destacar que los asistentes tuvieron la oportunidad de degustar 23 variedades de mangos. Las variedades degustadas fueron: Mingolo, Grano de Oro, Pascual, Banilejo, Yamagui, Madame Franc\u00e9s, Keitt, Kent, Marcelo, Tommy Atkins, Moradito, Fabric\u00f3, Puntica, Grano de Oro, Gota de Oro, Crema de Oro, Parvin, Palmer, Springfield, Manzano, Rosita, Lu\u00eds, OsteenyHaden, fueron parte de las variedades que el p\u00fablico pudo probar y saborear durante su visita a la feria; para tal prop\u00f3sito se prepar\u00f3 una caseta especial dotada de las condiciones higi\u00e9nicas necesarias para hacer de su degustaci\u00f3n una experiencia inolvidable.<\/p>\n<p>Expo Mango 2017fue inaugurada por el Comit\u00e9 Organizador el pasado mi\u00e9rcoles 14por las autoridades del sector agropecuario, los productores y las autoridades de la provincia Peravia.<\/p>\n<p>Las actividades de capacitaci\u00f3n y actualizaci\u00f3n tecnol\u00f3gicas dirigidas a t\u00e9cnicos agr\u00edcolas, extensionistas, productores, empacadores y exportadores de mango de todo el pa\u00eds, se celebraron el martes 13 y el viernes 16, donde expertos nacionales e internacionales discut\u00edan en el Centro Cultural Perell\u00f3 temas relacionados con el tema central de Expo Mango 2017 \u201cProducir con Inocuidad para Exportar con Calidad\u201d. En 2o conferencias t\u00e9cnicas se discuti\u00f3los \u00faltimos avances tecnol\u00f3gicos para el fomento y producci\u00f3n de mangos dirigidos a la producci\u00f3n de mangos con calidad para exportaci\u00f3n.<\/p>\n<p>El viernes 16 de junio, estudiantes de la Escuela de Administraci\u00f3n Hotelera de la Pontificia Universidad Cat\u00f3lica Madre y Maestra (Pucmm) de Santo Domingo, presentaron platos preparados a base de mango. Entre los platos presentados y que fueron degustados por los participantes se destacan: arroz con mangos, granos con mangos y chutney de mango con cerdo. Los ingredientes utilizados fueron un aporte del Centro Cuesta Nacional (CCN) a trav\u00e9s del Supermercados Nacional.<\/p>\n<p>El mango es una fruta vers\u00e1til que puede ser utilizada para la preparaci\u00f3n de una gran variedad de platos tanto para la cocina gourmet como para la tradicional.<\/p>\n<p>El s\u00e1bado 17, cientos de asistentes fueron guiados por t\u00e9cnicos de la feria en visitas aplantaciones comerciales de mango, visitando la finca del productor On\u00e9simo Mej\u00eda, Milciades Santana y la finca del general Minaya en Fundaci\u00f3n.<\/p>\n<p>El domingo 18 se celebraron los famosos concursos sobre mango. En la ma\u00f1ana, se reconoci\u00f3 las mejores pinturas sobre mango realizadas por ni\u00f1os y se celebr\u00f3 elfamoso concurso de \u201cCome Mango\u201d, la elecci\u00f3n por tama\u00f1o y sabor de los mejores mangos criollos de las variedades \u2018Mingolo\u2019, \u2018Banilejo\u2019 y \u2018Crema de Oro\u2019 y del mango \u2018Banilejo\u2019 m\u00e1s grande.<\/p>\n<p>Las instituciones organizadoras de la feria son: el Cl\u00faster del Mango Dominicano, el Instituto Dominicano de Investigaciones Agropecuarias y Forestales (Idiaf), el Ministerio de Agricultura, el Instituto Agrario Dominicano (IAD), el Ayuntamiento de Ban\u00ed, la Gobernaci\u00f3n de la Provincia Peravia, el Centro de Exportaci\u00f3n e Inversi\u00f3n de la Rep\u00fablica Dominicana (CEI-RD), el Centro para el Desarrollo Agropecuario y Forestal (CEDAF), la Junta Agroempresarial Dominicana, el Ministerio de Turismo, el Ministerio de Cultura, la Junta Agroempresarial Dominicana, el Cl\u00faster Tur\u00edstico de Ban\u00ed, C\u00e1mara de Comercio Banileja, el Organismo Internacional Regional de Sanidad Agropecuaria (OIRSA)y el Consejo Nacional de Competitividad (CNC),entre otras instituciones.<\/p>\n<p>Finalmente, el Comit\u00e9 Organizador de \u201cExpo Mango 2017\u201d agradeci\u00f3 el apoyo recibido de los dominicanos y de las instituciones auspiciadoras y colaboradoras durante los \u00faltimos 13 a\u00f1os.<\/p>\n<p>Fuente: <a href=\"http:\/\/www.lavozdominicanaeneuropa.com\/finalizo-exito-la-feria-expo-mango-2017\/\" target=\"_blank\" rel=\"noopener\"><strong>La Voz Dominicana en Europa<\/strong><\/a><\/p>\n","protected":false},"excerpt":{"rendered":"<p>Con la asistencia de miles de visitantes concluy\u00f3 este domingo la XIII versi\u00f3n de la fiesta por la cosecha del mango en la Rep\u00fablica Dominicana \u201cExpo Mango 2017. En nombre del comit\u00e9 organizador de ExpoMango 2017, la licenciada Gisela Taveras, directora ejecutiva del Cl\u00faster del Mango Dominicano, expres\u00f3 de manera emotiva su agradecimiento por el [&hellip;]<\/p>\n","protected":false},"author":8,"featured_media":2839,"comment_status":"closed","ping_status":"open","sticky":false,"template":"","format":"standard","meta":{"site-sidebar-layout":"default","site-content-layout":"","ast-site-content-layout":"default","site-content-style":"default","site-sidebar-style":"default","ast-global-header-display":"","ast-banner-title-visibility":"","ast-main-header-display":"","ast-hfb-above-header-display":"","ast-hfb-below-header-display":"","ast-hfb-mobile-header-display":"","site-post-title":"","ast-breadcrumbs-content":"","ast-featured-img":"","footer-sml-layout":"","ast-disable-related-posts":"","theme-transparent-header-meta":"","adv-header-id-meta":"","stick-header-meta":"","header-above-stick-meta":"","header-main-stick-meta":"","header-below-stick-meta":"","astra-migrate-meta-layouts":"default","ast-page-background-enabled":"default","ast-page-background-meta":{"desktop":{"background-color":"","background-image":"","background-repeat":"repeat","background-position":"center center","background-size":"auto","background-attachment":"scroll","background-type":"","background-media":"","overlay-type":"","overlay-color":"","overlay-opacity":"","overlay-gradient":""},"tablet":{"background-color":"","background-image":"","background-repeat":"repeat","background-position":"center center","background-size":"auto","background-attachment":"scroll","background-type":"","background-media":"","overlay-type":"","overlay-color":"","overlay-opacity":"","overlay-gradient":""},"mobile":{"background-color":"","background-image":"","background-repeat":"repeat","background-position":"center center","background-size":"auto","background-attachment":"scroll","background-type":"","background-media":"","overlay-type":"","overlay-color":"","overlay-opacity":"","overlay-gradient":""}},"ast-content-background-meta":{"desktop":{"background-color":"var(--ast-global-color-5)","background-image":"","background-repeat":"repeat","background-position":"center center","background-size":"auto","background-attachment":"scroll","background-type":"","background-media":"","overlay-type":"","overlay-color":"","overlay-opacity":"","overlay-gradient":""},"tablet":{"background-color":"var(--ast-global-color-5)","background-image":"","background-repeat":"repeat","background-position":"center center","background-size":"auto","background-attachment":"scroll","background-type":"","background-media":"","overlay-type":"","overlay-color":"","overlay-opacity":"","overlay-gradient":""},"mobile":{"background-color":"var(--ast-global-color-5)","background-image":"","background-repeat":"repeat","background-position":"center center","background-size":"auto","background-attachment":"scroll","background-type":"","background-media":"","overlay-type":"","overlay-color":"","overlay-opacity":"","overlay-gradient":""}},"footnotes":""},"categories":[96,66],"tags":[264,365,366,302],"class_list":["post-6316","post","type-post","status-publish","format-standard","has-post-thumbnail","hentry","category-negocios","category-novedades","tag-alimentacion","tag-desarrollo-agroforestal","tag-economia","tag-inversion"],"yoast_head":"<!-- This site is optimized with the Yoast SEO plugin v27.4 - https:\/\/yoast.com\/product\/yoast-seo-wordpress\/ -->\n<title>Finaliz\u00f3 con exito la feria \u201cExpo Mango 2017\u201d - Consulado General de la Rep\u00fablica Dominicana en La Haya, Reino de los Pa\u00edses Bajos<\/title>\n<meta name=\"robots\" content=\"index, follow, max-snippet:-1, max-image-preview:large, max-video-preview:-1\" \/>\n<link rel=\"canonical\" href=\"https:\/\/nld.mirex.gob.do\/consular\/amsterdam\/finalizo-exito-la-feria-expo-mango-2017\/\" \/>\n<meta property=\"og:locale\" content=\"en_US\" \/>\n<meta property=\"og:type\" content=\"article\" \/>\n<meta property=\"og:title\" content=\"Finaliz\u00f3 con exito la feria \u201cExpo Mango 2017\u201d - Consulado General de la Rep\u00fablica Dominicana en La Haya, Reino de los Pa\u00edses Bajos\" \/>\n<meta property=\"og:description\" content=\"Con la asistencia de miles de visitantes concluy\u00f3 este domingo la XIII versi\u00f3n de la fiesta por la cosecha del mango en la Rep\u00fablica Dominicana \u201cExpo Mango 2017. En nombre del comit\u00e9 organizador de ExpoMango 2017, la licenciada Gisela Taveras, directora ejecutiva del Cl\u00faster del Mango Dominicano, expres\u00f3 de manera emotiva su agradecimiento por el [&hellip;]\" \/>\n<meta property=\"og:url\" content=\"https:\/\/nld.mirex.gob.do\/consular\/amsterdam\/finalizo-exito-la-feria-expo-mango-2017\/\" \/>\n<meta property=\"og:site_name\" content=\"Consulado General de la Rep\u00fablica Dominicana en La Haya, Reino de los Pa\u00edses Bajos\" \/>\n<meta property=\"article:published_time\" content=\"2017-06-19T08:40:57+00:00\" \/>\n<meta name=\"author\" content=\"Michael Antonio Melo Andujar\" \/>\n<meta name=\"twitter:card\" content=\"summary_large_image\" \/>\n<meta name=\"twitter:label1\" content=\"Written by\" \/>\n\t<meta name=\"twitter:data1\" content=\"Michael Antonio Melo Andujar\" \/>\n\t<meta name=\"twitter:label2\" content=\"Est. reading time\" \/>\n\t<meta name=\"twitter:data2\" content=\"4 minutes\" \/>\n<script type=\"application\/ld+json\" class=\"yoast-schema-graph\">{\"@context\":\"https:\\\/\\\/schema.org\",\"@graph\":[{\"@type\":\"Article\",\"@id\":\"https:\\\/\\\/nld.mirex.gob.do\\\/consular\\\/amsterdam\\\/finalizo-exito-la-feria-expo-mango-2017\\\/#article\",\"isPartOf\":{\"@id\":\"https:\\\/\\\/nld.mirex.gob.do\\\/consular\\\/amsterdam\\\/finalizo-exito-la-feria-expo-mango-2017\\\/\"},\"author\":{\"name\":\"Michael Antonio Melo Andujar\",\"@id\":\"https:\\\/\\\/nld.mirex.gob.do\\\/consular\\\/amsterdam\\\/#\\\/schema\\\/person\\\/772a9951ade6a7e4ab978b618b619ff8\"},\"headline\":\"Finaliz\u00f3 con exito la feria \u201cExpo Mango 2017\u201d\",\"datePublished\":\"2017-06-19T08:40:57+00:00\",\"mainEntityOfPage\":{\"@id\":\"https:\\\/\\\/nld.mirex.gob.do\\\/consular\\\/amsterdam\\\/finalizo-exito-la-feria-expo-mango-2017\\\/\"},\"wordCount\":906,\"publisher\":{\"@id\":\"https:\\\/\\\/nld.mirex.gob.do\\\/consular\\\/amsterdam\\\/#organization\"},\"image\":{\"@id\":\"https:\\\/\\\/nld.mirex.gob.do\\\/consular\\\/amsterdam\\\/finalizo-exito-la-feria-expo-mango-2017\\\/#primaryimage\"},\"thumbnailUrl\":\"\",\"keywords\":[\"Alimentaci\u00f3n\",\"Desarrollo agroforestal\",\"Econom\u00eda\",\"Inversi\u00f3n\"],\"articleSection\":[\"Negocios\",\"Novedades\"],\"inLanguage\":\"en-US\"},{\"@type\":\"WebPage\",\"@id\":\"https:\\\/\\\/nld.mirex.gob.do\\\/consular\\\/amsterdam\\\/finalizo-exito-la-feria-expo-mango-2017\\\/\",\"url\":\"https:\\\/\\\/nld.mirex.gob.do\\\/consular\\\/amsterdam\\\/finalizo-exito-la-feria-expo-mango-2017\\\/\",\"name\":\"Finaliz\u00f3 con exito la feria \u201cExpo Mango 2017\u201d - Consulado General de la Rep\u00fablica Dominicana en La Haya, Reino de los Pa\u00edses Bajos\",\"isPartOf\":{\"@id\":\"https:\\\/\\\/nld.mirex.gob.do\\\/consular\\\/amsterdam\\\/#website\"},\"primaryImageOfPage\":{\"@id\":\"https:\\\/\\\/nld.mirex.gob.do\\\/consular\\\/amsterdam\\\/finalizo-exito-la-feria-expo-mango-2017\\\/#primaryimage\"},\"image\":{\"@id\":\"https:\\\/\\\/nld.mirex.gob.do\\\/consular\\\/amsterdam\\\/finalizo-exito-la-feria-expo-mango-2017\\\/#primaryimage\"},\"thumbnailUrl\":\"\",\"datePublished\":\"2017-06-19T08:40:57+00:00\",\"breadcrumb\":{\"@id\":\"https:\\\/\\\/nld.mirex.gob.do\\\/consular\\\/amsterdam\\\/finalizo-exito-la-feria-expo-mango-2017\\\/#breadcrumb\"},\"inLanguage\":\"en-US\",\"potentialAction\":[{\"@type\":\"ReadAction\",\"target\":[\"https:\\\/\\\/nld.mirex.gob.do\\\/consular\\\/amsterdam\\\/finalizo-exito-la-feria-expo-mango-2017\\\/\"]}]},{\"@type\":\"ImageObject\",\"inLanguage\":\"en-US\",\"@id\":\"https:\\\/\\\/nld.mirex.gob.do\\\/consular\\\/amsterdam\\\/finalizo-exito-la-feria-expo-mango-2017\\\/#primaryimage\",\"url\":\"\",\"contentUrl\":\"\"},{\"@type\":\"BreadcrumbList\",\"@id\":\"https:\\\/\\\/nld.mirex.gob.do\\\/consular\\\/amsterdam\\\/finalizo-exito-la-feria-expo-mango-2017\\\/#breadcrumb\",\"itemListElement\":[{\"@type\":\"ListItem\",\"position\":1,\"name\":\"Inicio\",\"item\":\"https:\\\/\\\/nld.mirex.gob.do\\\/consular\\\/amsterdam\\\/\"},{\"@type\":\"ListItem\",\"position\":2,\"name\":\"Finaliz\u00f3 con exito la feria \u201cExpo Mango 2017\u201d\"}]},{\"@type\":\"WebSite\",\"@id\":\"https:\\\/\\\/nld.mirex.gob.do\\\/consular\\\/amsterdam\\\/#website\",\"url\":\"https:\\\/\\\/nld.mirex.gob.do\\\/consular\\\/amsterdam\\\/\",\"name\":\"Consulado General de la Rep\u00fablica Dominicana en La Haya, Reino de los Pa\u00edses Bajos\",\"description\":\"\",\"publisher\":{\"@id\":\"https:\\\/\\\/nld.mirex.gob.do\\\/consular\\\/amsterdam\\\/#organization\"},\"potentialAction\":[{\"@type\":\"SearchAction\",\"target\":{\"@type\":\"EntryPoint\",\"urlTemplate\":\"https:\\\/\\\/nld.mirex.gob.do\\\/consular\\\/amsterdam\\\/?s={search_term_string}\"},\"query-input\":{\"@type\":\"PropertyValueSpecification\",\"valueRequired\":true,\"valueName\":\"search_term_string\"}}],\"inLanguage\":\"en-US\"},{\"@type\":\"Organization\",\"@id\":\"https:\\\/\\\/nld.mirex.gob.do\\\/consular\\\/amsterdam\\\/#organization\",\"name\":\"Consulado General de la Rep\u00fablica Dominicana en La Haya, Reino de los Pa\u00edses Bajos\",\"url\":\"https:\\\/\\\/nld.mirex.gob.do\\\/consular\\\/amsterdam\\\/\",\"logo\":{\"@type\":\"ImageObject\",\"inLanguage\":\"en-US\",\"@id\":\"https:\\\/\\\/nld.mirex.gob.do\\\/consular\\\/amsterdam\\\/#\\\/schema\\\/logo\\\/image\\\/\",\"url\":\"https:\\\/\\\/nld.mirex.gob.do\\\/consular\\\/amsterdam\\\/wp-content\\\/uploads\\\/2024\\\/04\\\/cropped-consulado_la_haya_reinode_los_Paises_Bajos.jpg\",\"contentUrl\":\"https:\\\/\\\/nld.mirex.gob.do\\\/consular\\\/amsterdam\\\/wp-content\\\/uploads\\\/2024\\\/04\\\/cropped-consulado_la_haya_reinode_los_Paises_Bajos.jpg\",\"width\":999,\"height\":407,\"caption\":\"Consulado General de la Rep\u00fablica Dominicana en La Haya, Reino de los Pa\u00edses Bajos\"},\"image\":{\"@id\":\"https:\\\/\\\/nld.mirex.gob.do\\\/consular\\\/amsterdam\\\/#\\\/schema\\\/logo\\\/image\\\/\"}},{\"@type\":\"Person\",\"@id\":\"https:\\\/\\\/nld.mirex.gob.do\\\/consular\\\/amsterdam\\\/#\\\/schema\\\/person\\\/772a9951ade6a7e4ab978b618b619ff8\",\"name\":\"Michael Antonio Melo Andujar\",\"image\":{\"@type\":\"ImageObject\",\"inLanguage\":\"en-US\",\"@id\":\"https:\\\/\\\/secure.gravatar.com\\\/avatar\\\/f8862d24b6945a30d30c9727ef9dfcd533ee25a18a27afc92991446aeb0e652d?s=96&d=mm&r=g\",\"url\":\"https:\\\/\\\/secure.gravatar.com\\\/avatar\\\/f8862d24b6945a30d30c9727ef9dfcd533ee25a18a27afc92991446aeb0e652d?s=96&d=mm&r=g\",\"contentUrl\":\"https:\\\/\\\/secure.gravatar.com\\\/avatar\\\/f8862d24b6945a30d30c9727ef9dfcd533ee25a18a27afc92991446aeb0e652d?s=96&d=mm&r=g\",\"caption\":\"Michael Antonio Melo Andujar\"}}]}<\/script>\n<!-- \/ Yoast SEO plugin. -->","yoast_head_json":{"title":"Finaliz\u00f3 con exito la feria \u201cExpo Mango 2017\u201d - Consulado General de la Rep\u00fablica Dominicana en La Haya, Reino de los Pa\u00edses Bajos","robots":{"index":"index","follow":"follow","max-snippet":"max-snippet:-1","max-image-preview":"max-image-preview:large","max-video-preview":"max-video-preview:-1"},"canonical":"https:\/\/nld.mirex.gob.do\/consular\/amsterdam\/finalizo-exito-la-feria-expo-mango-2017\/","og_locale":"en_US","og_type":"article","og_title":"Finaliz\u00f3 con exito la feria \u201cExpo Mango 2017\u201d - Consulado General de la Rep\u00fablica Dominicana en La Haya, Reino de los Pa\u00edses Bajos","og_description":"Con la asistencia de miles de visitantes concluy\u00f3 este domingo la XIII versi\u00f3n de la fiesta por la cosecha del mango en la Rep\u00fablica Dominicana \u201cExpo Mango 2017. En nombre del comit\u00e9 organizador de ExpoMango 2017, la licenciada Gisela Taveras, directora ejecutiva del Cl\u00faster del Mango Dominicano, expres\u00f3 de manera emotiva su agradecimiento por el [&hellip;]","og_url":"https:\/\/nld.mirex.gob.do\/consular\/amsterdam\/finalizo-exito-la-feria-expo-mango-2017\/","og_site_name":"Consulado General de la Rep\u00fablica Dominicana en La Haya, Reino de los Pa\u00edses Bajos","article_published_time":"2017-06-19T08:40:57+00:00","author":"Michael Antonio Melo Andujar","twitter_card":"summary_large_image","twitter_misc":{"Written by":"Michael Antonio Melo Andujar","Est. reading time":"4 minutes"},"schema":{"@context":"https:\/\/schema.org","@graph":[{"@type":"Article","@id":"https:\/\/nld.mirex.gob.do\/consular\/amsterdam\/finalizo-exito-la-feria-expo-mango-2017\/#article","isPartOf":{"@id":"https:\/\/nld.mirex.gob.do\/consular\/amsterdam\/finalizo-exito-la-feria-expo-mango-2017\/"},"author":{"name":"Michael Antonio Melo Andujar","@id":"https:\/\/nld.mirex.gob.do\/consular\/amsterdam\/#\/schema\/person\/772a9951ade6a7e4ab978b618b619ff8"},"headline":"Finaliz\u00f3 con exito la feria \u201cExpo Mango 2017\u201d","datePublished":"2017-06-19T08:40:57+00:00","mainEntityOfPage":{"@id":"https:\/\/nld.mirex.gob.do\/consular\/amsterdam\/finalizo-exito-la-feria-expo-mango-2017\/"},"wordCount":906,"publisher":{"@id":"https:\/\/nld.mirex.gob.do\/consular\/amsterdam\/#organization"},"image":{"@id":"https:\/\/nld.mirex.gob.do\/consular\/amsterdam\/finalizo-exito-la-feria-expo-mango-2017\/#primaryimage"},"thumbnailUrl":"","keywords":["Alimentaci\u00f3n","Desarrollo agroforestal","Econom\u00eda","Inversi\u00f3n"],"articleSection":["Negocios","Novedades"],"inLanguage":"en-US"},{"@type":"WebPage","@id":"https:\/\/nld.mirex.gob.do\/consular\/amsterdam\/finalizo-exito-la-feria-expo-mango-2017\/","url":"https:\/\/nld.mirex.gob.do\/consular\/amsterdam\/finalizo-exito-la-feria-expo-mango-2017\/","name":"Finaliz\u00f3 con exito la feria \u201cExpo Mango 2017\u201d - Consulado General de la Rep\u00fablica Dominicana en La Haya, Reino de los Pa\u00edses Bajos","isPartOf":{"@id":"https:\/\/nld.mirex.gob.do\/consular\/amsterdam\/#website"},"primaryImageOfPage":{"@id":"https:\/\/nld.mirex.gob.do\/consular\/amsterdam\/finalizo-exito-la-feria-expo-mango-2017\/#primaryimage"},"image":{"@id":"https:\/\/nld.mirex.gob.do\/consular\/amsterdam\/finalizo-exito-la-feria-expo-mango-2017\/#primaryimage"},"thumbnailUrl":"","datePublished":"2017-06-19T08:40:57+00:00","breadcrumb":{"@id":"https:\/\/nld.mirex.gob.do\/consular\/amsterdam\/finalizo-exito-la-feria-expo-mango-2017\/#breadcrumb"},"inLanguage":"en-US","potentialAction":[{"@type":"ReadAction","target":["https:\/\/nld.mirex.gob.do\/consular\/amsterdam\/finalizo-exito-la-feria-expo-mango-2017\/"]}]},{"@type":"ImageObject","inLanguage":"en-US","@id":"https:\/\/nld.mirex.gob.do\/consular\/amsterdam\/finalizo-exito-la-feria-expo-mango-2017\/#primaryimage","url":"","contentUrl":""},{"@type":"BreadcrumbList","@id":"https:\/\/nld.mirex.gob.do\/consular\/amsterdam\/finalizo-exito-la-feria-expo-mango-2017\/#breadcrumb","itemListElement":[{"@type":"ListItem","position":1,"name":"Inicio","item":"https:\/\/nld.mirex.gob.do\/consular\/amsterdam\/"},{"@type":"ListItem","position":2,"name":"Finaliz\u00f3 con exito la feria \u201cExpo Mango 2017\u201d"}]},{"@type":"WebSite","@id":"https:\/\/nld.mirex.gob.do\/consular\/amsterdam\/#website","url":"https:\/\/nld.mirex.gob.do\/consular\/amsterdam\/","name":"Consulado General de la Rep\u00fablica Dominicana en La Haya, Reino de los Pa\u00edses Bajos","description":"","publisher":{"@id":"https:\/\/nld.mirex.gob.do\/consular\/amsterdam\/#organization"},"potentialAction":[{"@type":"SearchAction","target":{"@type":"EntryPoint","urlTemplate":"https:\/\/nld.mirex.gob.do\/consular\/amsterdam\/?s={search_term_string}"},"query-input":{"@type":"PropertyValueSpecification","valueRequired":true,"valueName":"search_term_string"}}],"inLanguage":"en-US"},{"@type":"Organization","@id":"https:\/\/nld.mirex.gob.do\/consular\/amsterdam\/#organization","name":"Consulado General de la Rep\u00fablica Dominicana en La Haya, Reino de los Pa\u00edses Bajos","url":"https:\/\/nld.mirex.gob.do\/consular\/amsterdam\/","logo":{"@type":"ImageObject","inLanguage":"en-US","@id":"https:\/\/nld.mirex.gob.do\/consular\/amsterdam\/#\/schema\/logo\/image\/","url":"https:\/\/nld.mirex.gob.do\/consular\/amsterdam\/wp-content\/uploads\/2024\/04\/cropped-consulado_la_haya_reinode_los_Paises_Bajos.jpg","contentUrl":"https:\/\/nld.mirex.gob.do\/consular\/amsterdam\/wp-content\/uploads\/2024\/04\/cropped-consulado_la_haya_reinode_los_Paises_Bajos.jpg","width":999,"height":407,"caption":"Consulado General de la Rep\u00fablica Dominicana en La Haya, Reino de los Pa\u00edses Bajos"},"image":{"@id":"https:\/\/nld.mirex.gob.do\/consular\/amsterdam\/#\/schema\/logo\/image\/"}},{"@type":"Person","@id":"https:\/\/nld.mirex.gob.do\/consular\/amsterdam\/#\/schema\/person\/772a9951ade6a7e4ab978b618b619ff8","name":"Michael Antonio Melo Andujar","image":{"@type":"ImageObject","inLanguage":"en-US","@id":"https:\/\/secure.gravatar.com\/avatar\/f8862d24b6945a30d30c9727ef9dfcd533ee25a18a27afc92991446aeb0e652d?s=96&d=mm&r=g","url":"https:\/\/secure.gravatar.com\/avatar\/f8862d24b6945a30d30c9727ef9dfcd533ee25a18a27afc92991446aeb0e652d?s=96&d=mm&r=g","contentUrl":"https:\/\/secure.gravatar.com\/avatar\/f8862d24b6945a30d30c9727ef9dfcd533ee25a18a27afc92991446aeb0e652d?s=96&d=mm&r=g","caption":"Michael Antonio Melo Andujar"}}]}},"_links":{"self":[{"href":"https:\/\/nld.mirex.gob.do\/consular\/amsterdam\/wp-json\/wp\/v2\/posts\/6316","targetHints":{"allow":["GET"]}}],"collection":[{"href":"https:\/\/nld.mirex.gob.do\/consular\/amsterdam\/wp-json\/wp\/v2\/posts"}],"about":[{"href":"https:\/\/nld.mirex.gob.do\/consular\/amsterdam\/wp-json\/wp\/v2\/types\/post"}],"author":[{"embeddable":true,"href":"https:\/\/nld.mirex.gob.do\/consular\/amsterdam\/wp-json\/wp\/v2\/users\/8"}],"replies":[{"embeddable":true,"href":"https:\/\/nld.mirex.gob.do\/consular\/amsterdam\/wp-json\/wp\/v2\/comments?post=6316"}],"version-history":[{"count":0,"href":"https:\/\/nld.mirex.gob.do\/consular\/amsterdam\/wp-json\/wp\/v2\/posts\/6316\/revisions"}],"wp:featuredmedia":[{"embeddable":true,"href":"https:\/\/nld.mirex.gob.do\/consular\/amsterdam\/wp-json\/"}],"wp:attachment":[{"href":"https:\/\/nld.mirex.gob.do\/consular\/amsterdam\/wp-json\/wp\/v2\/media?parent=6316"}],"wp:term":[{"taxonomy":"category","embeddable":true,"href":"https:\/\/nld.mirex.gob.do\/consular\/amsterdam\/wp-json\/wp\/v2\/categories?post=6316"},{"taxonomy":"post_tag","embeddable":true,"href":"https:\/\/nld.mirex.gob.do\/consular\/amsterdam\/wp-json\/wp\/v2\/tags?post=6316"}],"curies":[{"name":"wp","href":"https:\/\/api.w.org\/{rel}","templated":true}]}}