{"id":6315,"date":"2017-06-19T08:33:20","date_gmt":"2017-06-19T08:33:20","guid":{"rendered":"https:\/\/www.consuladordholanda.com\/?p=2833"},"modified":"2017-06-19T08:33:20","modified_gmt":"2017-06-19T08:33:20","slug":"jarabacoa-celebra-grande-festival-las-flores","status":"publish","type":"post","link":"https:\/\/nld.mirex.gob.do\/consular\/amsterdam\/jarabacoa-celebra-grande-festival-las-flores\/","title":{"rendered":"Jarabacoa celebra en grande el Festival de las Flores"},"content":{"rendered":"<p>JARABACOA, La Vega.- Con el apoyo del Ministerio de Turismo inici\u00f3 el pasado jueves la 8va. versi\u00f3n del Festival de las Flores que se lleva a cabo en la avenida La Confluencia de esta ciudad de la \u201ceterna primavera\u201d, y se extender\u00e1 hasta hoy domingo.<\/p>\n<p><img fetchpriority=\"high\" decoding=\"async\" class=\"alignnone size-full wp-image-2835\" src=\"https:\/\/www.consuladordholanda.com\/wp-content\/uploads\/2017\/06\/Feria-de-flores-jarabacoa.jpeg\" alt=\"\" width=\"560\" height=\"416\"><\/p>\n<p>El alcalde de Jarabacoa, Carlos Jos\u00e9 S\u00e1nchez Pineda, agradeci\u00f3 al Ministerio de Turismo el apoyo que ofrece al festival de las flores, convirti\u00e9ndose en una actividad de tradici\u00f3n local, logrando posicionarse como un evento de turismo nacional.<\/p>\n<p>Dijo que este evento fortalece la oferta de turismo ecol\u00f3gico y de monta\u00f1a del pa\u00eds e incrementa la llegada de turistas a Jarabacoa, y que las familias disfrutan de todo el encanto del municipio donde siempre hay primavera.<\/p>\n<p><a href=\"http:\/\/www.lavozdominicanaeneuropa.com\/wp-content\/uploads\/2017\/06\/image-5.jpeg\"><img decoding=\"async\" class=\"alignleft wp-image-1932 size-medium\" src=\"http:\/\/www.lavozdominicanaeneuropa.com\/wp-content\/uploads\/2017\/06\/image-5-206x300.jpeg\" alt=\"\" width=\"206\" height=\"300\"><\/a>Eunice Marmolejos, presidenta de la Fundaci\u00f3n Festival de las Flores, indic\u00f3 que el objetivo principal del eventos es promover los valores, la cultura y respeto al medioambiente, convirti\u00e9ndolo en un valor agregado para los miles de turistas que visitan el lugar, adem\u00e1s de proyecta a Jarabacoa.<\/p>\n<p>Marmolejos declar\u00f3 que muchos de los turistas internacionales que vacacionan en Jarabacoa repiten su visita, por la belleza del entorno, el agradable clima, la tranquilidad, el contacto con la naturaleza, pero sobre todo, por el trato que reciben de los mun\u00edcipes y la seguridad del lugar.<\/p>\n<p>\u201cEsta edici\u00f3n del festival de las flores pronostica ser un gran \u00e9xito porque nunca hab\u00edamos recibido tanto p\u00fablico desde las primeras horas en su primer d\u00eda\u201d, expres\u00f3 Marmolejos.<\/p>\n<p>Dionis Duran, director de Turismo en la provincia de La Vega, manifest\u00f3 que el turismo es una de la fuente econ\u00f3mica primordial de Jarabacoa, siendo uno de los polos ecotur\u00edsticos m\u00e1s importante de la zona del Caribe, y principal destino de monta\u00f1a del pa\u00eds, por lo que el festival de las flores tiene una importancia extraordinaria.<br \/>\nAgreg\u00f3 que durante los d\u00edas de la tradicional feria, la econom\u00eda de Jarabaca alcanza un mayor dinamismo, ya que atrae turistas nacionales y extranjeros.<\/p>\n<p>Mientras que, los expositores manifestaron que durante el primer d\u00eda de feria sus ventas fueron superiores a los primeros d\u00edas de a\u00f1os anteriores, y la asistencia del p\u00fablico fue muy concurrida.<\/p>\n<p>Durante el d\u00eda se realizaron diversas actividades, tales como, el desfile infantil, talleres de pintura, charlas, exposici\u00f3n de pintura, entre otras. La noche fue amenizada por el ballet folkl\u00f3rico del Ministerio de Turismo, Raffy Mat\u00edas, entre otras presentaciones art\u00edstica-cultual.<\/p>\n<p>En esta nueva edici\u00f3n del festival de las flores \u201cJARABACOA color, alegr\u00eda y aroma de Flores\u201d, los asistentes al colorido evento, podr\u00e1n adquirir plantas ornamentales, dulces, vinos y otros productos artesanales, del mismo modo disfrutar de presentaciones art\u00edsticas y culturales para toda la familia.<\/p>\n<p>Direcci\u00f3n de Comunicaci\u00f3n y Prensa<br \/>\n15 de junio 2017<\/p>\n<p>Fuente: <a href=\"http:\/\/www.lavozdominicanaeneuropa.com\/jarabacoa-celebra-grande-festival-las-flores\/\" target=\"_blank\" rel=\"noopener\">La Voz Dominicana en Europa<\/a><\/p>\n","protected":false},"excerpt":{"rendered":"<p>JARABACOA, La Vega.- Con el apoyo del Ministerio de Turismo inici\u00f3 el pasado jueves la 8va. versi\u00f3n del Festival de las Flores que se lleva a cabo en la avenida La Confluencia de esta ciudad de la \u201ceterna primavera\u201d, y se extender\u00e1 hasta hoy domingo. El alcalde de Jarabacoa, Carlos Jos\u00e9 S\u00e1nchez Pineda, agradeci\u00f3 al [&hellip;]<\/p>\n","protected":false},"author":8,"featured_media":2835,"comment_status":"closed","ping_status":"open","sticky":false,"template":"","format":"standard","meta":{"site-sidebar-layout":"default","site-content-layout":"","ast-site-content-layout":"default","site-content-style":"default","site-sidebar-style":"default","ast-global-header-display":"","ast-banner-title-visibility":"","ast-main-header-display":"","ast-hfb-above-header-display":"","ast-hfb-below-header-display":"","ast-hfb-mobile-header-display":"","site-post-title":"","ast-breadcrumbs-content":"","ast-featured-img":"","footer-sml-layout":"","ast-disable-related-posts":"","theme-transparent-header-meta":"","adv-header-id-meta":"","stick-header-meta":"","header-above-stick-meta":"","header-main-stick-meta":"","header-below-stick-meta":"","astra-migrate-meta-layouts":"default","ast-page-background-enabled":"default","ast-page-background-meta":{"desktop":{"background-color":"","background-image":"","background-repeat":"repeat","background-position":"center center","background-size":"auto","background-attachment":"scroll","background-type":"","background-media":"","overlay-type":"","overlay-color":"","overlay-opacity":"","overlay-gradient":""},"tablet":{"background-color":"","background-image":"","background-repeat":"repeat","background-position":"center center","background-size":"auto","background-attachment":"scroll","background-type":"","background-media":"","overlay-type":"","overlay-color":"","overlay-opacity":"","overlay-gradient":""},"mobile":{"background-color":"","background-image":"","background-repeat":"repeat","background-position":"center center","background-size":"auto","background-attachment":"scroll","background-type":"","background-media":"","overlay-type":"","overlay-color":"","overlay-opacity":"","overlay-gradient":""}},"ast-content-background-meta":{"desktop":{"background-color":"var(--ast-global-color-5)","background-image":"","background-repeat":"repeat","background-position":"center center","background-size":"auto","background-attachment":"scroll","background-type":"","background-media":"","overlay-type":"","overlay-color":"","overlay-opacity":"","overlay-gradient":""},"tablet":{"background-color":"var(--ast-global-color-5)","background-image":"","background-repeat":"repeat","background-position":"center center","background-size":"auto","background-attachment":"scroll","background-type":"","background-media":"","overlay-type":"","overlay-color":"","overlay-opacity":"","overlay-gradient":""},"mobile":{"background-color":"var(--ast-global-color-5)","background-image":"","background-repeat":"repeat","background-position":"center center","background-size":"auto","background-attachment":"scroll","background-type":"","background-media":"","overlay-type":"","overlay-color":"","overlay-opacity":"","overlay-gradient":""}},"footnotes":""},"categories":[96,66],"tags":[],"class_list":["post-6315","post","type-post","status-publish","format-standard","has-post-thumbnail","hentry","category-negocios","category-novedades"],"yoast_head":"<!-- This site is optimized with the Yoast SEO plugin v27.4 - https:\/\/yoast.com\/product\/yoast-seo-wordpress\/ -->\n<title>Jarabacoa celebra en grande el Festival de las Flores - Consulado General de la Rep\u00fablica Dominicana en La Haya, Reino de los Pa\u00edses Bajos<\/title>\n<meta name=\"robots\" content=\"index, follow, max-snippet:-1, max-image-preview:large, max-video-preview:-1\" \/>\n<link rel=\"canonical\" href=\"https:\/\/nld.mirex.gob.do\/consular\/amsterdam\/jarabacoa-celebra-grande-festival-las-flores\/\" \/>\n<meta property=\"og:locale\" content=\"en_US\" \/>\n<meta property=\"og:type\" content=\"article\" \/>\n<meta property=\"og:title\" content=\"Jarabacoa celebra en grande el Festival de las Flores - Consulado General de la Rep\u00fablica Dominicana en La Haya, Reino de los Pa\u00edses Bajos\" \/>\n<meta property=\"og:description\" content=\"JARABACOA, La Vega.- Con el apoyo del Ministerio de Turismo inici\u00f3 el pasado jueves la 8va. versi\u00f3n del Festival de las Flores que se lleva a cabo en la avenida La Confluencia de esta ciudad de la \u201ceterna primavera\u201d, y se extender\u00e1 hasta hoy domingo. El alcalde de Jarabacoa, Carlos Jos\u00e9 S\u00e1nchez Pineda, agradeci\u00f3 al [&hellip;]\" \/>\n<meta property=\"og:url\" content=\"https:\/\/nld.mirex.gob.do\/consular\/amsterdam\/jarabacoa-celebra-grande-festival-las-flores\/\" \/>\n<meta property=\"og:site_name\" content=\"Consulado General de la Rep\u00fablica Dominicana en La Haya, Reino de los Pa\u00edses Bajos\" \/>\n<meta property=\"article:published_time\" content=\"2017-06-19T08:33:20+00:00\" \/>\n<meta name=\"author\" content=\"Michael Antonio Melo Andujar\" \/>\n<meta name=\"twitter:card\" content=\"summary_large_image\" \/>\n<meta name=\"twitter:label1\" content=\"Written by\" \/>\n\t<meta name=\"twitter:data1\" content=\"Michael Antonio Melo Andujar\" \/>\n\t<meta name=\"twitter:label2\" content=\"Est. reading time\" \/>\n\t<meta name=\"twitter:data2\" content=\"2 minutes\" \/>\n<script type=\"application\/ld+json\" class=\"yoast-schema-graph\">{\"@context\":\"https:\\\/\\\/schema.org\",\"@graph\":[{\"@type\":\"Article\",\"@id\":\"https:\\\/\\\/nld.mirex.gob.do\\\/consular\\\/amsterdam\\\/jarabacoa-celebra-grande-festival-las-flores\\\/#article\",\"isPartOf\":{\"@id\":\"https:\\\/\\\/nld.mirex.gob.do\\\/consular\\\/amsterdam\\\/jarabacoa-celebra-grande-festival-las-flores\\\/\"},\"author\":{\"name\":\"Michael Antonio Melo Andujar\",\"@id\":\"https:\\\/\\\/nld.mirex.gob.do\\\/consular\\\/amsterdam\\\/#\\\/schema\\\/person\\\/772a9951ade6a7e4ab978b618b619ff8\"},\"headline\":\"Jarabacoa celebra en grande el Festival de las Flores\",\"datePublished\":\"2017-06-19T08:33:20+00:00\",\"mainEntityOfPage\":{\"@id\":\"https:\\\/\\\/nld.mirex.gob.do\\\/consular\\\/amsterdam\\\/jarabacoa-celebra-grande-festival-las-flores\\\/\"},\"wordCount\":494,\"publisher\":{\"@id\":\"https:\\\/\\\/nld.mirex.gob.do\\\/consular\\\/amsterdam\\\/#organization\"},\"image\":{\"@id\":\"https:\\\/\\\/nld.mirex.gob.do\\\/consular\\\/amsterdam\\\/jarabacoa-celebra-grande-festival-las-flores\\\/#primaryimage\"},\"thumbnailUrl\":\"\",\"articleSection\":[\"Negocios\",\"Novedades\"],\"inLanguage\":\"en-US\"},{\"@type\":\"WebPage\",\"@id\":\"https:\\\/\\\/nld.mirex.gob.do\\\/consular\\\/amsterdam\\\/jarabacoa-celebra-grande-festival-las-flores\\\/\",\"url\":\"https:\\\/\\\/nld.mirex.gob.do\\\/consular\\\/amsterdam\\\/jarabacoa-celebra-grande-festival-las-flores\\\/\",\"name\":\"Jarabacoa celebra en grande el Festival de las Flores - Consulado General de la Rep\u00fablica Dominicana en La Haya, Reino de los Pa\u00edses Bajos\",\"isPartOf\":{\"@id\":\"https:\\\/\\\/nld.mirex.gob.do\\\/consular\\\/amsterdam\\\/#website\"},\"primaryImageOfPage\":{\"@id\":\"https:\\\/\\\/nld.mirex.gob.do\\\/consular\\\/amsterdam\\\/jarabacoa-celebra-grande-festival-las-flores\\\/#primaryimage\"},\"image\":{\"@id\":\"https:\\\/\\\/nld.mirex.gob.do\\\/consular\\\/amsterdam\\\/jarabacoa-celebra-grande-festival-las-flores\\\/#primaryimage\"},\"thumbnailUrl\":\"\",\"datePublished\":\"2017-06-19T08:33:20+00:00\",\"breadcrumb\":{\"@id\":\"https:\\\/\\\/nld.mirex.gob.do\\\/consular\\\/amsterdam\\\/jarabacoa-celebra-grande-festival-las-flores\\\/#breadcrumb\"},\"inLanguage\":\"en-US\",\"potentialAction\":[{\"@type\":\"ReadAction\",\"target\":[\"https:\\\/\\\/nld.mirex.gob.do\\\/consular\\\/amsterdam\\\/jarabacoa-celebra-grande-festival-las-flores\\\/\"]}]},{\"@type\":\"ImageObject\",\"inLanguage\":\"en-US\",\"@id\":\"https:\\\/\\\/nld.mirex.gob.do\\\/consular\\\/amsterdam\\\/jarabacoa-celebra-grande-festival-las-flores\\\/#primaryimage\",\"url\":\"\",\"contentUrl\":\"\"},{\"@type\":\"BreadcrumbList\",\"@id\":\"https:\\\/\\\/nld.mirex.gob.do\\\/consular\\\/amsterdam\\\/jarabacoa-celebra-grande-festival-las-flores\\\/#breadcrumb\",\"itemListElement\":[{\"@type\":\"ListItem\",\"position\":1,\"name\":\"Inicio\",\"item\":\"https:\\\/\\\/nld.mirex.gob.do\\\/consular\\\/amsterdam\\\/\"},{\"@type\":\"ListItem\",\"position\":2,\"name\":\"Jarabacoa celebra en grande el Festival de las Flores\"}]},{\"@type\":\"WebSite\",\"@id\":\"https:\\\/\\\/nld.mirex.gob.do\\\/consular\\\/amsterdam\\\/#website\",\"url\":\"https:\\\/\\\/nld.mirex.gob.do\\\/consular\\\/amsterdam\\\/\",\"name\":\"Consulado General de la Rep\u00fablica Dominicana en La Haya, Reino de los Pa\u00edses Bajos\",\"description\":\"\",\"publisher\":{\"@id\":\"https:\\\/\\\/nld.mirex.gob.do\\\/consular\\\/amsterdam\\\/#organization\"},\"potentialAction\":[{\"@type\":\"SearchAction\",\"target\":{\"@type\":\"EntryPoint\",\"urlTemplate\":\"https:\\\/\\\/nld.mirex.gob.do\\\/consular\\\/amsterdam\\\/?s={search_term_string}\"},\"query-input\":{\"@type\":\"PropertyValueSpecification\",\"valueRequired\":true,\"valueName\":\"search_term_string\"}}],\"inLanguage\":\"en-US\"},{\"@type\":\"Organization\",\"@id\":\"https:\\\/\\\/nld.mirex.gob.do\\\/consular\\\/amsterdam\\\/#organization\",\"name\":\"Consulado General de la Rep\u00fablica Dominicana en La Haya, Reino de los Pa\u00edses Bajos\",\"url\":\"https:\\\/\\\/nld.mirex.gob.do\\\/consular\\\/amsterdam\\\/\",\"logo\":{\"@type\":\"ImageObject\",\"inLanguage\":\"en-US\",\"@id\":\"https:\\\/\\\/nld.mirex.gob.do\\\/consular\\\/amsterdam\\\/#\\\/schema\\\/logo\\\/image\\\/\",\"url\":\"https:\\\/\\\/nld.mirex.gob.do\\\/consular\\\/amsterdam\\\/wp-content\\\/uploads\\\/2024\\\/04\\\/cropped-consulado_la_haya_reinode_los_Paises_Bajos.jpg\",\"contentUrl\":\"https:\\\/\\\/nld.mirex.gob.do\\\/consular\\\/amsterdam\\\/wp-content\\\/uploads\\\/2024\\\/04\\\/cropped-consulado_la_haya_reinode_los_Paises_Bajos.jpg\",\"width\":999,\"height\":407,\"caption\":\"Consulado General de la Rep\u00fablica Dominicana en La Haya, Reino de los Pa\u00edses Bajos\"},\"image\":{\"@id\":\"https:\\\/\\\/nld.mirex.gob.do\\\/consular\\\/amsterdam\\\/#\\\/schema\\\/logo\\\/image\\\/\"}},{\"@type\":\"Person\",\"@id\":\"https:\\\/\\\/nld.mirex.gob.do\\\/consular\\\/amsterdam\\\/#\\\/schema\\\/person\\\/772a9951ade6a7e4ab978b618b619ff8\",\"name\":\"Michael Antonio Melo Andujar\",\"image\":{\"@type\":\"ImageObject\",\"inLanguage\":\"en-US\",\"@id\":\"https:\\\/\\\/secure.gravatar.com\\\/avatar\\\/f8862d24b6945a30d30c9727ef9dfcd533ee25a18a27afc92991446aeb0e652d?s=96&d=mm&r=g\",\"url\":\"https:\\\/\\\/secure.gravatar.com\\\/avatar\\\/f8862d24b6945a30d30c9727ef9dfcd533ee25a18a27afc92991446aeb0e652d?s=96&d=mm&r=g\",\"contentUrl\":\"https:\\\/\\\/secure.gravatar.com\\\/avatar\\\/f8862d24b6945a30d30c9727ef9dfcd533ee25a18a27afc92991446aeb0e652d?s=96&d=mm&r=g\",\"caption\":\"Michael Antonio Melo Andujar\"}}]}<\/script>\n<!-- \/ Yoast SEO plugin. -->","yoast_head_json":{"title":"Jarabacoa celebra en grande el Festival de las Flores - Consulado General de la Rep\u00fablica Dominicana en La Haya, Reino de los Pa\u00edses Bajos","robots":{"index":"index","follow":"follow","max-snippet":"max-snippet:-1","max-image-preview":"max-image-preview:large","max-video-preview":"max-video-preview:-1"},"canonical":"https:\/\/nld.mirex.gob.do\/consular\/amsterdam\/jarabacoa-celebra-grande-festival-las-flores\/","og_locale":"en_US","og_type":"article","og_title":"Jarabacoa celebra en grande el Festival de las Flores - Consulado General de la Rep\u00fablica Dominicana en La Haya, Reino de los Pa\u00edses Bajos","og_description":"JARABACOA, La Vega.- Con el apoyo del Ministerio de Turismo inici\u00f3 el pasado jueves la 8va. versi\u00f3n del Festival de las Flores que se lleva a cabo en la avenida La Confluencia de esta ciudad de la \u201ceterna primavera\u201d, y se extender\u00e1 hasta hoy domingo. El alcalde de Jarabacoa, Carlos Jos\u00e9 S\u00e1nchez Pineda, agradeci\u00f3 al [&hellip;]","og_url":"https:\/\/nld.mirex.gob.do\/consular\/amsterdam\/jarabacoa-celebra-grande-festival-las-flores\/","og_site_name":"Consulado General de la Rep\u00fablica Dominicana en La Haya, Reino de los Pa\u00edses Bajos","article_published_time":"2017-06-19T08:33:20+00:00","author":"Michael Antonio Melo Andujar","twitter_card":"summary_large_image","twitter_misc":{"Written by":"Michael Antonio Melo Andujar","Est. reading time":"2 minutes"},"schema":{"@context":"https:\/\/schema.org","@graph":[{"@type":"Article","@id":"https:\/\/nld.mirex.gob.do\/consular\/amsterdam\/jarabacoa-celebra-grande-festival-las-flores\/#article","isPartOf":{"@id":"https:\/\/nld.mirex.gob.do\/consular\/amsterdam\/jarabacoa-celebra-grande-festival-las-flores\/"},"author":{"name":"Michael Antonio Melo Andujar","@id":"https:\/\/nld.mirex.gob.do\/consular\/amsterdam\/#\/schema\/person\/772a9951ade6a7e4ab978b618b619ff8"},"headline":"Jarabacoa celebra en grande el Festival de las Flores","datePublished":"2017-06-19T08:33:20+00:00","mainEntityOfPage":{"@id":"https:\/\/nld.mirex.gob.do\/consular\/amsterdam\/jarabacoa-celebra-grande-festival-las-flores\/"},"wordCount":494,"publisher":{"@id":"https:\/\/nld.mirex.gob.do\/consular\/amsterdam\/#organization"},"image":{"@id":"https:\/\/nld.mirex.gob.do\/consular\/amsterdam\/jarabacoa-celebra-grande-festival-las-flores\/#primaryimage"},"thumbnailUrl":"","articleSection":["Negocios","Novedades"],"inLanguage":"en-US"},{"@type":"WebPage","@id":"https:\/\/nld.mirex.gob.do\/consular\/amsterdam\/jarabacoa-celebra-grande-festival-las-flores\/","url":"https:\/\/nld.mirex.gob.do\/consular\/amsterdam\/jarabacoa-celebra-grande-festival-las-flores\/","name":"Jarabacoa celebra en grande el Festival de las Flores - Consulado General de la Rep\u00fablica Dominicana en La Haya, Reino de los Pa\u00edses Bajos","isPartOf":{"@id":"https:\/\/nld.mirex.gob.do\/consular\/amsterdam\/#website"},"primaryImageOfPage":{"@id":"https:\/\/nld.mirex.gob.do\/consular\/amsterdam\/jarabacoa-celebra-grande-festival-las-flores\/#primaryimage"},"image":{"@id":"https:\/\/nld.mirex.gob.do\/consular\/amsterdam\/jarabacoa-celebra-grande-festival-las-flores\/#primaryimage"},"thumbnailUrl":"","datePublished":"2017-06-19T08:33:20+00:00","breadcrumb":{"@id":"https:\/\/nld.mirex.gob.do\/consular\/amsterdam\/jarabacoa-celebra-grande-festival-las-flores\/#breadcrumb"},"inLanguage":"en-US","potentialAction":[{"@type":"ReadAction","target":["https:\/\/nld.mirex.gob.do\/consular\/amsterdam\/jarabacoa-celebra-grande-festival-las-flores\/"]}]},{"@type":"ImageObject","inLanguage":"en-US","@id":"https:\/\/nld.mirex.gob.do\/consular\/amsterdam\/jarabacoa-celebra-grande-festival-las-flores\/#primaryimage","url":"","contentUrl":""},{"@type":"BreadcrumbList","@id":"https:\/\/nld.mirex.gob.do\/consular\/amsterdam\/jarabacoa-celebra-grande-festival-las-flores\/#breadcrumb","itemListElement":[{"@type":"ListItem","position":1,"name":"Inicio","item":"https:\/\/nld.mirex.gob.do\/consular\/amsterdam\/"},{"@type":"ListItem","position":2,"name":"Jarabacoa celebra en grande el Festival de las Flores"}]},{"@type":"WebSite","@id":"https:\/\/nld.mirex.gob.do\/consular\/amsterdam\/#website","url":"https:\/\/nld.mirex.gob.do\/consular\/amsterdam\/","name":"Consulado General de la Rep\u00fablica Dominicana en La Haya, Reino de los Pa\u00edses Bajos","description":"","publisher":{"@id":"https:\/\/nld.mirex.gob.do\/consular\/amsterdam\/#organization"},"potentialAction":[{"@type":"SearchAction","target":{"@type":"EntryPoint","urlTemplate":"https:\/\/nld.mirex.gob.do\/consular\/amsterdam\/?s={search_term_string}"},"query-input":{"@type":"PropertyValueSpecification","valueRequired":true,"valueName":"search_term_string"}}],"inLanguage":"en-US"},{"@type":"Organization","@id":"https:\/\/nld.mirex.gob.do\/consular\/amsterdam\/#organization","name":"Consulado General de la Rep\u00fablica Dominicana en La Haya, Reino de los Pa\u00edses Bajos","url":"https:\/\/nld.mirex.gob.do\/consular\/amsterdam\/","logo":{"@type":"ImageObject","inLanguage":"en-US","@id":"https:\/\/nld.mirex.gob.do\/consular\/amsterdam\/#\/schema\/logo\/image\/","url":"https:\/\/nld.mirex.gob.do\/consular\/amsterdam\/wp-content\/uploads\/2024\/04\/cropped-consulado_la_haya_reinode_los_Paises_Bajos.jpg","contentUrl":"https:\/\/nld.mirex.gob.do\/consular\/amsterdam\/wp-content\/uploads\/2024\/04\/cropped-consulado_la_haya_reinode_los_Paises_Bajos.jpg","width":999,"height":407,"caption":"Consulado General de la Rep\u00fablica Dominicana en La Haya, Reino de los Pa\u00edses Bajos"},"image":{"@id":"https:\/\/nld.mirex.gob.do\/consular\/amsterdam\/#\/schema\/logo\/image\/"}},{"@type":"Person","@id":"https:\/\/nld.mirex.gob.do\/consular\/amsterdam\/#\/schema\/person\/772a9951ade6a7e4ab978b618b619ff8","name":"Michael Antonio Melo Andujar","image":{"@type":"ImageObject","inLanguage":"en-US","@id":"https:\/\/secure.gravatar.com\/avatar\/f8862d24b6945a30d30c9727ef9dfcd533ee25a18a27afc92991446aeb0e652d?s=96&d=mm&r=g","url":"https:\/\/secure.gravatar.com\/avatar\/f8862d24b6945a30d30c9727ef9dfcd533ee25a18a27afc92991446aeb0e652d?s=96&d=mm&r=g","contentUrl":"https:\/\/secure.gravatar.com\/avatar\/f8862d24b6945a30d30c9727ef9dfcd533ee25a18a27afc92991446aeb0e652d?s=96&d=mm&r=g","caption":"Michael Antonio Melo Andujar"}}]}},"_links":{"self":[{"href":"https:\/\/nld.mirex.gob.do\/consular\/amsterdam\/wp-json\/wp\/v2\/posts\/6315","targetHints":{"allow":["GET"]}}],"collection":[{"href":"https:\/\/nld.mirex.gob.do\/consular\/amsterdam\/wp-json\/wp\/v2\/posts"}],"about":[{"href":"https:\/\/nld.mirex.gob.do\/consular\/amsterdam\/wp-json\/wp\/v2\/types\/post"}],"author":[{"embeddable":true,"href":"https:\/\/nld.mirex.gob.do\/consular\/amsterdam\/wp-json\/wp\/v2\/users\/8"}],"replies":[{"embeddable":true,"href":"https:\/\/nld.mirex.gob.do\/consular\/amsterdam\/wp-json\/wp\/v2\/comments?post=6315"}],"version-history":[{"count":0,"href":"https:\/\/nld.mirex.gob.do\/consular\/amsterdam\/wp-json\/wp\/v2\/posts\/6315\/revisions"}],"wp:featuredmedia":[{"embeddable":true,"href":"https:\/\/nld.mirex.gob.do\/consular\/amsterdam\/wp-json\/"}],"wp:attachment":[{"href":"https:\/\/nld.mirex.gob.do\/consular\/amsterdam\/wp-json\/wp\/v2\/media?parent=6315"}],"wp:term":[{"taxonomy":"category","embeddable":true,"href":"https:\/\/nld.mirex.gob.do\/consular\/amsterdam\/wp-json\/wp\/v2\/categories?post=6315"},{"taxonomy":"post_tag","embeddable":true,"href":"https:\/\/nld.mirex.gob.do\/consular\/amsterdam\/wp-json\/wp\/v2\/tags?post=6315"}],"curies":[{"name":"wp","href":"https:\/\/api.w.org\/{rel}","templated":true}]}}