{"id":6313,"date":"2017-06-08T15:59:26","date_gmt":"2017-06-08T15:59:26","guid":{"rendered":"https:\/\/www.consuladordholanda.com\/?p=2803"},"modified":"2017-06-08T15:59:26","modified_gmt":"2017-06-08T15:59:26","slug":"hoy-dejaremos-hable-merengue-ante-la-unesco","status":"publish","type":"post","link":"https:\/\/nld.mirex.gob.do\/consular\/amsterdam\/hoy-dejaremos-hable-merengue-ante-la-unesco\/","title":{"rendered":"\u201cHoy dejaremos que hable el merengue\u201d ante la UNESCO"},"content":{"rendered":"<div id=\"ArticleBody\">\n<p><a href=\"https:\/\/www.consuladordholanda.com\/wp-content\/uploads\/2017\/06\/hoy-dejaremos-que-hable-el-merengue-ante-la-unesco.jpeg\"><img fetchpriority=\"high\" decoding=\"async\" class=\"alignnone size-full wp-image-2804\" src=\"https:\/\/www.consuladordholanda.com\/wp-content\/uploads\/2017\/06\/hoy-dejaremos-que-hable-el-merengue-ante-la-unesco.jpeg\" alt=\"\" width=\"680\" height=\"453\"><\/a><\/p>\n<p>Fuente: <a href=\"https:\/\/www.listindiario.com\/entretenimiento\/2017\/06\/05\/468874\/hoy-dejaremos-que-hable-el-merengue-ante-la-unesco\" target=\"_blank\" rel=\"noopener noreferrer\">List\u00edn Diario 8 de junio de 2017<\/a><\/p>\n<p>La delegaci\u00f3n permanente de Rep\u00fablica Dominicana ante la Organizaci\u00f3n de las Naciones Unidas para la Educaci\u00f3n, la Ciencia y la Cultura (UNESCO) protagoniz\u00f3 la \u201c<strong>Semana de Am\u00e9rica Latina y el Caribe 2017<\/strong>\u201d.<\/p>\n<p>Bajo el t\u00edtulo \u201c<strong>Rostros de la m\u00fasica y el baile del merengue de la Rep\u00fablica Dominicana<\/strong>\u201d, Johnny Ventura y Roger Zayas expusieron la historia de esta m\u00fasica que simboliza al pa\u00eds y la diversidad cultural, en una magistral conferencia que tuvo lugar en la sede de la UNESCO.<\/p>\n<p>\u201cHoy dejaremos que hable el merengue, ese ritmo que siempre ha logrado el otro extremo de la comunicaci\u00f3n con su forma cadenciosa de ser cantado y bailado\u201d, expuso el embajador dominicano ante ese organismo, Jos\u00e9 Antonio Rodr\u00edguez, quien tuvo a su cargo las palabras de bienvenida.<\/p>\n<div id=\"FIOnDemandWrapper_fiInstance_101888_2_603369\" class=\"FIOnDemandWrapper\">&nbsp;<\/div>\n<p>Rodr\u00edguez a\u00f1adi\u00f3 que \u201cel mundo valioso no siempre engalana las primeras p\u00e1ginas de los peri\u00f3dicos pero est\u00e1 aqu\u00ed, gira aqu\u00ed, se relaciona aqu\u00ed y es aqu\u00ed donde nos evidencia su verdadero valor que, entre otras manifestaciones, es lo que envuelve la cultura, el \u00fanico alimento que debe hacer girar el mundo para que el resultado siempre sea la paz\u201d.<\/p>\n<p>El tambi\u00e9n cantautor dominicano argument\u00f3 que \u201ceste momento reviste una valiosa oportunidad para dejarnos rodear por la cultura de un pa\u00eds que sabe que a trav\u00e9s de ella se internacionaliza el sentimiento claro de lo que est\u00e1 hecho el dominicano\u201d.<\/p>\n<p>A seguidas, en la Sala XII de la UNESCO apareci\u00f3 Johnny Ventura, quien hizo su entrada cantando y bailando el tema \u201cMerenguero hasta la tambora\u201d, acompa\u00f1ado del artista Roger Zayas, fundador del Grupo 440, para dar paso a la actividad que se extendi\u00f3 por m\u00e1s de una hora.<\/p>\n<p>Asistieron personalidades como Michael Worbs, presidente del Consejo Ejecutivo de la UNESCO, Rosa Hern\u00e1ndez de Grull\u00f3n; embajadora de la Rep\u00fablica Dominicana en Francia; Dulce Mar\u00eda Buergo Rodr\u00edguez, embajadora de Cuba; Lilas Desquir\u00f3n, embajadora de Hait\u00ed; Roberto Ram\u00edrez Aldana, embajador de Honduras; y Qian Tang, embajador de China.<\/p>\n<p>Traje t\u00edpico Con el merengue \u201cLa traves\u00eda\u201d, del dominicano Juan Luis Guerra, Rep\u00fablica Dominicana exhibi\u00f3 su vestimenta representada por los colores que simbolizan la bandera dominicana, durante el desfile de trajes t\u00edpicos, para as\u00ed clausurar la \u201cSemana de Am\u00e9rica Latina y el Caribe\u201d.<\/p>\n<p>Tras finalizar el acto en la UNESCO, la comunidad internacional de habla hispana se dio cita en el Instituto Cervantes, donde Johnny Ventura y Roger Zayas sostuvieron un cercano di\u00e1logo con el p\u00fablico que all\u00ed se dio cita, interesados por la cultura dominicana. &nbsp;<\/p>\n<\/div>\n","protected":false},"excerpt":{"rendered":"<p>Fuente: List\u00edn Diario 8 de junio de 2017 La delegaci\u00f3n permanente de Rep\u00fablica Dominicana ante la Organizaci\u00f3n de las Naciones Unidas para la Educaci\u00f3n, la Ciencia y la Cultura (UNESCO) protagoniz\u00f3 la \u201cSemana de Am\u00e9rica Latina y el Caribe 2017\u201d. Bajo el t\u00edtulo \u201cRostros de la m\u00fasica y el baile del merengue de la Rep\u00fablica [&hellip;]<\/p>\n","protected":false},"author":8,"featured_media":2804,"comment_status":"closed","ping_status":"open","sticky":false,"template":"","format":"standard","meta":{"site-sidebar-layout":"default","site-content-layout":"","ast-site-content-layout":"default","site-content-style":"default","site-sidebar-style":"default","ast-global-header-display":"","ast-banner-title-visibility":"","ast-main-header-display":"","ast-hfb-above-header-display":"","ast-hfb-below-header-display":"","ast-hfb-mobile-header-display":"","site-post-title":"","ast-breadcrumbs-content":"","ast-featured-img":"","footer-sml-layout":"","ast-disable-related-posts":"","theme-transparent-header-meta":"","adv-header-id-meta":"","stick-header-meta":"","header-above-stick-meta":"","header-main-stick-meta":"","header-below-stick-meta":"","astra-migrate-meta-layouts":"default","ast-page-background-enabled":"default","ast-page-background-meta":{"desktop":{"background-color":"","background-image":"","background-repeat":"repeat","background-position":"center center","background-size":"auto","background-attachment":"scroll","background-type":"","background-media":"","overlay-type":"","overlay-color":"","overlay-opacity":"","overlay-gradient":""},"tablet":{"background-color":"","background-image":"","background-repeat":"repeat","background-position":"center center","background-size":"auto","background-attachment":"scroll","background-type":"","background-media":"","overlay-type":"","overlay-color":"","overlay-opacity":"","overlay-gradient":""},"mobile":{"background-color":"","background-image":"","background-repeat":"repeat","background-position":"center center","background-size":"auto","background-attachment":"scroll","background-type":"","background-media":"","overlay-type":"","overlay-color":"","overlay-opacity":"","overlay-gradient":""}},"ast-content-background-meta":{"desktop":{"background-color":"var(--ast-global-color-5)","background-image":"","background-repeat":"repeat","background-position":"center center","background-size":"auto","background-attachment":"scroll","background-type":"","background-media":"","overlay-type":"","overlay-color":"","overlay-opacity":"","overlay-gradient":""},"tablet":{"background-color":"var(--ast-global-color-5)","background-image":"","background-repeat":"repeat","background-position":"center center","background-size":"auto","background-attachment":"scroll","background-type":"","background-media":"","overlay-type":"","overlay-color":"","overlay-opacity":"","overlay-gradient":""},"mobile":{"background-color":"var(--ast-global-color-5)","background-image":"","background-repeat":"repeat","background-position":"center center","background-size":"auto","background-attachment":"scroll","background-type":"","background-media":"","overlay-type":"","overlay-color":"","overlay-opacity":"","overlay-gradient":""}},"footnotes":""},"categories":[101,66],"tags":[359,360],"class_list":["post-6313","post","type-post","status-publish","format-standard","has-post-thumbnail","hentry","category-actividades","category-novedades","tag-merengue","tag-unesco"],"yoast_head":"<!-- This site is optimized with the Yoast SEO plugin v27.4 - https:\/\/yoast.com\/product\/yoast-seo-wordpress\/ -->\n<title>\u201cHoy dejaremos que hable el merengue\u201d ante la UNESCO - Consulado General de la Rep\u00fablica Dominicana en La Haya, Reino de los Pa\u00edses Bajos<\/title>\n<meta name=\"robots\" content=\"index, follow, max-snippet:-1, max-image-preview:large, max-video-preview:-1\" \/>\n<link rel=\"canonical\" href=\"https:\/\/nld.mirex.gob.do\/consular\/amsterdam\/hoy-dejaremos-hable-merengue-ante-la-unesco\/\" \/>\n<meta property=\"og:locale\" content=\"en_US\" \/>\n<meta property=\"og:type\" content=\"article\" \/>\n<meta property=\"og:title\" content=\"\u201cHoy dejaremos que hable el merengue\u201d ante la UNESCO - Consulado General de la Rep\u00fablica Dominicana en La Haya, Reino de los Pa\u00edses Bajos\" \/>\n<meta property=\"og:description\" content=\"Fuente: List\u00edn Diario 8 de junio de 2017 La delegaci\u00f3n permanente de Rep\u00fablica Dominicana ante la Organizaci\u00f3n de las Naciones Unidas para la Educaci\u00f3n, la Ciencia y la Cultura (UNESCO) protagoniz\u00f3 la \u201cSemana de Am\u00e9rica Latina y el Caribe 2017\u201d. Bajo el t\u00edtulo \u201cRostros de la m\u00fasica y el baile del merengue de la Rep\u00fablica [&hellip;]\" \/>\n<meta property=\"og:url\" content=\"https:\/\/nld.mirex.gob.do\/consular\/amsterdam\/hoy-dejaremos-hable-merengue-ante-la-unesco\/\" \/>\n<meta property=\"og:site_name\" content=\"Consulado General de la Rep\u00fablica Dominicana en La Haya, Reino de los Pa\u00edses Bajos\" \/>\n<meta property=\"article:published_time\" content=\"2017-06-08T15:59:26+00:00\" \/>\n<meta name=\"author\" content=\"Michael Antonio Melo Andujar\" \/>\n<meta name=\"twitter:card\" content=\"summary_large_image\" \/>\n<meta name=\"twitter:label1\" content=\"Written by\" \/>\n\t<meta name=\"twitter:data1\" content=\"Michael Antonio Melo Andujar\" \/>\n\t<meta name=\"twitter:label2\" content=\"Est. reading time\" \/>\n\t<meta name=\"twitter:data2\" content=\"2 minutes\" \/>\n<script type=\"application\/ld+json\" class=\"yoast-schema-graph\">{\"@context\":\"https:\\\/\\\/schema.org\",\"@graph\":[{\"@type\":\"Article\",\"@id\":\"https:\\\/\\\/nld.mirex.gob.do\\\/consular\\\/amsterdam\\\/hoy-dejaremos-hable-merengue-ante-la-unesco\\\/#article\",\"isPartOf\":{\"@id\":\"https:\\\/\\\/nld.mirex.gob.do\\\/consular\\\/amsterdam\\\/hoy-dejaremos-hable-merengue-ante-la-unesco\\\/\"},\"author\":{\"name\":\"Michael Antonio Melo Andujar\",\"@id\":\"https:\\\/\\\/nld.mirex.gob.do\\\/consular\\\/amsterdam\\\/#\\\/schema\\\/person\\\/772a9951ade6a7e4ab978b618b619ff8\"},\"headline\":\"\u201cHoy dejaremos que hable el merengue\u201d ante la UNESCO\",\"datePublished\":\"2017-06-08T15:59:26+00:00\",\"mainEntityOfPage\":{\"@id\":\"https:\\\/\\\/nld.mirex.gob.do\\\/consular\\\/amsterdam\\\/hoy-dejaremos-hable-merengue-ante-la-unesco\\\/\"},\"wordCount\":457,\"publisher\":{\"@id\":\"https:\\\/\\\/nld.mirex.gob.do\\\/consular\\\/amsterdam\\\/#organization\"},\"image\":{\"@id\":\"https:\\\/\\\/nld.mirex.gob.do\\\/consular\\\/amsterdam\\\/hoy-dejaremos-hable-merengue-ante-la-unesco\\\/#primaryimage\"},\"thumbnailUrl\":\"\",\"keywords\":[\"Merengue\",\"UNESCO\"],\"articleSection\":[\"Actividades\",\"Novedades\"],\"inLanguage\":\"en-US\"},{\"@type\":\"WebPage\",\"@id\":\"https:\\\/\\\/nld.mirex.gob.do\\\/consular\\\/amsterdam\\\/hoy-dejaremos-hable-merengue-ante-la-unesco\\\/\",\"url\":\"https:\\\/\\\/nld.mirex.gob.do\\\/consular\\\/amsterdam\\\/hoy-dejaremos-hable-merengue-ante-la-unesco\\\/\",\"name\":\"\u201cHoy dejaremos que hable el merengue\u201d ante la UNESCO - Consulado General de la Rep\u00fablica Dominicana en La Haya, Reino de los Pa\u00edses Bajos\",\"isPartOf\":{\"@id\":\"https:\\\/\\\/nld.mirex.gob.do\\\/consular\\\/amsterdam\\\/#website\"},\"primaryImageOfPage\":{\"@id\":\"https:\\\/\\\/nld.mirex.gob.do\\\/consular\\\/amsterdam\\\/hoy-dejaremos-hable-merengue-ante-la-unesco\\\/#primaryimage\"},\"image\":{\"@id\":\"https:\\\/\\\/nld.mirex.gob.do\\\/consular\\\/amsterdam\\\/hoy-dejaremos-hable-merengue-ante-la-unesco\\\/#primaryimage\"},\"thumbnailUrl\":\"\",\"datePublished\":\"2017-06-08T15:59:26+00:00\",\"breadcrumb\":{\"@id\":\"https:\\\/\\\/nld.mirex.gob.do\\\/consular\\\/amsterdam\\\/hoy-dejaremos-hable-merengue-ante-la-unesco\\\/#breadcrumb\"},\"inLanguage\":\"en-US\",\"potentialAction\":[{\"@type\":\"ReadAction\",\"target\":[\"https:\\\/\\\/nld.mirex.gob.do\\\/consular\\\/amsterdam\\\/hoy-dejaremos-hable-merengue-ante-la-unesco\\\/\"]}]},{\"@type\":\"ImageObject\",\"inLanguage\":\"en-US\",\"@id\":\"https:\\\/\\\/nld.mirex.gob.do\\\/consular\\\/amsterdam\\\/hoy-dejaremos-hable-merengue-ante-la-unesco\\\/#primaryimage\",\"url\":\"\",\"contentUrl\":\"\"},{\"@type\":\"BreadcrumbList\",\"@id\":\"https:\\\/\\\/nld.mirex.gob.do\\\/consular\\\/amsterdam\\\/hoy-dejaremos-hable-merengue-ante-la-unesco\\\/#breadcrumb\",\"itemListElement\":[{\"@type\":\"ListItem\",\"position\":1,\"name\":\"Inicio\",\"item\":\"https:\\\/\\\/nld.mirex.gob.do\\\/consular\\\/amsterdam\\\/\"},{\"@type\":\"ListItem\",\"position\":2,\"name\":\"\u201cHoy dejaremos que hable el merengue\u201d ante la UNESCO\"}]},{\"@type\":\"WebSite\",\"@id\":\"https:\\\/\\\/nld.mirex.gob.do\\\/consular\\\/amsterdam\\\/#website\",\"url\":\"https:\\\/\\\/nld.mirex.gob.do\\\/consular\\\/amsterdam\\\/\",\"name\":\"Consulado General de la Rep\u00fablica Dominicana en La Haya, Reino de los Pa\u00edses Bajos\",\"description\":\"\",\"publisher\":{\"@id\":\"https:\\\/\\\/nld.mirex.gob.do\\\/consular\\\/amsterdam\\\/#organization\"},\"potentialAction\":[{\"@type\":\"SearchAction\",\"target\":{\"@type\":\"EntryPoint\",\"urlTemplate\":\"https:\\\/\\\/nld.mirex.gob.do\\\/consular\\\/amsterdam\\\/?s={search_term_string}\"},\"query-input\":{\"@type\":\"PropertyValueSpecification\",\"valueRequired\":true,\"valueName\":\"search_term_string\"}}],\"inLanguage\":\"en-US\"},{\"@type\":\"Organization\",\"@id\":\"https:\\\/\\\/nld.mirex.gob.do\\\/consular\\\/amsterdam\\\/#organization\",\"name\":\"Consulado General de la Rep\u00fablica Dominicana en La Haya, Reino de los Pa\u00edses Bajos\",\"url\":\"https:\\\/\\\/nld.mirex.gob.do\\\/consular\\\/amsterdam\\\/\",\"logo\":{\"@type\":\"ImageObject\",\"inLanguage\":\"en-US\",\"@id\":\"https:\\\/\\\/nld.mirex.gob.do\\\/consular\\\/amsterdam\\\/#\\\/schema\\\/logo\\\/image\\\/\",\"url\":\"https:\\\/\\\/nld.mirex.gob.do\\\/consular\\\/amsterdam\\\/wp-content\\\/uploads\\\/2024\\\/04\\\/cropped-consulado_la_haya_reinode_los_Paises_Bajos.jpg\",\"contentUrl\":\"https:\\\/\\\/nld.mirex.gob.do\\\/consular\\\/amsterdam\\\/wp-content\\\/uploads\\\/2024\\\/04\\\/cropped-consulado_la_haya_reinode_los_Paises_Bajos.jpg\",\"width\":999,\"height\":407,\"caption\":\"Consulado General de la Rep\u00fablica Dominicana en La Haya, Reino de los Pa\u00edses Bajos\"},\"image\":{\"@id\":\"https:\\\/\\\/nld.mirex.gob.do\\\/consular\\\/amsterdam\\\/#\\\/schema\\\/logo\\\/image\\\/\"}},{\"@type\":\"Person\",\"@id\":\"https:\\\/\\\/nld.mirex.gob.do\\\/consular\\\/amsterdam\\\/#\\\/schema\\\/person\\\/772a9951ade6a7e4ab978b618b619ff8\",\"name\":\"Michael Antonio Melo Andujar\",\"image\":{\"@type\":\"ImageObject\",\"inLanguage\":\"en-US\",\"@id\":\"https:\\\/\\\/secure.gravatar.com\\\/avatar\\\/f8862d24b6945a30d30c9727ef9dfcd533ee25a18a27afc92991446aeb0e652d?s=96&d=mm&r=g\",\"url\":\"https:\\\/\\\/secure.gravatar.com\\\/avatar\\\/f8862d24b6945a30d30c9727ef9dfcd533ee25a18a27afc92991446aeb0e652d?s=96&d=mm&r=g\",\"contentUrl\":\"https:\\\/\\\/secure.gravatar.com\\\/avatar\\\/f8862d24b6945a30d30c9727ef9dfcd533ee25a18a27afc92991446aeb0e652d?s=96&d=mm&r=g\",\"caption\":\"Michael Antonio Melo Andujar\"}}]}<\/script>\n<!-- \/ Yoast SEO plugin. -->","yoast_head_json":{"title":"\u201cHoy dejaremos que hable el merengue\u201d ante la UNESCO - Consulado General de la Rep\u00fablica Dominicana en La Haya, Reino de los Pa\u00edses Bajos","robots":{"index":"index","follow":"follow","max-snippet":"max-snippet:-1","max-image-preview":"max-image-preview:large","max-video-preview":"max-video-preview:-1"},"canonical":"https:\/\/nld.mirex.gob.do\/consular\/amsterdam\/hoy-dejaremos-hable-merengue-ante-la-unesco\/","og_locale":"en_US","og_type":"article","og_title":"\u201cHoy dejaremos que hable el merengue\u201d ante la UNESCO - Consulado General de la Rep\u00fablica Dominicana en La Haya, Reino de los Pa\u00edses Bajos","og_description":"Fuente: List\u00edn Diario 8 de junio de 2017 La delegaci\u00f3n permanente de Rep\u00fablica Dominicana ante la Organizaci\u00f3n de las Naciones Unidas para la Educaci\u00f3n, la Ciencia y la Cultura (UNESCO) protagoniz\u00f3 la \u201cSemana de Am\u00e9rica Latina y el Caribe 2017\u201d. Bajo el t\u00edtulo \u201cRostros de la m\u00fasica y el baile del merengue de la Rep\u00fablica [&hellip;]","og_url":"https:\/\/nld.mirex.gob.do\/consular\/amsterdam\/hoy-dejaremos-hable-merengue-ante-la-unesco\/","og_site_name":"Consulado General de la Rep\u00fablica Dominicana en La Haya, Reino de los Pa\u00edses Bajos","article_published_time":"2017-06-08T15:59:26+00:00","author":"Michael Antonio Melo Andujar","twitter_card":"summary_large_image","twitter_misc":{"Written by":"Michael Antonio Melo Andujar","Est. reading time":"2 minutes"},"schema":{"@context":"https:\/\/schema.org","@graph":[{"@type":"Article","@id":"https:\/\/nld.mirex.gob.do\/consular\/amsterdam\/hoy-dejaremos-hable-merengue-ante-la-unesco\/#article","isPartOf":{"@id":"https:\/\/nld.mirex.gob.do\/consular\/amsterdam\/hoy-dejaremos-hable-merengue-ante-la-unesco\/"},"author":{"name":"Michael Antonio Melo Andujar","@id":"https:\/\/nld.mirex.gob.do\/consular\/amsterdam\/#\/schema\/person\/772a9951ade6a7e4ab978b618b619ff8"},"headline":"\u201cHoy dejaremos que hable el merengue\u201d ante la UNESCO","datePublished":"2017-06-08T15:59:26+00:00","mainEntityOfPage":{"@id":"https:\/\/nld.mirex.gob.do\/consular\/amsterdam\/hoy-dejaremos-hable-merengue-ante-la-unesco\/"},"wordCount":457,"publisher":{"@id":"https:\/\/nld.mirex.gob.do\/consular\/amsterdam\/#organization"},"image":{"@id":"https:\/\/nld.mirex.gob.do\/consular\/amsterdam\/hoy-dejaremos-hable-merengue-ante-la-unesco\/#primaryimage"},"thumbnailUrl":"","keywords":["Merengue","UNESCO"],"articleSection":["Actividades","Novedades"],"inLanguage":"en-US"},{"@type":"WebPage","@id":"https:\/\/nld.mirex.gob.do\/consular\/amsterdam\/hoy-dejaremos-hable-merengue-ante-la-unesco\/","url":"https:\/\/nld.mirex.gob.do\/consular\/amsterdam\/hoy-dejaremos-hable-merengue-ante-la-unesco\/","name":"\u201cHoy dejaremos que hable el merengue\u201d ante la UNESCO - Consulado General de la Rep\u00fablica Dominicana en La Haya, Reino de los Pa\u00edses Bajos","isPartOf":{"@id":"https:\/\/nld.mirex.gob.do\/consular\/amsterdam\/#website"},"primaryImageOfPage":{"@id":"https:\/\/nld.mirex.gob.do\/consular\/amsterdam\/hoy-dejaremos-hable-merengue-ante-la-unesco\/#primaryimage"},"image":{"@id":"https:\/\/nld.mirex.gob.do\/consular\/amsterdam\/hoy-dejaremos-hable-merengue-ante-la-unesco\/#primaryimage"},"thumbnailUrl":"","datePublished":"2017-06-08T15:59:26+00:00","breadcrumb":{"@id":"https:\/\/nld.mirex.gob.do\/consular\/amsterdam\/hoy-dejaremos-hable-merengue-ante-la-unesco\/#breadcrumb"},"inLanguage":"en-US","potentialAction":[{"@type":"ReadAction","target":["https:\/\/nld.mirex.gob.do\/consular\/amsterdam\/hoy-dejaremos-hable-merengue-ante-la-unesco\/"]}]},{"@type":"ImageObject","inLanguage":"en-US","@id":"https:\/\/nld.mirex.gob.do\/consular\/amsterdam\/hoy-dejaremos-hable-merengue-ante-la-unesco\/#primaryimage","url":"","contentUrl":""},{"@type":"BreadcrumbList","@id":"https:\/\/nld.mirex.gob.do\/consular\/amsterdam\/hoy-dejaremos-hable-merengue-ante-la-unesco\/#breadcrumb","itemListElement":[{"@type":"ListItem","position":1,"name":"Inicio","item":"https:\/\/nld.mirex.gob.do\/consular\/amsterdam\/"},{"@type":"ListItem","position":2,"name":"\u201cHoy dejaremos que hable el merengue\u201d ante la UNESCO"}]},{"@type":"WebSite","@id":"https:\/\/nld.mirex.gob.do\/consular\/amsterdam\/#website","url":"https:\/\/nld.mirex.gob.do\/consular\/amsterdam\/","name":"Consulado General de la Rep\u00fablica Dominicana en La Haya, Reino de los Pa\u00edses Bajos","description":"","publisher":{"@id":"https:\/\/nld.mirex.gob.do\/consular\/amsterdam\/#organization"},"potentialAction":[{"@type":"SearchAction","target":{"@type":"EntryPoint","urlTemplate":"https:\/\/nld.mirex.gob.do\/consular\/amsterdam\/?s={search_term_string}"},"query-input":{"@type":"PropertyValueSpecification","valueRequired":true,"valueName":"search_term_string"}}],"inLanguage":"en-US"},{"@type":"Organization","@id":"https:\/\/nld.mirex.gob.do\/consular\/amsterdam\/#organization","name":"Consulado General de la Rep\u00fablica Dominicana en La Haya, Reino de los Pa\u00edses Bajos","url":"https:\/\/nld.mirex.gob.do\/consular\/amsterdam\/","logo":{"@type":"ImageObject","inLanguage":"en-US","@id":"https:\/\/nld.mirex.gob.do\/consular\/amsterdam\/#\/schema\/logo\/image\/","url":"https:\/\/nld.mirex.gob.do\/consular\/amsterdam\/wp-content\/uploads\/2024\/04\/cropped-consulado_la_haya_reinode_los_Paises_Bajos.jpg","contentUrl":"https:\/\/nld.mirex.gob.do\/consular\/amsterdam\/wp-content\/uploads\/2024\/04\/cropped-consulado_la_haya_reinode_los_Paises_Bajos.jpg","width":999,"height":407,"caption":"Consulado General de la Rep\u00fablica Dominicana en La Haya, Reino de los Pa\u00edses Bajos"},"image":{"@id":"https:\/\/nld.mirex.gob.do\/consular\/amsterdam\/#\/schema\/logo\/image\/"}},{"@type":"Person","@id":"https:\/\/nld.mirex.gob.do\/consular\/amsterdam\/#\/schema\/person\/772a9951ade6a7e4ab978b618b619ff8","name":"Michael Antonio Melo Andujar","image":{"@type":"ImageObject","inLanguage":"en-US","@id":"https:\/\/secure.gravatar.com\/avatar\/f8862d24b6945a30d30c9727ef9dfcd533ee25a18a27afc92991446aeb0e652d?s=96&d=mm&r=g","url":"https:\/\/secure.gravatar.com\/avatar\/f8862d24b6945a30d30c9727ef9dfcd533ee25a18a27afc92991446aeb0e652d?s=96&d=mm&r=g","contentUrl":"https:\/\/secure.gravatar.com\/avatar\/f8862d24b6945a30d30c9727ef9dfcd533ee25a18a27afc92991446aeb0e652d?s=96&d=mm&r=g","caption":"Michael Antonio Melo Andujar"}}]}},"_links":{"self":[{"href":"https:\/\/nld.mirex.gob.do\/consular\/amsterdam\/wp-json\/wp\/v2\/posts\/6313","targetHints":{"allow":["GET"]}}],"collection":[{"href":"https:\/\/nld.mirex.gob.do\/consular\/amsterdam\/wp-json\/wp\/v2\/posts"}],"about":[{"href":"https:\/\/nld.mirex.gob.do\/consular\/amsterdam\/wp-json\/wp\/v2\/types\/post"}],"author":[{"embeddable":true,"href":"https:\/\/nld.mirex.gob.do\/consular\/amsterdam\/wp-json\/wp\/v2\/users\/8"}],"replies":[{"embeddable":true,"href":"https:\/\/nld.mirex.gob.do\/consular\/amsterdam\/wp-json\/wp\/v2\/comments?post=6313"}],"version-history":[{"count":0,"href":"https:\/\/nld.mirex.gob.do\/consular\/amsterdam\/wp-json\/wp\/v2\/posts\/6313\/revisions"}],"wp:featuredmedia":[{"embeddable":true,"href":"https:\/\/nld.mirex.gob.do\/consular\/amsterdam\/wp-json\/"}],"wp:attachment":[{"href":"https:\/\/nld.mirex.gob.do\/consular\/amsterdam\/wp-json\/wp\/v2\/media?parent=6313"}],"wp:term":[{"taxonomy":"category","embeddable":true,"href":"https:\/\/nld.mirex.gob.do\/consular\/amsterdam\/wp-json\/wp\/v2\/categories?post=6313"},{"taxonomy":"post_tag","embeddable":true,"href":"https:\/\/nld.mirex.gob.do\/consular\/amsterdam\/wp-json\/wp\/v2\/tags?post=6313"}],"curies":[{"name":"wp","href":"https:\/\/api.w.org\/{rel}","templated":true}]}}