{"id":6307,"date":"2017-04-11T13:41:40","date_gmt":"2017-04-11T13:41:40","guid":{"rendered":"https:\/\/www.consuladordholanda.com\/?p=2726"},"modified":"2017-04-11T13:41:40","modified_gmt":"2017-04-11T13:41:40","slug":"entrevista-a-luis-henry-molina-director-ejecutivo-del-centro-de-exportacion-e-inversion-de-la-republica-dominicana-cei-rd","status":"publish","type":"post","link":"https:\/\/nld.mirex.gob.do\/consular\/amsterdam\/entrevista-a-luis-henry-molina-director-ejecutivo-del-centro-de-exportacion-e-inversion-de-la-republica-dominicana-cei-rd\/","title":{"rendered":"Entrevista a Luis Henry Molina, director ejecutivo del Centro de Exportaci\u00f3n e Inversi\u00f3n de la Rep\u00fablica Dominicana (CEI-RD)"},"content":{"rendered":"<h2>Entrevista a Luis Henry Molina, director ejecutivo del Centro de Exportaci\u00f3n e Inversi\u00f3n de la Rep\u00fablica Dominicana (CEI-RD)<\/h2>\n<h6>El funcionario p\u00fablico plantea que localmente existe una gama de productos que deben conformar la marca pa\u00eds.<\/h6>\n<figure id=\"attachment_2727\" aria-describedby=\"caption-attachment-2727\" style=\"width: 300px\" class=\"wp-caption alignleft\"><img fetchpriority=\"high\" decoding=\"async\" class=\"wp-image-2727 size-full\" src=\"https:\/\/www.consuladordholanda.com\/wp-content\/uploads\/2017\/04\/director-ejecutivo-del-Centro-de-Exportaci\u00f3n-e-Inversi\u00f3n-de-la-Rep\u00fablica-Dominicana-CEI-RD-Luis-Henry-Molina.jpg\" alt=\"\" width=\"300\" height=\"226\"><figcaption id=\"caption-attachment-2727\" class=\"wp-caption-text\">Molina resalt\u00f3 que en 2016 a RD ingresaron US$1,862 millones en inversi\u00f3n.<\/figcaption><\/figure>\n<p>El director ejecutivo del Centro de Exportaci\u00f3n e Inversi\u00f3n de la Rep\u00fablica Dominicana (CEI-RD), Luis Henry Molina, plante\u00f3 ayer que a la inversi\u00f3n que existe en el pa\u00eds es importante darle tratamiento, cuidado y servicios.El funcionario, entrevistado por el peri\u00f3dico elCaribe en la sede de la instituci\u00f3n, dijo que en el territorio dominicano hay empresas que tienen cincuenta y sesenta a\u00f1os. \u201cSon empresas que si usted le pregunta a la gente por sus nombres, creen que son empresas dominicanas, cuando en realidad a\u00fan son inversiones internacionales, inversi\u00f3n extranjera.<\/p>\n<p>Y esas inversiones extranjeras hoy d\u00eda est\u00e1n prestando un gran servicio a la Rep\u00fablica Dominicana y a trav\u00e9s de ellas son un gran tractor para impulsar las exportaciones locales\u201d, apunt\u00f3 Molina.<!--more--><\/p>\n<p>Desde su punto de vista, la presencia de empresas de capital extranjero colocadas en suelo dominicano es una especie de embajador, porque contribuyen o motivan la llegada de inversiones del extranjero. Luis Henry Molina no hab\u00eda dado entrevista a medio alguno desde que el presidente Danilo Medina lo nombr\u00f3 en el cargo actual el 16 de agosto de 2016. Prefiri\u00f3 conocer bien todo lo que implica ser director del CEI-RD para luego hablar y opinar con propiedad sobre el organismo y sus funciones.<\/p>\n<p>\u201cLlegu\u00e9 aqu\u00ed al CEI-RD dos d\u00edas despu\u00e9s, el 18, y partir de ah\u00ed me convert\u00ed en buen alumno. Me sent\u00e9 con cada uno de los equipos de trabajo para que me presentaran lo que hac\u00edan\u201d. Lo que hizo Henry Molina \u2013seg\u00fan le cont\u00f3 ayer a elCaribe- fue, en definitiva, usar el m\u00e9todo de ver, juzgar y actuar. Y le ha funcionado.<\/p>\n<p>\u201cNos estamos convirtiendo en el centro de servicios de la inversi\u00f3n existente. El concepto es que todo el Centro de Exportaci\u00f3n e Inversi\u00f3n de la Rep\u00fablica Dominicana es una gran ventanilla. Hemos asumido que las buenas pr\u00e1cticas de la Ventanilla de Inversi\u00f3n se aplican a todo lo que es esta instituci\u00f3n\u201d, dice el funcionario, respondiendo a las preguntas formuladas. Desde su \u00f3ptica, el CEI-RD, como agencia de prestaci\u00f3n de servicios, debe tener la capacidad de pon\u00e9rsela f\u00e1cil al exportador y al inversor.<\/p>\n<p>En la conversaci\u00f3n, Luis Henry Molina resalt\u00f3 lo que han expresado organismos internacionales como el Banco Interamericano de Desarrollo (BID) y el Banco Mundial (BM), en distintos momentos, en el sentido de que hay tres situaciones que perduran desde 2009 y que deben ser asumidas como pa\u00eds. Una de ellas es que no existe en Rep\u00fablica Dominicana una estrategia de promoci\u00f3n de exportaciones y atracci\u00f3n de inversiones. \u201cEn ese sentido, estamos trabajando con un equipo para conformar una estrategia, que se va a construir de manera participativa con las distintas instituciones del sector p\u00fablico y privado. Su implementaci\u00f3n conllevar\u00e1 un segundo elemento esencial que est\u00e1n planteando los organismos internacionales, que es la necesidad de sinergias p\u00fablico-privadas\u201d. Se busca evitar la duplicidad de esfuerzos, expone el director del CEI-RD. Se refiere con inter\u00e9s a la necesidad de lograr encadenamientos productivos, con miras a la internacionalizaci\u00f3n de Rep\u00fablica Dominicana en todo lo referente a la oferta exportable. Luis Henry Molina ha ido realizando cambios en la forma de operar del CEI-RD y ha dado seguimiento a cuestiones que encontr\u00f3 de gestiones anteriores y que caminaban por buen carril. Parte de esos movimientos tienen que ver con procesos que se realizaban en el edificio antiguo del CEI-RD y que han pasado a la estructura donde funciona el Centro de Capacitaci\u00f3n para el Desarrollo del Comercio Exterior (al lado).<br \/>\n\u201cLo que estoy tratando es de traer a este edificio toda la operaci\u00f3n. Toda operaci\u00f3n del CEI-RD es prestaci\u00f3n de servicios, es decir, Centro de Negocios e Inteligencia y Desarrollo. Todo eso lo vamos a traer a este edificio y este edificio va a tener una marca\u201d, sostiene.<\/p>\n<p>En la parte baja del edificio habr\u00e1 un centro gastron\u00f3mico, con chef dominicanos que ir\u00e1n variando cada mes y contando la historia de los productos dominicanos. \u201cEsos chefs estar\u00e1n conectados con la parte exportable, de manera que el personal del CEI-RD pueda almorzar en ese lugar y al mismo tiempo se pueda invitar gente, como una parte rutinaria de desayuno, almuerzo y cena dentro del centro gastron\u00f3mico\u201d, explica Molina.<\/p>\n<p>En el segundo piso est\u00e1n las aulas de capacitaci\u00f3n \u201cy se est\u00e1 tratando de montar la ruta exportadora, para que cuando la persona se interese en exportar y desee, por ejemplo, una certificaci\u00f3n pueda pasar por aqu\u00ed a buscarla. Tambi\u00e9n se imparten capacitaciones para facilitar el proceso de exportaci\u00f3n y ruedas de negocios, como una facilidad que se da a los clientes\u201d, dice el director del CEI-RD.<\/p>\n<p>\u201cSi t\u00fa produces algo y quieres exportar a otros pa\u00edses, nosotros identificamos los mercados, los posibles compradores de ese producto y los posibles distribuidores. Se lo ponemos en una ficha y se lo entregamos. Eso es una ventaja para el exportador que no tiene ese contacto. En estos momentos estamos adscritos a dos grandes bases de datos, de compradores y de vendedores\u201d, expresa Molina, mientras camina mostrando el edificio, \u00e1rea por \u00e1rea, subiendo y bajando escalones. Realiza ese recorrido sin avisar previamente a los empleados o colaboradores. Pero, cabe resaltar, que ninguno de esos empleados se altera ni presiona con su llegada. Se respira buen ambiente laboral.<\/p>\n<p><strong>Que haya lo necesario<\/strong><\/p>\n<p>En el tercer piso el CEI-RD tendr\u00e1 concentrado todo lo que un inversionista quiere saber para colocar sus capitales en Rep\u00fablica Dominicana. \u201cLo que buscamos es que venir al CEI-RD sea toda una experiencia\u201d, plantea, poco antes de llegar al \u00e1rea de Inteligencia y Desarrollo. Ese departamento funcion\u00f3 antes en el otro edificio del organismo, pero se han fusionado varias \u00e1reas, de tal forma manera que todo el mundo pueda trabajar en igual dimensi\u00f3n.<\/p>\n<p>Luis Henry Molina reconoce que el anterior director del CEI-RD, Jean Alain Rodr\u00edguez (actual procurador general de la Rep\u00fablica) realiz\u00f3 buen trabajo. \u201cDe ese trabajo hay que seleccionar lo que ha hecho muy bien. Eddy Mart\u00ednez tambi\u00e9n realiz\u00f3 un gran trabajo cuando dirigi\u00f3 el CEI-RD\u201d, resalta Molina.<\/p>\n<p><!--more--><\/p>\n<p>&nbsp;<\/p>\n<p>&nbsp;<\/p>\n<p>&nbsp;<\/p>\n<p>&nbsp;<\/p>\n","protected":false},"excerpt":{"rendered":"<p>Entrevista a Luis Henry Molina, director ejecutivo del Centro de Exportaci\u00f3n e Inversi\u00f3n de la Rep\u00fablica Dominicana (CEI-RD) El funcionario p\u00fablico plantea que localmente existe una gama de productos que deben conformar la marca pa\u00eds. El director ejecutivo del Centro de Exportaci\u00f3n e Inversi\u00f3n de la Rep\u00fablica Dominicana (CEI-RD), Luis Henry Molina, plante\u00f3 ayer que [&hellip;]<\/p>\n","protected":false},"author":8,"featured_media":2727,"comment_status":"closed","ping_status":"open","sticky":false,"template":"","format":"standard","meta":{"site-sidebar-layout":"default","site-content-layout":"","ast-site-content-layout":"default","site-content-style":"default","site-sidebar-style":"default","ast-global-header-display":"","ast-banner-title-visibility":"","ast-main-header-display":"","ast-hfb-above-header-display":"","ast-hfb-below-header-display":"","ast-hfb-mobile-header-display":"","site-post-title":"","ast-breadcrumbs-content":"","ast-featured-img":"","footer-sml-layout":"","ast-disable-related-posts":"","theme-transparent-header-meta":"","adv-header-id-meta":"","stick-header-meta":"","header-above-stick-meta":"","header-main-stick-meta":"","header-below-stick-meta":"","astra-migrate-meta-layouts":"default","ast-page-background-enabled":"default","ast-page-background-meta":{"desktop":{"background-color":"","background-image":"","background-repeat":"repeat","background-position":"center center","background-size":"auto","background-attachment":"scroll","background-type":"","background-media":"","overlay-type":"","overlay-color":"","overlay-opacity":"","overlay-gradient":""},"tablet":{"background-color":"","background-image":"","background-repeat":"repeat","background-position":"center center","background-size":"auto","background-attachment":"scroll","background-type":"","background-media":"","overlay-type":"","overlay-color":"","overlay-opacity":"","overlay-gradient":""},"mobile":{"background-color":"","background-image":"","background-repeat":"repeat","background-position":"center center","background-size":"auto","background-attachment":"scroll","background-type":"","background-media":"","overlay-type":"","overlay-color":"","overlay-opacity":"","overlay-gradient":""}},"ast-content-background-meta":{"desktop":{"background-color":"var(--ast-global-color-5)","background-image":"","background-repeat":"repeat","background-position":"center center","background-size":"auto","background-attachment":"scroll","background-type":"","background-media":"","overlay-type":"","overlay-color":"","overlay-opacity":"","overlay-gradient":""},"tablet":{"background-color":"var(--ast-global-color-5)","background-image":"","background-repeat":"repeat","background-position":"center center","background-size":"auto","background-attachment":"scroll","background-type":"","background-media":"","overlay-type":"","overlay-color":"","overlay-opacity":"","overlay-gradient":""},"mobile":{"background-color":"var(--ast-global-color-5)","background-image":"","background-repeat":"repeat","background-position":"center center","background-size":"auto","background-attachment":"scroll","background-type":"","background-media":"","overlay-type":"","overlay-color":"","overlay-opacity":"","overlay-gradient":""}},"footnotes":""},"categories":[66,352],"tags":[353,354,58],"class_list":["post-6307","post","type-post","status-publish","format-standard","has-post-thumbnail","hentry","category-novedades","category-novedades-portada","tag-cei-rd","tag-entrevista","tag-invertir-en-la-republica-dominicana"],"yoast_head":"<!-- This site is optimized with the Yoast SEO plugin v27.4 - https:\/\/yoast.com\/product\/yoast-seo-wordpress\/ -->\n<title>Entrevista a Luis Henry Molina, director ejecutivo del Centro de Exportaci\u00f3n e Inversi\u00f3n de la Rep\u00fablica Dominicana (CEI-RD) - Consulado General de la Rep\u00fablica Dominicana en La Haya, Reino de los Pa\u00edses Bajos<\/title>\n<meta name=\"robots\" content=\"index, follow, max-snippet:-1, max-image-preview:large, max-video-preview:-1\" \/>\n<link rel=\"canonical\" href=\"https:\/\/nld.mirex.gob.do\/consular\/amsterdam\/entrevista-a-luis-henry-molina-director-ejecutivo-del-centro-de-exportacion-e-inversion-de-la-republica-dominicana-cei-rd\/\" \/>\n<meta property=\"og:locale\" content=\"en_US\" \/>\n<meta property=\"og:type\" content=\"article\" \/>\n<meta property=\"og:title\" content=\"Entrevista a Luis Henry Molina, director ejecutivo del Centro de Exportaci\u00f3n e Inversi\u00f3n de la Rep\u00fablica Dominicana (CEI-RD) - Consulado General de la Rep\u00fablica Dominicana en La Haya, Reino de los Pa\u00edses Bajos\" \/>\n<meta property=\"og:description\" content=\"Entrevista a Luis Henry Molina, director ejecutivo del Centro de Exportaci\u00f3n e Inversi\u00f3n de la Rep\u00fablica Dominicana (CEI-RD) El funcionario p\u00fablico plantea que localmente existe una gama de productos que deben conformar la marca pa\u00eds. El director ejecutivo del Centro de Exportaci\u00f3n e Inversi\u00f3n de la Rep\u00fablica Dominicana (CEI-RD), Luis Henry Molina, plante\u00f3 ayer que [&hellip;]\" \/>\n<meta property=\"og:url\" content=\"https:\/\/nld.mirex.gob.do\/consular\/amsterdam\/entrevista-a-luis-henry-molina-director-ejecutivo-del-centro-de-exportacion-e-inversion-de-la-republica-dominicana-cei-rd\/\" \/>\n<meta property=\"og:site_name\" content=\"Consulado General de la Rep\u00fablica Dominicana en La Haya, Reino de los Pa\u00edses Bajos\" \/>\n<meta property=\"article:published_time\" content=\"2017-04-11T13:41:40+00:00\" \/>\n<meta name=\"author\" content=\"Michael Antonio Melo Andujar\" \/>\n<meta name=\"twitter:card\" content=\"summary_large_image\" \/>\n<meta name=\"twitter:label1\" content=\"Written by\" \/>\n\t<meta name=\"twitter:data1\" content=\"Michael Antonio Melo Andujar\" \/>\n\t<meta name=\"twitter:label2\" content=\"Est. reading time\" \/>\n\t<meta name=\"twitter:data2\" content=\"6 minutes\" \/>\n<script type=\"application\/ld+json\" class=\"yoast-schema-graph\">{\"@context\":\"https:\\\/\\\/schema.org\",\"@graph\":[{\"@type\":\"Article\",\"@id\":\"https:\\\/\\\/nld.mirex.gob.do\\\/consular\\\/amsterdam\\\/entrevista-a-luis-henry-molina-director-ejecutivo-del-centro-de-exportacion-e-inversion-de-la-republica-dominicana-cei-rd\\\/#article\",\"isPartOf\":{\"@id\":\"https:\\\/\\\/nld.mirex.gob.do\\\/consular\\\/amsterdam\\\/entrevista-a-luis-henry-molina-director-ejecutivo-del-centro-de-exportacion-e-inversion-de-la-republica-dominicana-cei-rd\\\/\"},\"author\":{\"name\":\"Michael Antonio Melo Andujar\",\"@id\":\"https:\\\/\\\/nld.mirex.gob.do\\\/consular\\\/amsterdam\\\/#\\\/schema\\\/person\\\/772a9951ade6a7e4ab978b618b619ff8\"},\"headline\":\"Entrevista a Luis Henry Molina, director ejecutivo del Centro de Exportaci\u00f3n e Inversi\u00f3n de la Rep\u00fablica Dominicana (CEI-RD)\",\"datePublished\":\"2017-04-11T13:41:40+00:00\",\"mainEntityOfPage\":{\"@id\":\"https:\\\/\\\/nld.mirex.gob.do\\\/consular\\\/amsterdam\\\/entrevista-a-luis-henry-molina-director-ejecutivo-del-centro-de-exportacion-e-inversion-de-la-republica-dominicana-cei-rd\\\/\"},\"wordCount\":1129,\"publisher\":{\"@id\":\"https:\\\/\\\/nld.mirex.gob.do\\\/consular\\\/amsterdam\\\/#organization\"},\"image\":{\"@id\":\"https:\\\/\\\/nld.mirex.gob.do\\\/consular\\\/amsterdam\\\/entrevista-a-luis-henry-molina-director-ejecutivo-del-centro-de-exportacion-e-inversion-de-la-republica-dominicana-cei-rd\\\/#primaryimage\"},\"thumbnailUrl\":\"\",\"keywords\":[\"CEI-RD\",\"Entrevista\",\"Invertir en la Rep\u00fablica Dominicana\"],\"articleSection\":[\"Novedades\",\"Novedades-portada\"],\"inLanguage\":\"en-US\"},{\"@type\":\"WebPage\",\"@id\":\"https:\\\/\\\/nld.mirex.gob.do\\\/consular\\\/amsterdam\\\/entrevista-a-luis-henry-molina-director-ejecutivo-del-centro-de-exportacion-e-inversion-de-la-republica-dominicana-cei-rd\\\/\",\"url\":\"https:\\\/\\\/nld.mirex.gob.do\\\/consular\\\/amsterdam\\\/entrevista-a-luis-henry-molina-director-ejecutivo-del-centro-de-exportacion-e-inversion-de-la-republica-dominicana-cei-rd\\\/\",\"name\":\"Entrevista a Luis Henry Molina, director ejecutivo del Centro de Exportaci\u00f3n e Inversi\u00f3n de la Rep\u00fablica Dominicana (CEI-RD) - Consulado General de la Rep\u00fablica Dominicana en La Haya, Reino de los Pa\u00edses Bajos\",\"isPartOf\":{\"@id\":\"https:\\\/\\\/nld.mirex.gob.do\\\/consular\\\/amsterdam\\\/#website\"},\"primaryImageOfPage\":{\"@id\":\"https:\\\/\\\/nld.mirex.gob.do\\\/consular\\\/amsterdam\\\/entrevista-a-luis-henry-molina-director-ejecutivo-del-centro-de-exportacion-e-inversion-de-la-republica-dominicana-cei-rd\\\/#primaryimage\"},\"image\":{\"@id\":\"https:\\\/\\\/nld.mirex.gob.do\\\/consular\\\/amsterdam\\\/entrevista-a-luis-henry-molina-director-ejecutivo-del-centro-de-exportacion-e-inversion-de-la-republica-dominicana-cei-rd\\\/#primaryimage\"},\"thumbnailUrl\":\"\",\"datePublished\":\"2017-04-11T13:41:40+00:00\",\"breadcrumb\":{\"@id\":\"https:\\\/\\\/nld.mirex.gob.do\\\/consular\\\/amsterdam\\\/entrevista-a-luis-henry-molina-director-ejecutivo-del-centro-de-exportacion-e-inversion-de-la-republica-dominicana-cei-rd\\\/#breadcrumb\"},\"inLanguage\":\"en-US\",\"potentialAction\":[{\"@type\":\"ReadAction\",\"target\":[\"https:\\\/\\\/nld.mirex.gob.do\\\/consular\\\/amsterdam\\\/entrevista-a-luis-henry-molina-director-ejecutivo-del-centro-de-exportacion-e-inversion-de-la-republica-dominicana-cei-rd\\\/\"]}]},{\"@type\":\"ImageObject\",\"inLanguage\":\"en-US\",\"@id\":\"https:\\\/\\\/nld.mirex.gob.do\\\/consular\\\/amsterdam\\\/entrevista-a-luis-henry-molina-director-ejecutivo-del-centro-de-exportacion-e-inversion-de-la-republica-dominicana-cei-rd\\\/#primaryimage\",\"url\":\"\",\"contentUrl\":\"\"},{\"@type\":\"BreadcrumbList\",\"@id\":\"https:\\\/\\\/nld.mirex.gob.do\\\/consular\\\/amsterdam\\\/entrevista-a-luis-henry-molina-director-ejecutivo-del-centro-de-exportacion-e-inversion-de-la-republica-dominicana-cei-rd\\\/#breadcrumb\",\"itemListElement\":[{\"@type\":\"ListItem\",\"position\":1,\"name\":\"Inicio\",\"item\":\"https:\\\/\\\/nld.mirex.gob.do\\\/consular\\\/amsterdam\\\/\"},{\"@type\":\"ListItem\",\"position\":2,\"name\":\"Entrevista a Luis Henry Molina, director ejecutivo del Centro de Exportaci\u00f3n e Inversi\u00f3n de la Rep\u00fablica Dominicana (CEI-RD)\"}]},{\"@type\":\"WebSite\",\"@id\":\"https:\\\/\\\/nld.mirex.gob.do\\\/consular\\\/amsterdam\\\/#website\",\"url\":\"https:\\\/\\\/nld.mirex.gob.do\\\/consular\\\/amsterdam\\\/\",\"name\":\"Consulado General de la Rep\u00fablica Dominicana en La Haya, Reino de los Pa\u00edses Bajos\",\"description\":\"\",\"publisher\":{\"@id\":\"https:\\\/\\\/nld.mirex.gob.do\\\/consular\\\/amsterdam\\\/#organization\"},\"potentialAction\":[{\"@type\":\"SearchAction\",\"target\":{\"@type\":\"EntryPoint\",\"urlTemplate\":\"https:\\\/\\\/nld.mirex.gob.do\\\/consular\\\/amsterdam\\\/?s={search_term_string}\"},\"query-input\":{\"@type\":\"PropertyValueSpecification\",\"valueRequired\":true,\"valueName\":\"search_term_string\"}}],\"inLanguage\":\"en-US\"},{\"@type\":\"Organization\",\"@id\":\"https:\\\/\\\/nld.mirex.gob.do\\\/consular\\\/amsterdam\\\/#organization\",\"name\":\"Consulado General de la Rep\u00fablica Dominicana en La Haya, Reino de los Pa\u00edses Bajos\",\"url\":\"https:\\\/\\\/nld.mirex.gob.do\\\/consular\\\/amsterdam\\\/\",\"logo\":{\"@type\":\"ImageObject\",\"inLanguage\":\"en-US\",\"@id\":\"https:\\\/\\\/nld.mirex.gob.do\\\/consular\\\/amsterdam\\\/#\\\/schema\\\/logo\\\/image\\\/\",\"url\":\"https:\\\/\\\/nld.mirex.gob.do\\\/consular\\\/amsterdam\\\/wp-content\\\/uploads\\\/2024\\\/04\\\/cropped-consulado_la_haya_reinode_los_Paises_Bajos.jpg\",\"contentUrl\":\"https:\\\/\\\/nld.mirex.gob.do\\\/consular\\\/amsterdam\\\/wp-content\\\/uploads\\\/2024\\\/04\\\/cropped-consulado_la_haya_reinode_los_Paises_Bajos.jpg\",\"width\":999,\"height\":407,\"caption\":\"Consulado General de la Rep\u00fablica Dominicana en La Haya, Reino de los Pa\u00edses Bajos\"},\"image\":{\"@id\":\"https:\\\/\\\/nld.mirex.gob.do\\\/consular\\\/amsterdam\\\/#\\\/schema\\\/logo\\\/image\\\/\"}},{\"@type\":\"Person\",\"@id\":\"https:\\\/\\\/nld.mirex.gob.do\\\/consular\\\/amsterdam\\\/#\\\/schema\\\/person\\\/772a9951ade6a7e4ab978b618b619ff8\",\"name\":\"Michael Antonio Melo Andujar\",\"image\":{\"@type\":\"ImageObject\",\"inLanguage\":\"en-US\",\"@id\":\"https:\\\/\\\/secure.gravatar.com\\\/avatar\\\/f8862d24b6945a30d30c9727ef9dfcd533ee25a18a27afc92991446aeb0e652d?s=96&d=mm&r=g\",\"url\":\"https:\\\/\\\/secure.gravatar.com\\\/avatar\\\/f8862d24b6945a30d30c9727ef9dfcd533ee25a18a27afc92991446aeb0e652d?s=96&d=mm&r=g\",\"contentUrl\":\"https:\\\/\\\/secure.gravatar.com\\\/avatar\\\/f8862d24b6945a30d30c9727ef9dfcd533ee25a18a27afc92991446aeb0e652d?s=96&d=mm&r=g\",\"caption\":\"Michael Antonio Melo Andujar\"}}]}<\/script>\n<!-- \/ Yoast SEO plugin. -->","yoast_head_json":{"title":"Entrevista a Luis Henry Molina, director ejecutivo del Centro de Exportaci\u00f3n e Inversi\u00f3n de la Rep\u00fablica Dominicana (CEI-RD) - Consulado General de la Rep\u00fablica Dominicana en La Haya, Reino de los Pa\u00edses Bajos","robots":{"index":"index","follow":"follow","max-snippet":"max-snippet:-1","max-image-preview":"max-image-preview:large","max-video-preview":"max-video-preview:-1"},"canonical":"https:\/\/nld.mirex.gob.do\/consular\/amsterdam\/entrevista-a-luis-henry-molina-director-ejecutivo-del-centro-de-exportacion-e-inversion-de-la-republica-dominicana-cei-rd\/","og_locale":"en_US","og_type":"article","og_title":"Entrevista a Luis Henry Molina, director ejecutivo del Centro de Exportaci\u00f3n e Inversi\u00f3n de la Rep\u00fablica Dominicana (CEI-RD) - Consulado General de la Rep\u00fablica Dominicana en La Haya, Reino de los Pa\u00edses Bajos","og_description":"Entrevista a Luis Henry Molina, director ejecutivo del Centro de Exportaci\u00f3n e Inversi\u00f3n de la Rep\u00fablica Dominicana (CEI-RD) El funcionario p\u00fablico plantea que localmente existe una gama de productos que deben conformar la marca pa\u00eds. El director ejecutivo del Centro de Exportaci\u00f3n e Inversi\u00f3n de la Rep\u00fablica Dominicana (CEI-RD), Luis Henry Molina, plante\u00f3 ayer que [&hellip;]","og_url":"https:\/\/nld.mirex.gob.do\/consular\/amsterdam\/entrevista-a-luis-henry-molina-director-ejecutivo-del-centro-de-exportacion-e-inversion-de-la-republica-dominicana-cei-rd\/","og_site_name":"Consulado General de la Rep\u00fablica Dominicana en La Haya, Reino de los Pa\u00edses Bajos","article_published_time":"2017-04-11T13:41:40+00:00","author":"Michael Antonio Melo Andujar","twitter_card":"summary_large_image","twitter_misc":{"Written by":"Michael Antonio Melo Andujar","Est. reading time":"6 minutes"},"schema":{"@context":"https:\/\/schema.org","@graph":[{"@type":"Article","@id":"https:\/\/nld.mirex.gob.do\/consular\/amsterdam\/entrevista-a-luis-henry-molina-director-ejecutivo-del-centro-de-exportacion-e-inversion-de-la-republica-dominicana-cei-rd\/#article","isPartOf":{"@id":"https:\/\/nld.mirex.gob.do\/consular\/amsterdam\/entrevista-a-luis-henry-molina-director-ejecutivo-del-centro-de-exportacion-e-inversion-de-la-republica-dominicana-cei-rd\/"},"author":{"name":"Michael Antonio Melo Andujar","@id":"https:\/\/nld.mirex.gob.do\/consular\/amsterdam\/#\/schema\/person\/772a9951ade6a7e4ab978b618b619ff8"},"headline":"Entrevista a Luis Henry Molina, director ejecutivo del Centro de Exportaci\u00f3n e Inversi\u00f3n de la Rep\u00fablica Dominicana (CEI-RD)","datePublished":"2017-04-11T13:41:40+00:00","mainEntityOfPage":{"@id":"https:\/\/nld.mirex.gob.do\/consular\/amsterdam\/entrevista-a-luis-henry-molina-director-ejecutivo-del-centro-de-exportacion-e-inversion-de-la-republica-dominicana-cei-rd\/"},"wordCount":1129,"publisher":{"@id":"https:\/\/nld.mirex.gob.do\/consular\/amsterdam\/#organization"},"image":{"@id":"https:\/\/nld.mirex.gob.do\/consular\/amsterdam\/entrevista-a-luis-henry-molina-director-ejecutivo-del-centro-de-exportacion-e-inversion-de-la-republica-dominicana-cei-rd\/#primaryimage"},"thumbnailUrl":"","keywords":["CEI-RD","Entrevista","Invertir en la Rep\u00fablica Dominicana"],"articleSection":["Novedades","Novedades-portada"],"inLanguage":"en-US"},{"@type":"WebPage","@id":"https:\/\/nld.mirex.gob.do\/consular\/amsterdam\/entrevista-a-luis-henry-molina-director-ejecutivo-del-centro-de-exportacion-e-inversion-de-la-republica-dominicana-cei-rd\/","url":"https:\/\/nld.mirex.gob.do\/consular\/amsterdam\/entrevista-a-luis-henry-molina-director-ejecutivo-del-centro-de-exportacion-e-inversion-de-la-republica-dominicana-cei-rd\/","name":"Entrevista a Luis Henry Molina, director ejecutivo del Centro de Exportaci\u00f3n e Inversi\u00f3n de la Rep\u00fablica Dominicana (CEI-RD) - Consulado General de la Rep\u00fablica Dominicana en La Haya, Reino de los Pa\u00edses Bajos","isPartOf":{"@id":"https:\/\/nld.mirex.gob.do\/consular\/amsterdam\/#website"},"primaryImageOfPage":{"@id":"https:\/\/nld.mirex.gob.do\/consular\/amsterdam\/entrevista-a-luis-henry-molina-director-ejecutivo-del-centro-de-exportacion-e-inversion-de-la-republica-dominicana-cei-rd\/#primaryimage"},"image":{"@id":"https:\/\/nld.mirex.gob.do\/consular\/amsterdam\/entrevista-a-luis-henry-molina-director-ejecutivo-del-centro-de-exportacion-e-inversion-de-la-republica-dominicana-cei-rd\/#primaryimage"},"thumbnailUrl":"","datePublished":"2017-04-11T13:41:40+00:00","breadcrumb":{"@id":"https:\/\/nld.mirex.gob.do\/consular\/amsterdam\/entrevista-a-luis-henry-molina-director-ejecutivo-del-centro-de-exportacion-e-inversion-de-la-republica-dominicana-cei-rd\/#breadcrumb"},"inLanguage":"en-US","potentialAction":[{"@type":"ReadAction","target":["https:\/\/nld.mirex.gob.do\/consular\/amsterdam\/entrevista-a-luis-henry-molina-director-ejecutivo-del-centro-de-exportacion-e-inversion-de-la-republica-dominicana-cei-rd\/"]}]},{"@type":"ImageObject","inLanguage":"en-US","@id":"https:\/\/nld.mirex.gob.do\/consular\/amsterdam\/entrevista-a-luis-henry-molina-director-ejecutivo-del-centro-de-exportacion-e-inversion-de-la-republica-dominicana-cei-rd\/#primaryimage","url":"","contentUrl":""},{"@type":"BreadcrumbList","@id":"https:\/\/nld.mirex.gob.do\/consular\/amsterdam\/entrevista-a-luis-henry-molina-director-ejecutivo-del-centro-de-exportacion-e-inversion-de-la-republica-dominicana-cei-rd\/#breadcrumb","itemListElement":[{"@type":"ListItem","position":1,"name":"Inicio","item":"https:\/\/nld.mirex.gob.do\/consular\/amsterdam\/"},{"@type":"ListItem","position":2,"name":"Entrevista a Luis Henry Molina, director ejecutivo del Centro de Exportaci\u00f3n e Inversi\u00f3n de la Rep\u00fablica Dominicana (CEI-RD)"}]},{"@type":"WebSite","@id":"https:\/\/nld.mirex.gob.do\/consular\/amsterdam\/#website","url":"https:\/\/nld.mirex.gob.do\/consular\/amsterdam\/","name":"Consulado General de la Rep\u00fablica Dominicana en La Haya, Reino de los Pa\u00edses Bajos","description":"","publisher":{"@id":"https:\/\/nld.mirex.gob.do\/consular\/amsterdam\/#organization"},"potentialAction":[{"@type":"SearchAction","target":{"@type":"EntryPoint","urlTemplate":"https:\/\/nld.mirex.gob.do\/consular\/amsterdam\/?s={search_term_string}"},"query-input":{"@type":"PropertyValueSpecification","valueRequired":true,"valueName":"search_term_string"}}],"inLanguage":"en-US"},{"@type":"Organization","@id":"https:\/\/nld.mirex.gob.do\/consular\/amsterdam\/#organization","name":"Consulado General de la Rep\u00fablica Dominicana en La Haya, Reino de los Pa\u00edses Bajos","url":"https:\/\/nld.mirex.gob.do\/consular\/amsterdam\/","logo":{"@type":"ImageObject","inLanguage":"en-US","@id":"https:\/\/nld.mirex.gob.do\/consular\/amsterdam\/#\/schema\/logo\/image\/","url":"https:\/\/nld.mirex.gob.do\/consular\/amsterdam\/wp-content\/uploads\/2024\/04\/cropped-consulado_la_haya_reinode_los_Paises_Bajos.jpg","contentUrl":"https:\/\/nld.mirex.gob.do\/consular\/amsterdam\/wp-content\/uploads\/2024\/04\/cropped-consulado_la_haya_reinode_los_Paises_Bajos.jpg","width":999,"height":407,"caption":"Consulado General de la Rep\u00fablica Dominicana en La Haya, Reino de los Pa\u00edses Bajos"},"image":{"@id":"https:\/\/nld.mirex.gob.do\/consular\/amsterdam\/#\/schema\/logo\/image\/"}},{"@type":"Person","@id":"https:\/\/nld.mirex.gob.do\/consular\/amsterdam\/#\/schema\/person\/772a9951ade6a7e4ab978b618b619ff8","name":"Michael Antonio Melo Andujar","image":{"@type":"ImageObject","inLanguage":"en-US","@id":"https:\/\/secure.gravatar.com\/avatar\/f8862d24b6945a30d30c9727ef9dfcd533ee25a18a27afc92991446aeb0e652d?s=96&d=mm&r=g","url":"https:\/\/secure.gravatar.com\/avatar\/f8862d24b6945a30d30c9727ef9dfcd533ee25a18a27afc92991446aeb0e652d?s=96&d=mm&r=g","contentUrl":"https:\/\/secure.gravatar.com\/avatar\/f8862d24b6945a30d30c9727ef9dfcd533ee25a18a27afc92991446aeb0e652d?s=96&d=mm&r=g","caption":"Michael Antonio Melo Andujar"}}]}},"_links":{"self":[{"href":"https:\/\/nld.mirex.gob.do\/consular\/amsterdam\/wp-json\/wp\/v2\/posts\/6307","targetHints":{"allow":["GET"]}}],"collection":[{"href":"https:\/\/nld.mirex.gob.do\/consular\/amsterdam\/wp-json\/wp\/v2\/posts"}],"about":[{"href":"https:\/\/nld.mirex.gob.do\/consular\/amsterdam\/wp-json\/wp\/v2\/types\/post"}],"author":[{"embeddable":true,"href":"https:\/\/nld.mirex.gob.do\/consular\/amsterdam\/wp-json\/wp\/v2\/users\/8"}],"replies":[{"embeddable":true,"href":"https:\/\/nld.mirex.gob.do\/consular\/amsterdam\/wp-json\/wp\/v2\/comments?post=6307"}],"version-history":[{"count":0,"href":"https:\/\/nld.mirex.gob.do\/consular\/amsterdam\/wp-json\/wp\/v2\/posts\/6307\/revisions"}],"wp:featuredmedia":[{"embeddable":true,"href":"https:\/\/nld.mirex.gob.do\/consular\/amsterdam\/wp-json\/"}],"wp:attachment":[{"href":"https:\/\/nld.mirex.gob.do\/consular\/amsterdam\/wp-json\/wp\/v2\/media?parent=6307"}],"wp:term":[{"taxonomy":"category","embeddable":true,"href":"https:\/\/nld.mirex.gob.do\/consular\/amsterdam\/wp-json\/wp\/v2\/categories?post=6307"},{"taxonomy":"post_tag","embeddable":true,"href":"https:\/\/nld.mirex.gob.do\/consular\/amsterdam\/wp-json\/wp\/v2\/tags?post=6307"}],"curies":[{"name":"wp","href":"https:\/\/api.w.org\/{rel}","templated":true}]}}