{"id":6305,"date":"2017-04-06T17:16:03","date_gmt":"2017-04-06T17:16:03","guid":{"rendered":"https:\/\/www.consuladordholanda.com\/?p=2706"},"modified":"2017-04-06T17:16:03","modified_gmt":"2017-04-06T17:16:03","slug":"fotos-la-presentacion-cooprodom-amsterdam","status":"publish","type":"post","link":"https:\/\/nld.mirex.gob.do\/consular\/amsterdam\/fotos-la-presentacion-cooprodom-amsterdam\/","title":{"rendered":"Fotos de la presentaci\u00f3n de Cooprodom en \u00c1msterdam"},"content":{"rendered":"<div id=\"pl-2706\"  class=\"panel-layout\" >\n<div id=\"pg-2706-0\"  class=\"panel-grid panel-no-style\" >\n<div id=\"pgc-2706-0-0\"  class=\"panel-grid-cell\" >\n<div id=\"panel-2706-0-0-0\" class=\"so-panel widget widget_sow-editor panel-first-child\" data-index=\"0\" >\n<div\n\n\t\t\tclass=\"so-widget-sow-editor so-widget-sow-editor-base\"\n\n\t\t><\/p>\n<div class=\"siteorigin-widget-tinymce textwidget\">\n<p>La primera reuni\u00f3n de la Cooperativa Internacional de Productos dominicanos (Cooprodom) tuvo lugar el 1 de abril de 2017 en el sal\u00f3n de actos del Consulado Dominicano en Amstelveen. Esta primera reuni\u00f3n con caracter informativo, fue un gran \u00e9xito, tuvo una enorme asistencia de p\u00fablico que siguio con gran interes la exposici\u00f3n.<\/p>\n<p><!-- Awesome Flickr Gallery Start --><!-- - Version - 3.5.6 - User ID - 143921865@N05 - Photoset ID - 72157682185587376 - Gallery ID -  - Group ID -  - Tags -  - Popular -  - Per Page - 10 - Sort Order - flickr - Photo Size - _m - Custom Size - 0 - Square - false - Captions - off - Description - off - Columns - 2 - Credit Note - off - Background Color - Transparent - Width - auto - Pagination - on - Slideshow - swipebox - Disable slideshow? - --><\/p>\n<div class='afg-gallery custom-gallery-4' id='afg-4' style='background-color:Transparent; width:100%; color:; border-color:Transparent;'>\n<div class='afg-table' style='width:100%'>\n<div class='afg-row'>\n<div class='afg-cell' style='width:50%;'><a class='swipebox'   href='https:\/\/farm3.staticflickr.com\/2901\/33748637151_974a39919d_b.jpg' title='Presentaci\u00f3n de Cooprodom en \u00c1msterdam'><img class='afg-img' title='Presentaci\u00f3n de Cooprodom en \u00c1msterdam' src='https:\/\/farm3.static.flickr.com\/2901\/33748637151_974a39919d_m.jpg' alt='Presentaci\u00f3n de Cooprodom en \u00c1msterdam \u2022 &lt;a style=&quot;font-size:0.8em;&quot; href=&quot;http:\/\/www.flickr.com\/photos\/143921865@N05\/33748637151\/&quot; target=&quot;_blank&quot;&gt;View on Flickr&lt;\/a&gt;'\/><\/a><\/div>\n<div class='afg-cell' style='width:50%;'><a class='swipebox'   href='https:\/\/farm3.staticflickr.com\/2854\/33748636751_7316f58668_b.jpg' title='Presentaci\u00f3n de Cooprodom en \u00c1msterdam'><img class='afg-img' title='Presentaci\u00f3n de Cooprodom en \u00c1msterdam' src='https:\/\/farm3.static.flickr.com\/2854\/33748636751_7316f58668_m.jpg' alt='Presentaci\u00f3n de Cooprodom en \u00c1msterdam \u2022 &lt;a style=&quot;font-size:0.8em;&quot; href=&quot;http:\/\/www.flickr.com\/photos\/143921865@N05\/33748636751\/&quot; target=&quot;_blank&quot;&gt;View on Flickr&lt;\/a&gt;'\/><\/a><\/div>\n<\/div>\n<div class='afg-row'>\n<div class='afg-cell' style='width:50%;'><a class='swipebox'   href='https:\/\/farm3.staticflickr.com\/2891\/33878119135_1390e2411d_b.jpg' title='Presentaci\u00f3n de Cooprodom en \u00c1msterdam'><img class='afg-img' title='Presentaci\u00f3n de Cooprodom en \u00c1msterdam' src='https:\/\/farm3.static.flickr.com\/2891\/33878119135_1390e2411d_m.jpg' alt='Presentaci\u00f3n de Cooprodom en \u00c1msterdam \u2022 &lt;a style=&quot;font-size:0.8em;&quot; href=&quot;http:\/\/www.flickr.com\/photos\/143921865@N05\/33878119135\/&quot; target=&quot;_blank&quot;&gt;View on Flickr&lt;\/a&gt;'\/><\/a><\/div>\n<div class='afg-cell' style='width:50%;'><a class='swipebox'   href='https:\/\/farm3.staticflickr.com\/2864\/33748636311_e5a8e11fb0_b.jpg' title='Presentaci\u00f3n de Cooprodom en \u00c1msterdam'><img class='afg-img' title='Presentaci\u00f3n de Cooprodom en \u00c1msterdam' src='https:\/\/farm3.static.flickr.com\/2864\/33748636311_e5a8e11fb0_m.jpg' alt='Presentaci\u00f3n de Cooprodom en \u00c1msterdam \u2022 &lt;a style=&quot;font-size:0.8em;&quot; href=&quot;http:\/\/www.flickr.com\/photos\/143921865@N05\/33748636311\/&quot; target=&quot;_blank&quot;&gt;View on Flickr&lt;\/a&gt;'\/><\/a><\/div>\n<\/div>\n<div class='afg-row'>\n<div class='afg-cell' style='width:50%;'><a class='swipebox'   href='https:\/\/farm3.staticflickr.com\/2822\/33748636061_3a9533aeb2_b.jpg' title='Presentaci\u00f3n de Cooprodom en \u00c1msterdam'><img class='afg-img' title='Presentaci\u00f3n de Cooprodom en \u00c1msterdam' src='https:\/\/farm3.static.flickr.com\/2822\/33748636061_3a9533aeb2_m.jpg' alt='Presentaci\u00f3n de Cooprodom en \u00c1msterdam \u2022 &lt;a style=&quot;font-size:0.8em;&quot; href=&quot;http:\/\/www.flickr.com\/photos\/143921865@N05\/33748636061\/&quot; target=&quot;_blank&quot;&gt;View on Flickr&lt;\/a&gt;'\/><\/a><\/div>\n<div class='afg-cell' style='width:50%;'><a class='swipebox'   href='https:\/\/farm3.staticflickr.com\/2839\/33034158294_caaeb9750d_b.jpg' title='Cartel de la primera reuni\u00f3n de Cooprodom en \u00c1msterdam'><img class='afg-img' title='Cartel de la primera reuni\u00f3n de Cooprodom en \u00c1msterdam' src='https:\/\/farm3.static.flickr.com\/2839\/33034158294_caaeb9750d_m.jpg' alt='Cartel de la primera reuni\u00f3n de Cooprodom en \u00c1msterdam \u2022 &lt;a style=&quot;font-size:0.8em;&quot; href=&quot;http:\/\/www.flickr.com\/photos\/143921865@N05\/33034158294\/&quot; target=&quot;_blank&quot;&gt;View on Flickr&lt;\/a&gt;'\/><\/a><\/div>\n<\/div>\n<\/div>\n<\/div>\n<p><!-- Awesome Flickr Gallery End --><\/p>\n<p>&nbsp;<\/p>\n<\/div>\n<\/div>\n<\/div>\n<div id=\"panel-2706-0-0-1\" class=\"so-panel widget widget_siteorigin-panels-postloop panel-last-child\" data-index=\"1\" >\n<h3 class=\"widget-title\"><span class=\"vantage-carousel-title\"><span class=\"vantage-carousel-title-text\">Notas relacionadas<\/span><a href=\"#\" class=\"next\" title=\"Siguiente\"><span class=\"vantage-icon-arrow-right\"><\/span><\/a><a href=\"#\" class=\"previous\" title=\"Anterior\"><span class=\"vantage-icon-arrow-left\"><\/span><\/a><\/span><\/h3>\n<div class=\"vantage-carousel-wrapper\">\n<ul class=\"vantage-carousel\" data-query=\"{&quot;post_status&quot;:&quot;publish&quot;,&quot;posts_per_page&quot;:10,&quot;post_type&quot;:&quot;post&quot;,&quot;tax_query&quot;:{&quot;relation&quot;:&quot;OR&quot;,&quot;0&quot;:{&quot;taxonomy&quot;:&quot;post_tag&quot;,&quot;field&quot;:&quot;slug&quot;,&quot;terms&quot;:&quot;cooprodom&quot;}},&quot;date_query&quot;:{&quot;after&quot;:&quot;&quot;,&quot;before&quot;:&quot;&quot;,&quot;inclusive&quot;:true},&quot;orderby&quot;:&quot;date&quot;,&quot;order&quot;:&quot;DESC&quot;,&quot;post__not_in&quot;:[2706,2706],&quot;paged&quot;:1,&quot;tag_id&quot;:356,&quot;lazy_load_term_meta&quot;:true}\" data-ajax-url=\"https:\/\/www.consuladordholanda.com\/wp-admin\/admin-ajax.php\">\n<li class=\"carousel-entry\">\n<div class=\"thumbnail\">\n\t\t\t\t\t\t\t\t\t\t\t\t\t\t\t\t<a href=\"https:\/\/www.consuladordholanda.com\/presentacion-de-cooprodom-en-amsterdam\/\" style=\"background-image: url(https:\/\/www.consuladordholanda.com\/wp-content\/uploads\/2017\/03\/Cooprodom-Primera-reuni\u00f3n-de-Cooprodom-en-Amsterdam-272x182.png)\"><br \/>\n\t\t\t\t\t\t\t<span class=\"sow-overlay\"><\/span><br \/>\n\t\t\t\t\t\t<\/a>\n\t\t\t\t\t\t\t\t\t<\/div>\n<h3><a href=\"https:\/\/www.consuladordholanda.com\/presentacion-de-cooprodom-en-amsterdam\/\">Presentaci\u00f3n de COOPRODOM en \u00c1msterdam<\/a><\/h3>\n<\/li>\n<\/ul>\n<\/div>\n<\/div>\n<\/div>\n<\/div>\n<\/div>\n","protected":false},"excerpt":{"rendered":"<p>La primera reuni\u00f3n de la Cooperativa Internacional de Productos dominicanos (Cooprodom) tuvo lugar el 1 de abril de 2017 en el sal\u00f3n de actos del Consulado Dominicano en Amstelveen. Esta primera reuni\u00f3n con caracter informativo, fue un gran \u00e9xito, tuvo una enorme asistencia de p\u00fablico que siguio con gran interes la exposici\u00f3n. &nbsp; Notas relacionadas [&hellip;]<\/p>\n","protected":false},"author":8,"featured_media":2707,"comment_status":"closed","ping_status":"open","sticky":false,"template":"","format":"standard","meta":{"site-sidebar-layout":"default","site-content-layout":"","ast-site-content-layout":"default","site-content-style":"default","site-sidebar-style":"default","ast-global-header-display":"","ast-banner-title-visibility":"","ast-main-header-display":"","ast-hfb-above-header-display":"","ast-hfb-below-header-display":"","ast-hfb-mobile-header-display":"","site-post-title":"","ast-breadcrumbs-content":"","ast-featured-img":"","footer-sml-layout":"","ast-disable-related-posts":"","theme-transparent-header-meta":"","adv-header-id-meta":"","stick-header-meta":"","header-above-stick-meta":"","header-main-stick-meta":"","header-below-stick-meta":"","astra-migrate-meta-layouts":"default","ast-page-background-enabled":"default","ast-page-background-meta":{"desktop":{"background-color":"","background-image":"","background-repeat":"repeat","background-position":"center center","background-size":"auto","background-attachment":"scroll","background-type":"","background-media":"","overlay-type":"","overlay-color":"","overlay-opacity":"","overlay-gradient":""},"tablet":{"background-color":"","background-image":"","background-repeat":"repeat","background-position":"center center","background-size":"auto","background-attachment":"scroll","background-type":"","background-media":"","overlay-type":"","overlay-color":"","overlay-opacity":"","overlay-gradient":""},"mobile":{"background-color":"","background-image":"","background-repeat":"repeat","background-position":"center center","background-size":"auto","background-attachment":"scroll","background-type":"","background-media":"","overlay-type":"","overlay-color":"","overlay-opacity":"","overlay-gradient":""}},"ast-content-background-meta":{"desktop":{"background-color":"var(--ast-global-color-5)","background-image":"","background-repeat":"repeat","background-position":"center center","background-size":"auto","background-attachment":"scroll","background-type":"","background-media":"","overlay-type":"","overlay-color":"","overlay-opacity":"","overlay-gradient":""},"tablet":{"background-color":"var(--ast-global-color-5)","background-image":"","background-repeat":"repeat","background-position":"center center","background-size":"auto","background-attachment":"scroll","background-type":"","background-media":"","overlay-type":"","overlay-color":"","overlay-opacity":"","overlay-gradient":""},"mobile":{"background-color":"var(--ast-global-color-5)","background-image":"","background-repeat":"repeat","background-position":"center center","background-size":"auto","background-attachment":"scroll","background-type":"","background-media":"","overlay-type":"","overlay-color":"","overlay-opacity":"","overlay-gradient":""}},"footnotes":""},"categories":[342],"tags":[349],"class_list":["post-6305","post","type-post","status-publish","format-standard","has-post-thumbnail","hentry","category-actividades-portada","tag-cooprodom"],"yoast_head":"<!-- This site is optimized with the Yoast SEO plugin v27.4 - https:\/\/yoast.com\/product\/yoast-seo-wordpress\/ -->\n<title>Fotos de la presentaci\u00f3n de Cooprodom en \u00c1msterdam - Consulado General de la Rep\u00fablica Dominicana en La Haya, Reino de los Pa\u00edses Bajos<\/title>\n<meta name=\"robots\" content=\"index, follow, max-snippet:-1, max-image-preview:large, max-video-preview:-1\" \/>\n<link rel=\"canonical\" href=\"https:\/\/nld.mirex.gob.do\/consular\/amsterdam\/fotos-la-presentacion-cooprodom-amsterdam\/\" \/>\n<meta property=\"og:locale\" content=\"en_US\" \/>\n<meta property=\"og:type\" content=\"article\" \/>\n<meta property=\"og:title\" content=\"Fotos de la presentaci\u00f3n de Cooprodom en \u00c1msterdam - Consulado General de la Rep\u00fablica Dominicana en La Haya, Reino de los Pa\u00edses Bajos\" \/>\n<meta property=\"og:description\" content=\"La primera reuni\u00f3n de la Cooperativa Internacional de Productos dominicanos (Cooprodom) tuvo lugar el 1 de abril de 2017 en el sal\u00f3n de actos del Consulado Dominicano en Amstelveen. Esta primera reuni\u00f3n con caracter informativo, fue un gran \u00e9xito, tuvo una enorme asistencia de p\u00fablico que siguio con gran interes la exposici\u00f3n. &nbsp; Notas relacionadas [&hellip;]\" \/>\n<meta property=\"og:url\" content=\"https:\/\/nld.mirex.gob.do\/consular\/amsterdam\/fotos-la-presentacion-cooprodom-amsterdam\/\" \/>\n<meta property=\"og:site_name\" content=\"Consulado General de la Rep\u00fablica Dominicana en La Haya, Reino de los Pa\u00edses Bajos\" \/>\n<meta property=\"article:published_time\" content=\"2017-04-06T17:16:03+00:00\" \/>\n<meta name=\"author\" content=\"Michael Antonio Melo Andujar\" \/>\n<meta name=\"twitter:card\" content=\"summary_large_image\" \/>\n<meta name=\"twitter:label1\" content=\"Written by\" \/>\n\t<meta name=\"twitter:data1\" content=\"Michael Antonio Melo Andujar\" \/>\n<script type=\"application\/ld+json\" class=\"yoast-schema-graph\">{\"@context\":\"https:\\\/\\\/schema.org\",\"@graph\":[{\"@type\":\"Article\",\"@id\":\"https:\\\/\\\/nld.mirex.gob.do\\\/consular\\\/amsterdam\\\/fotos-la-presentacion-cooprodom-amsterdam\\\/#article\",\"isPartOf\":{\"@id\":\"https:\\\/\\\/nld.mirex.gob.do\\\/consular\\\/amsterdam\\\/fotos-la-presentacion-cooprodom-amsterdam\\\/\"},\"author\":{\"name\":\"Michael Antonio Melo Andujar\",\"@id\":\"https:\\\/\\\/nld.mirex.gob.do\\\/consular\\\/amsterdam\\\/#\\\/schema\\\/person\\\/772a9951ade6a7e4ab978b618b619ff8\"},\"headline\":\"Fotos de la presentaci\u00f3n de Cooprodom en \u00c1msterdam\",\"datePublished\":\"2017-04-06T17:16:03+00:00\",\"mainEntityOfPage\":{\"@id\":\"https:\\\/\\\/nld.mirex.gob.do\\\/consular\\\/amsterdam\\\/fotos-la-presentacion-cooprodom-amsterdam\\\/\"},\"wordCount\":73,\"publisher\":{\"@id\":\"https:\\\/\\\/nld.mirex.gob.do\\\/consular\\\/amsterdam\\\/#organization\"},\"image\":{\"@id\":\"https:\\\/\\\/nld.mirex.gob.do\\\/consular\\\/amsterdam\\\/fotos-la-presentacion-cooprodom-amsterdam\\\/#primaryimage\"},\"thumbnailUrl\":\"\",\"keywords\":[\"COOPRODOM\"],\"articleSection\":[\"Actividades-portada\"],\"inLanguage\":\"en-US\"},{\"@type\":\"WebPage\",\"@id\":\"https:\\\/\\\/nld.mirex.gob.do\\\/consular\\\/amsterdam\\\/fotos-la-presentacion-cooprodom-amsterdam\\\/\",\"url\":\"https:\\\/\\\/nld.mirex.gob.do\\\/consular\\\/amsterdam\\\/fotos-la-presentacion-cooprodom-amsterdam\\\/\",\"name\":\"Fotos de la presentaci\u00f3n de Cooprodom en \u00c1msterdam - Consulado General de la Rep\u00fablica Dominicana en La Haya, Reino de los Pa\u00edses Bajos\",\"isPartOf\":{\"@id\":\"https:\\\/\\\/nld.mirex.gob.do\\\/consular\\\/amsterdam\\\/#website\"},\"primaryImageOfPage\":{\"@id\":\"https:\\\/\\\/nld.mirex.gob.do\\\/consular\\\/amsterdam\\\/fotos-la-presentacion-cooprodom-amsterdam\\\/#primaryimage\"},\"image\":{\"@id\":\"https:\\\/\\\/nld.mirex.gob.do\\\/consular\\\/amsterdam\\\/fotos-la-presentacion-cooprodom-amsterdam\\\/#primaryimage\"},\"thumbnailUrl\":\"\",\"datePublished\":\"2017-04-06T17:16:03+00:00\",\"breadcrumb\":{\"@id\":\"https:\\\/\\\/nld.mirex.gob.do\\\/consular\\\/amsterdam\\\/fotos-la-presentacion-cooprodom-amsterdam\\\/#breadcrumb\"},\"inLanguage\":\"en-US\",\"potentialAction\":[{\"@type\":\"ReadAction\",\"target\":[\"https:\\\/\\\/nld.mirex.gob.do\\\/consular\\\/amsterdam\\\/fotos-la-presentacion-cooprodom-amsterdam\\\/\"]}]},{\"@type\":\"ImageObject\",\"inLanguage\":\"en-US\",\"@id\":\"https:\\\/\\\/nld.mirex.gob.do\\\/consular\\\/amsterdam\\\/fotos-la-presentacion-cooprodom-amsterdam\\\/#primaryimage\",\"url\":\"\",\"contentUrl\":\"\"},{\"@type\":\"BreadcrumbList\",\"@id\":\"https:\\\/\\\/nld.mirex.gob.do\\\/consular\\\/amsterdam\\\/fotos-la-presentacion-cooprodom-amsterdam\\\/#breadcrumb\",\"itemListElement\":[{\"@type\":\"ListItem\",\"position\":1,\"name\":\"Inicio\",\"item\":\"https:\\\/\\\/nld.mirex.gob.do\\\/consular\\\/amsterdam\\\/\"},{\"@type\":\"ListItem\",\"position\":2,\"name\":\"Fotos de la presentaci\u00f3n de Cooprodom en \u00c1msterdam\"}]},{\"@type\":\"WebSite\",\"@id\":\"https:\\\/\\\/nld.mirex.gob.do\\\/consular\\\/amsterdam\\\/#website\",\"url\":\"https:\\\/\\\/nld.mirex.gob.do\\\/consular\\\/amsterdam\\\/\",\"name\":\"Consulado General de la Rep\u00fablica Dominicana en La Haya, Reino de los Pa\u00edses Bajos\",\"description\":\"\",\"publisher\":{\"@id\":\"https:\\\/\\\/nld.mirex.gob.do\\\/consular\\\/amsterdam\\\/#organization\"},\"potentialAction\":[{\"@type\":\"SearchAction\",\"target\":{\"@type\":\"EntryPoint\",\"urlTemplate\":\"https:\\\/\\\/nld.mirex.gob.do\\\/consular\\\/amsterdam\\\/?s={search_term_string}\"},\"query-input\":{\"@type\":\"PropertyValueSpecification\",\"valueRequired\":true,\"valueName\":\"search_term_string\"}}],\"inLanguage\":\"en-US\"},{\"@type\":\"Organization\",\"@id\":\"https:\\\/\\\/nld.mirex.gob.do\\\/consular\\\/amsterdam\\\/#organization\",\"name\":\"Consulado General de la Rep\u00fablica Dominicana en La Haya, Reino de los Pa\u00edses Bajos\",\"url\":\"https:\\\/\\\/nld.mirex.gob.do\\\/consular\\\/amsterdam\\\/\",\"logo\":{\"@type\":\"ImageObject\",\"inLanguage\":\"en-US\",\"@id\":\"https:\\\/\\\/nld.mirex.gob.do\\\/consular\\\/amsterdam\\\/#\\\/schema\\\/logo\\\/image\\\/\",\"url\":\"https:\\\/\\\/nld.mirex.gob.do\\\/consular\\\/amsterdam\\\/wp-content\\\/uploads\\\/2024\\\/04\\\/cropped-consulado_la_haya_reinode_los_Paises_Bajos.jpg\",\"contentUrl\":\"https:\\\/\\\/nld.mirex.gob.do\\\/consular\\\/amsterdam\\\/wp-content\\\/uploads\\\/2024\\\/04\\\/cropped-consulado_la_haya_reinode_los_Paises_Bajos.jpg\",\"width\":999,\"height\":407,\"caption\":\"Consulado General de la Rep\u00fablica Dominicana en La Haya, Reino de los Pa\u00edses Bajos\"},\"image\":{\"@id\":\"https:\\\/\\\/nld.mirex.gob.do\\\/consular\\\/amsterdam\\\/#\\\/schema\\\/logo\\\/image\\\/\"}},{\"@type\":\"Person\",\"@id\":\"https:\\\/\\\/nld.mirex.gob.do\\\/consular\\\/amsterdam\\\/#\\\/schema\\\/person\\\/772a9951ade6a7e4ab978b618b619ff8\",\"name\":\"Michael Antonio Melo Andujar\",\"image\":{\"@type\":\"ImageObject\",\"inLanguage\":\"en-US\",\"@id\":\"https:\\\/\\\/secure.gravatar.com\\\/avatar\\\/f8862d24b6945a30d30c9727ef9dfcd533ee25a18a27afc92991446aeb0e652d?s=96&d=mm&r=g\",\"url\":\"https:\\\/\\\/secure.gravatar.com\\\/avatar\\\/f8862d24b6945a30d30c9727ef9dfcd533ee25a18a27afc92991446aeb0e652d?s=96&d=mm&r=g\",\"contentUrl\":\"https:\\\/\\\/secure.gravatar.com\\\/avatar\\\/f8862d24b6945a30d30c9727ef9dfcd533ee25a18a27afc92991446aeb0e652d?s=96&d=mm&r=g\",\"caption\":\"Michael Antonio Melo Andujar\"}}]}<\/script>\n<!-- \/ Yoast SEO plugin. -->","yoast_head_json":{"title":"Fotos de la presentaci\u00f3n de Cooprodom en \u00c1msterdam - Consulado General de la Rep\u00fablica Dominicana en La Haya, Reino de los Pa\u00edses Bajos","robots":{"index":"index","follow":"follow","max-snippet":"max-snippet:-1","max-image-preview":"max-image-preview:large","max-video-preview":"max-video-preview:-1"},"canonical":"https:\/\/nld.mirex.gob.do\/consular\/amsterdam\/fotos-la-presentacion-cooprodom-amsterdam\/","og_locale":"en_US","og_type":"article","og_title":"Fotos de la presentaci\u00f3n de Cooprodom en \u00c1msterdam - Consulado General de la Rep\u00fablica Dominicana en La Haya, Reino de los Pa\u00edses Bajos","og_description":"La primera reuni\u00f3n de la Cooperativa Internacional de Productos dominicanos (Cooprodom) tuvo lugar el 1 de abril de 2017 en el sal\u00f3n de actos del Consulado Dominicano en Amstelveen. Esta primera reuni\u00f3n con caracter informativo, fue un gran \u00e9xito, tuvo una enorme asistencia de p\u00fablico que siguio con gran interes la exposici\u00f3n. &nbsp; Notas relacionadas [&hellip;]","og_url":"https:\/\/nld.mirex.gob.do\/consular\/amsterdam\/fotos-la-presentacion-cooprodom-amsterdam\/","og_site_name":"Consulado General de la Rep\u00fablica Dominicana en La Haya, Reino de los Pa\u00edses Bajos","article_published_time":"2017-04-06T17:16:03+00:00","author":"Michael Antonio Melo Andujar","twitter_card":"summary_large_image","twitter_misc":{"Written by":"Michael Antonio Melo Andujar"},"schema":{"@context":"https:\/\/schema.org","@graph":[{"@type":"Article","@id":"https:\/\/nld.mirex.gob.do\/consular\/amsterdam\/fotos-la-presentacion-cooprodom-amsterdam\/#article","isPartOf":{"@id":"https:\/\/nld.mirex.gob.do\/consular\/amsterdam\/fotos-la-presentacion-cooprodom-amsterdam\/"},"author":{"name":"Michael Antonio Melo Andujar","@id":"https:\/\/nld.mirex.gob.do\/consular\/amsterdam\/#\/schema\/person\/772a9951ade6a7e4ab978b618b619ff8"},"headline":"Fotos de la presentaci\u00f3n de Cooprodom en \u00c1msterdam","datePublished":"2017-04-06T17:16:03+00:00","mainEntityOfPage":{"@id":"https:\/\/nld.mirex.gob.do\/consular\/amsterdam\/fotos-la-presentacion-cooprodom-amsterdam\/"},"wordCount":73,"publisher":{"@id":"https:\/\/nld.mirex.gob.do\/consular\/amsterdam\/#organization"},"image":{"@id":"https:\/\/nld.mirex.gob.do\/consular\/amsterdam\/fotos-la-presentacion-cooprodom-amsterdam\/#primaryimage"},"thumbnailUrl":"","keywords":["COOPRODOM"],"articleSection":["Actividades-portada"],"inLanguage":"en-US"},{"@type":"WebPage","@id":"https:\/\/nld.mirex.gob.do\/consular\/amsterdam\/fotos-la-presentacion-cooprodom-amsterdam\/","url":"https:\/\/nld.mirex.gob.do\/consular\/amsterdam\/fotos-la-presentacion-cooprodom-amsterdam\/","name":"Fotos de la presentaci\u00f3n de Cooprodom en \u00c1msterdam - Consulado General de la Rep\u00fablica Dominicana en La Haya, Reino de los Pa\u00edses Bajos","isPartOf":{"@id":"https:\/\/nld.mirex.gob.do\/consular\/amsterdam\/#website"},"primaryImageOfPage":{"@id":"https:\/\/nld.mirex.gob.do\/consular\/amsterdam\/fotos-la-presentacion-cooprodom-amsterdam\/#primaryimage"},"image":{"@id":"https:\/\/nld.mirex.gob.do\/consular\/amsterdam\/fotos-la-presentacion-cooprodom-amsterdam\/#primaryimage"},"thumbnailUrl":"","datePublished":"2017-04-06T17:16:03+00:00","breadcrumb":{"@id":"https:\/\/nld.mirex.gob.do\/consular\/amsterdam\/fotos-la-presentacion-cooprodom-amsterdam\/#breadcrumb"},"inLanguage":"en-US","potentialAction":[{"@type":"ReadAction","target":["https:\/\/nld.mirex.gob.do\/consular\/amsterdam\/fotos-la-presentacion-cooprodom-amsterdam\/"]}]},{"@type":"ImageObject","inLanguage":"en-US","@id":"https:\/\/nld.mirex.gob.do\/consular\/amsterdam\/fotos-la-presentacion-cooprodom-amsterdam\/#primaryimage","url":"","contentUrl":""},{"@type":"BreadcrumbList","@id":"https:\/\/nld.mirex.gob.do\/consular\/amsterdam\/fotos-la-presentacion-cooprodom-amsterdam\/#breadcrumb","itemListElement":[{"@type":"ListItem","position":1,"name":"Inicio","item":"https:\/\/nld.mirex.gob.do\/consular\/amsterdam\/"},{"@type":"ListItem","position":2,"name":"Fotos de la presentaci\u00f3n de Cooprodom en \u00c1msterdam"}]},{"@type":"WebSite","@id":"https:\/\/nld.mirex.gob.do\/consular\/amsterdam\/#website","url":"https:\/\/nld.mirex.gob.do\/consular\/amsterdam\/","name":"Consulado General de la Rep\u00fablica Dominicana en La Haya, Reino de los Pa\u00edses Bajos","description":"","publisher":{"@id":"https:\/\/nld.mirex.gob.do\/consular\/amsterdam\/#organization"},"potentialAction":[{"@type":"SearchAction","target":{"@type":"EntryPoint","urlTemplate":"https:\/\/nld.mirex.gob.do\/consular\/amsterdam\/?s={search_term_string}"},"query-input":{"@type":"PropertyValueSpecification","valueRequired":true,"valueName":"search_term_string"}}],"inLanguage":"en-US"},{"@type":"Organization","@id":"https:\/\/nld.mirex.gob.do\/consular\/amsterdam\/#organization","name":"Consulado General de la Rep\u00fablica Dominicana en La Haya, Reino de los Pa\u00edses Bajos","url":"https:\/\/nld.mirex.gob.do\/consular\/amsterdam\/","logo":{"@type":"ImageObject","inLanguage":"en-US","@id":"https:\/\/nld.mirex.gob.do\/consular\/amsterdam\/#\/schema\/logo\/image\/","url":"https:\/\/nld.mirex.gob.do\/consular\/amsterdam\/wp-content\/uploads\/2024\/04\/cropped-consulado_la_haya_reinode_los_Paises_Bajos.jpg","contentUrl":"https:\/\/nld.mirex.gob.do\/consular\/amsterdam\/wp-content\/uploads\/2024\/04\/cropped-consulado_la_haya_reinode_los_Paises_Bajos.jpg","width":999,"height":407,"caption":"Consulado General de la Rep\u00fablica Dominicana en La Haya, Reino de los Pa\u00edses Bajos"},"image":{"@id":"https:\/\/nld.mirex.gob.do\/consular\/amsterdam\/#\/schema\/logo\/image\/"}},{"@type":"Person","@id":"https:\/\/nld.mirex.gob.do\/consular\/amsterdam\/#\/schema\/person\/772a9951ade6a7e4ab978b618b619ff8","name":"Michael Antonio Melo Andujar","image":{"@type":"ImageObject","inLanguage":"en-US","@id":"https:\/\/secure.gravatar.com\/avatar\/f8862d24b6945a30d30c9727ef9dfcd533ee25a18a27afc92991446aeb0e652d?s=96&d=mm&r=g","url":"https:\/\/secure.gravatar.com\/avatar\/f8862d24b6945a30d30c9727ef9dfcd533ee25a18a27afc92991446aeb0e652d?s=96&d=mm&r=g","contentUrl":"https:\/\/secure.gravatar.com\/avatar\/f8862d24b6945a30d30c9727ef9dfcd533ee25a18a27afc92991446aeb0e652d?s=96&d=mm&r=g","caption":"Michael Antonio Melo Andujar"}}]}},"_links":{"self":[{"href":"https:\/\/nld.mirex.gob.do\/consular\/amsterdam\/wp-json\/wp\/v2\/posts\/6305","targetHints":{"allow":["GET"]}}],"collection":[{"href":"https:\/\/nld.mirex.gob.do\/consular\/amsterdam\/wp-json\/wp\/v2\/posts"}],"about":[{"href":"https:\/\/nld.mirex.gob.do\/consular\/amsterdam\/wp-json\/wp\/v2\/types\/post"}],"author":[{"embeddable":true,"href":"https:\/\/nld.mirex.gob.do\/consular\/amsterdam\/wp-json\/wp\/v2\/users\/8"}],"replies":[{"embeddable":true,"href":"https:\/\/nld.mirex.gob.do\/consular\/amsterdam\/wp-json\/wp\/v2\/comments?post=6305"}],"version-history":[{"count":0,"href":"https:\/\/nld.mirex.gob.do\/consular\/amsterdam\/wp-json\/wp\/v2\/posts\/6305\/revisions"}],"wp:featuredmedia":[{"embeddable":true,"href":"https:\/\/nld.mirex.gob.do\/consular\/amsterdam\/wp-json\/"}],"wp:attachment":[{"href":"https:\/\/nld.mirex.gob.do\/consular\/amsterdam\/wp-json\/wp\/v2\/media?parent=6305"}],"wp:term":[{"taxonomy":"category","embeddable":true,"href":"https:\/\/nld.mirex.gob.do\/consular\/amsterdam\/wp-json\/wp\/v2\/categories?post=6305"},{"taxonomy":"post_tag","embeddable":true,"href":"https:\/\/nld.mirex.gob.do\/consular\/amsterdam\/wp-json\/wp\/v2\/tags?post=6305"}],"curies":[{"name":"wp","href":"https:\/\/api.w.org\/{rel}","templated":true}]}}