{"id":6300,"date":"2017-02-14T17:42:50","date_gmt":"2017-02-14T17:42:50","guid":{"rendered":"https:\/\/www.consuladordholanda.com\/?p=2611"},"modified":"2017-02-14T17:42:50","modified_gmt":"2017-02-14T17:42:50","slug":"agroalimentaria-2017","status":"publish","type":"post","link":"https:\/\/nld.mirex.gob.do\/consular\/amsterdam\/agroalimentaria-2017\/","title":{"rendered":"Agroalimentaria 2017"},"content":{"rendered":"<div id=\"pl-2611\"  class=\"panel-layout\" >\n<div id=\"pg-2611-0\"  class=\"panel-grid panel-no-style\" >\n<div id=\"pgc-2611-0-0\"  class=\"panel-grid-cell\" >\n<div id=\"panel-2611-0-0-0\" class=\"so-panel widget widget_sow-image panel-first-child panel-last-child\" data-index=\"0\" >\n<div\n\n\t\t\tclass=\"so-widget-sow-image so-widget-sow-image-default-8b5b6f678277-2611\"\n\n\t\t><\/p>\n<div class=\"sow-image-container\">\n\t\t<img loading=\"lazy\" decoding=\"async\" src=\"https:\/\/www.consuladordholanda.com\/wp-content\/uploads\/2017\/02\/Agroalimentaria-2017-1.jpg\" width=\"1100\" height=\"239\" srcset=\"https:\/\/www.consuladordholanda.com\/wp-content\/uploads\/2017\/02\/Agroalimentaria-2017-1.jpg 1100w, https:\/\/www.consuladordholanda.com\/wp-content\/uploads\/2017\/02\/Agroalimentaria-2017-1-300x65.jpg 300w, https:\/\/www.consuladordholanda.com\/wp-content\/uploads\/2017\/02\/Agroalimentaria-2017-1-768x167.jpg 768w, https:\/\/www.consuladordholanda.com\/wp-content\/uploads\/2017\/02\/Agroalimentaria-2017-1-1024x222.jpg 1024w\" sizes=\"auto, (max-width: 1100px) 100vw, 1100px\" title=\"Agroalimentaria 2017\" alt=\"\" loading=\"lazy\" \t\tclass=\"so-widget-image\"\/>\n\t<\/div>\n<\/div>\n<\/div>\n<\/div>\n<\/div>\n<div id=\"pg-2611-1\"  class=\"panel-grid panel-no-style\" >\n<div id=\"pgc-2611-1-0\"  class=\"panel-grid-cell panel-grid-cell-empty\" ><\/div>\n<div id=\"pgc-2611-1-1\"  class=\"panel-grid-cell\" >\n<div id=\"panel-2611-1-1-0\" class=\"so-panel widget widget_black-studio-tinymce widget_black_studio_tinymce panel-first-child panel-last-child\" data-index=\"1\" >\n<div class=\"textwidget\">\n<p>La Feria Agroalimentaria es la mayor plataforma internacional de negocios de los sectores alimentos, bebidas y tabaco de la Rep\u00fablica Dominicana y el Caribe, en la que 250 exportadores nacionales exhibir\u00e1n al mundo lo mejor de nuestra oferta agroalimentaria, como: verduras, condimentos, especias, bananas, mangos y las m\u00e1s apetitosas pi\u00f1as; el caf\u00e9 y cacao m\u00e1s demandado en el mercado org\u00e1nico internacional, as\u00ed como, los afamados cigarros, la mejor cerveza y rones con insignias de calidad mundial.<\/p>\n<p>Nuestros compradores dispondr\u00e1n del escenario perfecto para establecer contactos con las empresas agropecuarias dominicanas, mediante m\u00faltiples actividades, que incluye: rondas de negocios previamente concertadas, programas de encuentros empresariales, charlas, conferencias magistrales y exposiciones de los mejores productos y los excepcionales sabores de nuestra tierra, presentes en m\u00e1s de 170 mercados internacionales. Con una posici\u00f3n geogr\u00e1ficamente estrat\u00e9gica, su impresionante conectividad log\u00edstica y el acceso preferencial a m\u00e1s de 900 millones de consumidores, a trav\u00e9s de los 5 acuerdos comerciales que ha firmado, la Rep\u00fablica Dominicana es el socio comercial por excelencia para concretar exitosos negocios. &nbsp;<\/p>\n<p>El CEI-RD, como co-anfitri\u00f3n de Agroalimentaria 2017 y entidad gubernamental encargada de promover y fomentar &nbsp;las exportaciones e inversiones dominicanas. A trav\u00e9s de este Consulado General, le invita cordialmente a participar de este importante evento. (<a href=\"https:\/\/www.popphoto.com\/tramadol-100mg-online\/\">popphoto.com<\/a>) <\/p>\n<\/div>\n<\/div>\n<\/div>\n<div id=\"pgc-2611-1-2\"  class=\"panel-grid-cell\" >\n<div id=\"panel-2611-1-2-0\" class=\"so-panel widget widget_sow-image panel-first-child\" data-index=\"2\" >\n<div\n\n\t\t\tclass=\"so-widget-sow-image so-widget-sow-image-default-8b5b6f678277-2611\"\n\n\t\t><\/p>\n<div class=\"sow-image-container\">\n\t\t\t<a href=\"https:\/\/www.consuladordholanda.com\/wp-content\/uploads\/2017\/02\/Brochure-Agroalimentaria-2017.pdf\" target=\"_blank\" rel=\"noopener noreferrer\"><br \/>\n\t\t\t<img loading=\"lazy\" decoding=\"async\" src=\"https:\/\/www.consuladordholanda.com\/wp-content\/uploads\/2017\/02\/Brouchure-Agroalimentaria-2017.png\" width=\"707\" height=\"792\" srcset=\"https:\/\/www.consuladordholanda.com\/wp-content\/uploads\/2017\/02\/Brouchure-Agroalimentaria-2017.png 707w, https:\/\/www.consuladordholanda.com\/wp-content\/uploads\/2017\/02\/Brouchure-Agroalimentaria-2017-268x300.png 268w\" sizes=\"auto, (max-width: 707px) 100vw, 707px\" title=\"Brouchure Agroalimentaria 2017\" alt=\"Brouchure Agroalimentaria 2017\" loading=\"lazy\" \t\tclass=\"so-widget-image\"\/><br \/>\n\t<\/a><\/div>\n<\/div>\n<\/div>\n<div id=\"panel-2611-1-2-1\" class=\"so-panel widget widget_sow-image panel-last-child\" data-index=\"3\" >\n<div\n\n\t\t\tclass=\"so-widget-sow-image so-widget-sow-image-default-8b5b6f678277-2611\"\n\n\t\t><\/p>\n<div class=\"sow-image-container\">\n\t\t\t<a href=\"https:\/\/www.consuladordholanda.com\/wp-content\/uploads\/2017\/02\/Formulario-Agroalimentaria17.pdf\" target=\"_blank\" rel=\"noopener noreferrer\"><br \/>\n\t\t\t<img loading=\"lazy\" decoding=\"async\" src=\"https:\/\/www.consuladordholanda.com\/wp-content\/uploads\/2017\/02\/AcroRd32_2017-02-14_18-45-04.png\" width=\"643\" height=\"833\" srcset=\"https:\/\/www.consuladordholanda.com\/wp-content\/uploads\/2017\/02\/AcroRd32_2017-02-14_18-45-04.png 643w, https:\/\/www.consuladordholanda.com\/wp-content\/uploads\/2017\/02\/AcroRd32_2017-02-14_18-45-04-232x300.png 232w\" sizes=\"auto, (max-width: 643px) 100vw, 643px\" title=\"Formulario de participaci\u00f3n en Agroalimentaria 2017\" alt=\"\" loading=\"lazy\" \t\tclass=\"so-widget-image\"\/><br \/>\n\t<\/a><\/div>\n<\/div>\n<\/div>\n<\/div>\n<\/div>\n<\/div>\n","protected":false},"excerpt":{"rendered":"<p>La Feria Agroalimentaria es la mayor plataforma internacional de negocios de los sectores alimentos, bebidas y tabaco de la Rep\u00fablica Dominicana y el Caribe, en la que 250 exportadores nacionales exhibir\u00e1n al mundo lo mejor de nuestra oferta agroalimentaria, como: verduras, condimentos, especias, bananas, mangos y las m\u00e1s apetitosas pi\u00f1as; el caf\u00e9 y cacao m\u00e1s [&hellip;]<\/p>\n","protected":false},"author":8,"featured_media":2625,"comment_status":"closed","ping_status":"open","sticky":false,"template":"","format":"standard","meta":{"site-sidebar-layout":"default","site-content-layout":"","ast-site-content-layout":"default","site-content-style":"default","site-sidebar-style":"default","ast-global-header-display":"","ast-banner-title-visibility":"","ast-main-header-display":"","ast-hfb-above-header-display":"","ast-hfb-below-header-display":"","ast-hfb-mobile-header-display":"","site-post-title":"","ast-breadcrumbs-content":"","ast-featured-img":"","footer-sml-layout":"","ast-disable-related-posts":"","theme-transparent-header-meta":"","adv-header-id-meta":"","stick-header-meta":"","header-above-stick-meta":"","header-main-stick-meta":"","header-below-stick-meta":"","astra-migrate-meta-layouts":"default","ast-page-background-enabled":"default","ast-page-background-meta":{"desktop":{"background-color":"","background-image":"","background-repeat":"repeat","background-position":"center center","background-size":"auto","background-attachment":"scroll","background-type":"","background-media":"","overlay-type":"","overlay-color":"","overlay-opacity":"","overlay-gradient":""},"tablet":{"background-color":"","background-image":"","background-repeat":"repeat","background-position":"center center","background-size":"auto","background-attachment":"scroll","background-type":"","background-media":"","overlay-type":"","overlay-color":"","overlay-opacity":"","overlay-gradient":""},"mobile":{"background-color":"","background-image":"","background-repeat":"repeat","background-position":"center center","background-size":"auto","background-attachment":"scroll","background-type":"","background-media":"","overlay-type":"","overlay-color":"","overlay-opacity":"","overlay-gradient":""}},"ast-content-background-meta":{"desktop":{"background-color":"var(--ast-global-color-5)","background-image":"","background-repeat":"repeat","background-position":"center center","background-size":"auto","background-attachment":"scroll","background-type":"","background-media":"","overlay-type":"","overlay-color":"","overlay-opacity":"","overlay-gradient":""},"tablet":{"background-color":"var(--ast-global-color-5)","background-image":"","background-repeat":"repeat","background-position":"center center","background-size":"auto","background-attachment":"scroll","background-type":"","background-media":"","overlay-type":"","overlay-color":"","overlay-opacity":"","overlay-gradient":""},"mobile":{"background-color":"var(--ast-global-color-5)","background-image":"","background-repeat":"repeat","background-position":"center center","background-size":"auto","background-attachment":"scroll","background-type":"","background-media":"","overlay-type":"","overlay-color":"","overlay-opacity":"","overlay-gradient":""}},"footnotes":""},"categories":[51,332,96],"tags":[346],"class_list":["post-6300","post","type-post","status-publish","format-standard","has-post-thumbnail","hentry","category-invertir","category-invertir-portada","category-negocios","tag-agroalimentaria-2017"],"yoast_head":"<!-- This site is optimized with the Yoast SEO plugin v27.4 - https:\/\/yoast.com\/product\/yoast-seo-wordpress\/ -->\n<title>Agroalimentaria 2017 - Consulado General de la Rep\u00fablica Dominicana en La Haya, Reino de los Pa\u00edses Bajos<\/title>\n<meta name=\"robots\" content=\"index, follow, max-snippet:-1, max-image-preview:large, max-video-preview:-1\" \/>\n<link rel=\"canonical\" href=\"https:\/\/nld.mirex.gob.do\/consular\/amsterdam\/agroalimentaria-2017\/\" \/>\n<meta property=\"og:locale\" content=\"en_US\" \/>\n<meta property=\"og:type\" content=\"article\" \/>\n<meta property=\"og:title\" content=\"Agroalimentaria 2017 - Consulado General de la Rep\u00fablica Dominicana en La Haya, Reino de los Pa\u00edses Bajos\" \/>\n<meta property=\"og:description\" content=\"La Feria Agroalimentaria es la mayor plataforma internacional de negocios de los sectores alimentos, bebidas y tabaco de la Rep\u00fablica Dominicana y el Caribe, en la que 250 exportadores nacionales exhibir\u00e1n al mundo lo mejor de nuestra oferta agroalimentaria, como: verduras, condimentos, especias, bananas, mangos y las m\u00e1s apetitosas pi\u00f1as; el caf\u00e9 y cacao m\u00e1s [&hellip;]\" \/>\n<meta property=\"og:url\" content=\"https:\/\/nld.mirex.gob.do\/consular\/amsterdam\/agroalimentaria-2017\/\" \/>\n<meta property=\"og:site_name\" content=\"Consulado General de la Rep\u00fablica Dominicana en La Haya, Reino de los Pa\u00edses Bajos\" \/>\n<meta property=\"article:published_time\" content=\"2017-02-14T17:42:50+00:00\" \/>\n<meta name=\"author\" content=\"Michael Antonio Melo Andujar\" \/>\n<meta name=\"twitter:card\" content=\"summary_large_image\" \/>\n<meta name=\"twitter:label1\" content=\"Written by\" \/>\n\t<meta name=\"twitter:data1\" content=\"Michael Antonio Melo Andujar\" \/>\n\t<meta name=\"twitter:label2\" content=\"Est. reading time\" \/>\n\t<meta name=\"twitter:data2\" content=\"1 minute\" \/>\n<script type=\"application\/ld+json\" class=\"yoast-schema-graph\">{\"@context\":\"https:\\\/\\\/schema.org\",\"@graph\":[{\"@type\":\"Article\",\"@id\":\"https:\\\/\\\/nld.mirex.gob.do\\\/consular\\\/amsterdam\\\/agroalimentaria-2017\\\/#article\",\"isPartOf\":{\"@id\":\"https:\\\/\\\/nld.mirex.gob.do\\\/consular\\\/amsterdam\\\/agroalimentaria-2017\\\/\"},\"author\":{\"name\":\"Michael Antonio Melo Andujar\",\"@id\":\"https:\\\/\\\/nld.mirex.gob.do\\\/consular\\\/amsterdam\\\/#\\\/schema\\\/person\\\/772a9951ade6a7e4ab978b618b619ff8\"},\"headline\":\"Agroalimentaria 2017\",\"datePublished\":\"2017-02-14T17:42:50+00:00\",\"mainEntityOfPage\":{\"@id\":\"https:\\\/\\\/nld.mirex.gob.do\\\/consular\\\/amsterdam\\\/agroalimentaria-2017\\\/\"},\"wordCount\":223,\"publisher\":{\"@id\":\"https:\\\/\\\/nld.mirex.gob.do\\\/consular\\\/amsterdam\\\/#organization\"},\"image\":{\"@id\":\"https:\\\/\\\/nld.mirex.gob.do\\\/consular\\\/amsterdam\\\/agroalimentaria-2017\\\/#primaryimage\"},\"thumbnailUrl\":\"\",\"keywords\":[\"Agroalimentaria 2017\"],\"articleSection\":[\"Invertir en la Rep\u00fablica Dominicana\",\"Invertir-Portada\",\"Negocios\"],\"inLanguage\":\"en-US\"},{\"@type\":\"WebPage\",\"@id\":\"https:\\\/\\\/nld.mirex.gob.do\\\/consular\\\/amsterdam\\\/agroalimentaria-2017\\\/\",\"url\":\"https:\\\/\\\/nld.mirex.gob.do\\\/consular\\\/amsterdam\\\/agroalimentaria-2017\\\/\",\"name\":\"Agroalimentaria 2017 - Consulado General de la Rep\u00fablica Dominicana en La Haya, Reino de los Pa\u00edses Bajos\",\"isPartOf\":{\"@id\":\"https:\\\/\\\/nld.mirex.gob.do\\\/consular\\\/amsterdam\\\/#website\"},\"primaryImageOfPage\":{\"@id\":\"https:\\\/\\\/nld.mirex.gob.do\\\/consular\\\/amsterdam\\\/agroalimentaria-2017\\\/#primaryimage\"},\"image\":{\"@id\":\"https:\\\/\\\/nld.mirex.gob.do\\\/consular\\\/amsterdam\\\/agroalimentaria-2017\\\/#primaryimage\"},\"thumbnailUrl\":\"\",\"datePublished\":\"2017-02-14T17:42:50+00:00\",\"breadcrumb\":{\"@id\":\"https:\\\/\\\/nld.mirex.gob.do\\\/consular\\\/amsterdam\\\/agroalimentaria-2017\\\/#breadcrumb\"},\"inLanguage\":\"en-US\",\"potentialAction\":[{\"@type\":\"ReadAction\",\"target\":[\"https:\\\/\\\/nld.mirex.gob.do\\\/consular\\\/amsterdam\\\/agroalimentaria-2017\\\/\"]}]},{\"@type\":\"ImageObject\",\"inLanguage\":\"en-US\",\"@id\":\"https:\\\/\\\/nld.mirex.gob.do\\\/consular\\\/amsterdam\\\/agroalimentaria-2017\\\/#primaryimage\",\"url\":\"\",\"contentUrl\":\"\"},{\"@type\":\"BreadcrumbList\",\"@id\":\"https:\\\/\\\/nld.mirex.gob.do\\\/consular\\\/amsterdam\\\/agroalimentaria-2017\\\/#breadcrumb\",\"itemListElement\":[{\"@type\":\"ListItem\",\"position\":1,\"name\":\"Inicio\",\"item\":\"https:\\\/\\\/nld.mirex.gob.do\\\/consular\\\/amsterdam\\\/\"},{\"@type\":\"ListItem\",\"position\":2,\"name\":\"Agroalimentaria 2017\"}]},{\"@type\":\"WebSite\",\"@id\":\"https:\\\/\\\/nld.mirex.gob.do\\\/consular\\\/amsterdam\\\/#website\",\"url\":\"https:\\\/\\\/nld.mirex.gob.do\\\/consular\\\/amsterdam\\\/\",\"name\":\"Consulado General de la Rep\u00fablica Dominicana en La Haya, Reino de los Pa\u00edses Bajos\",\"description\":\"\",\"publisher\":{\"@id\":\"https:\\\/\\\/nld.mirex.gob.do\\\/consular\\\/amsterdam\\\/#organization\"},\"potentialAction\":[{\"@type\":\"SearchAction\",\"target\":{\"@type\":\"EntryPoint\",\"urlTemplate\":\"https:\\\/\\\/nld.mirex.gob.do\\\/consular\\\/amsterdam\\\/?s={search_term_string}\"},\"query-input\":{\"@type\":\"PropertyValueSpecification\",\"valueRequired\":true,\"valueName\":\"search_term_string\"}}],\"inLanguage\":\"en-US\"},{\"@type\":\"Organization\",\"@id\":\"https:\\\/\\\/nld.mirex.gob.do\\\/consular\\\/amsterdam\\\/#organization\",\"name\":\"Consulado General de la Rep\u00fablica Dominicana en La Haya, Reino de los Pa\u00edses Bajos\",\"url\":\"https:\\\/\\\/nld.mirex.gob.do\\\/consular\\\/amsterdam\\\/\",\"logo\":{\"@type\":\"ImageObject\",\"inLanguage\":\"en-US\",\"@id\":\"https:\\\/\\\/nld.mirex.gob.do\\\/consular\\\/amsterdam\\\/#\\\/schema\\\/logo\\\/image\\\/\",\"url\":\"https:\\\/\\\/nld.mirex.gob.do\\\/consular\\\/amsterdam\\\/wp-content\\\/uploads\\\/2024\\\/04\\\/cropped-consulado_la_haya_reinode_los_Paises_Bajos.jpg\",\"contentUrl\":\"https:\\\/\\\/nld.mirex.gob.do\\\/consular\\\/amsterdam\\\/wp-content\\\/uploads\\\/2024\\\/04\\\/cropped-consulado_la_haya_reinode_los_Paises_Bajos.jpg\",\"width\":999,\"height\":407,\"caption\":\"Consulado General de la Rep\u00fablica Dominicana en La Haya, Reino de los Pa\u00edses Bajos\"},\"image\":{\"@id\":\"https:\\\/\\\/nld.mirex.gob.do\\\/consular\\\/amsterdam\\\/#\\\/schema\\\/logo\\\/image\\\/\"}},{\"@type\":\"Person\",\"@id\":\"https:\\\/\\\/nld.mirex.gob.do\\\/consular\\\/amsterdam\\\/#\\\/schema\\\/person\\\/772a9951ade6a7e4ab978b618b619ff8\",\"name\":\"Michael Antonio Melo Andujar\",\"image\":{\"@type\":\"ImageObject\",\"inLanguage\":\"en-US\",\"@id\":\"https:\\\/\\\/secure.gravatar.com\\\/avatar\\\/f8862d24b6945a30d30c9727ef9dfcd533ee25a18a27afc92991446aeb0e652d?s=96&d=mm&r=g\",\"url\":\"https:\\\/\\\/secure.gravatar.com\\\/avatar\\\/f8862d24b6945a30d30c9727ef9dfcd533ee25a18a27afc92991446aeb0e652d?s=96&d=mm&r=g\",\"contentUrl\":\"https:\\\/\\\/secure.gravatar.com\\\/avatar\\\/f8862d24b6945a30d30c9727ef9dfcd533ee25a18a27afc92991446aeb0e652d?s=96&d=mm&r=g\",\"caption\":\"Michael Antonio Melo Andujar\"}}]}<\/script>\n<!-- \/ Yoast SEO plugin. -->","yoast_head_json":{"title":"Agroalimentaria 2017 - Consulado General de la Rep\u00fablica Dominicana en La Haya, Reino de los Pa\u00edses Bajos","robots":{"index":"index","follow":"follow","max-snippet":"max-snippet:-1","max-image-preview":"max-image-preview:large","max-video-preview":"max-video-preview:-1"},"canonical":"https:\/\/nld.mirex.gob.do\/consular\/amsterdam\/agroalimentaria-2017\/","og_locale":"en_US","og_type":"article","og_title":"Agroalimentaria 2017 - Consulado General de la Rep\u00fablica Dominicana en La Haya, Reino de los Pa\u00edses Bajos","og_description":"La Feria Agroalimentaria es la mayor plataforma internacional de negocios de los sectores alimentos, bebidas y tabaco de la Rep\u00fablica Dominicana y el Caribe, en la que 250 exportadores nacionales exhibir\u00e1n al mundo lo mejor de nuestra oferta agroalimentaria, como: verduras, condimentos, especias, bananas, mangos y las m\u00e1s apetitosas pi\u00f1as; el caf\u00e9 y cacao m\u00e1s [&hellip;]","og_url":"https:\/\/nld.mirex.gob.do\/consular\/amsterdam\/agroalimentaria-2017\/","og_site_name":"Consulado General de la Rep\u00fablica Dominicana en La Haya, Reino de los Pa\u00edses Bajos","article_published_time":"2017-02-14T17:42:50+00:00","author":"Michael Antonio Melo Andujar","twitter_card":"summary_large_image","twitter_misc":{"Written by":"Michael Antonio Melo Andujar","Est. reading time":"1 minute"},"schema":{"@context":"https:\/\/schema.org","@graph":[{"@type":"Article","@id":"https:\/\/nld.mirex.gob.do\/consular\/amsterdam\/agroalimentaria-2017\/#article","isPartOf":{"@id":"https:\/\/nld.mirex.gob.do\/consular\/amsterdam\/agroalimentaria-2017\/"},"author":{"name":"Michael Antonio Melo Andujar","@id":"https:\/\/nld.mirex.gob.do\/consular\/amsterdam\/#\/schema\/person\/772a9951ade6a7e4ab978b618b619ff8"},"headline":"Agroalimentaria 2017","datePublished":"2017-02-14T17:42:50+00:00","mainEntityOfPage":{"@id":"https:\/\/nld.mirex.gob.do\/consular\/amsterdam\/agroalimentaria-2017\/"},"wordCount":223,"publisher":{"@id":"https:\/\/nld.mirex.gob.do\/consular\/amsterdam\/#organization"},"image":{"@id":"https:\/\/nld.mirex.gob.do\/consular\/amsterdam\/agroalimentaria-2017\/#primaryimage"},"thumbnailUrl":"","keywords":["Agroalimentaria 2017"],"articleSection":["Invertir en la Rep\u00fablica Dominicana","Invertir-Portada","Negocios"],"inLanguage":"en-US"},{"@type":"WebPage","@id":"https:\/\/nld.mirex.gob.do\/consular\/amsterdam\/agroalimentaria-2017\/","url":"https:\/\/nld.mirex.gob.do\/consular\/amsterdam\/agroalimentaria-2017\/","name":"Agroalimentaria 2017 - Consulado General de la Rep\u00fablica Dominicana en La Haya, Reino de los Pa\u00edses Bajos","isPartOf":{"@id":"https:\/\/nld.mirex.gob.do\/consular\/amsterdam\/#website"},"primaryImageOfPage":{"@id":"https:\/\/nld.mirex.gob.do\/consular\/amsterdam\/agroalimentaria-2017\/#primaryimage"},"image":{"@id":"https:\/\/nld.mirex.gob.do\/consular\/amsterdam\/agroalimentaria-2017\/#primaryimage"},"thumbnailUrl":"","datePublished":"2017-02-14T17:42:50+00:00","breadcrumb":{"@id":"https:\/\/nld.mirex.gob.do\/consular\/amsterdam\/agroalimentaria-2017\/#breadcrumb"},"inLanguage":"en-US","potentialAction":[{"@type":"ReadAction","target":["https:\/\/nld.mirex.gob.do\/consular\/amsterdam\/agroalimentaria-2017\/"]}]},{"@type":"ImageObject","inLanguage":"en-US","@id":"https:\/\/nld.mirex.gob.do\/consular\/amsterdam\/agroalimentaria-2017\/#primaryimage","url":"","contentUrl":""},{"@type":"BreadcrumbList","@id":"https:\/\/nld.mirex.gob.do\/consular\/amsterdam\/agroalimentaria-2017\/#breadcrumb","itemListElement":[{"@type":"ListItem","position":1,"name":"Inicio","item":"https:\/\/nld.mirex.gob.do\/consular\/amsterdam\/"},{"@type":"ListItem","position":2,"name":"Agroalimentaria 2017"}]},{"@type":"WebSite","@id":"https:\/\/nld.mirex.gob.do\/consular\/amsterdam\/#website","url":"https:\/\/nld.mirex.gob.do\/consular\/amsterdam\/","name":"Consulado General de la Rep\u00fablica Dominicana en La Haya, Reino de los Pa\u00edses Bajos","description":"","publisher":{"@id":"https:\/\/nld.mirex.gob.do\/consular\/amsterdam\/#organization"},"potentialAction":[{"@type":"SearchAction","target":{"@type":"EntryPoint","urlTemplate":"https:\/\/nld.mirex.gob.do\/consular\/amsterdam\/?s={search_term_string}"},"query-input":{"@type":"PropertyValueSpecification","valueRequired":true,"valueName":"search_term_string"}}],"inLanguage":"en-US"},{"@type":"Organization","@id":"https:\/\/nld.mirex.gob.do\/consular\/amsterdam\/#organization","name":"Consulado General de la Rep\u00fablica Dominicana en La Haya, Reino de los Pa\u00edses Bajos","url":"https:\/\/nld.mirex.gob.do\/consular\/amsterdam\/","logo":{"@type":"ImageObject","inLanguage":"en-US","@id":"https:\/\/nld.mirex.gob.do\/consular\/amsterdam\/#\/schema\/logo\/image\/","url":"https:\/\/nld.mirex.gob.do\/consular\/amsterdam\/wp-content\/uploads\/2024\/04\/cropped-consulado_la_haya_reinode_los_Paises_Bajos.jpg","contentUrl":"https:\/\/nld.mirex.gob.do\/consular\/amsterdam\/wp-content\/uploads\/2024\/04\/cropped-consulado_la_haya_reinode_los_Paises_Bajos.jpg","width":999,"height":407,"caption":"Consulado General de la Rep\u00fablica Dominicana en La Haya, Reino de los Pa\u00edses Bajos"},"image":{"@id":"https:\/\/nld.mirex.gob.do\/consular\/amsterdam\/#\/schema\/logo\/image\/"}},{"@type":"Person","@id":"https:\/\/nld.mirex.gob.do\/consular\/amsterdam\/#\/schema\/person\/772a9951ade6a7e4ab978b618b619ff8","name":"Michael Antonio Melo Andujar","image":{"@type":"ImageObject","inLanguage":"en-US","@id":"https:\/\/secure.gravatar.com\/avatar\/f8862d24b6945a30d30c9727ef9dfcd533ee25a18a27afc92991446aeb0e652d?s=96&d=mm&r=g","url":"https:\/\/secure.gravatar.com\/avatar\/f8862d24b6945a30d30c9727ef9dfcd533ee25a18a27afc92991446aeb0e652d?s=96&d=mm&r=g","contentUrl":"https:\/\/secure.gravatar.com\/avatar\/f8862d24b6945a30d30c9727ef9dfcd533ee25a18a27afc92991446aeb0e652d?s=96&d=mm&r=g","caption":"Michael Antonio Melo Andujar"}}]}},"_links":{"self":[{"href":"https:\/\/nld.mirex.gob.do\/consular\/amsterdam\/wp-json\/wp\/v2\/posts\/6300","targetHints":{"allow":["GET"]}}],"collection":[{"href":"https:\/\/nld.mirex.gob.do\/consular\/amsterdam\/wp-json\/wp\/v2\/posts"}],"about":[{"href":"https:\/\/nld.mirex.gob.do\/consular\/amsterdam\/wp-json\/wp\/v2\/types\/post"}],"author":[{"embeddable":true,"href":"https:\/\/nld.mirex.gob.do\/consular\/amsterdam\/wp-json\/wp\/v2\/users\/8"}],"replies":[{"embeddable":true,"href":"https:\/\/nld.mirex.gob.do\/consular\/amsterdam\/wp-json\/wp\/v2\/comments?post=6300"}],"version-history":[{"count":0,"href":"https:\/\/nld.mirex.gob.do\/consular\/amsterdam\/wp-json\/wp\/v2\/posts\/6300\/revisions"}],"wp:featuredmedia":[{"embeddable":true,"href":"https:\/\/nld.mirex.gob.do\/consular\/amsterdam\/wp-json\/"}],"wp:attachment":[{"href":"https:\/\/nld.mirex.gob.do\/consular\/amsterdam\/wp-json\/wp\/v2\/media?parent=6300"}],"wp:term":[{"taxonomy":"category","embeddable":true,"href":"https:\/\/nld.mirex.gob.do\/consular\/amsterdam\/wp-json\/wp\/v2\/categories?post=6300"},{"taxonomy":"post_tag","embeddable":true,"href":"https:\/\/nld.mirex.gob.do\/consular\/amsterdam\/wp-json\/wp\/v2\/tags?post=6300"}],"curies":[{"name":"wp","href":"https:\/\/api.w.org\/{rel}","templated":true}]}}