{"id":6290,"date":"2015-07-20T15:14:46","date_gmt":"2015-07-20T15:14:46","guid":{"rendered":"https:\/\/www.consuladordholanda.com\/?p=2205"},"modified":"2015-07-20T15:14:46","modified_gmt":"2015-07-20T15:14:46","slug":"embajador-hatiano-envia-carta-a-martelly-con-un-riguroso-cuestionamiento-al-sistema","status":"publish","type":"post","link":"https:\/\/nld.mirex.gob.do\/consular\/amsterdam\/embajador-hatiano-envia-carta-a-martelly-con-un-riguroso-cuestionamiento-al-sistema\/","title":{"rendered":"Embajador Hatiano env\u00eda carta a Martelly con un riguroso cuestionamiento al sistema"},"content":{"rendered":"<p><img fetchpriority=\"high\" decoding=\"async\" class=\"alignnone size-full wp-image-2206\" src=\"https:\/\/www.consuladordholanda.com\/wp-content\/uploads\/2015\/07\/daniel-supplice-embajador-haiti-en-republica-dominicana-cuestiona-a-su-gobierno.png\" alt=\"daniel-supplice-embajador-haiti-en-republica-dominicana-cuestiona-a-su-gobierno\" width=\"800\" height=\"400\" \/><\/p>\n<p>Embajardor Hatiano env\u00eda carta a Martelly con un riguroso cuestionamiento al sistema<\/p>\n<p>Supplice: Estado no da actas a ciudadanos hace 211 a\u00f1os<\/p>\n<p>RECONOCE HOSPITALIDAD Y AYUDA BRINDADA POR EL GOBIERNO DOMINICANO A COMPATRIOTAS<\/p>\n<p><a href=\"https:\/\/www.consuladordholanda.com\/wp-content\/uploads\/2015\/07\/Carta-embajador-de-Hait\u00ed.pdf\"><img decoding=\"async\" class=\"alignnone wp-image-2209 size-full\" src=\"https:\/\/www.consuladordholanda.com\/wp-content\/uploads\/2015\/07\/carta-pdf.png\" alt=\"carta-pdf\" width=\"800\" height=\"249\" \/><\/a><\/p>\n<p>&nbsp;<\/p>\n<p>A continuaci\u00f3n, la carta en forma de texto:<\/p>\n<p>&#8212;<\/p>\n<p>EMBAJADA DE LA REP\u00daBLICA DE HAIT\u00cd, SANTO DOMINGO, R.D.<\/p>\n<p>Santo Domingo, 21 de julio 2015<\/p>\n<p>Su Excelencia Michel Joseph Martelly Presidente de la Republique de Hait\u00ed<\/p>\n<p>Su escritorio<\/p>\n<p>Se\u00f1or Presidente, Despu\u00e9s de haber tenido durante noventa y dos (92) d\u00edas con honor, respeto, conciencia y patriotismo la ense\u00f1a bicolor nacional en el territorio de Duarte, S\u00e1nchez y Mella (sic.), hoy tengo el honor de presentarle sin m\u00e1cula en estos pliegos gloriosos el sentimiento patri\u00f3tico de haber tratado de ser \u00fatil.<\/p>\n<p>Le ruego que crea que la decisi\u00f3n de hacer este gesto simb\u00f3lico no es ni el resultado de una emoci\u00f3n pasajera ni un c\u00e1lculo interesado en ver una agenda vergonzosa.<\/p>\n<p>El h\u00e1bito de instrucciones claras y precisas, coherentes y en armon\u00eda con las reglas del juego de la diplomacia y la \u00e9tica en la administraci\u00f3n p\u00fablica terminaron por hacer de m\u00ed (despu\u00e9s de todo este tiempo) un cuadro ansioso de resultados y que sobre todo toma en cuenta el peso de la realidad objetiva de las cosas y las relaciones.<\/p>\n<p>Es con calma, sabidur\u00eda y perspicacia que se resuelven los conflictos entre Estados.<\/p>\n<p>La gesti\u00f3n de las relaciones entre Hait\u00ed y la Rep\u00fablica Dominicana exige de los diferentes actores una actitud, racional, razonable, donde no caben el amateurismo y la improvisaci\u00f3n.<\/p>\n<p>La Rep\u00fablica Dominicana es un vecino con el cual estamos condenados por la geograf\u00eda a vivir juntos a pesar del desarrollo desigual que acompa\u00f1a a un diferencial marginal de acceso a bienes y servicios.<\/p>\n<p>Le escrib\u00ed varias cartas que lamentablemente han quedado sin respuesta, y en mi \u00faltimo informe del 14 de julio, tom\u00e9 la precauci\u00f3n de reiterarle la urgencia de que la diplomacia haitiana ten\u00eda que gestionar la crisis no s\u00f3lo en la l\u00f3gica de la de los intereses nacionales, sino tambi\u00e9n de favorecer el di\u00e1logo constructivo.<\/p>\n<p>Es responsabilidad del embajador de Hait\u00ed en Rep\u00fablica Dominicana velar porque persista el equilibrio entre el respeto a nuestra dignidad como pueblo, nuestros valores, nuestros h\u00e1bitos y costumbres, mientras de manera realista se mantiene abierta la puerta del di\u00e1logo. \u00bfSabe Ud. por qu\u00e9? Porque mientras usted lee estas l\u00edneas: a) miles de nuestros hermanos y hermanas siguen cruzando la frontera \u201canba fil\u201d [por debajo de los alambres] en la b\u00fasqueda de un bienestar; b) decenas de mujeres y adolescentes haitianas paren cada d\u00eda a sus hijos en los centros hospitalarios dominicanos; c) 44,310 j\u00f3venes asisten a universidades estatales y centros acad\u00e9micos privados, sin olvidar a los que viven en la frontera, que van a las escuelas primarias y secundarias en territorio dominicano por la ma\u00f1ana y regresan por la tarde a Hait\u00ed: d) muchos de ellos que, de regreso voluntariamente a su pa\u00eds por numerosas razones en estos \u00faltimos d\u00edas, planean regresar para retomar el \u201ctrabajo\u201d que abandonaron y donde cuentan con ellos: e) cientos de miles m\u00e1s est\u00e1n esperando en vano por los documentos prometidos y que les habr\u00edan permitido regularizar su estatus migratorio.<\/p>\n<p>\u00a1Esa es tambi\u00e9n la otra cara de la realidad que tenemos la responsabilidad de manejar! En doscientos once a\u00f1os no hemos tenido \u00e9xito en reducir las diferencias socioecon\u00f3micas o atenuar la espinosa cuesti\u00f3n del color. Tampoco hemos logrado entregarles a nuestros ciudadanos un acta de nacimiento que pruebe que ellos existen y crear una situaci\u00f3n interna que habr\u00eda evitado que millones de haitianos y haitianas salieran del pa\u00eds a cualquier precio y, a veces, en cualquier condici\u00f3n. Si no aceptamos el hecho de que exis- te un problema, no habr\u00e1 soluci\u00f3n.<\/p>\n<p>Se\u00f1or Presidente:<br \/>\nYo entiendo a Hait\u00ed en la l\u00f3gica de su pasado, en los meandros de su historia, en sus pasos en falso, con sus estados de \u00e1nimo, sus ambiciones, pero sobre todo con sus deficiencias, debilidades, limitaciones y decepciones.<\/p>\n<p>Conozco tambi\u00e9n a nuestros hermanos y hermanas con su amor por la vida, su amor a la Patria, el respeto hacia los Padres Fundadores, el orgullo de ser afrodescendientes, pero tambi\u00e9n con su desd\u00e9n por la verdad y la actitud a menudo irresponsable en el manejo de la res p\u00fablica.<\/p>\n<p>Usando una met\u00e1fora que usted comprender\u00e1, aquellos que viajan en el \u201char\u201d temprano no lo dejan hasta el final. Yo generalmente hago el recorrido hasta el final, pero algunos contratiempos a veces me obligan a un cambio de itinerario para evitar cualquier desafortunado juicio de la historia.<\/p>\n<p>Se\u00f1or Presidente:<br \/>\nEl pa\u00eds espera que usted sea firme y que no sea prisionero de relaciones pasadas o consejos que vienen de fuentes sospechosas. El pueblo le tuvo confianza al permitirle acceder a la m\u00e1s alta magistratura del Estado.<\/p>\n<p>Por lo tanto, cuenta con usted.<\/p>\n<p>No soy el primer embajador de Hait\u00ed en Rep\u00fablica Dominicana a recordar, pero espero ser el \u00faltimo en evitar que precisamente al otro lado de la frontera se siga creyendo que si la derrota de la inteligencia parece ser la constante nacional, el fracaso de la pol\u00edtica parece serlo tambi\u00e9n.<\/p>\n<p>As\u00ed que regreso a casa, para reunirme con los miembros de mi familia, reencontrar el calor de mis relaciones, revivir esta cultura que me impregna, mientras espero lo mejor para Hait\u00ed.<\/p>\n<p>Representar y servir a Hait\u00ed en la Rep\u00fablica Dominicana ha sido un gran honor para m\u00ed.<\/p>\n<p>Reciba, Se\u00f1or Presidente, mis muy patri\u00f3ticos saludos,<\/p>\n<p>Daniel Supplice<\/p>\n<p>&nbsp;<\/p>\n","protected":false},"excerpt":{"rendered":"<p>Embajardor Hatiano env\u00eda carta a Martelly con un riguroso cuestionamiento al sistema Supplice: Estado no da actas a ciudadanos hace 211 a\u00f1os RECONOCE HOSPITALIDAD Y AYUDA BRINDADA POR EL GOBIERNO DOMINICANO A COMPATRIOTAS &nbsp; A continuaci\u00f3n, la carta en forma de texto: &#8212; EMBAJADA DE LA REP\u00daBLICA DE HAIT\u00cd, SANTO DOMINGO, R.D. Santo Domingo, 21 [&hellip;]<\/p>\n","protected":false},"author":8,"featured_media":2207,"comment_status":"closed","ping_status":"open","sticky":false,"template":"","format":"standard","meta":{"site-sidebar-layout":"default","site-content-layout":"","ast-site-content-layout":"default","site-content-style":"default","site-sidebar-style":"default","ast-global-header-display":"","ast-banner-title-visibility":"","ast-main-header-display":"","ast-hfb-above-header-display":"","ast-hfb-below-header-display":"","ast-hfb-mobile-header-display":"","site-post-title":"","ast-breadcrumbs-content":"","ast-featured-img":"","footer-sml-layout":"","ast-disable-related-posts":"","theme-transparent-header-meta":"","adv-header-id-meta":"","stick-header-meta":"","header-above-stick-meta":"","header-main-stick-meta":"","header-below-stick-meta":"","astra-migrate-meta-layouts":"default","ast-page-background-enabled":"default","ast-page-background-meta":{"desktop":{"background-color":"","background-image":"","background-repeat":"repeat","background-position":"center center","background-size":"auto","background-attachment":"scroll","background-type":"","background-media":"","overlay-type":"","overlay-color":"","overlay-opacity":"","overlay-gradient":""},"tablet":{"background-color":"","background-image":"","background-repeat":"repeat","background-position":"center center","background-size":"auto","background-attachment":"scroll","background-type":"","background-media":"","overlay-type":"","overlay-color":"","overlay-opacity":"","overlay-gradient":""},"mobile":{"background-color":"","background-image":"","background-repeat":"repeat","background-position":"center center","background-size":"auto","background-attachment":"scroll","background-type":"","background-media":"","overlay-type":"","overlay-color":"","overlay-opacity":"","overlay-gradient":""}},"ast-content-background-meta":{"desktop":{"background-color":"var(--ast-global-color-5)","background-image":"","background-repeat":"repeat","background-position":"center center","background-size":"auto","background-attachment":"scroll","background-type":"","background-media":"","overlay-type":"","overlay-color":"","overlay-opacity":"","overlay-gradient":""},"tablet":{"background-color":"var(--ast-global-color-5)","background-image":"","background-repeat":"repeat","background-position":"center center","background-size":"auto","background-attachment":"scroll","background-type":"","background-media":"","overlay-type":"","overlay-color":"","overlay-opacity":"","overlay-gradient":""},"mobile":{"background-color":"var(--ast-global-color-5)","background-image":"","background-repeat":"repeat","background-position":"center center","background-size":"auto","background-attachment":"scroll","background-type":"","background-media":"","overlay-type":"","overlay-color":"","overlay-opacity":"","overlay-gradient":""}},"footnotes":""},"categories":[66],"tags":[287,306,293,307],"class_list":["post-6290","post","type-post","status-publish","format-standard","has-post-thumbnail","hentry","category-novedades","tag-plan-nacional-de-regularizacion-migratoria","tag-haiti","tag-inmigracion","tag-problema-haitiano"],"yoast_head":"<!-- This site is optimized with the Yoast SEO plugin v27.4 - https:\/\/yoast.com\/product\/yoast-seo-wordpress\/ -->\n<title>Embajador Hatiano env\u00eda carta a Martelly con un riguroso cuestionamiento al sistema - Consulado General de la Rep\u00fablica Dominicana en La Haya, Reino de los Pa\u00edses Bajos<\/title>\n<meta name=\"description\" content=\"Embajador Hatiano env\u00eda carta a Martelly con un riguroso cuestionamiento al sistema\" \/>\n<meta name=\"robots\" content=\"index, follow, max-snippet:-1, max-image-preview:large, max-video-preview:-1\" \/>\n<link rel=\"canonical\" href=\"https:\/\/nld.mirex.gob.do\/consular\/amsterdam\/embajador-hatiano-envia-carta-a-martelly-con-un-riguroso-cuestionamiento-al-sistema\/\" \/>\n<meta property=\"og:locale\" content=\"en_US\" \/>\n<meta property=\"og:type\" content=\"article\" \/>\n<meta property=\"og:title\" content=\"Embajador Hatiano env\u00eda carta a Martelly con un riguroso cuestionamiento al sistema - Consulado General de la Rep\u00fablica Dominicana en La Haya, Reino de los Pa\u00edses Bajos\" \/>\n<meta property=\"og:description\" content=\"Embajador Hatiano env\u00eda carta a Martelly con un riguroso cuestionamiento al sistema\" \/>\n<meta property=\"og:url\" content=\"https:\/\/nld.mirex.gob.do\/consular\/amsterdam\/embajador-hatiano-envia-carta-a-martelly-con-un-riguroso-cuestionamiento-al-sistema\/\" \/>\n<meta property=\"og:site_name\" content=\"Consulado General de la Rep\u00fablica Dominicana en La Haya, Reino de los Pa\u00edses Bajos\" \/>\n<meta property=\"article:published_time\" content=\"2015-07-20T15:14:46+00:00\" \/>\n<meta name=\"author\" content=\"Michael Antonio Melo Andujar\" \/>\n<meta name=\"twitter:card\" content=\"summary_large_image\" \/>\n<meta name=\"twitter:label1\" content=\"Written by\" \/>\n\t<meta name=\"twitter:data1\" content=\"Michael Antonio Melo Andujar\" \/>\n\t<meta name=\"twitter:label2\" content=\"Est. reading time\" \/>\n\t<meta name=\"twitter:data2\" content=\"5 minutes\" \/>\n<script type=\"application\/ld+json\" class=\"yoast-schema-graph\">{\"@context\":\"https:\\\/\\\/schema.org\",\"@graph\":[{\"@type\":\"Article\",\"@id\":\"https:\\\/\\\/nld.mirex.gob.do\\\/consular\\\/amsterdam\\\/embajador-hatiano-envia-carta-a-martelly-con-un-riguroso-cuestionamiento-al-sistema\\\/#article\",\"isPartOf\":{\"@id\":\"https:\\\/\\\/nld.mirex.gob.do\\\/consular\\\/amsterdam\\\/embajador-hatiano-envia-carta-a-martelly-con-un-riguroso-cuestionamiento-al-sistema\\\/\"},\"author\":{\"name\":\"Michael Antonio Melo Andujar\",\"@id\":\"https:\\\/\\\/nld.mirex.gob.do\\\/consular\\\/amsterdam\\\/#\\\/schema\\\/person\\\/772a9951ade6a7e4ab978b618b619ff8\"},\"headline\":\"Embajador Hatiano env\u00eda carta a Martelly con un riguroso cuestionamiento al sistema\",\"datePublished\":\"2015-07-20T15:14:46+00:00\",\"mainEntityOfPage\":{\"@id\":\"https:\\\/\\\/nld.mirex.gob.do\\\/consular\\\/amsterdam\\\/embajador-hatiano-envia-carta-a-martelly-con-un-riguroso-cuestionamiento-al-sistema\\\/\"},\"wordCount\":987,\"publisher\":{\"@id\":\"https:\\\/\\\/nld.mirex.gob.do\\\/consular\\\/amsterdam\\\/#organization\"},\"image\":{\"@id\":\"https:\\\/\\\/nld.mirex.gob.do\\\/consular\\\/amsterdam\\\/embajador-hatiano-envia-carta-a-martelly-con-un-riguroso-cuestionamiento-al-sistema\\\/#primaryimage\"},\"thumbnailUrl\":\"\",\"keywords\":[\"\\\"Plan Nacional de Regularizaci\u00f3n Migratoria\\\"\",\"Haiti\",\"Inmigraci\u00f3n\",\"Problema Haitiano\"],\"articleSection\":[\"Novedades\"],\"inLanguage\":\"en-US\"},{\"@type\":\"WebPage\",\"@id\":\"https:\\\/\\\/nld.mirex.gob.do\\\/consular\\\/amsterdam\\\/embajador-hatiano-envia-carta-a-martelly-con-un-riguroso-cuestionamiento-al-sistema\\\/\",\"url\":\"https:\\\/\\\/nld.mirex.gob.do\\\/consular\\\/amsterdam\\\/embajador-hatiano-envia-carta-a-martelly-con-un-riguroso-cuestionamiento-al-sistema\\\/\",\"name\":\"Embajador Hatiano env\u00eda carta a Martelly con un riguroso cuestionamiento al sistema - Consulado General de la Rep\u00fablica Dominicana en La Haya, Reino de los Pa\u00edses Bajos\",\"isPartOf\":{\"@id\":\"https:\\\/\\\/nld.mirex.gob.do\\\/consular\\\/amsterdam\\\/#website\"},\"primaryImageOfPage\":{\"@id\":\"https:\\\/\\\/nld.mirex.gob.do\\\/consular\\\/amsterdam\\\/embajador-hatiano-envia-carta-a-martelly-con-un-riguroso-cuestionamiento-al-sistema\\\/#primaryimage\"},\"image\":{\"@id\":\"https:\\\/\\\/nld.mirex.gob.do\\\/consular\\\/amsterdam\\\/embajador-hatiano-envia-carta-a-martelly-con-un-riguroso-cuestionamiento-al-sistema\\\/#primaryimage\"},\"thumbnailUrl\":\"\",\"datePublished\":\"2015-07-20T15:14:46+00:00\",\"description\":\"Embajador Hatiano env\u00eda carta a Martelly con un riguroso cuestionamiento al sistema\",\"breadcrumb\":{\"@id\":\"https:\\\/\\\/nld.mirex.gob.do\\\/consular\\\/amsterdam\\\/embajador-hatiano-envia-carta-a-martelly-con-un-riguroso-cuestionamiento-al-sistema\\\/#breadcrumb\"},\"inLanguage\":\"en-US\",\"potentialAction\":[{\"@type\":\"ReadAction\",\"target\":[\"https:\\\/\\\/nld.mirex.gob.do\\\/consular\\\/amsterdam\\\/embajador-hatiano-envia-carta-a-martelly-con-un-riguroso-cuestionamiento-al-sistema\\\/\"]}]},{\"@type\":\"ImageObject\",\"inLanguage\":\"en-US\",\"@id\":\"https:\\\/\\\/nld.mirex.gob.do\\\/consular\\\/amsterdam\\\/embajador-hatiano-envia-carta-a-martelly-con-un-riguroso-cuestionamiento-al-sistema\\\/#primaryimage\",\"url\":\"\",\"contentUrl\":\"\"},{\"@type\":\"BreadcrumbList\",\"@id\":\"https:\\\/\\\/nld.mirex.gob.do\\\/consular\\\/amsterdam\\\/embajador-hatiano-envia-carta-a-martelly-con-un-riguroso-cuestionamiento-al-sistema\\\/#breadcrumb\",\"itemListElement\":[{\"@type\":\"ListItem\",\"position\":1,\"name\":\"Inicio\",\"item\":\"https:\\\/\\\/nld.mirex.gob.do\\\/consular\\\/amsterdam\\\/\"},{\"@type\":\"ListItem\",\"position\":2,\"name\":\"Embajador Hatiano env\u00eda carta a Martelly con un riguroso cuestionamiento al sistema\"}]},{\"@type\":\"WebSite\",\"@id\":\"https:\\\/\\\/nld.mirex.gob.do\\\/consular\\\/amsterdam\\\/#website\",\"url\":\"https:\\\/\\\/nld.mirex.gob.do\\\/consular\\\/amsterdam\\\/\",\"name\":\"Consulado General de la Rep\u00fablica Dominicana en La Haya, Reino de los Pa\u00edses Bajos\",\"description\":\"\",\"publisher\":{\"@id\":\"https:\\\/\\\/nld.mirex.gob.do\\\/consular\\\/amsterdam\\\/#organization\"},\"potentialAction\":[{\"@type\":\"SearchAction\",\"target\":{\"@type\":\"EntryPoint\",\"urlTemplate\":\"https:\\\/\\\/nld.mirex.gob.do\\\/consular\\\/amsterdam\\\/?s={search_term_string}\"},\"query-input\":{\"@type\":\"PropertyValueSpecification\",\"valueRequired\":true,\"valueName\":\"search_term_string\"}}],\"inLanguage\":\"en-US\"},{\"@type\":\"Organization\",\"@id\":\"https:\\\/\\\/nld.mirex.gob.do\\\/consular\\\/amsterdam\\\/#organization\",\"name\":\"Consulado General de la Rep\u00fablica Dominicana en La Haya, Reino de los Pa\u00edses Bajos\",\"url\":\"https:\\\/\\\/nld.mirex.gob.do\\\/consular\\\/amsterdam\\\/\",\"logo\":{\"@type\":\"ImageObject\",\"inLanguage\":\"en-US\",\"@id\":\"https:\\\/\\\/nld.mirex.gob.do\\\/consular\\\/amsterdam\\\/#\\\/schema\\\/logo\\\/image\\\/\",\"url\":\"https:\\\/\\\/nld.mirex.gob.do\\\/consular\\\/amsterdam\\\/wp-content\\\/uploads\\\/2024\\\/04\\\/cropped-consulado_la_haya_reinode_los_Paises_Bajos.jpg\",\"contentUrl\":\"https:\\\/\\\/nld.mirex.gob.do\\\/consular\\\/amsterdam\\\/wp-content\\\/uploads\\\/2024\\\/04\\\/cropped-consulado_la_haya_reinode_los_Paises_Bajos.jpg\",\"width\":999,\"height\":407,\"caption\":\"Consulado General de la Rep\u00fablica Dominicana en La Haya, Reino de los Pa\u00edses Bajos\"},\"image\":{\"@id\":\"https:\\\/\\\/nld.mirex.gob.do\\\/consular\\\/amsterdam\\\/#\\\/schema\\\/logo\\\/image\\\/\"}},{\"@type\":\"Person\",\"@id\":\"https:\\\/\\\/nld.mirex.gob.do\\\/consular\\\/amsterdam\\\/#\\\/schema\\\/person\\\/772a9951ade6a7e4ab978b618b619ff8\",\"name\":\"Michael Antonio Melo Andujar\",\"image\":{\"@type\":\"ImageObject\",\"inLanguage\":\"en-US\",\"@id\":\"https:\\\/\\\/secure.gravatar.com\\\/avatar\\\/f8862d24b6945a30d30c9727ef9dfcd533ee25a18a27afc92991446aeb0e652d?s=96&d=mm&r=g\",\"url\":\"https:\\\/\\\/secure.gravatar.com\\\/avatar\\\/f8862d24b6945a30d30c9727ef9dfcd533ee25a18a27afc92991446aeb0e652d?s=96&d=mm&r=g\",\"contentUrl\":\"https:\\\/\\\/secure.gravatar.com\\\/avatar\\\/f8862d24b6945a30d30c9727ef9dfcd533ee25a18a27afc92991446aeb0e652d?s=96&d=mm&r=g\",\"caption\":\"Michael Antonio Melo Andujar\"}}]}<\/script>\n<!-- \/ Yoast SEO plugin. -->","yoast_head_json":{"title":"Embajador Hatiano env\u00eda carta a Martelly con un riguroso cuestionamiento al sistema - Consulado General de la Rep\u00fablica Dominicana en La Haya, Reino de los Pa\u00edses Bajos","description":"Embajador Hatiano env\u00eda carta a Martelly con un riguroso cuestionamiento al sistema","robots":{"index":"index","follow":"follow","max-snippet":"max-snippet:-1","max-image-preview":"max-image-preview:large","max-video-preview":"max-video-preview:-1"},"canonical":"https:\/\/nld.mirex.gob.do\/consular\/amsterdam\/embajador-hatiano-envia-carta-a-martelly-con-un-riguroso-cuestionamiento-al-sistema\/","og_locale":"en_US","og_type":"article","og_title":"Embajador Hatiano env\u00eda carta a Martelly con un riguroso cuestionamiento al sistema - Consulado General de la Rep\u00fablica Dominicana en La Haya, Reino de los Pa\u00edses Bajos","og_description":"Embajador Hatiano env\u00eda carta a Martelly con un riguroso cuestionamiento al sistema","og_url":"https:\/\/nld.mirex.gob.do\/consular\/amsterdam\/embajador-hatiano-envia-carta-a-martelly-con-un-riguroso-cuestionamiento-al-sistema\/","og_site_name":"Consulado General de la Rep\u00fablica Dominicana en La Haya, Reino de los Pa\u00edses Bajos","article_published_time":"2015-07-20T15:14:46+00:00","author":"Michael Antonio Melo Andujar","twitter_card":"summary_large_image","twitter_misc":{"Written by":"Michael Antonio Melo Andujar","Est. reading time":"5 minutes"},"schema":{"@context":"https:\/\/schema.org","@graph":[{"@type":"Article","@id":"https:\/\/nld.mirex.gob.do\/consular\/amsterdam\/embajador-hatiano-envia-carta-a-martelly-con-un-riguroso-cuestionamiento-al-sistema\/#article","isPartOf":{"@id":"https:\/\/nld.mirex.gob.do\/consular\/amsterdam\/embajador-hatiano-envia-carta-a-martelly-con-un-riguroso-cuestionamiento-al-sistema\/"},"author":{"name":"Michael Antonio Melo Andujar","@id":"https:\/\/nld.mirex.gob.do\/consular\/amsterdam\/#\/schema\/person\/772a9951ade6a7e4ab978b618b619ff8"},"headline":"Embajador Hatiano env\u00eda carta a Martelly con un riguroso cuestionamiento al sistema","datePublished":"2015-07-20T15:14:46+00:00","mainEntityOfPage":{"@id":"https:\/\/nld.mirex.gob.do\/consular\/amsterdam\/embajador-hatiano-envia-carta-a-martelly-con-un-riguroso-cuestionamiento-al-sistema\/"},"wordCount":987,"publisher":{"@id":"https:\/\/nld.mirex.gob.do\/consular\/amsterdam\/#organization"},"image":{"@id":"https:\/\/nld.mirex.gob.do\/consular\/amsterdam\/embajador-hatiano-envia-carta-a-martelly-con-un-riguroso-cuestionamiento-al-sistema\/#primaryimage"},"thumbnailUrl":"","keywords":["\"Plan Nacional de Regularizaci\u00f3n Migratoria\"","Haiti","Inmigraci\u00f3n","Problema Haitiano"],"articleSection":["Novedades"],"inLanguage":"en-US"},{"@type":"WebPage","@id":"https:\/\/nld.mirex.gob.do\/consular\/amsterdam\/embajador-hatiano-envia-carta-a-martelly-con-un-riguroso-cuestionamiento-al-sistema\/","url":"https:\/\/nld.mirex.gob.do\/consular\/amsterdam\/embajador-hatiano-envia-carta-a-martelly-con-un-riguroso-cuestionamiento-al-sistema\/","name":"Embajador Hatiano env\u00eda carta a Martelly con un riguroso cuestionamiento al sistema - Consulado General de la Rep\u00fablica Dominicana en La Haya, Reino de los Pa\u00edses Bajos","isPartOf":{"@id":"https:\/\/nld.mirex.gob.do\/consular\/amsterdam\/#website"},"primaryImageOfPage":{"@id":"https:\/\/nld.mirex.gob.do\/consular\/amsterdam\/embajador-hatiano-envia-carta-a-martelly-con-un-riguroso-cuestionamiento-al-sistema\/#primaryimage"},"image":{"@id":"https:\/\/nld.mirex.gob.do\/consular\/amsterdam\/embajador-hatiano-envia-carta-a-martelly-con-un-riguroso-cuestionamiento-al-sistema\/#primaryimage"},"thumbnailUrl":"","datePublished":"2015-07-20T15:14:46+00:00","description":"Embajador Hatiano env\u00eda carta a Martelly con un riguroso cuestionamiento al sistema","breadcrumb":{"@id":"https:\/\/nld.mirex.gob.do\/consular\/amsterdam\/embajador-hatiano-envia-carta-a-martelly-con-un-riguroso-cuestionamiento-al-sistema\/#breadcrumb"},"inLanguage":"en-US","potentialAction":[{"@type":"ReadAction","target":["https:\/\/nld.mirex.gob.do\/consular\/amsterdam\/embajador-hatiano-envia-carta-a-martelly-con-un-riguroso-cuestionamiento-al-sistema\/"]}]},{"@type":"ImageObject","inLanguage":"en-US","@id":"https:\/\/nld.mirex.gob.do\/consular\/amsterdam\/embajador-hatiano-envia-carta-a-martelly-con-un-riguroso-cuestionamiento-al-sistema\/#primaryimage","url":"","contentUrl":""},{"@type":"BreadcrumbList","@id":"https:\/\/nld.mirex.gob.do\/consular\/amsterdam\/embajador-hatiano-envia-carta-a-martelly-con-un-riguroso-cuestionamiento-al-sistema\/#breadcrumb","itemListElement":[{"@type":"ListItem","position":1,"name":"Inicio","item":"https:\/\/nld.mirex.gob.do\/consular\/amsterdam\/"},{"@type":"ListItem","position":2,"name":"Embajador Hatiano env\u00eda carta a Martelly con un riguroso cuestionamiento al sistema"}]},{"@type":"WebSite","@id":"https:\/\/nld.mirex.gob.do\/consular\/amsterdam\/#website","url":"https:\/\/nld.mirex.gob.do\/consular\/amsterdam\/","name":"Consulado General de la Rep\u00fablica Dominicana en La Haya, Reino de los Pa\u00edses Bajos","description":"","publisher":{"@id":"https:\/\/nld.mirex.gob.do\/consular\/amsterdam\/#organization"},"potentialAction":[{"@type":"SearchAction","target":{"@type":"EntryPoint","urlTemplate":"https:\/\/nld.mirex.gob.do\/consular\/amsterdam\/?s={search_term_string}"},"query-input":{"@type":"PropertyValueSpecification","valueRequired":true,"valueName":"search_term_string"}}],"inLanguage":"en-US"},{"@type":"Organization","@id":"https:\/\/nld.mirex.gob.do\/consular\/amsterdam\/#organization","name":"Consulado General de la Rep\u00fablica Dominicana en La Haya, Reino de los Pa\u00edses Bajos","url":"https:\/\/nld.mirex.gob.do\/consular\/amsterdam\/","logo":{"@type":"ImageObject","inLanguage":"en-US","@id":"https:\/\/nld.mirex.gob.do\/consular\/amsterdam\/#\/schema\/logo\/image\/","url":"https:\/\/nld.mirex.gob.do\/consular\/amsterdam\/wp-content\/uploads\/2024\/04\/cropped-consulado_la_haya_reinode_los_Paises_Bajos.jpg","contentUrl":"https:\/\/nld.mirex.gob.do\/consular\/amsterdam\/wp-content\/uploads\/2024\/04\/cropped-consulado_la_haya_reinode_los_Paises_Bajos.jpg","width":999,"height":407,"caption":"Consulado General de la Rep\u00fablica Dominicana en La Haya, Reino de los Pa\u00edses Bajos"},"image":{"@id":"https:\/\/nld.mirex.gob.do\/consular\/amsterdam\/#\/schema\/logo\/image\/"}},{"@type":"Person","@id":"https:\/\/nld.mirex.gob.do\/consular\/amsterdam\/#\/schema\/person\/772a9951ade6a7e4ab978b618b619ff8","name":"Michael Antonio Melo Andujar","image":{"@type":"ImageObject","inLanguage":"en-US","@id":"https:\/\/secure.gravatar.com\/avatar\/f8862d24b6945a30d30c9727ef9dfcd533ee25a18a27afc92991446aeb0e652d?s=96&d=mm&r=g","url":"https:\/\/secure.gravatar.com\/avatar\/f8862d24b6945a30d30c9727ef9dfcd533ee25a18a27afc92991446aeb0e652d?s=96&d=mm&r=g","contentUrl":"https:\/\/secure.gravatar.com\/avatar\/f8862d24b6945a30d30c9727ef9dfcd533ee25a18a27afc92991446aeb0e652d?s=96&d=mm&r=g","caption":"Michael Antonio Melo Andujar"}}]}},"_links":{"self":[{"href":"https:\/\/nld.mirex.gob.do\/consular\/amsterdam\/wp-json\/wp\/v2\/posts\/6290","targetHints":{"allow":["GET"]}}],"collection":[{"href":"https:\/\/nld.mirex.gob.do\/consular\/amsterdam\/wp-json\/wp\/v2\/posts"}],"about":[{"href":"https:\/\/nld.mirex.gob.do\/consular\/amsterdam\/wp-json\/wp\/v2\/types\/post"}],"author":[{"embeddable":true,"href":"https:\/\/nld.mirex.gob.do\/consular\/amsterdam\/wp-json\/wp\/v2\/users\/8"}],"replies":[{"embeddable":true,"href":"https:\/\/nld.mirex.gob.do\/consular\/amsterdam\/wp-json\/wp\/v2\/comments?post=6290"}],"version-history":[{"count":0,"href":"https:\/\/nld.mirex.gob.do\/consular\/amsterdam\/wp-json\/wp\/v2\/posts\/6290\/revisions"}],"wp:featuredmedia":[{"embeddable":true,"href":"https:\/\/nld.mirex.gob.do\/consular\/amsterdam\/wp-json\/"}],"wp:attachment":[{"href":"https:\/\/nld.mirex.gob.do\/consular\/amsterdam\/wp-json\/wp\/v2\/media?parent=6290"}],"wp:term":[{"taxonomy":"category","embeddable":true,"href":"https:\/\/nld.mirex.gob.do\/consular\/amsterdam\/wp-json\/wp\/v2\/categories?post=6290"},{"taxonomy":"post_tag","embeddable":true,"href":"https:\/\/nld.mirex.gob.do\/consular\/amsterdam\/wp-json\/wp\/v2\/tags?post=6290"}],"curies":[{"name":"wp","href":"https:\/\/api.w.org\/{rel}","templated":true}]}}