{"id":6287,"date":"2015-07-04T14:13:53","date_gmt":"2015-07-04T14:13:53","guid":{"rendered":"https:\/\/www.consuladordholanda.com\/?p=2125"},"modified":"2015-07-04T14:13:53","modified_gmt":"2015-07-04T14:13:53","slug":"discurso-del-presidente-danilo-medina-en-la-xlv-cumbre-sica-2015-guatemala","status":"publish","type":"post","link":"https:\/\/nld.mirex.gob.do\/consular\/amsterdam\/discurso-del-presidente-danilo-medina-en-la-xlv-cumbre-sica-2015-guatemala\/","title":{"rendered":"Discurso del Presidente Danilo Medina, en la XLV Cumbre SICA 2015, Guatemala."},"content":{"rendered":"<h1 class=\"post-title entry-title\">Discurso del Presidente Danilo Medina, en la XLV Cumbre SICA 2015, Guatemala<\/h1>\n<p><img fetchpriority=\"high\" decoding=\"async\" class=\"alignnone size-full wp-image-2126\" src=\"https:\/\/www.consuladordholanda.com\/wp-content\/uploads\/2015\/07\/dm-xlv-sica-1300x731-portada.jpg\" alt=\"dm-xlv-sica-1300x731-portada\" width=\"875\" height=\"492\" \/><\/p>\n<p>Video del discurso del Presidente Danilo Medina, en la XLV Cumbre SICA 2015, Guatemala.<\/p>\n<div class=\"ast-oembed-container \" style=\"height: 100%;\"><iframe title=\"Danilo Medina XLV Cumbre SICA, Guatemala. Discurso\" width=\"500\" height=\"281\" src=\"https:\/\/www.youtube.com\/embed\/_YNSPexv9ZY?feature=oembed\" frameborder=\"0\" allow=\"accelerometer; autoplay; clipboard-write; encrypted-media; gyroscope; picture-in-picture; web-share\" referrerpolicy=\"strict-origin-when-cross-origin\" allowfullscreen><\/iframe><\/div>\n<p>El presidente Danilo Medina manifest\u00f3 que la soberan\u00eda del pa\u00eds no se pondr\u00e1 en cuesti\u00f3n, ni por un turista m\u00e1s, ni por un centavo m\u00e1s de inversi\u00f3n.<\/p>\n<p>Explic\u00f3 al pleno de la XLV Cumbre de Jefes de Estado y de Gobierno del SICA 2015, los pormenores de documentaci\u00f3n para mejorar el estatus migratorio de extranjeros en situaci\u00f3n irregular en Rep\u00fablica Dominicana.<\/p>\n<p>La verdad es que en RD m\u00e1s de 350 mil personas se han regularizado. Signific\u00f3 que la verdad es que en Rep\u00fablica Dominicana m\u00e1s de 350 mil personas han visto regularizada su situaci\u00f3n y ser\u00e1n dotadas del estatus documental que les corresponde. \u201cPara los que se acogieron al Plan de Regularizaci\u00f3n este ser\u00e1 la residencia legal, para los que se beneficiaron de la Ley 169-14, ser\u00e1 la nacionalidad\u201d, manifest\u00f3.<\/p>\n<p><a href=\"https:\/\/www.consuladordholanda.com\/wp-content\/uploads\/2015\/07\/269790967-Discurso-del-Presidente-Danilo-Medina-en-la-XLV-Cumbre-de-Jefes-de-Estado-y-de-Gobierno-del-Sistema-de-la-Integracion-Centroamericana-SICA-2015-Gua.pdf\"><img decoding=\"async\" class=\"alignleft wp-image-2128 size-full\" src=\"https:\/\/www.consuladordholanda.com\/wp-content\/uploads\/2015\/07\/discurso-en-pdf.png\" alt=\"discurso en pdf\" width=\"240\" height=\"276\" \/><\/a><br \/>\nGobierno trabaj\u00f3 con instituciones de experiencia en la materia. Dijo que para favorecer el acceso a los interesados, el Gobierno incorpor\u00f3 instituciones y organismos con experiencia en la materia como la ACNUR, la Organizaci\u00f3n Internacional para las Migraciones, entre otros organismos, la Uni\u00f3n Europea, el PNUD y la Mesa Nacional para las Migraciones, adem\u00e1s de UNICEF.<\/p>\n<p>Indic\u00f3 que durante los \u00faltimos meses, algunos medios de comunicaci\u00f3n internacionales y algunas organizaciones, han repetido la teor\u00eda de que m\u00e1s de 200 mil personas habr\u00edan quedado en situaci\u00f3n de apatridia y en peligro de ser expulsados de Rep\u00fablica Dominicana. Se\u00f1al\u00f3 que es completamente falso.<\/p>\n<p>Apunt\u00f3 que quienes originalmente plantearon esas cifras tomaron como base los datos de la Encuesta Nacional de Inmigrantes del a\u00f1o 2012, elaborada por la Oficina Nacional de Estad\u00edsticas, con la colaboraci\u00f3n de las Naciones Unidas.<br \/>\nSeg\u00fan la misma, continu\u00f3, en ese momento hab\u00eda 244 mil 151 personas hijas de extranjeros, precisando que de esa informaci\u00f3n no se puede deducir nada sobre el estatus documental. Signific\u00f3 que del total referido 105 mil 381 tienen por lo menos un padre dominicano, por lo tanto les corresponde la nacionalidad dominicana y el resto, 138 mil 770 son hijos con ambos padres extranjeros, pero no por eso ap\u00e1tridas. \u201cPara empezar, porque de este grupo 20 mil 213 dicen poseer un documento de dominicano y extranjero. Podemos decir que estas 36 mil 769 personas tienen su situaci\u00f3n en cuanto a nacionalidad, resuelta\u201d, dijo.<\/p>\n<p>En RD no existe la apatridia. Danilo Medina proclam\u00f3 que en Rep\u00fablica Dominicana no existe la apatridia, que el n\u00famero de apatridia es cero, lo que afirm\u00f3 puede ser constatado por los organismos de Naciones Unidas especializados en la materia con presencia en el pa\u00eds.\u00a0 \u201cLa realidad es que en Rep\u00fablica Dominicana no se han registrado casos de apatridia, por m\u00e1s que algunos quieran seguir invent\u00e1ndolos\u201d, puntualiz\u00f3. Advirti\u00f3 con mucho \u00e9nfasis que no permitir\u00e1 que se siga hablando en estos t\u00e9rminos de Rep\u00fablica Dominicana \u201ccon total impunidad\u201d. Se aplicar\u00e1 la ley con garant\u00edas y facilidades. Advirti\u00f3 que se aplicar\u00e1 la ley con garant\u00edas y dando facilidades para el retorno voluntario. Expres\u00f3 que la realidad es que en 2015 en el pa\u00eds cientos de miles de personas tendr\u00e1n una documentaci\u00f3n y unos derechos que en 2013 no ten\u00edan.<\/p>\n<p>M\u00e1s de 288 mil personas solicitaron regularizarse. El presidente Danilo Medina expuso que el Plan Nacional de Regularizaci\u00f3n, logr\u00f3 que al cierre del plazo 288 mil 486 personas solicitaran su regularizaci\u00f3n en algunos de los 24 centros de atenci\u00f3n abiertos en todo el pa\u00eds. No hay ni habr\u00e1 deportaciones indiscriminadas. Garantiz\u00f3 que en el pa\u00eds, ni hay, ni habr\u00e1 deportaciones indiscriminadas o colectivas, enfatizando que no las ha habido desde que lleg\u00f3 la democracia, no las necesitamos y no las habr\u00e1 en el futuro.<\/p>\n<p>&nbsp;<\/p>\n<p><strong>\u00a0M\u00e1s informaci\u00f3n:<\/strong><\/p>\n<p><a href=\"https:\/\/www.flickr.com\/photos\/presidenciard\/sets\/72157655112057515\">https:\/\/www.flickr.com\/photos\/presidenciard\/sets\/72157655112057515<\/a><\/p>\n<p>&nbsp;<\/p>\n","protected":false},"excerpt":{"rendered":"<p>Discurso del Presidente Danilo Medina, en la XLV Cumbre SICA 2015, Guatemala Video del discurso del Presidente Danilo Medina, en la XLV Cumbre SICA 2015, Guatemala. El presidente Danilo Medina manifest\u00f3 que la soberan\u00eda del pa\u00eds no se pondr\u00e1 en cuesti\u00f3n, ni por un turista m\u00e1s, ni por un centavo m\u00e1s de inversi\u00f3n. Explic\u00f3 al [&hellip;]<\/p>\n","protected":false},"author":8,"featured_media":2129,"comment_status":"closed","ping_status":"open","sticky":false,"template":"","format":"standard","meta":{"site-sidebar-layout":"default","site-content-layout":"","ast-site-content-layout":"default","site-content-style":"default","site-sidebar-style":"default","ast-global-header-display":"","ast-banner-title-visibility":"","ast-main-header-display":"","ast-hfb-above-header-display":"","ast-hfb-below-header-display":"","ast-hfb-mobile-header-display":"","site-post-title":"","ast-breadcrumbs-content":"","ast-featured-img":"","footer-sml-layout":"","ast-disable-related-posts":"","theme-transparent-header-meta":"","adv-header-id-meta":"","stick-header-meta":"","header-above-stick-meta":"","header-main-stick-meta":"","header-below-stick-meta":"","astra-migrate-meta-layouts":"default","ast-page-background-enabled":"default","ast-page-background-meta":{"desktop":{"background-color":"","background-image":"","background-repeat":"repeat","background-position":"center center","background-size":"auto","background-attachment":"scroll","background-type":"","background-media":"","overlay-type":"","overlay-color":"","overlay-opacity":"","overlay-gradient":""},"tablet":{"background-color":"","background-image":"","background-repeat":"repeat","background-position":"center center","background-size":"auto","background-attachment":"scroll","background-type":"","background-media":"","overlay-type":"","overlay-color":"","overlay-opacity":"","overlay-gradient":""},"mobile":{"background-color":"","background-image":"","background-repeat":"repeat","background-position":"center center","background-size":"auto","background-attachment":"scroll","background-type":"","background-media":"","overlay-type":"","overlay-color":"","overlay-opacity":"","overlay-gradient":""}},"ast-content-background-meta":{"desktop":{"background-color":"var(--ast-global-color-5)","background-image":"","background-repeat":"repeat","background-position":"center center","background-size":"auto","background-attachment":"scroll","background-type":"","background-media":"","overlay-type":"","overlay-color":"","overlay-opacity":"","overlay-gradient":""},"tablet":{"background-color":"var(--ast-global-color-5)","background-image":"","background-repeat":"repeat","background-position":"center center","background-size":"auto","background-attachment":"scroll","background-type":"","background-media":"","overlay-type":"","overlay-color":"","overlay-opacity":"","overlay-gradient":""},"mobile":{"background-color":"var(--ast-global-color-5)","background-image":"","background-repeat":"repeat","background-position":"center center","background-size":"auto","background-attachment":"scroll","background-type":"","background-media":"","overlay-type":"","overlay-color":"","overlay-opacity":"","overlay-gradient":""}},"footnotes":""},"categories":[292,66,294],"tags":[287,297,293],"class_list":["post-6287","post","type-post","status-publish","format-standard","has-post-thumbnail","hentry","category-inmigracion","category-novedades","category-plan-nacional-de-regularizacion-migratoria","tag-plan-nacional-de-regularizacion-migratoria","tag-discurso-de-danilo-medina","tag-inmigracion"],"yoast_head":"<!-- This site is optimized with the Yoast SEO plugin v27.4 - https:\/\/yoast.com\/product\/yoast-seo-wordpress\/ -->\n<title>Discurso del Presidente Danilo Medina, en la XLV Cumbre SICA 2015, Guatemala. - Consulado General de la Rep\u00fablica Dominicana en La Haya, Reino de los Pa\u00edses Bajos<\/title>\n<meta name=\"description\" content=\"El presidente Danilo Medina manifest\u00f3 que la soberan\u00eda del pa\u00eds no se pondr\u00e1 en cuesti\u00f3n, ni por un turista m\u00e1s, ni por un centavo m\u00e1s de inversi\u00f3n. Explic\u00f3 al pleno de la XLV Cumbre de Jefes de Estado y de Gobierno del SICA 2015, los pormenores de documentaci\u00f3n para mejorar el estatus migratorio de extranjeros en situaci\u00f3n irregular en Rep\u00fablica Dominicana.\" \/>\n<meta name=\"robots\" content=\"index, follow, max-snippet:-1, max-image-preview:large, max-video-preview:-1\" \/>\n<link rel=\"canonical\" href=\"https:\/\/nld.mirex.gob.do\/consular\/amsterdam\/discurso-del-presidente-danilo-medina-en-la-xlv-cumbre-sica-2015-guatemala\/\" \/>\n<meta property=\"og:locale\" content=\"en_US\" \/>\n<meta property=\"og:type\" content=\"article\" \/>\n<meta property=\"og:title\" content=\"Discurso del Presidente Danilo Medina, en la XLV Cumbre SICA 2015, Guatemala. - Consulado General de la Rep\u00fablica Dominicana en La Haya, Reino de los Pa\u00edses Bajos\" \/>\n<meta property=\"og:description\" content=\"El presidente Danilo Medina manifest\u00f3 que la soberan\u00eda del pa\u00eds no se pondr\u00e1 en cuesti\u00f3n, ni por un turista m\u00e1s, ni por un centavo m\u00e1s de inversi\u00f3n. Explic\u00f3 al pleno de la XLV Cumbre de Jefes de Estado y de Gobierno del SICA 2015, los pormenores de documentaci\u00f3n para mejorar el estatus migratorio de extranjeros en situaci\u00f3n irregular en Rep\u00fablica Dominicana.\" \/>\n<meta property=\"og:url\" content=\"https:\/\/nld.mirex.gob.do\/consular\/amsterdam\/discurso-del-presidente-danilo-medina-en-la-xlv-cumbre-sica-2015-guatemala\/\" \/>\n<meta property=\"og:site_name\" content=\"Consulado General de la Rep\u00fablica Dominicana en La Haya, Reino de los Pa\u00edses Bajos\" \/>\n<meta property=\"article:published_time\" content=\"2015-07-04T14:13:53+00:00\" \/>\n<meta name=\"author\" content=\"Michael Antonio Melo Andujar\" \/>\n<meta name=\"twitter:card\" content=\"summary_large_image\" \/>\n<meta name=\"twitter:label1\" content=\"Written by\" \/>\n\t<meta name=\"twitter:data1\" content=\"Michael Antonio Melo Andujar\" \/>\n\t<meta name=\"twitter:label2\" content=\"Est. reading time\" \/>\n\t<meta name=\"twitter:data2\" content=\"3 minutes\" \/>\n<script type=\"application\/ld+json\" class=\"yoast-schema-graph\">{\"@context\":\"https:\\\/\\\/schema.org\",\"@graph\":[{\"@type\":\"Article\",\"@id\":\"https:\\\/\\\/nld.mirex.gob.do\\\/consular\\\/amsterdam\\\/discurso-del-presidente-danilo-medina-en-la-xlv-cumbre-sica-2015-guatemala\\\/#article\",\"isPartOf\":{\"@id\":\"https:\\\/\\\/nld.mirex.gob.do\\\/consular\\\/amsterdam\\\/discurso-del-presidente-danilo-medina-en-la-xlv-cumbre-sica-2015-guatemala\\\/\"},\"author\":{\"name\":\"Michael Antonio Melo Andujar\",\"@id\":\"https:\\\/\\\/nld.mirex.gob.do\\\/consular\\\/amsterdam\\\/#\\\/schema\\\/person\\\/772a9951ade6a7e4ab978b618b619ff8\"},\"headline\":\"Discurso del Presidente Danilo Medina, en la XLV Cumbre SICA 2015, Guatemala.\",\"datePublished\":\"2015-07-04T14:13:53+00:00\",\"mainEntityOfPage\":{\"@id\":\"https:\\\/\\\/nld.mirex.gob.do\\\/consular\\\/amsterdam\\\/discurso-del-presidente-danilo-medina-en-la-xlv-cumbre-sica-2015-guatemala\\\/\"},\"wordCount\":678,\"publisher\":{\"@id\":\"https:\\\/\\\/nld.mirex.gob.do\\\/consular\\\/amsterdam\\\/#organization\"},\"image\":{\"@id\":\"https:\\\/\\\/nld.mirex.gob.do\\\/consular\\\/amsterdam\\\/discurso-del-presidente-danilo-medina-en-la-xlv-cumbre-sica-2015-guatemala\\\/#primaryimage\"},\"thumbnailUrl\":\"\",\"keywords\":[\"\\\"Plan Nacional de Regularizaci\u00f3n Migratoria\\\"\",\"Discurso de Danilo Medina\",\"Inmigraci\u00f3n\"],\"articleSection\":[\"Inmigraci\u00f3n\",\"Novedades\",\"Plan Nacional de Regularizaci\u00f3n Migratoria\"],\"inLanguage\":\"en-US\"},{\"@type\":\"WebPage\",\"@id\":\"https:\\\/\\\/nld.mirex.gob.do\\\/consular\\\/amsterdam\\\/discurso-del-presidente-danilo-medina-en-la-xlv-cumbre-sica-2015-guatemala\\\/\",\"url\":\"https:\\\/\\\/nld.mirex.gob.do\\\/consular\\\/amsterdam\\\/discurso-del-presidente-danilo-medina-en-la-xlv-cumbre-sica-2015-guatemala\\\/\",\"name\":\"Discurso del Presidente Danilo Medina, en la XLV Cumbre SICA 2015, Guatemala. - Consulado General de la Rep\u00fablica Dominicana en La Haya, Reino de los Pa\u00edses Bajos\",\"isPartOf\":{\"@id\":\"https:\\\/\\\/nld.mirex.gob.do\\\/consular\\\/amsterdam\\\/#website\"},\"primaryImageOfPage\":{\"@id\":\"https:\\\/\\\/nld.mirex.gob.do\\\/consular\\\/amsterdam\\\/discurso-del-presidente-danilo-medina-en-la-xlv-cumbre-sica-2015-guatemala\\\/#primaryimage\"},\"image\":{\"@id\":\"https:\\\/\\\/nld.mirex.gob.do\\\/consular\\\/amsterdam\\\/discurso-del-presidente-danilo-medina-en-la-xlv-cumbre-sica-2015-guatemala\\\/#primaryimage\"},\"thumbnailUrl\":\"\",\"datePublished\":\"2015-07-04T14:13:53+00:00\",\"description\":\"El presidente Danilo Medina manifest\u00f3 que la soberan\u00eda del pa\u00eds no se pondr\u00e1 en cuesti\u00f3n, ni por un turista m\u00e1s, ni por un centavo m\u00e1s de inversi\u00f3n. Explic\u00f3 al pleno de la XLV Cumbre de Jefes de Estado y de Gobierno del SICA 2015, los pormenores de documentaci\u00f3n para mejorar el estatus migratorio de extranjeros en situaci\u00f3n irregular en Rep\u00fablica Dominicana.\",\"breadcrumb\":{\"@id\":\"https:\\\/\\\/nld.mirex.gob.do\\\/consular\\\/amsterdam\\\/discurso-del-presidente-danilo-medina-en-la-xlv-cumbre-sica-2015-guatemala\\\/#breadcrumb\"},\"inLanguage\":\"en-US\",\"potentialAction\":[{\"@type\":\"ReadAction\",\"target\":[\"https:\\\/\\\/nld.mirex.gob.do\\\/consular\\\/amsterdam\\\/discurso-del-presidente-danilo-medina-en-la-xlv-cumbre-sica-2015-guatemala\\\/\"]}]},{\"@type\":\"ImageObject\",\"inLanguage\":\"en-US\",\"@id\":\"https:\\\/\\\/nld.mirex.gob.do\\\/consular\\\/amsterdam\\\/discurso-del-presidente-danilo-medina-en-la-xlv-cumbre-sica-2015-guatemala\\\/#primaryimage\",\"url\":\"\",\"contentUrl\":\"\"},{\"@type\":\"BreadcrumbList\",\"@id\":\"https:\\\/\\\/nld.mirex.gob.do\\\/consular\\\/amsterdam\\\/discurso-del-presidente-danilo-medina-en-la-xlv-cumbre-sica-2015-guatemala\\\/#breadcrumb\",\"itemListElement\":[{\"@type\":\"ListItem\",\"position\":1,\"name\":\"Inicio\",\"item\":\"https:\\\/\\\/nld.mirex.gob.do\\\/consular\\\/amsterdam\\\/\"},{\"@type\":\"ListItem\",\"position\":2,\"name\":\"Discurso del Presidente Danilo Medina, en la XLV Cumbre SICA 2015, Guatemala.\"}]},{\"@type\":\"WebSite\",\"@id\":\"https:\\\/\\\/nld.mirex.gob.do\\\/consular\\\/amsterdam\\\/#website\",\"url\":\"https:\\\/\\\/nld.mirex.gob.do\\\/consular\\\/amsterdam\\\/\",\"name\":\"Consulado General de la Rep\u00fablica Dominicana en La Haya, Reino de los Pa\u00edses Bajos\",\"description\":\"\",\"publisher\":{\"@id\":\"https:\\\/\\\/nld.mirex.gob.do\\\/consular\\\/amsterdam\\\/#organization\"},\"potentialAction\":[{\"@type\":\"SearchAction\",\"target\":{\"@type\":\"EntryPoint\",\"urlTemplate\":\"https:\\\/\\\/nld.mirex.gob.do\\\/consular\\\/amsterdam\\\/?s={search_term_string}\"},\"query-input\":{\"@type\":\"PropertyValueSpecification\",\"valueRequired\":true,\"valueName\":\"search_term_string\"}}],\"inLanguage\":\"en-US\"},{\"@type\":\"Organization\",\"@id\":\"https:\\\/\\\/nld.mirex.gob.do\\\/consular\\\/amsterdam\\\/#organization\",\"name\":\"Consulado General de la Rep\u00fablica Dominicana en La Haya, Reino de los Pa\u00edses Bajos\",\"url\":\"https:\\\/\\\/nld.mirex.gob.do\\\/consular\\\/amsterdam\\\/\",\"logo\":{\"@type\":\"ImageObject\",\"inLanguage\":\"en-US\",\"@id\":\"https:\\\/\\\/nld.mirex.gob.do\\\/consular\\\/amsterdam\\\/#\\\/schema\\\/logo\\\/image\\\/\",\"url\":\"https:\\\/\\\/nld.mirex.gob.do\\\/consular\\\/amsterdam\\\/wp-content\\\/uploads\\\/2024\\\/04\\\/cropped-consulado_la_haya_reinode_los_Paises_Bajos.jpg\",\"contentUrl\":\"https:\\\/\\\/nld.mirex.gob.do\\\/consular\\\/amsterdam\\\/wp-content\\\/uploads\\\/2024\\\/04\\\/cropped-consulado_la_haya_reinode_los_Paises_Bajos.jpg\",\"width\":999,\"height\":407,\"caption\":\"Consulado General de la Rep\u00fablica Dominicana en La Haya, Reino de los Pa\u00edses Bajos\"},\"image\":{\"@id\":\"https:\\\/\\\/nld.mirex.gob.do\\\/consular\\\/amsterdam\\\/#\\\/schema\\\/logo\\\/image\\\/\"}},{\"@type\":\"Person\",\"@id\":\"https:\\\/\\\/nld.mirex.gob.do\\\/consular\\\/amsterdam\\\/#\\\/schema\\\/person\\\/772a9951ade6a7e4ab978b618b619ff8\",\"name\":\"Michael Antonio Melo Andujar\",\"image\":{\"@type\":\"ImageObject\",\"inLanguage\":\"en-US\",\"@id\":\"https:\\\/\\\/secure.gravatar.com\\\/avatar\\\/f8862d24b6945a30d30c9727ef9dfcd533ee25a18a27afc92991446aeb0e652d?s=96&d=mm&r=g\",\"url\":\"https:\\\/\\\/secure.gravatar.com\\\/avatar\\\/f8862d24b6945a30d30c9727ef9dfcd533ee25a18a27afc92991446aeb0e652d?s=96&d=mm&r=g\",\"contentUrl\":\"https:\\\/\\\/secure.gravatar.com\\\/avatar\\\/f8862d24b6945a30d30c9727ef9dfcd533ee25a18a27afc92991446aeb0e652d?s=96&d=mm&r=g\",\"caption\":\"Michael Antonio Melo Andujar\"}}]}<\/script>\n<!-- \/ Yoast SEO plugin. -->","yoast_head_json":{"title":"Discurso del Presidente Danilo Medina, en la XLV Cumbre SICA 2015, Guatemala. - Consulado General de la Rep\u00fablica Dominicana en La Haya, Reino de los Pa\u00edses Bajos","description":"El presidente Danilo Medina manifest\u00f3 que la soberan\u00eda del pa\u00eds no se pondr\u00e1 en cuesti\u00f3n, ni por un turista m\u00e1s, ni por un centavo m\u00e1s de inversi\u00f3n. Explic\u00f3 al pleno de la XLV Cumbre de Jefes de Estado y de Gobierno del SICA 2015, los pormenores de documentaci\u00f3n para mejorar el estatus migratorio de extranjeros en situaci\u00f3n irregular en Rep\u00fablica Dominicana.","robots":{"index":"index","follow":"follow","max-snippet":"max-snippet:-1","max-image-preview":"max-image-preview:large","max-video-preview":"max-video-preview:-1"},"canonical":"https:\/\/nld.mirex.gob.do\/consular\/amsterdam\/discurso-del-presidente-danilo-medina-en-la-xlv-cumbre-sica-2015-guatemala\/","og_locale":"en_US","og_type":"article","og_title":"Discurso del Presidente Danilo Medina, en la XLV Cumbre SICA 2015, Guatemala. - Consulado General de la Rep\u00fablica Dominicana en La Haya, Reino de los Pa\u00edses Bajos","og_description":"El presidente Danilo Medina manifest\u00f3 que la soberan\u00eda del pa\u00eds no se pondr\u00e1 en cuesti\u00f3n, ni por un turista m\u00e1s, ni por un centavo m\u00e1s de inversi\u00f3n. Explic\u00f3 al pleno de la XLV Cumbre de Jefes de Estado y de Gobierno del SICA 2015, los pormenores de documentaci\u00f3n para mejorar el estatus migratorio de extranjeros en situaci\u00f3n irregular en Rep\u00fablica Dominicana.","og_url":"https:\/\/nld.mirex.gob.do\/consular\/amsterdam\/discurso-del-presidente-danilo-medina-en-la-xlv-cumbre-sica-2015-guatemala\/","og_site_name":"Consulado General de la Rep\u00fablica Dominicana en La Haya, Reino de los Pa\u00edses Bajos","article_published_time":"2015-07-04T14:13:53+00:00","author":"Michael Antonio Melo Andujar","twitter_card":"summary_large_image","twitter_misc":{"Written by":"Michael Antonio Melo Andujar","Est. reading time":"3 minutes"},"schema":{"@context":"https:\/\/schema.org","@graph":[{"@type":"Article","@id":"https:\/\/nld.mirex.gob.do\/consular\/amsterdam\/discurso-del-presidente-danilo-medina-en-la-xlv-cumbre-sica-2015-guatemala\/#article","isPartOf":{"@id":"https:\/\/nld.mirex.gob.do\/consular\/amsterdam\/discurso-del-presidente-danilo-medina-en-la-xlv-cumbre-sica-2015-guatemala\/"},"author":{"name":"Michael Antonio Melo Andujar","@id":"https:\/\/nld.mirex.gob.do\/consular\/amsterdam\/#\/schema\/person\/772a9951ade6a7e4ab978b618b619ff8"},"headline":"Discurso del Presidente Danilo Medina, en la XLV Cumbre SICA 2015, Guatemala.","datePublished":"2015-07-04T14:13:53+00:00","mainEntityOfPage":{"@id":"https:\/\/nld.mirex.gob.do\/consular\/amsterdam\/discurso-del-presidente-danilo-medina-en-la-xlv-cumbre-sica-2015-guatemala\/"},"wordCount":678,"publisher":{"@id":"https:\/\/nld.mirex.gob.do\/consular\/amsterdam\/#organization"},"image":{"@id":"https:\/\/nld.mirex.gob.do\/consular\/amsterdam\/discurso-del-presidente-danilo-medina-en-la-xlv-cumbre-sica-2015-guatemala\/#primaryimage"},"thumbnailUrl":"","keywords":["\"Plan Nacional de Regularizaci\u00f3n Migratoria\"","Discurso de Danilo Medina","Inmigraci\u00f3n"],"articleSection":["Inmigraci\u00f3n","Novedades","Plan Nacional de Regularizaci\u00f3n Migratoria"],"inLanguage":"en-US"},{"@type":"WebPage","@id":"https:\/\/nld.mirex.gob.do\/consular\/amsterdam\/discurso-del-presidente-danilo-medina-en-la-xlv-cumbre-sica-2015-guatemala\/","url":"https:\/\/nld.mirex.gob.do\/consular\/amsterdam\/discurso-del-presidente-danilo-medina-en-la-xlv-cumbre-sica-2015-guatemala\/","name":"Discurso del Presidente Danilo Medina, en la XLV Cumbre SICA 2015, Guatemala. - Consulado General de la Rep\u00fablica Dominicana en La Haya, Reino de los Pa\u00edses Bajos","isPartOf":{"@id":"https:\/\/nld.mirex.gob.do\/consular\/amsterdam\/#website"},"primaryImageOfPage":{"@id":"https:\/\/nld.mirex.gob.do\/consular\/amsterdam\/discurso-del-presidente-danilo-medina-en-la-xlv-cumbre-sica-2015-guatemala\/#primaryimage"},"image":{"@id":"https:\/\/nld.mirex.gob.do\/consular\/amsterdam\/discurso-del-presidente-danilo-medina-en-la-xlv-cumbre-sica-2015-guatemala\/#primaryimage"},"thumbnailUrl":"","datePublished":"2015-07-04T14:13:53+00:00","description":"El presidente Danilo Medina manifest\u00f3 que la soberan\u00eda del pa\u00eds no se pondr\u00e1 en cuesti\u00f3n, ni por un turista m\u00e1s, ni por un centavo m\u00e1s de inversi\u00f3n. Explic\u00f3 al pleno de la XLV Cumbre de Jefes de Estado y de Gobierno del SICA 2015, los pormenores de documentaci\u00f3n para mejorar el estatus migratorio de extranjeros en situaci\u00f3n irregular en Rep\u00fablica Dominicana.","breadcrumb":{"@id":"https:\/\/nld.mirex.gob.do\/consular\/amsterdam\/discurso-del-presidente-danilo-medina-en-la-xlv-cumbre-sica-2015-guatemala\/#breadcrumb"},"inLanguage":"en-US","potentialAction":[{"@type":"ReadAction","target":["https:\/\/nld.mirex.gob.do\/consular\/amsterdam\/discurso-del-presidente-danilo-medina-en-la-xlv-cumbre-sica-2015-guatemala\/"]}]},{"@type":"ImageObject","inLanguage":"en-US","@id":"https:\/\/nld.mirex.gob.do\/consular\/amsterdam\/discurso-del-presidente-danilo-medina-en-la-xlv-cumbre-sica-2015-guatemala\/#primaryimage","url":"","contentUrl":""},{"@type":"BreadcrumbList","@id":"https:\/\/nld.mirex.gob.do\/consular\/amsterdam\/discurso-del-presidente-danilo-medina-en-la-xlv-cumbre-sica-2015-guatemala\/#breadcrumb","itemListElement":[{"@type":"ListItem","position":1,"name":"Inicio","item":"https:\/\/nld.mirex.gob.do\/consular\/amsterdam\/"},{"@type":"ListItem","position":2,"name":"Discurso del Presidente Danilo Medina, en la XLV Cumbre SICA 2015, Guatemala."}]},{"@type":"WebSite","@id":"https:\/\/nld.mirex.gob.do\/consular\/amsterdam\/#website","url":"https:\/\/nld.mirex.gob.do\/consular\/amsterdam\/","name":"Consulado General de la Rep\u00fablica Dominicana en La Haya, Reino de los Pa\u00edses Bajos","description":"","publisher":{"@id":"https:\/\/nld.mirex.gob.do\/consular\/amsterdam\/#organization"},"potentialAction":[{"@type":"SearchAction","target":{"@type":"EntryPoint","urlTemplate":"https:\/\/nld.mirex.gob.do\/consular\/amsterdam\/?s={search_term_string}"},"query-input":{"@type":"PropertyValueSpecification","valueRequired":true,"valueName":"search_term_string"}}],"inLanguage":"en-US"},{"@type":"Organization","@id":"https:\/\/nld.mirex.gob.do\/consular\/amsterdam\/#organization","name":"Consulado General de la Rep\u00fablica Dominicana en La Haya, Reino de los Pa\u00edses Bajos","url":"https:\/\/nld.mirex.gob.do\/consular\/amsterdam\/","logo":{"@type":"ImageObject","inLanguage":"en-US","@id":"https:\/\/nld.mirex.gob.do\/consular\/amsterdam\/#\/schema\/logo\/image\/","url":"https:\/\/nld.mirex.gob.do\/consular\/amsterdam\/wp-content\/uploads\/2024\/04\/cropped-consulado_la_haya_reinode_los_Paises_Bajos.jpg","contentUrl":"https:\/\/nld.mirex.gob.do\/consular\/amsterdam\/wp-content\/uploads\/2024\/04\/cropped-consulado_la_haya_reinode_los_Paises_Bajos.jpg","width":999,"height":407,"caption":"Consulado General de la Rep\u00fablica Dominicana en La Haya, Reino de los Pa\u00edses Bajos"},"image":{"@id":"https:\/\/nld.mirex.gob.do\/consular\/amsterdam\/#\/schema\/logo\/image\/"}},{"@type":"Person","@id":"https:\/\/nld.mirex.gob.do\/consular\/amsterdam\/#\/schema\/person\/772a9951ade6a7e4ab978b618b619ff8","name":"Michael Antonio Melo Andujar","image":{"@type":"ImageObject","inLanguage":"en-US","@id":"https:\/\/secure.gravatar.com\/avatar\/f8862d24b6945a30d30c9727ef9dfcd533ee25a18a27afc92991446aeb0e652d?s=96&d=mm&r=g","url":"https:\/\/secure.gravatar.com\/avatar\/f8862d24b6945a30d30c9727ef9dfcd533ee25a18a27afc92991446aeb0e652d?s=96&d=mm&r=g","contentUrl":"https:\/\/secure.gravatar.com\/avatar\/f8862d24b6945a30d30c9727ef9dfcd533ee25a18a27afc92991446aeb0e652d?s=96&d=mm&r=g","caption":"Michael Antonio Melo Andujar"}}]}},"_links":{"self":[{"href":"https:\/\/nld.mirex.gob.do\/consular\/amsterdam\/wp-json\/wp\/v2\/posts\/6287","targetHints":{"allow":["GET"]}}],"collection":[{"href":"https:\/\/nld.mirex.gob.do\/consular\/amsterdam\/wp-json\/wp\/v2\/posts"}],"about":[{"href":"https:\/\/nld.mirex.gob.do\/consular\/amsterdam\/wp-json\/wp\/v2\/types\/post"}],"author":[{"embeddable":true,"href":"https:\/\/nld.mirex.gob.do\/consular\/amsterdam\/wp-json\/wp\/v2\/users\/8"}],"replies":[{"embeddable":true,"href":"https:\/\/nld.mirex.gob.do\/consular\/amsterdam\/wp-json\/wp\/v2\/comments?post=6287"}],"version-history":[{"count":0,"href":"https:\/\/nld.mirex.gob.do\/consular\/amsterdam\/wp-json\/wp\/v2\/posts\/6287\/revisions"}],"wp:featuredmedia":[{"embeddable":true,"href":"https:\/\/nld.mirex.gob.do\/consular\/amsterdam\/wp-json\/"}],"wp:attachment":[{"href":"https:\/\/nld.mirex.gob.do\/consular\/amsterdam\/wp-json\/wp\/v2\/media?parent=6287"}],"wp:term":[{"taxonomy":"category","embeddable":true,"href":"https:\/\/nld.mirex.gob.do\/consular\/amsterdam\/wp-json\/wp\/v2\/categories?post=6287"},{"taxonomy":"post_tag","embeddable":true,"href":"https:\/\/nld.mirex.gob.do\/consular\/amsterdam\/wp-json\/wp\/v2\/tags?post=6287"}],"curies":[{"name":"wp","href":"https:\/\/api.w.org\/{rel}","templated":true}]}}