{"id":6286,"date":"2015-07-04T12:30:28","date_gmt":"2015-07-04T12:30:28","guid":{"rendered":"https:\/\/www.consuladordholanda.com\/?p=2135"},"modified":"2015-07-04T12:30:28","modified_gmt":"2015-07-04T12:30:28","slug":"canciller-navarro-aboga-ante-consejo-permanente-de-la-oea-para-que-comunidad-internacional-conozca-resultados-reales-del-plan-nacional-de-regularizacion-de-extranjeros","status":"publish","type":"post","link":"https:\/\/nld.mirex.gob.do\/consular\/amsterdam\/canciller-navarro-aboga-ante-consejo-permanente-de-la-oea-para-que-comunidad-internacional-conozca-resultados-reales-del-plan-nacional-de-regularizacion-de-extranjeros\/","title":{"rendered":"Canciller Navarro aboga ante Consejo Permanente de la OEA para que comunidad internacional conozca resultados reales del Plan Nacional de Regularizaci\u00f3n de Extranjeros"},"content":{"rendered":"<h2 class=\"post-title entry-title\">Canciller Navarro aboga ante Consejo Permanente de la OEA para que comunidad internacional conozca resultados reales del Plan Nacional de Regularizaci\u00f3n de Extranjeros<\/h2>\n<p><img fetchpriority=\"high\" decoding=\"async\" class=\"alignleft wp-image-2136 size-medium\" src=\"https:\/\/www.consuladordholanda.com\/wp-content\/uploads\/2015\/07\/18678447614_7da2271d83_c-300x169.jpg\" alt=\"18678447614_7da2271d83_c\" width=\"300\" height=\"169\" \/><\/p>\n<p>Washington, EE.UU.-El ministro de Relaciones Exteriores de la Rep\u00fablica Dominicana, arquitecto Andr\u00e9s Navarro, abog\u00f3 hoy para que la comunidad internacional conozca los resultados reales del Plan Nacional de Regularizaci\u00f3n de Extranjeros que encamina el gobierno del presidente Danilo Medina, reforma migratoria sin precedente\u00a0 apegada a las leyes dominicanas y con irrestricto apego al respeto de los derechos humanos, para que de esa forma no se dejen confundir\u00a0de \u201cuna inaceptable\u201d campa\u00f1a de odio y descalificaci\u00f3n hacia la naci\u00f3n dominicana. Navarro afirm\u00f3 que en el exterior se difunden\u00a0una serie de informaciones err\u00f3neas sobre la naturaleza y los resultados de este proceso,\u00a0por ejemplo, una inexistente decisi\u00f3n del gobierno dominicano de realizar deportaciones masivas de ciudadanos haitianos, con lo que se pretende significar la existencia de una crisis humanitaria en la isla de Santo Domingo.<\/p>\n<p>En un discurso pronunciado ante el pleno de los miembros del Consejo Permanente de la Organizaci\u00f3n de Estados Americanos (OEA), Navarro consider\u00f3 que \u201cno hay ninguna justificaci\u00f3n para seguir repitiendo, sin ninguna evidencia que la respalde, la preocupaci\u00f3n de que en nuestro pa\u00eds hay cientos de miles de ap\u00e1tridas en peligro de ser expulsados, pues no es verdad que haya un solo caso de ap\u00e1trida\u201d.<\/p>\n<p>Indic\u00f3 que la comunidad internacional puede estar segura de que la Rep\u00fablica Dominicana no expulsar\u00e1 a un solo dominicano, \u201cporque, por el contrario, protegemos a nuestra poblaci\u00f3n y estamos haciendo todo lo que est\u00e1 en nuestras manos para dotarlos de la seguridad jur\u00eddica que garantice esa protecci\u00f3n\u201d.<\/p>\n<p>Manifest\u00f3 que el gobierno dominicano ha iniciado una intensa campa\u00f1a a nivel mundial de informaci\u00f3n y divulgaci\u00f3n sobre la verdad del plan migratorio, \u201d para que se conozca la realidad de la iniciativa puesta en marcha por el gobierno del presidente Medina\u201d.<\/p>\n<p>Expuso que las autoridades dominicanas se llenan de estupor cuando escuchan algunas organizaciones no gubernamentales y medios de comunicaci\u00f3n, exigir que se detengan unas inexistentes deportaciones, adem\u00e1s de que se habla incluso injustamente de casos de ap\u00e1trida sin mostrar un solo caso.<\/p>\n<p>Precis\u00f3 que \u201cpara que quede bien claro, cuando se produzcan los retornos de personas que no tengan la debida documentaci\u00f3n migratoria, seguir\u00e1n un proceso individualizado, con la identificaci\u00f3n biom\u00e9trica de cada persona y todas las debidas comprobaciones de su estatus y documentaci\u00f3n como ocurre en todas partes del mundo\u201d.<\/p>\n<p>Navarro reiter\u00f3 su llamado a las organizaciones y medios de comunicaci\u00f3n que insisten en copiar y pegar acr\u00edticamente un perfil de la Rep\u00fablica Dominicana que quiz\u00e1s fue ver\u00eddico en el pasado, \u201cpero que desde luego ha dejado de serlo desde el 2013 por la voluntad pol\u00edtica, la vocaci\u00f3n democr\u00e1tica y el apego al respeto de los derechos humanos de nuestro presidente Medina\u201d.<\/p>\n<p>\u201cTodo lo que pedimos, lo \u00fanico que exigimos es que se conozca la verdad del proceso migratorio dominicano, y este foro es una brillante oportunidad ante cada uno de los representantes de los pa\u00edses hermanos de las Am\u00e9ricas\u201d, enfatiz\u00f3 el canciller dominicano.<\/p>\n<p>El funcionario dominicano record\u00f3 que el plan de regularizaci\u00f3n ha venido a resolver un problema hist\u00f3rico en la Rep\u00fablica Dominicana, dado que no se contaba con un registro completo de los extranjeros que viv\u00edan en el territorio, no s\u00f3lo de los inmigrantes, sino adem\u00e1s de las personas nacidas en el pa\u00eds de padres extranjeros o en muchos casos de padres dominicanos, lo que dejaba cientos de miles seres humanos en situaci\u00f3n de vulnerabilidad.<\/p>\n<p>Dijo que el plan es una exitosa soluci\u00f3n, con grandes sacrificios econ\u00f3micos para el pa\u00eds, a las diferentes situaciones migratorias que exist\u00edan, a trav\u00e9s de la aplicaci\u00f3n de la Ley 169-14 para personas nacidas en Rep\u00fablica Dominicana de padres extranjeros con estatus ilegal, y el Plan Nacional de Regularizaci\u00f3n para extranjeros que viven en territorio dominicano.<\/p>\n<p>Agreg\u00f3 que gracias a la iniciativa dispuesta por el presidente Medina, alrededor de 55 mil personas y sus descendientes han visto reconocida su ciudadan\u00eda dominicana por parte de la Junta Central Electoral (JCE), mientras que otros 8,755 hijos de padres extranjeros ilegales que se inscribieron en el Libro de Extranjer\u00eda podr\u00e1n acceder al proceso de naturalizaci\u00f3n en un plazo de dos anos, contando en ese lapso de tiempo con una estatus transitorio de residencia en el pa\u00eds.<\/p>\n<p>Subray\u00f3 que al cierre del plazo de inscripci\u00f3n el pasado 17 de junio, 288,486 personas solicitaron su regularizaci\u00f3n y est\u00e1n a punto de recibir el estatus legal, \u201cesto es, un 69% de los extranjeros irregulares seg\u00fan la Encuesta Nacional de Inmigrantes (ENI) llevada a cabo en el 2012.<\/p>\n<p>Declar\u00f3 que para facilitar la mayor participaci\u00f3n de personas en el plan, el gobierno dominicano incorpor\u00f3 instituciones y organismos con experiencia en la materia, como la ACNUR, la Organizaci\u00f3n Internacional para las Migraciones, la Uni\u00f3n Europea (UE), el Programa de las Naciones Unidas para el Desarrollo (PNUD) y la Mesa Nacional para las Migraciones, entre otros.<\/p>\n<p>Navarro calific\u00f3 de \u201ctotalmente falso y un error quiz\u00e1s sin mala intenci\u00f3n\u201d, el planteamiento de algunas organizaciones internacionales y medios de comunicaci\u00f3n que han repetido la teor\u00eda de que m\u00e1s de 200 mil personas habr\u00edan quedado en situaci\u00f3n de ap\u00e1trida y en peligro de expulsi\u00f3n del territorio dominicano.<\/p>\n<p>Indic\u00f3 que \u201cdicho esto, la cifra de potenciales ap\u00e1tridas se reducir\u00eda a 100 mil personas. Pero resulta que entre esos 55 mil personas y sus descendientes, as\u00ed como otros 8,775 han visto reconocida su nacionalidad por parte de la Junta Central Dominicana\u201d. Cit\u00f3 el caso de Juliana Deguis y sus cuatro hijos que ya cuentan con nacionalidad dominicana tras su registraci\u00f3n regular que tard\u00f3 porque la indefinici\u00f3n documental de la madre.<\/p>\n<p>Navarro concluy\u00f3 su discurso invitando a conocer a fondo la realidad de la Rep\u00fablica Dominicana en materia migratoria, al tiempo que pidi\u00f3 se divulguen las informaciones que suministro ante el pleno de la OEA, \u201ctodas excelentes noticias para los derechos humanos de las personas en las Am\u00e9ricas\u201d.<\/p>\n<p>Fuente: <a href=\"http:\/\/www.mirex.gob.do\/index.php\/inicior\/478-canciller-navarro-aboga-ante-consejo-permanente-de-la-oea-para-que-comunidad-internacional-conozca-resultados-reales-del-plan-nacional-de-regularizacion-de-extranjeros\">mirex.gob.do<\/a><\/p>\n","protected":false},"excerpt":{"rendered":"<p>Canciller Navarro aboga ante Consejo Permanente de la OEA para que comunidad internacional conozca resultados reales del Plan Nacional de Regularizaci\u00f3n de Extranjeros Washington, EE.UU.-El ministro de Relaciones Exteriores de la Rep\u00fablica Dominicana, arquitecto Andr\u00e9s Navarro, abog\u00f3 hoy para que la comunidad internacional conozca los resultados reales del Plan Nacional de Regularizaci\u00f3n de Extranjeros que [&hellip;]<\/p>\n","protected":false},"author":8,"featured_media":2136,"comment_status":"closed","ping_status":"open","sticky":false,"template":"","format":"standard","meta":{"site-sidebar-layout":"default","site-content-layout":"","ast-site-content-layout":"default","site-content-style":"default","site-sidebar-style":"default","ast-global-header-display":"","ast-banner-title-visibility":"","ast-main-header-display":"","ast-hfb-above-header-display":"","ast-hfb-below-header-display":"","ast-hfb-mobile-header-display":"","site-post-title":"","ast-breadcrumbs-content":"","ast-featured-img":"","footer-sml-layout":"","ast-disable-related-posts":"","theme-transparent-header-meta":"","adv-header-id-meta":"","stick-header-meta":"","header-above-stick-meta":"","header-main-stick-meta":"","header-below-stick-meta":"","astra-migrate-meta-layouts":"default","ast-page-background-enabled":"default","ast-page-background-meta":{"desktop":{"background-color":"","background-image":"","background-repeat":"repeat","background-position":"center center","background-size":"auto","background-attachment":"scroll","background-type":"","background-media":"","overlay-type":"","overlay-color":"","overlay-opacity":"","overlay-gradient":""},"tablet":{"background-color":"","background-image":"","background-repeat":"repeat","background-position":"center center","background-size":"auto","background-attachment":"scroll","background-type":"","background-media":"","overlay-type":"","overlay-color":"","overlay-opacity":"","overlay-gradient":""},"mobile":{"background-color":"","background-image":"","background-repeat":"repeat","background-position":"center center","background-size":"auto","background-attachment":"scroll","background-type":"","background-media":"","overlay-type":"","overlay-color":"","overlay-opacity":"","overlay-gradient":""}},"ast-content-background-meta":{"desktop":{"background-color":"var(--ast-global-color-5)","background-image":"","background-repeat":"repeat","background-position":"center center","background-size":"auto","background-attachment":"scroll","background-type":"","background-media":"","overlay-type":"","overlay-color":"","overlay-opacity":"","overlay-gradient":""},"tablet":{"background-color":"var(--ast-global-color-5)","background-image":"","background-repeat":"repeat","background-position":"center center","background-size":"auto","background-attachment":"scroll","background-type":"","background-media":"","overlay-type":"","overlay-color":"","overlay-opacity":"","overlay-gradient":""},"mobile":{"background-color":"var(--ast-global-color-5)","background-image":"","background-repeat":"repeat","background-position":"center center","background-size":"auto","background-attachment":"scroll","background-type":"","background-media":"","overlay-type":"","overlay-color":"","overlay-opacity":"","overlay-gradient":""}},"footnotes":""},"categories":[292,66,294],"tags":[287,293],"class_list":["post-6286","post","type-post","status-publish","format-standard","has-post-thumbnail","hentry","category-inmigracion","category-novedades","category-plan-nacional-de-regularizacion-migratoria","tag-plan-nacional-de-regularizacion-migratoria","tag-inmigracion"],"yoast_head":"<!-- This site is optimized with the Yoast SEO plugin v27.4 - https:\/\/yoast.com\/product\/yoast-seo-wordpress\/ -->\n<title>Canciller Navarro aboga ante Consejo Permanente de la OEA para que comunidad internacional conozca resultados reales del Plan Nacional de Regularizaci\u00f3n de Extranjeros - Consulado General de la Rep\u00fablica Dominicana en La Haya, Reino de los Pa\u00edses Bajos<\/title>\n<meta name=\"robots\" content=\"index, follow, max-snippet:-1, max-image-preview:large, max-video-preview:-1\" \/>\n<link rel=\"canonical\" href=\"https:\/\/nld.mirex.gob.do\/consular\/amsterdam\/canciller-navarro-aboga-ante-consejo-permanente-de-la-oea-para-que-comunidad-internacional-conozca-resultados-reales-del-plan-nacional-de-regularizacion-de-extranjeros\/\" \/>\n<meta property=\"og:locale\" content=\"en_US\" \/>\n<meta property=\"og:type\" content=\"article\" \/>\n<meta property=\"og:title\" content=\"Canciller Navarro aboga ante Consejo Permanente de la OEA para que comunidad internacional conozca resultados reales del Plan Nacional de Regularizaci\u00f3n de Extranjeros - Consulado General de la Rep\u00fablica Dominicana en La Haya, Reino de los Pa\u00edses Bajos\" \/>\n<meta property=\"og:description\" content=\"Canciller Navarro aboga ante Consejo Permanente de la OEA para que comunidad internacional conozca resultados reales del Plan Nacional de Regularizaci\u00f3n de Extranjeros Washington, EE.UU.-El ministro de Relaciones Exteriores de la Rep\u00fablica Dominicana, arquitecto Andr\u00e9s Navarro, abog\u00f3 hoy para que la comunidad internacional conozca los resultados reales del Plan Nacional de Regularizaci\u00f3n de Extranjeros que [&hellip;]\" \/>\n<meta property=\"og:url\" content=\"https:\/\/nld.mirex.gob.do\/consular\/amsterdam\/canciller-navarro-aboga-ante-consejo-permanente-de-la-oea-para-que-comunidad-internacional-conozca-resultados-reales-del-plan-nacional-de-regularizacion-de-extranjeros\/\" \/>\n<meta property=\"og:site_name\" content=\"Consulado General de la Rep\u00fablica Dominicana en La Haya, Reino de los Pa\u00edses Bajos\" \/>\n<meta property=\"article:published_time\" content=\"2015-07-04T12:30:28+00:00\" \/>\n<meta name=\"author\" content=\"Michael Antonio Melo Andujar\" \/>\n<meta name=\"twitter:card\" content=\"summary_large_image\" \/>\n<meta name=\"twitter:label1\" content=\"Written by\" \/>\n\t<meta name=\"twitter:data1\" content=\"Michael Antonio Melo Andujar\" \/>\n\t<meta name=\"twitter:label2\" content=\"Est. reading time\" \/>\n\t<meta name=\"twitter:data2\" content=\"5 minutes\" \/>\n<script type=\"application\/ld+json\" class=\"yoast-schema-graph\">{\"@context\":\"https:\\\/\\\/schema.org\",\"@graph\":[{\"@type\":\"Article\",\"@id\":\"https:\\\/\\\/nld.mirex.gob.do\\\/consular\\\/amsterdam\\\/canciller-navarro-aboga-ante-consejo-permanente-de-la-oea-para-que-comunidad-internacional-conozca-resultados-reales-del-plan-nacional-de-regularizacion-de-extranjeros\\\/#article\",\"isPartOf\":{\"@id\":\"https:\\\/\\\/nld.mirex.gob.do\\\/consular\\\/amsterdam\\\/canciller-navarro-aboga-ante-consejo-permanente-de-la-oea-para-que-comunidad-internacional-conozca-resultados-reales-del-plan-nacional-de-regularizacion-de-extranjeros\\\/\"},\"author\":{\"name\":\"Michael Antonio Melo Andujar\",\"@id\":\"https:\\\/\\\/nld.mirex.gob.do\\\/consular\\\/amsterdam\\\/#\\\/schema\\\/person\\\/772a9951ade6a7e4ab978b618b619ff8\"},\"headline\":\"Canciller Navarro aboga ante Consejo Permanente de la OEA para que comunidad internacional conozca resultados reales del Plan Nacional de Regularizaci\u00f3n de Extranjeros\",\"datePublished\":\"2015-07-04T12:30:28+00:00\",\"mainEntityOfPage\":{\"@id\":\"https:\\\/\\\/nld.mirex.gob.do\\\/consular\\\/amsterdam\\\/canciller-navarro-aboga-ante-consejo-permanente-de-la-oea-para-que-comunidad-internacional-conozca-resultados-reales-del-plan-nacional-de-regularizacion-de-extranjeros\\\/\"},\"wordCount\":1083,\"publisher\":{\"@id\":\"https:\\\/\\\/nld.mirex.gob.do\\\/consular\\\/amsterdam\\\/#organization\"},\"image\":{\"@id\":\"https:\\\/\\\/nld.mirex.gob.do\\\/consular\\\/amsterdam\\\/canciller-navarro-aboga-ante-consejo-permanente-de-la-oea-para-que-comunidad-internacional-conozca-resultados-reales-del-plan-nacional-de-regularizacion-de-extranjeros\\\/#primaryimage\"},\"thumbnailUrl\":\"\",\"keywords\":[\"\\\"Plan Nacional de Regularizaci\u00f3n Migratoria\\\"\",\"Inmigraci\u00f3n\"],\"articleSection\":[\"Inmigraci\u00f3n\",\"Novedades\",\"Plan Nacional de Regularizaci\u00f3n Migratoria\"],\"inLanguage\":\"en-US\"},{\"@type\":\"WebPage\",\"@id\":\"https:\\\/\\\/nld.mirex.gob.do\\\/consular\\\/amsterdam\\\/canciller-navarro-aboga-ante-consejo-permanente-de-la-oea-para-que-comunidad-internacional-conozca-resultados-reales-del-plan-nacional-de-regularizacion-de-extranjeros\\\/\",\"url\":\"https:\\\/\\\/nld.mirex.gob.do\\\/consular\\\/amsterdam\\\/canciller-navarro-aboga-ante-consejo-permanente-de-la-oea-para-que-comunidad-internacional-conozca-resultados-reales-del-plan-nacional-de-regularizacion-de-extranjeros\\\/\",\"name\":\"Canciller Navarro aboga ante Consejo Permanente de la OEA para que comunidad internacional conozca resultados reales del Plan Nacional de Regularizaci\u00f3n de Extranjeros - Consulado General de la Rep\u00fablica Dominicana en La Haya, Reino de los Pa\u00edses Bajos\",\"isPartOf\":{\"@id\":\"https:\\\/\\\/nld.mirex.gob.do\\\/consular\\\/amsterdam\\\/#website\"},\"primaryImageOfPage\":{\"@id\":\"https:\\\/\\\/nld.mirex.gob.do\\\/consular\\\/amsterdam\\\/canciller-navarro-aboga-ante-consejo-permanente-de-la-oea-para-que-comunidad-internacional-conozca-resultados-reales-del-plan-nacional-de-regularizacion-de-extranjeros\\\/#primaryimage\"},\"image\":{\"@id\":\"https:\\\/\\\/nld.mirex.gob.do\\\/consular\\\/amsterdam\\\/canciller-navarro-aboga-ante-consejo-permanente-de-la-oea-para-que-comunidad-internacional-conozca-resultados-reales-del-plan-nacional-de-regularizacion-de-extranjeros\\\/#primaryimage\"},\"thumbnailUrl\":\"\",\"datePublished\":\"2015-07-04T12:30:28+00:00\",\"breadcrumb\":{\"@id\":\"https:\\\/\\\/nld.mirex.gob.do\\\/consular\\\/amsterdam\\\/canciller-navarro-aboga-ante-consejo-permanente-de-la-oea-para-que-comunidad-internacional-conozca-resultados-reales-del-plan-nacional-de-regularizacion-de-extranjeros\\\/#breadcrumb\"},\"inLanguage\":\"en-US\",\"potentialAction\":[{\"@type\":\"ReadAction\",\"target\":[\"https:\\\/\\\/nld.mirex.gob.do\\\/consular\\\/amsterdam\\\/canciller-navarro-aboga-ante-consejo-permanente-de-la-oea-para-que-comunidad-internacional-conozca-resultados-reales-del-plan-nacional-de-regularizacion-de-extranjeros\\\/\"]}]},{\"@type\":\"ImageObject\",\"inLanguage\":\"en-US\",\"@id\":\"https:\\\/\\\/nld.mirex.gob.do\\\/consular\\\/amsterdam\\\/canciller-navarro-aboga-ante-consejo-permanente-de-la-oea-para-que-comunidad-internacional-conozca-resultados-reales-del-plan-nacional-de-regularizacion-de-extranjeros\\\/#primaryimage\",\"url\":\"\",\"contentUrl\":\"\"},{\"@type\":\"BreadcrumbList\",\"@id\":\"https:\\\/\\\/nld.mirex.gob.do\\\/consular\\\/amsterdam\\\/canciller-navarro-aboga-ante-consejo-permanente-de-la-oea-para-que-comunidad-internacional-conozca-resultados-reales-del-plan-nacional-de-regularizacion-de-extranjeros\\\/#breadcrumb\",\"itemListElement\":[{\"@type\":\"ListItem\",\"position\":1,\"name\":\"Inicio\",\"item\":\"https:\\\/\\\/nld.mirex.gob.do\\\/consular\\\/amsterdam\\\/\"},{\"@type\":\"ListItem\",\"position\":2,\"name\":\"Canciller Navarro aboga ante Consejo Permanente de la OEA para que comunidad internacional conozca resultados reales del Plan Nacional de Regularizaci\u00f3n de Extranjeros\"}]},{\"@type\":\"WebSite\",\"@id\":\"https:\\\/\\\/nld.mirex.gob.do\\\/consular\\\/amsterdam\\\/#website\",\"url\":\"https:\\\/\\\/nld.mirex.gob.do\\\/consular\\\/amsterdam\\\/\",\"name\":\"Consulado General de la Rep\u00fablica Dominicana en La Haya, Reino de los Pa\u00edses Bajos\",\"description\":\"\",\"publisher\":{\"@id\":\"https:\\\/\\\/nld.mirex.gob.do\\\/consular\\\/amsterdam\\\/#organization\"},\"potentialAction\":[{\"@type\":\"SearchAction\",\"target\":{\"@type\":\"EntryPoint\",\"urlTemplate\":\"https:\\\/\\\/nld.mirex.gob.do\\\/consular\\\/amsterdam\\\/?s={search_term_string}\"},\"query-input\":{\"@type\":\"PropertyValueSpecification\",\"valueRequired\":true,\"valueName\":\"search_term_string\"}}],\"inLanguage\":\"en-US\"},{\"@type\":\"Organization\",\"@id\":\"https:\\\/\\\/nld.mirex.gob.do\\\/consular\\\/amsterdam\\\/#organization\",\"name\":\"Consulado General de la Rep\u00fablica Dominicana en La Haya, Reino de los Pa\u00edses Bajos\",\"url\":\"https:\\\/\\\/nld.mirex.gob.do\\\/consular\\\/amsterdam\\\/\",\"logo\":{\"@type\":\"ImageObject\",\"inLanguage\":\"en-US\",\"@id\":\"https:\\\/\\\/nld.mirex.gob.do\\\/consular\\\/amsterdam\\\/#\\\/schema\\\/logo\\\/image\\\/\",\"url\":\"https:\\\/\\\/nld.mirex.gob.do\\\/consular\\\/amsterdam\\\/wp-content\\\/uploads\\\/2024\\\/04\\\/cropped-consulado_la_haya_reinode_los_Paises_Bajos.jpg\",\"contentUrl\":\"https:\\\/\\\/nld.mirex.gob.do\\\/consular\\\/amsterdam\\\/wp-content\\\/uploads\\\/2024\\\/04\\\/cropped-consulado_la_haya_reinode_los_Paises_Bajos.jpg\",\"width\":999,\"height\":407,\"caption\":\"Consulado General de la Rep\u00fablica Dominicana en La Haya, Reino de los Pa\u00edses Bajos\"},\"image\":{\"@id\":\"https:\\\/\\\/nld.mirex.gob.do\\\/consular\\\/amsterdam\\\/#\\\/schema\\\/logo\\\/image\\\/\"}},{\"@type\":\"Person\",\"@id\":\"https:\\\/\\\/nld.mirex.gob.do\\\/consular\\\/amsterdam\\\/#\\\/schema\\\/person\\\/772a9951ade6a7e4ab978b618b619ff8\",\"name\":\"Michael Antonio Melo Andujar\",\"image\":{\"@type\":\"ImageObject\",\"inLanguage\":\"en-US\",\"@id\":\"https:\\\/\\\/secure.gravatar.com\\\/avatar\\\/f8862d24b6945a30d30c9727ef9dfcd533ee25a18a27afc92991446aeb0e652d?s=96&d=mm&r=g\",\"url\":\"https:\\\/\\\/secure.gravatar.com\\\/avatar\\\/f8862d24b6945a30d30c9727ef9dfcd533ee25a18a27afc92991446aeb0e652d?s=96&d=mm&r=g\",\"contentUrl\":\"https:\\\/\\\/secure.gravatar.com\\\/avatar\\\/f8862d24b6945a30d30c9727ef9dfcd533ee25a18a27afc92991446aeb0e652d?s=96&d=mm&r=g\",\"caption\":\"Michael Antonio Melo Andujar\"}}]}<\/script>\n<!-- \/ Yoast SEO plugin. -->","yoast_head_json":{"title":"Canciller Navarro aboga ante Consejo Permanente de la OEA para que comunidad internacional conozca resultados reales del Plan Nacional de Regularizaci\u00f3n de Extranjeros - Consulado General de la Rep\u00fablica Dominicana en La Haya, Reino de los Pa\u00edses Bajos","robots":{"index":"index","follow":"follow","max-snippet":"max-snippet:-1","max-image-preview":"max-image-preview:large","max-video-preview":"max-video-preview:-1"},"canonical":"https:\/\/nld.mirex.gob.do\/consular\/amsterdam\/canciller-navarro-aboga-ante-consejo-permanente-de-la-oea-para-que-comunidad-internacional-conozca-resultados-reales-del-plan-nacional-de-regularizacion-de-extranjeros\/","og_locale":"en_US","og_type":"article","og_title":"Canciller Navarro aboga ante Consejo Permanente de la OEA para que comunidad internacional conozca resultados reales del Plan Nacional de Regularizaci\u00f3n de Extranjeros - Consulado General de la Rep\u00fablica Dominicana en La Haya, Reino de los Pa\u00edses Bajos","og_description":"Canciller Navarro aboga ante Consejo Permanente de la OEA para que comunidad internacional conozca resultados reales del Plan Nacional de Regularizaci\u00f3n de Extranjeros Washington, EE.UU.-El ministro de Relaciones Exteriores de la Rep\u00fablica Dominicana, arquitecto Andr\u00e9s Navarro, abog\u00f3 hoy para que la comunidad internacional conozca los resultados reales del Plan Nacional de Regularizaci\u00f3n de Extranjeros que [&hellip;]","og_url":"https:\/\/nld.mirex.gob.do\/consular\/amsterdam\/canciller-navarro-aboga-ante-consejo-permanente-de-la-oea-para-que-comunidad-internacional-conozca-resultados-reales-del-plan-nacional-de-regularizacion-de-extranjeros\/","og_site_name":"Consulado General de la Rep\u00fablica Dominicana en La Haya, Reino de los Pa\u00edses Bajos","article_published_time":"2015-07-04T12:30:28+00:00","author":"Michael Antonio Melo Andujar","twitter_card":"summary_large_image","twitter_misc":{"Written by":"Michael Antonio Melo Andujar","Est. reading time":"5 minutes"},"schema":{"@context":"https:\/\/schema.org","@graph":[{"@type":"Article","@id":"https:\/\/nld.mirex.gob.do\/consular\/amsterdam\/canciller-navarro-aboga-ante-consejo-permanente-de-la-oea-para-que-comunidad-internacional-conozca-resultados-reales-del-plan-nacional-de-regularizacion-de-extranjeros\/#article","isPartOf":{"@id":"https:\/\/nld.mirex.gob.do\/consular\/amsterdam\/canciller-navarro-aboga-ante-consejo-permanente-de-la-oea-para-que-comunidad-internacional-conozca-resultados-reales-del-plan-nacional-de-regularizacion-de-extranjeros\/"},"author":{"name":"Michael Antonio Melo Andujar","@id":"https:\/\/nld.mirex.gob.do\/consular\/amsterdam\/#\/schema\/person\/772a9951ade6a7e4ab978b618b619ff8"},"headline":"Canciller Navarro aboga ante Consejo Permanente de la OEA para que comunidad internacional conozca resultados reales del Plan Nacional de Regularizaci\u00f3n de Extranjeros","datePublished":"2015-07-04T12:30:28+00:00","mainEntityOfPage":{"@id":"https:\/\/nld.mirex.gob.do\/consular\/amsterdam\/canciller-navarro-aboga-ante-consejo-permanente-de-la-oea-para-que-comunidad-internacional-conozca-resultados-reales-del-plan-nacional-de-regularizacion-de-extranjeros\/"},"wordCount":1083,"publisher":{"@id":"https:\/\/nld.mirex.gob.do\/consular\/amsterdam\/#organization"},"image":{"@id":"https:\/\/nld.mirex.gob.do\/consular\/amsterdam\/canciller-navarro-aboga-ante-consejo-permanente-de-la-oea-para-que-comunidad-internacional-conozca-resultados-reales-del-plan-nacional-de-regularizacion-de-extranjeros\/#primaryimage"},"thumbnailUrl":"","keywords":["\"Plan Nacional de Regularizaci\u00f3n Migratoria\"","Inmigraci\u00f3n"],"articleSection":["Inmigraci\u00f3n","Novedades","Plan Nacional de Regularizaci\u00f3n Migratoria"],"inLanguage":"en-US"},{"@type":"WebPage","@id":"https:\/\/nld.mirex.gob.do\/consular\/amsterdam\/canciller-navarro-aboga-ante-consejo-permanente-de-la-oea-para-que-comunidad-internacional-conozca-resultados-reales-del-plan-nacional-de-regularizacion-de-extranjeros\/","url":"https:\/\/nld.mirex.gob.do\/consular\/amsterdam\/canciller-navarro-aboga-ante-consejo-permanente-de-la-oea-para-que-comunidad-internacional-conozca-resultados-reales-del-plan-nacional-de-regularizacion-de-extranjeros\/","name":"Canciller Navarro aboga ante Consejo Permanente de la OEA para que comunidad internacional conozca resultados reales del Plan Nacional de Regularizaci\u00f3n de Extranjeros - Consulado General de la Rep\u00fablica Dominicana en La Haya, Reino de los Pa\u00edses Bajos","isPartOf":{"@id":"https:\/\/nld.mirex.gob.do\/consular\/amsterdam\/#website"},"primaryImageOfPage":{"@id":"https:\/\/nld.mirex.gob.do\/consular\/amsterdam\/canciller-navarro-aboga-ante-consejo-permanente-de-la-oea-para-que-comunidad-internacional-conozca-resultados-reales-del-plan-nacional-de-regularizacion-de-extranjeros\/#primaryimage"},"image":{"@id":"https:\/\/nld.mirex.gob.do\/consular\/amsterdam\/canciller-navarro-aboga-ante-consejo-permanente-de-la-oea-para-que-comunidad-internacional-conozca-resultados-reales-del-plan-nacional-de-regularizacion-de-extranjeros\/#primaryimage"},"thumbnailUrl":"","datePublished":"2015-07-04T12:30:28+00:00","breadcrumb":{"@id":"https:\/\/nld.mirex.gob.do\/consular\/amsterdam\/canciller-navarro-aboga-ante-consejo-permanente-de-la-oea-para-que-comunidad-internacional-conozca-resultados-reales-del-plan-nacional-de-regularizacion-de-extranjeros\/#breadcrumb"},"inLanguage":"en-US","potentialAction":[{"@type":"ReadAction","target":["https:\/\/nld.mirex.gob.do\/consular\/amsterdam\/canciller-navarro-aboga-ante-consejo-permanente-de-la-oea-para-que-comunidad-internacional-conozca-resultados-reales-del-plan-nacional-de-regularizacion-de-extranjeros\/"]}]},{"@type":"ImageObject","inLanguage":"en-US","@id":"https:\/\/nld.mirex.gob.do\/consular\/amsterdam\/canciller-navarro-aboga-ante-consejo-permanente-de-la-oea-para-que-comunidad-internacional-conozca-resultados-reales-del-plan-nacional-de-regularizacion-de-extranjeros\/#primaryimage","url":"","contentUrl":""},{"@type":"BreadcrumbList","@id":"https:\/\/nld.mirex.gob.do\/consular\/amsterdam\/canciller-navarro-aboga-ante-consejo-permanente-de-la-oea-para-que-comunidad-internacional-conozca-resultados-reales-del-plan-nacional-de-regularizacion-de-extranjeros\/#breadcrumb","itemListElement":[{"@type":"ListItem","position":1,"name":"Inicio","item":"https:\/\/nld.mirex.gob.do\/consular\/amsterdam\/"},{"@type":"ListItem","position":2,"name":"Canciller Navarro aboga ante Consejo Permanente de la OEA para que comunidad internacional conozca resultados reales del Plan Nacional de Regularizaci\u00f3n de Extranjeros"}]},{"@type":"WebSite","@id":"https:\/\/nld.mirex.gob.do\/consular\/amsterdam\/#website","url":"https:\/\/nld.mirex.gob.do\/consular\/amsterdam\/","name":"Consulado General de la Rep\u00fablica Dominicana en La Haya, Reino de los Pa\u00edses Bajos","description":"","publisher":{"@id":"https:\/\/nld.mirex.gob.do\/consular\/amsterdam\/#organization"},"potentialAction":[{"@type":"SearchAction","target":{"@type":"EntryPoint","urlTemplate":"https:\/\/nld.mirex.gob.do\/consular\/amsterdam\/?s={search_term_string}"},"query-input":{"@type":"PropertyValueSpecification","valueRequired":true,"valueName":"search_term_string"}}],"inLanguage":"en-US"},{"@type":"Organization","@id":"https:\/\/nld.mirex.gob.do\/consular\/amsterdam\/#organization","name":"Consulado General de la Rep\u00fablica Dominicana en La Haya, Reino de los Pa\u00edses Bajos","url":"https:\/\/nld.mirex.gob.do\/consular\/amsterdam\/","logo":{"@type":"ImageObject","inLanguage":"en-US","@id":"https:\/\/nld.mirex.gob.do\/consular\/amsterdam\/#\/schema\/logo\/image\/","url":"https:\/\/nld.mirex.gob.do\/consular\/amsterdam\/wp-content\/uploads\/2024\/04\/cropped-consulado_la_haya_reinode_los_Paises_Bajos.jpg","contentUrl":"https:\/\/nld.mirex.gob.do\/consular\/amsterdam\/wp-content\/uploads\/2024\/04\/cropped-consulado_la_haya_reinode_los_Paises_Bajos.jpg","width":999,"height":407,"caption":"Consulado General de la Rep\u00fablica Dominicana en La Haya, Reino de los Pa\u00edses Bajos"},"image":{"@id":"https:\/\/nld.mirex.gob.do\/consular\/amsterdam\/#\/schema\/logo\/image\/"}},{"@type":"Person","@id":"https:\/\/nld.mirex.gob.do\/consular\/amsterdam\/#\/schema\/person\/772a9951ade6a7e4ab978b618b619ff8","name":"Michael Antonio Melo Andujar","image":{"@type":"ImageObject","inLanguage":"en-US","@id":"https:\/\/secure.gravatar.com\/avatar\/f8862d24b6945a30d30c9727ef9dfcd533ee25a18a27afc92991446aeb0e652d?s=96&d=mm&r=g","url":"https:\/\/secure.gravatar.com\/avatar\/f8862d24b6945a30d30c9727ef9dfcd533ee25a18a27afc92991446aeb0e652d?s=96&d=mm&r=g","contentUrl":"https:\/\/secure.gravatar.com\/avatar\/f8862d24b6945a30d30c9727ef9dfcd533ee25a18a27afc92991446aeb0e652d?s=96&d=mm&r=g","caption":"Michael Antonio Melo Andujar"}}]}},"_links":{"self":[{"href":"https:\/\/nld.mirex.gob.do\/consular\/amsterdam\/wp-json\/wp\/v2\/posts\/6286","targetHints":{"allow":["GET"]}}],"collection":[{"href":"https:\/\/nld.mirex.gob.do\/consular\/amsterdam\/wp-json\/wp\/v2\/posts"}],"about":[{"href":"https:\/\/nld.mirex.gob.do\/consular\/amsterdam\/wp-json\/wp\/v2\/types\/post"}],"author":[{"embeddable":true,"href":"https:\/\/nld.mirex.gob.do\/consular\/amsterdam\/wp-json\/wp\/v2\/users\/8"}],"replies":[{"embeddable":true,"href":"https:\/\/nld.mirex.gob.do\/consular\/amsterdam\/wp-json\/wp\/v2\/comments?post=6286"}],"version-history":[{"count":0,"href":"https:\/\/nld.mirex.gob.do\/consular\/amsterdam\/wp-json\/wp\/v2\/posts\/6286\/revisions"}],"wp:featuredmedia":[{"embeddable":true,"href":"https:\/\/nld.mirex.gob.do\/consular\/amsterdam\/wp-json\/"}],"wp:attachment":[{"href":"https:\/\/nld.mirex.gob.do\/consular\/amsterdam\/wp-json\/wp\/v2\/media?parent=6286"}],"wp:term":[{"taxonomy":"category","embeddable":true,"href":"https:\/\/nld.mirex.gob.do\/consular\/amsterdam\/wp-json\/wp\/v2\/categories?post=6286"},{"taxonomy":"post_tag","embeddable":true,"href":"https:\/\/nld.mirex.gob.do\/consular\/amsterdam\/wp-json\/wp\/v2\/tags?post=6286"}],"curies":[{"name":"wp","href":"https:\/\/api.w.org\/{rel}","templated":true}]}}