{"id":6285,"date":"2015-07-04T12:12:52","date_gmt":"2015-07-04T12:12:52","guid":{"rendered":"https:\/\/www.consuladordholanda.com\/?p=2131"},"modified":"2015-07-04T12:12:52","modified_gmt":"2015-07-04T12:12:52","slug":"andres-navarro-se-reune-con-cancilleres-de-centroamerica-mexico-y-colombia-ademas-la-secretaria-general-del-sica-expone-realidad-del-plan-nacional-de-regularizacion-de-extranjeros","status":"publish","type":"post","link":"https:\/\/nld.mirex.gob.do\/consular\/amsterdam\/andres-navarro-se-reune-con-cancilleres-de-centroamerica-mexico-y-colombia-ademas-la-secretaria-general-del-sica-expone-realidad-del-plan-nacional-de-regularizacion-de-extranjeros\/","title":{"rendered":"Andr\u00e9s Navarro se re\u00fane con cancilleres de Centroam\u00e9rica, M\u00e9xico y Colombia, adem\u00e1s la secretaria general del SICA; Expone realidad del Plan Nacional de Regularizaci\u00f3n de Extranjeros"},"content":{"rendered":"<h1 class=\"post-title entry-title\">Andr\u00e9s Navarro se re\u00fane con cancilleres de Centroam\u00e9rica, M\u00e9xico y Colombia, adem\u00e1s la secretaria general del SICA; Expone realidad del Plan Nacional de Regularizaci\u00f3n de Extranjeros<\/h1>\n<p><img fetchpriority=\"high\" decoding=\"async\" class=\"alignnone size-full wp-image-2132\" src=\"https:\/\/www.consuladordholanda.com\/wp-content\/uploads\/2015\/07\/SICA-GUATEMALA-1-900x500.jpg\" alt=\"SICA-GUATEMALA-1-900x500\" width=\"900\" height=\"500\" \/><\/p>\n<p>&nbsp;<\/p>\n<p>Guatemala, Antigua.-\u00a0El ministro de Relaciones Exteriores de la Rep\u00fablica Dominicana, arquitecto Andr\u00e9s Navarro, se reuni\u00f3 hoy con nueve cancilleres de Centroam\u00e9rica, M\u00e9xico y Colombia, as\u00ed como con la secretaria general del Sistema de Integraci\u00f3n Centroamericana (SICA), a quienes expuso en detalle los avances en t\u00e9rminos migratorios del Plan Nacional de Regularizaci\u00f3n de Extranjeros que ha lleva a cabo el gobierno del presidente Danilo Medina, apegado a las leyes dominicanas y con irrestricto apego al respeto de los derechos humanos.<\/p>\n<p>Durante el encuentro realizado en el Sal\u00f3n El Tenedor del Cerro de esta ciudad, previo a la celebraci\u00f3n de la XLV Cumbre Ordinaria de Jefes de Estado y de Gobierno del SICA, Navarro explic\u00f3 a sus hom\u00f3logos todo el proceso del plan, adem\u00e1s de las necesarias medidas sin precedentes que encamina el pa\u00eds en materia de regulaci\u00f3n de la migraci\u00f3n extranjera.<\/p>\n<p>\u201cEste plan, una valiosa iniciativa de nuestro presidente Danilo Medina que ha representado grandes sacrificios econ\u00f3micos para el pa\u00eds, con una inversi\u00f3n de m\u00e1s de Mil 700 millones de pesos, marcha con gran \u00e9xito, lo que ha permitido que m\u00e1s de 288 mil personas con situaci\u00f3n migratoria irregular se hayan podido registrar para fines de obtenci\u00f3n de sus documentos, en el marco de un inquebrantable respeto a los derechos humanos\u201d, subray\u00f3 Navarro.<\/p>\n<p>El funcionario dominicano expuso la trascendencia alcanzada por el plan que se ejecut\u00f3 durante 18 meses a trav\u00e9s del Ministerio de Interior y Polic\u00eda, destinada a corregir situaciones migratorias de extranjeros que residen irregularmente en la Rep\u00fablica Dominicana.<\/p>\n<p>Destac\u00f3 que para garantizar la integridad del proceso y los derechos de todas las personas en materia de la regulaci\u00f3n migratoria, el jefe del Estado dominicano prohibi\u00f3 temporalmente las deportaciones de extranjeros para permitirles acogerse al plan cumpliendo con los requisitos establecidos por la propia ley.<\/p>\n<p>Declar\u00f3 que el gobierno ha puesto a disposici\u00f3n de los extranjeros en situaci\u00f3n irregular todas las facilidades log\u00edsticas gratuitas para su retorno voluntario a su pa\u00eds de origen, a trav\u00e9s de la Direcci\u00f3n General de Migraci\u00f3n, evitando as\u00ed que se les aplique las sanciones administrativas que dificultar\u00edan su entrada de nuevo al pa\u00eds con su debida documentaci\u00f3n.<\/p>\n<p>Por otra parte el Canciller Navarro aseguro que ning\u00fan dominicano de origen haitiano podr\u00eda ser sujeto de deportaci\u00f3n, como han afirmado algunas fuentes internacionales, una prueba concreta de eso es que la Junta Central Electoral ha ratificado la nacionalidad a unos 55 mil ciudadanos, y el derecho a la naturalizaci\u00f3n a m\u00e1s de 8 mil personas, gracias a la aplicaci\u00f3n de la ley 169-14 promulgada por el presidente Danilo Medina con el total apoyo del Congrego Nacional.<\/p>\n<p>Por otro lado se han tomado medidas para facilitar la condici\u00f3n migratoria de todos los estudiantes universitarios haitianos que cursan carreras profesionales en la Rep\u00fablica Dominicana, con lo cual se beneficiaran mas de 8 mil en la actualidad. Lo que es otra prueba concreta de que la pol\u00edtica migratoria dominicana actual ha creado mejores condiciones para garantizar los derechos humanos de todos las personas sin importar su origen ni su condici\u00f3n migratoria.<\/p>\n<p>Navarro enfatiz\u00f3 que el gobierno dominicano ha puesto en marcha una campa\u00f1a estrat\u00e9gica que busca explicar y mostrar la realidad del plan a la comunidad internacional, as\u00ed como los pasos que\u00a0 ha venido dando en materia de regulaci\u00f3n de la migraci\u00f3n extranjera.<\/p>\n<p>\u201cNosotros queremos que el mundo, a trav\u00e9s de ustedes que son los Cancilleres de sus respectivos pa\u00edses amigos, conozcan la verdad porque lamentablemente se ha estado publicando una serie de juicios de valor en contra de la Rep\u00fablica Dominicana que no parten de datos reales. Por esa raz\u00f3n estamos poniendo en sus manos los \u00e9xitos del Plan que ha permitido a cientos de miles de personas que estaban al margen de la ley, otorgarles un marco legal y jur\u00eddico con la regularizaci\u00f3n de su estatus migratorio\u201d, subray\u00f3 Navarro.<\/p>\n<p>El canciller Navarro hizo la exposici\u00f3n ante los cancilleres Carlos Ra\u00fal Morales, de Guatemala; Manuel Gonz\u00e1lez, de Costa Rica; Hugo Mart\u00ednez, de El Salvador, y Jos\u00e9 Antonio Meade, de M\u00e9xico.<\/p>\n<p>Asimismo, los vicecancilleres en funciones de cancilleres, Luis Miguel Hincapi\u00e9, de Panam\u00e1; Francisco Javier Echeverri Lara, de Colombia; Mar\u00eda Andrea Matamorros, de Honduras; Gilda Boigt, de Nicaragua y Alexis Rosado, de Belice, as\u00ed como de Marina Vel\u00e1squez de Avil\u00e9s, secretaria general del SICA.<\/p>\n<p>El canciller Navarro encabeza una delegaci\u00f3n gubernamental que recorre diferentes naciones\u00a0 del mundo para defender la imagen de la Rep\u00fablica Dominicana \u201ccon una presentaci\u00f3n clara sobre la realidad de la pol\u00edtica migratoria que llevamos a cabo, apegada a la ley, la soberan\u00eda nacional y al respeto a los derechos humanos\u201d.<\/p>\n<p>Fuente: <a href=\"http:\/\/www.mirex.gob.do\/index.php\/inicior\/474-andres-navarro-se-reune-con-cancilleres-de-centroamerica-mexico-y-colombia-ademas-la-secretaria-general-del-sica-expone-realidad-del-plan-nacional-de-regularizacion-de-extranjeros\">mirex.com.do<\/a><\/p>\n","protected":false},"excerpt":{"rendered":"<p>Andr\u00e9s Navarro se re\u00fane con cancilleres de Centroam\u00e9rica, M\u00e9xico y Colombia, adem\u00e1s la secretaria general del SICA; Expone realidad del Plan Nacional de Regularizaci\u00f3n de Extranjeros &nbsp; Guatemala, Antigua.-\u00a0El ministro de Relaciones Exteriores de la Rep\u00fablica Dominicana, arquitecto Andr\u00e9s Navarro, se reuni\u00f3 hoy con nueve cancilleres de Centroam\u00e9rica, M\u00e9xico y Colombia, as\u00ed como con la [&hellip;]<\/p>\n","protected":false},"author":8,"featured_media":2133,"comment_status":"closed","ping_status":"open","sticky":false,"template":"","format":"standard","meta":{"site-sidebar-layout":"default","site-content-layout":"","ast-site-content-layout":"default","site-content-style":"default","site-sidebar-style":"default","ast-global-header-display":"","ast-banner-title-visibility":"","ast-main-header-display":"","ast-hfb-above-header-display":"","ast-hfb-below-header-display":"","ast-hfb-mobile-header-display":"","site-post-title":"","ast-breadcrumbs-content":"","ast-featured-img":"","footer-sml-layout":"","ast-disable-related-posts":"","theme-transparent-header-meta":"","adv-header-id-meta":"","stick-header-meta":"","header-above-stick-meta":"","header-main-stick-meta":"","header-below-stick-meta":"","astra-migrate-meta-layouts":"default","ast-page-background-enabled":"default","ast-page-background-meta":{"desktop":{"background-color":"","background-image":"","background-repeat":"repeat","background-position":"center center","background-size":"auto","background-attachment":"scroll","background-type":"","background-media":"","overlay-type":"","overlay-color":"","overlay-opacity":"","overlay-gradient":""},"tablet":{"background-color":"","background-image":"","background-repeat":"repeat","background-position":"center center","background-size":"auto","background-attachment":"scroll","background-type":"","background-media":"","overlay-type":"","overlay-color":"","overlay-opacity":"","overlay-gradient":""},"mobile":{"background-color":"","background-image":"","background-repeat":"repeat","background-position":"center center","background-size":"auto","background-attachment":"scroll","background-type":"","background-media":"","overlay-type":"","overlay-color":"","overlay-opacity":"","overlay-gradient":""}},"ast-content-background-meta":{"desktop":{"background-color":"var(--ast-global-color-5)","background-image":"","background-repeat":"repeat","background-position":"center center","background-size":"auto","background-attachment":"scroll","background-type":"","background-media":"","overlay-type":"","overlay-color":"","overlay-opacity":"","overlay-gradient":""},"tablet":{"background-color":"var(--ast-global-color-5)","background-image":"","background-repeat":"repeat","background-position":"center center","background-size":"auto","background-attachment":"scroll","background-type":"","background-media":"","overlay-type":"","overlay-color":"","overlay-opacity":"","overlay-gradient":""},"mobile":{"background-color":"var(--ast-global-color-5)","background-image":"","background-repeat":"repeat","background-position":"center center","background-size":"auto","background-attachment":"scroll","background-type":"","background-media":"","overlay-type":"","overlay-color":"","overlay-opacity":"","overlay-gradient":""}},"footnotes":""},"categories":[292,66,294],"tags":[293],"class_list":["post-6285","post","type-post","status-publish","format-standard","has-post-thumbnail","hentry","category-inmigracion","category-novedades","category-plan-nacional-de-regularizacion-migratoria","tag-inmigracion"],"yoast_head":"<!-- This site is optimized with the Yoast SEO plugin v27.4 - https:\/\/yoast.com\/product\/yoast-seo-wordpress\/ -->\n<title>Andr\u00e9s Navarro se re\u00fane con cancilleres de Centroam\u00e9rica, M\u00e9xico y Colombia, adem\u00e1s la secretaria general del SICA; Expone realidad del Plan Nacional de Regularizaci\u00f3n de Extranjeros - Consulado General de la Rep\u00fablica Dominicana en La Haya, Reino de los Pa\u00edses Bajos<\/title>\n<meta name=\"description\" content=\"El ministro de Relaciones Exteriores de la Rep\u00fablica Dominicana, arquitecto Andr\u00e9s Navarro, se reuni\u00f3 hoy con nueve cancilleres de Centroam\u00e9rica, M\u00e9xico y Colombia, as\u00ed como con la secretaria general del Sistema de Integraci\u00f3n Centroamericana (SICA), a quienes expuso en detalle los avances en t\u00e9rminos migratorios del Plan Nacional de Regularizaci\u00f3n de Extranjeros que ha lleva a cabo el gobierno del presidente Danilo Medina, apegado a las leyes dominicanas y con irrestricto apego al respeto de los derechos humanos.\" \/>\n<meta name=\"robots\" content=\"index, follow, max-snippet:-1, max-image-preview:large, max-video-preview:-1\" \/>\n<link rel=\"canonical\" href=\"https:\/\/nld.mirex.gob.do\/consular\/amsterdam\/andres-navarro-se-reune-con-cancilleres-de-centroamerica-mexico-y-colombia-ademas-la-secretaria-general-del-sica-expone-realidad-del-plan-nacional-de-regularizacion-de-extranjeros\/\" \/>\n<meta property=\"og:locale\" content=\"en_US\" \/>\n<meta property=\"og:type\" content=\"article\" \/>\n<meta property=\"og:title\" content=\"Andr\u00e9s Navarro se re\u00fane con cancilleres de Centroam\u00e9rica, M\u00e9xico y Colombia, adem\u00e1s la secretaria general del SICA; Expone realidad del Plan Nacional de Regularizaci\u00f3n de Extranjeros - Consulado General de la Rep\u00fablica Dominicana en La Haya, Reino de los Pa\u00edses Bajos\" \/>\n<meta property=\"og:description\" content=\"El ministro de Relaciones Exteriores de la Rep\u00fablica Dominicana, arquitecto Andr\u00e9s Navarro, se reuni\u00f3 hoy con nueve cancilleres de Centroam\u00e9rica, M\u00e9xico y Colombia, as\u00ed como con la secretaria general del Sistema de Integraci\u00f3n Centroamericana (SICA), a quienes expuso en detalle los avances en t\u00e9rminos migratorios del Plan Nacional de Regularizaci\u00f3n de Extranjeros que ha lleva a cabo el gobierno del presidente Danilo Medina, apegado a las leyes dominicanas y con irrestricto apego al respeto de los derechos humanos.\" \/>\n<meta property=\"og:url\" content=\"https:\/\/nld.mirex.gob.do\/consular\/amsterdam\/andres-navarro-se-reune-con-cancilleres-de-centroamerica-mexico-y-colombia-ademas-la-secretaria-general-del-sica-expone-realidad-del-plan-nacional-de-regularizacion-de-extranjeros\/\" \/>\n<meta property=\"og:site_name\" content=\"Consulado General de la Rep\u00fablica Dominicana en La Haya, Reino de los Pa\u00edses Bajos\" \/>\n<meta property=\"article:published_time\" content=\"2015-07-04T12:12:52+00:00\" \/>\n<meta name=\"author\" content=\"Michael Antonio Melo Andujar\" \/>\n<meta name=\"twitter:card\" content=\"summary_large_image\" \/>\n<meta name=\"twitter:label1\" content=\"Written by\" \/>\n\t<meta name=\"twitter:data1\" content=\"Michael Antonio Melo Andujar\" \/>\n\t<meta name=\"twitter:label2\" content=\"Est. reading time\" \/>\n\t<meta name=\"twitter:data2\" content=\"4 minutes\" \/>\n<script type=\"application\/ld+json\" class=\"yoast-schema-graph\">{\"@context\":\"https:\\\/\\\/schema.org\",\"@graph\":[{\"@type\":\"Article\",\"@id\":\"https:\\\/\\\/nld.mirex.gob.do\\\/consular\\\/amsterdam\\\/andres-navarro-se-reune-con-cancilleres-de-centroamerica-mexico-y-colombia-ademas-la-secretaria-general-del-sica-expone-realidad-del-plan-nacional-de-regularizacion-de-extranjeros\\\/#article\",\"isPartOf\":{\"@id\":\"https:\\\/\\\/nld.mirex.gob.do\\\/consular\\\/amsterdam\\\/andres-navarro-se-reune-con-cancilleres-de-centroamerica-mexico-y-colombia-ademas-la-secretaria-general-del-sica-expone-realidad-del-plan-nacional-de-regularizacion-de-extranjeros\\\/\"},\"author\":{\"name\":\"Michael Antonio Melo Andujar\",\"@id\":\"https:\\\/\\\/nld.mirex.gob.do\\\/consular\\\/amsterdam\\\/#\\\/schema\\\/person\\\/772a9951ade6a7e4ab978b618b619ff8\"},\"headline\":\"Andr\u00e9s Navarro se re\u00fane con cancilleres de Centroam\u00e9rica, M\u00e9xico y Colombia, adem\u00e1s la secretaria general del SICA; Expone realidad del Plan Nacional de Regularizaci\u00f3n de Extranjeros\",\"datePublished\":\"2015-07-04T12:12:52+00:00\",\"mainEntityOfPage\":{\"@id\":\"https:\\\/\\\/nld.mirex.gob.do\\\/consular\\\/amsterdam\\\/andres-navarro-se-reune-con-cancilleres-de-centroamerica-mexico-y-colombia-ademas-la-secretaria-general-del-sica-expone-realidad-del-plan-nacional-de-regularizacion-de-extranjeros\\\/\"},\"wordCount\":888,\"publisher\":{\"@id\":\"https:\\\/\\\/nld.mirex.gob.do\\\/consular\\\/amsterdam\\\/#organization\"},\"image\":{\"@id\":\"https:\\\/\\\/nld.mirex.gob.do\\\/consular\\\/amsterdam\\\/andres-navarro-se-reune-con-cancilleres-de-centroamerica-mexico-y-colombia-ademas-la-secretaria-general-del-sica-expone-realidad-del-plan-nacional-de-regularizacion-de-extranjeros\\\/#primaryimage\"},\"thumbnailUrl\":\"\",\"keywords\":[\"Inmigraci\u00f3n\"],\"articleSection\":[\"Inmigraci\u00f3n\",\"Novedades\",\"Plan Nacional de Regularizaci\u00f3n Migratoria\"],\"inLanguage\":\"en-US\"},{\"@type\":\"WebPage\",\"@id\":\"https:\\\/\\\/nld.mirex.gob.do\\\/consular\\\/amsterdam\\\/andres-navarro-se-reune-con-cancilleres-de-centroamerica-mexico-y-colombia-ademas-la-secretaria-general-del-sica-expone-realidad-del-plan-nacional-de-regularizacion-de-extranjeros\\\/\",\"url\":\"https:\\\/\\\/nld.mirex.gob.do\\\/consular\\\/amsterdam\\\/andres-navarro-se-reune-con-cancilleres-de-centroamerica-mexico-y-colombia-ademas-la-secretaria-general-del-sica-expone-realidad-del-plan-nacional-de-regularizacion-de-extranjeros\\\/\",\"name\":\"Andr\u00e9s Navarro se re\u00fane con cancilleres de Centroam\u00e9rica, M\u00e9xico y Colombia, adem\u00e1s la secretaria general del SICA; Expone realidad del Plan Nacional de Regularizaci\u00f3n de Extranjeros - Consulado General de la Rep\u00fablica Dominicana en La Haya, Reino de los Pa\u00edses Bajos\",\"isPartOf\":{\"@id\":\"https:\\\/\\\/nld.mirex.gob.do\\\/consular\\\/amsterdam\\\/#website\"},\"primaryImageOfPage\":{\"@id\":\"https:\\\/\\\/nld.mirex.gob.do\\\/consular\\\/amsterdam\\\/andres-navarro-se-reune-con-cancilleres-de-centroamerica-mexico-y-colombia-ademas-la-secretaria-general-del-sica-expone-realidad-del-plan-nacional-de-regularizacion-de-extranjeros\\\/#primaryimage\"},\"image\":{\"@id\":\"https:\\\/\\\/nld.mirex.gob.do\\\/consular\\\/amsterdam\\\/andres-navarro-se-reune-con-cancilleres-de-centroamerica-mexico-y-colombia-ademas-la-secretaria-general-del-sica-expone-realidad-del-plan-nacional-de-regularizacion-de-extranjeros\\\/#primaryimage\"},\"thumbnailUrl\":\"\",\"datePublished\":\"2015-07-04T12:12:52+00:00\",\"description\":\"El ministro de Relaciones Exteriores de la Rep\u00fablica Dominicana, arquitecto Andr\u00e9s Navarro, se reuni\u00f3 hoy con nueve cancilleres de Centroam\u00e9rica, M\u00e9xico y Colombia, as\u00ed como con la secretaria general del Sistema de Integraci\u00f3n Centroamericana (SICA), a quienes expuso en detalle los avances en t\u00e9rminos migratorios del Plan Nacional de Regularizaci\u00f3n de Extranjeros que ha lleva a cabo el gobierno del presidente Danilo Medina, apegado a las leyes dominicanas y con irrestricto apego al respeto de los derechos humanos.\",\"breadcrumb\":{\"@id\":\"https:\\\/\\\/nld.mirex.gob.do\\\/consular\\\/amsterdam\\\/andres-navarro-se-reune-con-cancilleres-de-centroamerica-mexico-y-colombia-ademas-la-secretaria-general-del-sica-expone-realidad-del-plan-nacional-de-regularizacion-de-extranjeros\\\/#breadcrumb\"},\"inLanguage\":\"en-US\",\"potentialAction\":[{\"@type\":\"ReadAction\",\"target\":[\"https:\\\/\\\/nld.mirex.gob.do\\\/consular\\\/amsterdam\\\/andres-navarro-se-reune-con-cancilleres-de-centroamerica-mexico-y-colombia-ademas-la-secretaria-general-del-sica-expone-realidad-del-plan-nacional-de-regularizacion-de-extranjeros\\\/\"]}]},{\"@type\":\"ImageObject\",\"inLanguage\":\"en-US\",\"@id\":\"https:\\\/\\\/nld.mirex.gob.do\\\/consular\\\/amsterdam\\\/andres-navarro-se-reune-con-cancilleres-de-centroamerica-mexico-y-colombia-ademas-la-secretaria-general-del-sica-expone-realidad-del-plan-nacional-de-regularizacion-de-extranjeros\\\/#primaryimage\",\"url\":\"\",\"contentUrl\":\"\"},{\"@type\":\"BreadcrumbList\",\"@id\":\"https:\\\/\\\/nld.mirex.gob.do\\\/consular\\\/amsterdam\\\/andres-navarro-se-reune-con-cancilleres-de-centroamerica-mexico-y-colombia-ademas-la-secretaria-general-del-sica-expone-realidad-del-plan-nacional-de-regularizacion-de-extranjeros\\\/#breadcrumb\",\"itemListElement\":[{\"@type\":\"ListItem\",\"position\":1,\"name\":\"Inicio\",\"item\":\"https:\\\/\\\/nld.mirex.gob.do\\\/consular\\\/amsterdam\\\/\"},{\"@type\":\"ListItem\",\"position\":2,\"name\":\"Andr\u00e9s Navarro se re\u00fane con cancilleres de Centroam\u00e9rica, M\u00e9xico y Colombia, adem\u00e1s la secretaria general del SICA; Expone realidad del Plan Nacional de Regularizaci\u00f3n de Extranjeros\"}]},{\"@type\":\"WebSite\",\"@id\":\"https:\\\/\\\/nld.mirex.gob.do\\\/consular\\\/amsterdam\\\/#website\",\"url\":\"https:\\\/\\\/nld.mirex.gob.do\\\/consular\\\/amsterdam\\\/\",\"name\":\"Consulado General de la Rep\u00fablica Dominicana en La Haya, Reino de los Pa\u00edses Bajos\",\"description\":\"\",\"publisher\":{\"@id\":\"https:\\\/\\\/nld.mirex.gob.do\\\/consular\\\/amsterdam\\\/#organization\"},\"potentialAction\":[{\"@type\":\"SearchAction\",\"target\":{\"@type\":\"EntryPoint\",\"urlTemplate\":\"https:\\\/\\\/nld.mirex.gob.do\\\/consular\\\/amsterdam\\\/?s={search_term_string}\"},\"query-input\":{\"@type\":\"PropertyValueSpecification\",\"valueRequired\":true,\"valueName\":\"search_term_string\"}}],\"inLanguage\":\"en-US\"},{\"@type\":\"Organization\",\"@id\":\"https:\\\/\\\/nld.mirex.gob.do\\\/consular\\\/amsterdam\\\/#organization\",\"name\":\"Consulado General de la Rep\u00fablica Dominicana en La Haya, Reino de los Pa\u00edses Bajos\",\"url\":\"https:\\\/\\\/nld.mirex.gob.do\\\/consular\\\/amsterdam\\\/\",\"logo\":{\"@type\":\"ImageObject\",\"inLanguage\":\"en-US\",\"@id\":\"https:\\\/\\\/nld.mirex.gob.do\\\/consular\\\/amsterdam\\\/#\\\/schema\\\/logo\\\/image\\\/\",\"url\":\"https:\\\/\\\/nld.mirex.gob.do\\\/consular\\\/amsterdam\\\/wp-content\\\/uploads\\\/2024\\\/04\\\/cropped-consulado_la_haya_reinode_los_Paises_Bajos.jpg\",\"contentUrl\":\"https:\\\/\\\/nld.mirex.gob.do\\\/consular\\\/amsterdam\\\/wp-content\\\/uploads\\\/2024\\\/04\\\/cropped-consulado_la_haya_reinode_los_Paises_Bajos.jpg\",\"width\":999,\"height\":407,\"caption\":\"Consulado General de la Rep\u00fablica Dominicana en La Haya, Reino de los Pa\u00edses Bajos\"},\"image\":{\"@id\":\"https:\\\/\\\/nld.mirex.gob.do\\\/consular\\\/amsterdam\\\/#\\\/schema\\\/logo\\\/image\\\/\"}},{\"@type\":\"Person\",\"@id\":\"https:\\\/\\\/nld.mirex.gob.do\\\/consular\\\/amsterdam\\\/#\\\/schema\\\/person\\\/772a9951ade6a7e4ab978b618b619ff8\",\"name\":\"Michael Antonio Melo Andujar\",\"image\":{\"@type\":\"ImageObject\",\"inLanguage\":\"en-US\",\"@id\":\"https:\\\/\\\/secure.gravatar.com\\\/avatar\\\/f8862d24b6945a30d30c9727ef9dfcd533ee25a18a27afc92991446aeb0e652d?s=96&d=mm&r=g\",\"url\":\"https:\\\/\\\/secure.gravatar.com\\\/avatar\\\/f8862d24b6945a30d30c9727ef9dfcd533ee25a18a27afc92991446aeb0e652d?s=96&d=mm&r=g\",\"contentUrl\":\"https:\\\/\\\/secure.gravatar.com\\\/avatar\\\/f8862d24b6945a30d30c9727ef9dfcd533ee25a18a27afc92991446aeb0e652d?s=96&d=mm&r=g\",\"caption\":\"Michael Antonio Melo Andujar\"}}]}<\/script>\n<!-- \/ Yoast SEO plugin. -->","yoast_head_json":{"title":"Andr\u00e9s Navarro se re\u00fane con cancilleres de Centroam\u00e9rica, M\u00e9xico y Colombia, adem\u00e1s la secretaria general del SICA; Expone realidad del Plan Nacional de Regularizaci\u00f3n de Extranjeros - Consulado General de la Rep\u00fablica Dominicana en La Haya, Reino de los Pa\u00edses Bajos","description":"El ministro de Relaciones Exteriores de la Rep\u00fablica Dominicana, arquitecto Andr\u00e9s Navarro, se reuni\u00f3 hoy con nueve cancilleres de Centroam\u00e9rica, M\u00e9xico y Colombia, as\u00ed como con la secretaria general del Sistema de Integraci\u00f3n Centroamericana (SICA), a quienes expuso en detalle los avances en t\u00e9rminos migratorios del Plan Nacional de Regularizaci\u00f3n de Extranjeros que ha lleva a cabo el gobierno del presidente Danilo Medina, apegado a las leyes dominicanas y con irrestricto apego al respeto de los derechos humanos.","robots":{"index":"index","follow":"follow","max-snippet":"max-snippet:-1","max-image-preview":"max-image-preview:large","max-video-preview":"max-video-preview:-1"},"canonical":"https:\/\/nld.mirex.gob.do\/consular\/amsterdam\/andres-navarro-se-reune-con-cancilleres-de-centroamerica-mexico-y-colombia-ademas-la-secretaria-general-del-sica-expone-realidad-del-plan-nacional-de-regularizacion-de-extranjeros\/","og_locale":"en_US","og_type":"article","og_title":"Andr\u00e9s Navarro se re\u00fane con cancilleres de Centroam\u00e9rica, M\u00e9xico y Colombia, adem\u00e1s la secretaria general del SICA; Expone realidad del Plan Nacional de Regularizaci\u00f3n de Extranjeros - Consulado General de la Rep\u00fablica Dominicana en La Haya, Reino de los Pa\u00edses Bajos","og_description":"El ministro de Relaciones Exteriores de la Rep\u00fablica Dominicana, arquitecto Andr\u00e9s Navarro, se reuni\u00f3 hoy con nueve cancilleres de Centroam\u00e9rica, M\u00e9xico y Colombia, as\u00ed como con la secretaria general del Sistema de Integraci\u00f3n Centroamericana (SICA), a quienes expuso en detalle los avances en t\u00e9rminos migratorios del Plan Nacional de Regularizaci\u00f3n de Extranjeros que ha lleva a cabo el gobierno del presidente Danilo Medina, apegado a las leyes dominicanas y con irrestricto apego al respeto de los derechos humanos.","og_url":"https:\/\/nld.mirex.gob.do\/consular\/amsterdam\/andres-navarro-se-reune-con-cancilleres-de-centroamerica-mexico-y-colombia-ademas-la-secretaria-general-del-sica-expone-realidad-del-plan-nacional-de-regularizacion-de-extranjeros\/","og_site_name":"Consulado General de la Rep\u00fablica Dominicana en La Haya, Reino de los Pa\u00edses Bajos","article_published_time":"2015-07-04T12:12:52+00:00","author":"Michael Antonio Melo Andujar","twitter_card":"summary_large_image","twitter_misc":{"Written by":"Michael Antonio Melo Andujar","Est. reading time":"4 minutes"},"schema":{"@context":"https:\/\/schema.org","@graph":[{"@type":"Article","@id":"https:\/\/nld.mirex.gob.do\/consular\/amsterdam\/andres-navarro-se-reune-con-cancilleres-de-centroamerica-mexico-y-colombia-ademas-la-secretaria-general-del-sica-expone-realidad-del-plan-nacional-de-regularizacion-de-extranjeros\/#article","isPartOf":{"@id":"https:\/\/nld.mirex.gob.do\/consular\/amsterdam\/andres-navarro-se-reune-con-cancilleres-de-centroamerica-mexico-y-colombia-ademas-la-secretaria-general-del-sica-expone-realidad-del-plan-nacional-de-regularizacion-de-extranjeros\/"},"author":{"name":"Michael Antonio Melo Andujar","@id":"https:\/\/nld.mirex.gob.do\/consular\/amsterdam\/#\/schema\/person\/772a9951ade6a7e4ab978b618b619ff8"},"headline":"Andr\u00e9s Navarro se re\u00fane con cancilleres de Centroam\u00e9rica, M\u00e9xico y Colombia, adem\u00e1s la secretaria general del SICA; Expone realidad del Plan Nacional de Regularizaci\u00f3n de Extranjeros","datePublished":"2015-07-04T12:12:52+00:00","mainEntityOfPage":{"@id":"https:\/\/nld.mirex.gob.do\/consular\/amsterdam\/andres-navarro-se-reune-con-cancilleres-de-centroamerica-mexico-y-colombia-ademas-la-secretaria-general-del-sica-expone-realidad-del-plan-nacional-de-regularizacion-de-extranjeros\/"},"wordCount":888,"publisher":{"@id":"https:\/\/nld.mirex.gob.do\/consular\/amsterdam\/#organization"},"image":{"@id":"https:\/\/nld.mirex.gob.do\/consular\/amsterdam\/andres-navarro-se-reune-con-cancilleres-de-centroamerica-mexico-y-colombia-ademas-la-secretaria-general-del-sica-expone-realidad-del-plan-nacional-de-regularizacion-de-extranjeros\/#primaryimage"},"thumbnailUrl":"","keywords":["Inmigraci\u00f3n"],"articleSection":["Inmigraci\u00f3n","Novedades","Plan Nacional de Regularizaci\u00f3n Migratoria"],"inLanguage":"en-US"},{"@type":"WebPage","@id":"https:\/\/nld.mirex.gob.do\/consular\/amsterdam\/andres-navarro-se-reune-con-cancilleres-de-centroamerica-mexico-y-colombia-ademas-la-secretaria-general-del-sica-expone-realidad-del-plan-nacional-de-regularizacion-de-extranjeros\/","url":"https:\/\/nld.mirex.gob.do\/consular\/amsterdam\/andres-navarro-se-reune-con-cancilleres-de-centroamerica-mexico-y-colombia-ademas-la-secretaria-general-del-sica-expone-realidad-del-plan-nacional-de-regularizacion-de-extranjeros\/","name":"Andr\u00e9s Navarro se re\u00fane con cancilleres de Centroam\u00e9rica, M\u00e9xico y Colombia, adem\u00e1s la secretaria general del SICA; Expone realidad del Plan Nacional de Regularizaci\u00f3n de Extranjeros - Consulado General de la Rep\u00fablica Dominicana en La Haya, Reino de los Pa\u00edses Bajos","isPartOf":{"@id":"https:\/\/nld.mirex.gob.do\/consular\/amsterdam\/#website"},"primaryImageOfPage":{"@id":"https:\/\/nld.mirex.gob.do\/consular\/amsterdam\/andres-navarro-se-reune-con-cancilleres-de-centroamerica-mexico-y-colombia-ademas-la-secretaria-general-del-sica-expone-realidad-del-plan-nacional-de-regularizacion-de-extranjeros\/#primaryimage"},"image":{"@id":"https:\/\/nld.mirex.gob.do\/consular\/amsterdam\/andres-navarro-se-reune-con-cancilleres-de-centroamerica-mexico-y-colombia-ademas-la-secretaria-general-del-sica-expone-realidad-del-plan-nacional-de-regularizacion-de-extranjeros\/#primaryimage"},"thumbnailUrl":"","datePublished":"2015-07-04T12:12:52+00:00","description":"El ministro de Relaciones Exteriores de la Rep\u00fablica Dominicana, arquitecto Andr\u00e9s Navarro, se reuni\u00f3 hoy con nueve cancilleres de Centroam\u00e9rica, M\u00e9xico y Colombia, as\u00ed como con la secretaria general del Sistema de Integraci\u00f3n Centroamericana (SICA), a quienes expuso en detalle los avances en t\u00e9rminos migratorios del Plan Nacional de Regularizaci\u00f3n de Extranjeros que ha lleva a cabo el gobierno del presidente Danilo Medina, apegado a las leyes dominicanas y con irrestricto apego al respeto de los derechos humanos.","breadcrumb":{"@id":"https:\/\/nld.mirex.gob.do\/consular\/amsterdam\/andres-navarro-se-reune-con-cancilleres-de-centroamerica-mexico-y-colombia-ademas-la-secretaria-general-del-sica-expone-realidad-del-plan-nacional-de-regularizacion-de-extranjeros\/#breadcrumb"},"inLanguage":"en-US","potentialAction":[{"@type":"ReadAction","target":["https:\/\/nld.mirex.gob.do\/consular\/amsterdam\/andres-navarro-se-reune-con-cancilleres-de-centroamerica-mexico-y-colombia-ademas-la-secretaria-general-del-sica-expone-realidad-del-plan-nacional-de-regularizacion-de-extranjeros\/"]}]},{"@type":"ImageObject","inLanguage":"en-US","@id":"https:\/\/nld.mirex.gob.do\/consular\/amsterdam\/andres-navarro-se-reune-con-cancilleres-de-centroamerica-mexico-y-colombia-ademas-la-secretaria-general-del-sica-expone-realidad-del-plan-nacional-de-regularizacion-de-extranjeros\/#primaryimage","url":"","contentUrl":""},{"@type":"BreadcrumbList","@id":"https:\/\/nld.mirex.gob.do\/consular\/amsterdam\/andres-navarro-se-reune-con-cancilleres-de-centroamerica-mexico-y-colombia-ademas-la-secretaria-general-del-sica-expone-realidad-del-plan-nacional-de-regularizacion-de-extranjeros\/#breadcrumb","itemListElement":[{"@type":"ListItem","position":1,"name":"Inicio","item":"https:\/\/nld.mirex.gob.do\/consular\/amsterdam\/"},{"@type":"ListItem","position":2,"name":"Andr\u00e9s Navarro se re\u00fane con cancilleres de Centroam\u00e9rica, M\u00e9xico y Colombia, adem\u00e1s la secretaria general del SICA; Expone realidad del Plan Nacional de Regularizaci\u00f3n de Extranjeros"}]},{"@type":"WebSite","@id":"https:\/\/nld.mirex.gob.do\/consular\/amsterdam\/#website","url":"https:\/\/nld.mirex.gob.do\/consular\/amsterdam\/","name":"Consulado General de la Rep\u00fablica Dominicana en La Haya, Reino de los Pa\u00edses Bajos","description":"","publisher":{"@id":"https:\/\/nld.mirex.gob.do\/consular\/amsterdam\/#organization"},"potentialAction":[{"@type":"SearchAction","target":{"@type":"EntryPoint","urlTemplate":"https:\/\/nld.mirex.gob.do\/consular\/amsterdam\/?s={search_term_string}"},"query-input":{"@type":"PropertyValueSpecification","valueRequired":true,"valueName":"search_term_string"}}],"inLanguage":"en-US"},{"@type":"Organization","@id":"https:\/\/nld.mirex.gob.do\/consular\/amsterdam\/#organization","name":"Consulado General de la Rep\u00fablica Dominicana en La Haya, Reino de los Pa\u00edses Bajos","url":"https:\/\/nld.mirex.gob.do\/consular\/amsterdam\/","logo":{"@type":"ImageObject","inLanguage":"en-US","@id":"https:\/\/nld.mirex.gob.do\/consular\/amsterdam\/#\/schema\/logo\/image\/","url":"https:\/\/nld.mirex.gob.do\/consular\/amsterdam\/wp-content\/uploads\/2024\/04\/cropped-consulado_la_haya_reinode_los_Paises_Bajos.jpg","contentUrl":"https:\/\/nld.mirex.gob.do\/consular\/amsterdam\/wp-content\/uploads\/2024\/04\/cropped-consulado_la_haya_reinode_los_Paises_Bajos.jpg","width":999,"height":407,"caption":"Consulado General de la Rep\u00fablica Dominicana en La Haya, Reino de los Pa\u00edses Bajos"},"image":{"@id":"https:\/\/nld.mirex.gob.do\/consular\/amsterdam\/#\/schema\/logo\/image\/"}},{"@type":"Person","@id":"https:\/\/nld.mirex.gob.do\/consular\/amsterdam\/#\/schema\/person\/772a9951ade6a7e4ab978b618b619ff8","name":"Michael Antonio Melo Andujar","image":{"@type":"ImageObject","inLanguage":"en-US","@id":"https:\/\/secure.gravatar.com\/avatar\/f8862d24b6945a30d30c9727ef9dfcd533ee25a18a27afc92991446aeb0e652d?s=96&d=mm&r=g","url":"https:\/\/secure.gravatar.com\/avatar\/f8862d24b6945a30d30c9727ef9dfcd533ee25a18a27afc92991446aeb0e652d?s=96&d=mm&r=g","contentUrl":"https:\/\/secure.gravatar.com\/avatar\/f8862d24b6945a30d30c9727ef9dfcd533ee25a18a27afc92991446aeb0e652d?s=96&d=mm&r=g","caption":"Michael Antonio Melo Andujar"}}]}},"_links":{"self":[{"href":"https:\/\/nld.mirex.gob.do\/consular\/amsterdam\/wp-json\/wp\/v2\/posts\/6285","targetHints":{"allow":["GET"]}}],"collection":[{"href":"https:\/\/nld.mirex.gob.do\/consular\/amsterdam\/wp-json\/wp\/v2\/posts"}],"about":[{"href":"https:\/\/nld.mirex.gob.do\/consular\/amsterdam\/wp-json\/wp\/v2\/types\/post"}],"author":[{"embeddable":true,"href":"https:\/\/nld.mirex.gob.do\/consular\/amsterdam\/wp-json\/wp\/v2\/users\/8"}],"replies":[{"embeddable":true,"href":"https:\/\/nld.mirex.gob.do\/consular\/amsterdam\/wp-json\/wp\/v2\/comments?post=6285"}],"version-history":[{"count":0,"href":"https:\/\/nld.mirex.gob.do\/consular\/amsterdam\/wp-json\/wp\/v2\/posts\/6285\/revisions"}],"wp:featuredmedia":[{"embeddable":true,"href":"https:\/\/nld.mirex.gob.do\/consular\/amsterdam\/wp-json\/"}],"wp:attachment":[{"href":"https:\/\/nld.mirex.gob.do\/consular\/amsterdam\/wp-json\/wp\/v2\/media?parent=6285"}],"wp:term":[{"taxonomy":"category","embeddable":true,"href":"https:\/\/nld.mirex.gob.do\/consular\/amsterdam\/wp-json\/wp\/v2\/categories?post=6285"},{"taxonomy":"post_tag","embeddable":true,"href":"https:\/\/nld.mirex.gob.do\/consular\/amsterdam\/wp-json\/wp\/v2\/tags?post=6285"}],"curies":[{"name":"wp","href":"https:\/\/api.w.org\/{rel}","templated":true}]}}