{"id":6284,"date":"2015-07-04T13:53:00","date_gmt":"2015-07-04T13:53:00","guid":{"rendered":"https:\/\/www.consuladordholanda.com\/?p=2121"},"modified":"2015-07-04T13:53:00","modified_gmt":"2015-07-04T13:53:00","slug":"cancilleria-continua-estrategia-mundial-de-comunicacion-de-los-resultados-de-la-politica-migratoria-del-gobierno-dominicano","status":"publish","type":"post","link":"https:\/\/nld.mirex.gob.do\/consular\/amsterdam\/cancilleria-continua-estrategia-mundial-de-comunicacion-de-los-resultados-de-la-politica-migratoria-del-gobierno-dominicano\/","title":{"rendered":"Canciller\u00eda contin\u00faa estrategia mundial de comunicaci\u00f3n de los resultados de la pol\u00edtica migratoria del gobierno dominicano"},"content":{"rendered":"<h1>Canciller\u00eda contin\u00faa estrategia mundial de comunicaci\u00f3n de los resultados de la pol\u00edtica migratoria del gobierno dominicano<\/h1>\n<p><img fetchpriority=\"high\" decoding=\"async\" class=\"alignnone size-full wp-image-2122\" src=\"https:\/\/www.consuladordholanda.com\/wp-content\/uploads\/2015\/07\/NAVARRO-EMBAJADORES-1-900x500.jpg\" alt=\"NAVARRO-EMBAJADORES-1-900x500\" width=\"900\" height=\"500\" \/><\/p>\n<p>Ciudad de Panam\u00e1.- El Ministerio de Relaciones Exteriores de la Rep\u00fablica Dominicana contin\u00faa con su estrategia mundial de informaci\u00f3n y divulgaci\u00f3n de los resultados del Plan Nacional de Regularizaci\u00f3n de Extranjeros que encamina el gobierno del presidente Danilo Medina, apegado a las leyes dominicanas y con irrestricto apego al respeto de los derechos humanos, desarrollando un encuentro del canciller Andr\u00e9s Navarro con veinte embajadores dominicanos acreditados en Centroam\u00e9rica,\u00a0 Suram\u00e9rica, el Caribe, M\u00e9xico y Asia.<\/p>\n<p>Se trata de una serie de encuentros que desarrolla la Canciller\u00eda en cada naci\u00f3n donde la Rep\u00fablica Dominicana tiene representaci\u00f3n diplom\u00e1tica, con una l\u00ednea de acci\u00f3n dirigida a promover la realidad de\u00a0los avances en t\u00e9rminos migratorios del Plan Nacional de Regularizaci\u00f3n de Extranjeros, iniciativa que ha representado grandes sacrificios econ\u00f3micos para el pa\u00eds, con una inversi\u00f3n de m\u00e1s de Mil 700 millones de pesos, y que ha permitido que m\u00e1s de 300 mil personas con situaci\u00f3n migratoria irregular se hayan podido registrar para fines de obtenci\u00f3n de sus documentos.<\/p>\n<p>En la reuni\u00f3n, celebrada en el sal\u00f3n de conferencias de la embajada dominicana en Panam\u00e1, en la que participaron 20 embajadores dominicanos, el canciller Navarro destac\u00f3 que \u201cel pa\u00eds cuenta con un din\u00e1mico Servicio Exterior a nivel mundial para\u00a0 exponer la realidad de lo que ha estado ocurriendo en materia migratoria con el Plan Nacional de Regularizaci\u00f3n de Extranjeros, un esfuerzo sin precedente de nuestro presidente Danilo Medina para aplicar una pol\u00edtica migratoria clara, apegada a la ley y al respeto de los derechos humanos\u201d.<\/p>\n<p>El canciller Navarro instruy\u00f3 a los funcionarios dominicanos para que convoquen a todo el cuerpo diplom\u00e1tico acreditado en los pa\u00edses donde tienen sede, para que les presenten las informaciones reales y oficiales de la pol\u00edtica migratoria que desarrolla el gobierno del presidente Medina.<\/p>\n<p>\u201cEs un plan que ha permitido a miles de extranjeros irregulares registrarse con el fin de obtener su documentaci\u00f3n y regularizarse completamente gratis, pero sobretodo, en un marco del m\u00e1s inquebrantable respeto a los derechos humanos, por lo que les solicito hacer una ardua labor a fin de defender la imagen del pa\u00eds y que el mundo\u00a0conozca la verdad, porque lamentablemente se ha estado publicando una serie de juicios de valor en contra de la Rep\u00fablica Dominicana que no parten de datos reales\u201d, refiri\u00f3 Navarro.<\/p>\n<p>El ministro de Relaciones Exteriores encabez\u00f3 una comisi\u00f3n que integran, adem\u00e1s, el viceministro de la Presidencia, Luis Henry Molina; Washington Gonz\u00e1lez, viceministro de Interior y Polic\u00eda; el viceministro C\u00e9sar Dargam, encargado de Negociaciones Comerciales;\u00a0Fernando Ferr\u00e1n, director de An\u00e1lisis Estrat\u00e9gico y Miguel Medina, director de Comunicaciones de la Canciller\u00eda dominicana.<\/p>\n<p>Navarro hizo la exposici\u00f3n ante los embajadores C\u00e9sar Medina, Ciudad de Panam\u00e1, Panam\u00e1; Luis Arias N\u00fa\u00f1ez, acreditado en Buenos Aires, Argentina; Alejandro Arias, Brasilia, Brasil; Pablo Mari\u00f1ez \u00c1lvarez, Santiago de Chile, Chile; Briunny Garabito Segura, en Bogot\u00e1, Colombia; Octavio Lister, San Jos\u00e9 de Costa Rica; Joaqu\u00edn Ger\u00f3nimo, La Habana, Cuba; Reynaldo Lora, Quito, Ecuador y Fiordaliza Pichardo, Se\u00fal, Corea.<\/p>\n<p>Asimismo, los embajadores Jos\u00e9 Manuel Castillo Betances, San Salvador, El Salvador; Elic Fern\u00e1ndez Carrera, Ciudad de Guatemala, Guatemala; Jos\u00e9 Osvaldo Leger, Tegucigalpa, Honduras; Jos\u00e9 Tom\u00e1s Ares Germ\u00e1n, Kingston, Jamaica; Fernando P\u00e9rez Mem\u00e9n, Ciudad M\u00e9xico, M\u00e9xico; Luis Jos\u00e9 Gonz\u00e1lez S\u00e1nchez, Managua, Nicaragua; Marino Beriguete, Asunci\u00f3n, Paragua; Rafael Juli\u00e1n Cedano, Lima, Per\u00fa; Jos\u00e9 Serulle Ramia, Puerto Espa\u00f1a, Trinidad y Tobago; Daniel Guerrero Taveras, Montevideo, Uruguay, y Adonaida Medina Rodr\u00edguez, Caracas, Venezuela.<\/p>\n<p>Fuente: <a href=\"http:\/\/www.mirex.gob.do\/index.php\/inicior\/476-cancilleria-continua-estrategia-mundial-de-comunicacion-de-los-resultados-de-la-politica-migratoria-del-gobierno-dominicano\">mirex.gob.do<\/a><\/p>\n<p>&nbsp;<\/p>\n","protected":false},"excerpt":{"rendered":"<p>Canciller\u00eda contin\u00faa estrategia mundial de comunicaci\u00f3n de los resultados de la pol\u00edtica migratoria del gobierno dominicano Ciudad de Panam\u00e1.- El Ministerio de Relaciones Exteriores de la Rep\u00fablica Dominicana contin\u00faa con su estrategia mundial de informaci\u00f3n y divulgaci\u00f3n de los resultados del Plan Nacional de Regularizaci\u00f3n de Extranjeros que encamina el gobierno del presidente Danilo Medina, [&hellip;]<\/p>\n","protected":false},"author":8,"featured_media":2123,"comment_status":"closed","ping_status":"open","sticky":false,"template":"","format":"standard","meta":{"site-sidebar-layout":"default","site-content-layout":"","ast-site-content-layout":"default","site-content-style":"default","site-sidebar-style":"default","ast-global-header-display":"","ast-banner-title-visibility":"","ast-main-header-display":"","ast-hfb-above-header-display":"","ast-hfb-below-header-display":"","ast-hfb-mobile-header-display":"","site-post-title":"","ast-breadcrumbs-content":"","ast-featured-img":"","footer-sml-layout":"","ast-disable-related-posts":"","theme-transparent-header-meta":"","adv-header-id-meta":"","stick-header-meta":"","header-above-stick-meta":"","header-main-stick-meta":"","header-below-stick-meta":"","astra-migrate-meta-layouts":"default","ast-page-background-enabled":"default","ast-page-background-meta":{"desktop":{"background-color":"","background-image":"","background-repeat":"repeat","background-position":"center center","background-size":"auto","background-attachment":"scroll","background-type":"","background-media":"","overlay-type":"","overlay-color":"","overlay-opacity":"","overlay-gradient":""},"tablet":{"background-color":"","background-image":"","background-repeat":"repeat","background-position":"center center","background-size":"auto","background-attachment":"scroll","background-type":"","background-media":"","overlay-type":"","overlay-color":"","overlay-opacity":"","overlay-gradient":""},"mobile":{"background-color":"","background-image":"","background-repeat":"repeat","background-position":"center center","background-size":"auto","background-attachment":"scroll","background-type":"","background-media":"","overlay-type":"","overlay-color":"","overlay-opacity":"","overlay-gradient":""}},"ast-content-background-meta":{"desktop":{"background-color":"var(--ast-global-color-5)","background-image":"","background-repeat":"repeat","background-position":"center center","background-size":"auto","background-attachment":"scroll","background-type":"","background-media":"","overlay-type":"","overlay-color":"","overlay-opacity":"","overlay-gradient":""},"tablet":{"background-color":"var(--ast-global-color-5)","background-image":"","background-repeat":"repeat","background-position":"center center","background-size":"auto","background-attachment":"scroll","background-type":"","background-media":"","overlay-type":"","overlay-color":"","overlay-opacity":"","overlay-gradient":""},"mobile":{"background-color":"var(--ast-global-color-5)","background-image":"","background-repeat":"repeat","background-position":"center center","background-size":"auto","background-attachment":"scroll","background-type":"","background-media":"","overlay-type":"","overlay-color":"","overlay-opacity":"","overlay-gradient":""}},"footnotes":""},"categories":[292,66,294],"tags":[288,272,293],"class_list":["post-6284","post","type-post","status-publish","format-standard","has-post-thumbnail","hentry","category-inmigracion","category-novedades","category-plan-nacional-de-regularizacion-migratoria","tag-canciller","tag-embajadas","tag-inmigracion"],"yoast_head":"<!-- This site is optimized with the Yoast SEO plugin v27.4 - https:\/\/yoast.com\/product\/yoast-seo-wordpress\/ -->\n<title>Canciller\u00eda contin\u00faa estrategia mundial de comunicaci\u00f3n de los resultados de la pol\u00edtica migratoria del gobierno dominicano - Consulado General de la Rep\u00fablica Dominicana en La Haya, Reino de los Pa\u00edses Bajos<\/title>\n<meta name=\"description\" content=\"El Ministerio de Relaciones Exteriores de la Rep\u00fablica Dominicana contin\u00faa con su estrategia mundial de informaci\u00f3n y divulgaci\u00f3n de los resultados del Plan Nacional de Regularizaci\u00f3n de Extranjeros que encamina el gobierno del presidente Danilo Medina, apegado a las leyes dominicanas y con irrestricto apego al respeto de los derechos humanos, desarrollando un encuentro del canciller Andr\u00e9s Navarro con veinte embajadores dominicanos acreditados en Centroam\u00e9rica, Suram\u00e9rica, el Caribe, M\u00e9xico y Asia.\" \/>\n<meta name=\"robots\" content=\"index, follow, max-snippet:-1, max-image-preview:large, max-video-preview:-1\" \/>\n<link rel=\"canonical\" href=\"https:\/\/nld.mirex.gob.do\/consular\/amsterdam\/cancilleria-continua-estrategia-mundial-de-comunicacion-de-los-resultados-de-la-politica-migratoria-del-gobierno-dominicano\/\" \/>\n<meta property=\"og:locale\" content=\"en_US\" \/>\n<meta property=\"og:type\" content=\"article\" \/>\n<meta property=\"og:title\" content=\"Canciller\u00eda contin\u00faa estrategia mundial de comunicaci\u00f3n de los resultados de la pol\u00edtica migratoria del gobierno dominicano - Consulado General de la Rep\u00fablica Dominicana en La Haya, Reino de los Pa\u00edses Bajos\" \/>\n<meta property=\"og:description\" content=\"El Ministerio de Relaciones Exteriores de la Rep\u00fablica Dominicana contin\u00faa con su estrategia mundial de informaci\u00f3n y divulgaci\u00f3n de los resultados del Plan Nacional de Regularizaci\u00f3n de Extranjeros que encamina el gobierno del presidente Danilo Medina, apegado a las leyes dominicanas y con irrestricto apego al respeto de los derechos humanos, desarrollando un encuentro del canciller Andr\u00e9s Navarro con veinte embajadores dominicanos acreditados en Centroam\u00e9rica, Suram\u00e9rica, el Caribe, M\u00e9xico y Asia.\" \/>\n<meta property=\"og:url\" content=\"https:\/\/nld.mirex.gob.do\/consular\/amsterdam\/cancilleria-continua-estrategia-mundial-de-comunicacion-de-los-resultados-de-la-politica-migratoria-del-gobierno-dominicano\/\" \/>\n<meta property=\"og:site_name\" content=\"Consulado General de la Rep\u00fablica Dominicana en La Haya, Reino de los Pa\u00edses Bajos\" \/>\n<meta property=\"article:published_time\" content=\"2015-07-04T13:53:00+00:00\" \/>\n<meta name=\"author\" content=\"Michael Antonio Melo Andujar\" \/>\n<meta name=\"twitter:card\" content=\"summary_large_image\" \/>\n<meta name=\"twitter:label1\" content=\"Written by\" \/>\n\t<meta name=\"twitter:data1\" content=\"Michael Antonio Melo Andujar\" \/>\n\t<meta name=\"twitter:label2\" content=\"Est. reading time\" \/>\n\t<meta name=\"twitter:data2\" content=\"3 minutes\" \/>\n<script type=\"application\/ld+json\" class=\"yoast-schema-graph\">{\"@context\":\"https:\\\/\\\/schema.org\",\"@graph\":[{\"@type\":\"Article\",\"@id\":\"https:\\\/\\\/nld.mirex.gob.do\\\/consular\\\/amsterdam\\\/cancilleria-continua-estrategia-mundial-de-comunicacion-de-los-resultados-de-la-politica-migratoria-del-gobierno-dominicano\\\/#article\",\"isPartOf\":{\"@id\":\"https:\\\/\\\/nld.mirex.gob.do\\\/consular\\\/amsterdam\\\/cancilleria-continua-estrategia-mundial-de-comunicacion-de-los-resultados-de-la-politica-migratoria-del-gobierno-dominicano\\\/\"},\"author\":{\"name\":\"Michael Antonio Melo Andujar\",\"@id\":\"https:\\\/\\\/nld.mirex.gob.do\\\/consular\\\/amsterdam\\\/#\\\/schema\\\/person\\\/772a9951ade6a7e4ab978b618b619ff8\"},\"headline\":\"Canciller\u00eda contin\u00faa estrategia mundial de comunicaci\u00f3n de los resultados de la pol\u00edtica migratoria del gobierno dominicano\",\"datePublished\":\"2015-07-04T13:53:00+00:00\",\"mainEntityOfPage\":{\"@id\":\"https:\\\/\\\/nld.mirex.gob.do\\\/consular\\\/amsterdam\\\/cancilleria-continua-estrategia-mundial-de-comunicacion-de-los-resultados-de-la-politica-migratoria-del-gobierno-dominicano\\\/\"},\"wordCount\":666,\"publisher\":{\"@id\":\"https:\\\/\\\/nld.mirex.gob.do\\\/consular\\\/amsterdam\\\/#organization\"},\"image\":{\"@id\":\"https:\\\/\\\/nld.mirex.gob.do\\\/consular\\\/amsterdam\\\/cancilleria-continua-estrategia-mundial-de-comunicacion-de-los-resultados-de-la-politica-migratoria-del-gobierno-dominicano\\\/#primaryimage\"},\"thumbnailUrl\":\"\",\"keywords\":[\"Canciller\",\"Embajadas\",\"Inmigraci\u00f3n\"],\"articleSection\":[\"Inmigraci\u00f3n\",\"Novedades\",\"Plan Nacional de Regularizaci\u00f3n Migratoria\"],\"inLanguage\":\"en-US\"},{\"@type\":\"WebPage\",\"@id\":\"https:\\\/\\\/nld.mirex.gob.do\\\/consular\\\/amsterdam\\\/cancilleria-continua-estrategia-mundial-de-comunicacion-de-los-resultados-de-la-politica-migratoria-del-gobierno-dominicano\\\/\",\"url\":\"https:\\\/\\\/nld.mirex.gob.do\\\/consular\\\/amsterdam\\\/cancilleria-continua-estrategia-mundial-de-comunicacion-de-los-resultados-de-la-politica-migratoria-del-gobierno-dominicano\\\/\",\"name\":\"Canciller\u00eda contin\u00faa estrategia mundial de comunicaci\u00f3n de los resultados de la pol\u00edtica migratoria del gobierno dominicano - Consulado General de la Rep\u00fablica Dominicana en La Haya, Reino de los Pa\u00edses Bajos\",\"isPartOf\":{\"@id\":\"https:\\\/\\\/nld.mirex.gob.do\\\/consular\\\/amsterdam\\\/#website\"},\"primaryImageOfPage\":{\"@id\":\"https:\\\/\\\/nld.mirex.gob.do\\\/consular\\\/amsterdam\\\/cancilleria-continua-estrategia-mundial-de-comunicacion-de-los-resultados-de-la-politica-migratoria-del-gobierno-dominicano\\\/#primaryimage\"},\"image\":{\"@id\":\"https:\\\/\\\/nld.mirex.gob.do\\\/consular\\\/amsterdam\\\/cancilleria-continua-estrategia-mundial-de-comunicacion-de-los-resultados-de-la-politica-migratoria-del-gobierno-dominicano\\\/#primaryimage\"},\"thumbnailUrl\":\"\",\"datePublished\":\"2015-07-04T13:53:00+00:00\",\"description\":\"El Ministerio de Relaciones Exteriores de la Rep\u00fablica Dominicana contin\u00faa con su estrategia mundial de informaci\u00f3n y divulgaci\u00f3n de los resultados del Plan Nacional de Regularizaci\u00f3n de Extranjeros que encamina el gobierno del presidente Danilo Medina, apegado a las leyes dominicanas y con irrestricto apego al respeto de los derechos humanos, desarrollando un encuentro del canciller Andr\u00e9s Navarro con veinte embajadores dominicanos acreditados en Centroam\u00e9rica, Suram\u00e9rica, el Caribe, M\u00e9xico y Asia.\",\"breadcrumb\":{\"@id\":\"https:\\\/\\\/nld.mirex.gob.do\\\/consular\\\/amsterdam\\\/cancilleria-continua-estrategia-mundial-de-comunicacion-de-los-resultados-de-la-politica-migratoria-del-gobierno-dominicano\\\/#breadcrumb\"},\"inLanguage\":\"en-US\",\"potentialAction\":[{\"@type\":\"ReadAction\",\"target\":[\"https:\\\/\\\/nld.mirex.gob.do\\\/consular\\\/amsterdam\\\/cancilleria-continua-estrategia-mundial-de-comunicacion-de-los-resultados-de-la-politica-migratoria-del-gobierno-dominicano\\\/\"]}]},{\"@type\":\"ImageObject\",\"inLanguage\":\"en-US\",\"@id\":\"https:\\\/\\\/nld.mirex.gob.do\\\/consular\\\/amsterdam\\\/cancilleria-continua-estrategia-mundial-de-comunicacion-de-los-resultados-de-la-politica-migratoria-del-gobierno-dominicano\\\/#primaryimage\",\"url\":\"\",\"contentUrl\":\"\"},{\"@type\":\"BreadcrumbList\",\"@id\":\"https:\\\/\\\/nld.mirex.gob.do\\\/consular\\\/amsterdam\\\/cancilleria-continua-estrategia-mundial-de-comunicacion-de-los-resultados-de-la-politica-migratoria-del-gobierno-dominicano\\\/#breadcrumb\",\"itemListElement\":[{\"@type\":\"ListItem\",\"position\":1,\"name\":\"Inicio\",\"item\":\"https:\\\/\\\/nld.mirex.gob.do\\\/consular\\\/amsterdam\\\/\"},{\"@type\":\"ListItem\",\"position\":2,\"name\":\"Canciller\u00eda contin\u00faa estrategia mundial de comunicaci\u00f3n de los resultados de la pol\u00edtica migratoria del gobierno dominicano\"}]},{\"@type\":\"WebSite\",\"@id\":\"https:\\\/\\\/nld.mirex.gob.do\\\/consular\\\/amsterdam\\\/#website\",\"url\":\"https:\\\/\\\/nld.mirex.gob.do\\\/consular\\\/amsterdam\\\/\",\"name\":\"Consulado General de la Rep\u00fablica Dominicana en La Haya, Reino de los Pa\u00edses Bajos\",\"description\":\"\",\"publisher\":{\"@id\":\"https:\\\/\\\/nld.mirex.gob.do\\\/consular\\\/amsterdam\\\/#organization\"},\"potentialAction\":[{\"@type\":\"SearchAction\",\"target\":{\"@type\":\"EntryPoint\",\"urlTemplate\":\"https:\\\/\\\/nld.mirex.gob.do\\\/consular\\\/amsterdam\\\/?s={search_term_string}\"},\"query-input\":{\"@type\":\"PropertyValueSpecification\",\"valueRequired\":true,\"valueName\":\"search_term_string\"}}],\"inLanguage\":\"en-US\"},{\"@type\":\"Organization\",\"@id\":\"https:\\\/\\\/nld.mirex.gob.do\\\/consular\\\/amsterdam\\\/#organization\",\"name\":\"Consulado General de la Rep\u00fablica Dominicana en La Haya, Reino de los Pa\u00edses Bajos\",\"url\":\"https:\\\/\\\/nld.mirex.gob.do\\\/consular\\\/amsterdam\\\/\",\"logo\":{\"@type\":\"ImageObject\",\"inLanguage\":\"en-US\",\"@id\":\"https:\\\/\\\/nld.mirex.gob.do\\\/consular\\\/amsterdam\\\/#\\\/schema\\\/logo\\\/image\\\/\",\"url\":\"https:\\\/\\\/nld.mirex.gob.do\\\/consular\\\/amsterdam\\\/wp-content\\\/uploads\\\/2024\\\/04\\\/cropped-consulado_la_haya_reinode_los_Paises_Bajos.jpg\",\"contentUrl\":\"https:\\\/\\\/nld.mirex.gob.do\\\/consular\\\/amsterdam\\\/wp-content\\\/uploads\\\/2024\\\/04\\\/cropped-consulado_la_haya_reinode_los_Paises_Bajos.jpg\",\"width\":999,\"height\":407,\"caption\":\"Consulado General de la Rep\u00fablica Dominicana en La Haya, Reino de los Pa\u00edses Bajos\"},\"image\":{\"@id\":\"https:\\\/\\\/nld.mirex.gob.do\\\/consular\\\/amsterdam\\\/#\\\/schema\\\/logo\\\/image\\\/\"}},{\"@type\":\"Person\",\"@id\":\"https:\\\/\\\/nld.mirex.gob.do\\\/consular\\\/amsterdam\\\/#\\\/schema\\\/person\\\/772a9951ade6a7e4ab978b618b619ff8\",\"name\":\"Michael Antonio Melo Andujar\",\"image\":{\"@type\":\"ImageObject\",\"inLanguage\":\"en-US\",\"@id\":\"https:\\\/\\\/secure.gravatar.com\\\/avatar\\\/f8862d24b6945a30d30c9727ef9dfcd533ee25a18a27afc92991446aeb0e652d?s=96&d=mm&r=g\",\"url\":\"https:\\\/\\\/secure.gravatar.com\\\/avatar\\\/f8862d24b6945a30d30c9727ef9dfcd533ee25a18a27afc92991446aeb0e652d?s=96&d=mm&r=g\",\"contentUrl\":\"https:\\\/\\\/secure.gravatar.com\\\/avatar\\\/f8862d24b6945a30d30c9727ef9dfcd533ee25a18a27afc92991446aeb0e652d?s=96&d=mm&r=g\",\"caption\":\"Michael Antonio Melo Andujar\"}}]}<\/script>\n<!-- \/ Yoast SEO plugin. -->","yoast_head_json":{"title":"Canciller\u00eda contin\u00faa estrategia mundial de comunicaci\u00f3n de los resultados de la pol\u00edtica migratoria del gobierno dominicano - Consulado General de la Rep\u00fablica Dominicana en La Haya, Reino de los Pa\u00edses Bajos","description":"El Ministerio de Relaciones Exteriores de la Rep\u00fablica Dominicana contin\u00faa con su estrategia mundial de informaci\u00f3n y divulgaci\u00f3n de los resultados del Plan Nacional de Regularizaci\u00f3n de Extranjeros que encamina el gobierno del presidente Danilo Medina, apegado a las leyes dominicanas y con irrestricto apego al respeto de los derechos humanos, desarrollando un encuentro del canciller Andr\u00e9s Navarro con veinte embajadores dominicanos acreditados en Centroam\u00e9rica, Suram\u00e9rica, el Caribe, M\u00e9xico y Asia.","robots":{"index":"index","follow":"follow","max-snippet":"max-snippet:-1","max-image-preview":"max-image-preview:large","max-video-preview":"max-video-preview:-1"},"canonical":"https:\/\/nld.mirex.gob.do\/consular\/amsterdam\/cancilleria-continua-estrategia-mundial-de-comunicacion-de-los-resultados-de-la-politica-migratoria-del-gobierno-dominicano\/","og_locale":"en_US","og_type":"article","og_title":"Canciller\u00eda contin\u00faa estrategia mundial de comunicaci\u00f3n de los resultados de la pol\u00edtica migratoria del gobierno dominicano - Consulado General de la Rep\u00fablica Dominicana en La Haya, Reino de los Pa\u00edses Bajos","og_description":"El Ministerio de Relaciones Exteriores de la Rep\u00fablica Dominicana contin\u00faa con su estrategia mundial de informaci\u00f3n y divulgaci\u00f3n de los resultados del Plan Nacional de Regularizaci\u00f3n de Extranjeros que encamina el gobierno del presidente Danilo Medina, apegado a las leyes dominicanas y con irrestricto apego al respeto de los derechos humanos, desarrollando un encuentro del canciller Andr\u00e9s Navarro con veinte embajadores dominicanos acreditados en Centroam\u00e9rica, Suram\u00e9rica, el Caribe, M\u00e9xico y Asia.","og_url":"https:\/\/nld.mirex.gob.do\/consular\/amsterdam\/cancilleria-continua-estrategia-mundial-de-comunicacion-de-los-resultados-de-la-politica-migratoria-del-gobierno-dominicano\/","og_site_name":"Consulado General de la Rep\u00fablica Dominicana en La Haya, Reino de los Pa\u00edses Bajos","article_published_time":"2015-07-04T13:53:00+00:00","author":"Michael Antonio Melo Andujar","twitter_card":"summary_large_image","twitter_misc":{"Written by":"Michael Antonio Melo Andujar","Est. reading time":"3 minutes"},"schema":{"@context":"https:\/\/schema.org","@graph":[{"@type":"Article","@id":"https:\/\/nld.mirex.gob.do\/consular\/amsterdam\/cancilleria-continua-estrategia-mundial-de-comunicacion-de-los-resultados-de-la-politica-migratoria-del-gobierno-dominicano\/#article","isPartOf":{"@id":"https:\/\/nld.mirex.gob.do\/consular\/amsterdam\/cancilleria-continua-estrategia-mundial-de-comunicacion-de-los-resultados-de-la-politica-migratoria-del-gobierno-dominicano\/"},"author":{"name":"Michael Antonio Melo Andujar","@id":"https:\/\/nld.mirex.gob.do\/consular\/amsterdam\/#\/schema\/person\/772a9951ade6a7e4ab978b618b619ff8"},"headline":"Canciller\u00eda contin\u00faa estrategia mundial de comunicaci\u00f3n de los resultados de la pol\u00edtica migratoria del gobierno dominicano","datePublished":"2015-07-04T13:53:00+00:00","mainEntityOfPage":{"@id":"https:\/\/nld.mirex.gob.do\/consular\/amsterdam\/cancilleria-continua-estrategia-mundial-de-comunicacion-de-los-resultados-de-la-politica-migratoria-del-gobierno-dominicano\/"},"wordCount":666,"publisher":{"@id":"https:\/\/nld.mirex.gob.do\/consular\/amsterdam\/#organization"},"image":{"@id":"https:\/\/nld.mirex.gob.do\/consular\/amsterdam\/cancilleria-continua-estrategia-mundial-de-comunicacion-de-los-resultados-de-la-politica-migratoria-del-gobierno-dominicano\/#primaryimage"},"thumbnailUrl":"","keywords":["Canciller","Embajadas","Inmigraci\u00f3n"],"articleSection":["Inmigraci\u00f3n","Novedades","Plan Nacional de Regularizaci\u00f3n Migratoria"],"inLanguage":"en-US"},{"@type":"WebPage","@id":"https:\/\/nld.mirex.gob.do\/consular\/amsterdam\/cancilleria-continua-estrategia-mundial-de-comunicacion-de-los-resultados-de-la-politica-migratoria-del-gobierno-dominicano\/","url":"https:\/\/nld.mirex.gob.do\/consular\/amsterdam\/cancilleria-continua-estrategia-mundial-de-comunicacion-de-los-resultados-de-la-politica-migratoria-del-gobierno-dominicano\/","name":"Canciller\u00eda contin\u00faa estrategia mundial de comunicaci\u00f3n de los resultados de la pol\u00edtica migratoria del gobierno dominicano - Consulado General de la Rep\u00fablica Dominicana en La Haya, Reino de los Pa\u00edses Bajos","isPartOf":{"@id":"https:\/\/nld.mirex.gob.do\/consular\/amsterdam\/#website"},"primaryImageOfPage":{"@id":"https:\/\/nld.mirex.gob.do\/consular\/amsterdam\/cancilleria-continua-estrategia-mundial-de-comunicacion-de-los-resultados-de-la-politica-migratoria-del-gobierno-dominicano\/#primaryimage"},"image":{"@id":"https:\/\/nld.mirex.gob.do\/consular\/amsterdam\/cancilleria-continua-estrategia-mundial-de-comunicacion-de-los-resultados-de-la-politica-migratoria-del-gobierno-dominicano\/#primaryimage"},"thumbnailUrl":"","datePublished":"2015-07-04T13:53:00+00:00","description":"El Ministerio de Relaciones Exteriores de la Rep\u00fablica Dominicana contin\u00faa con su estrategia mundial de informaci\u00f3n y divulgaci\u00f3n de los resultados del Plan Nacional de Regularizaci\u00f3n de Extranjeros que encamina el gobierno del presidente Danilo Medina, apegado a las leyes dominicanas y con irrestricto apego al respeto de los derechos humanos, desarrollando un encuentro del canciller Andr\u00e9s Navarro con veinte embajadores dominicanos acreditados en Centroam\u00e9rica, Suram\u00e9rica, el Caribe, M\u00e9xico y Asia.","breadcrumb":{"@id":"https:\/\/nld.mirex.gob.do\/consular\/amsterdam\/cancilleria-continua-estrategia-mundial-de-comunicacion-de-los-resultados-de-la-politica-migratoria-del-gobierno-dominicano\/#breadcrumb"},"inLanguage":"en-US","potentialAction":[{"@type":"ReadAction","target":["https:\/\/nld.mirex.gob.do\/consular\/amsterdam\/cancilleria-continua-estrategia-mundial-de-comunicacion-de-los-resultados-de-la-politica-migratoria-del-gobierno-dominicano\/"]}]},{"@type":"ImageObject","inLanguage":"en-US","@id":"https:\/\/nld.mirex.gob.do\/consular\/amsterdam\/cancilleria-continua-estrategia-mundial-de-comunicacion-de-los-resultados-de-la-politica-migratoria-del-gobierno-dominicano\/#primaryimage","url":"","contentUrl":""},{"@type":"BreadcrumbList","@id":"https:\/\/nld.mirex.gob.do\/consular\/amsterdam\/cancilleria-continua-estrategia-mundial-de-comunicacion-de-los-resultados-de-la-politica-migratoria-del-gobierno-dominicano\/#breadcrumb","itemListElement":[{"@type":"ListItem","position":1,"name":"Inicio","item":"https:\/\/nld.mirex.gob.do\/consular\/amsterdam\/"},{"@type":"ListItem","position":2,"name":"Canciller\u00eda contin\u00faa estrategia mundial de comunicaci\u00f3n de los resultados de la pol\u00edtica migratoria del gobierno dominicano"}]},{"@type":"WebSite","@id":"https:\/\/nld.mirex.gob.do\/consular\/amsterdam\/#website","url":"https:\/\/nld.mirex.gob.do\/consular\/amsterdam\/","name":"Consulado General de la Rep\u00fablica Dominicana en La Haya, Reino de los Pa\u00edses Bajos","description":"","publisher":{"@id":"https:\/\/nld.mirex.gob.do\/consular\/amsterdam\/#organization"},"potentialAction":[{"@type":"SearchAction","target":{"@type":"EntryPoint","urlTemplate":"https:\/\/nld.mirex.gob.do\/consular\/amsterdam\/?s={search_term_string}"},"query-input":{"@type":"PropertyValueSpecification","valueRequired":true,"valueName":"search_term_string"}}],"inLanguage":"en-US"},{"@type":"Organization","@id":"https:\/\/nld.mirex.gob.do\/consular\/amsterdam\/#organization","name":"Consulado General de la Rep\u00fablica Dominicana en La Haya, Reino de los Pa\u00edses Bajos","url":"https:\/\/nld.mirex.gob.do\/consular\/amsterdam\/","logo":{"@type":"ImageObject","inLanguage":"en-US","@id":"https:\/\/nld.mirex.gob.do\/consular\/amsterdam\/#\/schema\/logo\/image\/","url":"https:\/\/nld.mirex.gob.do\/consular\/amsterdam\/wp-content\/uploads\/2024\/04\/cropped-consulado_la_haya_reinode_los_Paises_Bajos.jpg","contentUrl":"https:\/\/nld.mirex.gob.do\/consular\/amsterdam\/wp-content\/uploads\/2024\/04\/cropped-consulado_la_haya_reinode_los_Paises_Bajos.jpg","width":999,"height":407,"caption":"Consulado General de la Rep\u00fablica Dominicana en La Haya, Reino de los Pa\u00edses Bajos"},"image":{"@id":"https:\/\/nld.mirex.gob.do\/consular\/amsterdam\/#\/schema\/logo\/image\/"}},{"@type":"Person","@id":"https:\/\/nld.mirex.gob.do\/consular\/amsterdam\/#\/schema\/person\/772a9951ade6a7e4ab978b618b619ff8","name":"Michael Antonio Melo Andujar","image":{"@type":"ImageObject","inLanguage":"en-US","@id":"https:\/\/secure.gravatar.com\/avatar\/f8862d24b6945a30d30c9727ef9dfcd533ee25a18a27afc92991446aeb0e652d?s=96&d=mm&r=g","url":"https:\/\/secure.gravatar.com\/avatar\/f8862d24b6945a30d30c9727ef9dfcd533ee25a18a27afc92991446aeb0e652d?s=96&d=mm&r=g","contentUrl":"https:\/\/secure.gravatar.com\/avatar\/f8862d24b6945a30d30c9727ef9dfcd533ee25a18a27afc92991446aeb0e652d?s=96&d=mm&r=g","caption":"Michael Antonio Melo Andujar"}}]}},"_links":{"self":[{"href":"https:\/\/nld.mirex.gob.do\/consular\/amsterdam\/wp-json\/wp\/v2\/posts\/6284","targetHints":{"allow":["GET"]}}],"collection":[{"href":"https:\/\/nld.mirex.gob.do\/consular\/amsterdam\/wp-json\/wp\/v2\/posts"}],"about":[{"href":"https:\/\/nld.mirex.gob.do\/consular\/amsterdam\/wp-json\/wp\/v2\/types\/post"}],"author":[{"embeddable":true,"href":"https:\/\/nld.mirex.gob.do\/consular\/amsterdam\/wp-json\/wp\/v2\/users\/8"}],"replies":[{"embeddable":true,"href":"https:\/\/nld.mirex.gob.do\/consular\/amsterdam\/wp-json\/wp\/v2\/comments?post=6284"}],"version-history":[{"count":0,"href":"https:\/\/nld.mirex.gob.do\/consular\/amsterdam\/wp-json\/wp\/v2\/posts\/6284\/revisions"}],"wp:featuredmedia":[{"embeddable":true,"href":"https:\/\/nld.mirex.gob.do\/consular\/amsterdam\/wp-json\/"}],"wp:attachment":[{"href":"https:\/\/nld.mirex.gob.do\/consular\/amsterdam\/wp-json\/wp\/v2\/media?parent=6284"}],"wp:term":[{"taxonomy":"category","embeddable":true,"href":"https:\/\/nld.mirex.gob.do\/consular\/amsterdam\/wp-json\/wp\/v2\/categories?post=6284"},{"taxonomy":"post_tag","embeddable":true,"href":"https:\/\/nld.mirex.gob.do\/consular\/amsterdam\/wp-json\/wp\/v2\/tags?post=6284"}],"curies":[{"name":"wp","href":"https:\/\/api.w.org\/{rel}","templated":true}]}}