{"id":6283,"date":"2015-07-04T13:42:33","date_gmt":"2015-07-04T13:42:33","guid":{"rendered":"https:\/\/www.consuladordholanda.com\/?p=2113"},"modified":"2015-07-04T13:42:33","modified_gmt":"2015-07-04T13:42:33","slug":"canciller-navarro-reune-24-embajadores-dominicanos-acreditados-en-europa-medio-oriente-y-africa-para-que-continuen-exponiendo-a-la-comunidad-internacional-la-politica-migratoria-de-republica-domini","status":"publish","type":"post","link":"https:\/\/nld.mirex.gob.do\/consular\/amsterdam\/canciller-navarro-reune-24-embajadores-dominicanos-acreditados-en-europa-medio-oriente-y-africa-para-que-continuen-exponiendo-a-la-comunidad-internacional-la-politica-migratoria-de-republica-domini\/","title":{"rendered":"Canciller Navarro re\u00fane 24 embajadores dominicanos acreditados en Europa, Medio Oriente y \u00c1frica"},"content":{"rendered":"<h1>Canciller Navarro re\u00fane 24 embajadores dominicanos acreditados en Europa, Medio Oriente y \u00c1frica para que contin\u00faen exponiendo a la comunidad internacional la pol\u00edtica migratoria de Rep\u00fablica Dominicana<\/h1>\n<figure id=\"attachment_2114\" aria-describedby=\"caption-attachment-2114\" style=\"width: 900px\" class=\"wp-caption alignnone\"><a href=\"https:\/\/www.consuladordholanda.com\/wp-content\/uploads\/2015\/07\/Canciller-Navarro-se-re\u00fane-con-24-embajadores-dominicanos-en-Europa.jpg\"><img fetchpriority=\"high\" decoding=\"async\" class=\"size-full wp-image-2114\" src=\"https:\/\/www.consuladordholanda.com\/wp-content\/uploads\/2015\/07\/Canciller-Navarro-se-re\u00fane-con-24-embajadores-dominicanos-en-Europa.jpg\" alt=\"Canciller Navarro re\u00fane 24 embajadores dominicanos acreditados en Europa, Medio Oriente y \u00c1frica para que contin\u00faen exponiendo a la comunidad internacional la pol\u00edtica migratoria de Rep\u00fablica  Dominicana\" width=\"900\" height=\"500\" \/><\/a><figcaption id=\"caption-attachment-2114\" class=\"wp-caption-text\">Canciller Navarro re\u00fane 24 embajadores dominicanos acreditados en Europa, Medio Oriente y \u00c1frica para que contin\u00faen exponiendo a la comunidad internacional la pol\u00edtica migratoria de Rep\u00fablica<br \/>Dominicana<\/figcaption><\/figure>\n<p>Ginebra, Suiza.- El ministro de Relaciones Exteriores de Rep\u00fablica Dominicana sostuvo una reuni\u00f3n de trabajo con 24 embajadores dominicanos acreditados en Europa, \u00c1frica y Medio Oriente, con lo que suman 48 los embajadores dominicanos acreditados en distintos pa\u00edses del mundo y organismos internacionales como la Organizaci\u00f3n de las Naciones Unidas y la Organizaci\u00f3n de Estados Americanos (OEA), que han sido dotado de la informaci\u00f3n real en el marco de la estrategia mundial de comunicaci\u00f3n y divulgaci\u00f3n de los resultados de la pol\u00edtica migratoria que encamina el gobierno del presidente Danilo Medina.<\/p>\n<p>Navarro plante\u00f3 a los 24 embajadores reunidos en Ginebra, la l\u00ednea de acci\u00f3n dirigida a promover la realidad de los avances alcanzados por el Plan Nacional de Regularizaci\u00f3n de Extranjeros, iniciativa que si bien ha costado enormes sacrificios econ\u00f3micos para el pa\u00eds, con una inversi\u00f3n que ronda los 1,700 millones de pesos, permitir\u00e1 otorgarles documentaci\u00f3n legal gratis a m\u00e1s de 288 mil extranjeros, en su mayor\u00eda haitianos.<\/p>\n<p>Ya antes, el canciller dominicano se hab\u00eda reunido con otros 20 embajadores dominicanos acreditados en Centroam\u00e9rica, Suram\u00e9rica, el Caribe, M\u00e9xico y Asia, en cada caso conmin\u00e1ndoles a defender el plan migratorio y enfrentar una campa\u00f1a internacional negativa contra la Rep\u00fablica Dominicana. Tambi\u00e9n esta semana se reuni\u00f3 con los embajadores dominicanos con sedes diplom\u00e1ticas en Washington, Estados Unidos, Canad\u00e1, la ONU y la OEA.<\/p>\n<p>En esta tercera reuni\u00f3n celebrada en el sal\u00f3n de conferencias de la ONU en esta naci\u00f3n europea, Navarro exhort\u00f3 a los diplom\u00e1ticos dominicanos que en cada escenario expongan la verdadera realidad migratoria de la Rep\u00fablica Dominicana y de la iniciativa sin precedente del presidente Medina con un plan nacional apegado a las leyes adjetivas, la Constituci\u00f3n, la soberan\u00eda nacional y el respeto de los derechos humanos. &#8220;Que cada quien haga su juicio sobre la Rep\u00fablica Dominicana, pero que lo haga sobre la base del conocimiento de nuestra realidad y lo que realmente estamos haciendo en nuestro pa\u00eds. Lo indignante es escuchar a sectores haciendo juicios sobre la base de la ignorancia, o sobre la base de intereses que a pesar del conocimiento lo llevan a hacer juicio de valor da\u00f1ino para nuestro pa\u00eds, debemos asegurarnos que aquellos que lo hacen por ignorancia dejen de hacerlo sobre la base del conocimiento\u201d, subray\u00f3 Navarro.<\/p>\n<p>El canciller dominicano encabeza una comisi\u00f3n gubernamental que integran, adem\u00e1s, Alejandra Liriano, viceministra para asunto de Pol\u00edtica Exterior; Lu\u00eds Henry Molina, viceministro de la Presidencia; Washington, Gonz\u00e1lez, viceministro de Interior y Polic\u00eda; Josu\u00e9 Fiallo, asesor del Poder Ejecutivo en materia de derechos humanos; Fernando Ferr\u00e1n, director de An\u00e1lisis Estrat\u00e9gico y Miguel Medina, director de Comunicaciones de la Canciller\u00eda Dominicana.<\/p>\n<p>Navarro habl\u00f3 ante los embajadores Homero Luis Hern\u00e1ndez S\u00e1nchez, representante ante la ONU en esta naci\u00f3n europea; Luis Manuel Piantini, representante ante la Organizaci\u00f3n Mundial del Comercio; Mario Arvelo Caama\u00f1o, representante ante la Organizaci\u00f3n Mundial para la Alimentaci\u00f3n (FAO) en Roma, Italia; Ram\u00f3n Qui\u00f1ones, embajador en Viena, Austria; Laura Faxas, embajadora ante la Oficina de las Naciones Unidas para la Educaci\u00f3n (UNESCO) en Par\u00eds, Francia; Rafael Calventi, embajador en Berl\u00edn, Alemania, An\u00edbal De Castro, embajador en Madrid, Espa\u00f1a; y Alejandro Gonz\u00e1lez Pons, embajador en Bruselas, B\u00e9lgica. Asimismo, Rosa Hern\u00e1ndez de Grull\u00f3n, embajadora en Par\u00eds, Francia; Mar\u00eda Gabriela Bonetti, embajadora en El Cairo, Egipto; embajador Guillermo Pina Contreras, embajador en La Haya, Reino de los Pa\u00edses Bajos; embajador Federico Alberto Cuello Camilo, embajador en Londres, Inglaterra; Clara Mart\u00ednez Thedy Safa, embajadora en Abu Dhabi, Emiratos \u00c1rabes Unidos; embajador Hans Dannenberg Castellanos, en Nueva Delhi, India; embajador Alexander De la Rosa, en Tel Aviv, Israel; embajador Francisco Caraballo, en Rabat, Marruecos; embajador Hugo Guilliani Cury, en Doha, Qatar; embajador Jorge Luis P\u00e9rez Alvarado, en Mosc\u00fa, Rusia; embajadora Marina Isabel C\u00e1ceres de Est\u00e9vez, en Estocolmo, Suecia, y el embajador Julio Sim\u00f3n Casta\u00f1os Zouain, en Berna, Suiza, y Rafaela Albuquerque, embajadora en Taiw\u00e1n.<\/p>\n<p>Fuente: <a href=\"http:\/\/mirex.gob.do\">mirex.gob.do<\/a><\/p>\n","protected":false},"excerpt":{"rendered":"<p>Canciller Navarro re\u00fane 24 embajadores dominicanos acreditados en Europa, Medio Oriente y \u00c1frica para que contin\u00faen exponiendo a la comunidad internacional la pol\u00edtica migratoria de Rep\u00fablica Dominicana Ginebra, Suiza.- El ministro de Relaciones Exteriores de Rep\u00fablica Dominicana sostuvo una reuni\u00f3n de trabajo con 24 embajadores dominicanos acreditados en Europa, \u00c1frica y Medio Oriente, con lo [&hellip;]<\/p>\n","protected":false},"author":8,"featured_media":2117,"comment_status":"closed","ping_status":"open","sticky":false,"template":"","format":"standard","meta":{"site-sidebar-layout":"default","site-content-layout":"","ast-site-content-layout":"default","site-content-style":"default","site-sidebar-style":"default","ast-global-header-display":"","ast-banner-title-visibility":"","ast-main-header-display":"","ast-hfb-above-header-display":"","ast-hfb-below-header-display":"","ast-hfb-mobile-header-display":"","site-post-title":"","ast-breadcrumbs-content":"","ast-featured-img":"","footer-sml-layout":"","ast-disable-related-posts":"","theme-transparent-header-meta":"","adv-header-id-meta":"","stick-header-meta":"","header-above-stick-meta":"","header-main-stick-meta":"","header-below-stick-meta":"","astra-migrate-meta-layouts":"default","ast-page-background-enabled":"default","ast-page-background-meta":{"desktop":{"background-color":"","background-image":"","background-repeat":"repeat","background-position":"center center","background-size":"auto","background-attachment":"scroll","background-type":"","background-media":"","overlay-type":"","overlay-color":"","overlay-opacity":"","overlay-gradient":""},"tablet":{"background-color":"","background-image":"","background-repeat":"repeat","background-position":"center center","background-size":"auto","background-attachment":"scroll","background-type":"","background-media":"","overlay-type":"","overlay-color":"","overlay-opacity":"","overlay-gradient":""},"mobile":{"background-color":"","background-image":"","background-repeat":"repeat","background-position":"center center","background-size":"auto","background-attachment":"scroll","background-type":"","background-media":"","overlay-type":"","overlay-color":"","overlay-opacity":"","overlay-gradient":""}},"ast-content-background-meta":{"desktop":{"background-color":"var(--ast-global-color-5)","background-image":"","background-repeat":"repeat","background-position":"center center","background-size":"auto","background-attachment":"scroll","background-type":"","background-media":"","overlay-type":"","overlay-color":"","overlay-opacity":"","overlay-gradient":""},"tablet":{"background-color":"var(--ast-global-color-5)","background-image":"","background-repeat":"repeat","background-position":"center center","background-size":"auto","background-attachment":"scroll","background-type":"","background-media":"","overlay-type":"","overlay-color":"","overlay-opacity":"","overlay-gradient":""},"mobile":{"background-color":"var(--ast-global-color-5)","background-image":"","background-repeat":"repeat","background-position":"center center","background-size":"auto","background-attachment":"scroll","background-type":"","background-media":"","overlay-type":"","overlay-color":"","overlay-opacity":"","overlay-gradient":""}},"footnotes":""},"categories":[292,66,294],"tags":[287,288,289,290,291,293],"class_list":["post-6283","post","type-post","status-publish","format-standard","has-post-thumbnail","hentry","category-inmigracion","category-novedades","category-plan-nacional-de-regularizacion-migratoria","tag-plan-nacional-de-regularizacion-migratoria","tag-canciller","tag-comunidad-internacional","tag-embajadores","tag-europa","tag-inmigracion"],"yoast_head":"<!-- This site is optimized with the Yoast SEO plugin v27.4 - https:\/\/yoast.com\/product\/yoast-seo-wordpress\/ -->\n<title>Canciller Navarro re\u00fane 24 embajadores dominicanos acreditados en Europa, Medio Oriente y \u00c1frica - Consulado General de la Rep\u00fablica Dominicana en La Haya, Reino de los Pa\u00edses Bajos<\/title>\n<meta name=\"robots\" content=\"index, follow, max-snippet:-1, max-image-preview:large, max-video-preview:-1\" \/>\n<link rel=\"canonical\" href=\"https:\/\/nld.mirex.gob.do\/consular\/amsterdam\/canciller-navarro-reune-24-embajadores-dominicanos-acreditados-en-europa-medio-oriente-y-africa-para-que-continuen-exponiendo-a-la-comunidad-internacional-la-politica-migratoria-de-republica-domini\/\" \/>\n<meta property=\"og:locale\" content=\"en_US\" \/>\n<meta property=\"og:type\" content=\"article\" \/>\n<meta property=\"og:title\" content=\"Canciller Navarro re\u00fane 24 embajadores dominicanos acreditados en Europa, Medio Oriente y \u00c1frica - Consulado General de la Rep\u00fablica Dominicana en La Haya, Reino de los Pa\u00edses Bajos\" \/>\n<meta property=\"og:description\" content=\"Canciller Navarro re\u00fane 24 embajadores dominicanos acreditados en Europa, Medio Oriente y \u00c1frica para que contin\u00faen exponiendo a la comunidad internacional la pol\u00edtica migratoria de Rep\u00fablica Dominicana Ginebra, Suiza.- El ministro de Relaciones Exteriores de Rep\u00fablica Dominicana sostuvo una reuni\u00f3n de trabajo con 24 embajadores dominicanos acreditados en Europa, \u00c1frica y Medio Oriente, con lo [&hellip;]\" \/>\n<meta property=\"og:url\" content=\"https:\/\/nld.mirex.gob.do\/consular\/amsterdam\/canciller-navarro-reune-24-embajadores-dominicanos-acreditados-en-europa-medio-oriente-y-africa-para-que-continuen-exponiendo-a-la-comunidad-internacional-la-politica-migratoria-de-republica-domini\/\" \/>\n<meta property=\"og:site_name\" content=\"Consulado General de la Rep\u00fablica Dominicana en La Haya, Reino de los Pa\u00edses Bajos\" \/>\n<meta property=\"article:published_time\" content=\"2015-07-04T13:42:33+00:00\" \/>\n<meta name=\"author\" content=\"Michael Antonio Melo Andujar\" \/>\n<meta name=\"twitter:card\" content=\"summary_large_image\" \/>\n<meta name=\"twitter:label1\" content=\"Written by\" \/>\n\t<meta name=\"twitter:data1\" content=\"Michael Antonio Melo Andujar\" \/>\n\t<meta name=\"twitter:label2\" content=\"Est. reading time\" \/>\n\t<meta name=\"twitter:data2\" content=\"4 minutes\" \/>\n<script type=\"application\/ld+json\" class=\"yoast-schema-graph\">{\"@context\":\"https:\\\/\\\/schema.org\",\"@graph\":[{\"@type\":\"Article\",\"@id\":\"https:\\\/\\\/nld.mirex.gob.do\\\/consular\\\/amsterdam\\\/canciller-navarro-reune-24-embajadores-dominicanos-acreditados-en-europa-medio-oriente-y-africa-para-que-continuen-exponiendo-a-la-comunidad-internacional-la-politica-migratoria-de-republica-domini\\\/#article\",\"isPartOf\":{\"@id\":\"https:\\\/\\\/nld.mirex.gob.do\\\/consular\\\/amsterdam\\\/canciller-navarro-reune-24-embajadores-dominicanos-acreditados-en-europa-medio-oriente-y-africa-para-que-continuen-exponiendo-a-la-comunidad-internacional-la-politica-migratoria-de-republica-domini\\\/\"},\"author\":{\"name\":\"Michael Antonio Melo Andujar\",\"@id\":\"https:\\\/\\\/nld.mirex.gob.do\\\/consular\\\/amsterdam\\\/#\\\/schema\\\/person\\\/772a9951ade6a7e4ab978b618b619ff8\"},\"headline\":\"Canciller Navarro re\u00fane 24 embajadores dominicanos acreditados en Europa, Medio Oriente y \u00c1frica\",\"datePublished\":\"2015-07-04T13:42:33+00:00\",\"mainEntityOfPage\":{\"@id\":\"https:\\\/\\\/nld.mirex.gob.do\\\/consular\\\/amsterdam\\\/canciller-navarro-reune-24-embajadores-dominicanos-acreditados-en-europa-medio-oriente-y-africa-para-que-continuen-exponiendo-a-la-comunidad-internacional-la-politica-migratoria-de-republica-domini\\\/\"},\"wordCount\":785,\"publisher\":{\"@id\":\"https:\\\/\\\/nld.mirex.gob.do\\\/consular\\\/amsterdam\\\/#organization\"},\"image\":{\"@id\":\"https:\\\/\\\/nld.mirex.gob.do\\\/consular\\\/amsterdam\\\/canciller-navarro-reune-24-embajadores-dominicanos-acreditados-en-europa-medio-oriente-y-africa-para-que-continuen-exponiendo-a-la-comunidad-internacional-la-politica-migratoria-de-republica-domini\\\/#primaryimage\"},\"thumbnailUrl\":\"\",\"keywords\":[\"\\\"Plan Nacional de Regularizaci\u00f3n Migratoria\\\"\",\"Canciller\",\"Comunidad internacional\",\"Embajadores\",\"Europa\",\"Inmigraci\u00f3n\"],\"articleSection\":[\"Inmigraci\u00f3n\",\"Novedades\",\"Plan Nacional de Regularizaci\u00f3n Migratoria\"],\"inLanguage\":\"en-US\"},{\"@type\":\"WebPage\",\"@id\":\"https:\\\/\\\/nld.mirex.gob.do\\\/consular\\\/amsterdam\\\/canciller-navarro-reune-24-embajadores-dominicanos-acreditados-en-europa-medio-oriente-y-africa-para-que-continuen-exponiendo-a-la-comunidad-internacional-la-politica-migratoria-de-republica-domini\\\/\",\"url\":\"https:\\\/\\\/nld.mirex.gob.do\\\/consular\\\/amsterdam\\\/canciller-navarro-reune-24-embajadores-dominicanos-acreditados-en-europa-medio-oriente-y-africa-para-que-continuen-exponiendo-a-la-comunidad-internacional-la-politica-migratoria-de-republica-domini\\\/\",\"name\":\"Canciller Navarro re\u00fane 24 embajadores dominicanos acreditados en Europa, Medio Oriente y \u00c1frica - Consulado General de la Rep\u00fablica Dominicana en La Haya, Reino de los Pa\u00edses Bajos\",\"isPartOf\":{\"@id\":\"https:\\\/\\\/nld.mirex.gob.do\\\/consular\\\/amsterdam\\\/#website\"},\"primaryImageOfPage\":{\"@id\":\"https:\\\/\\\/nld.mirex.gob.do\\\/consular\\\/amsterdam\\\/canciller-navarro-reune-24-embajadores-dominicanos-acreditados-en-europa-medio-oriente-y-africa-para-que-continuen-exponiendo-a-la-comunidad-internacional-la-politica-migratoria-de-republica-domini\\\/#primaryimage\"},\"image\":{\"@id\":\"https:\\\/\\\/nld.mirex.gob.do\\\/consular\\\/amsterdam\\\/canciller-navarro-reune-24-embajadores-dominicanos-acreditados-en-europa-medio-oriente-y-africa-para-que-continuen-exponiendo-a-la-comunidad-internacional-la-politica-migratoria-de-republica-domini\\\/#primaryimage\"},\"thumbnailUrl\":\"\",\"datePublished\":\"2015-07-04T13:42:33+00:00\",\"breadcrumb\":{\"@id\":\"https:\\\/\\\/nld.mirex.gob.do\\\/consular\\\/amsterdam\\\/canciller-navarro-reune-24-embajadores-dominicanos-acreditados-en-europa-medio-oriente-y-africa-para-que-continuen-exponiendo-a-la-comunidad-internacional-la-politica-migratoria-de-republica-domini\\\/#breadcrumb\"},\"inLanguage\":\"en-US\",\"potentialAction\":[{\"@type\":\"ReadAction\",\"target\":[\"https:\\\/\\\/nld.mirex.gob.do\\\/consular\\\/amsterdam\\\/canciller-navarro-reune-24-embajadores-dominicanos-acreditados-en-europa-medio-oriente-y-africa-para-que-continuen-exponiendo-a-la-comunidad-internacional-la-politica-migratoria-de-republica-domini\\\/\"]}]},{\"@type\":\"ImageObject\",\"inLanguage\":\"en-US\",\"@id\":\"https:\\\/\\\/nld.mirex.gob.do\\\/consular\\\/amsterdam\\\/canciller-navarro-reune-24-embajadores-dominicanos-acreditados-en-europa-medio-oriente-y-africa-para-que-continuen-exponiendo-a-la-comunidad-internacional-la-politica-migratoria-de-republica-domini\\\/#primaryimage\",\"url\":\"\",\"contentUrl\":\"\"},{\"@type\":\"BreadcrumbList\",\"@id\":\"https:\\\/\\\/nld.mirex.gob.do\\\/consular\\\/amsterdam\\\/canciller-navarro-reune-24-embajadores-dominicanos-acreditados-en-europa-medio-oriente-y-africa-para-que-continuen-exponiendo-a-la-comunidad-internacional-la-politica-migratoria-de-republica-domini\\\/#breadcrumb\",\"itemListElement\":[{\"@type\":\"ListItem\",\"position\":1,\"name\":\"Inicio\",\"item\":\"https:\\\/\\\/nld.mirex.gob.do\\\/consular\\\/amsterdam\\\/\"},{\"@type\":\"ListItem\",\"position\":2,\"name\":\"Canciller Navarro re\u00fane 24 embajadores dominicanos acreditados en Europa, Medio Oriente y \u00c1frica\"}]},{\"@type\":\"WebSite\",\"@id\":\"https:\\\/\\\/nld.mirex.gob.do\\\/consular\\\/amsterdam\\\/#website\",\"url\":\"https:\\\/\\\/nld.mirex.gob.do\\\/consular\\\/amsterdam\\\/\",\"name\":\"Consulado General de la Rep\u00fablica Dominicana en La Haya, Reino de los Pa\u00edses Bajos\",\"description\":\"\",\"publisher\":{\"@id\":\"https:\\\/\\\/nld.mirex.gob.do\\\/consular\\\/amsterdam\\\/#organization\"},\"potentialAction\":[{\"@type\":\"SearchAction\",\"target\":{\"@type\":\"EntryPoint\",\"urlTemplate\":\"https:\\\/\\\/nld.mirex.gob.do\\\/consular\\\/amsterdam\\\/?s={search_term_string}\"},\"query-input\":{\"@type\":\"PropertyValueSpecification\",\"valueRequired\":true,\"valueName\":\"search_term_string\"}}],\"inLanguage\":\"en-US\"},{\"@type\":\"Organization\",\"@id\":\"https:\\\/\\\/nld.mirex.gob.do\\\/consular\\\/amsterdam\\\/#organization\",\"name\":\"Consulado General de la Rep\u00fablica Dominicana en La Haya, Reino de los Pa\u00edses Bajos\",\"url\":\"https:\\\/\\\/nld.mirex.gob.do\\\/consular\\\/amsterdam\\\/\",\"logo\":{\"@type\":\"ImageObject\",\"inLanguage\":\"en-US\",\"@id\":\"https:\\\/\\\/nld.mirex.gob.do\\\/consular\\\/amsterdam\\\/#\\\/schema\\\/logo\\\/image\\\/\",\"url\":\"https:\\\/\\\/nld.mirex.gob.do\\\/consular\\\/amsterdam\\\/wp-content\\\/uploads\\\/2024\\\/04\\\/cropped-consulado_la_haya_reinode_los_Paises_Bajos.jpg\",\"contentUrl\":\"https:\\\/\\\/nld.mirex.gob.do\\\/consular\\\/amsterdam\\\/wp-content\\\/uploads\\\/2024\\\/04\\\/cropped-consulado_la_haya_reinode_los_Paises_Bajos.jpg\",\"width\":999,\"height\":407,\"caption\":\"Consulado General de la Rep\u00fablica Dominicana en La Haya, Reino de los Pa\u00edses Bajos\"},\"image\":{\"@id\":\"https:\\\/\\\/nld.mirex.gob.do\\\/consular\\\/amsterdam\\\/#\\\/schema\\\/logo\\\/image\\\/\"}},{\"@type\":\"Person\",\"@id\":\"https:\\\/\\\/nld.mirex.gob.do\\\/consular\\\/amsterdam\\\/#\\\/schema\\\/person\\\/772a9951ade6a7e4ab978b618b619ff8\",\"name\":\"Michael Antonio Melo Andujar\",\"image\":{\"@type\":\"ImageObject\",\"inLanguage\":\"en-US\",\"@id\":\"https:\\\/\\\/secure.gravatar.com\\\/avatar\\\/f8862d24b6945a30d30c9727ef9dfcd533ee25a18a27afc92991446aeb0e652d?s=96&d=mm&r=g\",\"url\":\"https:\\\/\\\/secure.gravatar.com\\\/avatar\\\/f8862d24b6945a30d30c9727ef9dfcd533ee25a18a27afc92991446aeb0e652d?s=96&d=mm&r=g\",\"contentUrl\":\"https:\\\/\\\/secure.gravatar.com\\\/avatar\\\/f8862d24b6945a30d30c9727ef9dfcd533ee25a18a27afc92991446aeb0e652d?s=96&d=mm&r=g\",\"caption\":\"Michael Antonio Melo Andujar\"}}]}<\/script>\n<!-- \/ Yoast SEO plugin. -->","yoast_head_json":{"title":"Canciller Navarro re\u00fane 24 embajadores dominicanos acreditados en Europa, Medio Oriente y \u00c1frica - Consulado General de la Rep\u00fablica Dominicana en La Haya, Reino de los Pa\u00edses Bajos","robots":{"index":"index","follow":"follow","max-snippet":"max-snippet:-1","max-image-preview":"max-image-preview:large","max-video-preview":"max-video-preview:-1"},"canonical":"https:\/\/nld.mirex.gob.do\/consular\/amsterdam\/canciller-navarro-reune-24-embajadores-dominicanos-acreditados-en-europa-medio-oriente-y-africa-para-que-continuen-exponiendo-a-la-comunidad-internacional-la-politica-migratoria-de-republica-domini\/","og_locale":"en_US","og_type":"article","og_title":"Canciller Navarro re\u00fane 24 embajadores dominicanos acreditados en Europa, Medio Oriente y \u00c1frica - Consulado General de la Rep\u00fablica Dominicana en La Haya, Reino de los Pa\u00edses Bajos","og_description":"Canciller Navarro re\u00fane 24 embajadores dominicanos acreditados en Europa, Medio Oriente y \u00c1frica para que contin\u00faen exponiendo a la comunidad internacional la pol\u00edtica migratoria de Rep\u00fablica Dominicana Ginebra, Suiza.- El ministro de Relaciones Exteriores de Rep\u00fablica Dominicana sostuvo una reuni\u00f3n de trabajo con 24 embajadores dominicanos acreditados en Europa, \u00c1frica y Medio Oriente, con lo [&hellip;]","og_url":"https:\/\/nld.mirex.gob.do\/consular\/amsterdam\/canciller-navarro-reune-24-embajadores-dominicanos-acreditados-en-europa-medio-oriente-y-africa-para-que-continuen-exponiendo-a-la-comunidad-internacional-la-politica-migratoria-de-republica-domini\/","og_site_name":"Consulado General de la Rep\u00fablica Dominicana en La Haya, Reino de los Pa\u00edses Bajos","article_published_time":"2015-07-04T13:42:33+00:00","author":"Michael Antonio Melo Andujar","twitter_card":"summary_large_image","twitter_misc":{"Written by":"Michael Antonio Melo Andujar","Est. reading time":"4 minutes"},"schema":{"@context":"https:\/\/schema.org","@graph":[{"@type":"Article","@id":"https:\/\/nld.mirex.gob.do\/consular\/amsterdam\/canciller-navarro-reune-24-embajadores-dominicanos-acreditados-en-europa-medio-oriente-y-africa-para-que-continuen-exponiendo-a-la-comunidad-internacional-la-politica-migratoria-de-republica-domini\/#article","isPartOf":{"@id":"https:\/\/nld.mirex.gob.do\/consular\/amsterdam\/canciller-navarro-reune-24-embajadores-dominicanos-acreditados-en-europa-medio-oriente-y-africa-para-que-continuen-exponiendo-a-la-comunidad-internacional-la-politica-migratoria-de-republica-domini\/"},"author":{"name":"Michael Antonio Melo Andujar","@id":"https:\/\/nld.mirex.gob.do\/consular\/amsterdam\/#\/schema\/person\/772a9951ade6a7e4ab978b618b619ff8"},"headline":"Canciller Navarro re\u00fane 24 embajadores dominicanos acreditados en Europa, Medio Oriente y \u00c1frica","datePublished":"2015-07-04T13:42:33+00:00","mainEntityOfPage":{"@id":"https:\/\/nld.mirex.gob.do\/consular\/amsterdam\/canciller-navarro-reune-24-embajadores-dominicanos-acreditados-en-europa-medio-oriente-y-africa-para-que-continuen-exponiendo-a-la-comunidad-internacional-la-politica-migratoria-de-republica-domini\/"},"wordCount":785,"publisher":{"@id":"https:\/\/nld.mirex.gob.do\/consular\/amsterdam\/#organization"},"image":{"@id":"https:\/\/nld.mirex.gob.do\/consular\/amsterdam\/canciller-navarro-reune-24-embajadores-dominicanos-acreditados-en-europa-medio-oriente-y-africa-para-que-continuen-exponiendo-a-la-comunidad-internacional-la-politica-migratoria-de-republica-domini\/#primaryimage"},"thumbnailUrl":"","keywords":["\"Plan Nacional de Regularizaci\u00f3n Migratoria\"","Canciller","Comunidad internacional","Embajadores","Europa","Inmigraci\u00f3n"],"articleSection":["Inmigraci\u00f3n","Novedades","Plan Nacional de Regularizaci\u00f3n Migratoria"],"inLanguage":"en-US"},{"@type":"WebPage","@id":"https:\/\/nld.mirex.gob.do\/consular\/amsterdam\/canciller-navarro-reune-24-embajadores-dominicanos-acreditados-en-europa-medio-oriente-y-africa-para-que-continuen-exponiendo-a-la-comunidad-internacional-la-politica-migratoria-de-republica-domini\/","url":"https:\/\/nld.mirex.gob.do\/consular\/amsterdam\/canciller-navarro-reune-24-embajadores-dominicanos-acreditados-en-europa-medio-oriente-y-africa-para-que-continuen-exponiendo-a-la-comunidad-internacional-la-politica-migratoria-de-republica-domini\/","name":"Canciller Navarro re\u00fane 24 embajadores dominicanos acreditados en Europa, Medio Oriente y \u00c1frica - Consulado General de la Rep\u00fablica Dominicana en La Haya, Reino de los Pa\u00edses Bajos","isPartOf":{"@id":"https:\/\/nld.mirex.gob.do\/consular\/amsterdam\/#website"},"primaryImageOfPage":{"@id":"https:\/\/nld.mirex.gob.do\/consular\/amsterdam\/canciller-navarro-reune-24-embajadores-dominicanos-acreditados-en-europa-medio-oriente-y-africa-para-que-continuen-exponiendo-a-la-comunidad-internacional-la-politica-migratoria-de-republica-domini\/#primaryimage"},"image":{"@id":"https:\/\/nld.mirex.gob.do\/consular\/amsterdam\/canciller-navarro-reune-24-embajadores-dominicanos-acreditados-en-europa-medio-oriente-y-africa-para-que-continuen-exponiendo-a-la-comunidad-internacional-la-politica-migratoria-de-republica-domini\/#primaryimage"},"thumbnailUrl":"","datePublished":"2015-07-04T13:42:33+00:00","breadcrumb":{"@id":"https:\/\/nld.mirex.gob.do\/consular\/amsterdam\/canciller-navarro-reune-24-embajadores-dominicanos-acreditados-en-europa-medio-oriente-y-africa-para-que-continuen-exponiendo-a-la-comunidad-internacional-la-politica-migratoria-de-republica-domini\/#breadcrumb"},"inLanguage":"en-US","potentialAction":[{"@type":"ReadAction","target":["https:\/\/nld.mirex.gob.do\/consular\/amsterdam\/canciller-navarro-reune-24-embajadores-dominicanos-acreditados-en-europa-medio-oriente-y-africa-para-que-continuen-exponiendo-a-la-comunidad-internacional-la-politica-migratoria-de-republica-domini\/"]}]},{"@type":"ImageObject","inLanguage":"en-US","@id":"https:\/\/nld.mirex.gob.do\/consular\/amsterdam\/canciller-navarro-reune-24-embajadores-dominicanos-acreditados-en-europa-medio-oriente-y-africa-para-que-continuen-exponiendo-a-la-comunidad-internacional-la-politica-migratoria-de-republica-domini\/#primaryimage","url":"","contentUrl":""},{"@type":"BreadcrumbList","@id":"https:\/\/nld.mirex.gob.do\/consular\/amsterdam\/canciller-navarro-reune-24-embajadores-dominicanos-acreditados-en-europa-medio-oriente-y-africa-para-que-continuen-exponiendo-a-la-comunidad-internacional-la-politica-migratoria-de-republica-domini\/#breadcrumb","itemListElement":[{"@type":"ListItem","position":1,"name":"Inicio","item":"https:\/\/nld.mirex.gob.do\/consular\/amsterdam\/"},{"@type":"ListItem","position":2,"name":"Canciller Navarro re\u00fane 24 embajadores dominicanos acreditados en Europa, Medio Oriente y \u00c1frica"}]},{"@type":"WebSite","@id":"https:\/\/nld.mirex.gob.do\/consular\/amsterdam\/#website","url":"https:\/\/nld.mirex.gob.do\/consular\/amsterdam\/","name":"Consulado General de la Rep\u00fablica Dominicana en La Haya, Reino de los Pa\u00edses Bajos","description":"","publisher":{"@id":"https:\/\/nld.mirex.gob.do\/consular\/amsterdam\/#organization"},"potentialAction":[{"@type":"SearchAction","target":{"@type":"EntryPoint","urlTemplate":"https:\/\/nld.mirex.gob.do\/consular\/amsterdam\/?s={search_term_string}"},"query-input":{"@type":"PropertyValueSpecification","valueRequired":true,"valueName":"search_term_string"}}],"inLanguage":"en-US"},{"@type":"Organization","@id":"https:\/\/nld.mirex.gob.do\/consular\/amsterdam\/#organization","name":"Consulado General de la Rep\u00fablica Dominicana en La Haya, Reino de los Pa\u00edses Bajos","url":"https:\/\/nld.mirex.gob.do\/consular\/amsterdam\/","logo":{"@type":"ImageObject","inLanguage":"en-US","@id":"https:\/\/nld.mirex.gob.do\/consular\/amsterdam\/#\/schema\/logo\/image\/","url":"https:\/\/nld.mirex.gob.do\/consular\/amsterdam\/wp-content\/uploads\/2024\/04\/cropped-consulado_la_haya_reinode_los_Paises_Bajos.jpg","contentUrl":"https:\/\/nld.mirex.gob.do\/consular\/amsterdam\/wp-content\/uploads\/2024\/04\/cropped-consulado_la_haya_reinode_los_Paises_Bajos.jpg","width":999,"height":407,"caption":"Consulado General de la Rep\u00fablica Dominicana en La Haya, Reino de los Pa\u00edses Bajos"},"image":{"@id":"https:\/\/nld.mirex.gob.do\/consular\/amsterdam\/#\/schema\/logo\/image\/"}},{"@type":"Person","@id":"https:\/\/nld.mirex.gob.do\/consular\/amsterdam\/#\/schema\/person\/772a9951ade6a7e4ab978b618b619ff8","name":"Michael Antonio Melo Andujar","image":{"@type":"ImageObject","inLanguage":"en-US","@id":"https:\/\/secure.gravatar.com\/avatar\/f8862d24b6945a30d30c9727ef9dfcd533ee25a18a27afc92991446aeb0e652d?s=96&d=mm&r=g","url":"https:\/\/secure.gravatar.com\/avatar\/f8862d24b6945a30d30c9727ef9dfcd533ee25a18a27afc92991446aeb0e652d?s=96&d=mm&r=g","contentUrl":"https:\/\/secure.gravatar.com\/avatar\/f8862d24b6945a30d30c9727ef9dfcd533ee25a18a27afc92991446aeb0e652d?s=96&d=mm&r=g","caption":"Michael Antonio Melo Andujar"}}]}},"_links":{"self":[{"href":"https:\/\/nld.mirex.gob.do\/consular\/amsterdam\/wp-json\/wp\/v2\/posts\/6283","targetHints":{"allow":["GET"]}}],"collection":[{"href":"https:\/\/nld.mirex.gob.do\/consular\/amsterdam\/wp-json\/wp\/v2\/posts"}],"about":[{"href":"https:\/\/nld.mirex.gob.do\/consular\/amsterdam\/wp-json\/wp\/v2\/types\/post"}],"author":[{"embeddable":true,"href":"https:\/\/nld.mirex.gob.do\/consular\/amsterdam\/wp-json\/wp\/v2\/users\/8"}],"replies":[{"embeddable":true,"href":"https:\/\/nld.mirex.gob.do\/consular\/amsterdam\/wp-json\/wp\/v2\/comments?post=6283"}],"version-history":[{"count":0,"href":"https:\/\/nld.mirex.gob.do\/consular\/amsterdam\/wp-json\/wp\/v2\/posts\/6283\/revisions"}],"wp:featuredmedia":[{"embeddable":true,"href":"https:\/\/nld.mirex.gob.do\/consular\/amsterdam\/wp-json\/"}],"wp:attachment":[{"href":"https:\/\/nld.mirex.gob.do\/consular\/amsterdam\/wp-json\/wp\/v2\/media?parent=6283"}],"wp:term":[{"taxonomy":"category","embeddable":true,"href":"https:\/\/nld.mirex.gob.do\/consular\/amsterdam\/wp-json\/wp\/v2\/categories?post=6283"},{"taxonomy":"post_tag","embeddable":true,"href":"https:\/\/nld.mirex.gob.do\/consular\/amsterdam\/wp-json\/wp\/v2\/tags?post=6283"}],"curies":[{"name":"wp","href":"https:\/\/api.w.org\/{rel}","templated":true}]}}