{"id":6280,"date":"2015-05-22T11:55:40","date_gmt":"2015-05-22T11:55:40","guid":{"rendered":"https:\/\/www.consuladordholanda.com\/?p=1906"},"modified":"2015-05-22T11:55:40","modified_gmt":"2015-05-22T11:55:40","slug":"ministerios-del-gobierno","status":"publish","type":"post","link":"https:\/\/nld.mirex.gob.do\/consular\/amsterdam\/ministerios-del-gobierno\/","title":{"rendered":"Ministerios del gobierno"},"content":{"rendered":"<h1>Ministerios del Gobierno de la Rep\u00fablica Dominicana<\/h1>\n<p>&nbsp;<\/p>\n<p><strong>Ministerio de la Presidencia<\/strong><br \/>\nAv. M\u00e9xico esq. Calle Dr. Delgado, Palacio Nacional, Santo Domingo<br \/>\n<a href=\"http:\/\/www.sep.gob.do\" target=\"_blank\" rel=\"noopener noreferrer\">www.sep.gob.do<\/a><\/p>\n<p><strong>Ministerio Administrativo de la Presidencia<\/strong><br \/>\nAv. M\u00e9xico esq. Calle Dr. Delgado, Palacio Nacional, Santo Domingo<br \/>\n<a href=\"http:\/\/www.sap.gov.do\" target=\"_blank\" rel=\"noopener noreferrer\">www.sap.gov.do<\/a><\/p>\n<p><strong>Ministerio de Defensa<\/strong><br \/>\nAv. 27 de Febrero esq. Av. Gral. Gregorio Luper\u00f3n, Santo Domingo<br \/>\n<a href=\"http:\/\/www.fuerzasarmadas.mil.do\" target=\"_blank\" rel=\"noopener noreferrer\">www.fuerzasarmadas.mil.do<\/a><\/p>\n<p><strong>Ministerio de Relaciones Exteriores<\/strong><br \/>\nAv. Independencia No. 752, Estancia San Ger\u00f3nimo, Santo Domingo<br \/>\n<a href=\"http:\/\/www.mirex.gob.do\" target=\"_blank\" rel=\"noopener noreferrer\">www.mirex.gob.do<\/a><\/p>\n<p><strong>Ministerio de Interior y Polic\u00eda<\/strong><br \/>\nAv. M\u00e9xico esq. Av. Leopoldo Navarro, Edificio de Oficinas Gubernamentales &#8220;Juan Pablo Duarte&#8221;, piso 13, Santo Domingo<br \/>\n<a href=\"http:\/\/www.mip.gob.do\" target=\"_blank\" rel=\"noopener noreferrer\">www.mip.gob.do<\/a><\/p>\n<p><strong>Ministerio de Hacienda<\/strong><br \/>\nAv. M\u00e9xico No. 45, Santo Domingo<br \/>\n<a href=\"http:\/\/www.hacienda.gov.do\" target=\"_blank\" rel=\"noopener noreferrer\">www.hacienda.gov.do<\/a><\/p>\n<p><strong>Ministerio de Econom\u00eda, Planificaci\u00f3n y Desarrollo<\/strong><br \/>\nAv. M\u00e9xico esq. Calle Dr. Delgado, Palacio Nacional, Santo Domingo<br \/>\n<a href=\"http:\/\/www.economia.gob.do\" target=\"_blank\" rel=\"noopener noreferrer\">www.economia.gob.do<\/a><\/p>\n<p><strong>Ministerio de Educaci\u00f3n<\/strong><br \/>\nAv. M\u00e1ximo G\u00f3mez esq. Calle Santiago No. 2, Gazcue,Santo Domingo<br \/>\n<a href=\"http:\/\/www.see.gob.do\" target=\"_blank\" rel=\"noopener noreferrer\">www.see.gob.do<\/a><\/p>\n<p><strong>Ministerio de Educaci\u00f3n Superior, Ciencia y Tecnolog\u00eda<\/strong><br \/>\nAv. M\u00e1ximo G\u00f3mez No. 31, esq. Av. Pedro Henr\u00edquez Ure\u00f1a, Santo Domingo<br \/>\n<a href=\"http:\/\/www.seescyt.gov.do\" target=\"_blank\" rel=\"noopener noreferrer\">www.seescyt.gov.do<\/a><\/p>\n<p><strong>Ministerio de Salud P\u00fablica y Asistencia Social<\/strong><br \/>\nAv. H\u00e9ctor Homero Hern\u00e1ndez esq. Av. Tiradentes, Ens. La Fe, Santo Domingo<br \/>\n<a href=\"http:\/\/www.salud.gob.do\" target=\"_blank\" rel=\"noopener noreferrer\">www.salud.gob.do<\/a><\/p>\n<p><strong>Ministerio de Agricultura<\/strong><br \/>\nAutopista Duarte, Km. 6\u00bd, Jardines del Norte, Santo Domingo<br \/>\n<a href=\"http:\/\/www.agricultura.gob.do\" target=\"_blank\" rel=\"noopener noreferrer\">www.agricultura.gob.do<\/a><\/p>\n<p><strong>Ministerio de Industria y Comercio<\/strong><br \/>\nAv. M\u00e9xico esq. Av. Leopoldo Navarro, Edificio de Oficinas Gubernamentales &#8220;Juan Pablo Duarte&#8221;, 7mo. piso, Santo Domingo<br \/>\n<a href=\"http:\/\/www.mic.gob.do\" target=\"_blank\" rel=\"noopener noreferrer\">www.mic.gob.do<\/a><\/p>\n<p><strong>Ministerio de Obras P\u00fablicas y Comunicaciones<\/strong><br \/>\nCalle H\u00e9ctor Homero Hern\u00e1ndez esq. Calle Horacio Blanco Fombona, Ensanche La Fe, Santo Domingo <a href=\"http:\/\/www.mopc.gob.do\" target=\"_blank\" rel=\"noopener noreferrer\"><br \/>\nwww.mopc.gob.do<\/a><\/p>\n<p><strong>Ministerio de Medio Ambiente y Recursos Naturales<\/strong><br \/>\nAv. Cayetano Germos\u00e9n esq. Av. Gral. Gregorio Luper\u00f3n, Sector El Pedregal, Santo Domingo<br \/>\n<a href=\"http:\/\/www.ambiente.gob.do\" target=\"_blank\" rel=\"noopener noreferrer\">www.ambiente.gob.do<\/a><\/p>\n<p><strong>Ministerio de Turismo<\/strong><br \/>\nAv. Cayetano Germos\u00e9n, esq. Av. Gral. Gregorio Luper\u00f3n, Sector Mirador Sur, Santo Domingo<br \/>\n<a href=\"http:\/\/www.sectur.gob.do\" target=\"_blank\" rel=\"noopener noreferrer\">www.sectur.gob.do<\/a><\/p>\n<p><strong>Ministerio de Trabajo<\/strong><br \/>\nAve. Jim\u00e9nez Moya, Centro de los H\u00e9roes, Santo Domingo<br \/>\n<a href=\"http:\/\/www.ministeriodetrabajo.gob.do\" target=\"_blank\" rel=\"noopener noreferrer\">www.ministeriodetrabajo.gob.do<\/a><\/p>\n<p>strong&gt;Ministerio de Cultura<br \/>\nAv. George Washington esq. Calle Pte. Vicini Burgos, Santo Domingo<br \/>\n<a href=\"http:\/\/www.cultura.gob.do\" target=\"_blank\" rel=\"noopener noreferrer\">www.cultura.gob.do<\/a><\/p>\n<p><strong>Ministerio de la Mujer<\/strong><br \/>\nAv. M\u00e9xico esq. Av. 30 de Marzo, Bloque D, Segundo Piso, Santo Domingo <a href=\"http:\/\/www.mujer.gob.do\" target=\"_blank\" rel=\"noopener noreferrer\"><br \/>\nwww.mujer.gob.do<\/a><\/p>\n<p><strong>Ministerio de Deportes y Recreaci\u00f3n<\/strong><br \/>\nAv. 27 de Febrero, Centro Ol\u00edmpico &#8220;Juan Pablo Duarte&#8217;,Santo Domingo<br \/>\n<a href=\"http:\/\/www.miderec.gob.do\" target=\"_blank\" rel=\"noopener noreferrer\">www.miderec.gob.do<\/a><\/p>\n<p><strong>Ministerio de la Juventud<\/strong><br \/>\nAv. Jim\u00e9nez Moya No. 71 esq. Calle Desiderio Arias, Sector La Julia, Santo Domingo <a href=\"http:\/\/www.juventud.gob.do\" target=\"_blank\" rel=\"noopener noreferrer\"><br \/>\nwww.juventud.gob.do<\/a><\/p>\n<p><strong>Ministerio de Administraci\u00f3n P\u00fablica<\/strong><br \/>\nAv. M\u00e9xico esq. Av. Leopoldo Navarro, Edificio de Oficinas Gubernamentales &#8220;Juan Pablo Duarte&#8221;, Piso 12, Santo Domingo<br \/>\n<a href=\"http:\/\/www.map.gob.do\" target=\"_blank\" rel=\"noopener noreferrer\">www.map.gob.do<\/a><\/p>\n<p><strong>Ministerio de Energ\u00eda y Minas<\/strong><br \/>\nAvenida Tiradentes esquina Heriberto Pieter #53, Bloque B Banco Nacional de la Vivienda (BNV), Ensanche Naco. Santo Domingo, Rep\u00fablica Dominicana<br \/>\n<a href=\"http:\/\/www.mem.gob.do\" target=\"_blank\" rel=\"noopener noreferrer\">www.mem.gob.do<\/a><\/p>\n<p>&nbsp;<\/p>\n<p>&nbsp;<\/p>\n<p>&nbsp;<\/p>\n<p>&nbsp;<\/p>\n","protected":false},"excerpt":{"rendered":"<p>Ministerios del Gobierno de la Rep\u00fablica Dominicana &nbsp; Ministerio de la Presidencia Av. M\u00e9xico esq. Calle Dr. Delgado, Palacio Nacional, Santo Domingo www.sep.gob.do Ministerio Administrativo de la Presidencia Av. M\u00e9xico esq. Calle Dr. Delgado, Palacio Nacional, Santo Domingo www.sap.gov.do Ministerio de Defensa Av. 27 de Febrero esq. Av. Gral. Gregorio Luper\u00f3n, Santo Domingo www.fuerzasarmadas.mil.do Ministerio [&hellip;]<\/p>\n","protected":false},"author":8,"featured_media":0,"comment_status":"closed","ping_status":"open","sticky":false,"template":"","format":"standard","meta":{"site-sidebar-layout":"default","site-content-layout":"","ast-site-content-layout":"default","site-content-style":"default","site-sidebar-style":"default","ast-global-header-display":"","ast-banner-title-visibility":"","ast-main-header-display":"","ast-hfb-above-header-display":"","ast-hfb-below-header-display":"","ast-hfb-mobile-header-display":"","site-post-title":"","ast-breadcrumbs-content":"","ast-featured-img":"","footer-sml-layout":"","ast-disable-related-posts":"","theme-transparent-header-meta":"","adv-header-id-meta":"","stick-header-meta":"","header-above-stick-meta":"","header-main-stick-meta":"","header-below-stick-meta":"","astra-migrate-meta-layouts":"default","ast-page-background-enabled":"default","ast-page-background-meta":{"desktop":{"background-color":"","background-image":"","background-repeat":"repeat","background-position":"center center","background-size":"auto","background-attachment":"scroll","background-type":"","background-media":"","overlay-type":"","overlay-color":"","overlay-opacity":"","overlay-gradient":""},"tablet":{"background-color":"","background-image":"","background-repeat":"repeat","background-position":"center center","background-size":"auto","background-attachment":"scroll","background-type":"","background-media":"","overlay-type":"","overlay-color":"","overlay-opacity":"","overlay-gradient":""},"mobile":{"background-color":"","background-image":"","background-repeat":"repeat","background-position":"center center","background-size":"auto","background-attachment":"scroll","background-type":"","background-media":"","overlay-type":"","overlay-color":"","overlay-opacity":"","overlay-gradient":""}},"ast-content-background-meta":{"desktop":{"background-color":"var(--ast-global-color-5)","background-image":"","background-repeat":"repeat","background-position":"center center","background-size":"auto","background-attachment":"scroll","background-type":"","background-media":"","overlay-type":"","overlay-color":"","overlay-opacity":"","overlay-gradient":""},"tablet":{"background-color":"var(--ast-global-color-5)","background-image":"","background-repeat":"repeat","background-position":"center center","background-size":"auto","background-attachment":"scroll","background-type":"","background-media":"","overlay-type":"","overlay-color":"","overlay-opacity":"","overlay-gradient":""},"mobile":{"background-color":"var(--ast-global-color-5)","background-image":"","background-repeat":"repeat","background-position":"center center","background-size":"auto","background-attachment":"scroll","background-type":"","background-media":"","overlay-type":"","overlay-color":"","overlay-opacity":"","overlay-gradient":""}},"footnotes":""},"categories":[244],"tags":[245,269,270],"class_list":["post-6280","post","type-post","status-publish","format-standard","hentry","category-enlaces","tag-enlaces","tag-gobierno-de-republica-dominicana","tag-ministerios"],"yoast_head":"<!-- This site is optimized with the Yoast SEO plugin v27.4 - https:\/\/yoast.com\/product\/yoast-seo-wordpress\/ -->\n<title>Ministerios del gobierno - Consulado General de la Rep\u00fablica Dominicana en La Haya, Reino de los Pa\u00edses Bajos<\/title>\n<meta name=\"description\" content=\"Enlaces y direcciones de los Ministerios del Gobierno de la Rep\u00fablica Dominicana\" \/>\n<meta name=\"robots\" content=\"index, follow, max-snippet:-1, max-image-preview:large, max-video-preview:-1\" \/>\n<link rel=\"canonical\" href=\"https:\/\/nld.mirex.gob.do\/consular\/amsterdam\/ministerios-del-gobierno\/\" \/>\n<meta property=\"og:locale\" content=\"en_US\" \/>\n<meta property=\"og:type\" content=\"article\" \/>\n<meta property=\"og:title\" content=\"Ministerios del gobierno - Consulado General de la Rep\u00fablica Dominicana en La Haya, Reino de los Pa\u00edses Bajos\" \/>\n<meta property=\"og:description\" content=\"Enlaces y direcciones de los Ministerios del Gobierno de la Rep\u00fablica Dominicana\" \/>\n<meta property=\"og:url\" content=\"https:\/\/nld.mirex.gob.do\/consular\/amsterdam\/ministerios-del-gobierno\/\" \/>\n<meta property=\"og:site_name\" content=\"Consulado General de la Rep\u00fablica Dominicana en La Haya, Reino de los Pa\u00edses Bajos\" \/>\n<meta property=\"article:published_time\" content=\"2015-05-22T11:55:40+00:00\" \/>\n<meta name=\"author\" content=\"Michael Antonio Melo Andujar\" \/>\n<meta name=\"twitter:card\" content=\"summary_large_image\" \/>\n<meta name=\"twitter:label1\" content=\"Written by\" \/>\n\t<meta name=\"twitter:data1\" content=\"Michael Antonio Melo Andujar\" \/>\n\t<meta name=\"twitter:label2\" content=\"Est. reading time\" \/>\n\t<meta name=\"twitter:data2\" content=\"2 minutes\" \/>\n<script type=\"application\/ld+json\" class=\"yoast-schema-graph\">{\"@context\":\"https:\\\/\\\/schema.org\",\"@graph\":[{\"@type\":\"Article\",\"@id\":\"https:\\\/\\\/nld.mirex.gob.do\\\/consular\\\/amsterdam\\\/ministerios-del-gobierno\\\/#article\",\"isPartOf\":{\"@id\":\"https:\\\/\\\/nld.mirex.gob.do\\\/consular\\\/amsterdam\\\/ministerios-del-gobierno\\\/\"},\"author\":{\"name\":\"Michael Antonio Melo Andujar\",\"@id\":\"https:\\\/\\\/nld.mirex.gob.do\\\/consular\\\/amsterdam\\\/#\\\/schema\\\/person\\\/772a9951ade6a7e4ab978b618b619ff8\"},\"headline\":\"Ministerios del gobierno\",\"datePublished\":\"2015-05-22T11:55:40+00:00\",\"mainEntityOfPage\":{\"@id\":\"https:\\\/\\\/nld.mirex.gob.do\\\/consular\\\/amsterdam\\\/ministerios-del-gobierno\\\/\"},\"wordCount\":502,\"publisher\":{\"@id\":\"https:\\\/\\\/nld.mirex.gob.do\\\/consular\\\/amsterdam\\\/#organization\"},\"keywords\":[\"Enlaces\",\"Gobierno de Rep\u00fablica Dominicana\",\"Ministerios\"],\"articleSection\":[\"Enlaces\"],\"inLanguage\":\"en-US\"},{\"@type\":\"WebPage\",\"@id\":\"https:\\\/\\\/nld.mirex.gob.do\\\/consular\\\/amsterdam\\\/ministerios-del-gobierno\\\/\",\"url\":\"https:\\\/\\\/nld.mirex.gob.do\\\/consular\\\/amsterdam\\\/ministerios-del-gobierno\\\/\",\"name\":\"Ministerios del gobierno - Consulado General de la Rep\u00fablica Dominicana en La Haya, Reino de los Pa\u00edses Bajos\",\"isPartOf\":{\"@id\":\"https:\\\/\\\/nld.mirex.gob.do\\\/consular\\\/amsterdam\\\/#website\"},\"datePublished\":\"2015-05-22T11:55:40+00:00\",\"description\":\"Enlaces y direcciones de los Ministerios del Gobierno de la Rep\u00fablica Dominicana\",\"breadcrumb\":{\"@id\":\"https:\\\/\\\/nld.mirex.gob.do\\\/consular\\\/amsterdam\\\/ministerios-del-gobierno\\\/#breadcrumb\"},\"inLanguage\":\"en-US\",\"potentialAction\":[{\"@type\":\"ReadAction\",\"target\":[\"https:\\\/\\\/nld.mirex.gob.do\\\/consular\\\/amsterdam\\\/ministerios-del-gobierno\\\/\"]}]},{\"@type\":\"BreadcrumbList\",\"@id\":\"https:\\\/\\\/nld.mirex.gob.do\\\/consular\\\/amsterdam\\\/ministerios-del-gobierno\\\/#breadcrumb\",\"itemListElement\":[{\"@type\":\"ListItem\",\"position\":1,\"name\":\"Inicio\",\"item\":\"https:\\\/\\\/nld.mirex.gob.do\\\/consular\\\/amsterdam\\\/\"},{\"@type\":\"ListItem\",\"position\":2,\"name\":\"Ministerios del gobierno\"}]},{\"@type\":\"WebSite\",\"@id\":\"https:\\\/\\\/nld.mirex.gob.do\\\/consular\\\/amsterdam\\\/#website\",\"url\":\"https:\\\/\\\/nld.mirex.gob.do\\\/consular\\\/amsterdam\\\/\",\"name\":\"Consulado General de la Rep\u00fablica Dominicana en La Haya, Reino de los Pa\u00edses Bajos\",\"description\":\"\",\"publisher\":{\"@id\":\"https:\\\/\\\/nld.mirex.gob.do\\\/consular\\\/amsterdam\\\/#organization\"},\"potentialAction\":[{\"@type\":\"SearchAction\",\"target\":{\"@type\":\"EntryPoint\",\"urlTemplate\":\"https:\\\/\\\/nld.mirex.gob.do\\\/consular\\\/amsterdam\\\/?s={search_term_string}\"},\"query-input\":{\"@type\":\"PropertyValueSpecification\",\"valueRequired\":true,\"valueName\":\"search_term_string\"}}],\"inLanguage\":\"en-US\"},{\"@type\":\"Organization\",\"@id\":\"https:\\\/\\\/nld.mirex.gob.do\\\/consular\\\/amsterdam\\\/#organization\",\"name\":\"Consulado General de la Rep\u00fablica Dominicana en La Haya, Reino de los Pa\u00edses Bajos\",\"url\":\"https:\\\/\\\/nld.mirex.gob.do\\\/consular\\\/amsterdam\\\/\",\"logo\":{\"@type\":\"ImageObject\",\"inLanguage\":\"en-US\",\"@id\":\"https:\\\/\\\/nld.mirex.gob.do\\\/consular\\\/amsterdam\\\/#\\\/schema\\\/logo\\\/image\\\/\",\"url\":\"https:\\\/\\\/nld.mirex.gob.do\\\/consular\\\/amsterdam\\\/wp-content\\\/uploads\\\/2024\\\/04\\\/cropped-consulado_la_haya_reinode_los_Paises_Bajos.jpg\",\"contentUrl\":\"https:\\\/\\\/nld.mirex.gob.do\\\/consular\\\/amsterdam\\\/wp-content\\\/uploads\\\/2024\\\/04\\\/cropped-consulado_la_haya_reinode_los_Paises_Bajos.jpg\",\"width\":999,\"height\":407,\"caption\":\"Consulado General de la Rep\u00fablica Dominicana en La Haya, Reino de los Pa\u00edses Bajos\"},\"image\":{\"@id\":\"https:\\\/\\\/nld.mirex.gob.do\\\/consular\\\/amsterdam\\\/#\\\/schema\\\/logo\\\/image\\\/\"}},{\"@type\":\"Person\",\"@id\":\"https:\\\/\\\/nld.mirex.gob.do\\\/consular\\\/amsterdam\\\/#\\\/schema\\\/person\\\/772a9951ade6a7e4ab978b618b619ff8\",\"name\":\"Michael Antonio Melo Andujar\",\"image\":{\"@type\":\"ImageObject\",\"inLanguage\":\"en-US\",\"@id\":\"https:\\\/\\\/secure.gravatar.com\\\/avatar\\\/f8862d24b6945a30d30c9727ef9dfcd533ee25a18a27afc92991446aeb0e652d?s=96&d=mm&r=g\",\"url\":\"https:\\\/\\\/secure.gravatar.com\\\/avatar\\\/f8862d24b6945a30d30c9727ef9dfcd533ee25a18a27afc92991446aeb0e652d?s=96&d=mm&r=g\",\"contentUrl\":\"https:\\\/\\\/secure.gravatar.com\\\/avatar\\\/f8862d24b6945a30d30c9727ef9dfcd533ee25a18a27afc92991446aeb0e652d?s=96&d=mm&r=g\",\"caption\":\"Michael Antonio Melo Andujar\"}}]}<\/script>\n<!-- \/ Yoast SEO plugin. -->","yoast_head_json":{"title":"Ministerios del gobierno - Consulado General de la Rep\u00fablica Dominicana en La Haya, Reino de los Pa\u00edses Bajos","description":"Enlaces y direcciones de los Ministerios del Gobierno de la Rep\u00fablica Dominicana","robots":{"index":"index","follow":"follow","max-snippet":"max-snippet:-1","max-image-preview":"max-image-preview:large","max-video-preview":"max-video-preview:-1"},"canonical":"https:\/\/nld.mirex.gob.do\/consular\/amsterdam\/ministerios-del-gobierno\/","og_locale":"en_US","og_type":"article","og_title":"Ministerios del gobierno - Consulado General de la Rep\u00fablica Dominicana en La Haya, Reino de los Pa\u00edses Bajos","og_description":"Enlaces y direcciones de los Ministerios del Gobierno de la Rep\u00fablica Dominicana","og_url":"https:\/\/nld.mirex.gob.do\/consular\/amsterdam\/ministerios-del-gobierno\/","og_site_name":"Consulado General de la Rep\u00fablica Dominicana en La Haya, Reino de los Pa\u00edses Bajos","article_published_time":"2015-05-22T11:55:40+00:00","author":"Michael Antonio Melo Andujar","twitter_card":"summary_large_image","twitter_misc":{"Written by":"Michael Antonio Melo Andujar","Est. reading time":"2 minutes"},"schema":{"@context":"https:\/\/schema.org","@graph":[{"@type":"Article","@id":"https:\/\/nld.mirex.gob.do\/consular\/amsterdam\/ministerios-del-gobierno\/#article","isPartOf":{"@id":"https:\/\/nld.mirex.gob.do\/consular\/amsterdam\/ministerios-del-gobierno\/"},"author":{"name":"Michael Antonio Melo Andujar","@id":"https:\/\/nld.mirex.gob.do\/consular\/amsterdam\/#\/schema\/person\/772a9951ade6a7e4ab978b618b619ff8"},"headline":"Ministerios del gobierno","datePublished":"2015-05-22T11:55:40+00:00","mainEntityOfPage":{"@id":"https:\/\/nld.mirex.gob.do\/consular\/amsterdam\/ministerios-del-gobierno\/"},"wordCount":502,"publisher":{"@id":"https:\/\/nld.mirex.gob.do\/consular\/amsterdam\/#organization"},"keywords":["Enlaces","Gobierno de Rep\u00fablica Dominicana","Ministerios"],"articleSection":["Enlaces"],"inLanguage":"en-US"},{"@type":"WebPage","@id":"https:\/\/nld.mirex.gob.do\/consular\/amsterdam\/ministerios-del-gobierno\/","url":"https:\/\/nld.mirex.gob.do\/consular\/amsterdam\/ministerios-del-gobierno\/","name":"Ministerios del gobierno - Consulado General de la Rep\u00fablica Dominicana en La Haya, Reino de los Pa\u00edses Bajos","isPartOf":{"@id":"https:\/\/nld.mirex.gob.do\/consular\/amsterdam\/#website"},"datePublished":"2015-05-22T11:55:40+00:00","description":"Enlaces y direcciones de los Ministerios del Gobierno de la Rep\u00fablica Dominicana","breadcrumb":{"@id":"https:\/\/nld.mirex.gob.do\/consular\/amsterdam\/ministerios-del-gobierno\/#breadcrumb"},"inLanguage":"en-US","potentialAction":[{"@type":"ReadAction","target":["https:\/\/nld.mirex.gob.do\/consular\/amsterdam\/ministerios-del-gobierno\/"]}]},{"@type":"BreadcrumbList","@id":"https:\/\/nld.mirex.gob.do\/consular\/amsterdam\/ministerios-del-gobierno\/#breadcrumb","itemListElement":[{"@type":"ListItem","position":1,"name":"Inicio","item":"https:\/\/nld.mirex.gob.do\/consular\/amsterdam\/"},{"@type":"ListItem","position":2,"name":"Ministerios del gobierno"}]},{"@type":"WebSite","@id":"https:\/\/nld.mirex.gob.do\/consular\/amsterdam\/#website","url":"https:\/\/nld.mirex.gob.do\/consular\/amsterdam\/","name":"Consulado General de la Rep\u00fablica Dominicana en La Haya, Reino de los Pa\u00edses Bajos","description":"","publisher":{"@id":"https:\/\/nld.mirex.gob.do\/consular\/amsterdam\/#organization"},"potentialAction":[{"@type":"SearchAction","target":{"@type":"EntryPoint","urlTemplate":"https:\/\/nld.mirex.gob.do\/consular\/amsterdam\/?s={search_term_string}"},"query-input":{"@type":"PropertyValueSpecification","valueRequired":true,"valueName":"search_term_string"}}],"inLanguage":"en-US"},{"@type":"Organization","@id":"https:\/\/nld.mirex.gob.do\/consular\/amsterdam\/#organization","name":"Consulado General de la Rep\u00fablica Dominicana en La Haya, Reino de los Pa\u00edses Bajos","url":"https:\/\/nld.mirex.gob.do\/consular\/amsterdam\/","logo":{"@type":"ImageObject","inLanguage":"en-US","@id":"https:\/\/nld.mirex.gob.do\/consular\/amsterdam\/#\/schema\/logo\/image\/","url":"https:\/\/nld.mirex.gob.do\/consular\/amsterdam\/wp-content\/uploads\/2024\/04\/cropped-consulado_la_haya_reinode_los_Paises_Bajos.jpg","contentUrl":"https:\/\/nld.mirex.gob.do\/consular\/amsterdam\/wp-content\/uploads\/2024\/04\/cropped-consulado_la_haya_reinode_los_Paises_Bajos.jpg","width":999,"height":407,"caption":"Consulado General de la Rep\u00fablica Dominicana en La Haya, Reino de los Pa\u00edses Bajos"},"image":{"@id":"https:\/\/nld.mirex.gob.do\/consular\/amsterdam\/#\/schema\/logo\/image\/"}},{"@type":"Person","@id":"https:\/\/nld.mirex.gob.do\/consular\/amsterdam\/#\/schema\/person\/772a9951ade6a7e4ab978b618b619ff8","name":"Michael Antonio Melo Andujar","image":{"@type":"ImageObject","inLanguage":"en-US","@id":"https:\/\/secure.gravatar.com\/avatar\/f8862d24b6945a30d30c9727ef9dfcd533ee25a18a27afc92991446aeb0e652d?s=96&d=mm&r=g","url":"https:\/\/secure.gravatar.com\/avatar\/f8862d24b6945a30d30c9727ef9dfcd533ee25a18a27afc92991446aeb0e652d?s=96&d=mm&r=g","contentUrl":"https:\/\/secure.gravatar.com\/avatar\/f8862d24b6945a30d30c9727ef9dfcd533ee25a18a27afc92991446aeb0e652d?s=96&d=mm&r=g","caption":"Michael Antonio Melo Andujar"}}]}},"_links":{"self":[{"href":"https:\/\/nld.mirex.gob.do\/consular\/amsterdam\/wp-json\/wp\/v2\/posts\/6280","targetHints":{"allow":["GET"]}}],"collection":[{"href":"https:\/\/nld.mirex.gob.do\/consular\/amsterdam\/wp-json\/wp\/v2\/posts"}],"about":[{"href":"https:\/\/nld.mirex.gob.do\/consular\/amsterdam\/wp-json\/wp\/v2\/types\/post"}],"author":[{"embeddable":true,"href":"https:\/\/nld.mirex.gob.do\/consular\/amsterdam\/wp-json\/wp\/v2\/users\/8"}],"replies":[{"embeddable":true,"href":"https:\/\/nld.mirex.gob.do\/consular\/amsterdam\/wp-json\/wp\/v2\/comments?post=6280"}],"version-history":[{"count":0,"href":"https:\/\/nld.mirex.gob.do\/consular\/amsterdam\/wp-json\/wp\/v2\/posts\/6280\/revisions"}],"wp:attachment":[{"href":"https:\/\/nld.mirex.gob.do\/consular\/amsterdam\/wp-json\/wp\/v2\/media?parent=6280"}],"wp:term":[{"taxonomy":"category","embeddable":true,"href":"https:\/\/nld.mirex.gob.do\/consular\/amsterdam\/wp-json\/wp\/v2\/categories?post=6280"},{"taxonomy":"post_tag","embeddable":true,"href":"https:\/\/nld.mirex.gob.do\/consular\/amsterdam\/wp-json\/wp\/v2\/tags?post=6280"}],"curies":[{"name":"wp","href":"https:\/\/api.w.org\/{rel}","templated":true}]}}