{"id":6279,"date":"2015-06-07T23:41:38","date_gmt":"2015-06-07T23:41:38","guid":{"rendered":"https:\/\/www.consuladordholanda.com\/?p=1380"},"modified":"2015-06-07T23:41:38","modified_gmt":"2015-06-07T23:41:38","slug":"bases-y-condiciones-para-participar-del-premio-al-merito-escolar-2015","status":"publish","type":"post","link":"https:\/\/nld.mirex.gob.do\/consular\/amsterdam\/bases-y-condiciones-para-participar-del-premio-al-merito-escolar-2015\/","title":{"rendered":"Bases y condiciones para participar del Premio al Merito Escolar 2015"},"content":{"rendered":"<p>&nbsp;<\/p>\n<p><img fetchpriority=\"high\" decoding=\"async\" class=\"alignnone size-full wp-image-1381\" src=\"https:\/\/www.consuladordholanda.com\/wp-content\/uploads\/2015\/04\/banner-premio-al-merito-escolar-holanda.png\" alt=\"banner-premio-al-merito-escolar-holanda\" width=\"800\" height=\"500\" \/><\/p>\n<p>El Consulado General de la Rep\u00fablica Dominicana en Amsterdam, Pa\u00edses Bajos, en su papel de promotor de los mejores valores que puede tener el colectivo dominicano residente en esta ciudad, ha decidido convocar el PREMIO AL M\u00c9RITO ESCOLAR 2015.<!--more--><\/p>\n<p>Este premio tiene el objetivo de reconocer a los estudiantes que se destaquen por su dedicaci\u00f3n al estudio, sus buenas calificaciones y un ejemplar comportamiento.<\/p>\n<p><a href=\"https:\/\/www.consuladordholanda.com\/wp-content\/uploads\/2015\/06\/bases-premio-al-merito-escolar-holanda.png\"><img decoding=\"async\" class=\"alignnone size-full wp-image-2325\" src=\"https:\/\/www.consuladordholanda.com\/wp-content\/uploads\/2015\/06\/bases-premio-al-merito-escolar-holanda.png\" alt=\"bases-premio-al-merito-escolar-holanda\" width=\"800\" height=\"1000\" \/><\/a><\/p>\n<p><strong>Bases y condiciones:<\/strong><\/p>\n<table border=\"0\" width=\"92%\">\n<tbody>\n<tr>\n<td valign=\"top\" width=\"27%\">Fecha:<\/td>\n<td width=\"73%\">Desde el 16 de mayo hasta el 30 de octubre de 2015.<\/td>\n<\/tr>\n<tr>\n<td valign=\"top\">Admisi\u00f3n:<\/td>\n<td>Sin costo<\/td>\n<\/tr>\n<tr>\n<td valign=\"top\">Inscripciones:<\/td>\n<td>Enviar las calificaciones de los ni\u00f1os y ni\u00f1as a uno de los correos del consulado: consudomamsterdam@hotmail.com &#8211; consudomamsterdam@gmail.com<\/td>\n<\/tr>\n<tr>\n<td valign=\"top\">Requisitos:<\/td>\n<td>&#8211; Ser hijos e hijas de madres y\/o padres dominicanos(as),<br \/>\n&#8211; Tener las edades entre 6 a 15 a\u00f1os.<\/td>\n<\/tr>\n<tr>\n<td valign=\"top\">Premios:<\/td>\n<td><\/td>\n<\/tr>\n<tr>\n<td style=\"text-align: center;\" valign=\"top\">1er. Premio<\/td>\n<td>Tablet Samsung Galaxy Tab3 &#8211; Pantalla de 7&#8221; 1024&#215;600 pixels, procesadaor 1,3 GHz,\u00a0 8 GB, Wifi, valorada en 120 \u20ac<\/td>\n<\/tr>\n<tr>\n<td style=\"text-align: center;\" valign=\"top\">2do. Premio<\/td>\n<td>Colecci\u00f3n de cuentos infantiles para ni\u00f1os<\/td>\n<\/tr>\n<tr>\n<td style=\"text-align: center;\" valign=\"top\">3er. Premio<\/td>\n<td>Enciclopedia de geograf\u00eda Rep\u00fablica Dominicana<\/td>\n<\/tr>\n<\/tbody>\n<\/table>\n<p><strong>El Jurado:<\/strong><\/p>\n<p>Ser\u00e1 potestad del jurado otorgar un premio extraordinario a cualquier alumno que sea merecedor de esta distinci\u00f3n.<br \/>\nEl premio no podr\u00e1 ser considerado desierto y el fallo del jurado ser\u00e1 dado a conocer en un acto que se convocar\u00e1 previamente.<\/p>\n<p>&nbsp;<\/p>\n<p>&nbsp;<\/p>\n","protected":false},"excerpt":{"rendered":"<p>&nbsp; El Consulado General de la Rep\u00fablica Dominicana en Amsterdam, Pa\u00edses Bajos, en su papel de promotor de los mejores valores que puede tener el colectivo dominicano residente en esta ciudad, ha decidido convocar el PREMIO AL M\u00c9RITO ESCOLAR 2015.<\/p>\n","protected":false},"author":8,"featured_media":1382,"comment_status":"closed","ping_status":"open","sticky":false,"template":"","format":"standard","meta":{"site-sidebar-layout":"default","site-content-layout":"","ast-site-content-layout":"default","site-content-style":"default","site-sidebar-style":"default","ast-global-header-display":"","ast-banner-title-visibility":"","ast-main-header-display":"","ast-hfb-above-header-display":"","ast-hfb-below-header-display":"","ast-hfb-mobile-header-display":"","site-post-title":"","ast-breadcrumbs-content":"","ast-featured-img":"","footer-sml-layout":"","ast-disable-related-posts":"","theme-transparent-header-meta":"","adv-header-id-meta":"","stick-header-meta":"","header-above-stick-meta":"","header-main-stick-meta":"","header-below-stick-meta":"","astra-migrate-meta-layouts":"default","ast-page-background-enabled":"default","ast-page-background-meta":{"desktop":{"background-color":"","background-image":"","background-repeat":"repeat","background-position":"center center","background-size":"auto","background-attachment":"scroll","background-type":"","background-media":"","overlay-type":"","overlay-color":"","overlay-opacity":"","overlay-gradient":""},"tablet":{"background-color":"","background-image":"","background-repeat":"repeat","background-position":"center center","background-size":"auto","background-attachment":"scroll","background-type":"","background-media":"","overlay-type":"","overlay-color":"","overlay-opacity":"","overlay-gradient":""},"mobile":{"background-color":"","background-image":"","background-repeat":"repeat","background-position":"center center","background-size":"auto","background-attachment":"scroll","background-type":"","background-media":"","overlay-type":"","overlay-color":"","overlay-opacity":"","overlay-gradient":""}},"ast-content-background-meta":{"desktop":{"background-color":"var(--ast-global-color-5)","background-image":"","background-repeat":"repeat","background-position":"center center","background-size":"auto","background-attachment":"scroll","background-type":"","background-media":"","overlay-type":"","overlay-color":"","overlay-opacity":"","overlay-gradient":""},"tablet":{"background-color":"var(--ast-global-color-5)","background-image":"","background-repeat":"repeat","background-position":"center center","background-size":"auto","background-attachment":"scroll","background-type":"","background-media":"","overlay-type":"","overlay-color":"","overlay-opacity":"","overlay-gradient":""},"mobile":{"background-color":"var(--ast-global-color-5)","background-image":"","background-repeat":"repeat","background-position":"center center","background-size":"auto","background-attachment":"scroll","background-type":"","background-media":"","overlay-type":"","overlay-color":"","overlay-opacity":"","overlay-gradient":""}},"footnotes":""},"categories":[101,249,154],"tags":[250],"class_list":["post-6279","post","type-post","status-publish","format-standard","has-post-thumbnail","hentry","category-actividades","category-premio-al-merito-escolar","category-servicios-a-la-comunidad","tag-premio-al-merito-escolar-2015"],"yoast_head":"<!-- This site is optimized with the Yoast SEO plugin v27.4 - https:\/\/yoast.com\/product\/yoast-seo-wordpress\/ -->\n<title>Bases y condiciones para participar del Premio al Merito Escolar 2015 - Consulado General de la Rep\u00fablica Dominicana en La Haya, Reino de los Pa\u00edses Bajos<\/title>\n<meta name=\"description\" content=\"Premio al Merito Escolar 2015\" \/>\n<meta name=\"robots\" content=\"index, follow, max-snippet:-1, max-image-preview:large, max-video-preview:-1\" \/>\n<link rel=\"canonical\" href=\"https:\/\/nld.mirex.gob.do\/consular\/amsterdam\/bases-y-condiciones-para-participar-del-premio-al-merito-escolar-2015\/\" \/>\n<meta property=\"og:locale\" content=\"en_US\" \/>\n<meta property=\"og:type\" content=\"article\" \/>\n<meta property=\"og:title\" content=\"Bases y condiciones para participar del Premio al Merito Escolar 2015 - Consulado General de la Rep\u00fablica Dominicana en La Haya, Reino de los Pa\u00edses Bajos\" \/>\n<meta property=\"og:description\" content=\"Premio al Merito Escolar 2015\" \/>\n<meta property=\"og:url\" content=\"https:\/\/nld.mirex.gob.do\/consular\/amsterdam\/bases-y-condiciones-para-participar-del-premio-al-merito-escolar-2015\/\" \/>\n<meta property=\"og:site_name\" content=\"Consulado General de la Rep\u00fablica Dominicana en La Haya, Reino de los Pa\u00edses Bajos\" \/>\n<meta property=\"article:published_time\" content=\"2015-06-07T23:41:38+00:00\" \/>\n<meta name=\"author\" content=\"Michael Antonio Melo Andujar\" \/>\n<meta name=\"twitter:card\" content=\"summary_large_image\" \/>\n<meta name=\"twitter:label1\" content=\"Written by\" \/>\n\t<meta name=\"twitter:data1\" content=\"Michael Antonio Melo Andujar\" \/>\n\t<meta name=\"twitter:label2\" content=\"Est. reading time\" \/>\n\t<meta name=\"twitter:data2\" content=\"1 minute\" \/>\n<script type=\"application\/ld+json\" class=\"yoast-schema-graph\">{\"@context\":\"https:\\\/\\\/schema.org\",\"@graph\":[{\"@type\":\"Article\",\"@id\":\"https:\\\/\\\/nld.mirex.gob.do\\\/consular\\\/amsterdam\\\/bases-y-condiciones-para-participar-del-premio-al-merito-escolar-2015\\\/#article\",\"isPartOf\":{\"@id\":\"https:\\\/\\\/nld.mirex.gob.do\\\/consular\\\/amsterdam\\\/bases-y-condiciones-para-participar-del-premio-al-merito-escolar-2015\\\/\"},\"author\":{\"name\":\"Michael Antonio Melo Andujar\",\"@id\":\"https:\\\/\\\/nld.mirex.gob.do\\\/consular\\\/amsterdam\\\/#\\\/schema\\\/person\\\/772a9951ade6a7e4ab978b618b619ff8\"},\"headline\":\"Bases y condiciones para participar del Premio al Merito Escolar 2015\",\"datePublished\":\"2015-06-07T23:41:38+00:00\",\"mainEntityOfPage\":{\"@id\":\"https:\\\/\\\/nld.mirex.gob.do\\\/consular\\\/amsterdam\\\/bases-y-condiciones-para-participar-del-premio-al-merito-escolar-2015\\\/\"},\"wordCount\":223,\"publisher\":{\"@id\":\"https:\\\/\\\/nld.mirex.gob.do\\\/consular\\\/amsterdam\\\/#organization\"},\"image\":{\"@id\":\"https:\\\/\\\/nld.mirex.gob.do\\\/consular\\\/amsterdam\\\/bases-y-condiciones-para-participar-del-premio-al-merito-escolar-2015\\\/#primaryimage\"},\"thumbnailUrl\":\"\",\"keywords\":[\"Premio al Merito Escolar 2015\"],\"articleSection\":[\"Actividades\",\"Premio al M\u00e9rito Escolar\",\"Servicios a la Comunidad\"],\"inLanguage\":\"en-US\"},{\"@type\":\"WebPage\",\"@id\":\"https:\\\/\\\/nld.mirex.gob.do\\\/consular\\\/amsterdam\\\/bases-y-condiciones-para-participar-del-premio-al-merito-escolar-2015\\\/\",\"url\":\"https:\\\/\\\/nld.mirex.gob.do\\\/consular\\\/amsterdam\\\/bases-y-condiciones-para-participar-del-premio-al-merito-escolar-2015\\\/\",\"name\":\"Bases y condiciones para participar del Premio al Merito Escolar 2015 - Consulado General de la Rep\u00fablica Dominicana en La Haya, Reino de los Pa\u00edses Bajos\",\"isPartOf\":{\"@id\":\"https:\\\/\\\/nld.mirex.gob.do\\\/consular\\\/amsterdam\\\/#website\"},\"primaryImageOfPage\":{\"@id\":\"https:\\\/\\\/nld.mirex.gob.do\\\/consular\\\/amsterdam\\\/bases-y-condiciones-para-participar-del-premio-al-merito-escolar-2015\\\/#primaryimage\"},\"image\":{\"@id\":\"https:\\\/\\\/nld.mirex.gob.do\\\/consular\\\/amsterdam\\\/bases-y-condiciones-para-participar-del-premio-al-merito-escolar-2015\\\/#primaryimage\"},\"thumbnailUrl\":\"\",\"datePublished\":\"2015-06-07T23:41:38+00:00\",\"description\":\"Premio al Merito Escolar 2015\",\"breadcrumb\":{\"@id\":\"https:\\\/\\\/nld.mirex.gob.do\\\/consular\\\/amsterdam\\\/bases-y-condiciones-para-participar-del-premio-al-merito-escolar-2015\\\/#breadcrumb\"},\"inLanguage\":\"en-US\",\"potentialAction\":[{\"@type\":\"ReadAction\",\"target\":[\"https:\\\/\\\/nld.mirex.gob.do\\\/consular\\\/amsterdam\\\/bases-y-condiciones-para-participar-del-premio-al-merito-escolar-2015\\\/\"]}]},{\"@type\":\"ImageObject\",\"inLanguage\":\"en-US\",\"@id\":\"https:\\\/\\\/nld.mirex.gob.do\\\/consular\\\/amsterdam\\\/bases-y-condiciones-para-participar-del-premio-al-merito-escolar-2015\\\/#primaryimage\",\"url\":\"\",\"contentUrl\":\"\"},{\"@type\":\"BreadcrumbList\",\"@id\":\"https:\\\/\\\/nld.mirex.gob.do\\\/consular\\\/amsterdam\\\/bases-y-condiciones-para-participar-del-premio-al-merito-escolar-2015\\\/#breadcrumb\",\"itemListElement\":[{\"@type\":\"ListItem\",\"position\":1,\"name\":\"Inicio\",\"item\":\"https:\\\/\\\/nld.mirex.gob.do\\\/consular\\\/amsterdam\\\/\"},{\"@type\":\"ListItem\",\"position\":2,\"name\":\"Bases y condiciones para participar del Premio al Merito Escolar 2015\"}]},{\"@type\":\"WebSite\",\"@id\":\"https:\\\/\\\/nld.mirex.gob.do\\\/consular\\\/amsterdam\\\/#website\",\"url\":\"https:\\\/\\\/nld.mirex.gob.do\\\/consular\\\/amsterdam\\\/\",\"name\":\"Consulado General de la Rep\u00fablica Dominicana en La Haya, Reino de los Pa\u00edses Bajos\",\"description\":\"\",\"publisher\":{\"@id\":\"https:\\\/\\\/nld.mirex.gob.do\\\/consular\\\/amsterdam\\\/#organization\"},\"potentialAction\":[{\"@type\":\"SearchAction\",\"target\":{\"@type\":\"EntryPoint\",\"urlTemplate\":\"https:\\\/\\\/nld.mirex.gob.do\\\/consular\\\/amsterdam\\\/?s={search_term_string}\"},\"query-input\":{\"@type\":\"PropertyValueSpecification\",\"valueRequired\":true,\"valueName\":\"search_term_string\"}}],\"inLanguage\":\"en-US\"},{\"@type\":\"Organization\",\"@id\":\"https:\\\/\\\/nld.mirex.gob.do\\\/consular\\\/amsterdam\\\/#organization\",\"name\":\"Consulado General de la Rep\u00fablica Dominicana en La Haya, Reino de los Pa\u00edses Bajos\",\"url\":\"https:\\\/\\\/nld.mirex.gob.do\\\/consular\\\/amsterdam\\\/\",\"logo\":{\"@type\":\"ImageObject\",\"inLanguage\":\"en-US\",\"@id\":\"https:\\\/\\\/nld.mirex.gob.do\\\/consular\\\/amsterdam\\\/#\\\/schema\\\/logo\\\/image\\\/\",\"url\":\"https:\\\/\\\/nld.mirex.gob.do\\\/consular\\\/amsterdam\\\/wp-content\\\/uploads\\\/2024\\\/04\\\/cropped-consulado_la_haya_reinode_los_Paises_Bajos.jpg\",\"contentUrl\":\"https:\\\/\\\/nld.mirex.gob.do\\\/consular\\\/amsterdam\\\/wp-content\\\/uploads\\\/2024\\\/04\\\/cropped-consulado_la_haya_reinode_los_Paises_Bajos.jpg\",\"width\":999,\"height\":407,\"caption\":\"Consulado General de la Rep\u00fablica Dominicana en La Haya, Reino de los Pa\u00edses Bajos\"},\"image\":{\"@id\":\"https:\\\/\\\/nld.mirex.gob.do\\\/consular\\\/amsterdam\\\/#\\\/schema\\\/logo\\\/image\\\/\"}},{\"@type\":\"Person\",\"@id\":\"https:\\\/\\\/nld.mirex.gob.do\\\/consular\\\/amsterdam\\\/#\\\/schema\\\/person\\\/772a9951ade6a7e4ab978b618b619ff8\",\"name\":\"Michael Antonio Melo Andujar\",\"image\":{\"@type\":\"ImageObject\",\"inLanguage\":\"en-US\",\"@id\":\"https:\\\/\\\/secure.gravatar.com\\\/avatar\\\/f8862d24b6945a30d30c9727ef9dfcd533ee25a18a27afc92991446aeb0e652d?s=96&d=mm&r=g\",\"url\":\"https:\\\/\\\/secure.gravatar.com\\\/avatar\\\/f8862d24b6945a30d30c9727ef9dfcd533ee25a18a27afc92991446aeb0e652d?s=96&d=mm&r=g\",\"contentUrl\":\"https:\\\/\\\/secure.gravatar.com\\\/avatar\\\/f8862d24b6945a30d30c9727ef9dfcd533ee25a18a27afc92991446aeb0e652d?s=96&d=mm&r=g\",\"caption\":\"Michael Antonio Melo Andujar\"}}]}<\/script>\n<!-- \/ Yoast SEO plugin. -->","yoast_head_json":{"title":"Bases y condiciones para participar del Premio al Merito Escolar 2015 - Consulado General de la Rep\u00fablica Dominicana en La Haya, Reino de los Pa\u00edses Bajos","description":"Premio al Merito Escolar 2015","robots":{"index":"index","follow":"follow","max-snippet":"max-snippet:-1","max-image-preview":"max-image-preview:large","max-video-preview":"max-video-preview:-1"},"canonical":"https:\/\/nld.mirex.gob.do\/consular\/amsterdam\/bases-y-condiciones-para-participar-del-premio-al-merito-escolar-2015\/","og_locale":"en_US","og_type":"article","og_title":"Bases y condiciones para participar del Premio al Merito Escolar 2015 - Consulado General de la Rep\u00fablica Dominicana en La Haya, Reino de los Pa\u00edses Bajos","og_description":"Premio al Merito Escolar 2015","og_url":"https:\/\/nld.mirex.gob.do\/consular\/amsterdam\/bases-y-condiciones-para-participar-del-premio-al-merito-escolar-2015\/","og_site_name":"Consulado General de la Rep\u00fablica Dominicana en La Haya, Reino de los Pa\u00edses Bajos","article_published_time":"2015-06-07T23:41:38+00:00","author":"Michael Antonio Melo Andujar","twitter_card":"summary_large_image","twitter_misc":{"Written by":"Michael Antonio Melo Andujar","Est. reading time":"1 minute"},"schema":{"@context":"https:\/\/schema.org","@graph":[{"@type":"Article","@id":"https:\/\/nld.mirex.gob.do\/consular\/amsterdam\/bases-y-condiciones-para-participar-del-premio-al-merito-escolar-2015\/#article","isPartOf":{"@id":"https:\/\/nld.mirex.gob.do\/consular\/amsterdam\/bases-y-condiciones-para-participar-del-premio-al-merito-escolar-2015\/"},"author":{"name":"Michael Antonio Melo Andujar","@id":"https:\/\/nld.mirex.gob.do\/consular\/amsterdam\/#\/schema\/person\/772a9951ade6a7e4ab978b618b619ff8"},"headline":"Bases y condiciones para participar del Premio al Merito Escolar 2015","datePublished":"2015-06-07T23:41:38+00:00","mainEntityOfPage":{"@id":"https:\/\/nld.mirex.gob.do\/consular\/amsterdam\/bases-y-condiciones-para-participar-del-premio-al-merito-escolar-2015\/"},"wordCount":223,"publisher":{"@id":"https:\/\/nld.mirex.gob.do\/consular\/amsterdam\/#organization"},"image":{"@id":"https:\/\/nld.mirex.gob.do\/consular\/amsterdam\/bases-y-condiciones-para-participar-del-premio-al-merito-escolar-2015\/#primaryimage"},"thumbnailUrl":"","keywords":["Premio al Merito Escolar 2015"],"articleSection":["Actividades","Premio al M\u00e9rito Escolar","Servicios a la Comunidad"],"inLanguage":"en-US"},{"@type":"WebPage","@id":"https:\/\/nld.mirex.gob.do\/consular\/amsterdam\/bases-y-condiciones-para-participar-del-premio-al-merito-escolar-2015\/","url":"https:\/\/nld.mirex.gob.do\/consular\/amsterdam\/bases-y-condiciones-para-participar-del-premio-al-merito-escolar-2015\/","name":"Bases y condiciones para participar del Premio al Merito Escolar 2015 - Consulado General de la Rep\u00fablica Dominicana en La Haya, Reino de los Pa\u00edses Bajos","isPartOf":{"@id":"https:\/\/nld.mirex.gob.do\/consular\/amsterdam\/#website"},"primaryImageOfPage":{"@id":"https:\/\/nld.mirex.gob.do\/consular\/amsterdam\/bases-y-condiciones-para-participar-del-premio-al-merito-escolar-2015\/#primaryimage"},"image":{"@id":"https:\/\/nld.mirex.gob.do\/consular\/amsterdam\/bases-y-condiciones-para-participar-del-premio-al-merito-escolar-2015\/#primaryimage"},"thumbnailUrl":"","datePublished":"2015-06-07T23:41:38+00:00","description":"Premio al Merito Escolar 2015","breadcrumb":{"@id":"https:\/\/nld.mirex.gob.do\/consular\/amsterdam\/bases-y-condiciones-para-participar-del-premio-al-merito-escolar-2015\/#breadcrumb"},"inLanguage":"en-US","potentialAction":[{"@type":"ReadAction","target":["https:\/\/nld.mirex.gob.do\/consular\/amsterdam\/bases-y-condiciones-para-participar-del-premio-al-merito-escolar-2015\/"]}]},{"@type":"ImageObject","inLanguage":"en-US","@id":"https:\/\/nld.mirex.gob.do\/consular\/amsterdam\/bases-y-condiciones-para-participar-del-premio-al-merito-escolar-2015\/#primaryimage","url":"","contentUrl":""},{"@type":"BreadcrumbList","@id":"https:\/\/nld.mirex.gob.do\/consular\/amsterdam\/bases-y-condiciones-para-participar-del-premio-al-merito-escolar-2015\/#breadcrumb","itemListElement":[{"@type":"ListItem","position":1,"name":"Inicio","item":"https:\/\/nld.mirex.gob.do\/consular\/amsterdam\/"},{"@type":"ListItem","position":2,"name":"Bases y condiciones para participar del Premio al Merito Escolar 2015"}]},{"@type":"WebSite","@id":"https:\/\/nld.mirex.gob.do\/consular\/amsterdam\/#website","url":"https:\/\/nld.mirex.gob.do\/consular\/amsterdam\/","name":"Consulado General de la Rep\u00fablica Dominicana en La Haya, Reino de los Pa\u00edses Bajos","description":"","publisher":{"@id":"https:\/\/nld.mirex.gob.do\/consular\/amsterdam\/#organization"},"potentialAction":[{"@type":"SearchAction","target":{"@type":"EntryPoint","urlTemplate":"https:\/\/nld.mirex.gob.do\/consular\/amsterdam\/?s={search_term_string}"},"query-input":{"@type":"PropertyValueSpecification","valueRequired":true,"valueName":"search_term_string"}}],"inLanguage":"en-US"},{"@type":"Organization","@id":"https:\/\/nld.mirex.gob.do\/consular\/amsterdam\/#organization","name":"Consulado General de la Rep\u00fablica Dominicana en La Haya, Reino de los Pa\u00edses Bajos","url":"https:\/\/nld.mirex.gob.do\/consular\/amsterdam\/","logo":{"@type":"ImageObject","inLanguage":"en-US","@id":"https:\/\/nld.mirex.gob.do\/consular\/amsterdam\/#\/schema\/logo\/image\/","url":"https:\/\/nld.mirex.gob.do\/consular\/amsterdam\/wp-content\/uploads\/2024\/04\/cropped-consulado_la_haya_reinode_los_Paises_Bajos.jpg","contentUrl":"https:\/\/nld.mirex.gob.do\/consular\/amsterdam\/wp-content\/uploads\/2024\/04\/cropped-consulado_la_haya_reinode_los_Paises_Bajos.jpg","width":999,"height":407,"caption":"Consulado General de la Rep\u00fablica Dominicana en La Haya, Reino de los Pa\u00edses Bajos"},"image":{"@id":"https:\/\/nld.mirex.gob.do\/consular\/amsterdam\/#\/schema\/logo\/image\/"}},{"@type":"Person","@id":"https:\/\/nld.mirex.gob.do\/consular\/amsterdam\/#\/schema\/person\/772a9951ade6a7e4ab978b618b619ff8","name":"Michael Antonio Melo Andujar","image":{"@type":"ImageObject","inLanguage":"en-US","@id":"https:\/\/secure.gravatar.com\/avatar\/f8862d24b6945a30d30c9727ef9dfcd533ee25a18a27afc92991446aeb0e652d?s=96&d=mm&r=g","url":"https:\/\/secure.gravatar.com\/avatar\/f8862d24b6945a30d30c9727ef9dfcd533ee25a18a27afc92991446aeb0e652d?s=96&d=mm&r=g","contentUrl":"https:\/\/secure.gravatar.com\/avatar\/f8862d24b6945a30d30c9727ef9dfcd533ee25a18a27afc92991446aeb0e652d?s=96&d=mm&r=g","caption":"Michael Antonio Melo Andujar"}}]}},"_links":{"self":[{"href":"https:\/\/nld.mirex.gob.do\/consular\/amsterdam\/wp-json\/wp\/v2\/posts\/6279","targetHints":{"allow":["GET"]}}],"collection":[{"href":"https:\/\/nld.mirex.gob.do\/consular\/amsterdam\/wp-json\/wp\/v2\/posts"}],"about":[{"href":"https:\/\/nld.mirex.gob.do\/consular\/amsterdam\/wp-json\/wp\/v2\/types\/post"}],"author":[{"embeddable":true,"href":"https:\/\/nld.mirex.gob.do\/consular\/amsterdam\/wp-json\/wp\/v2\/users\/8"}],"replies":[{"embeddable":true,"href":"https:\/\/nld.mirex.gob.do\/consular\/amsterdam\/wp-json\/wp\/v2\/comments?post=6279"}],"version-history":[{"count":0,"href":"https:\/\/nld.mirex.gob.do\/consular\/amsterdam\/wp-json\/wp\/v2\/posts\/6279\/revisions"}],"wp:featuredmedia":[{"embeddable":true,"href":"https:\/\/nld.mirex.gob.do\/consular\/amsterdam\/wp-json\/"}],"wp:attachment":[{"href":"https:\/\/nld.mirex.gob.do\/consular\/amsterdam\/wp-json\/wp\/v2\/media?parent=6279"}],"wp:term":[{"taxonomy":"category","embeddable":true,"href":"https:\/\/nld.mirex.gob.do\/consular\/amsterdam\/wp-json\/wp\/v2\/categories?post=6279"},{"taxonomy":"post_tag","embeddable":true,"href":"https:\/\/nld.mirex.gob.do\/consular\/amsterdam\/wp-json\/wp\/v2\/tags?post=6279"}],"curies":[{"name":"wp","href":"https:\/\/api.w.org\/{rel}","templated":true}]}}