{"id":6271,"date":"2015-03-23T20:42:36","date_gmt":"2015-03-23T20:42:36","guid":{"rendered":"http:\/\/www.consuladordvalencia.com\/?p=1068"},"modified":"2015-03-23T20:42:36","modified_gmt":"2015-03-23T20:42:36","slug":"certificado-no-publicacion-de-edicto","status":"publish","type":"post","link":"https:\/\/nld.mirex.gob.do\/consular\/amsterdam\/certificado-no-publicacion-de-edicto\/","title":{"rendered":"Certificado No Publicaci\u00f3n de Edicto"},"content":{"rendered":"<h1><span id=\"ctl00_ContentPlaceHolder1_Contenidos1_lblTitulo\">Certificado No Publicaci\u00f3n de Edicto<\/span><\/h1>\n<p align=\"justify\"><strong>DESCRIPCION<\/strong><\/p>\n<p>La Rep\u00fablica Dominicana a trav\u00e9s de sus delegaciones en el extranjero ofrece a todos los ciudadanos servicios de <strong>CERTIFICACIONES<\/strong> as\u00ed como otros asuntos relacionados con la gesti\u00f3n consular, a fin de que puedan realizar cualquier actividad o funci\u00f3n para los cuales dichos servicios sean imprescindibles cuando deban ejecutarse bajo las leyes de la Rep\u00fablica Dominicana o de cualquier otro pa\u00eds.<!--more--><\/p>\n<p>El Certificado de No Publicaci\u00f3n de Edicto o Proclama de Matrimonio tiene el objetivo de dar FE de que seg\u00fan la Ley de la Rep\u00fablica Dominicana no se admite el matrimonio entre personas del mismo sexo. Con frecuencia este servicio lo demandan ciudadanos dominicanos que viviendo en el extranjero quieren contraer matrimonio con una persona del mismo sexo, o ciudadano extranjeros que quieren casarse con una persona del mismo sexo ante las leyes de la Rep\u00fablica Dominicana.<\/p>\n<p>Los dominicanos y extranjeros que requieran realizar CERTIFICACIONES para que tengan efectos en la Rep\u00fablica Dominicana u otro pa\u00eds, pueden acudir a las oficinales consulares dominicanas para su gesti\u00f3n.<\/p>\n<p>Todos los ciudadanos tienen derecho a gestionar Certificaciones en las oficinas consulares de la Rep\u00fablica Dominicana.<\/p>\n<p align=\"justify\"><strong>REQUISITOS<\/strong><\/p>\n<ol type=\"a\">\n<li>Documento de Identidad del SOLICITANTE.\n<p align=\"justify\"><strong>TIEMPO DE OBTENCI\u00d3N <\/strong><\/p>\n<p align=\"justify\">Entre 20 minutos y dos horas dependiendo de la urgencia, de la cantidad de solicitudes previas y de la disponibilidad de personal.<\/p>\n<p align=\"justify\"><strong>PRECIO<\/strong><\/p>\n<p align=\"justify\">El importe es de:\u00a0<strong>15,00 <\/strong><\/p>\n<\/li>\n<\/ol>\n<p>&nbsp;<\/p>\n<p align=\"justify\"><strong>OBSERVACIONES<\/strong><\/p>\n<ol>\n<li>El importe a pagar es en <strong>d\u00f3lares estadounidenses (USD)<\/strong>, en la zona EURO se cobra en <strong>EUROS<\/strong> o en la moneda del pa\u00eds donde se encuentra la oficina consular.<\/li>\n<li>El importe a pagar puede variar dependiendo del costo de vida de la ciudad donde se encuentra la Oficina Consular.<\/li>\n<li>En esta secci\u00f3n s\u00f3lo se mencionan las Certificaciones m\u00e1s frecuentes. Cualquier otro tipo de Certificaci\u00f3n ser\u00e1 realizada atendiendo a la naturaleza de la misma.<\/li>\n<li>Para cualquier servicio, las oficinas consulares est\u00e1n autorizadas a incluir requisitos adicionales a los indicados en este documento.<\/li>\n<li>Las oficinas consulares tienen derecho a negarse a otorgar certificaciones a un ciudadano si el personal consular duda de la utilidad de la Certificaci\u00f3n; si piensa que dicha certificaci\u00f3n puede lesionar los intereses futuros del Solicitante; o si pone en duda la FE p\u00fablica de la Oficina Consular.<\/li>\n<li>Algunos servicios s\u00f3lo tienen validez en pa\u00edses espec\u00edficos. Consultar en la Oficina Consular \u00e1mbito de aplicaci\u00f3n para cada servicio.<\/li>\n<\/ol>\n<p><strong>Formulario<\/strong><\/p>\n<ul>\n<li> <a href=\"http:\/\/www.consuladordvalencia.com\/wp-content\/uploads\/2015\/03\/Certificaciones.pdf\">Formularios de Certificaciones.pdf<\/a><\/li>\n<\/ul>\n<p>Descargar Formulario para llenar a mano<\/p>\n<p><strong> Documentos relacionados<\/strong><\/p>\n<ul>\n<li><a href=\"http:\/\/www.consuladordvalencia.com\/wp-content\/uploads\/2015\/03\/Certificado-No-Publicaci\u00f3n-de-Edicto.pdf\">Requisitos para este certificado.pdf<\/a><\/li>\n<\/ul>\n<p>La informaci\u00f3n contenida en esta p\u00e1gina en un documento PDF.<\/p>\n<p><strong>Enlaces desde ConsuladoRD.com<\/strong><\/p>\n<ul>\n<li><a href=\"http:\/\/www.consuladord.com\/pdfs\/formularios\/Certificaciones.pdf\" target=\"_blank\" rel=\"noopener\">Formulario para Certificaciones.pdf<\/a><\/li>\n<li><a href=\"http:\/\/www.consuladord.com\/contenidos.aspx?cid=170&#038;lang=ES\" target=\"_blank\" rel=\"noopener\">http:\/\/www.consuladord.com\/contenidos.aspx?cid=170&#038;lang=ES<\/a><\/li>\n<\/ul>\n","protected":false},"excerpt":{"rendered":"<p>Certificado No Publicaci\u00f3n de Edicto DESCRIPCION La Rep\u00fablica Dominicana a trav\u00e9s de sus delegaciones en el extranjero ofrece a todos los ciudadanos servicios de CERTIFICACIONES as\u00ed como otros asuntos relacionados con la gesti\u00f3n consular, a fin de que puedan realizar cualquier actividad o funci\u00f3n para los cuales dichos servicios sean imprescindibles cuando deban ejecutarse bajo [&hellip;]<\/p>\n","protected":false},"author":8,"featured_media":705,"comment_status":"closed","ping_status":"closed","sticky":false,"template":"","format":"standard","meta":{"site-sidebar-layout":"default","site-content-layout":"","ast-site-content-layout":"default","site-content-style":"default","site-sidebar-style":"default","ast-global-header-display":"","ast-banner-title-visibility":"","ast-main-header-display":"","ast-hfb-above-header-display":"","ast-hfb-below-header-display":"","ast-hfb-mobile-header-display":"","site-post-title":"","ast-breadcrumbs-content":"","ast-featured-img":"","footer-sml-layout":"","ast-disable-related-posts":"","theme-transparent-header-meta":"","adv-header-id-meta":"","stick-header-meta":"","header-above-stick-meta":"","header-main-stick-meta":"","header-below-stick-meta":"","astra-migrate-meta-layouts":"default","ast-page-background-enabled":"default","ast-page-background-meta":{"desktop":{"background-color":"","background-image":"","background-repeat":"repeat","background-position":"center center","background-size":"auto","background-attachment":"scroll","background-type":"","background-media":"","overlay-type":"","overlay-color":"","overlay-opacity":"","overlay-gradient":""},"tablet":{"background-color":"","background-image":"","background-repeat":"repeat","background-position":"center center","background-size":"auto","background-attachment":"scroll","background-type":"","background-media":"","overlay-type":"","overlay-color":"","overlay-opacity":"","overlay-gradient":""},"mobile":{"background-color":"","background-image":"","background-repeat":"repeat","background-position":"center center","background-size":"auto","background-attachment":"scroll","background-type":"","background-media":"","overlay-type":"","overlay-color":"","overlay-opacity":"","overlay-gradient":""}},"ast-content-background-meta":{"desktop":{"background-color":"var(--ast-global-color-5)","background-image":"","background-repeat":"repeat","background-position":"center center","background-size":"auto","background-attachment":"scroll","background-type":"","background-media":"","overlay-type":"","overlay-color":"","overlay-opacity":"","overlay-gradient":""},"tablet":{"background-color":"var(--ast-global-color-5)","background-image":"","background-repeat":"repeat","background-position":"center center","background-size":"auto","background-attachment":"scroll","background-type":"","background-media":"","overlay-type":"","overlay-color":"","overlay-opacity":"","overlay-gradient":""},"mobile":{"background-color":"var(--ast-global-color-5)","background-image":"","background-repeat":"repeat","background-position":"center center","background-size":"auto","background-attachment":"scroll","background-type":"","background-media":"","overlay-type":"","overlay-color":"","overlay-opacity":"","overlay-gradient":""}},"footnotes":""},"categories":[150,70],"tags":[118,75],"class_list":["post-6271","post","type-post","status-publish","format-standard","has-post-thumbnail","hentry","category-certificaciones","category-servicios-consulares","tag-certificado","tag-servicio-consular"],"yoast_head":"<!-- This site is optimized with the Yoast SEO plugin v27.4 - https:\/\/yoast.com\/product\/yoast-seo-wordpress\/ -->\n<title>Certificado No Publicaci\u00f3n de Edicto - Consulado General de la Rep\u00fablica Dominicana en La Haya, Reino de los Pa\u00edses Bajos<\/title>\n<meta name=\"description\" content=\"La Rep\u00fablica Dominicana a trav\u00e9s de sus delegaciones en el extranjero ofrece a todos los ciudadanos servicios de CERTIFICACIONES as\u00ed como otros asuntos relacionados con la gesti\u00f3n consular, a fin de que puedan realizar cualquier actividad o funci\u00f3n para los cuales dichos servicios sean imprescindibles cuando deban ejecutarse bajo las leyes de la Rep\u00fablica Dominicana o de cualquier otro pa\u00eds.\" \/>\n<meta name=\"robots\" content=\"index, follow, max-snippet:-1, max-image-preview:large, max-video-preview:-1\" \/>\n<link rel=\"canonical\" href=\"https:\/\/nld.mirex.gob.do\/consular\/amsterdam\/certificado-no-publicacion-de-edicto\/\" \/>\n<meta property=\"og:locale\" content=\"en_US\" \/>\n<meta property=\"og:type\" content=\"article\" \/>\n<meta property=\"og:title\" content=\"Certificado No Publicaci\u00f3n de Edicto - Consulado General de la Rep\u00fablica Dominicana en La Haya, Reino de los Pa\u00edses Bajos\" \/>\n<meta property=\"og:description\" content=\"La Rep\u00fablica Dominicana a trav\u00e9s de sus delegaciones en el extranjero ofrece a todos los ciudadanos servicios de CERTIFICACIONES as\u00ed como otros asuntos relacionados con la gesti\u00f3n consular, a fin de que puedan realizar cualquier actividad o funci\u00f3n para los cuales dichos servicios sean imprescindibles cuando deban ejecutarse bajo las leyes de la Rep\u00fablica Dominicana o de cualquier otro pa\u00eds.\" \/>\n<meta property=\"og:url\" content=\"https:\/\/nld.mirex.gob.do\/consular\/amsterdam\/certificado-no-publicacion-de-edicto\/\" \/>\n<meta property=\"og:site_name\" content=\"Consulado General de la Rep\u00fablica Dominicana en La Haya, Reino de los Pa\u00edses Bajos\" \/>\n<meta property=\"article:published_time\" content=\"2015-03-23T20:42:36+00:00\" \/>\n<meta name=\"author\" content=\"Michael Antonio Melo Andujar\" \/>\n<meta name=\"twitter:card\" content=\"summary_large_image\" \/>\n<meta name=\"twitter:label1\" content=\"Written by\" \/>\n\t<meta name=\"twitter:data1\" content=\"Michael Antonio Melo Andujar\" \/>\n\t<meta name=\"twitter:label2\" content=\"Est. reading time\" \/>\n\t<meta name=\"twitter:data2\" content=\"2 minutes\" \/>\n<script type=\"application\/ld+json\" class=\"yoast-schema-graph\">{\"@context\":\"https:\\\/\\\/schema.org\",\"@graph\":[{\"@type\":\"Article\",\"@id\":\"https:\\\/\\\/nld.mirex.gob.do\\\/consular\\\/amsterdam\\\/certificado-no-publicacion-de-edicto\\\/#article\",\"isPartOf\":{\"@id\":\"https:\\\/\\\/nld.mirex.gob.do\\\/consular\\\/amsterdam\\\/certificado-no-publicacion-de-edicto\\\/\"},\"author\":{\"name\":\"Michael Antonio Melo Andujar\",\"@id\":\"https:\\\/\\\/nld.mirex.gob.do\\\/consular\\\/amsterdam\\\/#\\\/schema\\\/person\\\/772a9951ade6a7e4ab978b618b619ff8\"},\"headline\":\"Certificado No Publicaci\u00f3n de Edicto\",\"datePublished\":\"2015-03-23T20:42:36+00:00\",\"mainEntityOfPage\":{\"@id\":\"https:\\\/\\\/nld.mirex.gob.do\\\/consular\\\/amsterdam\\\/certificado-no-publicacion-de-edicto\\\/\"},\"wordCount\":466,\"publisher\":{\"@id\":\"https:\\\/\\\/nld.mirex.gob.do\\\/consular\\\/amsterdam\\\/#organization\"},\"image\":{\"@id\":\"https:\\\/\\\/nld.mirex.gob.do\\\/consular\\\/amsterdam\\\/certificado-no-publicacion-de-edicto\\\/#primaryimage\"},\"thumbnailUrl\":\"\",\"keywords\":[\"Certificado\",\"Servicio Consular\"],\"articleSection\":[\"Certificaciones\",\"Servicios Consulares\"],\"inLanguage\":\"en-US\"},{\"@type\":\"WebPage\",\"@id\":\"https:\\\/\\\/nld.mirex.gob.do\\\/consular\\\/amsterdam\\\/certificado-no-publicacion-de-edicto\\\/\",\"url\":\"https:\\\/\\\/nld.mirex.gob.do\\\/consular\\\/amsterdam\\\/certificado-no-publicacion-de-edicto\\\/\",\"name\":\"Certificado No Publicaci\u00f3n de Edicto - Consulado General de la Rep\u00fablica Dominicana en La Haya, Reino de los Pa\u00edses Bajos\",\"isPartOf\":{\"@id\":\"https:\\\/\\\/nld.mirex.gob.do\\\/consular\\\/amsterdam\\\/#website\"},\"primaryImageOfPage\":{\"@id\":\"https:\\\/\\\/nld.mirex.gob.do\\\/consular\\\/amsterdam\\\/certificado-no-publicacion-de-edicto\\\/#primaryimage\"},\"image\":{\"@id\":\"https:\\\/\\\/nld.mirex.gob.do\\\/consular\\\/amsterdam\\\/certificado-no-publicacion-de-edicto\\\/#primaryimage\"},\"thumbnailUrl\":\"\",\"datePublished\":\"2015-03-23T20:42:36+00:00\",\"description\":\"La Rep\u00fablica Dominicana a trav\u00e9s de sus delegaciones en el extranjero ofrece a todos los ciudadanos servicios de CERTIFICACIONES as\u00ed como otros asuntos relacionados con la gesti\u00f3n consular, a fin de que puedan realizar cualquier actividad o funci\u00f3n para los cuales dichos servicios sean imprescindibles cuando deban ejecutarse bajo las leyes de la Rep\u00fablica Dominicana o de cualquier otro pa\u00eds.\",\"breadcrumb\":{\"@id\":\"https:\\\/\\\/nld.mirex.gob.do\\\/consular\\\/amsterdam\\\/certificado-no-publicacion-de-edicto\\\/#breadcrumb\"},\"inLanguage\":\"en-US\",\"potentialAction\":[{\"@type\":\"ReadAction\",\"target\":[\"https:\\\/\\\/nld.mirex.gob.do\\\/consular\\\/amsterdam\\\/certificado-no-publicacion-de-edicto\\\/\"]}]},{\"@type\":\"ImageObject\",\"inLanguage\":\"en-US\",\"@id\":\"https:\\\/\\\/nld.mirex.gob.do\\\/consular\\\/amsterdam\\\/certificado-no-publicacion-de-edicto\\\/#primaryimage\",\"url\":\"\",\"contentUrl\":\"\"},{\"@type\":\"BreadcrumbList\",\"@id\":\"https:\\\/\\\/nld.mirex.gob.do\\\/consular\\\/amsterdam\\\/certificado-no-publicacion-de-edicto\\\/#breadcrumb\",\"itemListElement\":[{\"@type\":\"ListItem\",\"position\":1,\"name\":\"Inicio\",\"item\":\"https:\\\/\\\/nld.mirex.gob.do\\\/consular\\\/amsterdam\\\/\"},{\"@type\":\"ListItem\",\"position\":2,\"name\":\"Certificado No Publicaci\u00f3n de Edicto\"}]},{\"@type\":\"WebSite\",\"@id\":\"https:\\\/\\\/nld.mirex.gob.do\\\/consular\\\/amsterdam\\\/#website\",\"url\":\"https:\\\/\\\/nld.mirex.gob.do\\\/consular\\\/amsterdam\\\/\",\"name\":\"Consulado General de la Rep\u00fablica Dominicana en La Haya, Reino de los Pa\u00edses Bajos\",\"description\":\"\",\"publisher\":{\"@id\":\"https:\\\/\\\/nld.mirex.gob.do\\\/consular\\\/amsterdam\\\/#organization\"},\"potentialAction\":[{\"@type\":\"SearchAction\",\"target\":{\"@type\":\"EntryPoint\",\"urlTemplate\":\"https:\\\/\\\/nld.mirex.gob.do\\\/consular\\\/amsterdam\\\/?s={search_term_string}\"},\"query-input\":{\"@type\":\"PropertyValueSpecification\",\"valueRequired\":true,\"valueName\":\"search_term_string\"}}],\"inLanguage\":\"en-US\"},{\"@type\":\"Organization\",\"@id\":\"https:\\\/\\\/nld.mirex.gob.do\\\/consular\\\/amsterdam\\\/#organization\",\"name\":\"Consulado General de la Rep\u00fablica Dominicana en La Haya, Reino de los Pa\u00edses Bajos\",\"url\":\"https:\\\/\\\/nld.mirex.gob.do\\\/consular\\\/amsterdam\\\/\",\"logo\":{\"@type\":\"ImageObject\",\"inLanguage\":\"en-US\",\"@id\":\"https:\\\/\\\/nld.mirex.gob.do\\\/consular\\\/amsterdam\\\/#\\\/schema\\\/logo\\\/image\\\/\",\"url\":\"https:\\\/\\\/nld.mirex.gob.do\\\/consular\\\/amsterdam\\\/wp-content\\\/uploads\\\/2024\\\/04\\\/cropped-consulado_la_haya_reinode_los_Paises_Bajos.jpg\",\"contentUrl\":\"https:\\\/\\\/nld.mirex.gob.do\\\/consular\\\/amsterdam\\\/wp-content\\\/uploads\\\/2024\\\/04\\\/cropped-consulado_la_haya_reinode_los_Paises_Bajos.jpg\",\"width\":999,\"height\":407,\"caption\":\"Consulado General de la Rep\u00fablica Dominicana en La Haya, Reino de los Pa\u00edses Bajos\"},\"image\":{\"@id\":\"https:\\\/\\\/nld.mirex.gob.do\\\/consular\\\/amsterdam\\\/#\\\/schema\\\/logo\\\/image\\\/\"}},{\"@type\":\"Person\",\"@id\":\"https:\\\/\\\/nld.mirex.gob.do\\\/consular\\\/amsterdam\\\/#\\\/schema\\\/person\\\/772a9951ade6a7e4ab978b618b619ff8\",\"name\":\"Michael Antonio Melo Andujar\",\"image\":{\"@type\":\"ImageObject\",\"inLanguage\":\"en-US\",\"@id\":\"https:\\\/\\\/secure.gravatar.com\\\/avatar\\\/f8862d24b6945a30d30c9727ef9dfcd533ee25a18a27afc92991446aeb0e652d?s=96&d=mm&r=g\",\"url\":\"https:\\\/\\\/secure.gravatar.com\\\/avatar\\\/f8862d24b6945a30d30c9727ef9dfcd533ee25a18a27afc92991446aeb0e652d?s=96&d=mm&r=g\",\"contentUrl\":\"https:\\\/\\\/secure.gravatar.com\\\/avatar\\\/f8862d24b6945a30d30c9727ef9dfcd533ee25a18a27afc92991446aeb0e652d?s=96&d=mm&r=g\",\"caption\":\"Michael Antonio Melo Andujar\"}}]}<\/script>\n<!-- \/ Yoast SEO plugin. -->","yoast_head_json":{"title":"Certificado No Publicaci\u00f3n de Edicto - Consulado General de la Rep\u00fablica Dominicana en La Haya, Reino de los Pa\u00edses Bajos","description":"La Rep\u00fablica Dominicana a trav\u00e9s de sus delegaciones en el extranjero ofrece a todos los ciudadanos servicios de CERTIFICACIONES as\u00ed como otros asuntos relacionados con la gesti\u00f3n consular, a fin de que puedan realizar cualquier actividad o funci\u00f3n para los cuales dichos servicios sean imprescindibles cuando deban ejecutarse bajo las leyes de la Rep\u00fablica Dominicana o de cualquier otro pa\u00eds.","robots":{"index":"index","follow":"follow","max-snippet":"max-snippet:-1","max-image-preview":"max-image-preview:large","max-video-preview":"max-video-preview:-1"},"canonical":"https:\/\/nld.mirex.gob.do\/consular\/amsterdam\/certificado-no-publicacion-de-edicto\/","og_locale":"en_US","og_type":"article","og_title":"Certificado No Publicaci\u00f3n de Edicto - Consulado General de la Rep\u00fablica Dominicana en La Haya, Reino de los Pa\u00edses Bajos","og_description":"La Rep\u00fablica Dominicana a trav\u00e9s de sus delegaciones en el extranjero ofrece a todos los ciudadanos servicios de CERTIFICACIONES as\u00ed como otros asuntos relacionados con la gesti\u00f3n consular, a fin de que puedan realizar cualquier actividad o funci\u00f3n para los cuales dichos servicios sean imprescindibles cuando deban ejecutarse bajo las leyes de la Rep\u00fablica Dominicana o de cualquier otro pa\u00eds.","og_url":"https:\/\/nld.mirex.gob.do\/consular\/amsterdam\/certificado-no-publicacion-de-edicto\/","og_site_name":"Consulado General de la Rep\u00fablica Dominicana en La Haya, Reino de los Pa\u00edses Bajos","article_published_time":"2015-03-23T20:42:36+00:00","author":"Michael Antonio Melo Andujar","twitter_card":"summary_large_image","twitter_misc":{"Written by":"Michael Antonio Melo Andujar","Est. reading time":"2 minutes"},"schema":{"@context":"https:\/\/schema.org","@graph":[{"@type":"Article","@id":"https:\/\/nld.mirex.gob.do\/consular\/amsterdam\/certificado-no-publicacion-de-edicto\/#article","isPartOf":{"@id":"https:\/\/nld.mirex.gob.do\/consular\/amsterdam\/certificado-no-publicacion-de-edicto\/"},"author":{"name":"Michael Antonio Melo Andujar","@id":"https:\/\/nld.mirex.gob.do\/consular\/amsterdam\/#\/schema\/person\/772a9951ade6a7e4ab978b618b619ff8"},"headline":"Certificado No Publicaci\u00f3n de Edicto","datePublished":"2015-03-23T20:42:36+00:00","mainEntityOfPage":{"@id":"https:\/\/nld.mirex.gob.do\/consular\/amsterdam\/certificado-no-publicacion-de-edicto\/"},"wordCount":466,"publisher":{"@id":"https:\/\/nld.mirex.gob.do\/consular\/amsterdam\/#organization"},"image":{"@id":"https:\/\/nld.mirex.gob.do\/consular\/amsterdam\/certificado-no-publicacion-de-edicto\/#primaryimage"},"thumbnailUrl":"","keywords":["Certificado","Servicio Consular"],"articleSection":["Certificaciones","Servicios Consulares"],"inLanguage":"en-US"},{"@type":"WebPage","@id":"https:\/\/nld.mirex.gob.do\/consular\/amsterdam\/certificado-no-publicacion-de-edicto\/","url":"https:\/\/nld.mirex.gob.do\/consular\/amsterdam\/certificado-no-publicacion-de-edicto\/","name":"Certificado No Publicaci\u00f3n de Edicto - Consulado General de la Rep\u00fablica Dominicana en La Haya, Reino de los Pa\u00edses Bajos","isPartOf":{"@id":"https:\/\/nld.mirex.gob.do\/consular\/amsterdam\/#website"},"primaryImageOfPage":{"@id":"https:\/\/nld.mirex.gob.do\/consular\/amsterdam\/certificado-no-publicacion-de-edicto\/#primaryimage"},"image":{"@id":"https:\/\/nld.mirex.gob.do\/consular\/amsterdam\/certificado-no-publicacion-de-edicto\/#primaryimage"},"thumbnailUrl":"","datePublished":"2015-03-23T20:42:36+00:00","description":"La Rep\u00fablica Dominicana a trav\u00e9s de sus delegaciones en el extranjero ofrece a todos los ciudadanos servicios de CERTIFICACIONES as\u00ed como otros asuntos relacionados con la gesti\u00f3n consular, a fin de que puedan realizar cualquier actividad o funci\u00f3n para los cuales dichos servicios sean imprescindibles cuando deban ejecutarse bajo las leyes de la Rep\u00fablica Dominicana o de cualquier otro pa\u00eds.","breadcrumb":{"@id":"https:\/\/nld.mirex.gob.do\/consular\/amsterdam\/certificado-no-publicacion-de-edicto\/#breadcrumb"},"inLanguage":"en-US","potentialAction":[{"@type":"ReadAction","target":["https:\/\/nld.mirex.gob.do\/consular\/amsterdam\/certificado-no-publicacion-de-edicto\/"]}]},{"@type":"ImageObject","inLanguage":"en-US","@id":"https:\/\/nld.mirex.gob.do\/consular\/amsterdam\/certificado-no-publicacion-de-edicto\/#primaryimage","url":"","contentUrl":""},{"@type":"BreadcrumbList","@id":"https:\/\/nld.mirex.gob.do\/consular\/amsterdam\/certificado-no-publicacion-de-edicto\/#breadcrumb","itemListElement":[{"@type":"ListItem","position":1,"name":"Inicio","item":"https:\/\/nld.mirex.gob.do\/consular\/amsterdam\/"},{"@type":"ListItem","position":2,"name":"Certificado No Publicaci\u00f3n de Edicto"}]},{"@type":"WebSite","@id":"https:\/\/nld.mirex.gob.do\/consular\/amsterdam\/#website","url":"https:\/\/nld.mirex.gob.do\/consular\/amsterdam\/","name":"Consulado General de la Rep\u00fablica Dominicana en La Haya, Reino de los Pa\u00edses Bajos","description":"","publisher":{"@id":"https:\/\/nld.mirex.gob.do\/consular\/amsterdam\/#organization"},"potentialAction":[{"@type":"SearchAction","target":{"@type":"EntryPoint","urlTemplate":"https:\/\/nld.mirex.gob.do\/consular\/amsterdam\/?s={search_term_string}"},"query-input":{"@type":"PropertyValueSpecification","valueRequired":true,"valueName":"search_term_string"}}],"inLanguage":"en-US"},{"@type":"Organization","@id":"https:\/\/nld.mirex.gob.do\/consular\/amsterdam\/#organization","name":"Consulado General de la Rep\u00fablica Dominicana en La Haya, Reino de los Pa\u00edses Bajos","url":"https:\/\/nld.mirex.gob.do\/consular\/amsterdam\/","logo":{"@type":"ImageObject","inLanguage":"en-US","@id":"https:\/\/nld.mirex.gob.do\/consular\/amsterdam\/#\/schema\/logo\/image\/","url":"https:\/\/nld.mirex.gob.do\/consular\/amsterdam\/wp-content\/uploads\/2024\/04\/cropped-consulado_la_haya_reinode_los_Paises_Bajos.jpg","contentUrl":"https:\/\/nld.mirex.gob.do\/consular\/amsterdam\/wp-content\/uploads\/2024\/04\/cropped-consulado_la_haya_reinode_los_Paises_Bajos.jpg","width":999,"height":407,"caption":"Consulado General de la Rep\u00fablica Dominicana en La Haya, Reino de los Pa\u00edses Bajos"},"image":{"@id":"https:\/\/nld.mirex.gob.do\/consular\/amsterdam\/#\/schema\/logo\/image\/"}},{"@type":"Person","@id":"https:\/\/nld.mirex.gob.do\/consular\/amsterdam\/#\/schema\/person\/772a9951ade6a7e4ab978b618b619ff8","name":"Michael Antonio Melo Andujar","image":{"@type":"ImageObject","inLanguage":"en-US","@id":"https:\/\/secure.gravatar.com\/avatar\/f8862d24b6945a30d30c9727ef9dfcd533ee25a18a27afc92991446aeb0e652d?s=96&d=mm&r=g","url":"https:\/\/secure.gravatar.com\/avatar\/f8862d24b6945a30d30c9727ef9dfcd533ee25a18a27afc92991446aeb0e652d?s=96&d=mm&r=g","contentUrl":"https:\/\/secure.gravatar.com\/avatar\/f8862d24b6945a30d30c9727ef9dfcd533ee25a18a27afc92991446aeb0e652d?s=96&d=mm&r=g","caption":"Michael Antonio Melo Andujar"}}]}},"_links":{"self":[{"href":"https:\/\/nld.mirex.gob.do\/consular\/amsterdam\/wp-json\/wp\/v2\/posts\/6271","targetHints":{"allow":["GET"]}}],"collection":[{"href":"https:\/\/nld.mirex.gob.do\/consular\/amsterdam\/wp-json\/wp\/v2\/posts"}],"about":[{"href":"https:\/\/nld.mirex.gob.do\/consular\/amsterdam\/wp-json\/wp\/v2\/types\/post"}],"author":[{"embeddable":true,"href":"https:\/\/nld.mirex.gob.do\/consular\/amsterdam\/wp-json\/wp\/v2\/users\/8"}],"replies":[{"embeddable":true,"href":"https:\/\/nld.mirex.gob.do\/consular\/amsterdam\/wp-json\/wp\/v2\/comments?post=6271"}],"version-history":[{"count":0,"href":"https:\/\/nld.mirex.gob.do\/consular\/amsterdam\/wp-json\/wp\/v2\/posts\/6271\/revisions"}],"wp:featuredmedia":[{"embeddable":true,"href":"https:\/\/nld.mirex.gob.do\/consular\/amsterdam\/wp-json\/"}],"wp:attachment":[{"href":"https:\/\/nld.mirex.gob.do\/consular\/amsterdam\/wp-json\/wp\/v2\/media?parent=6271"}],"wp:term":[{"taxonomy":"category","embeddable":true,"href":"https:\/\/nld.mirex.gob.do\/consular\/amsterdam\/wp-json\/wp\/v2\/categories?post=6271"},{"taxonomy":"post_tag","embeddable":true,"href":"https:\/\/nld.mirex.gob.do\/consular\/amsterdam\/wp-json\/wp\/v2\/tags?post=6271"}],"curies":[{"name":"wp","href":"https:\/\/api.w.org\/{rel}","templated":true}]}}