{"id":6259,"date":"2015-02-11T20:10:30","date_gmt":"2015-02-11T20:10:30","guid":{"rendered":"http:\/\/www.consuladordvalencia.com\/?p=748"},"modified":"2015-02-11T20:10:30","modified_gmt":"2015-02-11T20:10:30","slug":"pasaporte-provisional-o-carta-de-ruta","status":"publish","type":"post","link":"https:\/\/nld.mirex.gob.do\/consular\/amsterdam\/pasaporte-provisional-o-carta-de-ruta\/","title":{"rendered":"Pasaporte provisional o carta de ruta"},"content":{"rendered":"<h1>Pasaporte provisional o carta de ruta<\/h1>\n<p align=\"justify\"><strong>DESCRIPCI\u00d3N <\/strong><\/p>\n<p align=\"justify\">La emisi\u00f3n de un pasaporte provisional o carta de ruta lo expide el Consulado de la Rep\u00fablica Dominicana en casos excepcionales a todos los ciudadanos dominicanos que no dispongan de pasaporte en vigor y requieran viajar a la Rep\u00fablica Dominicana. Este documento se expide por una validez de 30 d\u00edas \u00fanica y exclusivamente para regresar a la Rep\u00fablica Dominicana. A efectos de poder volver al pa\u00eds en donde se le otorg\u00f3 el pasaporte provisional el ciudadano dominicano deber\u00e1 gestionar en territorio dominicano la obtenci\u00f3n del pasaporte.<\/p>\n<p align=\"justify\">Todo ciudadano dominicano tiene derecho a solicitar en la soficinas consulares de la Rep\u00fablica Dominicana un pasaporte provisional o carta de ruta.<\/p>\n<p align=\"justify\">\u00a0<strong>REQUISITOS <\/strong><\/p>\n<p align=\"justify\">Presentarse a la sede consular dominicana que le corresponda\u00a0con la siguiente documentaci\u00f3n y requisitos:<\/p>\n<ol dir=\"ltr\">\n<li>\n<div align=\"justify\">Documento que lo identifique como dominicano (pasaporte caducado, cedula dominicana, acta de nacimiento, carn\u00e9 de conducir dominicano, otros).<\/div>\n<\/li>\n<li>\n<div align=\"justify\">Si el pasaporte lo ha perdido, acta de denuncia ante una comisar\u00eda.<\/div>\n<\/li>\n<li>\n<div align=\"justify\">Fotograf\u00eda reciente, tama\u00f1o 4 x 5 cent\u00edmetros, foto a color con fondo blanco, sin sombra, de frente, sin pendientes (aretes), sin piercing, sin cadena, sin sonrisa, sin gesto, con el cabello hacia detr\u00e1s, con orejas y frente descubiertas, sin flequito y tomada de cerca.<\/div>\n<\/li>\n<\/ol>\n<p align=\"justify\"><strong>TIEMPO DE OBTENCION <\/strong><\/p>\n<p align=\"justify\">Entre 10 minutos y 2 horas, dependiendo de la cantidad de solicitudes previas y la disponibilidad de personal<\/p>\n<p align=\"justify\">\u00a0<strong>PRECIO<\/strong><\/p>\n<p>El importe es de:\u00a0<strong>40,00<\/strong><\/p>\n<p align=\"justify\"><strong>OBSERVACIONES <\/strong><\/p>\n<ol dir=\"ltr\">\n<li>\n<div align=\"justify\">Este documento debe ser gestionado directamente por el interesado al menos que exista una raz\u00f3n justificada para que sea otra persona quien lo solicita.<\/div>\n<\/li>\n<li>\n<div align=\"justify\">Si el pasaporte es para un menor, debe gestionarlo uno de sus padres o representante legal.<\/div>\n<\/li>\n<li>\n<div align=\"justify\">El importe a pagar es en <strong>d\u00f3lares estadounidenses (USD)<\/strong>, en la zona EURO se cobra en <strong>EUROS<\/strong> o en la moneda del pa\u00eds donde se encuentra la Oficina Consular.<\/div>\n<\/li>\n<li>\n<div align=\"justify\">El importe a pagar puede variar dependiendo del costo de vida de la ciudad donde se encuentra la Oficina Consular.<\/div>\n<\/li>\n<li>\n<div align=\"justify\">En esta secci\u00f3n s\u00f3lo se mencionan los servicios m\u00e1s frecuentes. Cualquier otro tipo de servicio asociado a pasaporte ser\u00e1 abordado atendiendo a la naturaleza de la solicitud.<\/div>\n<\/li>\n<li>\n<div align=\"justify\">Para cualquier servicio, las oficinas consulares est\u00e1n autorizadas a incluir requisitos adicionales a los indicados en este documento.<\/div>\n<\/li>\n<li>\n<div align=\"justify\">Las oficinas consulares tienen derecho a negarse a gestionar un servicio, si el personal consular duda de la utilidad para el ciudadano; si piensa que dicho servicio puede lesionar los intereses futuros del Solicitante; o si pone en duda la FE p\u00fablica de la Oficina Consular.<\/div>\n<\/li>\n<li>\n<div align=\"justify\">Algunas oficinas consulares disponen de servicio de fotograf\u00eda, consultar la disponibilidad de este servicio.<\/div>\n<\/li>\n<\/ol>\n<p>&nbsp;<\/p>\n<p><strong>Formulario<\/strong><\/p>\n<ul>\n<li><a href=\"https:\/\/www.consuladordholanda.com\/wp-content\/uploads\/2015\/03\/Pasaportes.pdf\">Formulario Pasaportes.pdf<\/a><\/li>\n<\/ul>\n<p>Descargar Formulario para llenar a mano<\/p>\n<p><strong> Documentos relacionados<\/strong><\/p>\n<ul>\n<li><a href=\"https:\/\/www.consuladordholanda.com\/wp-content\/uploads\/2015\/03\/Pasaporte-provisional-o-carta-de-ruta.pdf\">Pasaporte provisional o carta de ruta.pdf<\/a><\/li>\n<\/ul>\n<p>La informaci\u00f3n contenida en esta p\u00e1gina en un documento PDF.<\/p>\n<p><strong>Enlaces desde ConsuladoRD.com<\/strong><\/p>\n<ul>\n<li><a href=\"http:\/\/www.consuladord.com\/pdfs\/formularios\/Pasaportes.pdf\" target=\"_blank\" rel=\"noopener\">Formulario Pasaportes.pdf<\/a><\/li>\n<li><a href=\"http:\/\/www.consuladord.com\/contenidos.aspx?cid=18&amp;lang=ES\" target=\"_blank\" rel=\"noopener\">http:\/\/www.consuladord.com\/contenidos.aspx?cid=18&amp;lang=ES<\/a><\/li>\n<\/ul>\n","protected":false},"excerpt":{"rendered":"<p>Pasaporte provisional o carta de ruta DESCRIPCI\u00d3N La emisi\u00f3n de un pasaporte provisional o carta de ruta lo expide el Consulado de la Rep\u00fablica Dominicana en casos excepcionales a todos los ciudadanos dominicanos que no dispongan de pasaporte en vigor y requieran viajar a la Rep\u00fablica Dominicana. Este documento se expide por una validez de [&hellip;]<\/p>\n","protected":false},"author":8,"featured_media":1131,"comment_status":"closed","ping_status":"closed","sticky":false,"template":"","format":"standard","meta":{"site-sidebar-layout":"default","site-content-layout":"","ast-site-content-layout":"default","site-content-style":"default","site-sidebar-style":"default","ast-global-header-display":"","ast-banner-title-visibility":"","ast-main-header-display":"","ast-hfb-above-header-display":"","ast-hfb-below-header-display":"","ast-hfb-mobile-header-display":"","site-post-title":"","ast-breadcrumbs-content":"","ast-featured-img":"","footer-sml-layout":"","ast-disable-related-posts":"","theme-transparent-header-meta":"","adv-header-id-meta":"","stick-header-meta":"","header-above-stick-meta":"","header-main-stick-meta":"","header-below-stick-meta":"","astra-migrate-meta-layouts":"default","ast-page-background-enabled":"default","ast-page-background-meta":{"desktop":{"background-color":"","background-image":"","background-repeat":"repeat","background-position":"center center","background-size":"auto","background-attachment":"scroll","background-type":"","background-media":"","overlay-type":"","overlay-color":"","overlay-opacity":"","overlay-gradient":""},"tablet":{"background-color":"","background-image":"","background-repeat":"repeat","background-position":"center center","background-size":"auto","background-attachment":"scroll","background-type":"","background-media":"","overlay-type":"","overlay-color":"","overlay-opacity":"","overlay-gradient":""},"mobile":{"background-color":"","background-image":"","background-repeat":"repeat","background-position":"center center","background-size":"auto","background-attachment":"scroll","background-type":"","background-media":"","overlay-type":"","overlay-color":"","overlay-opacity":"","overlay-gradient":""}},"ast-content-background-meta":{"desktop":{"background-color":"var(--ast-global-color-5)","background-image":"","background-repeat":"repeat","background-position":"center center","background-size":"auto","background-attachment":"scroll","background-type":"","background-media":"","overlay-type":"","overlay-color":"","overlay-opacity":"","overlay-gradient":""},"tablet":{"background-color":"var(--ast-global-color-5)","background-image":"","background-repeat":"repeat","background-position":"center center","background-size":"auto","background-attachment":"scroll","background-type":"","background-media":"","overlay-type":"","overlay-color":"","overlay-opacity":"","overlay-gradient":""},"mobile":{"background-color":"var(--ast-global-color-5)","background-image":"","background-repeat":"repeat","background-position":"center center","background-size":"auto","background-attachment":"scroll","background-type":"","background-media":"","overlay-type":"","overlay-color":"","overlay-opacity":"","overlay-gradient":""}},"footnotes":""},"categories":[86,70],"tags":[111,112,87,113,75],"class_list":["post-6259","post","type-post","status-publish","format-standard","has-post-thumbnail","hentry","category-pasaportes","category-servicios-consulares","tag-hoja-de-ruta","tag-pasaporte-provisional","tag-pasaportes","tag-renovacion-de-pasaportes","tag-servicio-consular"],"yoast_head":"<!-- This site is optimized with the Yoast SEO plugin v27.4 - https:\/\/yoast.com\/product\/yoast-seo-wordpress\/ -->\n<title>Pasaporte provisional o carta de ruta - Consulado General de la Rep\u00fablica Dominicana en La Haya, Reino de los Pa\u00edses Bajos<\/title>\n<meta name=\"description\" content=\"Todo ciudadano dominicano tiene derecho a solicitar en la soficinas consulares de la Rep\u00fablica Dominicana un pasaporte provisional o carta de ruta.\" \/>\n<meta name=\"robots\" content=\"index, follow, max-snippet:-1, max-image-preview:large, max-video-preview:-1\" \/>\n<link rel=\"canonical\" href=\"https:\/\/nld.mirex.gob.do\/consular\/amsterdam\/pasaporte-provisional-o-carta-de-ruta\/\" \/>\n<meta property=\"og:locale\" content=\"en_US\" \/>\n<meta property=\"og:type\" content=\"article\" \/>\n<meta property=\"og:title\" content=\"Pasaporte provisional o carta de ruta - Consulado General de la Rep\u00fablica Dominicana en La Haya, Reino de los Pa\u00edses Bajos\" \/>\n<meta property=\"og:description\" content=\"Todo ciudadano dominicano tiene derecho a solicitar en la soficinas consulares de la Rep\u00fablica Dominicana un pasaporte provisional o carta de ruta.\" \/>\n<meta property=\"og:url\" content=\"https:\/\/nld.mirex.gob.do\/consular\/amsterdam\/pasaporte-provisional-o-carta-de-ruta\/\" \/>\n<meta property=\"og:site_name\" content=\"Consulado General de la Rep\u00fablica Dominicana en La Haya, Reino de los Pa\u00edses Bajos\" \/>\n<meta property=\"article:published_time\" content=\"2015-02-11T20:10:30+00:00\" \/>\n<meta property=\"og:image\" content=\"https:\/\/nld.mirex.gob.do\/consular\/amsterdam\/wp-content\/uploads\/2015\/02\/elemento.png\" \/>\n\t<meta property=\"og:image:width\" content=\"450\" \/>\n\t<meta property=\"og:image:height\" content=\"350\" \/>\n\t<meta property=\"og:image:type\" content=\"image\/png\" \/>\n<meta name=\"author\" content=\"Michael Antonio Melo Andujar\" \/>\n<meta name=\"twitter:card\" content=\"summary_large_image\" \/>\n<meta name=\"twitter:label1\" content=\"Written by\" \/>\n\t<meta name=\"twitter:data1\" content=\"Michael Antonio Melo Andujar\" \/>\n\t<meta name=\"twitter:label2\" content=\"Est. reading time\" \/>\n\t<meta name=\"twitter:data2\" content=\"2 minutes\" \/>\n<script type=\"application\/ld+json\" class=\"yoast-schema-graph\">{\"@context\":\"https:\\\/\\\/schema.org\",\"@graph\":[{\"@type\":\"Article\",\"@id\":\"https:\\\/\\\/nld.mirex.gob.do\\\/consular\\\/amsterdam\\\/pasaporte-provisional-o-carta-de-ruta\\\/#article\",\"isPartOf\":{\"@id\":\"https:\\\/\\\/nld.mirex.gob.do\\\/consular\\\/amsterdam\\\/pasaporte-provisional-o-carta-de-ruta\\\/\"},\"author\":{\"name\":\"Michael Antonio Melo Andujar\",\"@id\":\"https:\\\/\\\/nld.mirex.gob.do\\\/consular\\\/amsterdam\\\/#\\\/schema\\\/person\\\/772a9951ade6a7e4ab978b618b619ff8\"},\"headline\":\"Pasaporte provisional o carta de ruta\",\"datePublished\":\"2015-02-11T20:10:30+00:00\",\"mainEntityOfPage\":{\"@id\":\"https:\\\/\\\/nld.mirex.gob.do\\\/consular\\\/amsterdam\\\/pasaporte-provisional-o-carta-de-ruta\\\/\"},\"wordCount\":500,\"publisher\":{\"@id\":\"https:\\\/\\\/nld.mirex.gob.do\\\/consular\\\/amsterdam\\\/#organization\"},\"image\":{\"@id\":\"https:\\\/\\\/nld.mirex.gob.do\\\/consular\\\/amsterdam\\\/pasaporte-provisional-o-carta-de-ruta\\\/#primaryimage\"},\"thumbnailUrl\":\"https:\\\/\\\/nld.mirex.gob.do\\\/consular\\\/amsterdam\\\/wp-content\\\/uploads\\\/2015\\\/02\\\/elemento.png\",\"keywords\":[\"Hoja de ruta\",\"Pasaporte provisional\",\"Pasaportes\",\"Renovaci\u00f3n de pasaportes\",\"Servicio Consular\"],\"articleSection\":[\"Pasaportes\",\"Servicios Consulares\"],\"inLanguage\":\"en-US\"},{\"@type\":\"WebPage\",\"@id\":\"https:\\\/\\\/nld.mirex.gob.do\\\/consular\\\/amsterdam\\\/pasaporte-provisional-o-carta-de-ruta\\\/\",\"url\":\"https:\\\/\\\/nld.mirex.gob.do\\\/consular\\\/amsterdam\\\/pasaporte-provisional-o-carta-de-ruta\\\/\",\"name\":\"Pasaporte provisional o carta de ruta - Consulado General de la Rep\u00fablica Dominicana en La Haya, Reino de los Pa\u00edses Bajos\",\"isPartOf\":{\"@id\":\"https:\\\/\\\/nld.mirex.gob.do\\\/consular\\\/amsterdam\\\/#website\"},\"primaryImageOfPage\":{\"@id\":\"https:\\\/\\\/nld.mirex.gob.do\\\/consular\\\/amsterdam\\\/pasaporte-provisional-o-carta-de-ruta\\\/#primaryimage\"},\"image\":{\"@id\":\"https:\\\/\\\/nld.mirex.gob.do\\\/consular\\\/amsterdam\\\/pasaporte-provisional-o-carta-de-ruta\\\/#primaryimage\"},\"thumbnailUrl\":\"https:\\\/\\\/nld.mirex.gob.do\\\/consular\\\/amsterdam\\\/wp-content\\\/uploads\\\/2015\\\/02\\\/elemento.png\",\"datePublished\":\"2015-02-11T20:10:30+00:00\",\"description\":\"Todo ciudadano dominicano tiene derecho a solicitar en la soficinas consulares de la Rep\u00fablica Dominicana un pasaporte provisional o carta de ruta.\",\"breadcrumb\":{\"@id\":\"https:\\\/\\\/nld.mirex.gob.do\\\/consular\\\/amsterdam\\\/pasaporte-provisional-o-carta-de-ruta\\\/#breadcrumb\"},\"inLanguage\":\"en-US\",\"potentialAction\":[{\"@type\":\"ReadAction\",\"target\":[\"https:\\\/\\\/nld.mirex.gob.do\\\/consular\\\/amsterdam\\\/pasaporte-provisional-o-carta-de-ruta\\\/\"]}]},{\"@type\":\"ImageObject\",\"inLanguage\":\"en-US\",\"@id\":\"https:\\\/\\\/nld.mirex.gob.do\\\/consular\\\/amsterdam\\\/pasaporte-provisional-o-carta-de-ruta\\\/#primaryimage\",\"url\":\"https:\\\/\\\/nld.mirex.gob.do\\\/consular\\\/amsterdam\\\/wp-content\\\/uploads\\\/2015\\\/02\\\/elemento.png\",\"contentUrl\":\"https:\\\/\\\/nld.mirex.gob.do\\\/consular\\\/amsterdam\\\/wp-content\\\/uploads\\\/2015\\\/02\\\/elemento.png\",\"width\":450,\"height\":350},{\"@type\":\"BreadcrumbList\",\"@id\":\"https:\\\/\\\/nld.mirex.gob.do\\\/consular\\\/amsterdam\\\/pasaporte-provisional-o-carta-de-ruta\\\/#breadcrumb\",\"itemListElement\":[{\"@type\":\"ListItem\",\"position\":1,\"name\":\"Inicio\",\"item\":\"https:\\\/\\\/nld.mirex.gob.do\\\/consular\\\/amsterdam\\\/\"},{\"@type\":\"ListItem\",\"position\":2,\"name\":\"Pasaporte provisional o carta de ruta\"}]},{\"@type\":\"WebSite\",\"@id\":\"https:\\\/\\\/nld.mirex.gob.do\\\/consular\\\/amsterdam\\\/#website\",\"url\":\"https:\\\/\\\/nld.mirex.gob.do\\\/consular\\\/amsterdam\\\/\",\"name\":\"Consulado General de la Rep\u00fablica Dominicana en La Haya, Reino de los Pa\u00edses Bajos\",\"description\":\"\",\"publisher\":{\"@id\":\"https:\\\/\\\/nld.mirex.gob.do\\\/consular\\\/amsterdam\\\/#organization\"},\"potentialAction\":[{\"@type\":\"SearchAction\",\"target\":{\"@type\":\"EntryPoint\",\"urlTemplate\":\"https:\\\/\\\/nld.mirex.gob.do\\\/consular\\\/amsterdam\\\/?s={search_term_string}\"},\"query-input\":{\"@type\":\"PropertyValueSpecification\",\"valueRequired\":true,\"valueName\":\"search_term_string\"}}],\"inLanguage\":\"en-US\"},{\"@type\":\"Organization\",\"@id\":\"https:\\\/\\\/nld.mirex.gob.do\\\/consular\\\/amsterdam\\\/#organization\",\"name\":\"Consulado General de la Rep\u00fablica Dominicana en La Haya, Reino de los Pa\u00edses Bajos\",\"url\":\"https:\\\/\\\/nld.mirex.gob.do\\\/consular\\\/amsterdam\\\/\",\"logo\":{\"@type\":\"ImageObject\",\"inLanguage\":\"en-US\",\"@id\":\"https:\\\/\\\/nld.mirex.gob.do\\\/consular\\\/amsterdam\\\/#\\\/schema\\\/logo\\\/image\\\/\",\"url\":\"https:\\\/\\\/nld.mirex.gob.do\\\/consular\\\/amsterdam\\\/wp-content\\\/uploads\\\/2024\\\/04\\\/cropped-consulado_la_haya_reinode_los_Paises_Bajos.jpg\",\"contentUrl\":\"https:\\\/\\\/nld.mirex.gob.do\\\/consular\\\/amsterdam\\\/wp-content\\\/uploads\\\/2024\\\/04\\\/cropped-consulado_la_haya_reinode_los_Paises_Bajos.jpg\",\"width\":999,\"height\":407,\"caption\":\"Consulado General de la Rep\u00fablica Dominicana en La Haya, Reino de los Pa\u00edses Bajos\"},\"image\":{\"@id\":\"https:\\\/\\\/nld.mirex.gob.do\\\/consular\\\/amsterdam\\\/#\\\/schema\\\/logo\\\/image\\\/\"}},{\"@type\":\"Person\",\"@id\":\"https:\\\/\\\/nld.mirex.gob.do\\\/consular\\\/amsterdam\\\/#\\\/schema\\\/person\\\/772a9951ade6a7e4ab978b618b619ff8\",\"name\":\"Michael Antonio Melo Andujar\",\"image\":{\"@type\":\"ImageObject\",\"inLanguage\":\"en-US\",\"@id\":\"https:\\\/\\\/secure.gravatar.com\\\/avatar\\\/f8862d24b6945a30d30c9727ef9dfcd533ee25a18a27afc92991446aeb0e652d?s=96&d=mm&r=g\",\"url\":\"https:\\\/\\\/secure.gravatar.com\\\/avatar\\\/f8862d24b6945a30d30c9727ef9dfcd533ee25a18a27afc92991446aeb0e652d?s=96&d=mm&r=g\",\"contentUrl\":\"https:\\\/\\\/secure.gravatar.com\\\/avatar\\\/f8862d24b6945a30d30c9727ef9dfcd533ee25a18a27afc92991446aeb0e652d?s=96&d=mm&r=g\",\"caption\":\"Michael Antonio Melo Andujar\"}}]}<\/script>\n<!-- \/ Yoast SEO plugin. -->","yoast_head_json":{"title":"Pasaporte provisional o carta de ruta - Consulado General de la Rep\u00fablica Dominicana en La Haya, Reino de los Pa\u00edses Bajos","description":"Todo ciudadano dominicano tiene derecho a solicitar en la soficinas consulares de la Rep\u00fablica Dominicana un pasaporte provisional o carta de ruta.","robots":{"index":"index","follow":"follow","max-snippet":"max-snippet:-1","max-image-preview":"max-image-preview:large","max-video-preview":"max-video-preview:-1"},"canonical":"https:\/\/nld.mirex.gob.do\/consular\/amsterdam\/pasaporte-provisional-o-carta-de-ruta\/","og_locale":"en_US","og_type":"article","og_title":"Pasaporte provisional o carta de ruta - Consulado General de la Rep\u00fablica Dominicana en La Haya, Reino de los Pa\u00edses Bajos","og_description":"Todo ciudadano dominicano tiene derecho a solicitar en la soficinas consulares de la Rep\u00fablica Dominicana un pasaporte provisional o carta de ruta.","og_url":"https:\/\/nld.mirex.gob.do\/consular\/amsterdam\/pasaporte-provisional-o-carta-de-ruta\/","og_site_name":"Consulado General de la Rep\u00fablica Dominicana en La Haya, Reino de los Pa\u00edses Bajos","article_published_time":"2015-02-11T20:10:30+00:00","og_image":[{"width":450,"height":350,"url":"https:\/\/nld.mirex.gob.do\/consular\/amsterdam\/wp-content\/uploads\/2015\/02\/elemento.png","type":"image\/png"}],"author":"Michael Antonio Melo Andujar","twitter_card":"summary_large_image","twitter_misc":{"Written by":"Michael Antonio Melo Andujar","Est. reading time":"2 minutes"},"schema":{"@context":"https:\/\/schema.org","@graph":[{"@type":"Article","@id":"https:\/\/nld.mirex.gob.do\/consular\/amsterdam\/pasaporte-provisional-o-carta-de-ruta\/#article","isPartOf":{"@id":"https:\/\/nld.mirex.gob.do\/consular\/amsterdam\/pasaporte-provisional-o-carta-de-ruta\/"},"author":{"name":"Michael Antonio Melo Andujar","@id":"https:\/\/nld.mirex.gob.do\/consular\/amsterdam\/#\/schema\/person\/772a9951ade6a7e4ab978b618b619ff8"},"headline":"Pasaporte provisional o carta de ruta","datePublished":"2015-02-11T20:10:30+00:00","mainEntityOfPage":{"@id":"https:\/\/nld.mirex.gob.do\/consular\/amsterdam\/pasaporte-provisional-o-carta-de-ruta\/"},"wordCount":500,"publisher":{"@id":"https:\/\/nld.mirex.gob.do\/consular\/amsterdam\/#organization"},"image":{"@id":"https:\/\/nld.mirex.gob.do\/consular\/amsterdam\/pasaporte-provisional-o-carta-de-ruta\/#primaryimage"},"thumbnailUrl":"https:\/\/nld.mirex.gob.do\/consular\/amsterdam\/wp-content\/uploads\/2015\/02\/elemento.png","keywords":["Hoja de ruta","Pasaporte provisional","Pasaportes","Renovaci\u00f3n de pasaportes","Servicio Consular"],"articleSection":["Pasaportes","Servicios Consulares"],"inLanguage":"en-US"},{"@type":"WebPage","@id":"https:\/\/nld.mirex.gob.do\/consular\/amsterdam\/pasaporte-provisional-o-carta-de-ruta\/","url":"https:\/\/nld.mirex.gob.do\/consular\/amsterdam\/pasaporte-provisional-o-carta-de-ruta\/","name":"Pasaporte provisional o carta de ruta - Consulado General de la Rep\u00fablica Dominicana en La Haya, Reino de los Pa\u00edses Bajos","isPartOf":{"@id":"https:\/\/nld.mirex.gob.do\/consular\/amsterdam\/#website"},"primaryImageOfPage":{"@id":"https:\/\/nld.mirex.gob.do\/consular\/amsterdam\/pasaporte-provisional-o-carta-de-ruta\/#primaryimage"},"image":{"@id":"https:\/\/nld.mirex.gob.do\/consular\/amsterdam\/pasaporte-provisional-o-carta-de-ruta\/#primaryimage"},"thumbnailUrl":"https:\/\/nld.mirex.gob.do\/consular\/amsterdam\/wp-content\/uploads\/2015\/02\/elemento.png","datePublished":"2015-02-11T20:10:30+00:00","description":"Todo ciudadano dominicano tiene derecho a solicitar en la soficinas consulares de la Rep\u00fablica Dominicana un pasaporte provisional o carta de ruta.","breadcrumb":{"@id":"https:\/\/nld.mirex.gob.do\/consular\/amsterdam\/pasaporte-provisional-o-carta-de-ruta\/#breadcrumb"},"inLanguage":"en-US","potentialAction":[{"@type":"ReadAction","target":["https:\/\/nld.mirex.gob.do\/consular\/amsterdam\/pasaporte-provisional-o-carta-de-ruta\/"]}]},{"@type":"ImageObject","inLanguage":"en-US","@id":"https:\/\/nld.mirex.gob.do\/consular\/amsterdam\/pasaporte-provisional-o-carta-de-ruta\/#primaryimage","url":"https:\/\/nld.mirex.gob.do\/consular\/amsterdam\/wp-content\/uploads\/2015\/02\/elemento.png","contentUrl":"https:\/\/nld.mirex.gob.do\/consular\/amsterdam\/wp-content\/uploads\/2015\/02\/elemento.png","width":450,"height":350},{"@type":"BreadcrumbList","@id":"https:\/\/nld.mirex.gob.do\/consular\/amsterdam\/pasaporte-provisional-o-carta-de-ruta\/#breadcrumb","itemListElement":[{"@type":"ListItem","position":1,"name":"Inicio","item":"https:\/\/nld.mirex.gob.do\/consular\/amsterdam\/"},{"@type":"ListItem","position":2,"name":"Pasaporte provisional o carta de ruta"}]},{"@type":"WebSite","@id":"https:\/\/nld.mirex.gob.do\/consular\/amsterdam\/#website","url":"https:\/\/nld.mirex.gob.do\/consular\/amsterdam\/","name":"Consulado General de la Rep\u00fablica Dominicana en La Haya, Reino de los Pa\u00edses Bajos","description":"","publisher":{"@id":"https:\/\/nld.mirex.gob.do\/consular\/amsterdam\/#organization"},"potentialAction":[{"@type":"SearchAction","target":{"@type":"EntryPoint","urlTemplate":"https:\/\/nld.mirex.gob.do\/consular\/amsterdam\/?s={search_term_string}"},"query-input":{"@type":"PropertyValueSpecification","valueRequired":true,"valueName":"search_term_string"}}],"inLanguage":"en-US"},{"@type":"Organization","@id":"https:\/\/nld.mirex.gob.do\/consular\/amsterdam\/#organization","name":"Consulado General de la Rep\u00fablica Dominicana en La Haya, Reino de los Pa\u00edses Bajos","url":"https:\/\/nld.mirex.gob.do\/consular\/amsterdam\/","logo":{"@type":"ImageObject","inLanguage":"en-US","@id":"https:\/\/nld.mirex.gob.do\/consular\/amsterdam\/#\/schema\/logo\/image\/","url":"https:\/\/nld.mirex.gob.do\/consular\/amsterdam\/wp-content\/uploads\/2024\/04\/cropped-consulado_la_haya_reinode_los_Paises_Bajos.jpg","contentUrl":"https:\/\/nld.mirex.gob.do\/consular\/amsterdam\/wp-content\/uploads\/2024\/04\/cropped-consulado_la_haya_reinode_los_Paises_Bajos.jpg","width":999,"height":407,"caption":"Consulado General de la Rep\u00fablica Dominicana en La Haya, Reino de los Pa\u00edses Bajos"},"image":{"@id":"https:\/\/nld.mirex.gob.do\/consular\/amsterdam\/#\/schema\/logo\/image\/"}},{"@type":"Person","@id":"https:\/\/nld.mirex.gob.do\/consular\/amsterdam\/#\/schema\/person\/772a9951ade6a7e4ab978b618b619ff8","name":"Michael Antonio Melo Andujar","image":{"@type":"ImageObject","inLanguage":"en-US","@id":"https:\/\/secure.gravatar.com\/avatar\/f8862d24b6945a30d30c9727ef9dfcd533ee25a18a27afc92991446aeb0e652d?s=96&d=mm&r=g","url":"https:\/\/secure.gravatar.com\/avatar\/f8862d24b6945a30d30c9727ef9dfcd533ee25a18a27afc92991446aeb0e652d?s=96&d=mm&r=g","contentUrl":"https:\/\/secure.gravatar.com\/avatar\/f8862d24b6945a30d30c9727ef9dfcd533ee25a18a27afc92991446aeb0e652d?s=96&d=mm&r=g","caption":"Michael Antonio Melo Andujar"}}]}},"_links":{"self":[{"href":"https:\/\/nld.mirex.gob.do\/consular\/amsterdam\/wp-json\/wp\/v2\/posts\/6259","targetHints":{"allow":["GET"]}}],"collection":[{"href":"https:\/\/nld.mirex.gob.do\/consular\/amsterdam\/wp-json\/wp\/v2\/posts"}],"about":[{"href":"https:\/\/nld.mirex.gob.do\/consular\/amsterdam\/wp-json\/wp\/v2\/types\/post"}],"author":[{"embeddable":true,"href":"https:\/\/nld.mirex.gob.do\/consular\/amsterdam\/wp-json\/wp\/v2\/users\/8"}],"replies":[{"embeddable":true,"href":"https:\/\/nld.mirex.gob.do\/consular\/amsterdam\/wp-json\/wp\/v2\/comments?post=6259"}],"version-history":[{"count":0,"href":"https:\/\/nld.mirex.gob.do\/consular\/amsterdam\/wp-json\/wp\/v2\/posts\/6259\/revisions"}],"wp:featuredmedia":[{"embeddable":true,"href":"https:\/\/nld.mirex.gob.do\/consular\/amsterdam\/wp-json\/wp\/v2\/media\/1131"}],"wp:attachment":[{"href":"https:\/\/nld.mirex.gob.do\/consular\/amsterdam\/wp-json\/wp\/v2\/media?parent=6259"}],"wp:term":[{"taxonomy":"category","embeddable":true,"href":"https:\/\/nld.mirex.gob.do\/consular\/amsterdam\/wp-json\/wp\/v2\/categories?post=6259"},{"taxonomy":"post_tag","embeddable":true,"href":"https:\/\/nld.mirex.gob.do\/consular\/amsterdam\/wp-json\/wp\/v2\/tags?post=6259"}],"curies":[{"name":"wp","href":"https:\/\/api.w.org\/{rel}","templated":true}]}}