{"id":6255,"date":"2015-02-05T11:54:02","date_gmt":"2015-02-05T11:54:02","guid":{"rendered":"http:\/\/www.consuladordvalencia.com\/?p=543"},"modified":"2015-02-05T11:54:02","modified_gmt":"2015-02-05T11:54:02","slug":"agroalimentaria-2015-proxima-5a-edicion-del-7-al-9-de-mayo-de-2015-en-santo-domingo","status":"publish","type":"post","link":"https:\/\/nld.mirex.gob.do\/consular\/amsterdam\/agroalimentaria-2015-proxima-5a-edicion-del-7-al-9-de-mayo-de-2015-en-santo-domingo\/","title":{"rendered":"Agroalimentaria 2015 &#8211; Pr\u00f3xima 5\u00aa Edici\u00f3n, del 7 al 9 de mayo de 2015 en Santo Domingo"},"content":{"rendered":"<p>&nbsp;<\/p>\n<figure id=\"attachment_544\" aria-describedby=\"caption-attachment-544\" style=\"width: 720px\" class=\"wp-caption alignnone\"><a href=\"https:\/\/www.consuladordholanda.com\/wp-content\/uploads\/2015\/03\/10430446_739152319506323_1302037755670511896_n.jpg\"><img fetchpriority=\"high\" decoding=\"async\" class=\"wp-image-544 size-full\" src=\"https:\/\/www.consuladordholanda.com\/wp-content\/uploads\/2015\/03\/10430446_739152319506323_1302037755670511896_n.jpg\" alt=\"Agroalimentaria 2015 - 5\u00aa Edici\u00f3n - Mayo 7-9 2015\" width=\"720\" height=\"494\" \/><\/a><figcaption id=\"caption-attachment-544\" class=\"wp-caption-text\">Agroalimentaria 2015 &#8211; 5\u00aa Edici\u00f3n &#8211; Mayo 7-9 2015<\/figcaption><\/figure>\n<p>&nbsp;<\/p>\n<p><strong>Agroalimentaria 2015 &#8211; 5\u00aa Feria Internacional de Alimentos, Tabacos y Bebidas<\/strong><\/p>\n<p>En mayo pr\u00f3ximo de ete a\u00f1o, los d\u00edas del 7 al 9, se llevar\u00e1 a cabo la quinta edici\u00f3n de la Feria Internacional de Alimentos, Tabacos y Bebidas. Se desarrollar\u00e1 en el <a href=\"http:\/\/http:\/\/www.dominicanfiestahotelcasino.com\/\" target=\"_blank\" rel=\"noopener\">Hotel Dominican Fiesta<\/a> &amp; Centro de Convenciones. Santo Domingo, Rep\u00fablica Dominicana. Alli se expondr\u00e1n los productos m\u00e1s representativos del pa\u00eds, asi como las novedades de las empresas tanto agricolas como alimentarias Dominicanas.<\/p>\n<p>Si Ud. desea participar en esta feria, puede ponerse en contacto con el <a href=\"http:\/\/https:\/\/www.consuladordholanda.com\" target=\"_blank\" rel=\"noopener\">Consulado de la Rep\u00fablica Dominicana en Amsterdam, Pa\u00edses Bajos<\/a> para que le asesoremos.<\/p>\n<p>&nbsp;<\/p>\n<p>P\u00e1gina web: <a href=\"http:\/\/www.agroalimentaria.com.do\" target=\"_blank\" rel=\"noopener\">www.agroalimentaria.com.do<\/a><\/p>\n<p>Correo electr\u00f3nico:\u00a0 <a href=\"mailto:info@agroalimentaria.com.do\" target=\"_blank\" rel=\"noopener\">info@agroalimentaria.com.do<\/a><\/p>\n<p>Proxima 5\u00aa Edici\u00f3n, del 7 al 9 de mayo de 2015 en<br \/>\nHotel Dominican Fiesta &amp; Centro de Convenciones. Santo Domingo, Rep\u00fablica Dominicana.<\/p>\n<p>&nbsp;<\/p>\n<p>Organizado por<\/p>\n<figure id=\"attachment_548\" aria-describedby=\"caption-attachment-548\" style=\"width: 170px\" class=\"wp-caption alignleft\"><a href=\"http:\/\/www.jad.org.do\/\"><img decoding=\"async\" class=\"wp-image-548 size-full\" src=\"https:\/\/www.consuladordholanda.com\/wp-content\/uploads\/2015\/03\/jad.jpg\" alt=\"Junta Agroempresarial Dominicana\" width=\"170\" height=\"77\" \/><\/a><figcaption id=\"caption-attachment-548\" class=\"wp-caption-text\">JAD &#8211; Junta Agroempresarial Dominicana<\/figcaption><\/figure>\n<figure id=\"attachment_550\" aria-describedby=\"caption-attachment-550\" style=\"width: 172px\" class=\"wp-caption alignleft\"><a href=\"http:\/\/www.cei-rd.gov.do\/\"><img decoding=\"async\" class=\"wp-image-550 size-full\" src=\"https:\/\/www.consuladordholanda.com\/wp-content\/uploads\/2015\/03\/ceird.jpg\" alt=\"CEIRD - Centro de Exportaci\u00f3n e Inversi\u00f3n de la Rep\u00fablica Dominicana\" width=\"172\" height=\"91\" \/><\/a><figcaption id=\"caption-attachment-550\" class=\"wp-caption-text\">CEIRD &#8211; Centro de Exportaci\u00f3n e Inversi\u00f3n de la Rep\u00fablica Dominicana<\/figcaption><\/figure>\n<p>&nbsp;<\/p>\n<p>&nbsp;<\/p>\n<p>&nbsp;<\/p>\n<p>&nbsp;<\/p>\n<p>&nbsp;<\/p>\n<p>&nbsp;<\/p>\n<p>Vea el video promocional de una edici\u00f3n anterior:<\/p>\n<div class=\"ast-oembed-container \" style=\"height: 100%;\"><iframe title=\"Feria Internacional AGROALIMENTARIA 2013 (RD)\" width=\"500\" height=\"281\" src=\"https:\/\/www.youtube.com\/embed\/ICsdBhfsgOk?feature=oembed\" frameborder=\"0\" allow=\"accelerometer; autoplay; clipboard-write; encrypted-media; gyroscope; picture-in-picture; web-share\" referrerpolicy=\"strict-origin-when-cross-origin\" allowfullscreen><\/iframe><\/div>\n","protected":false},"excerpt":{"rendered":"<p>&nbsp; &nbsp; Agroalimentaria 2015 &#8211; 5\u00aa Feria Internacional de Alimentos, Tabacos y Bebidas En mayo pr\u00f3ximo de ete a\u00f1o, los d\u00edas del 7 al 9, se llevar\u00e1 a cabo la quinta edici\u00f3n de la Feria Internacional de Alimentos, Tabacos y Bebidas. Se desarrollar\u00e1 en el Hotel Dominican Fiesta &amp; Centro de Convenciones. Santo Domingo, Rep\u00fablica [&hellip;]<\/p>\n","protected":false},"author":8,"featured_media":1149,"comment_status":"closed","ping_status":"closed","sticky":false,"template":"","format":"standard","meta":{"site-sidebar-layout":"default","site-content-layout":"","ast-site-content-layout":"default","site-content-style":"default","site-sidebar-style":"default","ast-global-header-display":"","ast-banner-title-visibility":"","ast-main-header-display":"","ast-hfb-above-header-display":"","ast-hfb-below-header-display":"","ast-hfb-mobile-header-display":"","site-post-title":"","ast-breadcrumbs-content":"","ast-featured-img":"","footer-sml-layout":"","ast-disable-related-posts":"","theme-transparent-header-meta":"","adv-header-id-meta":"","stick-header-meta":"","header-above-stick-meta":"","header-main-stick-meta":"","header-below-stick-meta":"","astra-migrate-meta-layouts":"default","ast-page-background-enabled":"default","ast-page-background-meta":{"desktop":{"background-color":"","background-image":"","background-repeat":"repeat","background-position":"center center","background-size":"auto","background-attachment":"scroll","background-type":"","background-media":"","overlay-type":"","overlay-color":"","overlay-opacity":"","overlay-gradient":""},"tablet":{"background-color":"","background-image":"","background-repeat":"repeat","background-position":"center center","background-size":"auto","background-attachment":"scroll","background-type":"","background-media":"","overlay-type":"","overlay-color":"","overlay-opacity":"","overlay-gradient":""},"mobile":{"background-color":"","background-image":"","background-repeat":"repeat","background-position":"center center","background-size":"auto","background-attachment":"scroll","background-type":"","background-media":"","overlay-type":"","overlay-color":"","overlay-opacity":"","overlay-gradient":""}},"ast-content-background-meta":{"desktop":{"background-color":"var(--ast-global-color-5)","background-image":"","background-repeat":"repeat","background-position":"center center","background-size":"auto","background-attachment":"scroll","background-type":"","background-media":"","overlay-type":"","overlay-color":"","overlay-opacity":"","overlay-gradient":""},"tablet":{"background-color":"var(--ast-global-color-5)","background-image":"","background-repeat":"repeat","background-position":"center center","background-size":"auto","background-attachment":"scroll","background-type":"","background-media":"","overlay-type":"","overlay-color":"","overlay-opacity":"","overlay-gradient":""},"mobile":{"background-color":"var(--ast-global-color-5)","background-image":"","background-repeat":"repeat","background-position":"center center","background-size":"auto","background-attachment":"scroll","background-type":"","background-media":"","overlay-type":"","overlay-color":"","overlay-opacity":"","overlay-gradient":""}},"footnotes":""},"categories":[60],"tags":[55,56,57,58,59,61],"class_list":["post-6255","post","type-post","status-publish","format-standard","has-post-thumbnail","hentry","category-sin-categoria","tag-agroalimentaria-2015","tag-alimentos","tag-feria-internacional-de-alimentos","tag-invertir-en-la-republica-dominicana","tag-oportunidades-de-negocios","tag-tabacos-y-bebidas"],"yoast_head":"<!-- This site is optimized with the Yoast SEO plugin v27.4 - https:\/\/yoast.com\/product\/yoast-seo-wordpress\/ -->\n<title>Agroalimentaria 2015 - Pr\u00f3xima 5\u00aa Edici\u00f3n, del 7 al 9 de mayo de 2015 en Santo Domingo - Consulado General de la Rep\u00fablica Dominicana en La Haya, Reino de los Pa\u00edses Bajos<\/title>\n<meta name=\"description\" content=\"En mayo pr\u00f3ximo de ete a\u00f1o, los d\u00edas del 7 al 9, se llevar\u00e1 a cabo la quinta edici\u00f3n de Agroalimentaria 2015, la Feria Internacional de Alimentos, Tabacos y Bebidas. Se desarrollar\u00e1 en el Hotel Dominican Fiesta &amp; Centro de Convenciones. Santo Domingo, Rep\u00fablica Dominicana. Alli se expondr\u00e1n los productos m\u00e1s representativos del pa\u00eds, asi como las novedades de las empresas tanto agricolas como alimentarias Dominicanas.\" \/>\n<meta name=\"robots\" content=\"index, follow, max-snippet:-1, max-image-preview:large, max-video-preview:-1\" \/>\n<link rel=\"canonical\" href=\"https:\/\/nld.mirex.gob.do\/consular\/amsterdam\/agroalimentaria-2015-proxima-5a-edicion-del-7-al-9-de-mayo-de-2015-en-santo-domingo\/\" \/>\n<meta property=\"og:locale\" content=\"en_US\" \/>\n<meta property=\"og:type\" content=\"article\" \/>\n<meta property=\"og:title\" content=\"Agroalimentaria 2015 - Pr\u00f3xima 5\u00aa Edici\u00f3n, del 7 al 9 de mayo de 2015 en Santo Domingo - Consulado General de la Rep\u00fablica Dominicana en La Haya, Reino de los Pa\u00edses Bajos\" \/>\n<meta property=\"og:description\" content=\"En mayo pr\u00f3ximo de ete a\u00f1o, los d\u00edas del 7 al 9, se llevar\u00e1 a cabo la quinta edici\u00f3n de Agroalimentaria 2015, la Feria Internacional de Alimentos, Tabacos y Bebidas. Se desarrollar\u00e1 en el Hotel Dominican Fiesta &amp; Centro de Convenciones. Santo Domingo, Rep\u00fablica Dominicana. Alli se expondr\u00e1n los productos m\u00e1s representativos del pa\u00eds, asi como las novedades de las empresas tanto agricolas como alimentarias Dominicanas.\" \/>\n<meta property=\"og:url\" content=\"https:\/\/nld.mirex.gob.do\/consular\/amsterdam\/agroalimentaria-2015-proxima-5a-edicion-del-7-al-9-de-mayo-de-2015-en-santo-domingo\/\" \/>\n<meta property=\"og:site_name\" content=\"Consulado General de la Rep\u00fablica Dominicana en La Haya, Reino de los Pa\u00edses Bajos\" \/>\n<meta property=\"article:published_time\" content=\"2015-02-05T11:54:02+00:00\" \/>\n<meta property=\"og:image\" content=\"https:\/\/nld.mirex.gob.do\/consular\/amsterdam\/wp-content\/uploads\/2015\/03\/10430446_739152319506323_1302037755670511896_n.jpg\" \/>\n\t<meta property=\"og:image:width\" content=\"720\" \/>\n\t<meta property=\"og:image:height\" content=\"494\" \/>\n\t<meta property=\"og:image:type\" content=\"image\/jpeg\" \/>\n<meta name=\"author\" content=\"Michael Antonio Melo Andujar\" \/>\n<meta name=\"twitter:card\" content=\"summary_large_image\" \/>\n<meta name=\"twitter:label1\" content=\"Written by\" \/>\n\t<meta name=\"twitter:data1\" content=\"Michael Antonio Melo Andujar\" \/>\n\t<meta name=\"twitter:label2\" content=\"Est. reading time\" \/>\n\t<meta name=\"twitter:data2\" content=\"1 minute\" \/>\n<script type=\"application\/ld+json\" class=\"yoast-schema-graph\">{\"@context\":\"https:\\\/\\\/schema.org\",\"@graph\":[{\"@type\":\"Article\",\"@id\":\"https:\\\/\\\/nld.mirex.gob.do\\\/consular\\\/amsterdam\\\/agroalimentaria-2015-proxima-5a-edicion-del-7-al-9-de-mayo-de-2015-en-santo-domingo\\\/#article\",\"isPartOf\":{\"@id\":\"https:\\\/\\\/nld.mirex.gob.do\\\/consular\\\/amsterdam\\\/agroalimentaria-2015-proxima-5a-edicion-del-7-al-9-de-mayo-de-2015-en-santo-domingo\\\/\"},\"author\":{\"name\":\"Michael Antonio Melo Andujar\",\"@id\":\"https:\\\/\\\/nld.mirex.gob.do\\\/consular\\\/amsterdam\\\/#\\\/schema\\\/person\\\/772a9951ade6a7e4ab978b618b619ff8\"},\"headline\":\"Agroalimentaria 2015 &#8211; Pr\u00f3xima 5\u00aa Edici\u00f3n, del 7 al 9 de mayo de 2015 en Santo Domingo\",\"datePublished\":\"2015-02-05T11:54:02+00:00\",\"mainEntityOfPage\":{\"@id\":\"https:\\\/\\\/nld.mirex.gob.do\\\/consular\\\/amsterdam\\\/agroalimentaria-2015-proxima-5a-edicion-del-7-al-9-de-mayo-de-2015-en-santo-domingo\\\/\"},\"wordCount\":233,\"publisher\":{\"@id\":\"https:\\\/\\\/nld.mirex.gob.do\\\/consular\\\/amsterdam\\\/#organization\"},\"image\":{\"@id\":\"https:\\\/\\\/nld.mirex.gob.do\\\/consular\\\/amsterdam\\\/agroalimentaria-2015-proxima-5a-edicion-del-7-al-9-de-mayo-de-2015-en-santo-domingo\\\/#primaryimage\"},\"thumbnailUrl\":\"https:\\\/\\\/nld.mirex.gob.do\\\/consular\\\/amsterdam\\\/wp-content\\\/uploads\\\/2015\\\/03\\\/10430446_739152319506323_1302037755670511896_n.jpg\",\"keywords\":[\"Agroalimentaria 2015\",\"Alimentos\",\"Feria Internacional de Alimentos\",\"Invertir en la Rep\u00fablica Dominicana\",\"Oportunidades de negocios\",\"Tabacos y Bebidas\"],\"articleSection\":[\"Sin categor\u00eda\"],\"inLanguage\":\"en-US\"},{\"@type\":\"WebPage\",\"@id\":\"https:\\\/\\\/nld.mirex.gob.do\\\/consular\\\/amsterdam\\\/agroalimentaria-2015-proxima-5a-edicion-del-7-al-9-de-mayo-de-2015-en-santo-domingo\\\/\",\"url\":\"https:\\\/\\\/nld.mirex.gob.do\\\/consular\\\/amsterdam\\\/agroalimentaria-2015-proxima-5a-edicion-del-7-al-9-de-mayo-de-2015-en-santo-domingo\\\/\",\"name\":\"Agroalimentaria 2015 - Pr\u00f3xima 5\u00aa Edici\u00f3n, del 7 al 9 de mayo de 2015 en Santo Domingo - Consulado General de la Rep\u00fablica Dominicana en La Haya, Reino de los Pa\u00edses Bajos\",\"isPartOf\":{\"@id\":\"https:\\\/\\\/nld.mirex.gob.do\\\/consular\\\/amsterdam\\\/#website\"},\"primaryImageOfPage\":{\"@id\":\"https:\\\/\\\/nld.mirex.gob.do\\\/consular\\\/amsterdam\\\/agroalimentaria-2015-proxima-5a-edicion-del-7-al-9-de-mayo-de-2015-en-santo-domingo\\\/#primaryimage\"},\"image\":{\"@id\":\"https:\\\/\\\/nld.mirex.gob.do\\\/consular\\\/amsterdam\\\/agroalimentaria-2015-proxima-5a-edicion-del-7-al-9-de-mayo-de-2015-en-santo-domingo\\\/#primaryimage\"},\"thumbnailUrl\":\"https:\\\/\\\/nld.mirex.gob.do\\\/consular\\\/amsterdam\\\/wp-content\\\/uploads\\\/2015\\\/03\\\/10430446_739152319506323_1302037755670511896_n.jpg\",\"datePublished\":\"2015-02-05T11:54:02+00:00\",\"description\":\"En mayo pr\u00f3ximo de ete a\u00f1o, los d\u00edas del 7 al 9, se llevar\u00e1 a cabo la quinta edici\u00f3n de Agroalimentaria 2015, la Feria Internacional de Alimentos, Tabacos y Bebidas. Se desarrollar\u00e1 en el Hotel Dominican Fiesta & Centro de Convenciones. Santo Domingo, Rep\u00fablica Dominicana. Alli se expondr\u00e1n los productos m\u00e1s representativos del pa\u00eds, asi como las novedades de las empresas tanto agricolas como alimentarias Dominicanas.\",\"breadcrumb\":{\"@id\":\"https:\\\/\\\/nld.mirex.gob.do\\\/consular\\\/amsterdam\\\/agroalimentaria-2015-proxima-5a-edicion-del-7-al-9-de-mayo-de-2015-en-santo-domingo\\\/#breadcrumb\"},\"inLanguage\":\"en-US\",\"potentialAction\":[{\"@type\":\"ReadAction\",\"target\":[\"https:\\\/\\\/nld.mirex.gob.do\\\/consular\\\/amsterdam\\\/agroalimentaria-2015-proxima-5a-edicion-del-7-al-9-de-mayo-de-2015-en-santo-domingo\\\/\"]}]},{\"@type\":\"ImageObject\",\"inLanguage\":\"en-US\",\"@id\":\"https:\\\/\\\/nld.mirex.gob.do\\\/consular\\\/amsterdam\\\/agroalimentaria-2015-proxima-5a-edicion-del-7-al-9-de-mayo-de-2015-en-santo-domingo\\\/#primaryimage\",\"url\":\"https:\\\/\\\/nld.mirex.gob.do\\\/consular\\\/amsterdam\\\/wp-content\\\/uploads\\\/2015\\\/03\\\/10430446_739152319506323_1302037755670511896_n.jpg\",\"contentUrl\":\"https:\\\/\\\/nld.mirex.gob.do\\\/consular\\\/amsterdam\\\/wp-content\\\/uploads\\\/2015\\\/03\\\/10430446_739152319506323_1302037755670511896_n.jpg\",\"width\":720,\"height\":494},{\"@type\":\"BreadcrumbList\",\"@id\":\"https:\\\/\\\/nld.mirex.gob.do\\\/consular\\\/amsterdam\\\/agroalimentaria-2015-proxima-5a-edicion-del-7-al-9-de-mayo-de-2015-en-santo-domingo\\\/#breadcrumb\",\"itemListElement\":[{\"@type\":\"ListItem\",\"position\":1,\"name\":\"Inicio\",\"item\":\"https:\\\/\\\/nld.mirex.gob.do\\\/consular\\\/amsterdam\\\/\"},{\"@type\":\"ListItem\",\"position\":2,\"name\":\"Agroalimentaria 2015 &#8211; Pr\u00f3xima 5\u00aa Edici\u00f3n, del 7 al 9 de mayo de 2015 en Santo Domingo\"}]},{\"@type\":\"WebSite\",\"@id\":\"https:\\\/\\\/nld.mirex.gob.do\\\/consular\\\/amsterdam\\\/#website\",\"url\":\"https:\\\/\\\/nld.mirex.gob.do\\\/consular\\\/amsterdam\\\/\",\"name\":\"Consulado General de la Rep\u00fablica Dominicana en La Haya, Reino de los Pa\u00edses Bajos\",\"description\":\"\",\"publisher\":{\"@id\":\"https:\\\/\\\/nld.mirex.gob.do\\\/consular\\\/amsterdam\\\/#organization\"},\"potentialAction\":[{\"@type\":\"SearchAction\",\"target\":{\"@type\":\"EntryPoint\",\"urlTemplate\":\"https:\\\/\\\/nld.mirex.gob.do\\\/consular\\\/amsterdam\\\/?s={search_term_string}\"},\"query-input\":{\"@type\":\"PropertyValueSpecification\",\"valueRequired\":true,\"valueName\":\"search_term_string\"}}],\"inLanguage\":\"en-US\"},{\"@type\":\"Organization\",\"@id\":\"https:\\\/\\\/nld.mirex.gob.do\\\/consular\\\/amsterdam\\\/#organization\",\"name\":\"Consulado General de la Rep\u00fablica Dominicana en La Haya, Reino de los Pa\u00edses Bajos\",\"url\":\"https:\\\/\\\/nld.mirex.gob.do\\\/consular\\\/amsterdam\\\/\",\"logo\":{\"@type\":\"ImageObject\",\"inLanguage\":\"en-US\",\"@id\":\"https:\\\/\\\/nld.mirex.gob.do\\\/consular\\\/amsterdam\\\/#\\\/schema\\\/logo\\\/image\\\/\",\"url\":\"https:\\\/\\\/nld.mirex.gob.do\\\/consular\\\/amsterdam\\\/wp-content\\\/uploads\\\/2024\\\/04\\\/cropped-consulado_la_haya_reinode_los_Paises_Bajos.jpg\",\"contentUrl\":\"https:\\\/\\\/nld.mirex.gob.do\\\/consular\\\/amsterdam\\\/wp-content\\\/uploads\\\/2024\\\/04\\\/cropped-consulado_la_haya_reinode_los_Paises_Bajos.jpg\",\"width\":999,\"height\":407,\"caption\":\"Consulado General de la Rep\u00fablica Dominicana en La Haya, Reino de los Pa\u00edses Bajos\"},\"image\":{\"@id\":\"https:\\\/\\\/nld.mirex.gob.do\\\/consular\\\/amsterdam\\\/#\\\/schema\\\/logo\\\/image\\\/\"}},{\"@type\":\"Person\",\"@id\":\"https:\\\/\\\/nld.mirex.gob.do\\\/consular\\\/amsterdam\\\/#\\\/schema\\\/person\\\/772a9951ade6a7e4ab978b618b619ff8\",\"name\":\"Michael Antonio Melo Andujar\",\"image\":{\"@type\":\"ImageObject\",\"inLanguage\":\"en-US\",\"@id\":\"https:\\\/\\\/secure.gravatar.com\\\/avatar\\\/f8862d24b6945a30d30c9727ef9dfcd533ee25a18a27afc92991446aeb0e652d?s=96&d=mm&r=g\",\"url\":\"https:\\\/\\\/secure.gravatar.com\\\/avatar\\\/f8862d24b6945a30d30c9727ef9dfcd533ee25a18a27afc92991446aeb0e652d?s=96&d=mm&r=g\",\"contentUrl\":\"https:\\\/\\\/secure.gravatar.com\\\/avatar\\\/f8862d24b6945a30d30c9727ef9dfcd533ee25a18a27afc92991446aeb0e652d?s=96&d=mm&r=g\",\"caption\":\"Michael Antonio Melo Andujar\"}}]}<\/script>\n<!-- \/ Yoast SEO plugin. -->","yoast_head_json":{"title":"Agroalimentaria 2015 - Pr\u00f3xima 5\u00aa Edici\u00f3n, del 7 al 9 de mayo de 2015 en Santo Domingo - Consulado General de la Rep\u00fablica Dominicana en La Haya, Reino de los Pa\u00edses Bajos","description":"En mayo pr\u00f3ximo de ete a\u00f1o, los d\u00edas del 7 al 9, se llevar\u00e1 a cabo la quinta edici\u00f3n de Agroalimentaria 2015, la Feria Internacional de Alimentos, Tabacos y Bebidas. Se desarrollar\u00e1 en el Hotel Dominican Fiesta & Centro de Convenciones. Santo Domingo, Rep\u00fablica Dominicana. Alli se expondr\u00e1n los productos m\u00e1s representativos del pa\u00eds, asi como las novedades de las empresas tanto agricolas como alimentarias Dominicanas.","robots":{"index":"index","follow":"follow","max-snippet":"max-snippet:-1","max-image-preview":"max-image-preview:large","max-video-preview":"max-video-preview:-1"},"canonical":"https:\/\/nld.mirex.gob.do\/consular\/amsterdam\/agroalimentaria-2015-proxima-5a-edicion-del-7-al-9-de-mayo-de-2015-en-santo-domingo\/","og_locale":"en_US","og_type":"article","og_title":"Agroalimentaria 2015 - Pr\u00f3xima 5\u00aa Edici\u00f3n, del 7 al 9 de mayo de 2015 en Santo Domingo - Consulado General de la Rep\u00fablica Dominicana en La Haya, Reino de los Pa\u00edses Bajos","og_description":"En mayo pr\u00f3ximo de ete a\u00f1o, los d\u00edas del 7 al 9, se llevar\u00e1 a cabo la quinta edici\u00f3n de Agroalimentaria 2015, la Feria Internacional de Alimentos, Tabacos y Bebidas. Se desarrollar\u00e1 en el Hotel Dominican Fiesta & Centro de Convenciones. Santo Domingo, Rep\u00fablica Dominicana. Alli se expondr\u00e1n los productos m\u00e1s representativos del pa\u00eds, asi como las novedades de las empresas tanto agricolas como alimentarias Dominicanas.","og_url":"https:\/\/nld.mirex.gob.do\/consular\/amsterdam\/agroalimentaria-2015-proxima-5a-edicion-del-7-al-9-de-mayo-de-2015-en-santo-domingo\/","og_site_name":"Consulado General de la Rep\u00fablica Dominicana en La Haya, Reino de los Pa\u00edses Bajos","article_published_time":"2015-02-05T11:54:02+00:00","og_image":[{"width":720,"height":494,"url":"https:\/\/nld.mirex.gob.do\/consular\/amsterdam\/wp-content\/uploads\/2015\/03\/10430446_739152319506323_1302037755670511896_n.jpg","type":"image\/jpeg"}],"author":"Michael Antonio Melo Andujar","twitter_card":"summary_large_image","twitter_misc":{"Written by":"Michael Antonio Melo Andujar","Est. reading time":"1 minute"},"schema":{"@context":"https:\/\/schema.org","@graph":[{"@type":"Article","@id":"https:\/\/nld.mirex.gob.do\/consular\/amsterdam\/agroalimentaria-2015-proxima-5a-edicion-del-7-al-9-de-mayo-de-2015-en-santo-domingo\/#article","isPartOf":{"@id":"https:\/\/nld.mirex.gob.do\/consular\/amsterdam\/agroalimentaria-2015-proxima-5a-edicion-del-7-al-9-de-mayo-de-2015-en-santo-domingo\/"},"author":{"name":"Michael Antonio Melo Andujar","@id":"https:\/\/nld.mirex.gob.do\/consular\/amsterdam\/#\/schema\/person\/772a9951ade6a7e4ab978b618b619ff8"},"headline":"Agroalimentaria 2015 &#8211; Pr\u00f3xima 5\u00aa Edici\u00f3n, del 7 al 9 de mayo de 2015 en Santo Domingo","datePublished":"2015-02-05T11:54:02+00:00","mainEntityOfPage":{"@id":"https:\/\/nld.mirex.gob.do\/consular\/amsterdam\/agroalimentaria-2015-proxima-5a-edicion-del-7-al-9-de-mayo-de-2015-en-santo-domingo\/"},"wordCount":233,"publisher":{"@id":"https:\/\/nld.mirex.gob.do\/consular\/amsterdam\/#organization"},"image":{"@id":"https:\/\/nld.mirex.gob.do\/consular\/amsterdam\/agroalimentaria-2015-proxima-5a-edicion-del-7-al-9-de-mayo-de-2015-en-santo-domingo\/#primaryimage"},"thumbnailUrl":"https:\/\/nld.mirex.gob.do\/consular\/amsterdam\/wp-content\/uploads\/2015\/03\/10430446_739152319506323_1302037755670511896_n.jpg","keywords":["Agroalimentaria 2015","Alimentos","Feria Internacional de Alimentos","Invertir en la Rep\u00fablica Dominicana","Oportunidades de negocios","Tabacos y Bebidas"],"articleSection":["Sin categor\u00eda"],"inLanguage":"en-US"},{"@type":"WebPage","@id":"https:\/\/nld.mirex.gob.do\/consular\/amsterdam\/agroalimentaria-2015-proxima-5a-edicion-del-7-al-9-de-mayo-de-2015-en-santo-domingo\/","url":"https:\/\/nld.mirex.gob.do\/consular\/amsterdam\/agroalimentaria-2015-proxima-5a-edicion-del-7-al-9-de-mayo-de-2015-en-santo-domingo\/","name":"Agroalimentaria 2015 - Pr\u00f3xima 5\u00aa Edici\u00f3n, del 7 al 9 de mayo de 2015 en Santo Domingo - Consulado General de la Rep\u00fablica Dominicana en La Haya, Reino de los Pa\u00edses Bajos","isPartOf":{"@id":"https:\/\/nld.mirex.gob.do\/consular\/amsterdam\/#website"},"primaryImageOfPage":{"@id":"https:\/\/nld.mirex.gob.do\/consular\/amsterdam\/agroalimentaria-2015-proxima-5a-edicion-del-7-al-9-de-mayo-de-2015-en-santo-domingo\/#primaryimage"},"image":{"@id":"https:\/\/nld.mirex.gob.do\/consular\/amsterdam\/agroalimentaria-2015-proxima-5a-edicion-del-7-al-9-de-mayo-de-2015-en-santo-domingo\/#primaryimage"},"thumbnailUrl":"https:\/\/nld.mirex.gob.do\/consular\/amsterdam\/wp-content\/uploads\/2015\/03\/10430446_739152319506323_1302037755670511896_n.jpg","datePublished":"2015-02-05T11:54:02+00:00","description":"En mayo pr\u00f3ximo de ete a\u00f1o, los d\u00edas del 7 al 9, se llevar\u00e1 a cabo la quinta edici\u00f3n de Agroalimentaria 2015, la Feria Internacional de Alimentos, Tabacos y Bebidas. Se desarrollar\u00e1 en el Hotel Dominican Fiesta & Centro de Convenciones. Santo Domingo, Rep\u00fablica Dominicana. Alli se expondr\u00e1n los productos m\u00e1s representativos del pa\u00eds, asi como las novedades de las empresas tanto agricolas como alimentarias Dominicanas.","breadcrumb":{"@id":"https:\/\/nld.mirex.gob.do\/consular\/amsterdam\/agroalimentaria-2015-proxima-5a-edicion-del-7-al-9-de-mayo-de-2015-en-santo-domingo\/#breadcrumb"},"inLanguage":"en-US","potentialAction":[{"@type":"ReadAction","target":["https:\/\/nld.mirex.gob.do\/consular\/amsterdam\/agroalimentaria-2015-proxima-5a-edicion-del-7-al-9-de-mayo-de-2015-en-santo-domingo\/"]}]},{"@type":"ImageObject","inLanguage":"en-US","@id":"https:\/\/nld.mirex.gob.do\/consular\/amsterdam\/agroalimentaria-2015-proxima-5a-edicion-del-7-al-9-de-mayo-de-2015-en-santo-domingo\/#primaryimage","url":"https:\/\/nld.mirex.gob.do\/consular\/amsterdam\/wp-content\/uploads\/2015\/03\/10430446_739152319506323_1302037755670511896_n.jpg","contentUrl":"https:\/\/nld.mirex.gob.do\/consular\/amsterdam\/wp-content\/uploads\/2015\/03\/10430446_739152319506323_1302037755670511896_n.jpg","width":720,"height":494},{"@type":"BreadcrumbList","@id":"https:\/\/nld.mirex.gob.do\/consular\/amsterdam\/agroalimentaria-2015-proxima-5a-edicion-del-7-al-9-de-mayo-de-2015-en-santo-domingo\/#breadcrumb","itemListElement":[{"@type":"ListItem","position":1,"name":"Inicio","item":"https:\/\/nld.mirex.gob.do\/consular\/amsterdam\/"},{"@type":"ListItem","position":2,"name":"Agroalimentaria 2015 &#8211; Pr\u00f3xima 5\u00aa Edici\u00f3n, del 7 al 9 de mayo de 2015 en Santo Domingo"}]},{"@type":"WebSite","@id":"https:\/\/nld.mirex.gob.do\/consular\/amsterdam\/#website","url":"https:\/\/nld.mirex.gob.do\/consular\/amsterdam\/","name":"Consulado General de la Rep\u00fablica Dominicana en La Haya, Reino de los Pa\u00edses Bajos","description":"","publisher":{"@id":"https:\/\/nld.mirex.gob.do\/consular\/amsterdam\/#organization"},"potentialAction":[{"@type":"SearchAction","target":{"@type":"EntryPoint","urlTemplate":"https:\/\/nld.mirex.gob.do\/consular\/amsterdam\/?s={search_term_string}"},"query-input":{"@type":"PropertyValueSpecification","valueRequired":true,"valueName":"search_term_string"}}],"inLanguage":"en-US"},{"@type":"Organization","@id":"https:\/\/nld.mirex.gob.do\/consular\/amsterdam\/#organization","name":"Consulado General de la Rep\u00fablica Dominicana en La Haya, Reino de los Pa\u00edses Bajos","url":"https:\/\/nld.mirex.gob.do\/consular\/amsterdam\/","logo":{"@type":"ImageObject","inLanguage":"en-US","@id":"https:\/\/nld.mirex.gob.do\/consular\/amsterdam\/#\/schema\/logo\/image\/","url":"https:\/\/nld.mirex.gob.do\/consular\/amsterdam\/wp-content\/uploads\/2024\/04\/cropped-consulado_la_haya_reinode_los_Paises_Bajos.jpg","contentUrl":"https:\/\/nld.mirex.gob.do\/consular\/amsterdam\/wp-content\/uploads\/2024\/04\/cropped-consulado_la_haya_reinode_los_Paises_Bajos.jpg","width":999,"height":407,"caption":"Consulado General de la Rep\u00fablica Dominicana en La Haya, Reino de los Pa\u00edses Bajos"},"image":{"@id":"https:\/\/nld.mirex.gob.do\/consular\/amsterdam\/#\/schema\/logo\/image\/"}},{"@type":"Person","@id":"https:\/\/nld.mirex.gob.do\/consular\/amsterdam\/#\/schema\/person\/772a9951ade6a7e4ab978b618b619ff8","name":"Michael Antonio Melo Andujar","image":{"@type":"ImageObject","inLanguage":"en-US","@id":"https:\/\/secure.gravatar.com\/avatar\/f8862d24b6945a30d30c9727ef9dfcd533ee25a18a27afc92991446aeb0e652d?s=96&d=mm&r=g","url":"https:\/\/secure.gravatar.com\/avatar\/f8862d24b6945a30d30c9727ef9dfcd533ee25a18a27afc92991446aeb0e652d?s=96&d=mm&r=g","contentUrl":"https:\/\/secure.gravatar.com\/avatar\/f8862d24b6945a30d30c9727ef9dfcd533ee25a18a27afc92991446aeb0e652d?s=96&d=mm&r=g","caption":"Michael Antonio Melo Andujar"}}]}},"_links":{"self":[{"href":"https:\/\/nld.mirex.gob.do\/consular\/amsterdam\/wp-json\/wp\/v2\/posts\/6255","targetHints":{"allow":["GET"]}}],"collection":[{"href":"https:\/\/nld.mirex.gob.do\/consular\/amsterdam\/wp-json\/wp\/v2\/posts"}],"about":[{"href":"https:\/\/nld.mirex.gob.do\/consular\/amsterdam\/wp-json\/wp\/v2\/types\/post"}],"author":[{"embeddable":true,"href":"https:\/\/nld.mirex.gob.do\/consular\/amsterdam\/wp-json\/wp\/v2\/users\/8"}],"replies":[{"embeddable":true,"href":"https:\/\/nld.mirex.gob.do\/consular\/amsterdam\/wp-json\/wp\/v2\/comments?post=6255"}],"version-history":[{"count":0,"href":"https:\/\/nld.mirex.gob.do\/consular\/amsterdam\/wp-json\/wp\/v2\/posts\/6255\/revisions"}],"wp:featuredmedia":[{"embeddable":true,"href":"https:\/\/nld.mirex.gob.do\/consular\/amsterdam\/wp-json\/wp\/v2\/media\/1149"}],"wp:attachment":[{"href":"https:\/\/nld.mirex.gob.do\/consular\/amsterdam\/wp-json\/wp\/v2\/media?parent=6255"}],"wp:term":[{"taxonomy":"category","embeddable":true,"href":"https:\/\/nld.mirex.gob.do\/consular\/amsterdam\/wp-json\/wp\/v2\/categories?post=6255"},{"taxonomy":"post_tag","embeddable":true,"href":"https:\/\/nld.mirex.gob.do\/consular\/amsterdam\/wp-json\/wp\/v2\/tags?post=6255"}],"curies":[{"name":"wp","href":"https:\/\/api.w.org\/{rel}","templated":true}]}}