{"id":6254,"date":"2014-03-18T13:35:57","date_gmt":"2014-03-18T13:35:57","guid":{"rendered":"http:\/\/www.consuladordvalencia.com\/?p=351"},"modified":"2014-03-18T13:35:57","modified_gmt":"2014-03-18T13:35:57","slug":"federacion-de-camaras-de-comercio-europeas-de-la-republica-dominicana","status":"publish","type":"post","link":"https:\/\/nld.mirex.gob.do\/consular\/amsterdam\/federacion-de-camaras-de-comercio-europeas-de-la-republica-dominicana\/","title":{"rendered":"Federaci\u00f3n de C\u00e1maras de Comercio Europeas de la Rep\u00fablica Dominicana"},"content":{"rendered":"<p><img fetchpriority=\"high\" decoding=\"async\" class=\"alignnone size-full wp-image-1156\" src=\"https:\/\/www.consuladordholanda.com\/wp-content\/uploads\/2014\/01\/logo-eurocamara.jpg\" alt=\"logo-eurocamara\" width=\"800\" height=\"181\" srcset=\"https:\/\/nld.mirex.gob.do\/consular\/amsterdam\/wp-content\/uploads\/2014\/01\/logo-eurocamara.jpg 800w, https:\/\/nld.mirex.gob.do\/consular\/amsterdam\/wp-content\/uploads\/2014\/01\/logo-eurocamara-300x68.jpg 300w, https:\/\/nld.mirex.gob.do\/consular\/amsterdam\/wp-content\/uploads\/2014\/01\/logo-eurocamara-768x174.jpg 768w\" sizes=\"(max-width: 800px) 100vw, 800px\" \/><\/p>\n<p><a title=\"Federaci\u00f3n de C\u00e1maras de Comercio Europeas de la Rep\u00fablica Dominicana\" href=\"http:\/\/www.fedecamaraseuropeasrd.com\" target=\"_blank\" rel=\"noopener\">http:\/\/www.fedecamaraseuropeasrd.com<\/a><\/p>\n<p>La Federaci\u00f3n de C\u00e1maras Europeas de la Rep\u00fablica Dominicana<\/p>\n<p>Tiene como objetivos:<\/p>\n<ul>\n<li>Combinar la influencia existente de cada una de las C\u00e1maras de Comercio Europeas para apoyar pol\u00edticas bien definidas desarrollando estrategias de acci\u00f3n en conjunto.<\/li>\n<li>Promover la cooperaci\u00f3n en el comercio de <a href=\"http:\/\/www.fedecamaraseuropeasrd.com\/es\/importexport\">exportaci\u00f3n entre las empresas<\/a> y las industrias peque\u00f1as y medianas de cada uno de los Estados miembros que tienen representaci\u00f3n en la Rep\u00fablica Dominicana.<\/li>\n<li>Desarrollar la cooperaci\u00f3n entre las C\u00e1maras de Comercio Europeas estableciendo programas comunes para la promoci\u00f3n de oportunidades comerciales tanto en Europa como en el Caribe<\/li>\n<\/ul>\n<p>&nbsp;<\/p>\n<p>La Federaci\u00f3n de C\u00e1maras de Comercio Europeas de la Rep\u00fablica Dominicana es una organizaci\u00f3n sin fines de lucros que las C\u00e1maras de Comercio Europeas bilaterales constituyeron en 1993 cuando se convirti\u00f3 en una realidad el mercado europeo unificado; el aumento del impacto de las pol\u00edticas comunes de <a href=\"http:\/\/www.fedecamaraseuropeasrd.com\/es\/las-camaras\">los Estados miembros<\/a> y del desarrollo de actividades de la Uni\u00f3n Europea en beneficio de los pa\u00edses del ACP vimos la necesidad de crear una Federaci\u00f3n de C\u00e1maras de Comercio Europeas de la Rep\u00fablica Dominicana con miras a que en el futuro crear quiz\u00e1 una C\u00e1mara de Comercio Europea, de acuerdo con el esp\u00edritu que motiv\u00f3 la unificaci\u00f3n de la Comunidad Europea.<\/p>\n<p>La funci\u00f3n de FEDECAME es de estimular, desarrollar y facilitar en el sentido m\u00e1s amplio, el comercio y la inversi\u00f3n, as\u00ed como el resto de los ejercicios del comercio y de las industrias libres entre la Rep\u00fablica Dominicana y los pa\u00edses europeos representados por las C\u00e1maras de Comercio bilaterales.<\/p>\n<p>Con la firma del Acuerdo de Asociaci\u00f3n Econ\u00f3mica (EPA) entre los Estados de Cariforum y la Uni\u00f3n Europea vemos un papel para jugar de parte de FEDECAME; ser\u00a0 promotor de no solamente del comercio y las relaciones entre la Rep\u00fablica Dominicana y la Uni\u00f3n Europea pero tambi\u00e9n entre la Rep\u00fablica Dominicana y el Cariforum recordando que las C\u00e1maras bilaterales francesa, brit\u00e1nica y holandesa han estado trabajando con esas naciones del Caribe ya que por un lado la mayor\u00eda son de habla inglesa y pasadas colonias de Inglaterra con un fuerte lazo a su madre patria, otras siguen siendo departamentos de Francia y Holanda.<\/p>\n<p>La Federaci\u00f3n esta formada por 10 C\u00e1maras de la cual ocho c\u00e1maras representan pa\u00edses miembros de la Uni\u00f3n Europea que son las C\u00e1maras de Comercio Europeas de la Rep\u00fablica Dominicana: Belga, Francia, Alemania, los Pa\u00edses Bajos, Italia, Espa\u00f1a, Reino de Gran Breta\u00f1a y los Estados B\u00e1lticos. Los otros 2 miembros son Rusia y Suiza.<\/p>\n<p>&nbsp;<\/p>\n<p>&nbsp;<\/p>\n","protected":false},"excerpt":{"rendered":"<p>http:\/\/www.fedecamaraseuropeasrd.com La Federaci\u00f3n de C\u00e1maras Europeas de la Rep\u00fablica Dominicana Tiene como objetivos: Combinar la influencia existente de cada una de las C\u00e1maras de Comercio Europeas para apoyar pol\u00edticas bien definidas desarrollando estrategias de acci\u00f3n en conjunto. Promover la cooperaci\u00f3n en el comercio de exportaci\u00f3n entre las empresas y las industrias peque\u00f1as y medianas de [&hellip;]<\/p>\n","protected":false},"author":8,"featured_media":1157,"comment_status":"closed","ping_status":"closed","sticky":false,"template":"","format":"standard","meta":{"site-sidebar-layout":"default","site-content-layout":"","ast-site-content-layout":"default","site-content-style":"default","site-sidebar-style":"default","ast-global-header-display":"","ast-banner-title-visibility":"","ast-main-header-display":"","ast-hfb-above-header-display":"","ast-hfb-below-header-display":"","ast-hfb-mobile-header-display":"","site-post-title":"","ast-breadcrumbs-content":"","ast-featured-img":"","footer-sml-layout":"","ast-disable-related-posts":"","theme-transparent-header-meta":"","adv-header-id-meta":"","stick-header-meta":"","header-above-stick-meta":"","header-main-stick-meta":"","header-below-stick-meta":"","astra-migrate-meta-layouts":"default","ast-page-background-enabled":"default","ast-page-background-meta":{"desktop":{"background-color":"","background-image":"","background-repeat":"repeat","background-position":"center center","background-size":"auto","background-attachment":"scroll","background-type":"","background-media":"","overlay-type":"","overlay-color":"","overlay-opacity":"","overlay-gradient":""},"tablet":{"background-color":"","background-image":"","background-repeat":"repeat","background-position":"center center","background-size":"auto","background-attachment":"scroll","background-type":"","background-media":"","overlay-type":"","overlay-color":"","overlay-opacity":"","overlay-gradient":""},"mobile":{"background-color":"","background-image":"","background-repeat":"repeat","background-position":"center center","background-size":"auto","background-attachment":"scroll","background-type":"","background-media":"","overlay-type":"","overlay-color":"","overlay-opacity":"","overlay-gradient":""}},"ast-content-background-meta":{"desktop":{"background-color":"var(--ast-global-color-5)","background-image":"","background-repeat":"repeat","background-position":"center center","background-size":"auto","background-attachment":"scroll","background-type":"","background-media":"","overlay-type":"","overlay-color":"","overlay-opacity":"","overlay-gradient":""},"tablet":{"background-color":"var(--ast-global-color-5)","background-image":"","background-repeat":"repeat","background-position":"center center","background-size":"auto","background-attachment":"scroll","background-type":"","background-media":"","overlay-type":"","overlay-color":"","overlay-opacity":"","overlay-gradient":""},"mobile":{"background-color":"var(--ast-global-color-5)","background-image":"","background-repeat":"repeat","background-position":"center center","background-size":"auto","background-attachment":"scroll","background-type":"","background-media":"","overlay-type":"","overlay-color":"","overlay-opacity":"","overlay-gradient":""}},"footnotes":""},"categories":[51],"tags":[48,49,50,52],"class_list":["post-6254","post","type-post","status-publish","format-standard","has-post-thumbnail","hentry","category-invertir","tag-camara-de-comercio","tag-eurocamara-dominicana","tag-inverciones","tag-negocios"],"yoast_head":"<!-- This site is optimized with the Yoast SEO plugin v27.4 - https:\/\/yoast.com\/product\/yoast-seo-wordpress\/ -->\n<title>Federaci\u00f3n de C\u00e1maras de Comercio Europeas de la Rep\u00fablica Dominicana - Consulado General de la Rep\u00fablica Dominicana en La Haya, Reino de los Pa\u00edses Bajos<\/title>\n<meta name=\"description\" content=\"La Federaci\u00f3n de C\u00e1maras de Comercio Europeas de la Rep\u00fablica Dominicana es una organizaci\u00f3n sin fines de lucros que las C\u00e1maras de Comercio Europeas bilaterales constituyeron en 1993 cuando se convirti\u00f3 en una realidad el mercado europeo unificado\" \/>\n<meta name=\"robots\" content=\"index, follow, max-snippet:-1, max-image-preview:large, max-video-preview:-1\" \/>\n<link rel=\"canonical\" href=\"https:\/\/nld.mirex.gob.do\/consular\/amsterdam\/federacion-de-camaras-de-comercio-europeas-de-la-republica-dominicana\/\" \/>\n<meta property=\"og:locale\" content=\"en_US\" \/>\n<meta property=\"og:type\" content=\"article\" \/>\n<meta property=\"og:title\" content=\"Federaci\u00f3n de C\u00e1maras de Comercio Europeas de la Rep\u00fablica Dominicana - Consulado General de la Rep\u00fablica Dominicana en La Haya, Reino de los Pa\u00edses Bajos\" \/>\n<meta property=\"og:description\" content=\"La Federaci\u00f3n de C\u00e1maras de Comercio Europeas de la Rep\u00fablica Dominicana es una organizaci\u00f3n sin fines de lucros que las C\u00e1maras de Comercio Europeas bilaterales constituyeron en 1993 cuando se convirti\u00f3 en una realidad el mercado europeo unificado\" \/>\n<meta property=\"og:url\" content=\"https:\/\/nld.mirex.gob.do\/consular\/amsterdam\/federacion-de-camaras-de-comercio-europeas-de-la-republica-dominicana\/\" \/>\n<meta property=\"og:site_name\" content=\"Consulado General de la Rep\u00fablica Dominicana en La Haya, Reino de los Pa\u00edses Bajos\" \/>\n<meta property=\"article:published_time\" content=\"2014-03-18T13:35:57+00:00\" \/>\n<meta property=\"og:image\" content=\"https:\/\/nld.mirex.gob.do\/consular\/amsterdam\/wp-content\/uploads\/2014\/01\/eurocamara-republica-dominicana.jpg\" \/>\n\t<meta property=\"og:image:width\" content=\"600\" \/>\n\t<meta property=\"og:image:height\" content=\"400\" \/>\n\t<meta property=\"og:image:type\" content=\"image\/jpeg\" \/>\n<meta name=\"author\" content=\"Michael Antonio Melo Andujar\" \/>\n<meta name=\"twitter:card\" content=\"summary_large_image\" \/>\n<meta name=\"twitter:label1\" content=\"Written by\" \/>\n\t<meta name=\"twitter:data1\" content=\"Michael Antonio Melo Andujar\" \/>\n\t<meta name=\"twitter:label2\" content=\"Est. reading time\" \/>\n\t<meta name=\"twitter:data2\" content=\"2 minutes\" \/>\n<script type=\"application\/ld+json\" class=\"yoast-schema-graph\">{\"@context\":\"https:\\\/\\\/schema.org\",\"@graph\":[{\"@type\":\"Article\",\"@id\":\"https:\\\/\\\/nld.mirex.gob.do\\\/consular\\\/amsterdam\\\/federacion-de-camaras-de-comercio-europeas-de-la-republica-dominicana\\\/#article\",\"isPartOf\":{\"@id\":\"https:\\\/\\\/nld.mirex.gob.do\\\/consular\\\/amsterdam\\\/federacion-de-camaras-de-comercio-europeas-de-la-republica-dominicana\\\/\"},\"author\":{\"name\":\"Michael Antonio Melo Andujar\",\"@id\":\"https:\\\/\\\/nld.mirex.gob.do\\\/consular\\\/amsterdam\\\/#\\\/schema\\\/person\\\/772a9951ade6a7e4ab978b618b619ff8\"},\"headline\":\"Federaci\u00f3n de C\u00e1maras de Comercio Europeas de la Rep\u00fablica Dominicana\",\"datePublished\":\"2014-03-18T13:35:57+00:00\",\"mainEntityOfPage\":{\"@id\":\"https:\\\/\\\/nld.mirex.gob.do\\\/consular\\\/amsterdam\\\/federacion-de-camaras-de-comercio-europeas-de-la-republica-dominicana\\\/\"},\"wordCount\":479,\"publisher\":{\"@id\":\"https:\\\/\\\/nld.mirex.gob.do\\\/consular\\\/amsterdam\\\/#organization\"},\"image\":{\"@id\":\"https:\\\/\\\/nld.mirex.gob.do\\\/consular\\\/amsterdam\\\/federacion-de-camaras-de-comercio-europeas-de-la-republica-dominicana\\\/#primaryimage\"},\"thumbnailUrl\":\"https:\\\/\\\/nld.mirex.gob.do\\\/consular\\\/amsterdam\\\/wp-content\\\/uploads\\\/2014\\\/01\\\/eurocamara-republica-dominicana.jpg\",\"keywords\":[\"Camara de Comercio\",\"Eurocamara Dominicana\",\"Inverciones\",\"Negocios\"],\"articleSection\":[\"Invertir en la Rep\u00fablica Dominicana\"],\"inLanguage\":\"en-US\"},{\"@type\":\"WebPage\",\"@id\":\"https:\\\/\\\/nld.mirex.gob.do\\\/consular\\\/amsterdam\\\/federacion-de-camaras-de-comercio-europeas-de-la-republica-dominicana\\\/\",\"url\":\"https:\\\/\\\/nld.mirex.gob.do\\\/consular\\\/amsterdam\\\/federacion-de-camaras-de-comercio-europeas-de-la-republica-dominicana\\\/\",\"name\":\"Federaci\u00f3n de C\u00e1maras de Comercio Europeas de la Rep\u00fablica Dominicana - Consulado General de la Rep\u00fablica Dominicana en La Haya, Reino de los Pa\u00edses Bajos\",\"isPartOf\":{\"@id\":\"https:\\\/\\\/nld.mirex.gob.do\\\/consular\\\/amsterdam\\\/#website\"},\"primaryImageOfPage\":{\"@id\":\"https:\\\/\\\/nld.mirex.gob.do\\\/consular\\\/amsterdam\\\/federacion-de-camaras-de-comercio-europeas-de-la-republica-dominicana\\\/#primaryimage\"},\"image\":{\"@id\":\"https:\\\/\\\/nld.mirex.gob.do\\\/consular\\\/amsterdam\\\/federacion-de-camaras-de-comercio-europeas-de-la-republica-dominicana\\\/#primaryimage\"},\"thumbnailUrl\":\"https:\\\/\\\/nld.mirex.gob.do\\\/consular\\\/amsterdam\\\/wp-content\\\/uploads\\\/2014\\\/01\\\/eurocamara-republica-dominicana.jpg\",\"datePublished\":\"2014-03-18T13:35:57+00:00\",\"description\":\"La Federaci\u00f3n de C\u00e1maras de Comercio Europeas de la Rep\u00fablica Dominicana es una organizaci\u00f3n sin fines de lucros que las C\u00e1maras de Comercio Europeas bilaterales constituyeron en 1993 cuando se convirti\u00f3 en una realidad el mercado europeo unificado\",\"breadcrumb\":{\"@id\":\"https:\\\/\\\/nld.mirex.gob.do\\\/consular\\\/amsterdam\\\/federacion-de-camaras-de-comercio-europeas-de-la-republica-dominicana\\\/#breadcrumb\"},\"inLanguage\":\"en-US\",\"potentialAction\":[{\"@type\":\"ReadAction\",\"target\":[\"https:\\\/\\\/nld.mirex.gob.do\\\/consular\\\/amsterdam\\\/federacion-de-camaras-de-comercio-europeas-de-la-republica-dominicana\\\/\"]}]},{\"@type\":\"ImageObject\",\"inLanguage\":\"en-US\",\"@id\":\"https:\\\/\\\/nld.mirex.gob.do\\\/consular\\\/amsterdam\\\/federacion-de-camaras-de-comercio-europeas-de-la-republica-dominicana\\\/#primaryimage\",\"url\":\"https:\\\/\\\/nld.mirex.gob.do\\\/consular\\\/amsterdam\\\/wp-content\\\/uploads\\\/2014\\\/01\\\/eurocamara-republica-dominicana.jpg\",\"contentUrl\":\"https:\\\/\\\/nld.mirex.gob.do\\\/consular\\\/amsterdam\\\/wp-content\\\/uploads\\\/2014\\\/01\\\/eurocamara-republica-dominicana.jpg\",\"width\":600,\"height\":400},{\"@type\":\"BreadcrumbList\",\"@id\":\"https:\\\/\\\/nld.mirex.gob.do\\\/consular\\\/amsterdam\\\/federacion-de-camaras-de-comercio-europeas-de-la-republica-dominicana\\\/#breadcrumb\",\"itemListElement\":[{\"@type\":\"ListItem\",\"position\":1,\"name\":\"Inicio\",\"item\":\"https:\\\/\\\/nld.mirex.gob.do\\\/consular\\\/amsterdam\\\/\"},{\"@type\":\"ListItem\",\"position\":2,\"name\":\"Federaci\u00f3n de C\u00e1maras de Comercio Europeas de la Rep\u00fablica Dominicana\"}]},{\"@type\":\"WebSite\",\"@id\":\"https:\\\/\\\/nld.mirex.gob.do\\\/consular\\\/amsterdam\\\/#website\",\"url\":\"https:\\\/\\\/nld.mirex.gob.do\\\/consular\\\/amsterdam\\\/\",\"name\":\"Consulado General de la Rep\u00fablica Dominicana en La Haya, Reino de los Pa\u00edses Bajos\",\"description\":\"\",\"publisher\":{\"@id\":\"https:\\\/\\\/nld.mirex.gob.do\\\/consular\\\/amsterdam\\\/#organization\"},\"potentialAction\":[{\"@type\":\"SearchAction\",\"target\":{\"@type\":\"EntryPoint\",\"urlTemplate\":\"https:\\\/\\\/nld.mirex.gob.do\\\/consular\\\/amsterdam\\\/?s={search_term_string}\"},\"query-input\":{\"@type\":\"PropertyValueSpecification\",\"valueRequired\":true,\"valueName\":\"search_term_string\"}}],\"inLanguage\":\"en-US\"},{\"@type\":\"Organization\",\"@id\":\"https:\\\/\\\/nld.mirex.gob.do\\\/consular\\\/amsterdam\\\/#organization\",\"name\":\"Consulado General de la Rep\u00fablica Dominicana en La Haya, Reino de los Pa\u00edses Bajos\",\"url\":\"https:\\\/\\\/nld.mirex.gob.do\\\/consular\\\/amsterdam\\\/\",\"logo\":{\"@type\":\"ImageObject\",\"inLanguage\":\"en-US\",\"@id\":\"https:\\\/\\\/nld.mirex.gob.do\\\/consular\\\/amsterdam\\\/#\\\/schema\\\/logo\\\/image\\\/\",\"url\":\"https:\\\/\\\/nld.mirex.gob.do\\\/consular\\\/amsterdam\\\/wp-content\\\/uploads\\\/2024\\\/04\\\/cropped-consulado_la_haya_reinode_los_Paises_Bajos.jpg\",\"contentUrl\":\"https:\\\/\\\/nld.mirex.gob.do\\\/consular\\\/amsterdam\\\/wp-content\\\/uploads\\\/2024\\\/04\\\/cropped-consulado_la_haya_reinode_los_Paises_Bajos.jpg\",\"width\":999,\"height\":407,\"caption\":\"Consulado General de la Rep\u00fablica Dominicana en La Haya, Reino de los Pa\u00edses Bajos\"},\"image\":{\"@id\":\"https:\\\/\\\/nld.mirex.gob.do\\\/consular\\\/amsterdam\\\/#\\\/schema\\\/logo\\\/image\\\/\"}},{\"@type\":\"Person\",\"@id\":\"https:\\\/\\\/nld.mirex.gob.do\\\/consular\\\/amsterdam\\\/#\\\/schema\\\/person\\\/772a9951ade6a7e4ab978b618b619ff8\",\"name\":\"Michael Antonio Melo Andujar\",\"image\":{\"@type\":\"ImageObject\",\"inLanguage\":\"en-US\",\"@id\":\"https:\\\/\\\/secure.gravatar.com\\\/avatar\\\/f8862d24b6945a30d30c9727ef9dfcd533ee25a18a27afc92991446aeb0e652d?s=96&d=mm&r=g\",\"url\":\"https:\\\/\\\/secure.gravatar.com\\\/avatar\\\/f8862d24b6945a30d30c9727ef9dfcd533ee25a18a27afc92991446aeb0e652d?s=96&d=mm&r=g\",\"contentUrl\":\"https:\\\/\\\/secure.gravatar.com\\\/avatar\\\/f8862d24b6945a30d30c9727ef9dfcd533ee25a18a27afc92991446aeb0e652d?s=96&d=mm&r=g\",\"caption\":\"Michael Antonio Melo Andujar\"}}]}<\/script>\n<!-- \/ Yoast SEO plugin. -->","yoast_head_json":{"title":"Federaci\u00f3n de C\u00e1maras de Comercio Europeas de la Rep\u00fablica Dominicana - Consulado General de la Rep\u00fablica Dominicana en La Haya, Reino de los Pa\u00edses Bajos","description":"La Federaci\u00f3n de C\u00e1maras de Comercio Europeas de la Rep\u00fablica Dominicana es una organizaci\u00f3n sin fines de lucros que las C\u00e1maras de Comercio Europeas bilaterales constituyeron en 1993 cuando se convirti\u00f3 en una realidad el mercado europeo unificado","robots":{"index":"index","follow":"follow","max-snippet":"max-snippet:-1","max-image-preview":"max-image-preview:large","max-video-preview":"max-video-preview:-1"},"canonical":"https:\/\/nld.mirex.gob.do\/consular\/amsterdam\/federacion-de-camaras-de-comercio-europeas-de-la-republica-dominicana\/","og_locale":"en_US","og_type":"article","og_title":"Federaci\u00f3n de C\u00e1maras de Comercio Europeas de la Rep\u00fablica Dominicana - Consulado General de la Rep\u00fablica Dominicana en La Haya, Reino de los Pa\u00edses Bajos","og_description":"La Federaci\u00f3n de C\u00e1maras de Comercio Europeas de la Rep\u00fablica Dominicana es una organizaci\u00f3n sin fines de lucros que las C\u00e1maras de Comercio Europeas bilaterales constituyeron en 1993 cuando se convirti\u00f3 en una realidad el mercado europeo unificado","og_url":"https:\/\/nld.mirex.gob.do\/consular\/amsterdam\/federacion-de-camaras-de-comercio-europeas-de-la-republica-dominicana\/","og_site_name":"Consulado General de la Rep\u00fablica Dominicana en La Haya, Reino de los Pa\u00edses Bajos","article_published_time":"2014-03-18T13:35:57+00:00","og_image":[{"width":600,"height":400,"url":"https:\/\/nld.mirex.gob.do\/consular\/amsterdam\/wp-content\/uploads\/2014\/01\/eurocamara-republica-dominicana.jpg","type":"image\/jpeg"}],"author":"Michael Antonio Melo Andujar","twitter_card":"summary_large_image","twitter_misc":{"Written by":"Michael Antonio Melo Andujar","Est. reading time":"2 minutes"},"schema":{"@context":"https:\/\/schema.org","@graph":[{"@type":"Article","@id":"https:\/\/nld.mirex.gob.do\/consular\/amsterdam\/federacion-de-camaras-de-comercio-europeas-de-la-republica-dominicana\/#article","isPartOf":{"@id":"https:\/\/nld.mirex.gob.do\/consular\/amsterdam\/federacion-de-camaras-de-comercio-europeas-de-la-republica-dominicana\/"},"author":{"name":"Michael Antonio Melo Andujar","@id":"https:\/\/nld.mirex.gob.do\/consular\/amsterdam\/#\/schema\/person\/772a9951ade6a7e4ab978b618b619ff8"},"headline":"Federaci\u00f3n de C\u00e1maras de Comercio Europeas de la Rep\u00fablica Dominicana","datePublished":"2014-03-18T13:35:57+00:00","mainEntityOfPage":{"@id":"https:\/\/nld.mirex.gob.do\/consular\/amsterdam\/federacion-de-camaras-de-comercio-europeas-de-la-republica-dominicana\/"},"wordCount":479,"publisher":{"@id":"https:\/\/nld.mirex.gob.do\/consular\/amsterdam\/#organization"},"image":{"@id":"https:\/\/nld.mirex.gob.do\/consular\/amsterdam\/federacion-de-camaras-de-comercio-europeas-de-la-republica-dominicana\/#primaryimage"},"thumbnailUrl":"https:\/\/nld.mirex.gob.do\/consular\/amsterdam\/wp-content\/uploads\/2014\/01\/eurocamara-republica-dominicana.jpg","keywords":["Camara de Comercio","Eurocamara Dominicana","Inverciones","Negocios"],"articleSection":["Invertir en la Rep\u00fablica Dominicana"],"inLanguage":"en-US"},{"@type":"WebPage","@id":"https:\/\/nld.mirex.gob.do\/consular\/amsterdam\/federacion-de-camaras-de-comercio-europeas-de-la-republica-dominicana\/","url":"https:\/\/nld.mirex.gob.do\/consular\/amsterdam\/federacion-de-camaras-de-comercio-europeas-de-la-republica-dominicana\/","name":"Federaci\u00f3n de C\u00e1maras de Comercio Europeas de la Rep\u00fablica Dominicana - Consulado General de la Rep\u00fablica Dominicana en La Haya, Reino de los Pa\u00edses Bajos","isPartOf":{"@id":"https:\/\/nld.mirex.gob.do\/consular\/amsterdam\/#website"},"primaryImageOfPage":{"@id":"https:\/\/nld.mirex.gob.do\/consular\/amsterdam\/federacion-de-camaras-de-comercio-europeas-de-la-republica-dominicana\/#primaryimage"},"image":{"@id":"https:\/\/nld.mirex.gob.do\/consular\/amsterdam\/federacion-de-camaras-de-comercio-europeas-de-la-republica-dominicana\/#primaryimage"},"thumbnailUrl":"https:\/\/nld.mirex.gob.do\/consular\/amsterdam\/wp-content\/uploads\/2014\/01\/eurocamara-republica-dominicana.jpg","datePublished":"2014-03-18T13:35:57+00:00","description":"La Federaci\u00f3n de C\u00e1maras de Comercio Europeas de la Rep\u00fablica Dominicana es una organizaci\u00f3n sin fines de lucros que las C\u00e1maras de Comercio Europeas bilaterales constituyeron en 1993 cuando se convirti\u00f3 en una realidad el mercado europeo unificado","breadcrumb":{"@id":"https:\/\/nld.mirex.gob.do\/consular\/amsterdam\/federacion-de-camaras-de-comercio-europeas-de-la-republica-dominicana\/#breadcrumb"},"inLanguage":"en-US","potentialAction":[{"@type":"ReadAction","target":["https:\/\/nld.mirex.gob.do\/consular\/amsterdam\/federacion-de-camaras-de-comercio-europeas-de-la-republica-dominicana\/"]}]},{"@type":"ImageObject","inLanguage":"en-US","@id":"https:\/\/nld.mirex.gob.do\/consular\/amsterdam\/federacion-de-camaras-de-comercio-europeas-de-la-republica-dominicana\/#primaryimage","url":"https:\/\/nld.mirex.gob.do\/consular\/amsterdam\/wp-content\/uploads\/2014\/01\/eurocamara-republica-dominicana.jpg","contentUrl":"https:\/\/nld.mirex.gob.do\/consular\/amsterdam\/wp-content\/uploads\/2014\/01\/eurocamara-republica-dominicana.jpg","width":600,"height":400},{"@type":"BreadcrumbList","@id":"https:\/\/nld.mirex.gob.do\/consular\/amsterdam\/federacion-de-camaras-de-comercio-europeas-de-la-republica-dominicana\/#breadcrumb","itemListElement":[{"@type":"ListItem","position":1,"name":"Inicio","item":"https:\/\/nld.mirex.gob.do\/consular\/amsterdam\/"},{"@type":"ListItem","position":2,"name":"Federaci\u00f3n de C\u00e1maras de Comercio Europeas de la Rep\u00fablica Dominicana"}]},{"@type":"WebSite","@id":"https:\/\/nld.mirex.gob.do\/consular\/amsterdam\/#website","url":"https:\/\/nld.mirex.gob.do\/consular\/amsterdam\/","name":"Consulado General de la Rep\u00fablica Dominicana en La Haya, Reino de los Pa\u00edses Bajos","description":"","publisher":{"@id":"https:\/\/nld.mirex.gob.do\/consular\/amsterdam\/#organization"},"potentialAction":[{"@type":"SearchAction","target":{"@type":"EntryPoint","urlTemplate":"https:\/\/nld.mirex.gob.do\/consular\/amsterdam\/?s={search_term_string}"},"query-input":{"@type":"PropertyValueSpecification","valueRequired":true,"valueName":"search_term_string"}}],"inLanguage":"en-US"},{"@type":"Organization","@id":"https:\/\/nld.mirex.gob.do\/consular\/amsterdam\/#organization","name":"Consulado General de la Rep\u00fablica Dominicana en La Haya, Reino de los Pa\u00edses Bajos","url":"https:\/\/nld.mirex.gob.do\/consular\/amsterdam\/","logo":{"@type":"ImageObject","inLanguage":"en-US","@id":"https:\/\/nld.mirex.gob.do\/consular\/amsterdam\/#\/schema\/logo\/image\/","url":"https:\/\/nld.mirex.gob.do\/consular\/amsterdam\/wp-content\/uploads\/2024\/04\/cropped-consulado_la_haya_reinode_los_Paises_Bajos.jpg","contentUrl":"https:\/\/nld.mirex.gob.do\/consular\/amsterdam\/wp-content\/uploads\/2024\/04\/cropped-consulado_la_haya_reinode_los_Paises_Bajos.jpg","width":999,"height":407,"caption":"Consulado General de la Rep\u00fablica Dominicana en La Haya, Reino de los Pa\u00edses Bajos"},"image":{"@id":"https:\/\/nld.mirex.gob.do\/consular\/amsterdam\/#\/schema\/logo\/image\/"}},{"@type":"Person","@id":"https:\/\/nld.mirex.gob.do\/consular\/amsterdam\/#\/schema\/person\/772a9951ade6a7e4ab978b618b619ff8","name":"Michael Antonio Melo Andujar","image":{"@type":"ImageObject","inLanguage":"en-US","@id":"https:\/\/secure.gravatar.com\/avatar\/f8862d24b6945a30d30c9727ef9dfcd533ee25a18a27afc92991446aeb0e652d?s=96&d=mm&r=g","url":"https:\/\/secure.gravatar.com\/avatar\/f8862d24b6945a30d30c9727ef9dfcd533ee25a18a27afc92991446aeb0e652d?s=96&d=mm&r=g","contentUrl":"https:\/\/secure.gravatar.com\/avatar\/f8862d24b6945a30d30c9727ef9dfcd533ee25a18a27afc92991446aeb0e652d?s=96&d=mm&r=g","caption":"Michael Antonio Melo Andujar"}}]}},"_links":{"self":[{"href":"https:\/\/nld.mirex.gob.do\/consular\/amsterdam\/wp-json\/wp\/v2\/posts\/6254","targetHints":{"allow":["GET"]}}],"collection":[{"href":"https:\/\/nld.mirex.gob.do\/consular\/amsterdam\/wp-json\/wp\/v2\/posts"}],"about":[{"href":"https:\/\/nld.mirex.gob.do\/consular\/amsterdam\/wp-json\/wp\/v2\/types\/post"}],"author":[{"embeddable":true,"href":"https:\/\/nld.mirex.gob.do\/consular\/amsterdam\/wp-json\/wp\/v2\/users\/8"}],"replies":[{"embeddable":true,"href":"https:\/\/nld.mirex.gob.do\/consular\/amsterdam\/wp-json\/wp\/v2\/comments?post=6254"}],"version-history":[{"count":0,"href":"https:\/\/nld.mirex.gob.do\/consular\/amsterdam\/wp-json\/wp\/v2\/posts\/6254\/revisions"}],"wp:featuredmedia":[{"embeddable":true,"href":"https:\/\/nld.mirex.gob.do\/consular\/amsterdam\/wp-json\/wp\/v2\/media\/1157"}],"wp:attachment":[{"href":"https:\/\/nld.mirex.gob.do\/consular\/amsterdam\/wp-json\/wp\/v2\/media?parent=6254"}],"wp:term":[{"taxonomy":"category","embeddable":true,"href":"https:\/\/nld.mirex.gob.do\/consular\/amsterdam\/wp-json\/wp\/v2\/categories?post=6254"},{"taxonomy":"post_tag","embeddable":true,"href":"https:\/\/nld.mirex.gob.do\/consular\/amsterdam\/wp-json\/wp\/v2\/tags?post=6254"}],"curies":[{"name":"wp","href":"https:\/\/api.w.org\/{rel}","templated":true}]}}