{"id":6111,"date":"2023-02-27T19:55:54","date_gmt":"2023-02-27T19:55:54","guid":{"rendered":"https:\/\/nld.mirex.gob.do\/consular\/amsterdam\/?p=6111"},"modified":"2023-03-03T12:53:07","modified_gmt":"2023-03-03T12:53:07","slug":"presidente-luis-abinader-presenta-ante-la-asamblea-nacional-logros-de-la-politica-exterior-del-cambio-durante-el-2022","status":"publish","type":"post","link":"https:\/\/nld.mirex.gob.do\/consular\/amsterdam\/presidente-luis-abinader-presenta-ante-la-asamblea-nacional-logros-de-la-politica-exterior-del-cambio-durante-el-2022\/","title":{"rendered":"Presidente Luis Abinader presenta ante la Asamblea Nacional logros de la Pol\u00edtica Exterior del Cambio durante el 2022"},"content":{"rendered":"<p>&nbsp;<\/p>\n<p>Santo Domingo de Guzm\u00e1n, Rep\u00fablica Dominicana.- Durante su discurso de rendici\u00f3n de cuentas del pasado a\u00f1o de gesti\u00f3n, el presidente Luis Abinader destac\u00f3 ante la Asamblea Nacional los principales logros alcanzados por el Ministerio de Relaciones Exteriores durante el a\u00f1o 2022 en materia de liderazgo internacional del pa\u00eds, fortalecimiento y eficientizaci\u00f3n de los servicios consulares y migratorios, apoyo a las comunidades dominicanas en el exterior y la posici\u00f3n de Rep\u00fablica Dominicana sobre la situaci\u00f3n en Hait\u00ed y la pol\u00edtica migratoria nacional.<\/p>\n<p>En cuanto a este \u00faltimo tema, el mandatario destac\u00f3 \u00a0el impacto que ha tenido el activismo de Rep\u00fablica Dominicana en<br \/>\nla Organizaci\u00f3n de las Naciones Unidas frente a la situaci\u00f3n\u00a0haitiana. \u201cLas posiciones expuestas por la representaci\u00f3n dominicana en las asambleas de la ONU y en las sesiones del Consejo de Seguridad<br \/>\ny otros organismos internacionales han sido enf\u00e1ticas sobre la\u00a0necesidad de sentar las bases hacia una mayor ayuda para Hait\u00ed y<br \/>\nla creaci\u00f3n de una fuerza internacional, de apoyo a la Polic\u00eda\u00a0Nacional haitiana y de persecuci\u00f3n a las bandas criminales que lo<br \/>\nazotan\u201d, apunt\u00f3 el jefe del Estado.<\/p>\n<p>Insiti\u00f3 en que la situaci\u00f3n del vecino pa\u00eds nunca hab\u00eda sido tan\u00a0dram\u00e1tica. \u201cHait\u00ed es hoy un pa\u00eds devastado por las crisis, con un<br \/>\nEstado colapsado y una comunidad internacional que no act\u00faa.\u00a0Por eso, les pido a todos responsabilidad para apartar el<br \/>\nproblema haitiano de nuestra lucha partidista y que lleguemos a\u00a0un gran acuerdo nacional, a un pacto de pa\u00eds, que nos\u00a0comprometa desde nuestras posiciones y que d\u00e9 una respuesta<br \/>\nun\u00e1nime en la defensa y la protecci\u00f3n de nuestra soberan\u00eda\u201d, dijo Abinader en tono enf\u00e1tico.<\/p>\n<p>Para ello propuso adoptar un mecanismo de consulta permanente,\u00a0que no necesariamente debe ser formal, oficial y p\u00fablico, pero si<br \/>\ndebe ser confiable, efectivo y \u00e1gil, entre los actores pol\u00edticos y\u00a0nacionales principales, para asegurar que las decisiones<br \/>\nimportantes o sensibles relacionadas con la agenda de las\u00a0relaciones insulares y sus vinculaciones con la agenda de poderes<br \/>\nfor\u00e1neos y organismos internacional, tengan el m\u00e1s amplio\u00a0consenso y las mayores garant\u00edas de implementaci\u00f3n.<\/p>\n<p>\u201cRep\u00fablica Dominicana en todo lo relacionado con Hait\u00ed y sus\u00a0crisis, debe tener una posici\u00f3n unificada o del m\u00e1s amplio\u00a0consenso. Debe enviar un solo mensaje, a partir de los postulados iniciales\u00a0de la pol\u00edtica exterior: no hay ni habr\u00e1 soluci\u00f3n dominicana a los<br \/>\nproblemas de Hait\u00ed; los problemas de Hait\u00ed deben resolverse en\u00a0Hait\u00ed, mediante una f\u00f3rmula de corresponsabilidad compartida,<br \/>\nque no excluya a los haitianos, pero que garantice el compromiso\u00a0de los que m\u00e1s deben y pueden, entre los pa\u00edses m\u00e1s\u00a0desarrollados\u201d, apunt\u00f3 el presidente.<\/p>\n<p>Llam\u00f3 a un gran Pacto de Naci\u00f3n, para una pol\u00edtica de\u00a0Estado, firme, estrat\u00e9gica y uniforme que proteja y d\u00e9 confianza\u00a0al pueblo dominicano.<\/p>\n<p>Asegur\u00f3 que nunca antes ning\u00fan gobierno hab\u00eda hecho tanto por proteger la\u00a0integridad de la Rep\u00fablica Dominicana a lo largo de su frontera,<br \/>\nni hab\u00eda manifestado tanta firmeza en su pol\u00edtica migratoria,\u00a0en consonancia con los derechos humanos, pero sin titubeos a la\u00a0hora de su aplicaci\u00f3n.<\/p>\n<p>\u201cPor primera vez estamos sometiendo a la justicia a los traficantes\u00a0de migrantes. Un ejemplo fue la Operaci\u00f3n Frontera, conocida<br \/>\ndesde la pasada semana con diversos apresamientos y que va a\u00a0continuar sin contemplaciones. Quiero dejar claro que nuestra pol\u00edtica migratoria la marca solo el<br \/>\ngobierno dominicano y la ejecutaremos siempre en defensa de\u00a0nuestra soberan\u00eda\u201d, concluy\u00f3 el mandatario sobre este tema.<\/p>\n<p>Por otro lado, el presidente Luis Abinader destac\u00f3 que Rep\u00fablica Dominicana tiene ya<br \/>\nuna voz m\u00e1s fuerte en el exterior.<\/p>\n<p>\u201cEn el marco de la Secretar\u00eda Pro Tempore de la Conferencia\u00a0Iberoamericana que ostenta Rep\u00fablica Dominicana desde<br \/>\n2021, se han dado m\u00faltiples reuniones ministeriales en\u00a0preparaci\u00f3n de la Cumbre de Jefes de Estado y de Gobierno que<br \/>\ntendr\u00e1 lugar los pr\u00f3ximos d\u00edas 24 y 25 de marzo en Santo\u00a0Domingo\u201d, dijo.<\/p>\n<p>Resalt\u00f3 adem\u00e1s la Presidencia Pro Tempore del Sistema\u00a0de la Integraci\u00f3n Centroamericana (SICA) desempe\u00f1ada por Rep\u00fablica Dominicana de julio a diciembre del\u00a0a\u00f1o pasado, en la que organiz\u00f3 la Reuni\u00f3n Ordinaria de Jefes de Estado y\u00a0de Gobierno, en la cual los pa\u00edses miembros (Belice, Costa Rica,\u00a0El Salvador, Guatemala, Honduras, Nicaragua y Panam\u00e1), pa\u00edses que adoptaron la Declaraci\u00f3n de Santiago de los Caballeros,\u00a0asumiendo compromisos en favor de la democracia, el desarrollo,\u00a0la libertad, la paz y la seguridad en la regi\u00f3n centroamericana.<\/p>\n<p>Asimismo, dijo que en el mes de junio de 2022 se celebr\u00f3 la Novena Cumbre de Las<br \/>\nAm\u00e9ricas, en Los \u00c1ngeles, California, en la que Rep\u00fablica\u00a0Dominicana fue designada como sede de la pr\u00f3xima cumbre que\u00a0se celebrar\u00e1 en el 2025.<\/p>\n<p>Sobre la Alianza para el Desarrollo en Democracia\u00a0(ADD), creada en octubre de 2021 por Rep\u00fablica Dominicana,\u00a0Costa Rica y Panam\u00e1, dijo que se han dado avances importantes. En junio\u00a0de 2022 se incorpor\u00f3 Ecuador y en el mes de septiembre se firm\u00f3<br \/>\nun Memorando de Entendimiento entre los cuatro pa\u00edses y\u00a0Estados Unidos, para realizar un estudio sobre las cadenas de<br \/>\nsuministro regionales e identificar las empresas y \u00e1reas de la\u00a0econom\u00eda de nuestros pa\u00edses que deben ser priorizadas para\u00a0fortalecer el comercio exterior.<br \/>\nCabe destacar que los pa\u00edses de la ADD tambi\u00e9n hemos entrado a\u00a0formar parte de la Alianza por la Prosperidad Econ\u00f3mica de las<br \/>\nAm\u00e9ricas. \u201cUna iniciativa de Estados Unidos junto a M\u00e9xico,\u00a0Canad\u00e1, Costa Rica, Colombia, Chile, Rep\u00fablica Dominicana y<br \/>\notros pa\u00edses de la regi\u00f3n, para promover un marco de desarrollo\u00a0y cooperaci\u00f3n regional\u201d.<\/p>\n<p>En materia consular y migratoria, expres\u00f3 que se han puesto en\u00a0funcionamiento cuatro nuevas misiones consulares en territorio<br \/>\nnorteamericano, en ciudades donde se concentran m\u00e1s de un\u00a0mill\u00f3n de dominicanos: Houston, Texas; Paterson, New Jersey;<br \/>\nOrlando, Florida; y Filadelfia, Pensilvania.<\/p>\n<p>\u201cAdem\u00e1s, hemos iniciado un plan piloto para la modernizaci\u00f3n de\u00a0nuestros consulados, que va a cambiar y trasparentar\u00a0profundamente su funcionamiento y que empezar\u00e1 a aplicarse en<br \/>\nlos consulados de Boston, Barcelona, Caracas, Santiago de Chile,\u00a0Buenos Aires y Beijing, agreg\u00f3.<\/p>\n<p>Respecto a las comunidades dominicanas en el exterior, el presidente Abinader dijo para la pol\u00edtica exterior del\u00a0gobierno esta es una prioridad, por lo que una de las acciones ha<br \/>\nsido mejorar la labor del Instituto de Dominicanos y dominicanas\u00a0en el Exterior (INDEX).<\/p>\n<p>En adici\u00f3n, dijo que se prepar\u00f3 y envi\u00f3 al Congreso Nacional la Ley\u00a0de Fomento y Competitividad de la Aviaci\u00f3n Civil con el objetivo\u00a0de incrementar la conectividad de la aviaci\u00f3n civil, generando as\u00ed\u00a0mayor competencia en el mercado a\u00e9reo dominicano.<\/p>\n<p>\u201cEl INDEX junto con el INFOTEP lanz\u00f3 en 2022 el Programa de\u00a0Capacitaci\u00f3n a la Di\u00e1spora para lograr la expansi\u00f3n de su\u00a0formaci\u00f3n t\u00e9cnica profesional que se ha realizado en 26 pa\u00edses<br \/>\ncomo Estados Unidos, Uruguay, Chile, Espa\u00f1a, Italia, Francia,\u00a0Inglaterra y Alemania. Se form\u00f3, adem\u00e1s, la primera mesa de trabajo para apoyar la\u00a0simplificaci\u00f3n de tr\u00e1mites para la adquisici\u00f3n de viviendas de bajo\u00a0costo por parte de los dominicanos en el exterior y la preparaci\u00f3n<br \/>\nde un modelo de poder consular \u00fanico que facilite el tr\u00e1mite de\u00a0gestiones inmobiliarias\u201d, enumer\u00f3 Abinader.<\/p>\n<p>Asimismo, dijo que el INDEX suscribi\u00f3 un acuerdo con el Banco Nacional de Desarrollo y<br \/>\nExportaci\u00f3n, BANDEX, para otorgar pr\u00e9stamos y facilidades\u00a0blandas para nuestra comunidad en el exterior con el fin de\u00a0exportar productos desde la Republica Dominicana a las\u00a0comunidades donde residen y Banreservas abri\u00f3 en Madrid una<br \/>\noficina para apoyar a nuestra comunidad en Espa\u00f1a.<\/p>\n","protected":false},"excerpt":{"rendered":"<p>&nbsp; Santo Domingo de Guzm\u00e1n, Rep\u00fablica Dominicana.- Durante su discurso de rendici\u00f3n de cuentas del pasado a\u00f1o de gesti\u00f3n, el presidente Luis Abinader destac\u00f3 ante la Asamblea Nacional los principales logros alcanzados por el Ministerio de Relaciones Exteriores durante el a\u00f1o 2022 en materia de liderazgo internacional del pa\u00eds, fortalecimiento y eficientizaci\u00f3n de los servicios [&hellip;]<\/p>\n","protected":false},"author":1,"featured_media":6113,"comment_status":"closed","ping_status":"closed","sticky":false,"template":"","format":"standard","meta":{"site-sidebar-layout":"default","site-content-layout":"default","ast-site-content-layout":"default","site-content-style":"default","site-sidebar-style":"default","ast-global-header-display":"","ast-banner-title-visibility":"","ast-main-header-display":"","ast-hfb-above-header-display":"","ast-hfb-below-header-display":"","ast-hfb-mobile-header-display":"","site-post-title":"","ast-breadcrumbs-content":"","ast-featured-img":"","footer-sml-layout":"","ast-disable-related-posts":"","theme-transparent-header-meta":"default","adv-header-id-meta":"","stick-header-meta":"","header-above-stick-meta":"","header-main-stick-meta":"","header-below-stick-meta":"","astra-migrate-meta-layouts":"default","ast-page-background-enabled":"default","ast-page-background-meta":{"desktop":{"background-color":"","background-image":"","background-repeat":"repeat","background-position":"center center","background-size":"auto","background-attachment":"scroll","background-type":"","background-media":"","overlay-type":"","overlay-color":"","overlay-opacity":"","overlay-gradient":""},"tablet":{"background-color":"","background-image":"","background-repeat":"repeat","background-position":"center center","background-size":"auto","background-attachment":"scroll","background-type":"","background-media":"","overlay-type":"","overlay-color":"","overlay-opacity":"","overlay-gradient":""},"mobile":{"background-color":"","background-image":"","background-repeat":"repeat","background-position":"center center","background-size":"auto","background-attachment":"scroll","background-type":"","background-media":"","overlay-type":"","overlay-color":"","overlay-opacity":"","overlay-gradient":""}},"ast-content-background-meta":{"desktop":{"background-color":"var(--ast-global-color-5)","background-image":"","background-repeat":"repeat","background-position":"center center","background-size":"auto","background-attachment":"scroll","background-type":"","background-media":"","overlay-type":"","overlay-color":"","overlay-opacity":"","overlay-gradient":""},"tablet":{"background-color":"var(--ast-global-color-5)","background-image":"","background-repeat":"repeat","background-position":"center center","background-size":"auto","background-attachment":"scroll","background-type":"","background-media":"","overlay-type":"","overlay-color":"","overlay-opacity":"","overlay-gradient":""},"mobile":{"background-color":"var(--ast-global-color-5)","background-image":"","background-repeat":"repeat","background-position":"center center","background-size":"auto","background-attachment":"scroll","background-type":"","background-media":"","overlay-type":"","overlay-color":"","overlay-opacity":"","overlay-gradient":""}},"footnotes":""},"categories":[40,5],"tags":[],"class_list":["post-6111","post","type-post","status-publish","format-standard","has-post-thumbnail","hentry","category-cancilleria","category-noticias"],"yoast_head":"<!-- This site is optimized with the Yoast SEO plugin v27.4 - https:\/\/yoast.com\/product\/yoast-seo-wordpress\/ -->\n<title>Presidente Luis Abinader presenta ante la Asamblea Nacional logros de la Pol\u00edtica Exterior del Cambio durante el 2022 - Consulado General de la Rep\u00fablica Dominicana en La Haya, Reino de los Pa\u00edses Bajos<\/title>\n<meta name=\"robots\" content=\"index, follow, max-snippet:-1, max-image-preview:large, max-video-preview:-1\" \/>\n<link rel=\"canonical\" href=\"https:\/\/nld.mirex.gob.do\/consular\/amsterdam\/presidente-luis-abinader-presenta-ante-la-asamblea-nacional-logros-de-la-politica-exterior-del-cambio-durante-el-2022\/\" \/>\n<meta property=\"og:locale\" content=\"en_US\" \/>\n<meta property=\"og:type\" content=\"article\" \/>\n<meta property=\"og:title\" content=\"Presidente Luis Abinader presenta ante la Asamblea Nacional logros de la Pol\u00edtica Exterior del Cambio durante el 2022 - Consulado General de la Rep\u00fablica Dominicana en La Haya, Reino de los Pa\u00edses Bajos\" \/>\n<meta property=\"og:description\" content=\"&nbsp; Santo Domingo de Guzm\u00e1n, Rep\u00fablica Dominicana.- Durante su discurso de rendici\u00f3n de cuentas del pasado a\u00f1o de gesti\u00f3n, el presidente Luis Abinader destac\u00f3 ante la Asamblea Nacional los principales logros alcanzados por el Ministerio de Relaciones Exteriores durante el a\u00f1o 2022 en materia de liderazgo internacional del pa\u00eds, fortalecimiento y eficientizaci\u00f3n de los servicios [&hellip;]\" \/>\n<meta property=\"og:url\" content=\"https:\/\/nld.mirex.gob.do\/consular\/amsterdam\/presidente-luis-abinader-presenta-ante-la-asamblea-nacional-logros-de-la-politica-exterior-del-cambio-durante-el-2022\/\" \/>\n<meta property=\"og:site_name\" content=\"Consulado General de la Rep\u00fablica Dominicana en La Haya, Reino de los Pa\u00edses Bajos\" \/>\n<meta property=\"article:published_time\" content=\"2023-02-27T19:55:54+00:00\" \/>\n<meta property=\"article:modified_time\" content=\"2023-03-03T12:53:07+00:00\" \/>\n<meta property=\"og:image\" content=\"https:\/\/nld.mirex.gob.do\/consular\/amsterdam\/wp-content\/uploads\/2023\/03\/671EFAFC-D63F-4923-9ADA-660E42D51155.jpeg\" \/>\n\t<meta property=\"og:image:width\" content=\"1600\" \/>\n\t<meta property=\"og:image:height\" content=\"1036\" \/>\n\t<meta property=\"og:image:type\" content=\"image\/jpeg\" \/>\n<meta name=\"author\" content=\"etanaka\" \/>\n<meta name=\"twitter:card\" content=\"summary_large_image\" \/>\n<meta name=\"twitter:label1\" content=\"Written by\" \/>\n\t<meta name=\"twitter:data1\" content=\"etanaka\" \/>\n\t<meta name=\"twitter:label2\" content=\"Est. reading time\" \/>\n\t<meta name=\"twitter:data2\" content=\"7 minutes\" \/>\n<script type=\"application\/ld+json\" class=\"yoast-schema-graph\">{\"@context\":\"https:\\\/\\\/schema.org\",\"@graph\":[{\"@type\":\"Article\",\"@id\":\"https:\\\/\\\/nld.mirex.gob.do\\\/consular\\\/amsterdam\\\/presidente-luis-abinader-presenta-ante-la-asamblea-nacional-logros-de-la-politica-exterior-del-cambio-durante-el-2022\\\/#article\",\"isPartOf\":{\"@id\":\"https:\\\/\\\/nld.mirex.gob.do\\\/consular\\\/amsterdam\\\/presidente-luis-abinader-presenta-ante-la-asamblea-nacional-logros-de-la-politica-exterior-del-cambio-durante-el-2022\\\/\"},\"author\":{\"name\":\"etanaka\",\"@id\":\"https:\\\/\\\/nld.mirex.gob.do\\\/consular\\\/amsterdam\\\/#\\\/schema\\\/person\\\/775ef64f3ad1a2b7f81bf7f364008b49\"},\"headline\":\"Presidente Luis Abinader presenta ante la Asamblea Nacional logros de la Pol\u00edtica Exterior del Cambio durante el 2022\",\"datePublished\":\"2023-02-27T19:55:54+00:00\",\"dateModified\":\"2023-03-03T12:53:07+00:00\",\"mainEntityOfPage\":{\"@id\":\"https:\\\/\\\/nld.mirex.gob.do\\\/consular\\\/amsterdam\\\/presidente-luis-abinader-presenta-ante-la-asamblea-nacional-logros-de-la-politica-exterior-del-cambio-durante-el-2022\\\/\"},\"wordCount\":1340,\"publisher\":{\"@id\":\"https:\\\/\\\/nld.mirex.gob.do\\\/consular\\\/amsterdam\\\/#organization\"},\"image\":{\"@id\":\"https:\\\/\\\/nld.mirex.gob.do\\\/consular\\\/amsterdam\\\/presidente-luis-abinader-presenta-ante-la-asamblea-nacional-logros-de-la-politica-exterior-del-cambio-durante-el-2022\\\/#primaryimage\"},\"thumbnailUrl\":\"https:\\\/\\\/nld.mirex.gob.do\\\/consular\\\/amsterdam\\\/wp-content\\\/uploads\\\/2023\\\/03\\\/671EFAFC-D63F-4923-9ADA-660E42D51155.jpeg\",\"articleSection\":[\"Canciller\u00eda\",\"Noticias\"],\"inLanguage\":\"en-US\"},{\"@type\":\"WebPage\",\"@id\":\"https:\\\/\\\/nld.mirex.gob.do\\\/consular\\\/amsterdam\\\/presidente-luis-abinader-presenta-ante-la-asamblea-nacional-logros-de-la-politica-exterior-del-cambio-durante-el-2022\\\/\",\"url\":\"https:\\\/\\\/nld.mirex.gob.do\\\/consular\\\/amsterdam\\\/presidente-luis-abinader-presenta-ante-la-asamblea-nacional-logros-de-la-politica-exterior-del-cambio-durante-el-2022\\\/\",\"name\":\"Presidente Luis Abinader presenta ante la Asamblea Nacional logros de la Pol\u00edtica Exterior del Cambio durante el 2022 - Consulado General de la Rep\u00fablica Dominicana en La Haya, Reino de los Pa\u00edses Bajos\",\"isPartOf\":{\"@id\":\"https:\\\/\\\/nld.mirex.gob.do\\\/consular\\\/amsterdam\\\/#website\"},\"primaryImageOfPage\":{\"@id\":\"https:\\\/\\\/nld.mirex.gob.do\\\/consular\\\/amsterdam\\\/presidente-luis-abinader-presenta-ante-la-asamblea-nacional-logros-de-la-politica-exterior-del-cambio-durante-el-2022\\\/#primaryimage\"},\"image\":{\"@id\":\"https:\\\/\\\/nld.mirex.gob.do\\\/consular\\\/amsterdam\\\/presidente-luis-abinader-presenta-ante-la-asamblea-nacional-logros-de-la-politica-exterior-del-cambio-durante-el-2022\\\/#primaryimage\"},\"thumbnailUrl\":\"https:\\\/\\\/nld.mirex.gob.do\\\/consular\\\/amsterdam\\\/wp-content\\\/uploads\\\/2023\\\/03\\\/671EFAFC-D63F-4923-9ADA-660E42D51155.jpeg\",\"datePublished\":\"2023-02-27T19:55:54+00:00\",\"dateModified\":\"2023-03-03T12:53:07+00:00\",\"breadcrumb\":{\"@id\":\"https:\\\/\\\/nld.mirex.gob.do\\\/consular\\\/amsterdam\\\/presidente-luis-abinader-presenta-ante-la-asamblea-nacional-logros-de-la-politica-exterior-del-cambio-durante-el-2022\\\/#breadcrumb\"},\"inLanguage\":\"en-US\",\"potentialAction\":[{\"@type\":\"ReadAction\",\"target\":[\"https:\\\/\\\/nld.mirex.gob.do\\\/consular\\\/amsterdam\\\/presidente-luis-abinader-presenta-ante-la-asamblea-nacional-logros-de-la-politica-exterior-del-cambio-durante-el-2022\\\/\"]}]},{\"@type\":\"ImageObject\",\"inLanguage\":\"en-US\",\"@id\":\"https:\\\/\\\/nld.mirex.gob.do\\\/consular\\\/amsterdam\\\/presidente-luis-abinader-presenta-ante-la-asamblea-nacional-logros-de-la-politica-exterior-del-cambio-durante-el-2022\\\/#primaryimage\",\"url\":\"https:\\\/\\\/nld.mirex.gob.do\\\/consular\\\/amsterdam\\\/wp-content\\\/uploads\\\/2023\\\/03\\\/671EFAFC-D63F-4923-9ADA-660E42D51155.jpeg\",\"contentUrl\":\"https:\\\/\\\/nld.mirex.gob.do\\\/consular\\\/amsterdam\\\/wp-content\\\/uploads\\\/2023\\\/03\\\/671EFAFC-D63F-4923-9ADA-660E42D51155.jpeg\",\"width\":1600,\"height\":1036},{\"@type\":\"BreadcrumbList\",\"@id\":\"https:\\\/\\\/nld.mirex.gob.do\\\/consular\\\/amsterdam\\\/presidente-luis-abinader-presenta-ante-la-asamblea-nacional-logros-de-la-politica-exterior-del-cambio-durante-el-2022\\\/#breadcrumb\",\"itemListElement\":[{\"@type\":\"ListItem\",\"position\":1,\"name\":\"Inicio\",\"item\":\"https:\\\/\\\/nld.mirex.gob.do\\\/consular\\\/amsterdam\\\/\"},{\"@type\":\"ListItem\",\"position\":2,\"name\":\"Presidente Luis Abinader presenta ante la Asamblea Nacional logros de la Pol\u00edtica Exterior del Cambio durante el 2022\"}]},{\"@type\":\"WebSite\",\"@id\":\"https:\\\/\\\/nld.mirex.gob.do\\\/consular\\\/amsterdam\\\/#website\",\"url\":\"https:\\\/\\\/nld.mirex.gob.do\\\/consular\\\/amsterdam\\\/\",\"name\":\"Consulado General de la Rep\u00fablica Dominicana en La Haya, Reino de los Pa\u00edses Bajos\",\"description\":\"\",\"publisher\":{\"@id\":\"https:\\\/\\\/nld.mirex.gob.do\\\/consular\\\/amsterdam\\\/#organization\"},\"potentialAction\":[{\"@type\":\"SearchAction\",\"target\":{\"@type\":\"EntryPoint\",\"urlTemplate\":\"https:\\\/\\\/nld.mirex.gob.do\\\/consular\\\/amsterdam\\\/?s={search_term_string}\"},\"query-input\":{\"@type\":\"PropertyValueSpecification\",\"valueRequired\":true,\"valueName\":\"search_term_string\"}}],\"inLanguage\":\"en-US\"},{\"@type\":\"Organization\",\"@id\":\"https:\\\/\\\/nld.mirex.gob.do\\\/consular\\\/amsterdam\\\/#organization\",\"name\":\"Consulado General de la Rep\u00fablica Dominicana en La Haya, Reino de los Pa\u00edses Bajos\",\"url\":\"https:\\\/\\\/nld.mirex.gob.do\\\/consular\\\/amsterdam\\\/\",\"logo\":{\"@type\":\"ImageObject\",\"inLanguage\":\"en-US\",\"@id\":\"https:\\\/\\\/nld.mirex.gob.do\\\/consular\\\/amsterdam\\\/#\\\/schema\\\/logo\\\/image\\\/\",\"url\":\"https:\\\/\\\/nld.mirex.gob.do\\\/consular\\\/amsterdam\\\/wp-content\\\/uploads\\\/2024\\\/04\\\/cropped-consulado_la_haya_reinode_los_Paises_Bajos.jpg\",\"contentUrl\":\"https:\\\/\\\/nld.mirex.gob.do\\\/consular\\\/amsterdam\\\/wp-content\\\/uploads\\\/2024\\\/04\\\/cropped-consulado_la_haya_reinode_los_Paises_Bajos.jpg\",\"width\":999,\"height\":407,\"caption\":\"Consulado General de la Rep\u00fablica Dominicana en La Haya, Reino de los Pa\u00edses Bajos\"},\"image\":{\"@id\":\"https:\\\/\\\/nld.mirex.gob.do\\\/consular\\\/amsterdam\\\/#\\\/schema\\\/logo\\\/image\\\/\"}},{\"@type\":\"Person\",\"@id\":\"https:\\\/\\\/nld.mirex.gob.do\\\/consular\\\/amsterdam\\\/#\\\/schema\\\/person\\\/775ef64f3ad1a2b7f81bf7f364008b49\",\"name\":\"etanaka\",\"image\":{\"@type\":\"ImageObject\",\"inLanguage\":\"en-US\",\"@id\":\"https:\\\/\\\/secure.gravatar.com\\\/avatar\\\/abf4276b711ebf324ffb2e2969ae7d8232bb4192c4e0c72c537060fbe396ff16?s=96&d=mm&r=g\",\"url\":\"https:\\\/\\\/secure.gravatar.com\\\/avatar\\\/abf4276b711ebf324ffb2e2969ae7d8232bb4192c4e0c72c537060fbe396ff16?s=96&d=mm&r=g\",\"contentUrl\":\"https:\\\/\\\/secure.gravatar.com\\\/avatar\\\/abf4276b711ebf324ffb2e2969ae7d8232bb4192c4e0c72c537060fbe396ff16?s=96&d=mm&r=g\",\"caption\":\"etanaka\"},\"sameAs\":[\"https:\\\/\\\/etanaka.tk\"]}]}<\/script>\n<!-- \/ Yoast SEO plugin. -->","yoast_head_json":{"title":"Presidente Luis Abinader presenta ante la Asamblea Nacional logros de la Pol\u00edtica Exterior del Cambio durante el 2022 - Consulado General de la Rep\u00fablica Dominicana en La Haya, Reino de los Pa\u00edses Bajos","robots":{"index":"index","follow":"follow","max-snippet":"max-snippet:-1","max-image-preview":"max-image-preview:large","max-video-preview":"max-video-preview:-1"},"canonical":"https:\/\/nld.mirex.gob.do\/consular\/amsterdam\/presidente-luis-abinader-presenta-ante-la-asamblea-nacional-logros-de-la-politica-exterior-del-cambio-durante-el-2022\/","og_locale":"en_US","og_type":"article","og_title":"Presidente Luis Abinader presenta ante la Asamblea Nacional logros de la Pol\u00edtica Exterior del Cambio durante el 2022 - Consulado General de la Rep\u00fablica Dominicana en La Haya, Reino de los Pa\u00edses Bajos","og_description":"&nbsp; Santo Domingo de Guzm\u00e1n, Rep\u00fablica Dominicana.- Durante su discurso de rendici\u00f3n de cuentas del pasado a\u00f1o de gesti\u00f3n, el presidente Luis Abinader destac\u00f3 ante la Asamblea Nacional los principales logros alcanzados por el Ministerio de Relaciones Exteriores durante el a\u00f1o 2022 en materia de liderazgo internacional del pa\u00eds, fortalecimiento y eficientizaci\u00f3n de los servicios [&hellip;]","og_url":"https:\/\/nld.mirex.gob.do\/consular\/amsterdam\/presidente-luis-abinader-presenta-ante-la-asamblea-nacional-logros-de-la-politica-exterior-del-cambio-durante-el-2022\/","og_site_name":"Consulado General de la Rep\u00fablica Dominicana en La Haya, Reino de los Pa\u00edses Bajos","article_published_time":"2023-02-27T19:55:54+00:00","article_modified_time":"2023-03-03T12:53:07+00:00","og_image":[{"width":1600,"height":1036,"url":"https:\/\/nld.mirex.gob.do\/consular\/amsterdam\/wp-content\/uploads\/2023\/03\/671EFAFC-D63F-4923-9ADA-660E42D51155.jpeg","type":"image\/jpeg"}],"author":"etanaka","twitter_card":"summary_large_image","twitter_misc":{"Written by":"etanaka","Est. reading time":"7 minutes"},"schema":{"@context":"https:\/\/schema.org","@graph":[{"@type":"Article","@id":"https:\/\/nld.mirex.gob.do\/consular\/amsterdam\/presidente-luis-abinader-presenta-ante-la-asamblea-nacional-logros-de-la-politica-exterior-del-cambio-durante-el-2022\/#article","isPartOf":{"@id":"https:\/\/nld.mirex.gob.do\/consular\/amsterdam\/presidente-luis-abinader-presenta-ante-la-asamblea-nacional-logros-de-la-politica-exterior-del-cambio-durante-el-2022\/"},"author":{"name":"etanaka","@id":"https:\/\/nld.mirex.gob.do\/consular\/amsterdam\/#\/schema\/person\/775ef64f3ad1a2b7f81bf7f364008b49"},"headline":"Presidente Luis Abinader presenta ante la Asamblea Nacional logros de la Pol\u00edtica Exterior del Cambio durante el 2022","datePublished":"2023-02-27T19:55:54+00:00","dateModified":"2023-03-03T12:53:07+00:00","mainEntityOfPage":{"@id":"https:\/\/nld.mirex.gob.do\/consular\/amsterdam\/presidente-luis-abinader-presenta-ante-la-asamblea-nacional-logros-de-la-politica-exterior-del-cambio-durante-el-2022\/"},"wordCount":1340,"publisher":{"@id":"https:\/\/nld.mirex.gob.do\/consular\/amsterdam\/#organization"},"image":{"@id":"https:\/\/nld.mirex.gob.do\/consular\/amsterdam\/presidente-luis-abinader-presenta-ante-la-asamblea-nacional-logros-de-la-politica-exterior-del-cambio-durante-el-2022\/#primaryimage"},"thumbnailUrl":"https:\/\/nld.mirex.gob.do\/consular\/amsterdam\/wp-content\/uploads\/2023\/03\/671EFAFC-D63F-4923-9ADA-660E42D51155.jpeg","articleSection":["Canciller\u00eda","Noticias"],"inLanguage":"en-US"},{"@type":"WebPage","@id":"https:\/\/nld.mirex.gob.do\/consular\/amsterdam\/presidente-luis-abinader-presenta-ante-la-asamblea-nacional-logros-de-la-politica-exterior-del-cambio-durante-el-2022\/","url":"https:\/\/nld.mirex.gob.do\/consular\/amsterdam\/presidente-luis-abinader-presenta-ante-la-asamblea-nacional-logros-de-la-politica-exterior-del-cambio-durante-el-2022\/","name":"Presidente Luis Abinader presenta ante la Asamblea Nacional logros de la Pol\u00edtica Exterior del Cambio durante el 2022 - Consulado General de la Rep\u00fablica Dominicana en La Haya, Reino de los Pa\u00edses Bajos","isPartOf":{"@id":"https:\/\/nld.mirex.gob.do\/consular\/amsterdam\/#website"},"primaryImageOfPage":{"@id":"https:\/\/nld.mirex.gob.do\/consular\/amsterdam\/presidente-luis-abinader-presenta-ante-la-asamblea-nacional-logros-de-la-politica-exterior-del-cambio-durante-el-2022\/#primaryimage"},"image":{"@id":"https:\/\/nld.mirex.gob.do\/consular\/amsterdam\/presidente-luis-abinader-presenta-ante-la-asamblea-nacional-logros-de-la-politica-exterior-del-cambio-durante-el-2022\/#primaryimage"},"thumbnailUrl":"https:\/\/nld.mirex.gob.do\/consular\/amsterdam\/wp-content\/uploads\/2023\/03\/671EFAFC-D63F-4923-9ADA-660E42D51155.jpeg","datePublished":"2023-02-27T19:55:54+00:00","dateModified":"2023-03-03T12:53:07+00:00","breadcrumb":{"@id":"https:\/\/nld.mirex.gob.do\/consular\/amsterdam\/presidente-luis-abinader-presenta-ante-la-asamblea-nacional-logros-de-la-politica-exterior-del-cambio-durante-el-2022\/#breadcrumb"},"inLanguage":"en-US","potentialAction":[{"@type":"ReadAction","target":["https:\/\/nld.mirex.gob.do\/consular\/amsterdam\/presidente-luis-abinader-presenta-ante-la-asamblea-nacional-logros-de-la-politica-exterior-del-cambio-durante-el-2022\/"]}]},{"@type":"ImageObject","inLanguage":"en-US","@id":"https:\/\/nld.mirex.gob.do\/consular\/amsterdam\/presidente-luis-abinader-presenta-ante-la-asamblea-nacional-logros-de-la-politica-exterior-del-cambio-durante-el-2022\/#primaryimage","url":"https:\/\/nld.mirex.gob.do\/consular\/amsterdam\/wp-content\/uploads\/2023\/03\/671EFAFC-D63F-4923-9ADA-660E42D51155.jpeg","contentUrl":"https:\/\/nld.mirex.gob.do\/consular\/amsterdam\/wp-content\/uploads\/2023\/03\/671EFAFC-D63F-4923-9ADA-660E42D51155.jpeg","width":1600,"height":1036},{"@type":"BreadcrumbList","@id":"https:\/\/nld.mirex.gob.do\/consular\/amsterdam\/presidente-luis-abinader-presenta-ante-la-asamblea-nacional-logros-de-la-politica-exterior-del-cambio-durante-el-2022\/#breadcrumb","itemListElement":[{"@type":"ListItem","position":1,"name":"Inicio","item":"https:\/\/nld.mirex.gob.do\/consular\/amsterdam\/"},{"@type":"ListItem","position":2,"name":"Presidente Luis Abinader presenta ante la Asamblea Nacional logros de la Pol\u00edtica Exterior del Cambio durante el 2022"}]},{"@type":"WebSite","@id":"https:\/\/nld.mirex.gob.do\/consular\/amsterdam\/#website","url":"https:\/\/nld.mirex.gob.do\/consular\/amsterdam\/","name":"Consulado General de la Rep\u00fablica Dominicana en La Haya, Reino de los Pa\u00edses Bajos","description":"","publisher":{"@id":"https:\/\/nld.mirex.gob.do\/consular\/amsterdam\/#organization"},"potentialAction":[{"@type":"SearchAction","target":{"@type":"EntryPoint","urlTemplate":"https:\/\/nld.mirex.gob.do\/consular\/amsterdam\/?s={search_term_string}"},"query-input":{"@type":"PropertyValueSpecification","valueRequired":true,"valueName":"search_term_string"}}],"inLanguage":"en-US"},{"@type":"Organization","@id":"https:\/\/nld.mirex.gob.do\/consular\/amsterdam\/#organization","name":"Consulado General de la Rep\u00fablica Dominicana en La Haya, Reino de los Pa\u00edses Bajos","url":"https:\/\/nld.mirex.gob.do\/consular\/amsterdam\/","logo":{"@type":"ImageObject","inLanguage":"en-US","@id":"https:\/\/nld.mirex.gob.do\/consular\/amsterdam\/#\/schema\/logo\/image\/","url":"https:\/\/nld.mirex.gob.do\/consular\/amsterdam\/wp-content\/uploads\/2024\/04\/cropped-consulado_la_haya_reinode_los_Paises_Bajos.jpg","contentUrl":"https:\/\/nld.mirex.gob.do\/consular\/amsterdam\/wp-content\/uploads\/2024\/04\/cropped-consulado_la_haya_reinode_los_Paises_Bajos.jpg","width":999,"height":407,"caption":"Consulado General de la Rep\u00fablica Dominicana en La Haya, Reino de los Pa\u00edses Bajos"},"image":{"@id":"https:\/\/nld.mirex.gob.do\/consular\/amsterdam\/#\/schema\/logo\/image\/"}},{"@type":"Person","@id":"https:\/\/nld.mirex.gob.do\/consular\/amsterdam\/#\/schema\/person\/775ef64f3ad1a2b7f81bf7f364008b49","name":"etanaka","image":{"@type":"ImageObject","inLanguage":"en-US","@id":"https:\/\/secure.gravatar.com\/avatar\/abf4276b711ebf324ffb2e2969ae7d8232bb4192c4e0c72c537060fbe396ff16?s=96&d=mm&r=g","url":"https:\/\/secure.gravatar.com\/avatar\/abf4276b711ebf324ffb2e2969ae7d8232bb4192c4e0c72c537060fbe396ff16?s=96&d=mm&r=g","contentUrl":"https:\/\/secure.gravatar.com\/avatar\/abf4276b711ebf324ffb2e2969ae7d8232bb4192c4e0c72c537060fbe396ff16?s=96&d=mm&r=g","caption":"etanaka"},"sameAs":["https:\/\/etanaka.tk"]}]}},"_links":{"self":[{"href":"https:\/\/nld.mirex.gob.do\/consular\/amsterdam\/wp-json\/wp\/v2\/posts\/6111","targetHints":{"allow":["GET"]}}],"collection":[{"href":"https:\/\/nld.mirex.gob.do\/consular\/amsterdam\/wp-json\/wp\/v2\/posts"}],"about":[{"href":"https:\/\/nld.mirex.gob.do\/consular\/amsterdam\/wp-json\/wp\/v2\/types\/post"}],"author":[{"embeddable":true,"href":"https:\/\/nld.mirex.gob.do\/consular\/amsterdam\/wp-json\/wp\/v2\/users\/1"}],"replies":[{"embeddable":true,"href":"https:\/\/nld.mirex.gob.do\/consular\/amsterdam\/wp-json\/wp\/v2\/comments?post=6111"}],"version-history":[{"count":1,"href":"https:\/\/nld.mirex.gob.do\/consular\/amsterdam\/wp-json\/wp\/v2\/posts\/6111\/revisions"}],"predecessor-version":[{"id":6112,"href":"https:\/\/nld.mirex.gob.do\/consular\/amsterdam\/wp-json\/wp\/v2\/posts\/6111\/revisions\/6112"}],"wp:featuredmedia":[{"embeddable":true,"href":"https:\/\/nld.mirex.gob.do\/consular\/amsterdam\/wp-json\/wp\/v2\/media\/6113"}],"wp:attachment":[{"href":"https:\/\/nld.mirex.gob.do\/consular\/amsterdam\/wp-json\/wp\/v2\/media?parent=6111"}],"wp:term":[{"taxonomy":"category","embeddable":true,"href":"https:\/\/nld.mirex.gob.do\/consular\/amsterdam\/wp-json\/wp\/v2\/categories?post=6111"},{"taxonomy":"post_tag","embeddable":true,"href":"https:\/\/nld.mirex.gob.do\/consular\/amsterdam\/wp-json\/wp\/v2\/tags?post=6111"}],"curies":[{"name":"wp","href":"https:\/\/api.w.org\/{rel}","templated":true}]}}