{"id":6093,"date":"2023-03-07T20:25:59","date_gmt":"2023-03-07T20:25:59","guid":{"rendered":"https:\/\/www.consuladordholanda.com\/?p=6093"},"modified":"2023-03-07T20:25:59","modified_gmt":"2023-03-07T20:25:59","slug":"el-festival-independencia-rd-se-realizo-este-sabado-25-de-febrero-con-una-concurrida-participacion-de-miembros-de-la-comunidad-dominicana","status":"publish","type":"post","link":"https:\/\/nld.mirex.gob.do\/consular\/amsterdam\/el-festival-independencia-rd-se-realizo-este-sabado-25-de-febrero-con-una-concurrida-participacion-de-miembros-de-la-comunidad-dominicana\/","title":{"rendered":"El festival Independencia RD se realiz\u00f3 este s\u00e1bado 25 de febrero con una concurrida participaci\u00f3n de miembros de la comunidad dominicana"},"content":{"rendered":"<p>&nbsp;<\/p>\n<div style=\"width: 1080px;\" class=\"wp-video\"><video class=\"wp-video-shortcode\" id=\"video-6093-1\" width=\"1080\" height=\"1440\" preload=\"metadata\" controls=\"controls\"><source type=\"video\/mp4\" src=\"https:\/\/www.consuladordholanda.com\/wp-content\/uploads\/2023\/03\/InShot_20230307_162037533.mp4?_=1\" \/><a href=\"https:\/\/www.consuladordholanda.com\/wp-content\/uploads\/2023\/03\/InShot_20230307_162037533.mp4\">https:\/\/www.consuladordholanda.com\/wp-content\/uploads\/2023\/03\/InShot_20230307_162037533.mp4<\/a><\/video><\/div>\n<p>&nbsp;<\/p>\n<p>El festival Independencia RD se realiz\u00f3 este s\u00e1bado 25 de febrero con una concurrida participaci\u00f3n de miembros de la comunidad dominicana, que disfrutaron de expresiones culturales con la presentaci\u00f3n de Comparsa Sabor Dominicano y el Grupo Cultural Ritmo Dominicano, ambos grupos de artistas dominicanos residentes en los Paises Bajos.<\/p>\n<p>&nbsp;<\/p>\n<p>Felicitamos calurosamente a la organizaci\u00f3n Transforum por llevar a cabo dicho evento. La actividad cont\u00f3 con el respaldo de nuestras autoridades diplom\u00e1ticas y consulares, estuvieron presentes el Embajador S.E. Juan Duran y la C\u00f3nsul General Sra. Yoselin Garc\u00eda Rodr\u00edguez, quien se encarg\u00f3 de extraer de la Tombola el boleto ganador de la Rifa de la Canasta Dominicana con el n\u00famero 283, siendo agraciada la Sra. Johanna.<\/p>\n<p>&nbsp;<\/p>\n<p>La Comparsa Sabor Dominicano en Pa\u00edses Bajos hizo la representaci\u00f3n de los Guloyas como s\u00edmbolo carnavalesco de San Pedro de Macor\u00eds, tema central que caracteriza la regi\u00f3n este de la Rep\u00fablica Dominicana.<\/p>\n<p>&nbsp;<\/p>\n<blockquote><p>Un agradecimiento especial a todos los patrocinadores, colaboradores, amigos y voluntarios que estuvieron presentes en esta fiesta celebrando la dominicanidad.<\/p><\/blockquote>\n","protected":false},"excerpt":{"rendered":"<p>&nbsp; &nbsp; El festival Independencia RD se realiz\u00f3 este s\u00e1bado 25 de febrero con una concurrida participaci\u00f3n de miembros de la comunidad dominicana, que disfrutaron de expresiones culturales con la presentaci\u00f3n de Comparsa Sabor Dominicano y el Grupo Cultural Ritmo Dominicano, ambos grupos de artistas dominicanos residentes en los Paises Bajos. &nbsp; Felicitamos calurosamente a [&hellip;]<\/p>\n","protected":false},"author":8,"featured_media":6094,"comment_status":"closed","ping_status":"open","sticky":false,"template":"","format":"standard","meta":{"site-sidebar-layout":"default","site-content-layout":"","ast-site-content-layout":"default","site-content-style":"default","site-sidebar-style":"default","ast-global-header-display":"","ast-banner-title-visibility":"","ast-main-header-display":"","ast-hfb-above-header-display":"","ast-hfb-below-header-display":"","ast-hfb-mobile-header-display":"","site-post-title":"","ast-breadcrumbs-content":"","ast-featured-img":"","footer-sml-layout":"","ast-disable-related-posts":"","theme-transparent-header-meta":"","adv-header-id-meta":"","stick-header-meta":"","header-above-stick-meta":"","header-main-stick-meta":"","header-below-stick-meta":"","astra-migrate-meta-layouts":"default","ast-page-background-enabled":"default","ast-page-background-meta":{"desktop":{"background-color":"","background-image":"","background-repeat":"repeat","background-position":"center center","background-size":"auto","background-attachment":"scroll","background-type":"","background-media":"","overlay-type":"","overlay-color":"","overlay-opacity":"","overlay-gradient":""},"tablet":{"background-color":"","background-image":"","background-repeat":"repeat","background-position":"center center","background-size":"auto","background-attachment":"scroll","background-type":"","background-media":"","overlay-type":"","overlay-color":"","overlay-opacity":"","overlay-gradient":""},"mobile":{"background-color":"","background-image":"","background-repeat":"repeat","background-position":"center center","background-size":"auto","background-attachment":"scroll","background-type":"","background-media":"","overlay-type":"","overlay-color":"","overlay-opacity":"","overlay-gradient":""}},"ast-content-background-meta":{"desktop":{"background-color":"var(--ast-global-color-5)","background-image":"","background-repeat":"repeat","background-position":"center center","background-size":"auto","background-attachment":"scroll","background-type":"","background-media":"","overlay-type":"","overlay-color":"","overlay-opacity":"","overlay-gradient":""},"tablet":{"background-color":"var(--ast-global-color-5)","background-image":"","background-repeat":"repeat","background-position":"center center","background-size":"auto","background-attachment":"scroll","background-type":"","background-media":"","overlay-type":"","overlay-color":"","overlay-opacity":"","overlay-gradient":""},"mobile":{"background-color":"var(--ast-global-color-5)","background-image":"","background-repeat":"repeat","background-position":"center center","background-size":"auto","background-attachment":"scroll","background-type":"","background-media":"","overlay-type":"","overlay-color":"","overlay-opacity":"","overlay-gradient":""}},"footnotes":""},"categories":[101,408],"tags":[],"class_list":["post-6093","post","type-post","status-publish","format-standard","has-post-thumbnail","hentry","category-actividades","category-actividades-en-portada"],"yoast_head":"<!-- This site is optimized with the Yoast SEO plugin v27.4 - https:\/\/yoast.com\/product\/yoast-seo-wordpress\/ -->\n<title>El festival Independencia RD se realiz\u00f3 este s\u00e1bado 25 de febrero con una concurrida participaci\u00f3n de miembros de la comunidad dominicana - Consulado General de la Rep\u00fablica Dominicana en La Haya, Reino de los Pa\u00edses Bajos<\/title>\n<meta name=\"robots\" content=\"index, follow, max-snippet:-1, max-image-preview:large, max-video-preview:-1\" \/>\n<link rel=\"canonical\" href=\"https:\/\/nld.mirex.gob.do\/consular\/amsterdam\/el-festival-independencia-rd-se-realizo-este-sabado-25-de-febrero-con-una-concurrida-participacion-de-miembros-de-la-comunidad-dominicana\/\" \/>\n<meta property=\"og:locale\" content=\"en_US\" \/>\n<meta property=\"og:type\" content=\"article\" \/>\n<meta property=\"og:title\" content=\"El festival Independencia RD se realiz\u00f3 este s\u00e1bado 25 de febrero con una concurrida participaci\u00f3n de miembros de la comunidad dominicana - Consulado General de la Rep\u00fablica Dominicana en La Haya, Reino de los Pa\u00edses Bajos\" \/>\n<meta property=\"og:description\" content=\"&nbsp; &nbsp; El festival Independencia RD se realiz\u00f3 este s\u00e1bado 25 de febrero con una concurrida participaci\u00f3n de miembros de la comunidad dominicana, que disfrutaron de expresiones culturales con la presentaci\u00f3n de Comparsa Sabor Dominicano y el Grupo Cultural Ritmo Dominicano, ambos grupos de artistas dominicanos residentes en los Paises Bajos. &nbsp; Felicitamos calurosamente a [&hellip;]\" \/>\n<meta property=\"og:url\" content=\"https:\/\/nld.mirex.gob.do\/consular\/amsterdam\/el-festival-independencia-rd-se-realizo-este-sabado-25-de-febrero-con-una-concurrida-participacion-de-miembros-de-la-comunidad-dominicana\/\" \/>\n<meta property=\"og:site_name\" content=\"Consulado General de la Rep\u00fablica Dominicana en La Haya, Reino de los Pa\u00edses Bajos\" \/>\n<meta property=\"article:published_time\" content=\"2023-03-07T20:25:59+00:00\" \/>\n<meta name=\"author\" content=\"Michael Antonio Melo Andujar\" \/>\n<meta name=\"twitter:card\" content=\"summary_large_image\" \/>\n<meta name=\"twitter:label1\" content=\"Written by\" \/>\n\t<meta name=\"twitter:data1\" content=\"Michael Antonio Melo Andujar\" \/>\n\t<meta name=\"twitter:label2\" content=\"Est. reading time\" \/>\n\t<meta name=\"twitter:data2\" content=\"1 minute\" \/>\n<script type=\"application\/ld+json\" class=\"yoast-schema-graph\">{\"@context\":\"https:\\\/\\\/schema.org\",\"@graph\":[{\"@type\":\"Article\",\"@id\":\"https:\\\/\\\/nld.mirex.gob.do\\\/consular\\\/amsterdam\\\/el-festival-independencia-rd-se-realizo-este-sabado-25-de-febrero-con-una-concurrida-participacion-de-miembros-de-la-comunidad-dominicana\\\/#article\",\"isPartOf\":{\"@id\":\"https:\\\/\\\/nld.mirex.gob.do\\\/consular\\\/amsterdam\\\/el-festival-independencia-rd-se-realizo-este-sabado-25-de-febrero-con-una-concurrida-participacion-de-miembros-de-la-comunidad-dominicana\\\/\"},\"author\":{\"name\":\"Michael Antonio Melo Andujar\",\"@id\":\"https:\\\/\\\/nld.mirex.gob.do\\\/consular\\\/amsterdam\\\/#\\\/schema\\\/person\\\/772a9951ade6a7e4ab978b618b619ff8\"},\"headline\":\"El festival Independencia RD se realiz\u00f3 este s\u00e1bado 25 de febrero con una concurrida participaci\u00f3n de miembros de la comunidad dominicana\",\"datePublished\":\"2023-03-07T20:25:59+00:00\",\"mainEntityOfPage\":{\"@id\":\"https:\\\/\\\/nld.mirex.gob.do\\\/consular\\\/amsterdam\\\/el-festival-independencia-rd-se-realizo-este-sabado-25-de-febrero-con-una-concurrida-participacion-de-miembros-de-la-comunidad-dominicana\\\/\"},\"wordCount\":221,\"publisher\":{\"@id\":\"https:\\\/\\\/nld.mirex.gob.do\\\/consular\\\/amsterdam\\\/#organization\"},\"image\":{\"@id\":\"https:\\\/\\\/nld.mirex.gob.do\\\/consular\\\/amsterdam\\\/el-festival-independencia-rd-se-realizo-este-sabado-25-de-febrero-con-una-concurrida-participacion-de-miembros-de-la-comunidad-dominicana\\\/#primaryimage\"},\"thumbnailUrl\":\"\",\"articleSection\":[\"Actividades\",\"Actividades en portada\"],\"inLanguage\":\"en-US\"},{\"@type\":\"WebPage\",\"@id\":\"https:\\\/\\\/nld.mirex.gob.do\\\/consular\\\/amsterdam\\\/el-festival-independencia-rd-se-realizo-este-sabado-25-de-febrero-con-una-concurrida-participacion-de-miembros-de-la-comunidad-dominicana\\\/\",\"url\":\"https:\\\/\\\/nld.mirex.gob.do\\\/consular\\\/amsterdam\\\/el-festival-independencia-rd-se-realizo-este-sabado-25-de-febrero-con-una-concurrida-participacion-de-miembros-de-la-comunidad-dominicana\\\/\",\"name\":\"El festival Independencia RD se realiz\u00f3 este s\u00e1bado 25 de febrero con una concurrida participaci\u00f3n de miembros de la comunidad dominicana - Consulado General de la Rep\u00fablica Dominicana en La Haya, Reino de los Pa\u00edses Bajos\",\"isPartOf\":{\"@id\":\"https:\\\/\\\/nld.mirex.gob.do\\\/consular\\\/amsterdam\\\/#website\"},\"primaryImageOfPage\":{\"@id\":\"https:\\\/\\\/nld.mirex.gob.do\\\/consular\\\/amsterdam\\\/el-festival-independencia-rd-se-realizo-este-sabado-25-de-febrero-con-una-concurrida-participacion-de-miembros-de-la-comunidad-dominicana\\\/#primaryimage\"},\"image\":{\"@id\":\"https:\\\/\\\/nld.mirex.gob.do\\\/consular\\\/amsterdam\\\/el-festival-independencia-rd-se-realizo-este-sabado-25-de-febrero-con-una-concurrida-participacion-de-miembros-de-la-comunidad-dominicana\\\/#primaryimage\"},\"thumbnailUrl\":\"\",\"datePublished\":\"2023-03-07T20:25:59+00:00\",\"breadcrumb\":{\"@id\":\"https:\\\/\\\/nld.mirex.gob.do\\\/consular\\\/amsterdam\\\/el-festival-independencia-rd-se-realizo-este-sabado-25-de-febrero-con-una-concurrida-participacion-de-miembros-de-la-comunidad-dominicana\\\/#breadcrumb\"},\"inLanguage\":\"en-US\",\"potentialAction\":[{\"@type\":\"ReadAction\",\"target\":[\"https:\\\/\\\/nld.mirex.gob.do\\\/consular\\\/amsterdam\\\/el-festival-independencia-rd-se-realizo-este-sabado-25-de-febrero-con-una-concurrida-participacion-de-miembros-de-la-comunidad-dominicana\\\/\"]}]},{\"@type\":\"ImageObject\",\"inLanguage\":\"en-US\",\"@id\":\"https:\\\/\\\/nld.mirex.gob.do\\\/consular\\\/amsterdam\\\/el-festival-independencia-rd-se-realizo-este-sabado-25-de-febrero-con-una-concurrida-participacion-de-miembros-de-la-comunidad-dominicana\\\/#primaryimage\",\"url\":\"\",\"contentUrl\":\"\"},{\"@type\":\"BreadcrumbList\",\"@id\":\"https:\\\/\\\/nld.mirex.gob.do\\\/consular\\\/amsterdam\\\/el-festival-independencia-rd-se-realizo-este-sabado-25-de-febrero-con-una-concurrida-participacion-de-miembros-de-la-comunidad-dominicana\\\/#breadcrumb\",\"itemListElement\":[{\"@type\":\"ListItem\",\"position\":1,\"name\":\"Inicio\",\"item\":\"https:\\\/\\\/nld.mirex.gob.do\\\/consular\\\/amsterdam\\\/\"},{\"@type\":\"ListItem\",\"position\":2,\"name\":\"El festival Independencia RD se realiz\u00f3 este s\u00e1bado 25 de febrero con una concurrida participaci\u00f3n de miembros de la comunidad dominicana\"}]},{\"@type\":\"WebSite\",\"@id\":\"https:\\\/\\\/nld.mirex.gob.do\\\/consular\\\/amsterdam\\\/#website\",\"url\":\"https:\\\/\\\/nld.mirex.gob.do\\\/consular\\\/amsterdam\\\/\",\"name\":\"Consulado General de la Rep\u00fablica Dominicana en La Haya, Reino de los Pa\u00edses Bajos\",\"description\":\"\",\"publisher\":{\"@id\":\"https:\\\/\\\/nld.mirex.gob.do\\\/consular\\\/amsterdam\\\/#organization\"},\"potentialAction\":[{\"@type\":\"SearchAction\",\"target\":{\"@type\":\"EntryPoint\",\"urlTemplate\":\"https:\\\/\\\/nld.mirex.gob.do\\\/consular\\\/amsterdam\\\/?s={search_term_string}\"},\"query-input\":{\"@type\":\"PropertyValueSpecification\",\"valueRequired\":true,\"valueName\":\"search_term_string\"}}],\"inLanguage\":\"en-US\"},{\"@type\":\"Organization\",\"@id\":\"https:\\\/\\\/nld.mirex.gob.do\\\/consular\\\/amsterdam\\\/#organization\",\"name\":\"Consulado General de la Rep\u00fablica Dominicana en La Haya, Reino de los Pa\u00edses Bajos\",\"url\":\"https:\\\/\\\/nld.mirex.gob.do\\\/consular\\\/amsterdam\\\/\",\"logo\":{\"@type\":\"ImageObject\",\"inLanguage\":\"en-US\",\"@id\":\"https:\\\/\\\/nld.mirex.gob.do\\\/consular\\\/amsterdam\\\/#\\\/schema\\\/logo\\\/image\\\/\",\"url\":\"https:\\\/\\\/nld.mirex.gob.do\\\/consular\\\/amsterdam\\\/wp-content\\\/uploads\\\/2024\\\/04\\\/cropped-consulado_la_haya_reinode_los_Paises_Bajos.jpg\",\"contentUrl\":\"https:\\\/\\\/nld.mirex.gob.do\\\/consular\\\/amsterdam\\\/wp-content\\\/uploads\\\/2024\\\/04\\\/cropped-consulado_la_haya_reinode_los_Paises_Bajos.jpg\",\"width\":999,\"height\":407,\"caption\":\"Consulado General de la Rep\u00fablica Dominicana en La Haya, Reino de los Pa\u00edses Bajos\"},\"image\":{\"@id\":\"https:\\\/\\\/nld.mirex.gob.do\\\/consular\\\/amsterdam\\\/#\\\/schema\\\/logo\\\/image\\\/\"}},{\"@type\":\"Person\",\"@id\":\"https:\\\/\\\/nld.mirex.gob.do\\\/consular\\\/amsterdam\\\/#\\\/schema\\\/person\\\/772a9951ade6a7e4ab978b618b619ff8\",\"name\":\"Michael Antonio Melo Andujar\",\"image\":{\"@type\":\"ImageObject\",\"inLanguage\":\"en-US\",\"@id\":\"https:\\\/\\\/secure.gravatar.com\\\/avatar\\\/f8862d24b6945a30d30c9727ef9dfcd533ee25a18a27afc92991446aeb0e652d?s=96&d=mm&r=g\",\"url\":\"https:\\\/\\\/secure.gravatar.com\\\/avatar\\\/f8862d24b6945a30d30c9727ef9dfcd533ee25a18a27afc92991446aeb0e652d?s=96&d=mm&r=g\",\"contentUrl\":\"https:\\\/\\\/secure.gravatar.com\\\/avatar\\\/f8862d24b6945a30d30c9727ef9dfcd533ee25a18a27afc92991446aeb0e652d?s=96&d=mm&r=g\",\"caption\":\"Michael Antonio Melo Andujar\"}}]}<\/script>\n<!-- \/ Yoast SEO plugin. -->","yoast_head_json":{"title":"El festival Independencia RD se realiz\u00f3 este s\u00e1bado 25 de febrero con una concurrida participaci\u00f3n de miembros de la comunidad dominicana - Consulado General de la Rep\u00fablica Dominicana en La Haya, Reino de los Pa\u00edses Bajos","robots":{"index":"index","follow":"follow","max-snippet":"max-snippet:-1","max-image-preview":"max-image-preview:large","max-video-preview":"max-video-preview:-1"},"canonical":"https:\/\/nld.mirex.gob.do\/consular\/amsterdam\/el-festival-independencia-rd-se-realizo-este-sabado-25-de-febrero-con-una-concurrida-participacion-de-miembros-de-la-comunidad-dominicana\/","og_locale":"en_US","og_type":"article","og_title":"El festival Independencia RD se realiz\u00f3 este s\u00e1bado 25 de febrero con una concurrida participaci\u00f3n de miembros de la comunidad dominicana - Consulado General de la Rep\u00fablica Dominicana en La Haya, Reino de los Pa\u00edses Bajos","og_description":"&nbsp; &nbsp; El festival Independencia RD se realiz\u00f3 este s\u00e1bado 25 de febrero con una concurrida participaci\u00f3n de miembros de la comunidad dominicana, que disfrutaron de expresiones culturales con la presentaci\u00f3n de Comparsa Sabor Dominicano y el Grupo Cultural Ritmo Dominicano, ambos grupos de artistas dominicanos residentes en los Paises Bajos. &nbsp; Felicitamos calurosamente a [&hellip;]","og_url":"https:\/\/nld.mirex.gob.do\/consular\/amsterdam\/el-festival-independencia-rd-se-realizo-este-sabado-25-de-febrero-con-una-concurrida-participacion-de-miembros-de-la-comunidad-dominicana\/","og_site_name":"Consulado General de la Rep\u00fablica Dominicana en La Haya, Reino de los Pa\u00edses Bajos","article_published_time":"2023-03-07T20:25:59+00:00","author":"Michael Antonio Melo Andujar","twitter_card":"summary_large_image","twitter_misc":{"Written by":"Michael Antonio Melo Andujar","Est. reading time":"1 minute"},"schema":{"@context":"https:\/\/schema.org","@graph":[{"@type":"Article","@id":"https:\/\/nld.mirex.gob.do\/consular\/amsterdam\/el-festival-independencia-rd-se-realizo-este-sabado-25-de-febrero-con-una-concurrida-participacion-de-miembros-de-la-comunidad-dominicana\/#article","isPartOf":{"@id":"https:\/\/nld.mirex.gob.do\/consular\/amsterdam\/el-festival-independencia-rd-se-realizo-este-sabado-25-de-febrero-con-una-concurrida-participacion-de-miembros-de-la-comunidad-dominicana\/"},"author":{"name":"Michael Antonio Melo Andujar","@id":"https:\/\/nld.mirex.gob.do\/consular\/amsterdam\/#\/schema\/person\/772a9951ade6a7e4ab978b618b619ff8"},"headline":"El festival Independencia RD se realiz\u00f3 este s\u00e1bado 25 de febrero con una concurrida participaci\u00f3n de miembros de la comunidad dominicana","datePublished":"2023-03-07T20:25:59+00:00","mainEntityOfPage":{"@id":"https:\/\/nld.mirex.gob.do\/consular\/amsterdam\/el-festival-independencia-rd-se-realizo-este-sabado-25-de-febrero-con-una-concurrida-participacion-de-miembros-de-la-comunidad-dominicana\/"},"wordCount":221,"publisher":{"@id":"https:\/\/nld.mirex.gob.do\/consular\/amsterdam\/#organization"},"image":{"@id":"https:\/\/nld.mirex.gob.do\/consular\/amsterdam\/el-festival-independencia-rd-se-realizo-este-sabado-25-de-febrero-con-una-concurrida-participacion-de-miembros-de-la-comunidad-dominicana\/#primaryimage"},"thumbnailUrl":"","articleSection":["Actividades","Actividades en portada"],"inLanguage":"en-US"},{"@type":"WebPage","@id":"https:\/\/nld.mirex.gob.do\/consular\/amsterdam\/el-festival-independencia-rd-se-realizo-este-sabado-25-de-febrero-con-una-concurrida-participacion-de-miembros-de-la-comunidad-dominicana\/","url":"https:\/\/nld.mirex.gob.do\/consular\/amsterdam\/el-festival-independencia-rd-se-realizo-este-sabado-25-de-febrero-con-una-concurrida-participacion-de-miembros-de-la-comunidad-dominicana\/","name":"El festival Independencia RD se realiz\u00f3 este s\u00e1bado 25 de febrero con una concurrida participaci\u00f3n de miembros de la comunidad dominicana - Consulado General de la Rep\u00fablica Dominicana en La Haya, Reino de los Pa\u00edses Bajos","isPartOf":{"@id":"https:\/\/nld.mirex.gob.do\/consular\/amsterdam\/#website"},"primaryImageOfPage":{"@id":"https:\/\/nld.mirex.gob.do\/consular\/amsterdam\/el-festival-independencia-rd-se-realizo-este-sabado-25-de-febrero-con-una-concurrida-participacion-de-miembros-de-la-comunidad-dominicana\/#primaryimage"},"image":{"@id":"https:\/\/nld.mirex.gob.do\/consular\/amsterdam\/el-festival-independencia-rd-se-realizo-este-sabado-25-de-febrero-con-una-concurrida-participacion-de-miembros-de-la-comunidad-dominicana\/#primaryimage"},"thumbnailUrl":"","datePublished":"2023-03-07T20:25:59+00:00","breadcrumb":{"@id":"https:\/\/nld.mirex.gob.do\/consular\/amsterdam\/el-festival-independencia-rd-se-realizo-este-sabado-25-de-febrero-con-una-concurrida-participacion-de-miembros-de-la-comunidad-dominicana\/#breadcrumb"},"inLanguage":"en-US","potentialAction":[{"@type":"ReadAction","target":["https:\/\/nld.mirex.gob.do\/consular\/amsterdam\/el-festival-independencia-rd-se-realizo-este-sabado-25-de-febrero-con-una-concurrida-participacion-de-miembros-de-la-comunidad-dominicana\/"]}]},{"@type":"ImageObject","inLanguage":"en-US","@id":"https:\/\/nld.mirex.gob.do\/consular\/amsterdam\/el-festival-independencia-rd-se-realizo-este-sabado-25-de-febrero-con-una-concurrida-participacion-de-miembros-de-la-comunidad-dominicana\/#primaryimage","url":"","contentUrl":""},{"@type":"BreadcrumbList","@id":"https:\/\/nld.mirex.gob.do\/consular\/amsterdam\/el-festival-independencia-rd-se-realizo-este-sabado-25-de-febrero-con-una-concurrida-participacion-de-miembros-de-la-comunidad-dominicana\/#breadcrumb","itemListElement":[{"@type":"ListItem","position":1,"name":"Inicio","item":"https:\/\/nld.mirex.gob.do\/consular\/amsterdam\/"},{"@type":"ListItem","position":2,"name":"El festival Independencia RD se realiz\u00f3 este s\u00e1bado 25 de febrero con una concurrida participaci\u00f3n de miembros de la comunidad dominicana"}]},{"@type":"WebSite","@id":"https:\/\/nld.mirex.gob.do\/consular\/amsterdam\/#website","url":"https:\/\/nld.mirex.gob.do\/consular\/amsterdam\/","name":"Consulado General de la Rep\u00fablica Dominicana en La Haya, Reino de los Pa\u00edses Bajos","description":"","publisher":{"@id":"https:\/\/nld.mirex.gob.do\/consular\/amsterdam\/#organization"},"potentialAction":[{"@type":"SearchAction","target":{"@type":"EntryPoint","urlTemplate":"https:\/\/nld.mirex.gob.do\/consular\/amsterdam\/?s={search_term_string}"},"query-input":{"@type":"PropertyValueSpecification","valueRequired":true,"valueName":"search_term_string"}}],"inLanguage":"en-US"},{"@type":"Organization","@id":"https:\/\/nld.mirex.gob.do\/consular\/amsterdam\/#organization","name":"Consulado General de la Rep\u00fablica Dominicana en La Haya, Reino de los Pa\u00edses Bajos","url":"https:\/\/nld.mirex.gob.do\/consular\/amsterdam\/","logo":{"@type":"ImageObject","inLanguage":"en-US","@id":"https:\/\/nld.mirex.gob.do\/consular\/amsterdam\/#\/schema\/logo\/image\/","url":"https:\/\/nld.mirex.gob.do\/consular\/amsterdam\/wp-content\/uploads\/2024\/04\/cropped-consulado_la_haya_reinode_los_Paises_Bajos.jpg","contentUrl":"https:\/\/nld.mirex.gob.do\/consular\/amsterdam\/wp-content\/uploads\/2024\/04\/cropped-consulado_la_haya_reinode_los_Paises_Bajos.jpg","width":999,"height":407,"caption":"Consulado General de la Rep\u00fablica Dominicana en La Haya, Reino de los Pa\u00edses Bajos"},"image":{"@id":"https:\/\/nld.mirex.gob.do\/consular\/amsterdam\/#\/schema\/logo\/image\/"}},{"@type":"Person","@id":"https:\/\/nld.mirex.gob.do\/consular\/amsterdam\/#\/schema\/person\/772a9951ade6a7e4ab978b618b619ff8","name":"Michael Antonio Melo Andujar","image":{"@type":"ImageObject","inLanguage":"en-US","@id":"https:\/\/secure.gravatar.com\/avatar\/f8862d24b6945a30d30c9727ef9dfcd533ee25a18a27afc92991446aeb0e652d?s=96&d=mm&r=g","url":"https:\/\/secure.gravatar.com\/avatar\/f8862d24b6945a30d30c9727ef9dfcd533ee25a18a27afc92991446aeb0e652d?s=96&d=mm&r=g","contentUrl":"https:\/\/secure.gravatar.com\/avatar\/f8862d24b6945a30d30c9727ef9dfcd533ee25a18a27afc92991446aeb0e652d?s=96&d=mm&r=g","caption":"Michael Antonio Melo Andujar"}}]}},"_links":{"self":[{"href":"https:\/\/nld.mirex.gob.do\/consular\/amsterdam\/wp-json\/wp\/v2\/posts\/6093","targetHints":{"allow":["GET"]}}],"collection":[{"href":"https:\/\/nld.mirex.gob.do\/consular\/amsterdam\/wp-json\/wp\/v2\/posts"}],"about":[{"href":"https:\/\/nld.mirex.gob.do\/consular\/amsterdam\/wp-json\/wp\/v2\/types\/post"}],"author":[{"embeddable":true,"href":"https:\/\/nld.mirex.gob.do\/consular\/amsterdam\/wp-json\/wp\/v2\/users\/8"}],"replies":[{"embeddable":true,"href":"https:\/\/nld.mirex.gob.do\/consular\/amsterdam\/wp-json\/wp\/v2\/comments?post=6093"}],"version-history":[{"count":0,"href":"https:\/\/nld.mirex.gob.do\/consular\/amsterdam\/wp-json\/wp\/v2\/posts\/6093\/revisions"}],"wp:featuredmedia":[{"embeddable":true,"href":"https:\/\/nld.mirex.gob.do\/consular\/amsterdam\/wp-json\/"}],"wp:attachment":[{"href":"https:\/\/nld.mirex.gob.do\/consular\/amsterdam\/wp-json\/wp\/v2\/media?parent=6093"}],"wp:term":[{"taxonomy":"category","embeddable":true,"href":"https:\/\/nld.mirex.gob.do\/consular\/amsterdam\/wp-json\/wp\/v2\/categories?post=6093"},{"taxonomy":"post_tag","embeddable":true,"href":"https:\/\/nld.mirex.gob.do\/consular\/amsterdam\/wp-json\/wp\/v2\/tags?post=6093"}],"curies":[{"name":"wp","href":"https:\/\/api.w.org\/{rel}","templated":true}]}}