{"id":603,"date":"2015-01-17T14:35:47","date_gmt":"2015-01-17T14:35:47","guid":{"rendered":"http:\/\/www.consuladordvalencia.com\/?p=603"},"modified":"2015-01-17T14:35:47","modified_gmt":"2015-01-17T14:35:47","slug":"mision-de-la-diplomacia-dominicana-proteger-derechos-y-promocionar-bienestar-de-nuestra-gente","status":"publish","type":"post","link":"https:\/\/nld.mirex.gob.do\/consular\/amsterdam\/mision-de-la-diplomacia-dominicana-proteger-derechos-y-promocionar-bienestar-de-nuestra-gente\/","title":{"rendered":"Misi\u00f3n de la Diplomacia Dominicana: proteger derechos y promocionar bienestar de nuestra gente"},"content":{"rendered":"<p><img fetchpriority=\"high\" decoding=\"async\" class=\"alignnone wp-image-970 size-full\" src=\"https:\/\/www.consuladordholanda.com\/wp-content\/uploads\/2015\/01\/foro-de-la-diplomacia-dominicana-2015.png\" alt=\"foro-de-la-diplomacia-dominicana-2015\" width=\"800\" height=\"451\" srcset=\"https:\/\/nld.mirex.gob.do\/consular\/amsterdam\/wp-content\/uploads\/2015\/01\/foro-de-la-diplomacia-dominicana-2015.png 800w, https:\/\/nld.mirex.gob.do\/consular\/amsterdam\/wp-content\/uploads\/2015\/01\/foro-de-la-diplomacia-dominicana-2015-300x169.png 300w, https:\/\/nld.mirex.gob.do\/consular\/amsterdam\/wp-content\/uploads\/2015\/01\/foro-de-la-diplomacia-dominicana-2015-768x433.png 768w\" sizes=\"(max-width: 800px) 100vw, 800px\" \/><br \/>\nEl presidente Danilo Medina asegur\u00f3 en el &#8220;Foro de la Diplomacia Dominicana 2015&#8221;, que su Gobierno est\u00e1 decidido a hacer de las relaciones exteriores un instrumento efectivo para proteger derechos y promocionar bienestar de nuestra gente.<\/p>\n<p>\u201cHa llegado el momento de que reactivemos nuestra diplomacia y de que elevemos e impulsemos la imagen del pa\u00eds ante la comunidad internacional, enfatiz\u00f3 el jefe de Estado en la apertura del Foro de la Diplomacia Dominicana que se celebrar\u00e1 hasta este viernes, en el sal\u00f3n de Conferencias del Ministerio de Relaciones Exteriores.<\/p>\n<div class=\"ast-oembed-container \" style=\"height: 100%;\"><iframe title=\"Misi\u00f3n diplomacia: proteger derechos y promocionar bienestar de nuestra gente\" width=\"500\" height=\"281\" src=\"https:\/\/www.youtube.com\/embed\/S25my1es51U?feature=oembed\" frameborder=\"0\" allow=\"accelerometer; autoplay; clipboard-write; encrypted-media; gyroscope; picture-in-picture; web-share\" referrerpolicy=\"strict-origin-when-cross-origin\" allowfullscreen><\/iframe><\/div>\n<p>&nbsp;<\/p>\n<p><strong>M\u00e1s informaci\u00f3n:<\/strong><\/p>\n<p><a href=\"http:\/\/presidencia.gob.do\/noticias\/mision-diplomacia-proteger-derechos-y-promocionar-bienestar-de-nuestra-gente\" target=\"_blank\" rel=\"noopener\">http:\/\/presidencia.gob.do\/noticias\/mision-diplomacia-proteger-derechos-y-promocionar-bienestar-de-nuestra-gente<\/a><\/p>\n","protected":false},"excerpt":{"rendered":"<p>El presidente Danilo Medina asegur\u00f3 en el &#8220;Foro de la Diplomacia Dominicana 2015&#8221;, que su Gobierno est\u00e1 decidido a hacer de las relaciones exteriores un instrumento efectivo para proteger derechos y promocionar bienestar de nuestra gente. \u201cHa llegado el momento de que reactivemos nuestra diplomacia y de que elevemos e impulsemos la imagen del pa\u00eds [&hellip;]<\/p>\n","protected":false},"author":8,"featured_media":970,"comment_status":"closed","ping_status":"closed","sticky":false,"template":"","format":"standard","meta":{"site-sidebar-layout":"default","site-content-layout":"","ast-site-content-layout":"default","site-content-style":"default","site-sidebar-style":"default","ast-global-header-display":"","ast-banner-title-visibility":"","ast-main-header-display":"","ast-hfb-above-header-display":"","ast-hfb-below-header-display":"","ast-hfb-mobile-header-display":"","site-post-title":"","ast-breadcrumbs-content":"","ast-featured-img":"","footer-sml-layout":"","ast-disable-related-posts":"","theme-transparent-header-meta":"","adv-header-id-meta":"","stick-header-meta":"","header-above-stick-meta":"","header-main-stick-meta":"","header-below-stick-meta":"","astra-migrate-meta-layouts":"default","ast-page-background-enabled":"default","ast-page-background-meta":{"desktop":{"background-color":"","background-image":"","background-repeat":"repeat","background-position":"center center","background-size":"auto","background-attachment":"scroll","background-type":"","background-media":"","overlay-type":"","overlay-color":"","overlay-opacity":"","overlay-gradient":""},"tablet":{"background-color":"","background-image":"","background-repeat":"repeat","background-position":"center center","background-size":"auto","background-attachment":"scroll","background-type":"","background-media":"","overlay-type":"","overlay-color":"","overlay-opacity":"","overlay-gradient":""},"mobile":{"background-color":"","background-image":"","background-repeat":"repeat","background-position":"center center","background-size":"auto","background-attachment":"scroll","background-type":"","background-media":"","overlay-type":"","overlay-color":"","overlay-opacity":"","overlay-gradient":""}},"ast-content-background-meta":{"desktop":{"background-color":"var(--ast-global-color-5)","background-image":"","background-repeat":"repeat","background-position":"center center","background-size":"auto","background-attachment":"scroll","background-type":"","background-media":"","overlay-type":"","overlay-color":"","overlay-opacity":"","overlay-gradient":""},"tablet":{"background-color":"var(--ast-global-color-5)","background-image":"","background-repeat":"repeat","background-position":"center center","background-size":"auto","background-attachment":"scroll","background-type":"","background-media":"","overlay-type":"","overlay-color":"","overlay-opacity":"","overlay-gradient":""},"mobile":{"background-color":"var(--ast-global-color-5)","background-image":"","background-repeat":"repeat","background-position":"center center","background-size":"auto","background-attachment":"scroll","background-type":"","background-media":"","overlay-type":"","overlay-color":"","overlay-opacity":"","overlay-gradient":""}},"footnotes":""},"categories":[65,66],"tags":[46,62,63,64,67],"class_list":["post-603","post","type-post","status-publish","format-standard","has-post-thumbnail","hentry","category-institucional","category-novedades","tag-consulado","tag-danilo-medina","tag-diplomacia","tag-foro-de-la-diplomacia-dominicana-2015","tag-presidencia"],"yoast_head":"<!-- This site is optimized with the Yoast SEO plugin v27.4 - https:\/\/yoast.com\/product\/yoast-seo-wordpress\/ -->\n<title>Misi\u00f3n de la Diplomacia Dominicana: proteger derechos y promocionar bienestar de nuestra gente - Consulado General de la Rep\u00fablica Dominicana en La Haya, Reino de los Pa\u00edses Bajos<\/title>\n<meta name=\"description\" content=\"El presidente Danilo Medina asegur\u00f3 en el &quot;Foro Diplomacia 2015&quot;, que su Gobierno est\u00e1 decidido a hacer de las relaciones exteriores un instrumento efectivo para proteger derechos y promocionar bienestar de nuestra gente.\" \/>\n<meta name=\"robots\" content=\"index, follow, max-snippet:-1, max-image-preview:large, max-video-preview:-1\" \/>\n<link rel=\"canonical\" href=\"https:\/\/nld.mirex.gob.do\/consular\/amsterdam\/mision-de-la-diplomacia-dominicana-proteger-derechos-y-promocionar-bienestar-de-nuestra-gente\/\" \/>\n<meta property=\"og:locale\" content=\"en_US\" \/>\n<meta property=\"og:type\" content=\"article\" \/>\n<meta property=\"og:title\" content=\"Misi\u00f3n de la Diplomacia Dominicana: proteger derechos y promocionar bienestar de nuestra gente - Consulado General de la Rep\u00fablica Dominicana en La Haya, Reino de los Pa\u00edses Bajos\" \/>\n<meta property=\"og:description\" content=\"El presidente Danilo Medina asegur\u00f3 en el &quot;Foro Diplomacia 2015&quot;, que su Gobierno est\u00e1 decidido a hacer de las relaciones exteriores un instrumento efectivo para proteger derechos y promocionar bienestar de nuestra gente.\" \/>\n<meta property=\"og:url\" content=\"https:\/\/nld.mirex.gob.do\/consular\/amsterdam\/mision-de-la-diplomacia-dominicana-proteger-derechos-y-promocionar-bienestar-de-nuestra-gente\/\" \/>\n<meta property=\"og:site_name\" content=\"Consulado General de la Rep\u00fablica Dominicana en La Haya, Reino de los Pa\u00edses Bajos\" \/>\n<meta property=\"article:published_time\" content=\"2015-01-17T14:35:47+00:00\" \/>\n<meta property=\"og:image\" content=\"https:\/\/nld.mirex.gob.do\/consular\/amsterdam\/wp-content\/uploads\/2015\/01\/foro-de-la-diplomacia-dominicana-2015.png\" \/>\n\t<meta property=\"og:image:width\" content=\"800\" \/>\n\t<meta property=\"og:image:height\" content=\"451\" \/>\n\t<meta property=\"og:image:type\" content=\"image\/png\" \/>\n<meta name=\"author\" content=\"Michael Antonio Melo Andujar\" \/>\n<meta name=\"twitter:card\" content=\"summary_large_image\" \/>\n<meta name=\"twitter:label1\" content=\"Written by\" \/>\n\t<meta name=\"twitter:data1\" content=\"Michael Antonio Melo Andujar\" \/>\n\t<meta name=\"twitter:label2\" content=\"Est. reading time\" \/>\n\t<meta name=\"twitter:data2\" content=\"1 minute\" \/>\n<script type=\"application\/ld+json\" class=\"yoast-schema-graph\">{\"@context\":\"https:\\\/\\\/schema.org\",\"@graph\":[{\"@type\":\"Article\",\"@id\":\"https:\\\/\\\/nld.mirex.gob.do\\\/consular\\\/amsterdam\\\/mision-de-la-diplomacia-dominicana-proteger-derechos-y-promocionar-bienestar-de-nuestra-gente\\\/#article\",\"isPartOf\":{\"@id\":\"https:\\\/\\\/nld.mirex.gob.do\\\/consular\\\/amsterdam\\\/mision-de-la-diplomacia-dominicana-proteger-derechos-y-promocionar-bienestar-de-nuestra-gente\\\/\"},\"author\":{\"name\":\"Michael Antonio Melo Andujar\",\"@id\":\"https:\\\/\\\/nld.mirex.gob.do\\\/consular\\\/amsterdam\\\/#\\\/schema\\\/person\\\/772a9951ade6a7e4ab978b618b619ff8\"},\"headline\":\"Misi\u00f3n de la Diplomacia Dominicana: proteger derechos y promocionar bienestar de nuestra gente\",\"datePublished\":\"2015-01-17T14:35:47+00:00\",\"mainEntityOfPage\":{\"@id\":\"https:\\\/\\\/nld.mirex.gob.do\\\/consular\\\/amsterdam\\\/mision-de-la-diplomacia-dominicana-proteger-derechos-y-promocionar-bienestar-de-nuestra-gente\\\/\"},\"wordCount\":125,\"publisher\":{\"@id\":\"https:\\\/\\\/nld.mirex.gob.do\\\/consular\\\/amsterdam\\\/#organization\"},\"image\":{\"@id\":\"https:\\\/\\\/nld.mirex.gob.do\\\/consular\\\/amsterdam\\\/mision-de-la-diplomacia-dominicana-proteger-derechos-y-promocionar-bienestar-de-nuestra-gente\\\/#primaryimage\"},\"thumbnailUrl\":\"https:\\\/\\\/nld.mirex.gob.do\\\/consular\\\/amsterdam\\\/wp-content\\\/uploads\\\/2015\\\/01\\\/foro-de-la-diplomacia-dominicana-2015.png\",\"keywords\":[\"Consulado\",\"Danilo Medina\",\"Diplomacia\",\"Foro de la Diplomacia Dominicana 2015\",\"Presidencia\"],\"articleSection\":[\"Institucional\",\"Novedades\"],\"inLanguage\":\"en-US\"},{\"@type\":\"WebPage\",\"@id\":\"https:\\\/\\\/nld.mirex.gob.do\\\/consular\\\/amsterdam\\\/mision-de-la-diplomacia-dominicana-proteger-derechos-y-promocionar-bienestar-de-nuestra-gente\\\/\",\"url\":\"https:\\\/\\\/nld.mirex.gob.do\\\/consular\\\/amsterdam\\\/mision-de-la-diplomacia-dominicana-proteger-derechos-y-promocionar-bienestar-de-nuestra-gente\\\/\",\"name\":\"Misi\u00f3n de la Diplomacia Dominicana: proteger derechos y promocionar bienestar de nuestra gente - Consulado General de la Rep\u00fablica Dominicana en La Haya, Reino de los Pa\u00edses Bajos\",\"isPartOf\":{\"@id\":\"https:\\\/\\\/nld.mirex.gob.do\\\/consular\\\/amsterdam\\\/#website\"},\"primaryImageOfPage\":{\"@id\":\"https:\\\/\\\/nld.mirex.gob.do\\\/consular\\\/amsterdam\\\/mision-de-la-diplomacia-dominicana-proteger-derechos-y-promocionar-bienestar-de-nuestra-gente\\\/#primaryimage\"},\"image\":{\"@id\":\"https:\\\/\\\/nld.mirex.gob.do\\\/consular\\\/amsterdam\\\/mision-de-la-diplomacia-dominicana-proteger-derechos-y-promocionar-bienestar-de-nuestra-gente\\\/#primaryimage\"},\"thumbnailUrl\":\"https:\\\/\\\/nld.mirex.gob.do\\\/consular\\\/amsterdam\\\/wp-content\\\/uploads\\\/2015\\\/01\\\/foro-de-la-diplomacia-dominicana-2015.png\",\"datePublished\":\"2015-01-17T14:35:47+00:00\",\"description\":\"El presidente Danilo Medina asegur\u00f3 en el \\\"Foro Diplomacia 2015\\\", que su Gobierno est\u00e1 decidido a hacer de las relaciones exteriores un instrumento efectivo para proteger derechos y promocionar bienestar de nuestra gente.\",\"breadcrumb\":{\"@id\":\"https:\\\/\\\/nld.mirex.gob.do\\\/consular\\\/amsterdam\\\/mision-de-la-diplomacia-dominicana-proteger-derechos-y-promocionar-bienestar-de-nuestra-gente\\\/#breadcrumb\"},\"inLanguage\":\"en-US\",\"potentialAction\":[{\"@type\":\"ReadAction\",\"target\":[\"https:\\\/\\\/nld.mirex.gob.do\\\/consular\\\/amsterdam\\\/mision-de-la-diplomacia-dominicana-proteger-derechos-y-promocionar-bienestar-de-nuestra-gente\\\/\"]}]},{\"@type\":\"ImageObject\",\"inLanguage\":\"en-US\",\"@id\":\"https:\\\/\\\/nld.mirex.gob.do\\\/consular\\\/amsterdam\\\/mision-de-la-diplomacia-dominicana-proteger-derechos-y-promocionar-bienestar-de-nuestra-gente\\\/#primaryimage\",\"url\":\"https:\\\/\\\/nld.mirex.gob.do\\\/consular\\\/amsterdam\\\/wp-content\\\/uploads\\\/2015\\\/01\\\/foro-de-la-diplomacia-dominicana-2015.png\",\"contentUrl\":\"https:\\\/\\\/nld.mirex.gob.do\\\/consular\\\/amsterdam\\\/wp-content\\\/uploads\\\/2015\\\/01\\\/foro-de-la-diplomacia-dominicana-2015.png\",\"width\":800,\"height\":451},{\"@type\":\"BreadcrumbList\",\"@id\":\"https:\\\/\\\/nld.mirex.gob.do\\\/consular\\\/amsterdam\\\/mision-de-la-diplomacia-dominicana-proteger-derechos-y-promocionar-bienestar-de-nuestra-gente\\\/#breadcrumb\",\"itemListElement\":[{\"@type\":\"ListItem\",\"position\":1,\"name\":\"Inicio\",\"item\":\"https:\\\/\\\/nld.mirex.gob.do\\\/consular\\\/amsterdam\\\/\"},{\"@type\":\"ListItem\",\"position\":2,\"name\":\"Misi\u00f3n de la Diplomacia Dominicana: proteger derechos y promocionar bienestar de nuestra gente\"}]},{\"@type\":\"WebSite\",\"@id\":\"https:\\\/\\\/nld.mirex.gob.do\\\/consular\\\/amsterdam\\\/#website\",\"url\":\"https:\\\/\\\/nld.mirex.gob.do\\\/consular\\\/amsterdam\\\/\",\"name\":\"Consulado General de la Rep\u00fablica Dominicana en La Haya, Reino de los Pa\u00edses Bajos\",\"description\":\"\",\"publisher\":{\"@id\":\"https:\\\/\\\/nld.mirex.gob.do\\\/consular\\\/amsterdam\\\/#organization\"},\"potentialAction\":[{\"@type\":\"SearchAction\",\"target\":{\"@type\":\"EntryPoint\",\"urlTemplate\":\"https:\\\/\\\/nld.mirex.gob.do\\\/consular\\\/amsterdam\\\/?s={search_term_string}\"},\"query-input\":{\"@type\":\"PropertyValueSpecification\",\"valueRequired\":true,\"valueName\":\"search_term_string\"}}],\"inLanguage\":\"en-US\"},{\"@type\":\"Organization\",\"@id\":\"https:\\\/\\\/nld.mirex.gob.do\\\/consular\\\/amsterdam\\\/#organization\",\"name\":\"Consulado General de la Rep\u00fablica Dominicana en La Haya, Reino de los Pa\u00edses Bajos\",\"url\":\"https:\\\/\\\/nld.mirex.gob.do\\\/consular\\\/amsterdam\\\/\",\"logo\":{\"@type\":\"ImageObject\",\"inLanguage\":\"en-US\",\"@id\":\"https:\\\/\\\/nld.mirex.gob.do\\\/consular\\\/amsterdam\\\/#\\\/schema\\\/logo\\\/image\\\/\",\"url\":\"https:\\\/\\\/nld.mirex.gob.do\\\/consular\\\/amsterdam\\\/wp-content\\\/uploads\\\/2024\\\/04\\\/cropped-consulado_la_haya_reinode_los_Paises_Bajos.jpg\",\"contentUrl\":\"https:\\\/\\\/nld.mirex.gob.do\\\/consular\\\/amsterdam\\\/wp-content\\\/uploads\\\/2024\\\/04\\\/cropped-consulado_la_haya_reinode_los_Paises_Bajos.jpg\",\"width\":999,\"height\":407,\"caption\":\"Consulado General de la Rep\u00fablica Dominicana en La Haya, Reino de los Pa\u00edses Bajos\"},\"image\":{\"@id\":\"https:\\\/\\\/nld.mirex.gob.do\\\/consular\\\/amsterdam\\\/#\\\/schema\\\/logo\\\/image\\\/\"}},{\"@type\":\"Person\",\"@id\":\"https:\\\/\\\/nld.mirex.gob.do\\\/consular\\\/amsterdam\\\/#\\\/schema\\\/person\\\/772a9951ade6a7e4ab978b618b619ff8\",\"name\":\"Michael Antonio Melo Andujar\",\"image\":{\"@type\":\"ImageObject\",\"inLanguage\":\"en-US\",\"@id\":\"https:\\\/\\\/secure.gravatar.com\\\/avatar\\\/f8862d24b6945a30d30c9727ef9dfcd533ee25a18a27afc92991446aeb0e652d?s=96&d=mm&r=g\",\"url\":\"https:\\\/\\\/secure.gravatar.com\\\/avatar\\\/f8862d24b6945a30d30c9727ef9dfcd533ee25a18a27afc92991446aeb0e652d?s=96&d=mm&r=g\",\"contentUrl\":\"https:\\\/\\\/secure.gravatar.com\\\/avatar\\\/f8862d24b6945a30d30c9727ef9dfcd533ee25a18a27afc92991446aeb0e652d?s=96&d=mm&r=g\",\"caption\":\"Michael Antonio Melo Andujar\"}}]}<\/script>\n<!-- \/ Yoast SEO plugin. -->","yoast_head_json":{"title":"Misi\u00f3n de la Diplomacia Dominicana: proteger derechos y promocionar bienestar de nuestra gente - Consulado General de la Rep\u00fablica Dominicana en La Haya, Reino de los Pa\u00edses Bajos","description":"El presidente Danilo Medina asegur\u00f3 en el \"Foro Diplomacia 2015\", que su Gobierno est\u00e1 decidido a hacer de las relaciones exteriores un instrumento efectivo para proteger derechos y promocionar bienestar de nuestra gente.","robots":{"index":"index","follow":"follow","max-snippet":"max-snippet:-1","max-image-preview":"max-image-preview:large","max-video-preview":"max-video-preview:-1"},"canonical":"https:\/\/nld.mirex.gob.do\/consular\/amsterdam\/mision-de-la-diplomacia-dominicana-proteger-derechos-y-promocionar-bienestar-de-nuestra-gente\/","og_locale":"en_US","og_type":"article","og_title":"Misi\u00f3n de la Diplomacia Dominicana: proteger derechos y promocionar bienestar de nuestra gente - Consulado General de la Rep\u00fablica Dominicana en La Haya, Reino de los Pa\u00edses Bajos","og_description":"El presidente Danilo Medina asegur\u00f3 en el \"Foro Diplomacia 2015\", que su Gobierno est\u00e1 decidido a hacer de las relaciones exteriores un instrumento efectivo para proteger derechos y promocionar bienestar de nuestra gente.","og_url":"https:\/\/nld.mirex.gob.do\/consular\/amsterdam\/mision-de-la-diplomacia-dominicana-proteger-derechos-y-promocionar-bienestar-de-nuestra-gente\/","og_site_name":"Consulado General de la Rep\u00fablica Dominicana en La Haya, Reino de los Pa\u00edses Bajos","article_published_time":"2015-01-17T14:35:47+00:00","og_image":[{"width":800,"height":451,"url":"https:\/\/nld.mirex.gob.do\/consular\/amsterdam\/wp-content\/uploads\/2015\/01\/foro-de-la-diplomacia-dominicana-2015.png","type":"image\/png"}],"author":"Michael Antonio Melo Andujar","twitter_card":"summary_large_image","twitter_misc":{"Written by":"Michael Antonio Melo Andujar","Est. reading time":"1 minute"},"schema":{"@context":"https:\/\/schema.org","@graph":[{"@type":"Article","@id":"https:\/\/nld.mirex.gob.do\/consular\/amsterdam\/mision-de-la-diplomacia-dominicana-proteger-derechos-y-promocionar-bienestar-de-nuestra-gente\/#article","isPartOf":{"@id":"https:\/\/nld.mirex.gob.do\/consular\/amsterdam\/mision-de-la-diplomacia-dominicana-proteger-derechos-y-promocionar-bienestar-de-nuestra-gente\/"},"author":{"name":"Michael Antonio Melo Andujar","@id":"https:\/\/nld.mirex.gob.do\/consular\/amsterdam\/#\/schema\/person\/772a9951ade6a7e4ab978b618b619ff8"},"headline":"Misi\u00f3n de la Diplomacia Dominicana: proteger derechos y promocionar bienestar de nuestra gente","datePublished":"2015-01-17T14:35:47+00:00","mainEntityOfPage":{"@id":"https:\/\/nld.mirex.gob.do\/consular\/amsterdam\/mision-de-la-diplomacia-dominicana-proteger-derechos-y-promocionar-bienestar-de-nuestra-gente\/"},"wordCount":125,"publisher":{"@id":"https:\/\/nld.mirex.gob.do\/consular\/amsterdam\/#organization"},"image":{"@id":"https:\/\/nld.mirex.gob.do\/consular\/amsterdam\/mision-de-la-diplomacia-dominicana-proteger-derechos-y-promocionar-bienestar-de-nuestra-gente\/#primaryimage"},"thumbnailUrl":"https:\/\/nld.mirex.gob.do\/consular\/amsterdam\/wp-content\/uploads\/2015\/01\/foro-de-la-diplomacia-dominicana-2015.png","keywords":["Consulado","Danilo Medina","Diplomacia","Foro de la Diplomacia Dominicana 2015","Presidencia"],"articleSection":["Institucional","Novedades"],"inLanguage":"en-US"},{"@type":"WebPage","@id":"https:\/\/nld.mirex.gob.do\/consular\/amsterdam\/mision-de-la-diplomacia-dominicana-proteger-derechos-y-promocionar-bienestar-de-nuestra-gente\/","url":"https:\/\/nld.mirex.gob.do\/consular\/amsterdam\/mision-de-la-diplomacia-dominicana-proteger-derechos-y-promocionar-bienestar-de-nuestra-gente\/","name":"Misi\u00f3n de la Diplomacia Dominicana: proteger derechos y promocionar bienestar de nuestra gente - Consulado General de la Rep\u00fablica Dominicana en La Haya, Reino de los Pa\u00edses Bajos","isPartOf":{"@id":"https:\/\/nld.mirex.gob.do\/consular\/amsterdam\/#website"},"primaryImageOfPage":{"@id":"https:\/\/nld.mirex.gob.do\/consular\/amsterdam\/mision-de-la-diplomacia-dominicana-proteger-derechos-y-promocionar-bienestar-de-nuestra-gente\/#primaryimage"},"image":{"@id":"https:\/\/nld.mirex.gob.do\/consular\/amsterdam\/mision-de-la-diplomacia-dominicana-proteger-derechos-y-promocionar-bienestar-de-nuestra-gente\/#primaryimage"},"thumbnailUrl":"https:\/\/nld.mirex.gob.do\/consular\/amsterdam\/wp-content\/uploads\/2015\/01\/foro-de-la-diplomacia-dominicana-2015.png","datePublished":"2015-01-17T14:35:47+00:00","description":"El presidente Danilo Medina asegur\u00f3 en el \"Foro Diplomacia 2015\", que su Gobierno est\u00e1 decidido a hacer de las relaciones exteriores un instrumento efectivo para proteger derechos y promocionar bienestar de nuestra gente.","breadcrumb":{"@id":"https:\/\/nld.mirex.gob.do\/consular\/amsterdam\/mision-de-la-diplomacia-dominicana-proteger-derechos-y-promocionar-bienestar-de-nuestra-gente\/#breadcrumb"},"inLanguage":"en-US","potentialAction":[{"@type":"ReadAction","target":["https:\/\/nld.mirex.gob.do\/consular\/amsterdam\/mision-de-la-diplomacia-dominicana-proteger-derechos-y-promocionar-bienestar-de-nuestra-gente\/"]}]},{"@type":"ImageObject","inLanguage":"en-US","@id":"https:\/\/nld.mirex.gob.do\/consular\/amsterdam\/mision-de-la-diplomacia-dominicana-proteger-derechos-y-promocionar-bienestar-de-nuestra-gente\/#primaryimage","url":"https:\/\/nld.mirex.gob.do\/consular\/amsterdam\/wp-content\/uploads\/2015\/01\/foro-de-la-diplomacia-dominicana-2015.png","contentUrl":"https:\/\/nld.mirex.gob.do\/consular\/amsterdam\/wp-content\/uploads\/2015\/01\/foro-de-la-diplomacia-dominicana-2015.png","width":800,"height":451},{"@type":"BreadcrumbList","@id":"https:\/\/nld.mirex.gob.do\/consular\/amsterdam\/mision-de-la-diplomacia-dominicana-proteger-derechos-y-promocionar-bienestar-de-nuestra-gente\/#breadcrumb","itemListElement":[{"@type":"ListItem","position":1,"name":"Inicio","item":"https:\/\/nld.mirex.gob.do\/consular\/amsterdam\/"},{"@type":"ListItem","position":2,"name":"Misi\u00f3n de la Diplomacia Dominicana: proteger derechos y promocionar bienestar de nuestra gente"}]},{"@type":"WebSite","@id":"https:\/\/nld.mirex.gob.do\/consular\/amsterdam\/#website","url":"https:\/\/nld.mirex.gob.do\/consular\/amsterdam\/","name":"Consulado General de la Rep\u00fablica Dominicana en La Haya, Reino de los Pa\u00edses Bajos","description":"","publisher":{"@id":"https:\/\/nld.mirex.gob.do\/consular\/amsterdam\/#organization"},"potentialAction":[{"@type":"SearchAction","target":{"@type":"EntryPoint","urlTemplate":"https:\/\/nld.mirex.gob.do\/consular\/amsterdam\/?s={search_term_string}"},"query-input":{"@type":"PropertyValueSpecification","valueRequired":true,"valueName":"search_term_string"}}],"inLanguage":"en-US"},{"@type":"Organization","@id":"https:\/\/nld.mirex.gob.do\/consular\/amsterdam\/#organization","name":"Consulado General de la Rep\u00fablica Dominicana en La Haya, Reino de los Pa\u00edses Bajos","url":"https:\/\/nld.mirex.gob.do\/consular\/amsterdam\/","logo":{"@type":"ImageObject","inLanguage":"en-US","@id":"https:\/\/nld.mirex.gob.do\/consular\/amsterdam\/#\/schema\/logo\/image\/","url":"https:\/\/nld.mirex.gob.do\/consular\/amsterdam\/wp-content\/uploads\/2024\/04\/cropped-consulado_la_haya_reinode_los_Paises_Bajos.jpg","contentUrl":"https:\/\/nld.mirex.gob.do\/consular\/amsterdam\/wp-content\/uploads\/2024\/04\/cropped-consulado_la_haya_reinode_los_Paises_Bajos.jpg","width":999,"height":407,"caption":"Consulado General de la Rep\u00fablica Dominicana en La Haya, Reino de los Pa\u00edses Bajos"},"image":{"@id":"https:\/\/nld.mirex.gob.do\/consular\/amsterdam\/#\/schema\/logo\/image\/"}},{"@type":"Person","@id":"https:\/\/nld.mirex.gob.do\/consular\/amsterdam\/#\/schema\/person\/772a9951ade6a7e4ab978b618b619ff8","name":"Michael Antonio Melo Andujar","image":{"@type":"ImageObject","inLanguage":"en-US","@id":"https:\/\/secure.gravatar.com\/avatar\/f8862d24b6945a30d30c9727ef9dfcd533ee25a18a27afc92991446aeb0e652d?s=96&d=mm&r=g","url":"https:\/\/secure.gravatar.com\/avatar\/f8862d24b6945a30d30c9727ef9dfcd533ee25a18a27afc92991446aeb0e652d?s=96&d=mm&r=g","contentUrl":"https:\/\/secure.gravatar.com\/avatar\/f8862d24b6945a30d30c9727ef9dfcd533ee25a18a27afc92991446aeb0e652d?s=96&d=mm&r=g","caption":"Michael Antonio Melo Andujar"}}]}},"_links":{"self":[{"href":"https:\/\/nld.mirex.gob.do\/consular\/amsterdam\/wp-json\/wp\/v2\/posts\/603","targetHints":{"allow":["GET"]}}],"collection":[{"href":"https:\/\/nld.mirex.gob.do\/consular\/amsterdam\/wp-json\/wp\/v2\/posts"}],"about":[{"href":"https:\/\/nld.mirex.gob.do\/consular\/amsterdam\/wp-json\/wp\/v2\/types\/post"}],"author":[{"embeddable":true,"href":"https:\/\/nld.mirex.gob.do\/consular\/amsterdam\/wp-json\/wp\/v2\/users\/8"}],"replies":[{"embeddable":true,"href":"https:\/\/nld.mirex.gob.do\/consular\/amsterdam\/wp-json\/wp\/v2\/comments?post=603"}],"version-history":[{"count":0,"href":"https:\/\/nld.mirex.gob.do\/consular\/amsterdam\/wp-json\/wp\/v2\/posts\/603\/revisions"}],"wp:featuredmedia":[{"embeddable":true,"href":"https:\/\/nld.mirex.gob.do\/consular\/amsterdam\/wp-json\/wp\/v2\/media\/970"}],"wp:attachment":[{"href":"https:\/\/nld.mirex.gob.do\/consular\/amsterdam\/wp-json\/wp\/v2\/media?parent=603"}],"wp:term":[{"taxonomy":"category","embeddable":true,"href":"https:\/\/nld.mirex.gob.do\/consular\/amsterdam\/wp-json\/wp\/v2\/categories?post=603"},{"taxonomy":"post_tag","embeddable":true,"href":"https:\/\/nld.mirex.gob.do\/consular\/amsterdam\/wp-json\/wp\/v2\/tags?post=603"}],"curies":[{"name":"wp","href":"https:\/\/api.w.org\/{rel}","templated":true}]}}