{"id":5619,"date":"2021-12-15T21:11:18","date_gmt":"2021-12-15T21:11:18","guid":{"rendered":"https:\/\/www.consuladordholanda.com\/?p=5619"},"modified":"2021-12-15T21:11:18","modified_gmt":"2021-12-15T21:11:18","slug":"el-presidente-luis-abinader-se-dirigio-a-las-dominicanas-y-dominicanos-que-viajan-desde-nueva-york-y-nueva-jersey-hacia-el-pais","status":"publish","type":"post","link":"https:\/\/nld.mirex.gob.do\/consular\/amsterdam\/el-presidente-luis-abinader-se-dirigio-a-las-dominicanas-y-dominicanos-que-viajan-desde-nueva-york-y-nueva-jersey-hacia-el-pais\/","title":{"rendered":"El presidente Luis Abinader se dirigi\u00f3 a las dominicanas y dominicanos que viajan desde Nueva York y Nueva Jersey hacia el pa\u00eds"},"content":{"rendered":"<div class=\"ast-oembed-container \" style=\"height: 100%;\"><iframe title=\"El presidente Luis Abinader se dirigi\u00f3 a las dominicanas y dominicanos que viajan desde Nueva York\" width=\"500\" height=\"281\" src=\"https:\/\/www.youtube.com\/embed\/kuRmBA1UrH8?feature=oembed\" frameborder=\"0\" allow=\"accelerometer; autoplay; clipboard-write; encrypted-media; gyroscope; picture-in-picture; web-share\" referrerpolicy=\"strict-origin-when-cross-origin\" allowfullscreen><\/iframe><\/div>\n<p>El presidente&nbsp;<a href=\"https:\/\/www.instagram.com\/LuisAbinader\/\">@LuisAbinader<\/a>&nbsp;&#x1f1e9;&#x1f1f4; se dirigi\u00f3 a las dominicanas y dominicanos que viajan desde Nueva York y Nueva Jersey hacia el pa\u00eds, para anunciar avances en el cumplimiento de lo prometido a la di\u00e1spora y como un regalo para que puedan pasar las festividades navide\u00f1as y de fin de a\u00f1o en su amada tierra.<\/p>\n<p>Durante su discurso el mandatario dispuso una serie de medidas que se enfocan en beneficiar en forma de agradecimiento y retribuci\u00f3n a la di\u00e1spora dominicana, la cual ha sido uno de los principales impulsores para la recuperaci\u00f3n econ\u00f3mica del pa\u00eds.<\/p>\n<p>Las nuevas medidas son las siguientes:<\/p>\n<p>1&#xfe0f;&#x20e3; Se estima que alrededor de 5 mil dominicanas y dominicanos viajar\u00e1n a&nbsp;<a href=\"https:\/\/www.instagram.com\/explore\/tags\/rep%C3%BAblicadominicana\/\">#Rep\u00fablicaDominicana<\/a>&nbsp;en vuelos &#x2708;&#xfe0f; con precios especiales.<br \/>\nEl acuerdo anunciado por el mandatario incluye a las aerol\u00edneas Sky Cana y Eastern Airlines que volar\u00e1n desde los aeropuertos John F. Kennedy y Newark hacia Santo Domingo y Santiago desde el 21 de diciembre hasta el 11 de enero pr\u00f3ximo.&nbsp; Se realizar\u00e1n al menos 22 vuelos.<\/p>\n<p>2&#xfe0f;&#x20e3; Los costos de los boletos a\u00e9reos desde la ciudad de Nueva York &#x1f5fd; y New Jersey en EE.UU. &#x1f1fa;&#x1f1f8; para los connacionales no superar\u00e1 los $500 d\u00f3lares americanos en su precio final. La oferta patrocinada por el Gobierno incluye gratis una maleta, un \u201ccarry on\u201d &#x1f9f3; y una pieza de mano &#x1f4bc;.<\/p>\n<p>3&#xfe0f;&#x20e3; Se realizar\u00e1 un reembolso del impuesto correspondiente a la tarjeta de turista para la entrada al pa\u00eds con un valor de $10.00 &#x1f4b5;d\u00f3lares americanos. Este retorno se efectuar\u00e1 a la salida de los pasajeros a trav\u00e9s de un proceso establecido con la DGII (<a href=\"https:\/\/www.instagram.com\/dgii.rd\/\">@dgii.rd<\/a>&nbsp;) y Banreservas (<a href=\"https:\/\/www.instagram.com\/banreservasrd\/\">@banreservasrd<\/a>&nbsp;).<br \/>\nSe reconoci\u00f3 adem\u00e1s, que en noviembre los env\u00edos de los residentes en el exterior sumaron de US$786.6 millones, US$229.5 millones m\u00e1s que en el mismo mes del 2019, un incremento del 41.2 %. En los meses enero-noviembre de este a\u00f1o las remesas sumaron US$9,461.7 millones, US$ 114.7 millones m\u00e1s que en el mismo per\u00edodo del pasado a\u00f1o 2020, un crecimiento interanual de 28.8%.<\/p>\n<p><strong>\u00a1Seguimos trabajando!<\/strong><\/p>\n<p><a href=\"https:\/\/www.instagram.com\/explore\/tags\/estamoscambiando\/\">#estamoscambiando<\/a><\/p>\n","protected":false},"excerpt":{"rendered":"<p>El presidente&nbsp;@LuisAbinader&nbsp;&#x1f1e9;&#x1f1f4; se dirigi\u00f3 a las dominicanas y dominicanos que viajan desde Nueva York y Nueva Jersey hacia el pa\u00eds, para anunciar avances en el cumplimiento de lo prometido a la di\u00e1spora y como un regalo para que puedan pasar las festividades navide\u00f1as y de fin de a\u00f1o en su amada tierra. Durante su discurso [&hellip;]<\/p>\n","protected":false},"author":8,"featured_media":5621,"comment_status":"closed","ping_status":"open","sticky":false,"template":"","format":"standard","meta":{"site-sidebar-layout":"default","site-content-layout":"","ast-site-content-layout":"default","site-content-style":"default","site-sidebar-style":"default","ast-global-header-display":"","ast-banner-title-visibility":"","ast-main-header-display":"","ast-hfb-above-header-display":"","ast-hfb-below-header-display":"","ast-hfb-mobile-header-display":"","site-post-title":"","ast-breadcrumbs-content":"","ast-featured-img":"","footer-sml-layout":"","ast-disable-related-posts":"","theme-transparent-header-meta":"","adv-header-id-meta":"","stick-header-meta":"","header-above-stick-meta":"","header-main-stick-meta":"","header-below-stick-meta":"","astra-migrate-meta-layouts":"default","ast-page-background-enabled":"default","ast-page-background-meta":{"desktop":{"background-color":"","background-image":"","background-repeat":"repeat","background-position":"center center","background-size":"auto","background-attachment":"scroll","background-type":"","background-media":"","overlay-type":"","overlay-color":"","overlay-opacity":"","overlay-gradient":""},"tablet":{"background-color":"","background-image":"","background-repeat":"repeat","background-position":"center center","background-size":"auto","background-attachment":"scroll","background-type":"","background-media":"","overlay-type":"","overlay-color":"","overlay-opacity":"","overlay-gradient":""},"mobile":{"background-color":"","background-image":"","background-repeat":"repeat","background-position":"center center","background-size":"auto","background-attachment":"scroll","background-type":"","background-media":"","overlay-type":"","overlay-color":"","overlay-opacity":"","overlay-gradient":""}},"ast-content-background-meta":{"desktop":{"background-color":"var(--ast-global-color-5)","background-image":"","background-repeat":"repeat","background-position":"center center","background-size":"auto","background-attachment":"scroll","background-type":"","background-media":"","overlay-type":"","overlay-color":"","overlay-opacity":"","overlay-gradient":""},"tablet":{"background-color":"var(--ast-global-color-5)","background-image":"","background-repeat":"repeat","background-position":"center center","background-size":"auto","background-attachment":"scroll","background-type":"","background-media":"","overlay-type":"","overlay-color":"","overlay-opacity":"","overlay-gradient":""},"mobile":{"background-color":"var(--ast-global-color-5)","background-image":"","background-repeat":"repeat","background-position":"center center","background-size":"auto","background-attachment":"scroll","background-type":"","background-media":"","overlay-type":"","overlay-color":"","overlay-opacity":"","overlay-gradient":""}},"footnotes":""},"categories":[66,405],"tags":[428],"class_list":["post-5619","post","type-post","status-publish","format-standard","has-post-thumbnail","hentry","category-novedades","category-novedades-en-portada","tag-presidente-luis-abinader"],"yoast_head":"<!-- This site is optimized with the Yoast SEO plugin v27.4 - https:\/\/yoast.com\/product\/yoast-seo-wordpress\/ -->\n<title>El presidente Luis Abinader se dirigi\u00f3 a las dominicanas y dominicanos que viajan desde Nueva York y Nueva Jersey hacia el pa\u00eds - Consulado General de la Rep\u00fablica Dominicana en La Haya, Reino de los Pa\u00edses Bajos<\/title>\n<meta name=\"robots\" content=\"index, follow, max-snippet:-1, max-image-preview:large, max-video-preview:-1\" \/>\n<link rel=\"canonical\" href=\"https:\/\/nld.mirex.gob.do\/consular\/amsterdam\/el-presidente-luis-abinader-se-dirigio-a-las-dominicanas-y-dominicanos-que-viajan-desde-nueva-york-y-nueva-jersey-hacia-el-pais\/\" \/>\n<meta property=\"og:locale\" content=\"en_US\" \/>\n<meta property=\"og:type\" content=\"article\" \/>\n<meta property=\"og:title\" content=\"El presidente Luis Abinader se dirigi\u00f3 a las dominicanas y dominicanos que viajan desde Nueva York y Nueva Jersey hacia el pa\u00eds - Consulado General de la Rep\u00fablica Dominicana en La Haya, Reino de los Pa\u00edses Bajos\" \/>\n<meta property=\"og:description\" content=\"El presidente&nbsp;@LuisAbinader&nbsp;&#x1f1e9;&#x1f1f4; se dirigi\u00f3 a las dominicanas y dominicanos que viajan desde Nueva York y Nueva Jersey hacia el pa\u00eds, para anunciar avances en el cumplimiento de lo prometido a la di\u00e1spora y como un regalo para que puedan pasar las festividades navide\u00f1as y de fin de a\u00f1o en su amada tierra. Durante su discurso [&hellip;]\" \/>\n<meta property=\"og:url\" content=\"https:\/\/nld.mirex.gob.do\/consular\/amsterdam\/el-presidente-luis-abinader-se-dirigio-a-las-dominicanas-y-dominicanos-que-viajan-desde-nueva-york-y-nueva-jersey-hacia-el-pais\/\" \/>\n<meta property=\"og:site_name\" content=\"Consulado General de la Rep\u00fablica Dominicana en La Haya, Reino de los Pa\u00edses Bajos\" \/>\n<meta property=\"article:published_time\" content=\"2021-12-15T21:11:18+00:00\" \/>\n<meta name=\"author\" content=\"Michael Antonio Melo Andujar\" \/>\n<meta name=\"twitter:card\" content=\"summary_large_image\" \/>\n<meta name=\"twitter:label1\" content=\"Written by\" \/>\n\t<meta name=\"twitter:data1\" content=\"Michael Antonio Melo Andujar\" \/>\n\t<meta name=\"twitter:label2\" content=\"Est. reading time\" \/>\n\t<meta name=\"twitter:data2\" content=\"2 minutes\" \/>\n<script type=\"application\/ld+json\" class=\"yoast-schema-graph\">{\"@context\":\"https:\\\/\\\/schema.org\",\"@graph\":[{\"@type\":\"Article\",\"@id\":\"https:\\\/\\\/nld.mirex.gob.do\\\/consular\\\/amsterdam\\\/el-presidente-luis-abinader-se-dirigio-a-las-dominicanas-y-dominicanos-que-viajan-desde-nueva-york-y-nueva-jersey-hacia-el-pais\\\/#article\",\"isPartOf\":{\"@id\":\"https:\\\/\\\/nld.mirex.gob.do\\\/consular\\\/amsterdam\\\/el-presidente-luis-abinader-se-dirigio-a-las-dominicanas-y-dominicanos-que-viajan-desde-nueva-york-y-nueva-jersey-hacia-el-pais\\\/\"},\"author\":{\"name\":\"Michael Antonio Melo Andujar\",\"@id\":\"https:\\\/\\\/nld.mirex.gob.do\\\/consular\\\/amsterdam\\\/#\\\/schema\\\/person\\\/772a9951ade6a7e4ab978b618b619ff8\"},\"headline\":\"El presidente Luis Abinader se dirigi\u00f3 a las dominicanas y dominicanos que viajan desde Nueva York y Nueva Jersey hacia el pa\u00eds\",\"datePublished\":\"2021-12-15T21:11:18+00:00\",\"mainEntityOfPage\":{\"@id\":\"https:\\\/\\\/nld.mirex.gob.do\\\/consular\\\/amsterdam\\\/el-presidente-luis-abinader-se-dirigio-a-las-dominicanas-y-dominicanos-que-viajan-desde-nueva-york-y-nueva-jersey-hacia-el-pais\\\/\"},\"wordCount\":416,\"publisher\":{\"@id\":\"https:\\\/\\\/nld.mirex.gob.do\\\/consular\\\/amsterdam\\\/#organization\"},\"image\":{\"@id\":\"https:\\\/\\\/nld.mirex.gob.do\\\/consular\\\/amsterdam\\\/el-presidente-luis-abinader-se-dirigio-a-las-dominicanas-y-dominicanos-que-viajan-desde-nueva-york-y-nueva-jersey-hacia-el-pais\\\/#primaryimage\"},\"thumbnailUrl\":\"\",\"keywords\":[\"Presidente Luis Abinader\"],\"articleSection\":[\"Novedades\",\"Novedades en portada\"],\"inLanguage\":\"en-US\"},{\"@type\":\"WebPage\",\"@id\":\"https:\\\/\\\/nld.mirex.gob.do\\\/consular\\\/amsterdam\\\/el-presidente-luis-abinader-se-dirigio-a-las-dominicanas-y-dominicanos-que-viajan-desde-nueva-york-y-nueva-jersey-hacia-el-pais\\\/\",\"url\":\"https:\\\/\\\/nld.mirex.gob.do\\\/consular\\\/amsterdam\\\/el-presidente-luis-abinader-se-dirigio-a-las-dominicanas-y-dominicanos-que-viajan-desde-nueva-york-y-nueva-jersey-hacia-el-pais\\\/\",\"name\":\"El presidente Luis Abinader se dirigi\u00f3 a las dominicanas y dominicanos que viajan desde Nueva York y Nueva Jersey hacia el pa\u00eds - Consulado General de la Rep\u00fablica Dominicana en La Haya, Reino de los Pa\u00edses Bajos\",\"isPartOf\":{\"@id\":\"https:\\\/\\\/nld.mirex.gob.do\\\/consular\\\/amsterdam\\\/#website\"},\"primaryImageOfPage\":{\"@id\":\"https:\\\/\\\/nld.mirex.gob.do\\\/consular\\\/amsterdam\\\/el-presidente-luis-abinader-se-dirigio-a-las-dominicanas-y-dominicanos-que-viajan-desde-nueva-york-y-nueva-jersey-hacia-el-pais\\\/#primaryimage\"},\"image\":{\"@id\":\"https:\\\/\\\/nld.mirex.gob.do\\\/consular\\\/amsterdam\\\/el-presidente-luis-abinader-se-dirigio-a-las-dominicanas-y-dominicanos-que-viajan-desde-nueva-york-y-nueva-jersey-hacia-el-pais\\\/#primaryimage\"},\"thumbnailUrl\":\"\",\"datePublished\":\"2021-12-15T21:11:18+00:00\",\"breadcrumb\":{\"@id\":\"https:\\\/\\\/nld.mirex.gob.do\\\/consular\\\/amsterdam\\\/el-presidente-luis-abinader-se-dirigio-a-las-dominicanas-y-dominicanos-que-viajan-desde-nueva-york-y-nueva-jersey-hacia-el-pais\\\/#breadcrumb\"},\"inLanguage\":\"en-US\",\"potentialAction\":[{\"@type\":\"ReadAction\",\"target\":[\"https:\\\/\\\/nld.mirex.gob.do\\\/consular\\\/amsterdam\\\/el-presidente-luis-abinader-se-dirigio-a-las-dominicanas-y-dominicanos-que-viajan-desde-nueva-york-y-nueva-jersey-hacia-el-pais\\\/\"]}]},{\"@type\":\"ImageObject\",\"inLanguage\":\"en-US\",\"@id\":\"https:\\\/\\\/nld.mirex.gob.do\\\/consular\\\/amsterdam\\\/el-presidente-luis-abinader-se-dirigio-a-las-dominicanas-y-dominicanos-que-viajan-desde-nueva-york-y-nueva-jersey-hacia-el-pais\\\/#primaryimage\",\"url\":\"\",\"contentUrl\":\"\"},{\"@type\":\"BreadcrumbList\",\"@id\":\"https:\\\/\\\/nld.mirex.gob.do\\\/consular\\\/amsterdam\\\/el-presidente-luis-abinader-se-dirigio-a-las-dominicanas-y-dominicanos-que-viajan-desde-nueva-york-y-nueva-jersey-hacia-el-pais\\\/#breadcrumb\",\"itemListElement\":[{\"@type\":\"ListItem\",\"position\":1,\"name\":\"Inicio\",\"item\":\"https:\\\/\\\/nld.mirex.gob.do\\\/consular\\\/amsterdam\\\/\"},{\"@type\":\"ListItem\",\"position\":2,\"name\":\"El presidente Luis Abinader se dirigi\u00f3 a las dominicanas y dominicanos que viajan desde Nueva York y Nueva Jersey hacia el pa\u00eds\"}]},{\"@type\":\"WebSite\",\"@id\":\"https:\\\/\\\/nld.mirex.gob.do\\\/consular\\\/amsterdam\\\/#website\",\"url\":\"https:\\\/\\\/nld.mirex.gob.do\\\/consular\\\/amsterdam\\\/\",\"name\":\"Consulado General de la Rep\u00fablica Dominicana en La Haya, Reino de los Pa\u00edses Bajos\",\"description\":\"\",\"publisher\":{\"@id\":\"https:\\\/\\\/nld.mirex.gob.do\\\/consular\\\/amsterdam\\\/#organization\"},\"potentialAction\":[{\"@type\":\"SearchAction\",\"target\":{\"@type\":\"EntryPoint\",\"urlTemplate\":\"https:\\\/\\\/nld.mirex.gob.do\\\/consular\\\/amsterdam\\\/?s={search_term_string}\"},\"query-input\":{\"@type\":\"PropertyValueSpecification\",\"valueRequired\":true,\"valueName\":\"search_term_string\"}}],\"inLanguage\":\"en-US\"},{\"@type\":\"Organization\",\"@id\":\"https:\\\/\\\/nld.mirex.gob.do\\\/consular\\\/amsterdam\\\/#organization\",\"name\":\"Consulado General de la Rep\u00fablica Dominicana en La Haya, Reino de los Pa\u00edses Bajos\",\"url\":\"https:\\\/\\\/nld.mirex.gob.do\\\/consular\\\/amsterdam\\\/\",\"logo\":{\"@type\":\"ImageObject\",\"inLanguage\":\"en-US\",\"@id\":\"https:\\\/\\\/nld.mirex.gob.do\\\/consular\\\/amsterdam\\\/#\\\/schema\\\/logo\\\/image\\\/\",\"url\":\"https:\\\/\\\/nld.mirex.gob.do\\\/consular\\\/amsterdam\\\/wp-content\\\/uploads\\\/2024\\\/04\\\/cropped-consulado_la_haya_reinode_los_Paises_Bajos.jpg\",\"contentUrl\":\"https:\\\/\\\/nld.mirex.gob.do\\\/consular\\\/amsterdam\\\/wp-content\\\/uploads\\\/2024\\\/04\\\/cropped-consulado_la_haya_reinode_los_Paises_Bajos.jpg\",\"width\":999,\"height\":407,\"caption\":\"Consulado General de la Rep\u00fablica Dominicana en La Haya, Reino de los Pa\u00edses Bajos\"},\"image\":{\"@id\":\"https:\\\/\\\/nld.mirex.gob.do\\\/consular\\\/amsterdam\\\/#\\\/schema\\\/logo\\\/image\\\/\"}},{\"@type\":\"Person\",\"@id\":\"https:\\\/\\\/nld.mirex.gob.do\\\/consular\\\/amsterdam\\\/#\\\/schema\\\/person\\\/772a9951ade6a7e4ab978b618b619ff8\",\"name\":\"Michael Antonio Melo Andujar\",\"image\":{\"@type\":\"ImageObject\",\"inLanguage\":\"en-US\",\"@id\":\"https:\\\/\\\/secure.gravatar.com\\\/avatar\\\/f8862d24b6945a30d30c9727ef9dfcd533ee25a18a27afc92991446aeb0e652d?s=96&d=mm&r=g\",\"url\":\"https:\\\/\\\/secure.gravatar.com\\\/avatar\\\/f8862d24b6945a30d30c9727ef9dfcd533ee25a18a27afc92991446aeb0e652d?s=96&d=mm&r=g\",\"contentUrl\":\"https:\\\/\\\/secure.gravatar.com\\\/avatar\\\/f8862d24b6945a30d30c9727ef9dfcd533ee25a18a27afc92991446aeb0e652d?s=96&d=mm&r=g\",\"caption\":\"Michael Antonio Melo Andujar\"}}]}<\/script>\n<!-- \/ Yoast SEO plugin. -->","yoast_head_json":{"title":"El presidente Luis Abinader se dirigi\u00f3 a las dominicanas y dominicanos que viajan desde Nueva York y Nueva Jersey hacia el pa\u00eds - Consulado General de la Rep\u00fablica Dominicana en La Haya, Reino de los Pa\u00edses Bajos","robots":{"index":"index","follow":"follow","max-snippet":"max-snippet:-1","max-image-preview":"max-image-preview:large","max-video-preview":"max-video-preview:-1"},"canonical":"https:\/\/nld.mirex.gob.do\/consular\/amsterdam\/el-presidente-luis-abinader-se-dirigio-a-las-dominicanas-y-dominicanos-que-viajan-desde-nueva-york-y-nueva-jersey-hacia-el-pais\/","og_locale":"en_US","og_type":"article","og_title":"El presidente Luis Abinader se dirigi\u00f3 a las dominicanas y dominicanos que viajan desde Nueva York y Nueva Jersey hacia el pa\u00eds - Consulado General de la Rep\u00fablica Dominicana en La Haya, Reino de los Pa\u00edses Bajos","og_description":"El presidente&nbsp;@LuisAbinader&nbsp;&#x1f1e9;&#x1f1f4; se dirigi\u00f3 a las dominicanas y dominicanos que viajan desde Nueva York y Nueva Jersey hacia el pa\u00eds, para anunciar avances en el cumplimiento de lo prometido a la di\u00e1spora y como un regalo para que puedan pasar las festividades navide\u00f1as y de fin de a\u00f1o en su amada tierra. Durante su discurso [&hellip;]","og_url":"https:\/\/nld.mirex.gob.do\/consular\/amsterdam\/el-presidente-luis-abinader-se-dirigio-a-las-dominicanas-y-dominicanos-que-viajan-desde-nueva-york-y-nueva-jersey-hacia-el-pais\/","og_site_name":"Consulado General de la Rep\u00fablica Dominicana en La Haya, Reino de los Pa\u00edses Bajos","article_published_time":"2021-12-15T21:11:18+00:00","author":"Michael Antonio Melo Andujar","twitter_card":"summary_large_image","twitter_misc":{"Written by":"Michael Antonio Melo Andujar","Est. reading time":"2 minutes"},"schema":{"@context":"https:\/\/schema.org","@graph":[{"@type":"Article","@id":"https:\/\/nld.mirex.gob.do\/consular\/amsterdam\/el-presidente-luis-abinader-se-dirigio-a-las-dominicanas-y-dominicanos-que-viajan-desde-nueva-york-y-nueva-jersey-hacia-el-pais\/#article","isPartOf":{"@id":"https:\/\/nld.mirex.gob.do\/consular\/amsterdam\/el-presidente-luis-abinader-se-dirigio-a-las-dominicanas-y-dominicanos-que-viajan-desde-nueva-york-y-nueva-jersey-hacia-el-pais\/"},"author":{"name":"Michael Antonio Melo Andujar","@id":"https:\/\/nld.mirex.gob.do\/consular\/amsterdam\/#\/schema\/person\/772a9951ade6a7e4ab978b618b619ff8"},"headline":"El presidente Luis Abinader se dirigi\u00f3 a las dominicanas y dominicanos que viajan desde Nueva York y Nueva Jersey hacia el pa\u00eds","datePublished":"2021-12-15T21:11:18+00:00","mainEntityOfPage":{"@id":"https:\/\/nld.mirex.gob.do\/consular\/amsterdam\/el-presidente-luis-abinader-se-dirigio-a-las-dominicanas-y-dominicanos-que-viajan-desde-nueva-york-y-nueva-jersey-hacia-el-pais\/"},"wordCount":416,"publisher":{"@id":"https:\/\/nld.mirex.gob.do\/consular\/amsterdam\/#organization"},"image":{"@id":"https:\/\/nld.mirex.gob.do\/consular\/amsterdam\/el-presidente-luis-abinader-se-dirigio-a-las-dominicanas-y-dominicanos-que-viajan-desde-nueva-york-y-nueva-jersey-hacia-el-pais\/#primaryimage"},"thumbnailUrl":"","keywords":["Presidente Luis Abinader"],"articleSection":["Novedades","Novedades en portada"],"inLanguage":"en-US"},{"@type":"WebPage","@id":"https:\/\/nld.mirex.gob.do\/consular\/amsterdam\/el-presidente-luis-abinader-se-dirigio-a-las-dominicanas-y-dominicanos-que-viajan-desde-nueva-york-y-nueva-jersey-hacia-el-pais\/","url":"https:\/\/nld.mirex.gob.do\/consular\/amsterdam\/el-presidente-luis-abinader-se-dirigio-a-las-dominicanas-y-dominicanos-que-viajan-desde-nueva-york-y-nueva-jersey-hacia-el-pais\/","name":"El presidente Luis Abinader se dirigi\u00f3 a las dominicanas y dominicanos que viajan desde Nueva York y Nueva Jersey hacia el pa\u00eds - Consulado General de la Rep\u00fablica Dominicana en La Haya, Reino de los Pa\u00edses Bajos","isPartOf":{"@id":"https:\/\/nld.mirex.gob.do\/consular\/amsterdam\/#website"},"primaryImageOfPage":{"@id":"https:\/\/nld.mirex.gob.do\/consular\/amsterdam\/el-presidente-luis-abinader-se-dirigio-a-las-dominicanas-y-dominicanos-que-viajan-desde-nueva-york-y-nueva-jersey-hacia-el-pais\/#primaryimage"},"image":{"@id":"https:\/\/nld.mirex.gob.do\/consular\/amsterdam\/el-presidente-luis-abinader-se-dirigio-a-las-dominicanas-y-dominicanos-que-viajan-desde-nueva-york-y-nueva-jersey-hacia-el-pais\/#primaryimage"},"thumbnailUrl":"","datePublished":"2021-12-15T21:11:18+00:00","breadcrumb":{"@id":"https:\/\/nld.mirex.gob.do\/consular\/amsterdam\/el-presidente-luis-abinader-se-dirigio-a-las-dominicanas-y-dominicanos-que-viajan-desde-nueva-york-y-nueva-jersey-hacia-el-pais\/#breadcrumb"},"inLanguage":"en-US","potentialAction":[{"@type":"ReadAction","target":["https:\/\/nld.mirex.gob.do\/consular\/amsterdam\/el-presidente-luis-abinader-se-dirigio-a-las-dominicanas-y-dominicanos-que-viajan-desde-nueva-york-y-nueva-jersey-hacia-el-pais\/"]}]},{"@type":"ImageObject","inLanguage":"en-US","@id":"https:\/\/nld.mirex.gob.do\/consular\/amsterdam\/el-presidente-luis-abinader-se-dirigio-a-las-dominicanas-y-dominicanos-que-viajan-desde-nueva-york-y-nueva-jersey-hacia-el-pais\/#primaryimage","url":"","contentUrl":""},{"@type":"BreadcrumbList","@id":"https:\/\/nld.mirex.gob.do\/consular\/amsterdam\/el-presidente-luis-abinader-se-dirigio-a-las-dominicanas-y-dominicanos-que-viajan-desde-nueva-york-y-nueva-jersey-hacia-el-pais\/#breadcrumb","itemListElement":[{"@type":"ListItem","position":1,"name":"Inicio","item":"https:\/\/nld.mirex.gob.do\/consular\/amsterdam\/"},{"@type":"ListItem","position":2,"name":"El presidente Luis Abinader se dirigi\u00f3 a las dominicanas y dominicanos que viajan desde Nueva York y Nueva Jersey hacia el pa\u00eds"}]},{"@type":"WebSite","@id":"https:\/\/nld.mirex.gob.do\/consular\/amsterdam\/#website","url":"https:\/\/nld.mirex.gob.do\/consular\/amsterdam\/","name":"Consulado General de la Rep\u00fablica Dominicana en La Haya, Reino de los Pa\u00edses Bajos","description":"","publisher":{"@id":"https:\/\/nld.mirex.gob.do\/consular\/amsterdam\/#organization"},"potentialAction":[{"@type":"SearchAction","target":{"@type":"EntryPoint","urlTemplate":"https:\/\/nld.mirex.gob.do\/consular\/amsterdam\/?s={search_term_string}"},"query-input":{"@type":"PropertyValueSpecification","valueRequired":true,"valueName":"search_term_string"}}],"inLanguage":"en-US"},{"@type":"Organization","@id":"https:\/\/nld.mirex.gob.do\/consular\/amsterdam\/#organization","name":"Consulado General de la Rep\u00fablica Dominicana en La Haya, Reino de los Pa\u00edses Bajos","url":"https:\/\/nld.mirex.gob.do\/consular\/amsterdam\/","logo":{"@type":"ImageObject","inLanguage":"en-US","@id":"https:\/\/nld.mirex.gob.do\/consular\/amsterdam\/#\/schema\/logo\/image\/","url":"https:\/\/nld.mirex.gob.do\/consular\/amsterdam\/wp-content\/uploads\/2024\/04\/cropped-consulado_la_haya_reinode_los_Paises_Bajos.jpg","contentUrl":"https:\/\/nld.mirex.gob.do\/consular\/amsterdam\/wp-content\/uploads\/2024\/04\/cropped-consulado_la_haya_reinode_los_Paises_Bajos.jpg","width":999,"height":407,"caption":"Consulado General de la Rep\u00fablica Dominicana en La Haya, Reino de los Pa\u00edses Bajos"},"image":{"@id":"https:\/\/nld.mirex.gob.do\/consular\/amsterdam\/#\/schema\/logo\/image\/"}},{"@type":"Person","@id":"https:\/\/nld.mirex.gob.do\/consular\/amsterdam\/#\/schema\/person\/772a9951ade6a7e4ab978b618b619ff8","name":"Michael Antonio Melo Andujar","image":{"@type":"ImageObject","inLanguage":"en-US","@id":"https:\/\/secure.gravatar.com\/avatar\/f8862d24b6945a30d30c9727ef9dfcd533ee25a18a27afc92991446aeb0e652d?s=96&d=mm&r=g","url":"https:\/\/secure.gravatar.com\/avatar\/f8862d24b6945a30d30c9727ef9dfcd533ee25a18a27afc92991446aeb0e652d?s=96&d=mm&r=g","contentUrl":"https:\/\/secure.gravatar.com\/avatar\/f8862d24b6945a30d30c9727ef9dfcd533ee25a18a27afc92991446aeb0e652d?s=96&d=mm&r=g","caption":"Michael Antonio Melo Andujar"}}]}},"_links":{"self":[{"href":"https:\/\/nld.mirex.gob.do\/consular\/amsterdam\/wp-json\/wp\/v2\/posts\/5619","targetHints":{"allow":["GET"]}}],"collection":[{"href":"https:\/\/nld.mirex.gob.do\/consular\/amsterdam\/wp-json\/wp\/v2\/posts"}],"about":[{"href":"https:\/\/nld.mirex.gob.do\/consular\/amsterdam\/wp-json\/wp\/v2\/types\/post"}],"author":[{"embeddable":true,"href":"https:\/\/nld.mirex.gob.do\/consular\/amsterdam\/wp-json\/wp\/v2\/users\/8"}],"replies":[{"embeddable":true,"href":"https:\/\/nld.mirex.gob.do\/consular\/amsterdam\/wp-json\/wp\/v2\/comments?post=5619"}],"version-history":[{"count":0,"href":"https:\/\/nld.mirex.gob.do\/consular\/amsterdam\/wp-json\/wp\/v2\/posts\/5619\/revisions"}],"wp:featuredmedia":[{"embeddable":true,"href":"https:\/\/nld.mirex.gob.do\/consular\/amsterdam\/wp-json\/"}],"wp:attachment":[{"href":"https:\/\/nld.mirex.gob.do\/consular\/amsterdam\/wp-json\/wp\/v2\/media?parent=5619"}],"wp:term":[{"taxonomy":"category","embeddable":true,"href":"https:\/\/nld.mirex.gob.do\/consular\/amsterdam\/wp-json\/wp\/v2\/categories?post=5619"},{"taxonomy":"post_tag","embeddable":true,"href":"https:\/\/nld.mirex.gob.do\/consular\/amsterdam\/wp-json\/wp\/v2\/tags?post=5619"}],"curies":[{"name":"wp","href":"https:\/\/api.w.org\/{rel}","templated":true}]}}