{"id":5551,"date":"2021-12-02T16:19:23","date_gmt":"2021-12-02T16:19:23","guid":{"rendered":"https:\/\/www.consuladordholanda.com\/?p=5551"},"modified":"2021-12-02T16:19:23","modified_gmt":"2021-12-02T16:19:23","slug":"este-jueves-2-de-diciembre-estaremos-celebrando-la-tercera-entrega-del-premio","status":"publish","type":"post","link":"https:\/\/nld.mirex.gob.do\/consular\/amsterdam\/este-jueves-2-de-diciembre-estaremos-celebrando-la-tercera-entrega-del-premio\/","title":{"rendered":"Este jueves 2 de diciembre estaremos celebrando la tercera entrega del Premio"},"content":{"rendered":"<p><img fetchpriority=\"high\" decoding=\"async\" class=\"alignnone size-full wp-image-5552\" src=\"https:\/\/www.consuladordholanda.com\/wp-content\/uploads\/2021\/12\/Este-jueves-2-de-diciembre-estaremos-celebrando-la-tercera-entrega-del-Premio.jpg\" alt=\"\" width=\"1080\" height=\"1080\"><\/p>\n<p>\u00a1Lleg\u00f3 el gran d\u00eda! &#x1f4e1;<\/p>\n<p>Este jueves 2 de diciembre estaremos celebrando la tercera entrega del Premio al Emigrante Dominicano Sr. Oscar de la Renta y queremos que nos acompa\u00f1es a trav\u00e9s de las plataformas de nuestro Ministerio de Relaciones Exteriores&nbsp;<a href=\"https:\/\/www.instagram.com\/mirexrd\/\">@mirexrd<\/a>&nbsp;(Instagram \/ Youtube), desde donde se realizar\u00e1 la transmisi\u00f3n en vivo de este importante evento, que exalta la trayectoria de nuestros connacionales en el exterior.<\/p>\n<p>Desde El Consulado de la Rep\u00fablica Dominicana en Valencia, Espa\u00f1a, te invitamos a unirte a esta gran fiesta de reconocimiento a nuestra di\u00e1spora donde conocer\u00e1s qui\u00e9n, entre los diez finalistas, ser\u00e1 el gran ganador\/a del&nbsp;<a href=\"https:\/\/www.instagram.com\/explore\/tags\/premioemigrantedominicano\/\">#PremioEmigranteDominicano<\/a>.<\/p>\n<p>D\u00eda: Jueves 2 de diciembre, 2021<br \/>\nHora: 8:00 pm (Hora RD)<\/p>\n<p><a href=\"https:\/\/www.instagram.com\/explore\/tags\/premiosroscardelarenta\/\">#premiosroscardelarenta<\/a><\/p>\n<p>&nbsp;<\/p>\n","protected":false},"excerpt":{"rendered":"<p>\u00a1Lleg\u00f3 el gran d\u00eda! &#x1f4e1; Este jueves 2 de diciembre estaremos celebrando la tercera entrega del Premio al Emigrante Dominicano Sr. Oscar de la Renta y queremos que nos acompa\u00f1es a trav\u00e9s de las plataformas de nuestro Ministerio de Relaciones Exteriores&nbsp;@mirexrd&nbsp;(Instagram \/ Youtube), desde donde se realizar\u00e1 la transmisi\u00f3n en vivo de este importante evento, [&hellip;]<\/p>\n","protected":false},"author":8,"featured_media":5553,"comment_status":"closed","ping_status":"open","sticky":false,"template":"","format":"standard","meta":{"site-sidebar-layout":"default","site-content-layout":"","ast-site-content-layout":"default","site-content-style":"default","site-sidebar-style":"default","ast-global-header-display":"","ast-banner-title-visibility":"","ast-main-header-display":"","ast-hfb-above-header-display":"","ast-hfb-below-header-display":"","ast-hfb-mobile-header-display":"","site-post-title":"","ast-breadcrumbs-content":"","ast-featured-img":"","footer-sml-layout":"","ast-disable-related-posts":"","theme-transparent-header-meta":"","adv-header-id-meta":"","stick-header-meta":"","header-above-stick-meta":"","header-main-stick-meta":"","header-below-stick-meta":"","astra-migrate-meta-layouts":"default","ast-page-background-enabled":"default","ast-page-background-meta":{"desktop":{"background-color":"","background-image":"","background-repeat":"repeat","background-position":"center center","background-size":"auto","background-attachment":"scroll","background-type":"","background-media":"","overlay-type":"","overlay-color":"","overlay-opacity":"","overlay-gradient":""},"tablet":{"background-color":"","background-image":"","background-repeat":"repeat","background-position":"center center","background-size":"auto","background-attachment":"scroll","background-type":"","background-media":"","overlay-type":"","overlay-color":"","overlay-opacity":"","overlay-gradient":""},"mobile":{"background-color":"","background-image":"","background-repeat":"repeat","background-position":"center center","background-size":"auto","background-attachment":"scroll","background-type":"","background-media":"","overlay-type":"","overlay-color":"","overlay-opacity":"","overlay-gradient":""}},"ast-content-background-meta":{"desktop":{"background-color":"var(--ast-global-color-5)","background-image":"","background-repeat":"repeat","background-position":"center center","background-size":"auto","background-attachment":"scroll","background-type":"","background-media":"","overlay-type":"","overlay-color":"","overlay-opacity":"","overlay-gradient":""},"tablet":{"background-color":"var(--ast-global-color-5)","background-image":"","background-repeat":"repeat","background-position":"center center","background-size":"auto","background-attachment":"scroll","background-type":"","background-media":"","overlay-type":"","overlay-color":"","overlay-opacity":"","overlay-gradient":""},"mobile":{"background-color":"var(--ast-global-color-5)","background-image":"","background-repeat":"repeat","background-position":"center center","background-size":"auto","background-attachment":"scroll","background-type":"","background-media":"","overlay-type":"","overlay-color":"","overlay-opacity":"","overlay-gradient":""}},"footnotes":""},"categories":[101,408,498],"tags":[478],"class_list":["post-5551","post","type-post","status-publish","format-standard","has-post-thumbnail","hentry","category-actividades","category-actividades-en-portada","category-premio-al-emigrante-oscar-de-la-renta","tag-premio-al-emigrante-oscar-de-la-renta"],"yoast_head":"<!-- This site is optimized with the Yoast SEO plugin v27.4 - https:\/\/yoast.com\/product\/yoast-seo-wordpress\/ -->\n<title>Este jueves 2 de diciembre estaremos celebrando la tercera entrega del Premio - Consulado General de la Rep\u00fablica Dominicana en La Haya, Reino de los Pa\u00edses Bajos<\/title>\n<meta name=\"robots\" content=\"index, follow, max-snippet:-1, max-image-preview:large, max-video-preview:-1\" \/>\n<link rel=\"canonical\" href=\"https:\/\/nld.mirex.gob.do\/consular\/amsterdam\/este-jueves-2-de-diciembre-estaremos-celebrando-la-tercera-entrega-del-premio\/\" \/>\n<meta property=\"og:locale\" content=\"en_US\" \/>\n<meta property=\"og:type\" content=\"article\" \/>\n<meta property=\"og:title\" content=\"Este jueves 2 de diciembre estaremos celebrando la tercera entrega del Premio - Consulado General de la Rep\u00fablica Dominicana en La Haya, Reino de los Pa\u00edses Bajos\" \/>\n<meta property=\"og:description\" content=\"\u00a1Lleg\u00f3 el gran d\u00eda! &#x1f4e1; Este jueves 2 de diciembre estaremos celebrando la tercera entrega del Premio al Emigrante Dominicano Sr. Oscar de la Renta y queremos que nos acompa\u00f1es a trav\u00e9s de las plataformas de nuestro Ministerio de Relaciones Exteriores&nbsp;@mirexrd&nbsp;(Instagram \/ Youtube), desde donde se realizar\u00e1 la transmisi\u00f3n en vivo de este importante evento, [&hellip;]\" \/>\n<meta property=\"og:url\" content=\"https:\/\/nld.mirex.gob.do\/consular\/amsterdam\/este-jueves-2-de-diciembre-estaremos-celebrando-la-tercera-entrega-del-premio\/\" \/>\n<meta property=\"og:site_name\" content=\"Consulado General de la Rep\u00fablica Dominicana en La Haya, Reino de los Pa\u00edses Bajos\" \/>\n<meta property=\"article:published_time\" content=\"2021-12-02T16:19:23+00:00\" \/>\n<meta name=\"author\" content=\"Michael Antonio Melo Andujar\" \/>\n<meta name=\"twitter:card\" content=\"summary_large_image\" \/>\n<meta name=\"twitter:label1\" content=\"Written by\" \/>\n\t<meta name=\"twitter:data1\" content=\"Michael Antonio Melo Andujar\" \/>\n\t<meta name=\"twitter:label2\" content=\"Est. reading time\" \/>\n\t<meta name=\"twitter:data2\" content=\"1 minute\" \/>\n<script type=\"application\/ld+json\" class=\"yoast-schema-graph\">{\"@context\":\"https:\\\/\\\/schema.org\",\"@graph\":[{\"@type\":\"Article\",\"@id\":\"https:\\\/\\\/nld.mirex.gob.do\\\/consular\\\/amsterdam\\\/este-jueves-2-de-diciembre-estaremos-celebrando-la-tercera-entrega-del-premio\\\/#article\",\"isPartOf\":{\"@id\":\"https:\\\/\\\/nld.mirex.gob.do\\\/consular\\\/amsterdam\\\/este-jueves-2-de-diciembre-estaremos-celebrando-la-tercera-entrega-del-premio\\\/\"},\"author\":{\"name\":\"Michael Antonio Melo Andujar\",\"@id\":\"https:\\\/\\\/nld.mirex.gob.do\\\/consular\\\/amsterdam\\\/#\\\/schema\\\/person\\\/772a9951ade6a7e4ab978b618b619ff8\"},\"headline\":\"Este jueves 2 de diciembre estaremos celebrando la tercera entrega del Premio\",\"datePublished\":\"2021-12-02T16:19:23+00:00\",\"mainEntityOfPage\":{\"@id\":\"https:\\\/\\\/nld.mirex.gob.do\\\/consular\\\/amsterdam\\\/este-jueves-2-de-diciembre-estaremos-celebrando-la-tercera-entrega-del-premio\\\/\"},\"wordCount\":138,\"publisher\":{\"@id\":\"https:\\\/\\\/nld.mirex.gob.do\\\/consular\\\/amsterdam\\\/#organization\"},\"image\":{\"@id\":\"https:\\\/\\\/nld.mirex.gob.do\\\/consular\\\/amsterdam\\\/este-jueves-2-de-diciembre-estaremos-celebrando-la-tercera-entrega-del-premio\\\/#primaryimage\"},\"thumbnailUrl\":\"\",\"keywords\":[\"Premio al Emigrante Oscar de la Renta\"],\"articleSection\":[\"Actividades\",\"Actividades en portada\",\"Premio al Emigrante Oscar de la Renta\"],\"inLanguage\":\"en-US\"},{\"@type\":\"WebPage\",\"@id\":\"https:\\\/\\\/nld.mirex.gob.do\\\/consular\\\/amsterdam\\\/este-jueves-2-de-diciembre-estaremos-celebrando-la-tercera-entrega-del-premio\\\/\",\"url\":\"https:\\\/\\\/nld.mirex.gob.do\\\/consular\\\/amsterdam\\\/este-jueves-2-de-diciembre-estaremos-celebrando-la-tercera-entrega-del-premio\\\/\",\"name\":\"Este jueves 2 de diciembre estaremos celebrando la tercera entrega del Premio - Consulado General de la Rep\u00fablica Dominicana en La Haya, Reino de los Pa\u00edses Bajos\",\"isPartOf\":{\"@id\":\"https:\\\/\\\/nld.mirex.gob.do\\\/consular\\\/amsterdam\\\/#website\"},\"primaryImageOfPage\":{\"@id\":\"https:\\\/\\\/nld.mirex.gob.do\\\/consular\\\/amsterdam\\\/este-jueves-2-de-diciembre-estaremos-celebrando-la-tercera-entrega-del-premio\\\/#primaryimage\"},\"image\":{\"@id\":\"https:\\\/\\\/nld.mirex.gob.do\\\/consular\\\/amsterdam\\\/este-jueves-2-de-diciembre-estaremos-celebrando-la-tercera-entrega-del-premio\\\/#primaryimage\"},\"thumbnailUrl\":\"\",\"datePublished\":\"2021-12-02T16:19:23+00:00\",\"breadcrumb\":{\"@id\":\"https:\\\/\\\/nld.mirex.gob.do\\\/consular\\\/amsterdam\\\/este-jueves-2-de-diciembre-estaremos-celebrando-la-tercera-entrega-del-premio\\\/#breadcrumb\"},\"inLanguage\":\"en-US\",\"potentialAction\":[{\"@type\":\"ReadAction\",\"target\":[\"https:\\\/\\\/nld.mirex.gob.do\\\/consular\\\/amsterdam\\\/este-jueves-2-de-diciembre-estaremos-celebrando-la-tercera-entrega-del-premio\\\/\"]}]},{\"@type\":\"ImageObject\",\"inLanguage\":\"en-US\",\"@id\":\"https:\\\/\\\/nld.mirex.gob.do\\\/consular\\\/amsterdam\\\/este-jueves-2-de-diciembre-estaremos-celebrando-la-tercera-entrega-del-premio\\\/#primaryimage\",\"url\":\"\",\"contentUrl\":\"\"},{\"@type\":\"BreadcrumbList\",\"@id\":\"https:\\\/\\\/nld.mirex.gob.do\\\/consular\\\/amsterdam\\\/este-jueves-2-de-diciembre-estaremos-celebrando-la-tercera-entrega-del-premio\\\/#breadcrumb\",\"itemListElement\":[{\"@type\":\"ListItem\",\"position\":1,\"name\":\"Inicio\",\"item\":\"https:\\\/\\\/nld.mirex.gob.do\\\/consular\\\/amsterdam\\\/\"},{\"@type\":\"ListItem\",\"position\":2,\"name\":\"Este jueves 2 de diciembre estaremos celebrando la tercera entrega del Premio\"}]},{\"@type\":\"WebSite\",\"@id\":\"https:\\\/\\\/nld.mirex.gob.do\\\/consular\\\/amsterdam\\\/#website\",\"url\":\"https:\\\/\\\/nld.mirex.gob.do\\\/consular\\\/amsterdam\\\/\",\"name\":\"Consulado General de la Rep\u00fablica Dominicana en La Haya, Reino de los Pa\u00edses Bajos\",\"description\":\"\",\"publisher\":{\"@id\":\"https:\\\/\\\/nld.mirex.gob.do\\\/consular\\\/amsterdam\\\/#organization\"},\"potentialAction\":[{\"@type\":\"SearchAction\",\"target\":{\"@type\":\"EntryPoint\",\"urlTemplate\":\"https:\\\/\\\/nld.mirex.gob.do\\\/consular\\\/amsterdam\\\/?s={search_term_string}\"},\"query-input\":{\"@type\":\"PropertyValueSpecification\",\"valueRequired\":true,\"valueName\":\"search_term_string\"}}],\"inLanguage\":\"en-US\"},{\"@type\":\"Organization\",\"@id\":\"https:\\\/\\\/nld.mirex.gob.do\\\/consular\\\/amsterdam\\\/#organization\",\"name\":\"Consulado General de la Rep\u00fablica Dominicana en La Haya, Reino de los Pa\u00edses Bajos\",\"url\":\"https:\\\/\\\/nld.mirex.gob.do\\\/consular\\\/amsterdam\\\/\",\"logo\":{\"@type\":\"ImageObject\",\"inLanguage\":\"en-US\",\"@id\":\"https:\\\/\\\/nld.mirex.gob.do\\\/consular\\\/amsterdam\\\/#\\\/schema\\\/logo\\\/image\\\/\",\"url\":\"https:\\\/\\\/nld.mirex.gob.do\\\/consular\\\/amsterdam\\\/wp-content\\\/uploads\\\/2024\\\/04\\\/cropped-consulado_la_haya_reinode_los_Paises_Bajos.jpg\",\"contentUrl\":\"https:\\\/\\\/nld.mirex.gob.do\\\/consular\\\/amsterdam\\\/wp-content\\\/uploads\\\/2024\\\/04\\\/cropped-consulado_la_haya_reinode_los_Paises_Bajos.jpg\",\"width\":999,\"height\":407,\"caption\":\"Consulado General de la Rep\u00fablica Dominicana en La Haya, Reino de los Pa\u00edses Bajos\"},\"image\":{\"@id\":\"https:\\\/\\\/nld.mirex.gob.do\\\/consular\\\/amsterdam\\\/#\\\/schema\\\/logo\\\/image\\\/\"}},{\"@type\":\"Person\",\"@id\":\"https:\\\/\\\/nld.mirex.gob.do\\\/consular\\\/amsterdam\\\/#\\\/schema\\\/person\\\/772a9951ade6a7e4ab978b618b619ff8\",\"name\":\"Michael Antonio Melo Andujar\",\"image\":{\"@type\":\"ImageObject\",\"inLanguage\":\"en-US\",\"@id\":\"https:\\\/\\\/secure.gravatar.com\\\/avatar\\\/f8862d24b6945a30d30c9727ef9dfcd533ee25a18a27afc92991446aeb0e652d?s=96&d=mm&r=g\",\"url\":\"https:\\\/\\\/secure.gravatar.com\\\/avatar\\\/f8862d24b6945a30d30c9727ef9dfcd533ee25a18a27afc92991446aeb0e652d?s=96&d=mm&r=g\",\"contentUrl\":\"https:\\\/\\\/secure.gravatar.com\\\/avatar\\\/f8862d24b6945a30d30c9727ef9dfcd533ee25a18a27afc92991446aeb0e652d?s=96&d=mm&r=g\",\"caption\":\"Michael Antonio Melo Andujar\"}}]}<\/script>\n<!-- \/ Yoast SEO plugin. -->","yoast_head_json":{"title":"Este jueves 2 de diciembre estaremos celebrando la tercera entrega del Premio - Consulado General de la Rep\u00fablica Dominicana en La Haya, Reino de los Pa\u00edses Bajos","robots":{"index":"index","follow":"follow","max-snippet":"max-snippet:-1","max-image-preview":"max-image-preview:large","max-video-preview":"max-video-preview:-1"},"canonical":"https:\/\/nld.mirex.gob.do\/consular\/amsterdam\/este-jueves-2-de-diciembre-estaremos-celebrando-la-tercera-entrega-del-premio\/","og_locale":"en_US","og_type":"article","og_title":"Este jueves 2 de diciembre estaremos celebrando la tercera entrega del Premio - Consulado General de la Rep\u00fablica Dominicana en La Haya, Reino de los Pa\u00edses Bajos","og_description":"\u00a1Lleg\u00f3 el gran d\u00eda! &#x1f4e1; Este jueves 2 de diciembre estaremos celebrando la tercera entrega del Premio al Emigrante Dominicano Sr. Oscar de la Renta y queremos que nos acompa\u00f1es a trav\u00e9s de las plataformas de nuestro Ministerio de Relaciones Exteriores&nbsp;@mirexrd&nbsp;(Instagram \/ Youtube), desde donde se realizar\u00e1 la transmisi\u00f3n en vivo de este importante evento, [&hellip;]","og_url":"https:\/\/nld.mirex.gob.do\/consular\/amsterdam\/este-jueves-2-de-diciembre-estaremos-celebrando-la-tercera-entrega-del-premio\/","og_site_name":"Consulado General de la Rep\u00fablica Dominicana en La Haya, Reino de los Pa\u00edses Bajos","article_published_time":"2021-12-02T16:19:23+00:00","author":"Michael Antonio Melo Andujar","twitter_card":"summary_large_image","twitter_misc":{"Written by":"Michael Antonio Melo Andujar","Est. reading time":"1 minute"},"schema":{"@context":"https:\/\/schema.org","@graph":[{"@type":"Article","@id":"https:\/\/nld.mirex.gob.do\/consular\/amsterdam\/este-jueves-2-de-diciembre-estaremos-celebrando-la-tercera-entrega-del-premio\/#article","isPartOf":{"@id":"https:\/\/nld.mirex.gob.do\/consular\/amsterdam\/este-jueves-2-de-diciembre-estaremos-celebrando-la-tercera-entrega-del-premio\/"},"author":{"name":"Michael Antonio Melo Andujar","@id":"https:\/\/nld.mirex.gob.do\/consular\/amsterdam\/#\/schema\/person\/772a9951ade6a7e4ab978b618b619ff8"},"headline":"Este jueves 2 de diciembre estaremos celebrando la tercera entrega del Premio","datePublished":"2021-12-02T16:19:23+00:00","mainEntityOfPage":{"@id":"https:\/\/nld.mirex.gob.do\/consular\/amsterdam\/este-jueves-2-de-diciembre-estaremos-celebrando-la-tercera-entrega-del-premio\/"},"wordCount":138,"publisher":{"@id":"https:\/\/nld.mirex.gob.do\/consular\/amsterdam\/#organization"},"image":{"@id":"https:\/\/nld.mirex.gob.do\/consular\/amsterdam\/este-jueves-2-de-diciembre-estaremos-celebrando-la-tercera-entrega-del-premio\/#primaryimage"},"thumbnailUrl":"","keywords":["Premio al Emigrante Oscar de la Renta"],"articleSection":["Actividades","Actividades en portada","Premio al Emigrante Oscar de la Renta"],"inLanguage":"en-US"},{"@type":"WebPage","@id":"https:\/\/nld.mirex.gob.do\/consular\/amsterdam\/este-jueves-2-de-diciembre-estaremos-celebrando-la-tercera-entrega-del-premio\/","url":"https:\/\/nld.mirex.gob.do\/consular\/amsterdam\/este-jueves-2-de-diciembre-estaremos-celebrando-la-tercera-entrega-del-premio\/","name":"Este jueves 2 de diciembre estaremos celebrando la tercera entrega del Premio - Consulado General de la Rep\u00fablica Dominicana en La Haya, Reino de los Pa\u00edses Bajos","isPartOf":{"@id":"https:\/\/nld.mirex.gob.do\/consular\/amsterdam\/#website"},"primaryImageOfPage":{"@id":"https:\/\/nld.mirex.gob.do\/consular\/amsterdam\/este-jueves-2-de-diciembre-estaremos-celebrando-la-tercera-entrega-del-premio\/#primaryimage"},"image":{"@id":"https:\/\/nld.mirex.gob.do\/consular\/amsterdam\/este-jueves-2-de-diciembre-estaremos-celebrando-la-tercera-entrega-del-premio\/#primaryimage"},"thumbnailUrl":"","datePublished":"2021-12-02T16:19:23+00:00","breadcrumb":{"@id":"https:\/\/nld.mirex.gob.do\/consular\/amsterdam\/este-jueves-2-de-diciembre-estaremos-celebrando-la-tercera-entrega-del-premio\/#breadcrumb"},"inLanguage":"en-US","potentialAction":[{"@type":"ReadAction","target":["https:\/\/nld.mirex.gob.do\/consular\/amsterdam\/este-jueves-2-de-diciembre-estaremos-celebrando-la-tercera-entrega-del-premio\/"]}]},{"@type":"ImageObject","inLanguage":"en-US","@id":"https:\/\/nld.mirex.gob.do\/consular\/amsterdam\/este-jueves-2-de-diciembre-estaremos-celebrando-la-tercera-entrega-del-premio\/#primaryimage","url":"","contentUrl":""},{"@type":"BreadcrumbList","@id":"https:\/\/nld.mirex.gob.do\/consular\/amsterdam\/este-jueves-2-de-diciembre-estaremos-celebrando-la-tercera-entrega-del-premio\/#breadcrumb","itemListElement":[{"@type":"ListItem","position":1,"name":"Inicio","item":"https:\/\/nld.mirex.gob.do\/consular\/amsterdam\/"},{"@type":"ListItem","position":2,"name":"Este jueves 2 de diciembre estaremos celebrando la tercera entrega del Premio"}]},{"@type":"WebSite","@id":"https:\/\/nld.mirex.gob.do\/consular\/amsterdam\/#website","url":"https:\/\/nld.mirex.gob.do\/consular\/amsterdam\/","name":"Consulado General de la Rep\u00fablica Dominicana en La Haya, Reino de los Pa\u00edses Bajos","description":"","publisher":{"@id":"https:\/\/nld.mirex.gob.do\/consular\/amsterdam\/#organization"},"potentialAction":[{"@type":"SearchAction","target":{"@type":"EntryPoint","urlTemplate":"https:\/\/nld.mirex.gob.do\/consular\/amsterdam\/?s={search_term_string}"},"query-input":{"@type":"PropertyValueSpecification","valueRequired":true,"valueName":"search_term_string"}}],"inLanguage":"en-US"},{"@type":"Organization","@id":"https:\/\/nld.mirex.gob.do\/consular\/amsterdam\/#organization","name":"Consulado General de la Rep\u00fablica Dominicana en La Haya, Reino de los Pa\u00edses Bajos","url":"https:\/\/nld.mirex.gob.do\/consular\/amsterdam\/","logo":{"@type":"ImageObject","inLanguage":"en-US","@id":"https:\/\/nld.mirex.gob.do\/consular\/amsterdam\/#\/schema\/logo\/image\/","url":"https:\/\/nld.mirex.gob.do\/consular\/amsterdam\/wp-content\/uploads\/2024\/04\/cropped-consulado_la_haya_reinode_los_Paises_Bajos.jpg","contentUrl":"https:\/\/nld.mirex.gob.do\/consular\/amsterdam\/wp-content\/uploads\/2024\/04\/cropped-consulado_la_haya_reinode_los_Paises_Bajos.jpg","width":999,"height":407,"caption":"Consulado General de la Rep\u00fablica Dominicana en La Haya, Reino de los Pa\u00edses Bajos"},"image":{"@id":"https:\/\/nld.mirex.gob.do\/consular\/amsterdam\/#\/schema\/logo\/image\/"}},{"@type":"Person","@id":"https:\/\/nld.mirex.gob.do\/consular\/amsterdam\/#\/schema\/person\/772a9951ade6a7e4ab978b618b619ff8","name":"Michael Antonio Melo Andujar","image":{"@type":"ImageObject","inLanguage":"en-US","@id":"https:\/\/secure.gravatar.com\/avatar\/f8862d24b6945a30d30c9727ef9dfcd533ee25a18a27afc92991446aeb0e652d?s=96&d=mm&r=g","url":"https:\/\/secure.gravatar.com\/avatar\/f8862d24b6945a30d30c9727ef9dfcd533ee25a18a27afc92991446aeb0e652d?s=96&d=mm&r=g","contentUrl":"https:\/\/secure.gravatar.com\/avatar\/f8862d24b6945a30d30c9727ef9dfcd533ee25a18a27afc92991446aeb0e652d?s=96&d=mm&r=g","caption":"Michael Antonio Melo Andujar"}}]}},"_links":{"self":[{"href":"https:\/\/nld.mirex.gob.do\/consular\/amsterdam\/wp-json\/wp\/v2\/posts\/5551","targetHints":{"allow":["GET"]}}],"collection":[{"href":"https:\/\/nld.mirex.gob.do\/consular\/amsterdam\/wp-json\/wp\/v2\/posts"}],"about":[{"href":"https:\/\/nld.mirex.gob.do\/consular\/amsterdam\/wp-json\/wp\/v2\/types\/post"}],"author":[{"embeddable":true,"href":"https:\/\/nld.mirex.gob.do\/consular\/amsterdam\/wp-json\/wp\/v2\/users\/8"}],"replies":[{"embeddable":true,"href":"https:\/\/nld.mirex.gob.do\/consular\/amsterdam\/wp-json\/wp\/v2\/comments?post=5551"}],"version-history":[{"count":0,"href":"https:\/\/nld.mirex.gob.do\/consular\/amsterdam\/wp-json\/wp\/v2\/posts\/5551\/revisions"}],"wp:featuredmedia":[{"embeddable":true,"href":"https:\/\/nld.mirex.gob.do\/consular\/amsterdam\/wp-json\/"}],"wp:attachment":[{"href":"https:\/\/nld.mirex.gob.do\/consular\/amsterdam\/wp-json\/wp\/v2\/media?parent=5551"}],"wp:term":[{"taxonomy":"category","embeddable":true,"href":"https:\/\/nld.mirex.gob.do\/consular\/amsterdam\/wp-json\/wp\/v2\/categories?post=5551"},{"taxonomy":"post_tag","embeddable":true,"href":"https:\/\/nld.mirex.gob.do\/consular\/amsterdam\/wp-json\/wp\/v2\/tags?post=5551"}],"curies":[{"name":"wp","href":"https:\/\/api.w.org\/{rel}","templated":true}]}}