{"id":5527,"date":"2021-11-27T21:40:47","date_gmt":"2021-11-27T21:40:47","guid":{"rendered":"https:\/\/www.consuladordholanda.com\/?p=5527"},"modified":"2021-11-27T21:40:47","modified_gmt":"2021-11-27T21:40:47","slug":"cancilleres-de-iberoamerica-acuerdan-fortalecer-la-respuesta-frente-a-la-crisis-del-covid-19-y-eligen-a-andres-allamand-como-nuevo-secretario-general-iberoamericano","status":"publish","type":"post","link":"https:\/\/nld.mirex.gob.do\/consular\/amsterdam\/cancilleres-de-iberoamerica-acuerdan-fortalecer-la-respuesta-frente-a-la-crisis-del-covid-19-y-eligen-a-andres-allamand-como-nuevo-secretario-general-iberoamericano\/","title":{"rendered":"Cancilleres de Iberoam\u00e9rica acuerdan fortalecer la respuesta frente a la crisis del COVID-19 y eligen a Andr\u00e9s Allamand como nuevo Secretario General Iberoamericano"},"content":{"rendered":"<div class=\"ast-oembed-container \" style=\"height: 100%;\"><iframe title=\"Cancilleres de Iberoam\u00e9rica acuerdan fortalecer la respuesta frente a la crisis del COVID-19\" width=\"500\" height=\"281\" src=\"https:\/\/www.youtube.com\/embed\/17p9UNbpwx4?feature=oembed\" frameborder=\"0\" allow=\"accelerometer; autoplay; clipboard-write; encrypted-media; gyroscope; picture-in-picture; web-share\" referrerpolicy=\"strict-origin-when-cross-origin\" allowfullscreen><\/iframe><\/div>\n<p>&nbsp;<\/p>\n<p>Cancilleres de Iberoam\u00e9rica acuerdan fortalecer la respuesta frente a la crisis del COVID-19 y eligen a Andr\u00e9s Allamand como nuevo Secretario General Iberoamericano.<\/p>\n<p>Cancilleres de Iberoam\u00e9rica, reunidos este viernes 26 de noviembre, de manera presencial en la capital dominicana con un r\u00e9cord de asistencia, eligieron por aclamaci\u00f3n al ministro de Relaciones Exteriores de Chile, Andr\u00e9s Allamand, como nuevo Secretario General Iberoamericano. Allamand reemplazar\u00e1 a la costarricense Rebeca Grynspan, quien dej\u00f3 el cargo en septiembre.<\/p>\n<p>La I Reuni\u00f3n de Ministras y Ministros Iberoamericanos de Relaciones Exteriores se caracteriz\u00f3 por el di\u00e1logo constructivo y la b\u00fasqueda de consensos, lo que permiti\u00f3 escoger un nuevo Secretario General.<\/p>\n<p>Durante el encuentro, los representantes de los 22 pa\u00edses de la regi\u00f3n tambi\u00e9n acordaron una Declaraci\u00f3n en la que hicieron un llamado a fortalecer el multilateralismo para articular y consensuar medidas innovadoras destinadas a impulsar la recuperaci\u00f3n de la crisis del COVID-19.<\/p>\n<p>M\u00e1s informaci\u00f3n en el portal Web del Ministerio de Relaciones Exteriores de Rep\u00fablica Dominicana: www.mirex.gob.do<\/p>\n<p><a href=\"https:\/\/www.instagram.com\/explore\/tags\/cumbrerd2022\/\">#CumbreRD2022<\/a><br \/>\n<a href=\"https:\/\/www.instagram.com\/explore\/tags\/cancilleresdeiberoam%C3%A9rica\/\">#CancilleresdeIberoam\u00e9rica<\/a><\/p>\n<p>&nbsp;<\/p>\n","protected":false},"excerpt":{"rendered":"<p>&nbsp; Cancilleres de Iberoam\u00e9rica acuerdan fortalecer la respuesta frente a la crisis del COVID-19 y eligen a Andr\u00e9s Allamand como nuevo Secretario General Iberoamericano. Cancilleres de Iberoam\u00e9rica, reunidos este viernes 26 de noviembre, de manera presencial en la capital dominicana con un r\u00e9cord de asistencia, eligieron por aclamaci\u00f3n al ministro de Relaciones Exteriores de Chile, [&hellip;]<\/p>\n","protected":false},"author":8,"featured_media":5528,"comment_status":"closed","ping_status":"open","sticky":false,"template":"","format":"standard","meta":{"site-sidebar-layout":"default","site-content-layout":"","ast-site-content-layout":"default","site-content-style":"default","site-sidebar-style":"default","ast-global-header-display":"","ast-banner-title-visibility":"","ast-main-header-display":"","ast-hfb-above-header-display":"","ast-hfb-below-header-display":"","ast-hfb-mobile-header-display":"","site-post-title":"","ast-breadcrumbs-content":"","ast-featured-img":"","footer-sml-layout":"","ast-disable-related-posts":"","theme-transparent-header-meta":"","adv-header-id-meta":"","stick-header-meta":"","header-above-stick-meta":"","header-main-stick-meta":"","header-below-stick-meta":"","astra-migrate-meta-layouts":"default","ast-page-background-enabled":"default","ast-page-background-meta":{"desktop":{"background-color":"","background-image":"","background-repeat":"repeat","background-position":"center center","background-size":"auto","background-attachment":"scroll","background-type":"","background-media":"","overlay-type":"","overlay-color":"","overlay-opacity":"","overlay-gradient":""},"tablet":{"background-color":"","background-image":"","background-repeat":"repeat","background-position":"center center","background-size":"auto","background-attachment":"scroll","background-type":"","background-media":"","overlay-type":"","overlay-color":"","overlay-opacity":"","overlay-gradient":""},"mobile":{"background-color":"","background-image":"","background-repeat":"repeat","background-position":"center center","background-size":"auto","background-attachment":"scroll","background-type":"","background-media":"","overlay-type":"","overlay-color":"","overlay-opacity":"","overlay-gradient":""}},"ast-content-background-meta":{"desktop":{"background-color":"var(--ast-global-color-5)","background-image":"","background-repeat":"repeat","background-position":"center center","background-size":"auto","background-attachment":"scroll","background-type":"","background-media":"","overlay-type":"","overlay-color":"","overlay-opacity":"","overlay-gradient":""},"tablet":{"background-color":"var(--ast-global-color-5)","background-image":"","background-repeat":"repeat","background-position":"center center","background-size":"auto","background-attachment":"scroll","background-type":"","background-media":"","overlay-type":"","overlay-color":"","overlay-opacity":"","overlay-gradient":""},"mobile":{"background-color":"var(--ast-global-color-5)","background-image":"","background-repeat":"repeat","background-position":"center center","background-size":"auto","background-attachment":"scroll","background-type":"","background-media":"","overlay-type":"","overlay-color":"","overlay-opacity":"","overlay-gradient":""}},"footnotes":""},"categories":[66,405],"tags":[],"class_list":["post-5527","post","type-post","status-publish","format-standard","has-post-thumbnail","hentry","category-novedades","category-novedades-en-portada"],"yoast_head":"<!-- This site is optimized with the Yoast SEO plugin v27.4 - https:\/\/yoast.com\/product\/yoast-seo-wordpress\/ -->\n<title>Cancilleres de Iberoam\u00e9rica acuerdan fortalecer la respuesta frente a la crisis del COVID-19 y eligen a Andr\u00e9s Allamand como nuevo Secretario General Iberoamericano - Consulado General de la Rep\u00fablica Dominicana en La Haya, Reino de los Pa\u00edses Bajos<\/title>\n<meta name=\"robots\" content=\"index, follow, max-snippet:-1, max-image-preview:large, max-video-preview:-1\" \/>\n<link rel=\"canonical\" href=\"https:\/\/nld.mirex.gob.do\/consular\/amsterdam\/cancilleres-de-iberoamerica-acuerdan-fortalecer-la-respuesta-frente-a-la-crisis-del-covid-19-y-eligen-a-andres-allamand-como-nuevo-secretario-general-iberoamericano\/\" \/>\n<meta property=\"og:locale\" content=\"en_US\" \/>\n<meta property=\"og:type\" content=\"article\" \/>\n<meta property=\"og:title\" content=\"Cancilleres de Iberoam\u00e9rica acuerdan fortalecer la respuesta frente a la crisis del COVID-19 y eligen a Andr\u00e9s Allamand como nuevo Secretario General Iberoamericano - Consulado General de la Rep\u00fablica Dominicana en La Haya, Reino de los Pa\u00edses Bajos\" \/>\n<meta property=\"og:description\" content=\"&nbsp; Cancilleres de Iberoam\u00e9rica acuerdan fortalecer la respuesta frente a la crisis del COVID-19 y eligen a Andr\u00e9s Allamand como nuevo Secretario General Iberoamericano. Cancilleres de Iberoam\u00e9rica, reunidos este viernes 26 de noviembre, de manera presencial en la capital dominicana con un r\u00e9cord de asistencia, eligieron por aclamaci\u00f3n al ministro de Relaciones Exteriores de Chile, [&hellip;]\" \/>\n<meta property=\"og:url\" content=\"https:\/\/nld.mirex.gob.do\/consular\/amsterdam\/cancilleres-de-iberoamerica-acuerdan-fortalecer-la-respuesta-frente-a-la-crisis-del-covid-19-y-eligen-a-andres-allamand-como-nuevo-secretario-general-iberoamericano\/\" \/>\n<meta property=\"og:site_name\" content=\"Consulado General de la Rep\u00fablica Dominicana en La Haya, Reino de los Pa\u00edses Bajos\" \/>\n<meta property=\"article:published_time\" content=\"2021-11-27T21:40:47+00:00\" \/>\n<meta name=\"author\" content=\"Michael Antonio Melo Andujar\" \/>\n<meta name=\"twitter:card\" content=\"summary_large_image\" \/>\n<meta name=\"twitter:label1\" content=\"Written by\" \/>\n\t<meta name=\"twitter:data1\" content=\"Michael Antonio Melo Andujar\" \/>\n\t<meta name=\"twitter:label2\" content=\"Est. reading time\" \/>\n\t<meta name=\"twitter:data2\" content=\"1 minute\" \/>\n<script type=\"application\/ld+json\" class=\"yoast-schema-graph\">{\"@context\":\"https:\\\/\\\/schema.org\",\"@graph\":[{\"@type\":\"Article\",\"@id\":\"https:\\\/\\\/nld.mirex.gob.do\\\/consular\\\/amsterdam\\\/cancilleres-de-iberoamerica-acuerdan-fortalecer-la-respuesta-frente-a-la-crisis-del-covid-19-y-eligen-a-andres-allamand-como-nuevo-secretario-general-iberoamericano\\\/#article\",\"isPartOf\":{\"@id\":\"https:\\\/\\\/nld.mirex.gob.do\\\/consular\\\/amsterdam\\\/cancilleres-de-iberoamerica-acuerdan-fortalecer-la-respuesta-frente-a-la-crisis-del-covid-19-y-eligen-a-andres-allamand-como-nuevo-secretario-general-iberoamericano\\\/\"},\"author\":{\"name\":\"Michael Antonio Melo Andujar\",\"@id\":\"https:\\\/\\\/nld.mirex.gob.do\\\/consular\\\/amsterdam\\\/#\\\/schema\\\/person\\\/772a9951ade6a7e4ab978b618b619ff8\"},\"headline\":\"Cancilleres de Iberoam\u00e9rica acuerdan fortalecer la respuesta frente a la crisis del COVID-19 y eligen a Andr\u00e9s Allamand como nuevo Secretario General Iberoamericano\",\"datePublished\":\"2021-11-27T21:40:47+00:00\",\"mainEntityOfPage\":{\"@id\":\"https:\\\/\\\/nld.mirex.gob.do\\\/consular\\\/amsterdam\\\/cancilleres-de-iberoamerica-acuerdan-fortalecer-la-respuesta-frente-a-la-crisis-del-covid-19-y-eligen-a-andres-allamand-como-nuevo-secretario-general-iberoamericano\\\/\"},\"wordCount\":214,\"publisher\":{\"@id\":\"https:\\\/\\\/nld.mirex.gob.do\\\/consular\\\/amsterdam\\\/#organization\"},\"image\":{\"@id\":\"https:\\\/\\\/nld.mirex.gob.do\\\/consular\\\/amsterdam\\\/cancilleres-de-iberoamerica-acuerdan-fortalecer-la-respuesta-frente-a-la-crisis-del-covid-19-y-eligen-a-andres-allamand-como-nuevo-secretario-general-iberoamericano\\\/#primaryimage\"},\"thumbnailUrl\":\"\",\"articleSection\":[\"Novedades\",\"Novedades en portada\"],\"inLanguage\":\"en-US\"},{\"@type\":\"WebPage\",\"@id\":\"https:\\\/\\\/nld.mirex.gob.do\\\/consular\\\/amsterdam\\\/cancilleres-de-iberoamerica-acuerdan-fortalecer-la-respuesta-frente-a-la-crisis-del-covid-19-y-eligen-a-andres-allamand-como-nuevo-secretario-general-iberoamericano\\\/\",\"url\":\"https:\\\/\\\/nld.mirex.gob.do\\\/consular\\\/amsterdam\\\/cancilleres-de-iberoamerica-acuerdan-fortalecer-la-respuesta-frente-a-la-crisis-del-covid-19-y-eligen-a-andres-allamand-como-nuevo-secretario-general-iberoamericano\\\/\",\"name\":\"Cancilleres de Iberoam\u00e9rica acuerdan fortalecer la respuesta frente a la crisis del COVID-19 y eligen a Andr\u00e9s Allamand como nuevo Secretario General Iberoamericano - Consulado General de la Rep\u00fablica Dominicana en La Haya, Reino de los Pa\u00edses Bajos\",\"isPartOf\":{\"@id\":\"https:\\\/\\\/nld.mirex.gob.do\\\/consular\\\/amsterdam\\\/#website\"},\"primaryImageOfPage\":{\"@id\":\"https:\\\/\\\/nld.mirex.gob.do\\\/consular\\\/amsterdam\\\/cancilleres-de-iberoamerica-acuerdan-fortalecer-la-respuesta-frente-a-la-crisis-del-covid-19-y-eligen-a-andres-allamand-como-nuevo-secretario-general-iberoamericano\\\/#primaryimage\"},\"image\":{\"@id\":\"https:\\\/\\\/nld.mirex.gob.do\\\/consular\\\/amsterdam\\\/cancilleres-de-iberoamerica-acuerdan-fortalecer-la-respuesta-frente-a-la-crisis-del-covid-19-y-eligen-a-andres-allamand-como-nuevo-secretario-general-iberoamericano\\\/#primaryimage\"},\"thumbnailUrl\":\"\",\"datePublished\":\"2021-11-27T21:40:47+00:00\",\"breadcrumb\":{\"@id\":\"https:\\\/\\\/nld.mirex.gob.do\\\/consular\\\/amsterdam\\\/cancilleres-de-iberoamerica-acuerdan-fortalecer-la-respuesta-frente-a-la-crisis-del-covid-19-y-eligen-a-andres-allamand-como-nuevo-secretario-general-iberoamericano\\\/#breadcrumb\"},\"inLanguage\":\"en-US\",\"potentialAction\":[{\"@type\":\"ReadAction\",\"target\":[\"https:\\\/\\\/nld.mirex.gob.do\\\/consular\\\/amsterdam\\\/cancilleres-de-iberoamerica-acuerdan-fortalecer-la-respuesta-frente-a-la-crisis-del-covid-19-y-eligen-a-andres-allamand-como-nuevo-secretario-general-iberoamericano\\\/\"]}]},{\"@type\":\"ImageObject\",\"inLanguage\":\"en-US\",\"@id\":\"https:\\\/\\\/nld.mirex.gob.do\\\/consular\\\/amsterdam\\\/cancilleres-de-iberoamerica-acuerdan-fortalecer-la-respuesta-frente-a-la-crisis-del-covid-19-y-eligen-a-andres-allamand-como-nuevo-secretario-general-iberoamericano\\\/#primaryimage\",\"url\":\"\",\"contentUrl\":\"\"},{\"@type\":\"BreadcrumbList\",\"@id\":\"https:\\\/\\\/nld.mirex.gob.do\\\/consular\\\/amsterdam\\\/cancilleres-de-iberoamerica-acuerdan-fortalecer-la-respuesta-frente-a-la-crisis-del-covid-19-y-eligen-a-andres-allamand-como-nuevo-secretario-general-iberoamericano\\\/#breadcrumb\",\"itemListElement\":[{\"@type\":\"ListItem\",\"position\":1,\"name\":\"Inicio\",\"item\":\"https:\\\/\\\/nld.mirex.gob.do\\\/consular\\\/amsterdam\\\/\"},{\"@type\":\"ListItem\",\"position\":2,\"name\":\"Cancilleres de Iberoam\u00e9rica acuerdan fortalecer la respuesta frente a la crisis del COVID-19 y eligen a Andr\u00e9s Allamand como nuevo Secretario General Iberoamericano\"}]},{\"@type\":\"WebSite\",\"@id\":\"https:\\\/\\\/nld.mirex.gob.do\\\/consular\\\/amsterdam\\\/#website\",\"url\":\"https:\\\/\\\/nld.mirex.gob.do\\\/consular\\\/amsterdam\\\/\",\"name\":\"Consulado General de la Rep\u00fablica Dominicana en La Haya, Reino de los Pa\u00edses Bajos\",\"description\":\"\",\"publisher\":{\"@id\":\"https:\\\/\\\/nld.mirex.gob.do\\\/consular\\\/amsterdam\\\/#organization\"},\"potentialAction\":[{\"@type\":\"SearchAction\",\"target\":{\"@type\":\"EntryPoint\",\"urlTemplate\":\"https:\\\/\\\/nld.mirex.gob.do\\\/consular\\\/amsterdam\\\/?s={search_term_string}\"},\"query-input\":{\"@type\":\"PropertyValueSpecification\",\"valueRequired\":true,\"valueName\":\"search_term_string\"}}],\"inLanguage\":\"en-US\"},{\"@type\":\"Organization\",\"@id\":\"https:\\\/\\\/nld.mirex.gob.do\\\/consular\\\/amsterdam\\\/#organization\",\"name\":\"Consulado General de la Rep\u00fablica Dominicana en La Haya, Reino de los Pa\u00edses Bajos\",\"url\":\"https:\\\/\\\/nld.mirex.gob.do\\\/consular\\\/amsterdam\\\/\",\"logo\":{\"@type\":\"ImageObject\",\"inLanguage\":\"en-US\",\"@id\":\"https:\\\/\\\/nld.mirex.gob.do\\\/consular\\\/amsterdam\\\/#\\\/schema\\\/logo\\\/image\\\/\",\"url\":\"https:\\\/\\\/nld.mirex.gob.do\\\/consular\\\/amsterdam\\\/wp-content\\\/uploads\\\/2024\\\/04\\\/cropped-consulado_la_haya_reinode_los_Paises_Bajos.jpg\",\"contentUrl\":\"https:\\\/\\\/nld.mirex.gob.do\\\/consular\\\/amsterdam\\\/wp-content\\\/uploads\\\/2024\\\/04\\\/cropped-consulado_la_haya_reinode_los_Paises_Bajos.jpg\",\"width\":999,\"height\":407,\"caption\":\"Consulado General de la Rep\u00fablica Dominicana en La Haya, Reino de los Pa\u00edses Bajos\"},\"image\":{\"@id\":\"https:\\\/\\\/nld.mirex.gob.do\\\/consular\\\/amsterdam\\\/#\\\/schema\\\/logo\\\/image\\\/\"}},{\"@type\":\"Person\",\"@id\":\"https:\\\/\\\/nld.mirex.gob.do\\\/consular\\\/amsterdam\\\/#\\\/schema\\\/person\\\/772a9951ade6a7e4ab978b618b619ff8\",\"name\":\"Michael Antonio Melo Andujar\",\"image\":{\"@type\":\"ImageObject\",\"inLanguage\":\"en-US\",\"@id\":\"https:\\\/\\\/secure.gravatar.com\\\/avatar\\\/f8862d24b6945a30d30c9727ef9dfcd533ee25a18a27afc92991446aeb0e652d?s=96&d=mm&r=g\",\"url\":\"https:\\\/\\\/secure.gravatar.com\\\/avatar\\\/f8862d24b6945a30d30c9727ef9dfcd533ee25a18a27afc92991446aeb0e652d?s=96&d=mm&r=g\",\"contentUrl\":\"https:\\\/\\\/secure.gravatar.com\\\/avatar\\\/f8862d24b6945a30d30c9727ef9dfcd533ee25a18a27afc92991446aeb0e652d?s=96&d=mm&r=g\",\"caption\":\"Michael Antonio Melo Andujar\"}}]}<\/script>\n<!-- \/ Yoast SEO plugin. -->","yoast_head_json":{"title":"Cancilleres de Iberoam\u00e9rica acuerdan fortalecer la respuesta frente a la crisis del COVID-19 y eligen a Andr\u00e9s Allamand como nuevo Secretario General Iberoamericano - Consulado General de la Rep\u00fablica Dominicana en La Haya, Reino de los Pa\u00edses Bajos","robots":{"index":"index","follow":"follow","max-snippet":"max-snippet:-1","max-image-preview":"max-image-preview:large","max-video-preview":"max-video-preview:-1"},"canonical":"https:\/\/nld.mirex.gob.do\/consular\/amsterdam\/cancilleres-de-iberoamerica-acuerdan-fortalecer-la-respuesta-frente-a-la-crisis-del-covid-19-y-eligen-a-andres-allamand-como-nuevo-secretario-general-iberoamericano\/","og_locale":"en_US","og_type":"article","og_title":"Cancilleres de Iberoam\u00e9rica acuerdan fortalecer la respuesta frente a la crisis del COVID-19 y eligen a Andr\u00e9s Allamand como nuevo Secretario General Iberoamericano - Consulado General de la Rep\u00fablica Dominicana en La Haya, Reino de los Pa\u00edses Bajos","og_description":"&nbsp; Cancilleres de Iberoam\u00e9rica acuerdan fortalecer la respuesta frente a la crisis del COVID-19 y eligen a Andr\u00e9s Allamand como nuevo Secretario General Iberoamericano. Cancilleres de Iberoam\u00e9rica, reunidos este viernes 26 de noviembre, de manera presencial en la capital dominicana con un r\u00e9cord de asistencia, eligieron por aclamaci\u00f3n al ministro de Relaciones Exteriores de Chile, [&hellip;]","og_url":"https:\/\/nld.mirex.gob.do\/consular\/amsterdam\/cancilleres-de-iberoamerica-acuerdan-fortalecer-la-respuesta-frente-a-la-crisis-del-covid-19-y-eligen-a-andres-allamand-como-nuevo-secretario-general-iberoamericano\/","og_site_name":"Consulado General de la Rep\u00fablica Dominicana en La Haya, Reino de los Pa\u00edses Bajos","article_published_time":"2021-11-27T21:40:47+00:00","author":"Michael Antonio Melo Andujar","twitter_card":"summary_large_image","twitter_misc":{"Written by":"Michael Antonio Melo Andujar","Est. reading time":"1 minute"},"schema":{"@context":"https:\/\/schema.org","@graph":[{"@type":"Article","@id":"https:\/\/nld.mirex.gob.do\/consular\/amsterdam\/cancilleres-de-iberoamerica-acuerdan-fortalecer-la-respuesta-frente-a-la-crisis-del-covid-19-y-eligen-a-andres-allamand-como-nuevo-secretario-general-iberoamericano\/#article","isPartOf":{"@id":"https:\/\/nld.mirex.gob.do\/consular\/amsterdam\/cancilleres-de-iberoamerica-acuerdan-fortalecer-la-respuesta-frente-a-la-crisis-del-covid-19-y-eligen-a-andres-allamand-como-nuevo-secretario-general-iberoamericano\/"},"author":{"name":"Michael Antonio Melo Andujar","@id":"https:\/\/nld.mirex.gob.do\/consular\/amsterdam\/#\/schema\/person\/772a9951ade6a7e4ab978b618b619ff8"},"headline":"Cancilleres de Iberoam\u00e9rica acuerdan fortalecer la respuesta frente a la crisis del COVID-19 y eligen a Andr\u00e9s Allamand como nuevo Secretario General Iberoamericano","datePublished":"2021-11-27T21:40:47+00:00","mainEntityOfPage":{"@id":"https:\/\/nld.mirex.gob.do\/consular\/amsterdam\/cancilleres-de-iberoamerica-acuerdan-fortalecer-la-respuesta-frente-a-la-crisis-del-covid-19-y-eligen-a-andres-allamand-como-nuevo-secretario-general-iberoamericano\/"},"wordCount":214,"publisher":{"@id":"https:\/\/nld.mirex.gob.do\/consular\/amsterdam\/#organization"},"image":{"@id":"https:\/\/nld.mirex.gob.do\/consular\/amsterdam\/cancilleres-de-iberoamerica-acuerdan-fortalecer-la-respuesta-frente-a-la-crisis-del-covid-19-y-eligen-a-andres-allamand-como-nuevo-secretario-general-iberoamericano\/#primaryimage"},"thumbnailUrl":"","articleSection":["Novedades","Novedades en portada"],"inLanguage":"en-US"},{"@type":"WebPage","@id":"https:\/\/nld.mirex.gob.do\/consular\/amsterdam\/cancilleres-de-iberoamerica-acuerdan-fortalecer-la-respuesta-frente-a-la-crisis-del-covid-19-y-eligen-a-andres-allamand-como-nuevo-secretario-general-iberoamericano\/","url":"https:\/\/nld.mirex.gob.do\/consular\/amsterdam\/cancilleres-de-iberoamerica-acuerdan-fortalecer-la-respuesta-frente-a-la-crisis-del-covid-19-y-eligen-a-andres-allamand-como-nuevo-secretario-general-iberoamericano\/","name":"Cancilleres de Iberoam\u00e9rica acuerdan fortalecer la respuesta frente a la crisis del COVID-19 y eligen a Andr\u00e9s Allamand como nuevo Secretario General Iberoamericano - Consulado General de la Rep\u00fablica Dominicana en La Haya, Reino de los Pa\u00edses Bajos","isPartOf":{"@id":"https:\/\/nld.mirex.gob.do\/consular\/amsterdam\/#website"},"primaryImageOfPage":{"@id":"https:\/\/nld.mirex.gob.do\/consular\/amsterdam\/cancilleres-de-iberoamerica-acuerdan-fortalecer-la-respuesta-frente-a-la-crisis-del-covid-19-y-eligen-a-andres-allamand-como-nuevo-secretario-general-iberoamericano\/#primaryimage"},"image":{"@id":"https:\/\/nld.mirex.gob.do\/consular\/amsterdam\/cancilleres-de-iberoamerica-acuerdan-fortalecer-la-respuesta-frente-a-la-crisis-del-covid-19-y-eligen-a-andres-allamand-como-nuevo-secretario-general-iberoamericano\/#primaryimage"},"thumbnailUrl":"","datePublished":"2021-11-27T21:40:47+00:00","breadcrumb":{"@id":"https:\/\/nld.mirex.gob.do\/consular\/amsterdam\/cancilleres-de-iberoamerica-acuerdan-fortalecer-la-respuesta-frente-a-la-crisis-del-covid-19-y-eligen-a-andres-allamand-como-nuevo-secretario-general-iberoamericano\/#breadcrumb"},"inLanguage":"en-US","potentialAction":[{"@type":"ReadAction","target":["https:\/\/nld.mirex.gob.do\/consular\/amsterdam\/cancilleres-de-iberoamerica-acuerdan-fortalecer-la-respuesta-frente-a-la-crisis-del-covid-19-y-eligen-a-andres-allamand-como-nuevo-secretario-general-iberoamericano\/"]}]},{"@type":"ImageObject","inLanguage":"en-US","@id":"https:\/\/nld.mirex.gob.do\/consular\/amsterdam\/cancilleres-de-iberoamerica-acuerdan-fortalecer-la-respuesta-frente-a-la-crisis-del-covid-19-y-eligen-a-andres-allamand-como-nuevo-secretario-general-iberoamericano\/#primaryimage","url":"","contentUrl":""},{"@type":"BreadcrumbList","@id":"https:\/\/nld.mirex.gob.do\/consular\/amsterdam\/cancilleres-de-iberoamerica-acuerdan-fortalecer-la-respuesta-frente-a-la-crisis-del-covid-19-y-eligen-a-andres-allamand-como-nuevo-secretario-general-iberoamericano\/#breadcrumb","itemListElement":[{"@type":"ListItem","position":1,"name":"Inicio","item":"https:\/\/nld.mirex.gob.do\/consular\/amsterdam\/"},{"@type":"ListItem","position":2,"name":"Cancilleres de Iberoam\u00e9rica acuerdan fortalecer la respuesta frente a la crisis del COVID-19 y eligen a Andr\u00e9s Allamand como nuevo Secretario General Iberoamericano"}]},{"@type":"WebSite","@id":"https:\/\/nld.mirex.gob.do\/consular\/amsterdam\/#website","url":"https:\/\/nld.mirex.gob.do\/consular\/amsterdam\/","name":"Consulado General de la Rep\u00fablica Dominicana en La Haya, Reino de los Pa\u00edses Bajos","description":"","publisher":{"@id":"https:\/\/nld.mirex.gob.do\/consular\/amsterdam\/#organization"},"potentialAction":[{"@type":"SearchAction","target":{"@type":"EntryPoint","urlTemplate":"https:\/\/nld.mirex.gob.do\/consular\/amsterdam\/?s={search_term_string}"},"query-input":{"@type":"PropertyValueSpecification","valueRequired":true,"valueName":"search_term_string"}}],"inLanguage":"en-US"},{"@type":"Organization","@id":"https:\/\/nld.mirex.gob.do\/consular\/amsterdam\/#organization","name":"Consulado General de la Rep\u00fablica Dominicana en La Haya, Reino de los Pa\u00edses Bajos","url":"https:\/\/nld.mirex.gob.do\/consular\/amsterdam\/","logo":{"@type":"ImageObject","inLanguage":"en-US","@id":"https:\/\/nld.mirex.gob.do\/consular\/amsterdam\/#\/schema\/logo\/image\/","url":"https:\/\/nld.mirex.gob.do\/consular\/amsterdam\/wp-content\/uploads\/2024\/04\/cropped-consulado_la_haya_reinode_los_Paises_Bajos.jpg","contentUrl":"https:\/\/nld.mirex.gob.do\/consular\/amsterdam\/wp-content\/uploads\/2024\/04\/cropped-consulado_la_haya_reinode_los_Paises_Bajos.jpg","width":999,"height":407,"caption":"Consulado General de la Rep\u00fablica Dominicana en La Haya, Reino de los Pa\u00edses Bajos"},"image":{"@id":"https:\/\/nld.mirex.gob.do\/consular\/amsterdam\/#\/schema\/logo\/image\/"}},{"@type":"Person","@id":"https:\/\/nld.mirex.gob.do\/consular\/amsterdam\/#\/schema\/person\/772a9951ade6a7e4ab978b618b619ff8","name":"Michael Antonio Melo Andujar","image":{"@type":"ImageObject","inLanguage":"en-US","@id":"https:\/\/secure.gravatar.com\/avatar\/f8862d24b6945a30d30c9727ef9dfcd533ee25a18a27afc92991446aeb0e652d?s=96&d=mm&r=g","url":"https:\/\/secure.gravatar.com\/avatar\/f8862d24b6945a30d30c9727ef9dfcd533ee25a18a27afc92991446aeb0e652d?s=96&d=mm&r=g","contentUrl":"https:\/\/secure.gravatar.com\/avatar\/f8862d24b6945a30d30c9727ef9dfcd533ee25a18a27afc92991446aeb0e652d?s=96&d=mm&r=g","caption":"Michael Antonio Melo Andujar"}}]}},"_links":{"self":[{"href":"https:\/\/nld.mirex.gob.do\/consular\/amsterdam\/wp-json\/wp\/v2\/posts\/5527","targetHints":{"allow":["GET"]}}],"collection":[{"href":"https:\/\/nld.mirex.gob.do\/consular\/amsterdam\/wp-json\/wp\/v2\/posts"}],"about":[{"href":"https:\/\/nld.mirex.gob.do\/consular\/amsterdam\/wp-json\/wp\/v2\/types\/post"}],"author":[{"embeddable":true,"href":"https:\/\/nld.mirex.gob.do\/consular\/amsterdam\/wp-json\/wp\/v2\/users\/8"}],"replies":[{"embeddable":true,"href":"https:\/\/nld.mirex.gob.do\/consular\/amsterdam\/wp-json\/wp\/v2\/comments?post=5527"}],"version-history":[{"count":0,"href":"https:\/\/nld.mirex.gob.do\/consular\/amsterdam\/wp-json\/wp\/v2\/posts\/5527\/revisions"}],"wp:featuredmedia":[{"embeddable":true,"href":"https:\/\/nld.mirex.gob.do\/consular\/amsterdam\/wp-json\/"}],"wp:attachment":[{"href":"https:\/\/nld.mirex.gob.do\/consular\/amsterdam\/wp-json\/wp\/v2\/media?parent=5527"}],"wp:term":[{"taxonomy":"category","embeddable":true,"href":"https:\/\/nld.mirex.gob.do\/consular\/amsterdam\/wp-json\/wp\/v2\/categories?post=5527"},{"taxonomy":"post_tag","embeddable":true,"href":"https:\/\/nld.mirex.gob.do\/consular\/amsterdam\/wp-json\/wp\/v2\/tags?post=5527"}],"curies":[{"name":"wp","href":"https:\/\/api.w.org\/{rel}","templated":true}]}}