{"id":5503,"date":"2021-11-11T15:20:38","date_gmt":"2021-11-11T15:20:38","guid":{"rendered":"https:\/\/www.consuladordholanda.com\/?p=5503"},"modified":"2021-11-11T15:20:38","modified_gmt":"2021-11-11T15:20:38","slug":"republica-dominicana-dona-vacunas-a-jamaica","status":"publish","type":"post","link":"https:\/\/nld.mirex.gob.do\/consular\/amsterdam\/republica-dominicana-dona-vacunas-a-jamaica\/","title":{"rendered":"Rep\u00fablica Dominicana dona vacunas a Jamaica"},"content":{"rendered":"<figure id=\"attachment_5504\" aria-describedby=\"caption-attachment-5504\" style=\"width: 740px\" class=\"wp-caption alignnone\"><img fetchpriority=\"high\" decoding=\"async\" class=\"size-full wp-image-5504\" src=\"https:\/\/www.consuladordholanda.com\/wp-content\/uploads\/2021\/11\/Republica-Dominicana-dona-vacunas-a-Jamaica-1.jpg\" alt=\"\" width=\"740\" height=\"508\"><figcaption id=\"caption-attachment-5504\" class=\"wp-caption-text\">La embajadora dominicana en Jamaica, Angie Mart\u00ednez, particip\u00f3 en el acto de entrega realizado en el estadio National Arena de la ciudad de Kingston, junto a la ministra de Relaciones Exteriores y Comercio Exterior de Jamaica, Kamina Johnson Smith; el ministro de Salud y Bienestar de Jamaica, el Dr. Cristopher Tufton; y el representante en Jamaica de la Organizaci\u00f3n Panamericana de la Salud (OPS), Ian Stein.<\/figcaption><\/figure>\n<p>Nota de prensa &#8211; MIREX<\/p>\n<p>Rep\u00fablica Dominicana don\u00f3 un total de 50 mil vacunas contra la COVID-19 a Jamaica, convirti\u00e9ndola en la primera naci\u00f3n del Caribe en recibir cooperaci\u00f3n dominicana en el marco del Programa de Cooperaci\u00f3n Internacional para auxiliar a pa\u00edses de Centroam\u00e9rica y el Caribe.<\/p>\n<p>La embajadora dominicana en Jamaica, Angie Mart\u00ednez, particip\u00f3 en el acto de entrega realizado en el estadio National Arena de la ciudad de Kingston, junto a la ministra de Relaciones Exteriores y Comercio Exterior de Jamaica, Kamina Johnson Smith; el ministro de Salud y Bienestar de Jamaica, el Dr. Cristopher Tufton; y el representante en Jamaica de la Organizaci\u00f3n Panamericana de la Salud (OPS), Ian Stein.<\/p>\n<p>\u201cEsta donaci\u00f3n es un acto de solidaridad con el gobierno y pueblo de Jamaica, en nombre del gobierno y del empresariado dominicano, quienes suministraron los fondos para la adquisici\u00f3n de las vacunas, cuya entrega ocurre precisamente el d\u00eda en que los dominicanos celebramos el 177 aniversario de nuestra Constituci\u00f3n, la cual se fundamenta en la dignidad humana y el respeto a los derechos fundamentales&#8221;, expuso la embajadora Mart\u00ednez.<\/p>\n<p>La ministra de Relaciones Exteriores y Comercio Exterior de Jamaica, Kamina Johnson Smith, manifest\u00f3 especial agradecimiento al canciller dominicano, Roberto \u00c1lvarez, por haber respondido de manera favorable y sin reservas a la solicitud de asistencia de parte de Jamaica. Se\u00f1al\u00f3 que la donaci\u00f3n crea grandes oportunidades para ambos pa\u00edses, llamados a incrementar el nivel de cooperaci\u00f3n existente.<\/p>\n<p>\u201cJamaica sabe que tiene un pa\u00eds amigo en la Rep\u00fablica Dominicana, y estamos comprometidos con el florecimiento de la relaci\u00f3n entre ambas naciones\u201d, expres\u00f3 la Canciller.<\/p>\n<p>M\u00e1s informaci\u00f3n en www.mirex.gob.do<\/p>\n<p><a href=\"https:\/\/www.instagram.com\/explore\/tags\/mirexrd\/\">#MIREXRD<\/a><\/p>\n\n","protected":false},"excerpt":{"rendered":"<p>Nota de prensa &#8211; MIREX Rep\u00fablica Dominicana don\u00f3 un total de 50 mil vacunas contra la COVID-19 a Jamaica, convirti\u00e9ndola en la primera naci\u00f3n del Caribe en recibir cooperaci\u00f3n dominicana en el marco del Programa de Cooperaci\u00f3n Internacional para auxiliar a pa\u00edses de Centroam\u00e9rica y el Caribe. La embajadora dominicana en Jamaica, Angie Mart\u00ednez, particip\u00f3 [&hellip;]<\/p>\n","protected":false},"author":8,"featured_media":5504,"comment_status":"closed","ping_status":"open","sticky":false,"template":"","format":"standard","meta":{"site-sidebar-layout":"default","site-content-layout":"","ast-site-content-layout":"default","site-content-style":"default","site-sidebar-style":"default","ast-global-header-display":"","ast-banner-title-visibility":"","ast-main-header-display":"","ast-hfb-above-header-display":"","ast-hfb-below-header-display":"","ast-hfb-mobile-header-display":"","site-post-title":"","ast-breadcrumbs-content":"","ast-featured-img":"","footer-sml-layout":"","ast-disable-related-posts":"","theme-transparent-header-meta":"","adv-header-id-meta":"","stick-header-meta":"","header-above-stick-meta":"","header-main-stick-meta":"","header-below-stick-meta":"","astra-migrate-meta-layouts":"default","ast-page-background-enabled":"default","ast-page-background-meta":{"desktop":{"background-color":"","background-image":"","background-repeat":"repeat","background-position":"center center","background-size":"auto","background-attachment":"scroll","background-type":"","background-media":"","overlay-type":"","overlay-color":"","overlay-opacity":"","overlay-gradient":""},"tablet":{"background-color":"","background-image":"","background-repeat":"repeat","background-position":"center center","background-size":"auto","background-attachment":"scroll","background-type":"","background-media":"","overlay-type":"","overlay-color":"","overlay-opacity":"","overlay-gradient":""},"mobile":{"background-color":"","background-image":"","background-repeat":"repeat","background-position":"center center","background-size":"auto","background-attachment":"scroll","background-type":"","background-media":"","overlay-type":"","overlay-color":"","overlay-opacity":"","overlay-gradient":""}},"ast-content-background-meta":{"desktop":{"background-color":"var(--ast-global-color-5)","background-image":"","background-repeat":"repeat","background-position":"center center","background-size":"auto","background-attachment":"scroll","background-type":"","background-media":"","overlay-type":"","overlay-color":"","overlay-opacity":"","overlay-gradient":""},"tablet":{"background-color":"var(--ast-global-color-5)","background-image":"","background-repeat":"repeat","background-position":"center center","background-size":"auto","background-attachment":"scroll","background-type":"","background-media":"","overlay-type":"","overlay-color":"","overlay-opacity":"","overlay-gradient":""},"mobile":{"background-color":"var(--ast-global-color-5)","background-image":"","background-repeat":"repeat","background-position":"center center","background-size":"auto","background-attachment":"scroll","background-type":"","background-media":"","overlay-type":"","overlay-color":"","overlay-opacity":"","overlay-gradient":""}},"footnotes":""},"categories":[101,408],"tags":[521,410,522,523],"class_list":["post-5503","post","type-post","status-publish","format-standard","has-post-thumbnail","hentry","category-actividades","category-actividades-en-portada","tag-cooperacion","tag-covid-19","tag-jamaica","tag-vacunas"],"yoast_head":"<!-- This site is optimized with the Yoast SEO plugin v27.4 - https:\/\/yoast.com\/product\/yoast-seo-wordpress\/ -->\n<title>Rep\u00fablica Dominicana dona vacunas a Jamaica - Consulado General de la Rep\u00fablica Dominicana en La Haya, Reino de los Pa\u00edses Bajos<\/title>\n<meta name=\"robots\" content=\"index, follow, max-snippet:-1, max-image-preview:large, max-video-preview:-1\" \/>\n<link rel=\"canonical\" href=\"https:\/\/nld.mirex.gob.do\/consular\/amsterdam\/republica-dominicana-dona-vacunas-a-jamaica\/\" \/>\n<meta property=\"og:locale\" content=\"en_US\" \/>\n<meta property=\"og:type\" content=\"article\" \/>\n<meta property=\"og:title\" content=\"Rep\u00fablica Dominicana dona vacunas a Jamaica - Consulado General de la Rep\u00fablica Dominicana en La Haya, Reino de los Pa\u00edses Bajos\" \/>\n<meta property=\"og:description\" content=\"Nota de prensa &#8211; MIREX Rep\u00fablica Dominicana don\u00f3 un total de 50 mil vacunas contra la COVID-19 a Jamaica, convirti\u00e9ndola en la primera naci\u00f3n del Caribe en recibir cooperaci\u00f3n dominicana en el marco del Programa de Cooperaci\u00f3n Internacional para auxiliar a pa\u00edses de Centroam\u00e9rica y el Caribe. La embajadora dominicana en Jamaica, Angie Mart\u00ednez, particip\u00f3 [&hellip;]\" \/>\n<meta property=\"og:url\" content=\"https:\/\/nld.mirex.gob.do\/consular\/amsterdam\/republica-dominicana-dona-vacunas-a-jamaica\/\" \/>\n<meta property=\"og:site_name\" content=\"Consulado General de la Rep\u00fablica Dominicana en La Haya, Reino de los Pa\u00edses Bajos\" \/>\n<meta property=\"article:published_time\" content=\"2021-11-11T15:20:38+00:00\" \/>\n<meta name=\"author\" content=\"Michael Antonio Melo Andujar\" \/>\n<meta name=\"twitter:card\" content=\"summary_large_image\" \/>\n<meta name=\"twitter:label1\" content=\"Written by\" \/>\n\t<meta name=\"twitter:data1\" content=\"Michael Antonio Melo Andujar\" \/>\n\t<meta name=\"twitter:label2\" content=\"Est. reading time\" \/>\n\t<meta name=\"twitter:data2\" content=\"2 minutes\" \/>\n<script type=\"application\/ld+json\" class=\"yoast-schema-graph\">{\"@context\":\"https:\\\/\\\/schema.org\",\"@graph\":[{\"@type\":\"Article\",\"@id\":\"https:\\\/\\\/nld.mirex.gob.do\\\/consular\\\/amsterdam\\\/republica-dominicana-dona-vacunas-a-jamaica\\\/#article\",\"isPartOf\":{\"@id\":\"https:\\\/\\\/nld.mirex.gob.do\\\/consular\\\/amsterdam\\\/republica-dominicana-dona-vacunas-a-jamaica\\\/\"},\"author\":{\"name\":\"Michael Antonio Melo Andujar\",\"@id\":\"https:\\\/\\\/nld.mirex.gob.do\\\/consular\\\/amsterdam\\\/#\\\/schema\\\/person\\\/772a9951ade6a7e4ab978b618b619ff8\"},\"headline\":\"Rep\u00fablica Dominicana dona vacunas a Jamaica\",\"datePublished\":\"2021-11-11T15:20:38+00:00\",\"mainEntityOfPage\":{\"@id\":\"https:\\\/\\\/nld.mirex.gob.do\\\/consular\\\/amsterdam\\\/republica-dominicana-dona-vacunas-a-jamaica\\\/\"},\"wordCount\":377,\"publisher\":{\"@id\":\"https:\\\/\\\/nld.mirex.gob.do\\\/consular\\\/amsterdam\\\/#organization\"},\"image\":{\"@id\":\"https:\\\/\\\/nld.mirex.gob.do\\\/consular\\\/amsterdam\\\/republica-dominicana-dona-vacunas-a-jamaica\\\/#primaryimage\"},\"thumbnailUrl\":\"\",\"keywords\":[\"Cooperaci\u00f3n\",\"COVID-19\",\"Jamaica\",\"Vacunas\"],\"articleSection\":[\"Actividades\",\"Actividades en portada\"],\"inLanguage\":\"en-US\"},{\"@type\":\"WebPage\",\"@id\":\"https:\\\/\\\/nld.mirex.gob.do\\\/consular\\\/amsterdam\\\/republica-dominicana-dona-vacunas-a-jamaica\\\/\",\"url\":\"https:\\\/\\\/nld.mirex.gob.do\\\/consular\\\/amsterdam\\\/republica-dominicana-dona-vacunas-a-jamaica\\\/\",\"name\":\"Rep\u00fablica Dominicana dona vacunas a Jamaica - Consulado General de la Rep\u00fablica Dominicana en La Haya, Reino de los Pa\u00edses Bajos\",\"isPartOf\":{\"@id\":\"https:\\\/\\\/nld.mirex.gob.do\\\/consular\\\/amsterdam\\\/#website\"},\"primaryImageOfPage\":{\"@id\":\"https:\\\/\\\/nld.mirex.gob.do\\\/consular\\\/amsterdam\\\/republica-dominicana-dona-vacunas-a-jamaica\\\/#primaryimage\"},\"image\":{\"@id\":\"https:\\\/\\\/nld.mirex.gob.do\\\/consular\\\/amsterdam\\\/republica-dominicana-dona-vacunas-a-jamaica\\\/#primaryimage\"},\"thumbnailUrl\":\"\",\"datePublished\":\"2021-11-11T15:20:38+00:00\",\"breadcrumb\":{\"@id\":\"https:\\\/\\\/nld.mirex.gob.do\\\/consular\\\/amsterdam\\\/republica-dominicana-dona-vacunas-a-jamaica\\\/#breadcrumb\"},\"inLanguage\":\"en-US\",\"potentialAction\":[{\"@type\":\"ReadAction\",\"target\":[\"https:\\\/\\\/nld.mirex.gob.do\\\/consular\\\/amsterdam\\\/republica-dominicana-dona-vacunas-a-jamaica\\\/\"]}]},{\"@type\":\"ImageObject\",\"inLanguage\":\"en-US\",\"@id\":\"https:\\\/\\\/nld.mirex.gob.do\\\/consular\\\/amsterdam\\\/republica-dominicana-dona-vacunas-a-jamaica\\\/#primaryimage\",\"url\":\"\",\"contentUrl\":\"\"},{\"@type\":\"BreadcrumbList\",\"@id\":\"https:\\\/\\\/nld.mirex.gob.do\\\/consular\\\/amsterdam\\\/republica-dominicana-dona-vacunas-a-jamaica\\\/#breadcrumb\",\"itemListElement\":[{\"@type\":\"ListItem\",\"position\":1,\"name\":\"Inicio\",\"item\":\"https:\\\/\\\/nld.mirex.gob.do\\\/consular\\\/amsterdam\\\/\"},{\"@type\":\"ListItem\",\"position\":2,\"name\":\"Rep\u00fablica Dominicana dona vacunas a Jamaica\"}]},{\"@type\":\"WebSite\",\"@id\":\"https:\\\/\\\/nld.mirex.gob.do\\\/consular\\\/amsterdam\\\/#website\",\"url\":\"https:\\\/\\\/nld.mirex.gob.do\\\/consular\\\/amsterdam\\\/\",\"name\":\"Consulado General de la Rep\u00fablica Dominicana en La Haya, Reino de los Pa\u00edses Bajos\",\"description\":\"\",\"publisher\":{\"@id\":\"https:\\\/\\\/nld.mirex.gob.do\\\/consular\\\/amsterdam\\\/#organization\"},\"potentialAction\":[{\"@type\":\"SearchAction\",\"target\":{\"@type\":\"EntryPoint\",\"urlTemplate\":\"https:\\\/\\\/nld.mirex.gob.do\\\/consular\\\/amsterdam\\\/?s={search_term_string}\"},\"query-input\":{\"@type\":\"PropertyValueSpecification\",\"valueRequired\":true,\"valueName\":\"search_term_string\"}}],\"inLanguage\":\"en-US\"},{\"@type\":\"Organization\",\"@id\":\"https:\\\/\\\/nld.mirex.gob.do\\\/consular\\\/amsterdam\\\/#organization\",\"name\":\"Consulado General de la Rep\u00fablica Dominicana en La Haya, Reino de los Pa\u00edses Bajos\",\"url\":\"https:\\\/\\\/nld.mirex.gob.do\\\/consular\\\/amsterdam\\\/\",\"logo\":{\"@type\":\"ImageObject\",\"inLanguage\":\"en-US\",\"@id\":\"https:\\\/\\\/nld.mirex.gob.do\\\/consular\\\/amsterdam\\\/#\\\/schema\\\/logo\\\/image\\\/\",\"url\":\"https:\\\/\\\/nld.mirex.gob.do\\\/consular\\\/amsterdam\\\/wp-content\\\/uploads\\\/2024\\\/04\\\/cropped-consulado_la_haya_reinode_los_Paises_Bajos.jpg\",\"contentUrl\":\"https:\\\/\\\/nld.mirex.gob.do\\\/consular\\\/amsterdam\\\/wp-content\\\/uploads\\\/2024\\\/04\\\/cropped-consulado_la_haya_reinode_los_Paises_Bajos.jpg\",\"width\":999,\"height\":407,\"caption\":\"Consulado General de la Rep\u00fablica Dominicana en La Haya, Reino de los Pa\u00edses Bajos\"},\"image\":{\"@id\":\"https:\\\/\\\/nld.mirex.gob.do\\\/consular\\\/amsterdam\\\/#\\\/schema\\\/logo\\\/image\\\/\"}},{\"@type\":\"Person\",\"@id\":\"https:\\\/\\\/nld.mirex.gob.do\\\/consular\\\/amsterdam\\\/#\\\/schema\\\/person\\\/772a9951ade6a7e4ab978b618b619ff8\",\"name\":\"Michael Antonio Melo Andujar\",\"image\":{\"@type\":\"ImageObject\",\"inLanguage\":\"en-US\",\"@id\":\"https:\\\/\\\/secure.gravatar.com\\\/avatar\\\/f8862d24b6945a30d30c9727ef9dfcd533ee25a18a27afc92991446aeb0e652d?s=96&d=mm&r=g\",\"url\":\"https:\\\/\\\/secure.gravatar.com\\\/avatar\\\/f8862d24b6945a30d30c9727ef9dfcd533ee25a18a27afc92991446aeb0e652d?s=96&d=mm&r=g\",\"contentUrl\":\"https:\\\/\\\/secure.gravatar.com\\\/avatar\\\/f8862d24b6945a30d30c9727ef9dfcd533ee25a18a27afc92991446aeb0e652d?s=96&d=mm&r=g\",\"caption\":\"Michael Antonio Melo Andujar\"}}]}<\/script>\n<!-- \/ Yoast SEO plugin. -->","yoast_head_json":{"title":"Rep\u00fablica Dominicana dona vacunas a Jamaica - Consulado General de la Rep\u00fablica Dominicana en La Haya, Reino de los Pa\u00edses Bajos","robots":{"index":"index","follow":"follow","max-snippet":"max-snippet:-1","max-image-preview":"max-image-preview:large","max-video-preview":"max-video-preview:-1"},"canonical":"https:\/\/nld.mirex.gob.do\/consular\/amsterdam\/republica-dominicana-dona-vacunas-a-jamaica\/","og_locale":"en_US","og_type":"article","og_title":"Rep\u00fablica Dominicana dona vacunas a Jamaica - Consulado General de la Rep\u00fablica Dominicana en La Haya, Reino de los Pa\u00edses Bajos","og_description":"Nota de prensa &#8211; MIREX Rep\u00fablica Dominicana don\u00f3 un total de 50 mil vacunas contra la COVID-19 a Jamaica, convirti\u00e9ndola en la primera naci\u00f3n del Caribe en recibir cooperaci\u00f3n dominicana en el marco del Programa de Cooperaci\u00f3n Internacional para auxiliar a pa\u00edses de Centroam\u00e9rica y el Caribe. La embajadora dominicana en Jamaica, Angie Mart\u00ednez, particip\u00f3 [&hellip;]","og_url":"https:\/\/nld.mirex.gob.do\/consular\/amsterdam\/republica-dominicana-dona-vacunas-a-jamaica\/","og_site_name":"Consulado General de la Rep\u00fablica Dominicana en La Haya, Reino de los Pa\u00edses Bajos","article_published_time":"2021-11-11T15:20:38+00:00","author":"Michael Antonio Melo Andujar","twitter_card":"summary_large_image","twitter_misc":{"Written by":"Michael Antonio Melo Andujar","Est. reading time":"2 minutes"},"schema":{"@context":"https:\/\/schema.org","@graph":[{"@type":"Article","@id":"https:\/\/nld.mirex.gob.do\/consular\/amsterdam\/republica-dominicana-dona-vacunas-a-jamaica\/#article","isPartOf":{"@id":"https:\/\/nld.mirex.gob.do\/consular\/amsterdam\/republica-dominicana-dona-vacunas-a-jamaica\/"},"author":{"name":"Michael Antonio Melo Andujar","@id":"https:\/\/nld.mirex.gob.do\/consular\/amsterdam\/#\/schema\/person\/772a9951ade6a7e4ab978b618b619ff8"},"headline":"Rep\u00fablica Dominicana dona vacunas a Jamaica","datePublished":"2021-11-11T15:20:38+00:00","mainEntityOfPage":{"@id":"https:\/\/nld.mirex.gob.do\/consular\/amsterdam\/republica-dominicana-dona-vacunas-a-jamaica\/"},"wordCount":377,"publisher":{"@id":"https:\/\/nld.mirex.gob.do\/consular\/amsterdam\/#organization"},"image":{"@id":"https:\/\/nld.mirex.gob.do\/consular\/amsterdam\/republica-dominicana-dona-vacunas-a-jamaica\/#primaryimage"},"thumbnailUrl":"","keywords":["Cooperaci\u00f3n","COVID-19","Jamaica","Vacunas"],"articleSection":["Actividades","Actividades en portada"],"inLanguage":"en-US"},{"@type":"WebPage","@id":"https:\/\/nld.mirex.gob.do\/consular\/amsterdam\/republica-dominicana-dona-vacunas-a-jamaica\/","url":"https:\/\/nld.mirex.gob.do\/consular\/amsterdam\/republica-dominicana-dona-vacunas-a-jamaica\/","name":"Rep\u00fablica Dominicana dona vacunas a Jamaica - Consulado General de la Rep\u00fablica Dominicana en La Haya, Reino de los Pa\u00edses Bajos","isPartOf":{"@id":"https:\/\/nld.mirex.gob.do\/consular\/amsterdam\/#website"},"primaryImageOfPage":{"@id":"https:\/\/nld.mirex.gob.do\/consular\/amsterdam\/republica-dominicana-dona-vacunas-a-jamaica\/#primaryimage"},"image":{"@id":"https:\/\/nld.mirex.gob.do\/consular\/amsterdam\/republica-dominicana-dona-vacunas-a-jamaica\/#primaryimage"},"thumbnailUrl":"","datePublished":"2021-11-11T15:20:38+00:00","breadcrumb":{"@id":"https:\/\/nld.mirex.gob.do\/consular\/amsterdam\/republica-dominicana-dona-vacunas-a-jamaica\/#breadcrumb"},"inLanguage":"en-US","potentialAction":[{"@type":"ReadAction","target":["https:\/\/nld.mirex.gob.do\/consular\/amsterdam\/republica-dominicana-dona-vacunas-a-jamaica\/"]}]},{"@type":"ImageObject","inLanguage":"en-US","@id":"https:\/\/nld.mirex.gob.do\/consular\/amsterdam\/republica-dominicana-dona-vacunas-a-jamaica\/#primaryimage","url":"","contentUrl":""},{"@type":"BreadcrumbList","@id":"https:\/\/nld.mirex.gob.do\/consular\/amsterdam\/republica-dominicana-dona-vacunas-a-jamaica\/#breadcrumb","itemListElement":[{"@type":"ListItem","position":1,"name":"Inicio","item":"https:\/\/nld.mirex.gob.do\/consular\/amsterdam\/"},{"@type":"ListItem","position":2,"name":"Rep\u00fablica Dominicana dona vacunas a Jamaica"}]},{"@type":"WebSite","@id":"https:\/\/nld.mirex.gob.do\/consular\/amsterdam\/#website","url":"https:\/\/nld.mirex.gob.do\/consular\/amsterdam\/","name":"Consulado General de la Rep\u00fablica Dominicana en La Haya, Reino de los Pa\u00edses Bajos","description":"","publisher":{"@id":"https:\/\/nld.mirex.gob.do\/consular\/amsterdam\/#organization"},"potentialAction":[{"@type":"SearchAction","target":{"@type":"EntryPoint","urlTemplate":"https:\/\/nld.mirex.gob.do\/consular\/amsterdam\/?s={search_term_string}"},"query-input":{"@type":"PropertyValueSpecification","valueRequired":true,"valueName":"search_term_string"}}],"inLanguage":"en-US"},{"@type":"Organization","@id":"https:\/\/nld.mirex.gob.do\/consular\/amsterdam\/#organization","name":"Consulado General de la Rep\u00fablica Dominicana en La Haya, Reino de los Pa\u00edses Bajos","url":"https:\/\/nld.mirex.gob.do\/consular\/amsterdam\/","logo":{"@type":"ImageObject","inLanguage":"en-US","@id":"https:\/\/nld.mirex.gob.do\/consular\/amsterdam\/#\/schema\/logo\/image\/","url":"https:\/\/nld.mirex.gob.do\/consular\/amsterdam\/wp-content\/uploads\/2024\/04\/cropped-consulado_la_haya_reinode_los_Paises_Bajos.jpg","contentUrl":"https:\/\/nld.mirex.gob.do\/consular\/amsterdam\/wp-content\/uploads\/2024\/04\/cropped-consulado_la_haya_reinode_los_Paises_Bajos.jpg","width":999,"height":407,"caption":"Consulado General de la Rep\u00fablica Dominicana en La Haya, Reino de los Pa\u00edses Bajos"},"image":{"@id":"https:\/\/nld.mirex.gob.do\/consular\/amsterdam\/#\/schema\/logo\/image\/"}},{"@type":"Person","@id":"https:\/\/nld.mirex.gob.do\/consular\/amsterdam\/#\/schema\/person\/772a9951ade6a7e4ab978b618b619ff8","name":"Michael Antonio Melo Andujar","image":{"@type":"ImageObject","inLanguage":"en-US","@id":"https:\/\/secure.gravatar.com\/avatar\/f8862d24b6945a30d30c9727ef9dfcd533ee25a18a27afc92991446aeb0e652d?s=96&d=mm&r=g","url":"https:\/\/secure.gravatar.com\/avatar\/f8862d24b6945a30d30c9727ef9dfcd533ee25a18a27afc92991446aeb0e652d?s=96&d=mm&r=g","contentUrl":"https:\/\/secure.gravatar.com\/avatar\/f8862d24b6945a30d30c9727ef9dfcd533ee25a18a27afc92991446aeb0e652d?s=96&d=mm&r=g","caption":"Michael Antonio Melo Andujar"}}]}},"_links":{"self":[{"href":"https:\/\/nld.mirex.gob.do\/consular\/amsterdam\/wp-json\/wp\/v2\/posts\/5503","targetHints":{"allow":["GET"]}}],"collection":[{"href":"https:\/\/nld.mirex.gob.do\/consular\/amsterdam\/wp-json\/wp\/v2\/posts"}],"about":[{"href":"https:\/\/nld.mirex.gob.do\/consular\/amsterdam\/wp-json\/wp\/v2\/types\/post"}],"author":[{"embeddable":true,"href":"https:\/\/nld.mirex.gob.do\/consular\/amsterdam\/wp-json\/wp\/v2\/users\/8"}],"replies":[{"embeddable":true,"href":"https:\/\/nld.mirex.gob.do\/consular\/amsterdam\/wp-json\/wp\/v2\/comments?post=5503"}],"version-history":[{"count":0,"href":"https:\/\/nld.mirex.gob.do\/consular\/amsterdam\/wp-json\/wp\/v2\/posts\/5503\/revisions"}],"wp:featuredmedia":[{"embeddable":true,"href":"https:\/\/nld.mirex.gob.do\/consular\/amsterdam\/wp-json\/"}],"wp:attachment":[{"href":"https:\/\/nld.mirex.gob.do\/consular\/amsterdam\/wp-json\/wp\/v2\/media?parent=5503"}],"wp:term":[{"taxonomy":"category","embeddable":true,"href":"https:\/\/nld.mirex.gob.do\/consular\/amsterdam\/wp-json\/wp\/v2\/categories?post=5503"},{"taxonomy":"post_tag","embeddable":true,"href":"https:\/\/nld.mirex.gob.do\/consular\/amsterdam\/wp-json\/wp\/v2\/tags?post=5503"}],"curies":[{"name":"wp","href":"https:\/\/api.w.org\/{rel}","templated":true}]}}