{"id":5417,"date":"2021-10-11T18:09:24","date_gmt":"2021-10-11T18:09:24","guid":{"rendered":"https:\/\/www.consuladordholanda.com\/?p=5417"},"modified":"2021-10-11T18:09:24","modified_gmt":"2021-10-11T18:09:24","slug":"el-2021-sigue-rompiendo-records-con-la-llegada-de-turistas-a-republica-dominicana","status":"publish","type":"post","link":"https:\/\/nld.mirex.gob.do\/consular\/amsterdam\/el-2021-sigue-rompiendo-records-con-la-llegada-de-turistas-a-republica-dominicana\/","title":{"rendered":"\u00a1El 2021 sigue rompiendo r\u00e9cords con la llegada de turistas a Rep\u00fablica Dominicana!"},"content":{"rendered":"<p><img fetchpriority=\"high\" decoding=\"async\" class=\"alignnone size-full wp-image-5418\" src=\"https:\/\/www.consuladordholanda.com\/wp-content\/uploads\/2021\/10\/El-2021-sigue-rompiendo-records-con-la-llegada-de-turistas-a-Republica-Dominicana.jpg\" alt=\"\" width=\"1080\" height=\"1080\"><\/p>\n<p>Hoy anunciamos con orgullo que hemos recibido este a\u00f1o 3,303,744 visitantes no residentes al pa\u00eds, en septiembre 2021 llegaron al pa\u00eds 365,544 turistas, posicion\u00e1ndose como el mejor septiembre de la historia.<\/p>\n<p>\u201cEste es el resultado de trabajo de todos los actores de la industria tur\u00edstica dominicana\u201d, as\u00ed lo declar\u00f3 el ministro&nbsp;<a href=\"https:\/\/www.instagram.com\/DavidColladoM\/\">@DavidColladoM<\/a>, qui\u00e9n adem\u00e1s destac\u00f3 la apertura de los mercados de Rusia, Francia, Italia, Ucrania y Polonia para enviar turistas a RD &#x1f1e9;&#x1f1f4; y el apoyo hist\u00f3rico al turismo de la di\u00e1spora dominicana durante todo el 2021.<\/p>\n<p>RD&#x1f1e9;&#x1f1f4; sigue demostrando ser l\u00edder de la regi\u00f3n en recuperaci\u00f3n del turismo, seg\u00fan cifras de ForwardKeys &#x1f389;.<\/p>\n\n","protected":false},"excerpt":{"rendered":"<p>Hoy anunciamos con orgullo que hemos recibido este a\u00f1o 3,303,744 visitantes no residentes al pa\u00eds, en septiembre 2021 llegaron al pa\u00eds 365,544 turistas, posicion\u00e1ndose como el mejor septiembre de la historia. \u201cEste es el resultado de trabajo de todos los actores de la industria tur\u00edstica dominicana\u201d, as\u00ed lo declar\u00f3 el ministro&nbsp;@DavidColladoM, qui\u00e9n adem\u00e1s destac\u00f3 la [&hellip;]<\/p>\n","protected":false},"author":8,"featured_media":5419,"comment_status":"closed","ping_status":"open","sticky":false,"template":"","format":"standard","meta":{"site-sidebar-layout":"default","site-content-layout":"","ast-site-content-layout":"default","site-content-style":"default","site-sidebar-style":"default","ast-global-header-display":"","ast-banner-title-visibility":"","ast-main-header-display":"","ast-hfb-above-header-display":"","ast-hfb-below-header-display":"","ast-hfb-mobile-header-display":"","site-post-title":"","ast-breadcrumbs-content":"","ast-featured-img":"","footer-sml-layout":"","ast-disable-related-posts":"","theme-transparent-header-meta":"","adv-header-id-meta":"","stick-header-meta":"","header-above-stick-meta":"","header-main-stick-meta":"","header-below-stick-meta":"","astra-migrate-meta-layouts":"default","ast-page-background-enabled":"default","ast-page-background-meta":{"desktop":{"background-color":"","background-image":"","background-repeat":"repeat","background-position":"center center","background-size":"auto","background-attachment":"scroll","background-type":"","background-media":"","overlay-type":"","overlay-color":"","overlay-opacity":"","overlay-gradient":""},"tablet":{"background-color":"","background-image":"","background-repeat":"repeat","background-position":"center center","background-size":"auto","background-attachment":"scroll","background-type":"","background-media":"","overlay-type":"","overlay-color":"","overlay-opacity":"","overlay-gradient":""},"mobile":{"background-color":"","background-image":"","background-repeat":"repeat","background-position":"center center","background-size":"auto","background-attachment":"scroll","background-type":"","background-media":"","overlay-type":"","overlay-color":"","overlay-opacity":"","overlay-gradient":""}},"ast-content-background-meta":{"desktop":{"background-color":"var(--ast-global-color-5)","background-image":"","background-repeat":"repeat","background-position":"center center","background-size":"auto","background-attachment":"scroll","background-type":"","background-media":"","overlay-type":"","overlay-color":"","overlay-opacity":"","overlay-gradient":""},"tablet":{"background-color":"var(--ast-global-color-5)","background-image":"","background-repeat":"repeat","background-position":"center center","background-size":"auto","background-attachment":"scroll","background-type":"","background-media":"","overlay-type":"","overlay-color":"","overlay-opacity":"","overlay-gradient":""},"mobile":{"background-color":"var(--ast-global-color-5)","background-image":"","background-repeat":"repeat","background-position":"center center","background-size":"auto","background-attachment":"scroll","background-type":"","background-media":"","overlay-type":"","overlay-color":"","overlay-opacity":"","overlay-gradient":""}},"footnotes":""},"categories":[66,405,246],"tags":[247],"class_list":["post-5417","post","type-post","status-publish","format-standard","has-post-thumbnail","hentry","category-novedades","category-novedades-en-portada","category-turismo","tag-turismo"],"yoast_head":"<!-- This site is optimized with the Yoast SEO plugin v27.4 - https:\/\/yoast.com\/product\/yoast-seo-wordpress\/ -->\n<title>\u00a1El 2021 sigue rompiendo r\u00e9cords con la llegada de turistas a Rep\u00fablica Dominicana! - Consulado General de la Rep\u00fablica Dominicana en La Haya, Reino de los Pa\u00edses Bajos<\/title>\n<meta name=\"robots\" content=\"index, follow, max-snippet:-1, max-image-preview:large, max-video-preview:-1\" \/>\n<link rel=\"canonical\" href=\"https:\/\/nld.mirex.gob.do\/consular\/amsterdam\/el-2021-sigue-rompiendo-records-con-la-llegada-de-turistas-a-republica-dominicana\/\" \/>\n<meta property=\"og:locale\" content=\"en_US\" \/>\n<meta property=\"og:type\" content=\"article\" \/>\n<meta property=\"og:title\" content=\"\u00a1El 2021 sigue rompiendo r\u00e9cords con la llegada de turistas a Rep\u00fablica Dominicana! - Consulado General de la Rep\u00fablica Dominicana en La Haya, Reino de los Pa\u00edses Bajos\" \/>\n<meta property=\"og:description\" content=\"Hoy anunciamos con orgullo que hemos recibido este a\u00f1o 3,303,744 visitantes no residentes al pa\u00eds, en septiembre 2021 llegaron al pa\u00eds 365,544 turistas, posicion\u00e1ndose como el mejor septiembre de la historia. \u201cEste es el resultado de trabajo de todos los actores de la industria tur\u00edstica dominicana\u201d, as\u00ed lo declar\u00f3 el ministro&nbsp;@DavidColladoM, qui\u00e9n adem\u00e1s destac\u00f3 la [&hellip;]\" \/>\n<meta property=\"og:url\" content=\"https:\/\/nld.mirex.gob.do\/consular\/amsterdam\/el-2021-sigue-rompiendo-records-con-la-llegada-de-turistas-a-republica-dominicana\/\" \/>\n<meta property=\"og:site_name\" content=\"Consulado General de la Rep\u00fablica Dominicana en La Haya, Reino de los Pa\u00edses Bajos\" \/>\n<meta property=\"article:published_time\" content=\"2021-10-11T18:09:24+00:00\" \/>\n<meta name=\"author\" content=\"Michael Antonio Melo Andujar\" \/>\n<meta name=\"twitter:card\" content=\"summary_large_image\" \/>\n<meta name=\"twitter:label1\" content=\"Written by\" \/>\n\t<meta name=\"twitter:data1\" content=\"Michael Antonio Melo Andujar\" \/>\n\t<meta name=\"twitter:label2\" content=\"Est. reading time\" \/>\n\t<meta name=\"twitter:data2\" content=\"1 minute\" \/>\n<script type=\"application\/ld+json\" class=\"yoast-schema-graph\">{\"@context\":\"https:\\\/\\\/schema.org\",\"@graph\":[{\"@type\":\"Article\",\"@id\":\"https:\\\/\\\/nld.mirex.gob.do\\\/consular\\\/amsterdam\\\/el-2021-sigue-rompiendo-records-con-la-llegada-de-turistas-a-republica-dominicana\\\/#article\",\"isPartOf\":{\"@id\":\"https:\\\/\\\/nld.mirex.gob.do\\\/consular\\\/amsterdam\\\/el-2021-sigue-rompiendo-records-con-la-llegada-de-turistas-a-republica-dominicana\\\/\"},\"author\":{\"name\":\"Michael Antonio Melo Andujar\",\"@id\":\"https:\\\/\\\/nld.mirex.gob.do\\\/consular\\\/amsterdam\\\/#\\\/schema\\\/person\\\/772a9951ade6a7e4ab978b618b619ff8\"},\"headline\":\"\u00a1El 2021 sigue rompiendo r\u00e9cords con la llegada de turistas a Rep\u00fablica Dominicana!\",\"datePublished\":\"2021-10-11T18:09:24+00:00\",\"mainEntityOfPage\":{\"@id\":\"https:\\\/\\\/nld.mirex.gob.do\\\/consular\\\/amsterdam\\\/el-2021-sigue-rompiendo-records-con-la-llegada-de-turistas-a-republica-dominicana\\\/\"},\"wordCount\":142,\"publisher\":{\"@id\":\"https:\\\/\\\/nld.mirex.gob.do\\\/consular\\\/amsterdam\\\/#organization\"},\"image\":{\"@id\":\"https:\\\/\\\/nld.mirex.gob.do\\\/consular\\\/amsterdam\\\/el-2021-sigue-rompiendo-records-con-la-llegada-de-turistas-a-republica-dominicana\\\/#primaryimage\"},\"thumbnailUrl\":\"\",\"keywords\":[\"Turismo\"],\"articleSection\":[\"Novedades\",\"Novedades en portada\",\"Turismo\"],\"inLanguage\":\"en-US\"},{\"@type\":\"WebPage\",\"@id\":\"https:\\\/\\\/nld.mirex.gob.do\\\/consular\\\/amsterdam\\\/el-2021-sigue-rompiendo-records-con-la-llegada-de-turistas-a-republica-dominicana\\\/\",\"url\":\"https:\\\/\\\/nld.mirex.gob.do\\\/consular\\\/amsterdam\\\/el-2021-sigue-rompiendo-records-con-la-llegada-de-turistas-a-republica-dominicana\\\/\",\"name\":\"\u00a1El 2021 sigue rompiendo r\u00e9cords con la llegada de turistas a Rep\u00fablica Dominicana! - Consulado General de la Rep\u00fablica Dominicana en La Haya, Reino de los Pa\u00edses Bajos\",\"isPartOf\":{\"@id\":\"https:\\\/\\\/nld.mirex.gob.do\\\/consular\\\/amsterdam\\\/#website\"},\"primaryImageOfPage\":{\"@id\":\"https:\\\/\\\/nld.mirex.gob.do\\\/consular\\\/amsterdam\\\/el-2021-sigue-rompiendo-records-con-la-llegada-de-turistas-a-republica-dominicana\\\/#primaryimage\"},\"image\":{\"@id\":\"https:\\\/\\\/nld.mirex.gob.do\\\/consular\\\/amsterdam\\\/el-2021-sigue-rompiendo-records-con-la-llegada-de-turistas-a-republica-dominicana\\\/#primaryimage\"},\"thumbnailUrl\":\"\",\"datePublished\":\"2021-10-11T18:09:24+00:00\",\"breadcrumb\":{\"@id\":\"https:\\\/\\\/nld.mirex.gob.do\\\/consular\\\/amsterdam\\\/el-2021-sigue-rompiendo-records-con-la-llegada-de-turistas-a-republica-dominicana\\\/#breadcrumb\"},\"inLanguage\":\"en-US\",\"potentialAction\":[{\"@type\":\"ReadAction\",\"target\":[\"https:\\\/\\\/nld.mirex.gob.do\\\/consular\\\/amsterdam\\\/el-2021-sigue-rompiendo-records-con-la-llegada-de-turistas-a-republica-dominicana\\\/\"]}]},{\"@type\":\"ImageObject\",\"inLanguage\":\"en-US\",\"@id\":\"https:\\\/\\\/nld.mirex.gob.do\\\/consular\\\/amsterdam\\\/el-2021-sigue-rompiendo-records-con-la-llegada-de-turistas-a-republica-dominicana\\\/#primaryimage\",\"url\":\"\",\"contentUrl\":\"\"},{\"@type\":\"BreadcrumbList\",\"@id\":\"https:\\\/\\\/nld.mirex.gob.do\\\/consular\\\/amsterdam\\\/el-2021-sigue-rompiendo-records-con-la-llegada-de-turistas-a-republica-dominicana\\\/#breadcrumb\",\"itemListElement\":[{\"@type\":\"ListItem\",\"position\":1,\"name\":\"Inicio\",\"item\":\"https:\\\/\\\/nld.mirex.gob.do\\\/consular\\\/amsterdam\\\/\"},{\"@type\":\"ListItem\",\"position\":2,\"name\":\"\u00a1El 2021 sigue rompiendo r\u00e9cords con la llegada de turistas a Rep\u00fablica Dominicana!\"}]},{\"@type\":\"WebSite\",\"@id\":\"https:\\\/\\\/nld.mirex.gob.do\\\/consular\\\/amsterdam\\\/#website\",\"url\":\"https:\\\/\\\/nld.mirex.gob.do\\\/consular\\\/amsterdam\\\/\",\"name\":\"Consulado General de la Rep\u00fablica Dominicana en La Haya, Reino de los Pa\u00edses Bajos\",\"description\":\"\",\"publisher\":{\"@id\":\"https:\\\/\\\/nld.mirex.gob.do\\\/consular\\\/amsterdam\\\/#organization\"},\"potentialAction\":[{\"@type\":\"SearchAction\",\"target\":{\"@type\":\"EntryPoint\",\"urlTemplate\":\"https:\\\/\\\/nld.mirex.gob.do\\\/consular\\\/amsterdam\\\/?s={search_term_string}\"},\"query-input\":{\"@type\":\"PropertyValueSpecification\",\"valueRequired\":true,\"valueName\":\"search_term_string\"}}],\"inLanguage\":\"en-US\"},{\"@type\":\"Organization\",\"@id\":\"https:\\\/\\\/nld.mirex.gob.do\\\/consular\\\/amsterdam\\\/#organization\",\"name\":\"Consulado General de la Rep\u00fablica Dominicana en La Haya, Reino de los Pa\u00edses Bajos\",\"url\":\"https:\\\/\\\/nld.mirex.gob.do\\\/consular\\\/amsterdam\\\/\",\"logo\":{\"@type\":\"ImageObject\",\"inLanguage\":\"en-US\",\"@id\":\"https:\\\/\\\/nld.mirex.gob.do\\\/consular\\\/amsterdam\\\/#\\\/schema\\\/logo\\\/image\\\/\",\"url\":\"https:\\\/\\\/nld.mirex.gob.do\\\/consular\\\/amsterdam\\\/wp-content\\\/uploads\\\/2024\\\/04\\\/cropped-consulado_la_haya_reinode_los_Paises_Bajos.jpg\",\"contentUrl\":\"https:\\\/\\\/nld.mirex.gob.do\\\/consular\\\/amsterdam\\\/wp-content\\\/uploads\\\/2024\\\/04\\\/cropped-consulado_la_haya_reinode_los_Paises_Bajos.jpg\",\"width\":999,\"height\":407,\"caption\":\"Consulado General de la Rep\u00fablica Dominicana en La Haya, Reino de los Pa\u00edses Bajos\"},\"image\":{\"@id\":\"https:\\\/\\\/nld.mirex.gob.do\\\/consular\\\/amsterdam\\\/#\\\/schema\\\/logo\\\/image\\\/\"}},{\"@type\":\"Person\",\"@id\":\"https:\\\/\\\/nld.mirex.gob.do\\\/consular\\\/amsterdam\\\/#\\\/schema\\\/person\\\/772a9951ade6a7e4ab978b618b619ff8\",\"name\":\"Michael Antonio Melo Andujar\",\"image\":{\"@type\":\"ImageObject\",\"inLanguage\":\"en-US\",\"@id\":\"https:\\\/\\\/secure.gravatar.com\\\/avatar\\\/f8862d24b6945a30d30c9727ef9dfcd533ee25a18a27afc92991446aeb0e652d?s=96&d=mm&r=g\",\"url\":\"https:\\\/\\\/secure.gravatar.com\\\/avatar\\\/f8862d24b6945a30d30c9727ef9dfcd533ee25a18a27afc92991446aeb0e652d?s=96&d=mm&r=g\",\"contentUrl\":\"https:\\\/\\\/secure.gravatar.com\\\/avatar\\\/f8862d24b6945a30d30c9727ef9dfcd533ee25a18a27afc92991446aeb0e652d?s=96&d=mm&r=g\",\"caption\":\"Michael Antonio Melo Andujar\"}}]}<\/script>\n<!-- \/ Yoast SEO plugin. -->","yoast_head_json":{"title":"\u00a1El 2021 sigue rompiendo r\u00e9cords con la llegada de turistas a Rep\u00fablica Dominicana! - Consulado General de la Rep\u00fablica Dominicana en La Haya, Reino de los Pa\u00edses Bajos","robots":{"index":"index","follow":"follow","max-snippet":"max-snippet:-1","max-image-preview":"max-image-preview:large","max-video-preview":"max-video-preview:-1"},"canonical":"https:\/\/nld.mirex.gob.do\/consular\/amsterdam\/el-2021-sigue-rompiendo-records-con-la-llegada-de-turistas-a-republica-dominicana\/","og_locale":"en_US","og_type":"article","og_title":"\u00a1El 2021 sigue rompiendo r\u00e9cords con la llegada de turistas a Rep\u00fablica Dominicana! - Consulado General de la Rep\u00fablica Dominicana en La Haya, Reino de los Pa\u00edses Bajos","og_description":"Hoy anunciamos con orgullo que hemos recibido este a\u00f1o 3,303,744 visitantes no residentes al pa\u00eds, en septiembre 2021 llegaron al pa\u00eds 365,544 turistas, posicion\u00e1ndose como el mejor septiembre de la historia. \u201cEste es el resultado de trabajo de todos los actores de la industria tur\u00edstica dominicana\u201d, as\u00ed lo declar\u00f3 el ministro&nbsp;@DavidColladoM, qui\u00e9n adem\u00e1s destac\u00f3 la [&hellip;]","og_url":"https:\/\/nld.mirex.gob.do\/consular\/amsterdam\/el-2021-sigue-rompiendo-records-con-la-llegada-de-turistas-a-republica-dominicana\/","og_site_name":"Consulado General de la Rep\u00fablica Dominicana en La Haya, Reino de los Pa\u00edses Bajos","article_published_time":"2021-10-11T18:09:24+00:00","author":"Michael Antonio Melo Andujar","twitter_card":"summary_large_image","twitter_misc":{"Written by":"Michael Antonio Melo Andujar","Est. reading time":"1 minute"},"schema":{"@context":"https:\/\/schema.org","@graph":[{"@type":"Article","@id":"https:\/\/nld.mirex.gob.do\/consular\/amsterdam\/el-2021-sigue-rompiendo-records-con-la-llegada-de-turistas-a-republica-dominicana\/#article","isPartOf":{"@id":"https:\/\/nld.mirex.gob.do\/consular\/amsterdam\/el-2021-sigue-rompiendo-records-con-la-llegada-de-turistas-a-republica-dominicana\/"},"author":{"name":"Michael Antonio Melo Andujar","@id":"https:\/\/nld.mirex.gob.do\/consular\/amsterdam\/#\/schema\/person\/772a9951ade6a7e4ab978b618b619ff8"},"headline":"\u00a1El 2021 sigue rompiendo r\u00e9cords con la llegada de turistas a Rep\u00fablica Dominicana!","datePublished":"2021-10-11T18:09:24+00:00","mainEntityOfPage":{"@id":"https:\/\/nld.mirex.gob.do\/consular\/amsterdam\/el-2021-sigue-rompiendo-records-con-la-llegada-de-turistas-a-republica-dominicana\/"},"wordCount":142,"publisher":{"@id":"https:\/\/nld.mirex.gob.do\/consular\/amsterdam\/#organization"},"image":{"@id":"https:\/\/nld.mirex.gob.do\/consular\/amsterdam\/el-2021-sigue-rompiendo-records-con-la-llegada-de-turistas-a-republica-dominicana\/#primaryimage"},"thumbnailUrl":"","keywords":["Turismo"],"articleSection":["Novedades","Novedades en portada","Turismo"],"inLanguage":"en-US"},{"@type":"WebPage","@id":"https:\/\/nld.mirex.gob.do\/consular\/amsterdam\/el-2021-sigue-rompiendo-records-con-la-llegada-de-turistas-a-republica-dominicana\/","url":"https:\/\/nld.mirex.gob.do\/consular\/amsterdam\/el-2021-sigue-rompiendo-records-con-la-llegada-de-turistas-a-republica-dominicana\/","name":"\u00a1El 2021 sigue rompiendo r\u00e9cords con la llegada de turistas a Rep\u00fablica Dominicana! - Consulado General de la Rep\u00fablica Dominicana en La Haya, Reino de los Pa\u00edses Bajos","isPartOf":{"@id":"https:\/\/nld.mirex.gob.do\/consular\/amsterdam\/#website"},"primaryImageOfPage":{"@id":"https:\/\/nld.mirex.gob.do\/consular\/amsterdam\/el-2021-sigue-rompiendo-records-con-la-llegada-de-turistas-a-republica-dominicana\/#primaryimage"},"image":{"@id":"https:\/\/nld.mirex.gob.do\/consular\/amsterdam\/el-2021-sigue-rompiendo-records-con-la-llegada-de-turistas-a-republica-dominicana\/#primaryimage"},"thumbnailUrl":"","datePublished":"2021-10-11T18:09:24+00:00","breadcrumb":{"@id":"https:\/\/nld.mirex.gob.do\/consular\/amsterdam\/el-2021-sigue-rompiendo-records-con-la-llegada-de-turistas-a-republica-dominicana\/#breadcrumb"},"inLanguage":"en-US","potentialAction":[{"@type":"ReadAction","target":["https:\/\/nld.mirex.gob.do\/consular\/amsterdam\/el-2021-sigue-rompiendo-records-con-la-llegada-de-turistas-a-republica-dominicana\/"]}]},{"@type":"ImageObject","inLanguage":"en-US","@id":"https:\/\/nld.mirex.gob.do\/consular\/amsterdam\/el-2021-sigue-rompiendo-records-con-la-llegada-de-turistas-a-republica-dominicana\/#primaryimage","url":"","contentUrl":""},{"@type":"BreadcrumbList","@id":"https:\/\/nld.mirex.gob.do\/consular\/amsterdam\/el-2021-sigue-rompiendo-records-con-la-llegada-de-turistas-a-republica-dominicana\/#breadcrumb","itemListElement":[{"@type":"ListItem","position":1,"name":"Inicio","item":"https:\/\/nld.mirex.gob.do\/consular\/amsterdam\/"},{"@type":"ListItem","position":2,"name":"\u00a1El 2021 sigue rompiendo r\u00e9cords con la llegada de turistas a Rep\u00fablica Dominicana!"}]},{"@type":"WebSite","@id":"https:\/\/nld.mirex.gob.do\/consular\/amsterdam\/#website","url":"https:\/\/nld.mirex.gob.do\/consular\/amsterdam\/","name":"Consulado General de la Rep\u00fablica Dominicana en La Haya, Reino de los Pa\u00edses Bajos","description":"","publisher":{"@id":"https:\/\/nld.mirex.gob.do\/consular\/amsterdam\/#organization"},"potentialAction":[{"@type":"SearchAction","target":{"@type":"EntryPoint","urlTemplate":"https:\/\/nld.mirex.gob.do\/consular\/amsterdam\/?s={search_term_string}"},"query-input":{"@type":"PropertyValueSpecification","valueRequired":true,"valueName":"search_term_string"}}],"inLanguage":"en-US"},{"@type":"Organization","@id":"https:\/\/nld.mirex.gob.do\/consular\/amsterdam\/#organization","name":"Consulado General de la Rep\u00fablica Dominicana en La Haya, Reino de los Pa\u00edses Bajos","url":"https:\/\/nld.mirex.gob.do\/consular\/amsterdam\/","logo":{"@type":"ImageObject","inLanguage":"en-US","@id":"https:\/\/nld.mirex.gob.do\/consular\/amsterdam\/#\/schema\/logo\/image\/","url":"https:\/\/nld.mirex.gob.do\/consular\/amsterdam\/wp-content\/uploads\/2024\/04\/cropped-consulado_la_haya_reinode_los_Paises_Bajos.jpg","contentUrl":"https:\/\/nld.mirex.gob.do\/consular\/amsterdam\/wp-content\/uploads\/2024\/04\/cropped-consulado_la_haya_reinode_los_Paises_Bajos.jpg","width":999,"height":407,"caption":"Consulado General de la Rep\u00fablica Dominicana en La Haya, Reino de los Pa\u00edses Bajos"},"image":{"@id":"https:\/\/nld.mirex.gob.do\/consular\/amsterdam\/#\/schema\/logo\/image\/"}},{"@type":"Person","@id":"https:\/\/nld.mirex.gob.do\/consular\/amsterdam\/#\/schema\/person\/772a9951ade6a7e4ab978b618b619ff8","name":"Michael Antonio Melo Andujar","image":{"@type":"ImageObject","inLanguage":"en-US","@id":"https:\/\/secure.gravatar.com\/avatar\/f8862d24b6945a30d30c9727ef9dfcd533ee25a18a27afc92991446aeb0e652d?s=96&d=mm&r=g","url":"https:\/\/secure.gravatar.com\/avatar\/f8862d24b6945a30d30c9727ef9dfcd533ee25a18a27afc92991446aeb0e652d?s=96&d=mm&r=g","contentUrl":"https:\/\/secure.gravatar.com\/avatar\/f8862d24b6945a30d30c9727ef9dfcd533ee25a18a27afc92991446aeb0e652d?s=96&d=mm&r=g","caption":"Michael Antonio Melo Andujar"}}]}},"_links":{"self":[{"href":"https:\/\/nld.mirex.gob.do\/consular\/amsterdam\/wp-json\/wp\/v2\/posts\/5417","targetHints":{"allow":["GET"]}}],"collection":[{"href":"https:\/\/nld.mirex.gob.do\/consular\/amsterdam\/wp-json\/wp\/v2\/posts"}],"about":[{"href":"https:\/\/nld.mirex.gob.do\/consular\/amsterdam\/wp-json\/wp\/v2\/types\/post"}],"author":[{"embeddable":true,"href":"https:\/\/nld.mirex.gob.do\/consular\/amsterdam\/wp-json\/wp\/v2\/users\/8"}],"replies":[{"embeddable":true,"href":"https:\/\/nld.mirex.gob.do\/consular\/amsterdam\/wp-json\/wp\/v2\/comments?post=5417"}],"version-history":[{"count":0,"href":"https:\/\/nld.mirex.gob.do\/consular\/amsterdam\/wp-json\/wp\/v2\/posts\/5417\/revisions"}],"wp:featuredmedia":[{"embeddable":true,"href":"https:\/\/nld.mirex.gob.do\/consular\/amsterdam\/wp-json\/"}],"wp:attachment":[{"href":"https:\/\/nld.mirex.gob.do\/consular\/amsterdam\/wp-json\/wp\/v2\/media?parent=5417"}],"wp:term":[{"taxonomy":"category","embeddable":true,"href":"https:\/\/nld.mirex.gob.do\/consular\/amsterdam\/wp-json\/wp\/v2\/categories?post=5417"},{"taxonomy":"post_tag","embeddable":true,"href":"https:\/\/nld.mirex.gob.do\/consular\/amsterdam\/wp-json\/wp\/v2\/tags?post=5417"}],"curies":[{"name":"wp","href":"https:\/\/api.w.org\/{rel}","templated":true}]}}