{"id":5364,"date":"2021-10-05T20:48:20","date_gmt":"2021-10-05T20:48:20","guid":{"rendered":"https:\/\/www.consuladordholanda.com\/?p=5364"},"modified":"2021-10-05T20:48:20","modified_gmt":"2021-10-05T20:48:20","slug":"rd-presente-en-expo-2020-dubai-la-feria-mas-grande-del-mundo","status":"publish","type":"post","link":"https:\/\/nld.mirex.gob.do\/consular\/amsterdam\/rd-presente-en-expo-2020-dubai-la-feria-mas-grande-del-mundo\/","title":{"rendered":"RD presente en Expo 2020 Dub\u00e1i, la feria m\u00e1s grande del mundo"},"content":{"rendered":"<div class=\"ast-oembed-container \" style=\"height: 100%;\"><iframe title=\"RD presente en Expo 2020 Dub\u00e1i, la feria m\u00e1s grande del mundo\" width=\"500\" height=\"281\" src=\"https:\/\/www.youtube.com\/embed\/RBwEXNxTm04?feature=oembed\" frameborder=\"0\" allow=\"accelerometer; autoplay; clipboard-write; encrypted-media; gyroscope; picture-in-picture; web-share\" referrerpolicy=\"strict-origin-when-cross-origin\" allowfullscreen><\/iframe><\/div>\n<p>RD presente en Expo 2020 Dub\u00e1i, la feria m\u00e1s grande del mundo<\/p>\n<ul>\n<li>La Expo representa una importante oportunidad de nuevos negocios e inversiones para el pa\u00eds.<\/li>\n<li>Se espera alrededor de 25 millones de visitas en esta nueva edici\u00f3n.<\/li>\n<\/ul>\n<p>Dub\u00e1i, Emiratos \u00c1rabes Unidos._ Rep\u00fablica Dominicana apertur\u00f3 el pabell\u00f3n dominicano en el evento multisectorial m\u00e1s importante del mundo, Expo Dub\u00e1i, que inici\u00f3 el viernes 1\u00ba de octubre, donde el pa\u00eds promover\u00e1 de manera estrat\u00e9gica la oferta exportable de productos nacionales, as\u00ed como el clima de inversi\u00f3n, atractivos tur\u00edsticos y culturales, adem\u00e1s de la hospitalidad y el talento que distingue a los dominicanos.<\/p>\n<p>Biviana Riveiro, directora ejecutiva de Pro Dominicana, represent\u00f3 al pa\u00eds durante el evento de inauguraci\u00f3n de la Expo y resalt\u00f3 la importancia de la participaci\u00f3n de Rep\u00fablica Dominicana en dicho espacio, ya que se estima que m\u00e1s de 25 millones de personas asistir\u00e1n al evento de todas las latitudes del mundo, lo que representa una gran oportunidad para nuevos negocios.<\/p>\n<p>Tras el anuncio del Presidente Luis Abinader, el pasado mes de julio, sobre la participaci\u00f3n del pa\u00eds en la Expo 2020 Dub\u00e1i, el comit\u00e9 interinstitucional de coordinaci\u00f3n, integrado por el Ministerio de Relaciones Exteriores, Ministerio de Turismo, Ministerio de Cultura, Pro Dominicana y la empresa de soluciones log\u00edsticas DP World, dise\u00f1aron un plan de trabajo que busca aprovechar esta importante plataforma internacional para impulsar la nueva Marca Pa\u00eds y sus cinco pilares: turismo, inversi\u00f3n, exportaci\u00f3n, cultura y ciudadan\u00eda.<\/p>\n<p>Riveiro expres\u00f3 que gracias a la alianza p\u00fablico-privada que se estableci\u00f3 entre el Gobierno dominicano y la empresa DP World, patrocinador oficial de la participaci\u00f3n de Rep\u00fablica Dominicana en la Expo, el pa\u00eds podr\u00e1 mostrar su potencial ante 190 pa\u00edses que se dan cita en esta importante feria, que busca estimular el crecimiento econ\u00f3mico, cultural y cient\u00edfico de las naciones participantes construyendo nuevos paradigmas para la sostenibilidad y la transformaci\u00f3n tecnol\u00f3gica.<\/p>\n<p>M\u00e1s informaci\u00f3n en&nbsp;<a href=\"http:\/\/www.mirex.gob.do\/\">www.mirex.gob.do<\/a><\/p>\n","protected":false},"excerpt":{"rendered":"<p>RD presente en Expo 2020 Dub\u00e1i, la feria m\u00e1s grande del mundo La Expo representa una importante oportunidad de nuevos negocios e inversiones para el pa\u00eds. Se espera alrededor de 25 millones de visitas en esta nueva edici\u00f3n. Dub\u00e1i, Emiratos \u00c1rabes Unidos._ Rep\u00fablica Dominicana apertur\u00f3 el pabell\u00f3n dominicano en el evento multisectorial m\u00e1s importante del [&hellip;]<\/p>\n","protected":false},"author":8,"featured_media":5365,"comment_status":"closed","ping_status":"open","sticky":false,"template":"","format":"standard","meta":{"site-sidebar-layout":"default","site-content-layout":"","ast-site-content-layout":"default","site-content-style":"default","site-sidebar-style":"default","ast-global-header-display":"","ast-banner-title-visibility":"","ast-main-header-display":"","ast-hfb-above-header-display":"","ast-hfb-below-header-display":"","ast-hfb-mobile-header-display":"","site-post-title":"","ast-breadcrumbs-content":"","ast-featured-img":"","footer-sml-layout":"","ast-disable-related-posts":"","theme-transparent-header-meta":"","adv-header-id-meta":"","stick-header-meta":"","header-above-stick-meta":"","header-main-stick-meta":"","header-below-stick-meta":"","astra-migrate-meta-layouts":"default","ast-page-background-enabled":"default","ast-page-background-meta":{"desktop":{"background-color":"","background-image":"","background-repeat":"repeat","background-position":"center center","background-size":"auto","background-attachment":"scroll","background-type":"","background-media":"","overlay-type":"","overlay-color":"","overlay-opacity":"","overlay-gradient":""},"tablet":{"background-color":"","background-image":"","background-repeat":"repeat","background-position":"center center","background-size":"auto","background-attachment":"scroll","background-type":"","background-media":"","overlay-type":"","overlay-color":"","overlay-opacity":"","overlay-gradient":""},"mobile":{"background-color":"","background-image":"","background-repeat":"repeat","background-position":"center center","background-size":"auto","background-attachment":"scroll","background-type":"","background-media":"","overlay-type":"","overlay-color":"","overlay-opacity":"","overlay-gradient":""}},"ast-content-background-meta":{"desktop":{"background-color":"var(--ast-global-color-5)","background-image":"","background-repeat":"repeat","background-position":"center center","background-size":"auto","background-attachment":"scroll","background-type":"","background-media":"","overlay-type":"","overlay-color":"","overlay-opacity":"","overlay-gradient":""},"tablet":{"background-color":"var(--ast-global-color-5)","background-image":"","background-repeat":"repeat","background-position":"center center","background-size":"auto","background-attachment":"scroll","background-type":"","background-media":"","overlay-type":"","overlay-color":"","overlay-opacity":"","overlay-gradient":""},"mobile":{"background-color":"var(--ast-global-color-5)","background-image":"","background-repeat":"repeat","background-position":"center center","background-size":"auto","background-attachment":"scroll","background-type":"","background-media":"","overlay-type":"","overlay-color":"","overlay-opacity":"","overlay-gradient":""}},"footnotes":""},"categories":[51,96],"tags":[470,302,52,59,504],"class_list":["post-5364","post","type-post","status-publish","format-standard","has-post-thumbnail","hentry","category-invertir","category-negocios","tag-expo-2020-dubai","tag-inversion","tag-negocios","tag-oportunidades-de-negocios","tag-pro-dominicana"],"yoast_head":"<!-- This site is optimized with the Yoast SEO plugin v27.4 - https:\/\/yoast.com\/product\/yoast-seo-wordpress\/ -->\n<title>RD presente en Expo 2020 Dub\u00e1i, la feria m\u00e1s grande del mundo - Consulado General de la Rep\u00fablica Dominicana en La Haya, Reino de los Pa\u00edses Bajos<\/title>\n<meta name=\"robots\" content=\"index, follow, max-snippet:-1, max-image-preview:large, max-video-preview:-1\" \/>\n<link rel=\"canonical\" href=\"https:\/\/nld.mirex.gob.do\/consular\/amsterdam\/rd-presente-en-expo-2020-dubai-la-feria-mas-grande-del-mundo\/\" \/>\n<meta property=\"og:locale\" content=\"en_US\" \/>\n<meta property=\"og:type\" content=\"article\" \/>\n<meta property=\"og:title\" content=\"RD presente en Expo 2020 Dub\u00e1i, la feria m\u00e1s grande del mundo - Consulado General de la Rep\u00fablica Dominicana en La Haya, Reino de los Pa\u00edses Bajos\" \/>\n<meta property=\"og:description\" content=\"RD presente en Expo 2020 Dub\u00e1i, la feria m\u00e1s grande del mundo La Expo representa una importante oportunidad de nuevos negocios e inversiones para el pa\u00eds. Se espera alrededor de 25 millones de visitas en esta nueva edici\u00f3n. Dub\u00e1i, Emiratos \u00c1rabes Unidos._ Rep\u00fablica Dominicana apertur\u00f3 el pabell\u00f3n dominicano en el evento multisectorial m\u00e1s importante del [&hellip;]\" \/>\n<meta property=\"og:url\" content=\"https:\/\/nld.mirex.gob.do\/consular\/amsterdam\/rd-presente-en-expo-2020-dubai-la-feria-mas-grande-del-mundo\/\" \/>\n<meta property=\"og:site_name\" content=\"Consulado General de la Rep\u00fablica Dominicana en La Haya, Reino de los Pa\u00edses Bajos\" \/>\n<meta property=\"article:published_time\" content=\"2021-10-05T20:48:20+00:00\" \/>\n<meta name=\"author\" content=\"Michael Antonio Melo Andujar\" \/>\n<meta name=\"twitter:card\" content=\"summary_large_image\" \/>\n<meta name=\"twitter:label1\" content=\"Written by\" \/>\n\t<meta name=\"twitter:data1\" content=\"Michael Antonio Melo Andujar\" \/>\n\t<meta name=\"twitter:label2\" content=\"Est. reading time\" \/>\n\t<meta name=\"twitter:data2\" content=\"2 minutes\" \/>\n<script type=\"application\/ld+json\" class=\"yoast-schema-graph\">{\"@context\":\"https:\\\/\\\/schema.org\",\"@graph\":[{\"@type\":\"Article\",\"@id\":\"https:\\\/\\\/nld.mirex.gob.do\\\/consular\\\/amsterdam\\\/rd-presente-en-expo-2020-dubai-la-feria-mas-grande-del-mundo\\\/#article\",\"isPartOf\":{\"@id\":\"https:\\\/\\\/nld.mirex.gob.do\\\/consular\\\/amsterdam\\\/rd-presente-en-expo-2020-dubai-la-feria-mas-grande-del-mundo\\\/\"},\"author\":{\"name\":\"Michael Antonio Melo Andujar\",\"@id\":\"https:\\\/\\\/nld.mirex.gob.do\\\/consular\\\/amsterdam\\\/#\\\/schema\\\/person\\\/772a9951ade6a7e4ab978b618b619ff8\"},\"headline\":\"RD presente en Expo 2020 Dub\u00e1i, la feria m\u00e1s grande del mundo\",\"datePublished\":\"2021-10-05T20:48:20+00:00\",\"mainEntityOfPage\":{\"@id\":\"https:\\\/\\\/nld.mirex.gob.do\\\/consular\\\/amsterdam\\\/rd-presente-en-expo-2020-dubai-la-feria-mas-grande-del-mundo\\\/\"},\"wordCount\":369,\"publisher\":{\"@id\":\"https:\\\/\\\/nld.mirex.gob.do\\\/consular\\\/amsterdam\\\/#organization\"},\"image\":{\"@id\":\"https:\\\/\\\/nld.mirex.gob.do\\\/consular\\\/amsterdam\\\/rd-presente-en-expo-2020-dubai-la-feria-mas-grande-del-mundo\\\/#primaryimage\"},\"thumbnailUrl\":\"\",\"keywords\":[\"Expo 2020 Dub\u00e1i\",\"Inversi\u00f3n\",\"Negocios\",\"Oportunidades de negocios\",\"Pro Dominicana\"],\"articleSection\":[\"Invertir en la Rep\u00fablica Dominicana\",\"Negocios\"],\"inLanguage\":\"en-US\"},{\"@type\":\"WebPage\",\"@id\":\"https:\\\/\\\/nld.mirex.gob.do\\\/consular\\\/amsterdam\\\/rd-presente-en-expo-2020-dubai-la-feria-mas-grande-del-mundo\\\/\",\"url\":\"https:\\\/\\\/nld.mirex.gob.do\\\/consular\\\/amsterdam\\\/rd-presente-en-expo-2020-dubai-la-feria-mas-grande-del-mundo\\\/\",\"name\":\"RD presente en Expo 2020 Dub\u00e1i, la feria m\u00e1s grande del mundo - Consulado General de la Rep\u00fablica Dominicana en La Haya, Reino de los Pa\u00edses Bajos\",\"isPartOf\":{\"@id\":\"https:\\\/\\\/nld.mirex.gob.do\\\/consular\\\/amsterdam\\\/#website\"},\"primaryImageOfPage\":{\"@id\":\"https:\\\/\\\/nld.mirex.gob.do\\\/consular\\\/amsterdam\\\/rd-presente-en-expo-2020-dubai-la-feria-mas-grande-del-mundo\\\/#primaryimage\"},\"image\":{\"@id\":\"https:\\\/\\\/nld.mirex.gob.do\\\/consular\\\/amsterdam\\\/rd-presente-en-expo-2020-dubai-la-feria-mas-grande-del-mundo\\\/#primaryimage\"},\"thumbnailUrl\":\"\",\"datePublished\":\"2021-10-05T20:48:20+00:00\",\"breadcrumb\":{\"@id\":\"https:\\\/\\\/nld.mirex.gob.do\\\/consular\\\/amsterdam\\\/rd-presente-en-expo-2020-dubai-la-feria-mas-grande-del-mundo\\\/#breadcrumb\"},\"inLanguage\":\"en-US\",\"potentialAction\":[{\"@type\":\"ReadAction\",\"target\":[\"https:\\\/\\\/nld.mirex.gob.do\\\/consular\\\/amsterdam\\\/rd-presente-en-expo-2020-dubai-la-feria-mas-grande-del-mundo\\\/\"]}]},{\"@type\":\"ImageObject\",\"inLanguage\":\"en-US\",\"@id\":\"https:\\\/\\\/nld.mirex.gob.do\\\/consular\\\/amsterdam\\\/rd-presente-en-expo-2020-dubai-la-feria-mas-grande-del-mundo\\\/#primaryimage\",\"url\":\"\",\"contentUrl\":\"\"},{\"@type\":\"BreadcrumbList\",\"@id\":\"https:\\\/\\\/nld.mirex.gob.do\\\/consular\\\/amsterdam\\\/rd-presente-en-expo-2020-dubai-la-feria-mas-grande-del-mundo\\\/#breadcrumb\",\"itemListElement\":[{\"@type\":\"ListItem\",\"position\":1,\"name\":\"Inicio\",\"item\":\"https:\\\/\\\/nld.mirex.gob.do\\\/consular\\\/amsterdam\\\/\"},{\"@type\":\"ListItem\",\"position\":2,\"name\":\"RD presente en Expo 2020 Dub\u00e1i, la feria m\u00e1s grande del mundo\"}]},{\"@type\":\"WebSite\",\"@id\":\"https:\\\/\\\/nld.mirex.gob.do\\\/consular\\\/amsterdam\\\/#website\",\"url\":\"https:\\\/\\\/nld.mirex.gob.do\\\/consular\\\/amsterdam\\\/\",\"name\":\"Consulado General de la Rep\u00fablica Dominicana en La Haya, Reino de los Pa\u00edses Bajos\",\"description\":\"\",\"publisher\":{\"@id\":\"https:\\\/\\\/nld.mirex.gob.do\\\/consular\\\/amsterdam\\\/#organization\"},\"potentialAction\":[{\"@type\":\"SearchAction\",\"target\":{\"@type\":\"EntryPoint\",\"urlTemplate\":\"https:\\\/\\\/nld.mirex.gob.do\\\/consular\\\/amsterdam\\\/?s={search_term_string}\"},\"query-input\":{\"@type\":\"PropertyValueSpecification\",\"valueRequired\":true,\"valueName\":\"search_term_string\"}}],\"inLanguage\":\"en-US\"},{\"@type\":\"Organization\",\"@id\":\"https:\\\/\\\/nld.mirex.gob.do\\\/consular\\\/amsterdam\\\/#organization\",\"name\":\"Consulado General de la Rep\u00fablica Dominicana en La Haya, Reino de los Pa\u00edses Bajos\",\"url\":\"https:\\\/\\\/nld.mirex.gob.do\\\/consular\\\/amsterdam\\\/\",\"logo\":{\"@type\":\"ImageObject\",\"inLanguage\":\"en-US\",\"@id\":\"https:\\\/\\\/nld.mirex.gob.do\\\/consular\\\/amsterdam\\\/#\\\/schema\\\/logo\\\/image\\\/\",\"url\":\"https:\\\/\\\/nld.mirex.gob.do\\\/consular\\\/amsterdam\\\/wp-content\\\/uploads\\\/2024\\\/04\\\/cropped-consulado_la_haya_reinode_los_Paises_Bajos.jpg\",\"contentUrl\":\"https:\\\/\\\/nld.mirex.gob.do\\\/consular\\\/amsterdam\\\/wp-content\\\/uploads\\\/2024\\\/04\\\/cropped-consulado_la_haya_reinode_los_Paises_Bajos.jpg\",\"width\":999,\"height\":407,\"caption\":\"Consulado General de la Rep\u00fablica Dominicana en La Haya, Reino de los Pa\u00edses Bajos\"},\"image\":{\"@id\":\"https:\\\/\\\/nld.mirex.gob.do\\\/consular\\\/amsterdam\\\/#\\\/schema\\\/logo\\\/image\\\/\"}},{\"@type\":\"Person\",\"@id\":\"https:\\\/\\\/nld.mirex.gob.do\\\/consular\\\/amsterdam\\\/#\\\/schema\\\/person\\\/772a9951ade6a7e4ab978b618b619ff8\",\"name\":\"Michael Antonio Melo Andujar\",\"image\":{\"@type\":\"ImageObject\",\"inLanguage\":\"en-US\",\"@id\":\"https:\\\/\\\/secure.gravatar.com\\\/avatar\\\/f8862d24b6945a30d30c9727ef9dfcd533ee25a18a27afc92991446aeb0e652d?s=96&d=mm&r=g\",\"url\":\"https:\\\/\\\/secure.gravatar.com\\\/avatar\\\/f8862d24b6945a30d30c9727ef9dfcd533ee25a18a27afc92991446aeb0e652d?s=96&d=mm&r=g\",\"contentUrl\":\"https:\\\/\\\/secure.gravatar.com\\\/avatar\\\/f8862d24b6945a30d30c9727ef9dfcd533ee25a18a27afc92991446aeb0e652d?s=96&d=mm&r=g\",\"caption\":\"Michael Antonio Melo Andujar\"}}]}<\/script>\n<!-- \/ Yoast SEO plugin. -->","yoast_head_json":{"title":"RD presente en Expo 2020 Dub\u00e1i, la feria m\u00e1s grande del mundo - Consulado General de la Rep\u00fablica Dominicana en La Haya, Reino de los Pa\u00edses Bajos","robots":{"index":"index","follow":"follow","max-snippet":"max-snippet:-1","max-image-preview":"max-image-preview:large","max-video-preview":"max-video-preview:-1"},"canonical":"https:\/\/nld.mirex.gob.do\/consular\/amsterdam\/rd-presente-en-expo-2020-dubai-la-feria-mas-grande-del-mundo\/","og_locale":"en_US","og_type":"article","og_title":"RD presente en Expo 2020 Dub\u00e1i, la feria m\u00e1s grande del mundo - Consulado General de la Rep\u00fablica Dominicana en La Haya, Reino de los Pa\u00edses Bajos","og_description":"RD presente en Expo 2020 Dub\u00e1i, la feria m\u00e1s grande del mundo La Expo representa una importante oportunidad de nuevos negocios e inversiones para el pa\u00eds. Se espera alrededor de 25 millones de visitas en esta nueva edici\u00f3n. Dub\u00e1i, Emiratos \u00c1rabes Unidos._ Rep\u00fablica Dominicana apertur\u00f3 el pabell\u00f3n dominicano en el evento multisectorial m\u00e1s importante del [&hellip;]","og_url":"https:\/\/nld.mirex.gob.do\/consular\/amsterdam\/rd-presente-en-expo-2020-dubai-la-feria-mas-grande-del-mundo\/","og_site_name":"Consulado General de la Rep\u00fablica Dominicana en La Haya, Reino de los Pa\u00edses Bajos","article_published_time":"2021-10-05T20:48:20+00:00","author":"Michael Antonio Melo Andujar","twitter_card":"summary_large_image","twitter_misc":{"Written by":"Michael Antonio Melo Andujar","Est. reading time":"2 minutes"},"schema":{"@context":"https:\/\/schema.org","@graph":[{"@type":"Article","@id":"https:\/\/nld.mirex.gob.do\/consular\/amsterdam\/rd-presente-en-expo-2020-dubai-la-feria-mas-grande-del-mundo\/#article","isPartOf":{"@id":"https:\/\/nld.mirex.gob.do\/consular\/amsterdam\/rd-presente-en-expo-2020-dubai-la-feria-mas-grande-del-mundo\/"},"author":{"name":"Michael Antonio Melo Andujar","@id":"https:\/\/nld.mirex.gob.do\/consular\/amsterdam\/#\/schema\/person\/772a9951ade6a7e4ab978b618b619ff8"},"headline":"RD presente en Expo 2020 Dub\u00e1i, la feria m\u00e1s grande del mundo","datePublished":"2021-10-05T20:48:20+00:00","mainEntityOfPage":{"@id":"https:\/\/nld.mirex.gob.do\/consular\/amsterdam\/rd-presente-en-expo-2020-dubai-la-feria-mas-grande-del-mundo\/"},"wordCount":369,"publisher":{"@id":"https:\/\/nld.mirex.gob.do\/consular\/amsterdam\/#organization"},"image":{"@id":"https:\/\/nld.mirex.gob.do\/consular\/amsterdam\/rd-presente-en-expo-2020-dubai-la-feria-mas-grande-del-mundo\/#primaryimage"},"thumbnailUrl":"","keywords":["Expo 2020 Dub\u00e1i","Inversi\u00f3n","Negocios","Oportunidades de negocios","Pro Dominicana"],"articleSection":["Invertir en la Rep\u00fablica Dominicana","Negocios"],"inLanguage":"en-US"},{"@type":"WebPage","@id":"https:\/\/nld.mirex.gob.do\/consular\/amsterdam\/rd-presente-en-expo-2020-dubai-la-feria-mas-grande-del-mundo\/","url":"https:\/\/nld.mirex.gob.do\/consular\/amsterdam\/rd-presente-en-expo-2020-dubai-la-feria-mas-grande-del-mundo\/","name":"RD presente en Expo 2020 Dub\u00e1i, la feria m\u00e1s grande del mundo - Consulado General de la Rep\u00fablica Dominicana en La Haya, Reino de los Pa\u00edses Bajos","isPartOf":{"@id":"https:\/\/nld.mirex.gob.do\/consular\/amsterdam\/#website"},"primaryImageOfPage":{"@id":"https:\/\/nld.mirex.gob.do\/consular\/amsterdam\/rd-presente-en-expo-2020-dubai-la-feria-mas-grande-del-mundo\/#primaryimage"},"image":{"@id":"https:\/\/nld.mirex.gob.do\/consular\/amsterdam\/rd-presente-en-expo-2020-dubai-la-feria-mas-grande-del-mundo\/#primaryimage"},"thumbnailUrl":"","datePublished":"2021-10-05T20:48:20+00:00","breadcrumb":{"@id":"https:\/\/nld.mirex.gob.do\/consular\/amsterdam\/rd-presente-en-expo-2020-dubai-la-feria-mas-grande-del-mundo\/#breadcrumb"},"inLanguage":"en-US","potentialAction":[{"@type":"ReadAction","target":["https:\/\/nld.mirex.gob.do\/consular\/amsterdam\/rd-presente-en-expo-2020-dubai-la-feria-mas-grande-del-mundo\/"]}]},{"@type":"ImageObject","inLanguage":"en-US","@id":"https:\/\/nld.mirex.gob.do\/consular\/amsterdam\/rd-presente-en-expo-2020-dubai-la-feria-mas-grande-del-mundo\/#primaryimage","url":"","contentUrl":""},{"@type":"BreadcrumbList","@id":"https:\/\/nld.mirex.gob.do\/consular\/amsterdam\/rd-presente-en-expo-2020-dubai-la-feria-mas-grande-del-mundo\/#breadcrumb","itemListElement":[{"@type":"ListItem","position":1,"name":"Inicio","item":"https:\/\/nld.mirex.gob.do\/consular\/amsterdam\/"},{"@type":"ListItem","position":2,"name":"RD presente en Expo 2020 Dub\u00e1i, la feria m\u00e1s grande del mundo"}]},{"@type":"WebSite","@id":"https:\/\/nld.mirex.gob.do\/consular\/amsterdam\/#website","url":"https:\/\/nld.mirex.gob.do\/consular\/amsterdam\/","name":"Consulado General de la Rep\u00fablica Dominicana en La Haya, Reino de los Pa\u00edses Bajos","description":"","publisher":{"@id":"https:\/\/nld.mirex.gob.do\/consular\/amsterdam\/#organization"},"potentialAction":[{"@type":"SearchAction","target":{"@type":"EntryPoint","urlTemplate":"https:\/\/nld.mirex.gob.do\/consular\/amsterdam\/?s={search_term_string}"},"query-input":{"@type":"PropertyValueSpecification","valueRequired":true,"valueName":"search_term_string"}}],"inLanguage":"en-US"},{"@type":"Organization","@id":"https:\/\/nld.mirex.gob.do\/consular\/amsterdam\/#organization","name":"Consulado General de la Rep\u00fablica Dominicana en La Haya, Reino de los Pa\u00edses Bajos","url":"https:\/\/nld.mirex.gob.do\/consular\/amsterdam\/","logo":{"@type":"ImageObject","inLanguage":"en-US","@id":"https:\/\/nld.mirex.gob.do\/consular\/amsterdam\/#\/schema\/logo\/image\/","url":"https:\/\/nld.mirex.gob.do\/consular\/amsterdam\/wp-content\/uploads\/2024\/04\/cropped-consulado_la_haya_reinode_los_Paises_Bajos.jpg","contentUrl":"https:\/\/nld.mirex.gob.do\/consular\/amsterdam\/wp-content\/uploads\/2024\/04\/cropped-consulado_la_haya_reinode_los_Paises_Bajos.jpg","width":999,"height":407,"caption":"Consulado General de la Rep\u00fablica Dominicana en La Haya, Reino de los Pa\u00edses Bajos"},"image":{"@id":"https:\/\/nld.mirex.gob.do\/consular\/amsterdam\/#\/schema\/logo\/image\/"}},{"@type":"Person","@id":"https:\/\/nld.mirex.gob.do\/consular\/amsterdam\/#\/schema\/person\/772a9951ade6a7e4ab978b618b619ff8","name":"Michael Antonio Melo Andujar","image":{"@type":"ImageObject","inLanguage":"en-US","@id":"https:\/\/secure.gravatar.com\/avatar\/f8862d24b6945a30d30c9727ef9dfcd533ee25a18a27afc92991446aeb0e652d?s=96&d=mm&r=g","url":"https:\/\/secure.gravatar.com\/avatar\/f8862d24b6945a30d30c9727ef9dfcd533ee25a18a27afc92991446aeb0e652d?s=96&d=mm&r=g","contentUrl":"https:\/\/secure.gravatar.com\/avatar\/f8862d24b6945a30d30c9727ef9dfcd533ee25a18a27afc92991446aeb0e652d?s=96&d=mm&r=g","caption":"Michael Antonio Melo Andujar"}}]}},"_links":{"self":[{"href":"https:\/\/nld.mirex.gob.do\/consular\/amsterdam\/wp-json\/wp\/v2\/posts\/5364","targetHints":{"allow":["GET"]}}],"collection":[{"href":"https:\/\/nld.mirex.gob.do\/consular\/amsterdam\/wp-json\/wp\/v2\/posts"}],"about":[{"href":"https:\/\/nld.mirex.gob.do\/consular\/amsterdam\/wp-json\/wp\/v2\/types\/post"}],"author":[{"embeddable":true,"href":"https:\/\/nld.mirex.gob.do\/consular\/amsterdam\/wp-json\/wp\/v2\/users\/8"}],"replies":[{"embeddable":true,"href":"https:\/\/nld.mirex.gob.do\/consular\/amsterdam\/wp-json\/wp\/v2\/comments?post=5364"}],"version-history":[{"count":0,"href":"https:\/\/nld.mirex.gob.do\/consular\/amsterdam\/wp-json\/wp\/v2\/posts\/5364\/revisions"}],"wp:featuredmedia":[{"embeddable":true,"href":"https:\/\/nld.mirex.gob.do\/consular\/amsterdam\/wp-json\/"}],"wp:attachment":[{"href":"https:\/\/nld.mirex.gob.do\/consular\/amsterdam\/wp-json\/wp\/v2\/media?parent=5364"}],"wp:term":[{"taxonomy":"category","embeddable":true,"href":"https:\/\/nld.mirex.gob.do\/consular\/amsterdam\/wp-json\/wp\/v2\/categories?post=5364"},{"taxonomy":"post_tag","embeddable":true,"href":"https:\/\/nld.mirex.gob.do\/consular\/amsterdam\/wp-json\/wp\/v2\/tags?post=5364"}],"curies":[{"name":"wp","href":"https:\/\/api.w.org\/{rel}","templated":true}]}}