{"id":5026,"date":"2021-07-30T20:00:38","date_gmt":"2021-07-30T20:00:38","guid":{"rendered":"https:\/\/www.consuladordholanda.com\/?p=5026"},"modified":"2021-07-30T20:00:38","modified_gmt":"2021-07-30T20:00:38","slug":"fmi-califica-positivamente-las-medidas-de-recuperacion-en-rd","status":"publish","type":"post","link":"https:\/\/nld.mirex.gob.do\/consular\/amsterdam\/fmi-califica-positivamente-las-medidas-de-recuperacion-en-rd\/","title":{"rendered":"FMI califica positivamente las medidas de recuperaci\u00f3n en RD"},"content":{"rendered":"<figure id=\"attachment_5027\" aria-describedby=\"caption-attachment-5027\" style=\"width: 1080px\" class=\"wp-caption alignnone\"><img fetchpriority=\"high\" decoding=\"async\" class=\"size-full wp-image-5027\" src=\"https:\/\/www.consuladordholanda.com\/wp-content\/uploads\/2021\/07\/fmi-califica-medidas-de-recuperacion-en-RD.jpg\" alt=\"\" width=\"1080\" height=\"1350\"><figcaption id=\"caption-attachment-5027\" class=\"wp-caption-text\">RD regi\u00f3n se destaca como una de las econom\u00edas m\u00e1s din\u00e1micas y de m\u00e1s r\u00e1pido crecimiento en Am\u00e9rica Latina y el Caribe<\/figcaption><\/figure>\n<p>&nbsp;<\/p>\n<p><a href=\"https:\/\/www.instagram.com\/explore\/tags\/rep%C3%BAblicadominicana\/\">#Rep\u00fablicaDominicana<\/a>&nbsp;&#x1f1e9;&#x1f1f4; contin\u00faa destac\u00e1ndose en la regi\u00f3n como una de las econom\u00edas m\u00e1s din\u00e1micas y de m\u00e1s r\u00e1pido crecimiento en Am\u00e9rica Latina y el Caribe gracias a la formulaci\u00f3n de pol\u00edticas inteligentes y el acceso continuo a los mercados, los cuales permitieron al pa\u00eds colocarse en el camino de la recuperaci\u00f3n tras los efectos de la pandemia.<\/p>\n<p>El Fondo Monetario Internacional (FMI) a trav\u00e9s de su Informe de Diagn\u00f3stico \u201cEnfoque por pa\u00eds\u201d, reconoce, entre otros, los siguientes factores:<\/p>\n<p>-Fuerte inversi\u00f3n extranjera.<br \/>\n-Incrementaci\u00f3n r\u00e9cord en las remesas.<br \/>\n-Recuperaci\u00f3n del turismo.<br \/>\n-Acceso a vacunas contra el COVID-19 (51% de la poblaci\u00f3n objetivo ha recibido dos dosis).<\/p>\n<p>Desde&nbsp;<a href=\"https:\/\/www.instagram.com\/explore\/tags\/mirexrd\/\">#MIREXRD<\/a>&nbsp;reafirmamos nuestro compromiso de seguir implementando las medidas e iniciativas del Gobierno dominicano para la recuperaci\u00f3n total de la econom\u00eda, en favor de las dominicanas y los dominicanos.<\/p>\n<p><a href=\"https:\/\/www.instagram.com\/explore\/tags\/diplomaciacomercialrd\/\">#DiplomaciaComercialRD<\/a>&nbsp;<a href=\"https:\/\/www.instagram.com\/explore\/tags\/fmi\/\">#FMI<\/a>&nbsp;<a href=\"https:\/\/www.instagram.com\/explore\/tags\/consuladordvalencia\/\">#consuladordvalencia<\/a>&nbsp;<a href=\"https:\/\/www.instagram.com\/explore\/tags\/valencia\/\">#valencia<\/a><\/p>\n","protected":false},"excerpt":{"rendered":"<p>&nbsp; #Rep\u00fablicaDominicana&nbsp;&#x1f1e9;&#x1f1f4; contin\u00faa destac\u00e1ndose en la regi\u00f3n como una de las econom\u00edas m\u00e1s din\u00e1micas y de m\u00e1s r\u00e1pido crecimiento en Am\u00e9rica Latina y el Caribe gracias a la formulaci\u00f3n de pol\u00edticas inteligentes y el acceso continuo a los mercados, los cuales permitieron al pa\u00eds colocarse en el camino de la recuperaci\u00f3n tras los efectos de [&hellip;]<\/p>\n","protected":false},"author":8,"featured_media":5028,"comment_status":"closed","ping_status":"open","sticky":false,"template":"","format":"standard","meta":{"site-sidebar-layout":"default","site-content-layout":"","ast-site-content-layout":"default","site-content-style":"default","site-sidebar-style":"default","ast-global-header-display":"","ast-banner-title-visibility":"","ast-main-header-display":"","ast-hfb-above-header-display":"","ast-hfb-below-header-display":"","ast-hfb-mobile-header-display":"","site-post-title":"","ast-breadcrumbs-content":"","ast-featured-img":"","footer-sml-layout":"","ast-disable-related-posts":"","theme-transparent-header-meta":"","adv-header-id-meta":"","stick-header-meta":"","header-above-stick-meta":"","header-main-stick-meta":"","header-below-stick-meta":"","astra-migrate-meta-layouts":"default","ast-page-background-enabled":"default","ast-page-background-meta":{"desktop":{"background-color":"","background-image":"","background-repeat":"repeat","background-position":"center center","background-size":"auto","background-attachment":"scroll","background-type":"","background-media":"","overlay-type":"","overlay-color":"","overlay-opacity":"","overlay-gradient":""},"tablet":{"background-color":"","background-image":"","background-repeat":"repeat","background-position":"center center","background-size":"auto","background-attachment":"scroll","background-type":"","background-media":"","overlay-type":"","overlay-color":"","overlay-opacity":"","overlay-gradient":""},"mobile":{"background-color":"","background-image":"","background-repeat":"repeat","background-position":"center center","background-size":"auto","background-attachment":"scroll","background-type":"","background-media":"","overlay-type":"","overlay-color":"","overlay-opacity":"","overlay-gradient":""}},"ast-content-background-meta":{"desktop":{"background-color":"var(--ast-global-color-5)","background-image":"","background-repeat":"repeat","background-position":"center center","background-size":"auto","background-attachment":"scroll","background-type":"","background-media":"","overlay-type":"","overlay-color":"","overlay-opacity":"","overlay-gradient":""},"tablet":{"background-color":"var(--ast-global-color-5)","background-image":"","background-repeat":"repeat","background-position":"center center","background-size":"auto","background-attachment":"scroll","background-type":"","background-media":"","overlay-type":"","overlay-color":"","overlay-opacity":"","overlay-gradient":""},"mobile":{"background-color":"var(--ast-global-color-5)","background-image":"","background-repeat":"repeat","background-position":"center center","background-size":"auto","background-attachment":"scroll","background-type":"","background-media":"","overlay-type":"","overlay-color":"","overlay-opacity":"","overlay-gradient":""}},"footnotes":""},"categories":[51,332,96],"tags":[302,58,52,59],"class_list":["post-5026","post","type-post","status-publish","format-standard","has-post-thumbnail","hentry","category-invertir","category-invertir-portada","category-negocios","tag-inversion","tag-invertir-en-la-republica-dominicana","tag-negocios","tag-oportunidades-de-negocios"],"yoast_head":"<!-- This site is optimized with the Yoast SEO plugin v27.4 - https:\/\/yoast.com\/product\/yoast-seo-wordpress\/ -->\n<title>FMI califica positivamente las medidas de recuperaci\u00f3n en RD - Consulado General de la Rep\u00fablica Dominicana en La Haya, Reino de los Pa\u00edses Bajos<\/title>\n<meta name=\"description\" content=\"FMI califica positivamente las medidas de recuperaci\u00f3n en la Rep\u00fablica Dominicana\" \/>\n<meta name=\"robots\" content=\"index, follow, max-snippet:-1, max-image-preview:large, max-video-preview:-1\" \/>\n<link rel=\"canonical\" href=\"https:\/\/nld.mirex.gob.do\/consular\/amsterdam\/fmi-califica-positivamente-las-medidas-de-recuperacion-en-rd\/\" \/>\n<meta property=\"og:locale\" content=\"en_US\" \/>\n<meta property=\"og:type\" content=\"article\" \/>\n<meta property=\"og:title\" content=\"FMI califica positivamente las medidas de recuperaci\u00f3n en RD - Consulado General de la Rep\u00fablica Dominicana en La Haya, Reino de los Pa\u00edses Bajos\" \/>\n<meta property=\"og:description\" content=\"FMI califica positivamente las medidas de recuperaci\u00f3n en la Rep\u00fablica Dominicana\" \/>\n<meta property=\"og:url\" content=\"https:\/\/nld.mirex.gob.do\/consular\/amsterdam\/fmi-califica-positivamente-las-medidas-de-recuperacion-en-rd\/\" \/>\n<meta property=\"og:site_name\" content=\"Consulado General de la Rep\u00fablica Dominicana en La Haya, Reino de los Pa\u00edses Bajos\" \/>\n<meta property=\"article:published_time\" content=\"2021-07-30T20:00:38+00:00\" \/>\n<meta name=\"author\" content=\"Michael Antonio Melo Andujar\" \/>\n<meta name=\"twitter:card\" content=\"summary_large_image\" \/>\n<meta name=\"twitter:label1\" content=\"Written by\" \/>\n\t<meta name=\"twitter:data1\" content=\"Michael Antonio Melo Andujar\" \/>\n\t<meta name=\"twitter:label2\" content=\"Est. reading time\" \/>\n\t<meta name=\"twitter:data2\" content=\"1 minute\" \/>\n<script type=\"application\/ld+json\" class=\"yoast-schema-graph\">{\"@context\":\"https:\\\/\\\/schema.org\",\"@graph\":[{\"@type\":\"Article\",\"@id\":\"https:\\\/\\\/nld.mirex.gob.do\\\/consular\\\/amsterdam\\\/fmi-califica-positivamente-las-medidas-de-recuperacion-en-rd\\\/#article\",\"isPartOf\":{\"@id\":\"https:\\\/\\\/nld.mirex.gob.do\\\/consular\\\/amsterdam\\\/fmi-califica-positivamente-las-medidas-de-recuperacion-en-rd\\\/\"},\"author\":{\"name\":\"Michael Antonio Melo Andujar\",\"@id\":\"https:\\\/\\\/nld.mirex.gob.do\\\/consular\\\/amsterdam\\\/#\\\/schema\\\/person\\\/772a9951ade6a7e4ab978b618b619ff8\"},\"headline\":\"FMI califica positivamente las medidas de recuperaci\u00f3n en RD\",\"datePublished\":\"2021-07-30T20:00:38+00:00\",\"mainEntityOfPage\":{\"@id\":\"https:\\\/\\\/nld.mirex.gob.do\\\/consular\\\/amsterdam\\\/fmi-califica-positivamente-las-medidas-de-recuperacion-en-rd\\\/\"},\"wordCount\":219,\"publisher\":{\"@id\":\"https:\\\/\\\/nld.mirex.gob.do\\\/consular\\\/amsterdam\\\/#organization\"},\"image\":{\"@id\":\"https:\\\/\\\/nld.mirex.gob.do\\\/consular\\\/amsterdam\\\/fmi-califica-positivamente-las-medidas-de-recuperacion-en-rd\\\/#primaryimage\"},\"thumbnailUrl\":\"\",\"keywords\":[\"Inversi\u00f3n\",\"Invertir en la Rep\u00fablica Dominicana\",\"Negocios\",\"Oportunidades de negocios\"],\"articleSection\":[\"Invertir en la Rep\u00fablica Dominicana\",\"Invertir-Portada\",\"Negocios\"],\"inLanguage\":\"en-US\"},{\"@type\":\"WebPage\",\"@id\":\"https:\\\/\\\/nld.mirex.gob.do\\\/consular\\\/amsterdam\\\/fmi-califica-positivamente-las-medidas-de-recuperacion-en-rd\\\/\",\"url\":\"https:\\\/\\\/nld.mirex.gob.do\\\/consular\\\/amsterdam\\\/fmi-califica-positivamente-las-medidas-de-recuperacion-en-rd\\\/\",\"name\":\"FMI califica positivamente las medidas de recuperaci\u00f3n en RD - Consulado General de la Rep\u00fablica Dominicana en La Haya, Reino de los Pa\u00edses Bajos\",\"isPartOf\":{\"@id\":\"https:\\\/\\\/nld.mirex.gob.do\\\/consular\\\/amsterdam\\\/#website\"},\"primaryImageOfPage\":{\"@id\":\"https:\\\/\\\/nld.mirex.gob.do\\\/consular\\\/amsterdam\\\/fmi-califica-positivamente-las-medidas-de-recuperacion-en-rd\\\/#primaryimage\"},\"image\":{\"@id\":\"https:\\\/\\\/nld.mirex.gob.do\\\/consular\\\/amsterdam\\\/fmi-califica-positivamente-las-medidas-de-recuperacion-en-rd\\\/#primaryimage\"},\"thumbnailUrl\":\"\",\"datePublished\":\"2021-07-30T20:00:38+00:00\",\"description\":\"FMI califica positivamente las medidas de recuperaci\u00f3n en la Rep\u00fablica Dominicana\",\"breadcrumb\":{\"@id\":\"https:\\\/\\\/nld.mirex.gob.do\\\/consular\\\/amsterdam\\\/fmi-califica-positivamente-las-medidas-de-recuperacion-en-rd\\\/#breadcrumb\"},\"inLanguage\":\"en-US\",\"potentialAction\":[{\"@type\":\"ReadAction\",\"target\":[\"https:\\\/\\\/nld.mirex.gob.do\\\/consular\\\/amsterdam\\\/fmi-califica-positivamente-las-medidas-de-recuperacion-en-rd\\\/\"]}]},{\"@type\":\"ImageObject\",\"inLanguage\":\"en-US\",\"@id\":\"https:\\\/\\\/nld.mirex.gob.do\\\/consular\\\/amsterdam\\\/fmi-califica-positivamente-las-medidas-de-recuperacion-en-rd\\\/#primaryimage\",\"url\":\"\",\"contentUrl\":\"\"},{\"@type\":\"BreadcrumbList\",\"@id\":\"https:\\\/\\\/nld.mirex.gob.do\\\/consular\\\/amsterdam\\\/fmi-califica-positivamente-las-medidas-de-recuperacion-en-rd\\\/#breadcrumb\",\"itemListElement\":[{\"@type\":\"ListItem\",\"position\":1,\"name\":\"Inicio\",\"item\":\"https:\\\/\\\/nld.mirex.gob.do\\\/consular\\\/amsterdam\\\/\"},{\"@type\":\"ListItem\",\"position\":2,\"name\":\"FMI califica positivamente las medidas de recuperaci\u00f3n en RD\"}]},{\"@type\":\"WebSite\",\"@id\":\"https:\\\/\\\/nld.mirex.gob.do\\\/consular\\\/amsterdam\\\/#website\",\"url\":\"https:\\\/\\\/nld.mirex.gob.do\\\/consular\\\/amsterdam\\\/\",\"name\":\"Consulado General de la Rep\u00fablica Dominicana en La Haya, Reino de los Pa\u00edses Bajos\",\"description\":\"\",\"publisher\":{\"@id\":\"https:\\\/\\\/nld.mirex.gob.do\\\/consular\\\/amsterdam\\\/#organization\"},\"potentialAction\":[{\"@type\":\"SearchAction\",\"target\":{\"@type\":\"EntryPoint\",\"urlTemplate\":\"https:\\\/\\\/nld.mirex.gob.do\\\/consular\\\/amsterdam\\\/?s={search_term_string}\"},\"query-input\":{\"@type\":\"PropertyValueSpecification\",\"valueRequired\":true,\"valueName\":\"search_term_string\"}}],\"inLanguage\":\"en-US\"},{\"@type\":\"Organization\",\"@id\":\"https:\\\/\\\/nld.mirex.gob.do\\\/consular\\\/amsterdam\\\/#organization\",\"name\":\"Consulado General de la Rep\u00fablica Dominicana en La Haya, Reino de los Pa\u00edses Bajos\",\"url\":\"https:\\\/\\\/nld.mirex.gob.do\\\/consular\\\/amsterdam\\\/\",\"logo\":{\"@type\":\"ImageObject\",\"inLanguage\":\"en-US\",\"@id\":\"https:\\\/\\\/nld.mirex.gob.do\\\/consular\\\/amsterdam\\\/#\\\/schema\\\/logo\\\/image\\\/\",\"url\":\"https:\\\/\\\/nld.mirex.gob.do\\\/consular\\\/amsterdam\\\/wp-content\\\/uploads\\\/2024\\\/04\\\/cropped-consulado_la_haya_reinode_los_Paises_Bajos.jpg\",\"contentUrl\":\"https:\\\/\\\/nld.mirex.gob.do\\\/consular\\\/amsterdam\\\/wp-content\\\/uploads\\\/2024\\\/04\\\/cropped-consulado_la_haya_reinode_los_Paises_Bajos.jpg\",\"width\":999,\"height\":407,\"caption\":\"Consulado General de la Rep\u00fablica Dominicana en La Haya, Reino de los Pa\u00edses Bajos\"},\"image\":{\"@id\":\"https:\\\/\\\/nld.mirex.gob.do\\\/consular\\\/amsterdam\\\/#\\\/schema\\\/logo\\\/image\\\/\"}},{\"@type\":\"Person\",\"@id\":\"https:\\\/\\\/nld.mirex.gob.do\\\/consular\\\/amsterdam\\\/#\\\/schema\\\/person\\\/772a9951ade6a7e4ab978b618b619ff8\",\"name\":\"Michael Antonio Melo Andujar\",\"image\":{\"@type\":\"ImageObject\",\"inLanguage\":\"en-US\",\"@id\":\"https:\\\/\\\/secure.gravatar.com\\\/avatar\\\/f8862d24b6945a30d30c9727ef9dfcd533ee25a18a27afc92991446aeb0e652d?s=96&d=mm&r=g\",\"url\":\"https:\\\/\\\/secure.gravatar.com\\\/avatar\\\/f8862d24b6945a30d30c9727ef9dfcd533ee25a18a27afc92991446aeb0e652d?s=96&d=mm&r=g\",\"contentUrl\":\"https:\\\/\\\/secure.gravatar.com\\\/avatar\\\/f8862d24b6945a30d30c9727ef9dfcd533ee25a18a27afc92991446aeb0e652d?s=96&d=mm&r=g\",\"caption\":\"Michael Antonio Melo Andujar\"}}]}<\/script>\n<!-- \/ Yoast SEO plugin. -->","yoast_head_json":{"title":"FMI califica positivamente las medidas de recuperaci\u00f3n en RD - Consulado General de la Rep\u00fablica Dominicana en La Haya, Reino de los Pa\u00edses Bajos","description":"FMI califica positivamente las medidas de recuperaci\u00f3n en la Rep\u00fablica Dominicana","robots":{"index":"index","follow":"follow","max-snippet":"max-snippet:-1","max-image-preview":"max-image-preview:large","max-video-preview":"max-video-preview:-1"},"canonical":"https:\/\/nld.mirex.gob.do\/consular\/amsterdam\/fmi-califica-positivamente-las-medidas-de-recuperacion-en-rd\/","og_locale":"en_US","og_type":"article","og_title":"FMI califica positivamente las medidas de recuperaci\u00f3n en RD - Consulado General de la Rep\u00fablica Dominicana en La Haya, Reino de los Pa\u00edses Bajos","og_description":"FMI califica positivamente las medidas de recuperaci\u00f3n en la Rep\u00fablica Dominicana","og_url":"https:\/\/nld.mirex.gob.do\/consular\/amsterdam\/fmi-califica-positivamente-las-medidas-de-recuperacion-en-rd\/","og_site_name":"Consulado General de la Rep\u00fablica Dominicana en La Haya, Reino de los Pa\u00edses Bajos","article_published_time":"2021-07-30T20:00:38+00:00","author":"Michael Antonio Melo Andujar","twitter_card":"summary_large_image","twitter_misc":{"Written by":"Michael Antonio Melo Andujar","Est. reading time":"1 minute"},"schema":{"@context":"https:\/\/schema.org","@graph":[{"@type":"Article","@id":"https:\/\/nld.mirex.gob.do\/consular\/amsterdam\/fmi-califica-positivamente-las-medidas-de-recuperacion-en-rd\/#article","isPartOf":{"@id":"https:\/\/nld.mirex.gob.do\/consular\/amsterdam\/fmi-califica-positivamente-las-medidas-de-recuperacion-en-rd\/"},"author":{"name":"Michael Antonio Melo Andujar","@id":"https:\/\/nld.mirex.gob.do\/consular\/amsterdam\/#\/schema\/person\/772a9951ade6a7e4ab978b618b619ff8"},"headline":"FMI califica positivamente las medidas de recuperaci\u00f3n en RD","datePublished":"2021-07-30T20:00:38+00:00","mainEntityOfPage":{"@id":"https:\/\/nld.mirex.gob.do\/consular\/amsterdam\/fmi-califica-positivamente-las-medidas-de-recuperacion-en-rd\/"},"wordCount":219,"publisher":{"@id":"https:\/\/nld.mirex.gob.do\/consular\/amsterdam\/#organization"},"image":{"@id":"https:\/\/nld.mirex.gob.do\/consular\/amsterdam\/fmi-califica-positivamente-las-medidas-de-recuperacion-en-rd\/#primaryimage"},"thumbnailUrl":"","keywords":["Inversi\u00f3n","Invertir en la Rep\u00fablica Dominicana","Negocios","Oportunidades de negocios"],"articleSection":["Invertir en la Rep\u00fablica Dominicana","Invertir-Portada","Negocios"],"inLanguage":"en-US"},{"@type":"WebPage","@id":"https:\/\/nld.mirex.gob.do\/consular\/amsterdam\/fmi-califica-positivamente-las-medidas-de-recuperacion-en-rd\/","url":"https:\/\/nld.mirex.gob.do\/consular\/amsterdam\/fmi-califica-positivamente-las-medidas-de-recuperacion-en-rd\/","name":"FMI califica positivamente las medidas de recuperaci\u00f3n en RD - Consulado General de la Rep\u00fablica Dominicana en La Haya, Reino de los Pa\u00edses Bajos","isPartOf":{"@id":"https:\/\/nld.mirex.gob.do\/consular\/amsterdam\/#website"},"primaryImageOfPage":{"@id":"https:\/\/nld.mirex.gob.do\/consular\/amsterdam\/fmi-califica-positivamente-las-medidas-de-recuperacion-en-rd\/#primaryimage"},"image":{"@id":"https:\/\/nld.mirex.gob.do\/consular\/amsterdam\/fmi-califica-positivamente-las-medidas-de-recuperacion-en-rd\/#primaryimage"},"thumbnailUrl":"","datePublished":"2021-07-30T20:00:38+00:00","description":"FMI califica positivamente las medidas de recuperaci\u00f3n en la Rep\u00fablica Dominicana","breadcrumb":{"@id":"https:\/\/nld.mirex.gob.do\/consular\/amsterdam\/fmi-califica-positivamente-las-medidas-de-recuperacion-en-rd\/#breadcrumb"},"inLanguage":"en-US","potentialAction":[{"@type":"ReadAction","target":["https:\/\/nld.mirex.gob.do\/consular\/amsterdam\/fmi-califica-positivamente-las-medidas-de-recuperacion-en-rd\/"]}]},{"@type":"ImageObject","inLanguage":"en-US","@id":"https:\/\/nld.mirex.gob.do\/consular\/amsterdam\/fmi-califica-positivamente-las-medidas-de-recuperacion-en-rd\/#primaryimage","url":"","contentUrl":""},{"@type":"BreadcrumbList","@id":"https:\/\/nld.mirex.gob.do\/consular\/amsterdam\/fmi-califica-positivamente-las-medidas-de-recuperacion-en-rd\/#breadcrumb","itemListElement":[{"@type":"ListItem","position":1,"name":"Inicio","item":"https:\/\/nld.mirex.gob.do\/consular\/amsterdam\/"},{"@type":"ListItem","position":2,"name":"FMI califica positivamente las medidas de recuperaci\u00f3n en RD"}]},{"@type":"WebSite","@id":"https:\/\/nld.mirex.gob.do\/consular\/amsterdam\/#website","url":"https:\/\/nld.mirex.gob.do\/consular\/amsterdam\/","name":"Consulado General de la Rep\u00fablica Dominicana en La Haya, Reino de los Pa\u00edses Bajos","description":"","publisher":{"@id":"https:\/\/nld.mirex.gob.do\/consular\/amsterdam\/#organization"},"potentialAction":[{"@type":"SearchAction","target":{"@type":"EntryPoint","urlTemplate":"https:\/\/nld.mirex.gob.do\/consular\/amsterdam\/?s={search_term_string}"},"query-input":{"@type":"PropertyValueSpecification","valueRequired":true,"valueName":"search_term_string"}}],"inLanguage":"en-US"},{"@type":"Organization","@id":"https:\/\/nld.mirex.gob.do\/consular\/amsterdam\/#organization","name":"Consulado General de la Rep\u00fablica Dominicana en La Haya, Reino de los Pa\u00edses Bajos","url":"https:\/\/nld.mirex.gob.do\/consular\/amsterdam\/","logo":{"@type":"ImageObject","inLanguage":"en-US","@id":"https:\/\/nld.mirex.gob.do\/consular\/amsterdam\/#\/schema\/logo\/image\/","url":"https:\/\/nld.mirex.gob.do\/consular\/amsterdam\/wp-content\/uploads\/2024\/04\/cropped-consulado_la_haya_reinode_los_Paises_Bajos.jpg","contentUrl":"https:\/\/nld.mirex.gob.do\/consular\/amsterdam\/wp-content\/uploads\/2024\/04\/cropped-consulado_la_haya_reinode_los_Paises_Bajos.jpg","width":999,"height":407,"caption":"Consulado General de la Rep\u00fablica Dominicana en La Haya, Reino de los Pa\u00edses Bajos"},"image":{"@id":"https:\/\/nld.mirex.gob.do\/consular\/amsterdam\/#\/schema\/logo\/image\/"}},{"@type":"Person","@id":"https:\/\/nld.mirex.gob.do\/consular\/amsterdam\/#\/schema\/person\/772a9951ade6a7e4ab978b618b619ff8","name":"Michael Antonio Melo Andujar","image":{"@type":"ImageObject","inLanguage":"en-US","@id":"https:\/\/secure.gravatar.com\/avatar\/f8862d24b6945a30d30c9727ef9dfcd533ee25a18a27afc92991446aeb0e652d?s=96&d=mm&r=g","url":"https:\/\/secure.gravatar.com\/avatar\/f8862d24b6945a30d30c9727ef9dfcd533ee25a18a27afc92991446aeb0e652d?s=96&d=mm&r=g","contentUrl":"https:\/\/secure.gravatar.com\/avatar\/f8862d24b6945a30d30c9727ef9dfcd533ee25a18a27afc92991446aeb0e652d?s=96&d=mm&r=g","caption":"Michael Antonio Melo Andujar"}}]}},"_links":{"self":[{"href":"https:\/\/nld.mirex.gob.do\/consular\/amsterdam\/wp-json\/wp\/v2\/posts\/5026","targetHints":{"allow":["GET"]}}],"collection":[{"href":"https:\/\/nld.mirex.gob.do\/consular\/amsterdam\/wp-json\/wp\/v2\/posts"}],"about":[{"href":"https:\/\/nld.mirex.gob.do\/consular\/amsterdam\/wp-json\/wp\/v2\/types\/post"}],"author":[{"embeddable":true,"href":"https:\/\/nld.mirex.gob.do\/consular\/amsterdam\/wp-json\/wp\/v2\/users\/8"}],"replies":[{"embeddable":true,"href":"https:\/\/nld.mirex.gob.do\/consular\/amsterdam\/wp-json\/wp\/v2\/comments?post=5026"}],"version-history":[{"count":0,"href":"https:\/\/nld.mirex.gob.do\/consular\/amsterdam\/wp-json\/wp\/v2\/posts\/5026\/revisions"}],"wp:featuredmedia":[{"embeddable":true,"href":"https:\/\/nld.mirex.gob.do\/consular\/amsterdam\/wp-json\/"}],"wp:attachment":[{"href":"https:\/\/nld.mirex.gob.do\/consular\/amsterdam\/wp-json\/wp\/v2\/media?parent=5026"}],"wp:term":[{"taxonomy":"category","embeddable":true,"href":"https:\/\/nld.mirex.gob.do\/consular\/amsterdam\/wp-json\/wp\/v2\/categories?post=5026"},{"taxonomy":"post_tag","embeddable":true,"href":"https:\/\/nld.mirex.gob.do\/consular\/amsterdam\/wp-json\/wp\/v2\/tags?post=5026"}],"curies":[{"name":"wp","href":"https:\/\/api.w.org\/{rel}","templated":true}]}}