{"id":4923,"date":"2021-07-18T20:20:56","date_gmt":"2021-07-18T20:20:56","guid":{"rendered":"https:\/\/www.consuladordholanda.com\/?p=4923"},"modified":"2021-07-18T20:20:56","modified_gmt":"2021-07-18T20:20:56","slug":"comunicado-del-gobierno-dominicano-sobre-la-situacion-de-haiti","status":"publish","type":"post","link":"https:\/\/nld.mirex.gob.do\/consular\/amsterdam\/comunicado-del-gobierno-dominicano-sobre-la-situacion-de-haiti\/","title":{"rendered":"Comunicado del Gobierno Dominicano sobre la situaci\u00f3n de Hait\u00ed"},"content":{"rendered":"<h4><a href=\"https:\/\/www.consuladordholanda.com\/wp-content\/uploads\/2021\/07\/219512064_610800736990618_5749834524290390152_n.jpg\"><img fetchpriority=\"high\" decoding=\"async\" class=\"alignnone size-full wp-image-4924\" src=\"https:\/\/www.consuladordholanda.com\/wp-content\/uploads\/2021\/07\/219512064_610800736990618_5749834524290390152_n.jpg\" alt=\"\" width=\"1080\" height=\"1080\"><\/a><\/h4>\n<h4>RD PIDE A LA COMUNIDAD INTERNACIONAL CONTRIBUIR AL DI\u00c1LOGO NECESARIO PARA RESOLVER CRISIS DE HAIT\u00cd<\/h4>\n<p><strong>Simpatiza con las voces que desde Hait\u00ed llaman a un gran di\u00e1logo nacional.<\/strong><\/p>\n<p>Santo Domingo, Rep\u00fablica Dominicana._ El Gobierno dominicano reiter\u00f3 su llamado a la comunidad internacional para que contribuya en todo cuanto sea posible a la creaci\u00f3n de un ambiente favorable para el di\u00e1logo interno en Hait\u00ed, necesario para superar la actual crisis.<\/p>\n<p>En un comunicado emitido hoy por el Ministerio de Relaciones Exteriores (MIREX), manifiesta su preocupaci\u00f3n por la crisis que desborda el marco constitucional, desatada tras el magnicidio del Presidente Jovenel Mo\u00efse; y expresa su simpat\u00eda \u201ccon las voces que desde Hait\u00ed llaman a un gran di\u00e1logo nacional que brinde respuesta a esta profunda crisis pol\u00edtica y espiral de violencia por la que atraviesa\u201d.<\/p>\n<p>Adem\u00e1s, reafirm\u00f3 su convicci\u00f3n de que no existe \u201cuna soluci\u00f3n dominicana a la situaci\u00f3n haitiana\u201d, as\u00ed como su apego \u201cal principio de no intervenci\u00f3n en los asuntos internos de otros Estados y el respeto a la Carta Democr\u00e1tica Interamericana, especialmente en lo relativo a la participaci\u00f3n de la ciudadan\u00eda en las decisiones relativas a su propio futuro\u201d.<\/p>\n<p>Dice que \u201ceste es un momento trascendental para la naci\u00f3n haitiana\u201d, ya que \u201cla soluci\u00f3n que el liderazgo pol\u00edtico, social y empresarial haitiano logre ofrecer a su pueblo en esta coyuntura, determinar\u00e1 si el pa\u00eds dar\u00e1 un paso de avance hacia un desarrollo estable y democr\u00e1tico\u201d.<\/p>\n<p>El comunicado recoge que, tal y como fue se\u00f1alado en una declaraci\u00f3n del MIREX, el 25 de marzo pasado, un cambio de gobierno democr\u00e1tico que garantice la estabilidad pol\u00edtica en Hait\u00ed, requiere un proceso electoral justo, libre, transparente y competitivo. Afirma que como lo demuestra la historia de Am\u00e9rica Latina y el Caribe, esto solo ser\u00e1 posible a partir de un di\u00e1logo pol\u00edtico amplio, inclusivo, sostenido y de buena fe, que permita a los distintos actores lograr un pacto de gobernabilidad que restaure la legitimidad democr\u00e1tica y la institucionalidad en Hait\u00ed.<\/p>\n<p>&nbsp;<\/p>\n","protected":false},"excerpt":{"rendered":"<p>RD PIDE A LA COMUNIDAD INTERNACIONAL CONTRIBUIR AL DI\u00c1LOGO NECESARIO PARA RESOLVER CRISIS DE HAIT\u00cd Simpatiza con las voces que desde Hait\u00ed llaman a un gran di\u00e1logo nacional. Santo Domingo, Rep\u00fablica Dominicana._ El Gobierno dominicano reiter\u00f3 su llamado a la comunidad internacional para que contribuya en todo cuanto sea posible a la creaci\u00f3n de un [&hellip;]<\/p>\n","protected":false},"author":8,"featured_media":4925,"comment_status":"closed","ping_status":"open","sticky":false,"template":"","format":"standard","meta":{"site-sidebar-layout":"default","site-content-layout":"","ast-site-content-layout":"default","site-content-style":"default","site-sidebar-style":"default","ast-global-header-display":"","ast-banner-title-visibility":"","ast-main-header-display":"","ast-hfb-above-header-display":"","ast-hfb-below-header-display":"","ast-hfb-mobile-header-display":"","site-post-title":"","ast-breadcrumbs-content":"","ast-featured-img":"","footer-sml-layout":"","ast-disable-related-posts":"","theme-transparent-header-meta":"","adv-header-id-meta":"","stick-header-meta":"","header-above-stick-meta":"","header-main-stick-meta":"","header-below-stick-meta":"","astra-migrate-meta-layouts":"default","ast-page-background-enabled":"default","ast-page-background-meta":{"desktop":{"background-color":"","background-image":"","background-repeat":"repeat","background-position":"center center","background-size":"auto","background-attachment":"scroll","background-type":"","background-media":"","overlay-type":"","overlay-color":"","overlay-opacity":"","overlay-gradient":""},"tablet":{"background-color":"","background-image":"","background-repeat":"repeat","background-position":"center center","background-size":"auto","background-attachment":"scroll","background-type":"","background-media":"","overlay-type":"","overlay-color":"","overlay-opacity":"","overlay-gradient":""},"mobile":{"background-color":"","background-image":"","background-repeat":"repeat","background-position":"center center","background-size":"auto","background-attachment":"scroll","background-type":"","background-media":"","overlay-type":"","overlay-color":"","overlay-opacity":"","overlay-gradient":""}},"ast-content-background-meta":{"desktop":{"background-color":"var(--ast-global-color-5)","background-image":"","background-repeat":"repeat","background-position":"center center","background-size":"auto","background-attachment":"scroll","background-type":"","background-media":"","overlay-type":"","overlay-color":"","overlay-opacity":"","overlay-gradient":""},"tablet":{"background-color":"var(--ast-global-color-5)","background-image":"","background-repeat":"repeat","background-position":"center center","background-size":"auto","background-attachment":"scroll","background-type":"","background-media":"","overlay-type":"","overlay-color":"","overlay-opacity":"","overlay-gradient":""},"mobile":{"background-color":"var(--ast-global-color-5)","background-image":"","background-repeat":"repeat","background-position":"center center","background-size":"auto","background-attachment":"scroll","background-type":"","background-media":"","overlay-type":"","overlay-color":"","overlay-opacity":"","overlay-gradient":""}},"footnotes":""},"categories":[393,66,405],"tags":[306],"class_list":["post-4923","post","type-post","status-publish","format-standard","has-post-thumbnail","hentry","category-comunicado","category-novedades","category-novedades-en-portada","tag-haiti"],"yoast_head":"<!-- This site is optimized with the Yoast SEO plugin v27.4 - https:\/\/yoast.com\/product\/yoast-seo-wordpress\/ -->\n<title>Comunicado del Gobierno Dominicano sobre la situaci\u00f3n de Hait\u00ed - Consulado General de la Rep\u00fablica Dominicana en La Haya, Reino de los Pa\u00edses Bajos<\/title>\n<meta name=\"robots\" content=\"index, follow, max-snippet:-1, max-image-preview:large, max-video-preview:-1\" \/>\n<link rel=\"canonical\" href=\"https:\/\/nld.mirex.gob.do\/consular\/amsterdam\/comunicado-del-gobierno-dominicano-sobre-la-situacion-de-haiti\/\" \/>\n<meta property=\"og:locale\" content=\"en_US\" \/>\n<meta property=\"og:type\" content=\"article\" \/>\n<meta property=\"og:title\" content=\"Comunicado del Gobierno Dominicano sobre la situaci\u00f3n de Hait\u00ed - Consulado General de la Rep\u00fablica Dominicana en La Haya, Reino de los Pa\u00edses Bajos\" \/>\n<meta property=\"og:description\" content=\"RD PIDE A LA COMUNIDAD INTERNACIONAL CONTRIBUIR AL DI\u00c1LOGO NECESARIO PARA RESOLVER CRISIS DE HAIT\u00cd Simpatiza con las voces que desde Hait\u00ed llaman a un gran di\u00e1logo nacional. Santo Domingo, Rep\u00fablica Dominicana._ El Gobierno dominicano reiter\u00f3 su llamado a la comunidad internacional para que contribuya en todo cuanto sea posible a la creaci\u00f3n de un [&hellip;]\" \/>\n<meta property=\"og:url\" content=\"https:\/\/nld.mirex.gob.do\/consular\/amsterdam\/comunicado-del-gobierno-dominicano-sobre-la-situacion-de-haiti\/\" \/>\n<meta property=\"og:site_name\" content=\"Consulado General de la Rep\u00fablica Dominicana en La Haya, Reino de los Pa\u00edses Bajos\" \/>\n<meta property=\"article:published_time\" content=\"2021-07-18T20:20:56+00:00\" \/>\n<meta name=\"author\" content=\"Michael Antonio Melo Andujar\" \/>\n<meta name=\"twitter:card\" content=\"summary_large_image\" \/>\n<meta name=\"twitter:label1\" content=\"Written by\" \/>\n\t<meta name=\"twitter:data1\" content=\"Michael Antonio Melo Andujar\" \/>\n\t<meta name=\"twitter:label2\" content=\"Est. reading time\" \/>\n\t<meta name=\"twitter:data2\" content=\"2 minutes\" \/>\n<script type=\"application\/ld+json\" class=\"yoast-schema-graph\">{\"@context\":\"https:\\\/\\\/schema.org\",\"@graph\":[{\"@type\":\"Article\",\"@id\":\"https:\\\/\\\/nld.mirex.gob.do\\\/consular\\\/amsterdam\\\/comunicado-del-gobierno-dominicano-sobre-la-situacion-de-haiti\\\/#article\",\"isPartOf\":{\"@id\":\"https:\\\/\\\/nld.mirex.gob.do\\\/consular\\\/amsterdam\\\/comunicado-del-gobierno-dominicano-sobre-la-situacion-de-haiti\\\/\"},\"author\":{\"name\":\"Michael Antonio Melo Andujar\",\"@id\":\"https:\\\/\\\/nld.mirex.gob.do\\\/consular\\\/amsterdam\\\/#\\\/schema\\\/person\\\/772a9951ade6a7e4ab978b618b619ff8\"},\"headline\":\"Comunicado del Gobierno Dominicano sobre la situaci\u00f3n de Hait\u00ed\",\"datePublished\":\"2021-07-18T20:20:56+00:00\",\"mainEntityOfPage\":{\"@id\":\"https:\\\/\\\/nld.mirex.gob.do\\\/consular\\\/amsterdam\\\/comunicado-del-gobierno-dominicano-sobre-la-situacion-de-haiti\\\/\"},\"wordCount\":367,\"publisher\":{\"@id\":\"https:\\\/\\\/nld.mirex.gob.do\\\/consular\\\/amsterdam\\\/#organization\"},\"image\":{\"@id\":\"https:\\\/\\\/nld.mirex.gob.do\\\/consular\\\/amsterdam\\\/comunicado-del-gobierno-dominicano-sobre-la-situacion-de-haiti\\\/#primaryimage\"},\"thumbnailUrl\":\"\",\"keywords\":[\"Haiti\"],\"articleSection\":[\"Comunicado\",\"Novedades\",\"Novedades en portada\"],\"inLanguage\":\"en-US\"},{\"@type\":\"WebPage\",\"@id\":\"https:\\\/\\\/nld.mirex.gob.do\\\/consular\\\/amsterdam\\\/comunicado-del-gobierno-dominicano-sobre-la-situacion-de-haiti\\\/\",\"url\":\"https:\\\/\\\/nld.mirex.gob.do\\\/consular\\\/amsterdam\\\/comunicado-del-gobierno-dominicano-sobre-la-situacion-de-haiti\\\/\",\"name\":\"Comunicado del Gobierno Dominicano sobre la situaci\u00f3n de Hait\u00ed - Consulado General de la Rep\u00fablica Dominicana en La Haya, Reino de los Pa\u00edses Bajos\",\"isPartOf\":{\"@id\":\"https:\\\/\\\/nld.mirex.gob.do\\\/consular\\\/amsterdam\\\/#website\"},\"primaryImageOfPage\":{\"@id\":\"https:\\\/\\\/nld.mirex.gob.do\\\/consular\\\/amsterdam\\\/comunicado-del-gobierno-dominicano-sobre-la-situacion-de-haiti\\\/#primaryimage\"},\"image\":{\"@id\":\"https:\\\/\\\/nld.mirex.gob.do\\\/consular\\\/amsterdam\\\/comunicado-del-gobierno-dominicano-sobre-la-situacion-de-haiti\\\/#primaryimage\"},\"thumbnailUrl\":\"\",\"datePublished\":\"2021-07-18T20:20:56+00:00\",\"breadcrumb\":{\"@id\":\"https:\\\/\\\/nld.mirex.gob.do\\\/consular\\\/amsterdam\\\/comunicado-del-gobierno-dominicano-sobre-la-situacion-de-haiti\\\/#breadcrumb\"},\"inLanguage\":\"en-US\",\"potentialAction\":[{\"@type\":\"ReadAction\",\"target\":[\"https:\\\/\\\/nld.mirex.gob.do\\\/consular\\\/amsterdam\\\/comunicado-del-gobierno-dominicano-sobre-la-situacion-de-haiti\\\/\"]}]},{\"@type\":\"ImageObject\",\"inLanguage\":\"en-US\",\"@id\":\"https:\\\/\\\/nld.mirex.gob.do\\\/consular\\\/amsterdam\\\/comunicado-del-gobierno-dominicano-sobre-la-situacion-de-haiti\\\/#primaryimage\",\"url\":\"\",\"contentUrl\":\"\"},{\"@type\":\"BreadcrumbList\",\"@id\":\"https:\\\/\\\/nld.mirex.gob.do\\\/consular\\\/amsterdam\\\/comunicado-del-gobierno-dominicano-sobre-la-situacion-de-haiti\\\/#breadcrumb\",\"itemListElement\":[{\"@type\":\"ListItem\",\"position\":1,\"name\":\"Inicio\",\"item\":\"https:\\\/\\\/nld.mirex.gob.do\\\/consular\\\/amsterdam\\\/\"},{\"@type\":\"ListItem\",\"position\":2,\"name\":\"Comunicado del Gobierno Dominicano sobre la situaci\u00f3n de Hait\u00ed\"}]},{\"@type\":\"WebSite\",\"@id\":\"https:\\\/\\\/nld.mirex.gob.do\\\/consular\\\/amsterdam\\\/#website\",\"url\":\"https:\\\/\\\/nld.mirex.gob.do\\\/consular\\\/amsterdam\\\/\",\"name\":\"Consulado General de la Rep\u00fablica Dominicana en La Haya, Reino de los Pa\u00edses Bajos\",\"description\":\"\",\"publisher\":{\"@id\":\"https:\\\/\\\/nld.mirex.gob.do\\\/consular\\\/amsterdam\\\/#organization\"},\"potentialAction\":[{\"@type\":\"SearchAction\",\"target\":{\"@type\":\"EntryPoint\",\"urlTemplate\":\"https:\\\/\\\/nld.mirex.gob.do\\\/consular\\\/amsterdam\\\/?s={search_term_string}\"},\"query-input\":{\"@type\":\"PropertyValueSpecification\",\"valueRequired\":true,\"valueName\":\"search_term_string\"}}],\"inLanguage\":\"en-US\"},{\"@type\":\"Organization\",\"@id\":\"https:\\\/\\\/nld.mirex.gob.do\\\/consular\\\/amsterdam\\\/#organization\",\"name\":\"Consulado General de la Rep\u00fablica Dominicana en La Haya, Reino de los Pa\u00edses Bajos\",\"url\":\"https:\\\/\\\/nld.mirex.gob.do\\\/consular\\\/amsterdam\\\/\",\"logo\":{\"@type\":\"ImageObject\",\"inLanguage\":\"en-US\",\"@id\":\"https:\\\/\\\/nld.mirex.gob.do\\\/consular\\\/amsterdam\\\/#\\\/schema\\\/logo\\\/image\\\/\",\"url\":\"https:\\\/\\\/nld.mirex.gob.do\\\/consular\\\/amsterdam\\\/wp-content\\\/uploads\\\/2024\\\/04\\\/cropped-consulado_la_haya_reinode_los_Paises_Bajos.jpg\",\"contentUrl\":\"https:\\\/\\\/nld.mirex.gob.do\\\/consular\\\/amsterdam\\\/wp-content\\\/uploads\\\/2024\\\/04\\\/cropped-consulado_la_haya_reinode_los_Paises_Bajos.jpg\",\"width\":999,\"height\":407,\"caption\":\"Consulado General de la Rep\u00fablica Dominicana en La Haya, Reino de los Pa\u00edses Bajos\"},\"image\":{\"@id\":\"https:\\\/\\\/nld.mirex.gob.do\\\/consular\\\/amsterdam\\\/#\\\/schema\\\/logo\\\/image\\\/\"}},{\"@type\":\"Person\",\"@id\":\"https:\\\/\\\/nld.mirex.gob.do\\\/consular\\\/amsterdam\\\/#\\\/schema\\\/person\\\/772a9951ade6a7e4ab978b618b619ff8\",\"name\":\"Michael Antonio Melo Andujar\",\"image\":{\"@type\":\"ImageObject\",\"inLanguage\":\"en-US\",\"@id\":\"https:\\\/\\\/secure.gravatar.com\\\/avatar\\\/f8862d24b6945a30d30c9727ef9dfcd533ee25a18a27afc92991446aeb0e652d?s=96&d=mm&r=g\",\"url\":\"https:\\\/\\\/secure.gravatar.com\\\/avatar\\\/f8862d24b6945a30d30c9727ef9dfcd533ee25a18a27afc92991446aeb0e652d?s=96&d=mm&r=g\",\"contentUrl\":\"https:\\\/\\\/secure.gravatar.com\\\/avatar\\\/f8862d24b6945a30d30c9727ef9dfcd533ee25a18a27afc92991446aeb0e652d?s=96&d=mm&r=g\",\"caption\":\"Michael Antonio Melo Andujar\"}}]}<\/script>\n<!-- \/ Yoast SEO plugin. -->","yoast_head_json":{"title":"Comunicado del Gobierno Dominicano sobre la situaci\u00f3n de Hait\u00ed - Consulado General de la Rep\u00fablica Dominicana en La Haya, Reino de los Pa\u00edses Bajos","robots":{"index":"index","follow":"follow","max-snippet":"max-snippet:-1","max-image-preview":"max-image-preview:large","max-video-preview":"max-video-preview:-1"},"canonical":"https:\/\/nld.mirex.gob.do\/consular\/amsterdam\/comunicado-del-gobierno-dominicano-sobre-la-situacion-de-haiti\/","og_locale":"en_US","og_type":"article","og_title":"Comunicado del Gobierno Dominicano sobre la situaci\u00f3n de Hait\u00ed - Consulado General de la Rep\u00fablica Dominicana en La Haya, Reino de los Pa\u00edses Bajos","og_description":"RD PIDE A LA COMUNIDAD INTERNACIONAL CONTRIBUIR AL DI\u00c1LOGO NECESARIO PARA RESOLVER CRISIS DE HAIT\u00cd Simpatiza con las voces que desde Hait\u00ed llaman a un gran di\u00e1logo nacional. Santo Domingo, Rep\u00fablica Dominicana._ El Gobierno dominicano reiter\u00f3 su llamado a la comunidad internacional para que contribuya en todo cuanto sea posible a la creaci\u00f3n de un [&hellip;]","og_url":"https:\/\/nld.mirex.gob.do\/consular\/amsterdam\/comunicado-del-gobierno-dominicano-sobre-la-situacion-de-haiti\/","og_site_name":"Consulado General de la Rep\u00fablica Dominicana en La Haya, Reino de los Pa\u00edses Bajos","article_published_time":"2021-07-18T20:20:56+00:00","author":"Michael Antonio Melo Andujar","twitter_card":"summary_large_image","twitter_misc":{"Written by":"Michael Antonio Melo Andujar","Est. reading time":"2 minutes"},"schema":{"@context":"https:\/\/schema.org","@graph":[{"@type":"Article","@id":"https:\/\/nld.mirex.gob.do\/consular\/amsterdam\/comunicado-del-gobierno-dominicano-sobre-la-situacion-de-haiti\/#article","isPartOf":{"@id":"https:\/\/nld.mirex.gob.do\/consular\/amsterdam\/comunicado-del-gobierno-dominicano-sobre-la-situacion-de-haiti\/"},"author":{"name":"Michael Antonio Melo Andujar","@id":"https:\/\/nld.mirex.gob.do\/consular\/amsterdam\/#\/schema\/person\/772a9951ade6a7e4ab978b618b619ff8"},"headline":"Comunicado del Gobierno Dominicano sobre la situaci\u00f3n de Hait\u00ed","datePublished":"2021-07-18T20:20:56+00:00","mainEntityOfPage":{"@id":"https:\/\/nld.mirex.gob.do\/consular\/amsterdam\/comunicado-del-gobierno-dominicano-sobre-la-situacion-de-haiti\/"},"wordCount":367,"publisher":{"@id":"https:\/\/nld.mirex.gob.do\/consular\/amsterdam\/#organization"},"image":{"@id":"https:\/\/nld.mirex.gob.do\/consular\/amsterdam\/comunicado-del-gobierno-dominicano-sobre-la-situacion-de-haiti\/#primaryimage"},"thumbnailUrl":"","keywords":["Haiti"],"articleSection":["Comunicado","Novedades","Novedades en portada"],"inLanguage":"en-US"},{"@type":"WebPage","@id":"https:\/\/nld.mirex.gob.do\/consular\/amsterdam\/comunicado-del-gobierno-dominicano-sobre-la-situacion-de-haiti\/","url":"https:\/\/nld.mirex.gob.do\/consular\/amsterdam\/comunicado-del-gobierno-dominicano-sobre-la-situacion-de-haiti\/","name":"Comunicado del Gobierno Dominicano sobre la situaci\u00f3n de Hait\u00ed - Consulado General de la Rep\u00fablica Dominicana en La Haya, Reino de los Pa\u00edses Bajos","isPartOf":{"@id":"https:\/\/nld.mirex.gob.do\/consular\/amsterdam\/#website"},"primaryImageOfPage":{"@id":"https:\/\/nld.mirex.gob.do\/consular\/amsterdam\/comunicado-del-gobierno-dominicano-sobre-la-situacion-de-haiti\/#primaryimage"},"image":{"@id":"https:\/\/nld.mirex.gob.do\/consular\/amsterdam\/comunicado-del-gobierno-dominicano-sobre-la-situacion-de-haiti\/#primaryimage"},"thumbnailUrl":"","datePublished":"2021-07-18T20:20:56+00:00","breadcrumb":{"@id":"https:\/\/nld.mirex.gob.do\/consular\/amsterdam\/comunicado-del-gobierno-dominicano-sobre-la-situacion-de-haiti\/#breadcrumb"},"inLanguage":"en-US","potentialAction":[{"@type":"ReadAction","target":["https:\/\/nld.mirex.gob.do\/consular\/amsterdam\/comunicado-del-gobierno-dominicano-sobre-la-situacion-de-haiti\/"]}]},{"@type":"ImageObject","inLanguage":"en-US","@id":"https:\/\/nld.mirex.gob.do\/consular\/amsterdam\/comunicado-del-gobierno-dominicano-sobre-la-situacion-de-haiti\/#primaryimage","url":"","contentUrl":""},{"@type":"BreadcrumbList","@id":"https:\/\/nld.mirex.gob.do\/consular\/amsterdam\/comunicado-del-gobierno-dominicano-sobre-la-situacion-de-haiti\/#breadcrumb","itemListElement":[{"@type":"ListItem","position":1,"name":"Inicio","item":"https:\/\/nld.mirex.gob.do\/consular\/amsterdam\/"},{"@type":"ListItem","position":2,"name":"Comunicado del Gobierno Dominicano sobre la situaci\u00f3n de Hait\u00ed"}]},{"@type":"WebSite","@id":"https:\/\/nld.mirex.gob.do\/consular\/amsterdam\/#website","url":"https:\/\/nld.mirex.gob.do\/consular\/amsterdam\/","name":"Consulado General de la Rep\u00fablica Dominicana en La Haya, Reino de los Pa\u00edses Bajos","description":"","publisher":{"@id":"https:\/\/nld.mirex.gob.do\/consular\/amsterdam\/#organization"},"potentialAction":[{"@type":"SearchAction","target":{"@type":"EntryPoint","urlTemplate":"https:\/\/nld.mirex.gob.do\/consular\/amsterdam\/?s={search_term_string}"},"query-input":{"@type":"PropertyValueSpecification","valueRequired":true,"valueName":"search_term_string"}}],"inLanguage":"en-US"},{"@type":"Organization","@id":"https:\/\/nld.mirex.gob.do\/consular\/amsterdam\/#organization","name":"Consulado General de la Rep\u00fablica Dominicana en La Haya, Reino de los Pa\u00edses Bajos","url":"https:\/\/nld.mirex.gob.do\/consular\/amsterdam\/","logo":{"@type":"ImageObject","inLanguage":"en-US","@id":"https:\/\/nld.mirex.gob.do\/consular\/amsterdam\/#\/schema\/logo\/image\/","url":"https:\/\/nld.mirex.gob.do\/consular\/amsterdam\/wp-content\/uploads\/2024\/04\/cropped-consulado_la_haya_reinode_los_Paises_Bajos.jpg","contentUrl":"https:\/\/nld.mirex.gob.do\/consular\/amsterdam\/wp-content\/uploads\/2024\/04\/cropped-consulado_la_haya_reinode_los_Paises_Bajos.jpg","width":999,"height":407,"caption":"Consulado General de la Rep\u00fablica Dominicana en La Haya, Reino de los Pa\u00edses Bajos"},"image":{"@id":"https:\/\/nld.mirex.gob.do\/consular\/amsterdam\/#\/schema\/logo\/image\/"}},{"@type":"Person","@id":"https:\/\/nld.mirex.gob.do\/consular\/amsterdam\/#\/schema\/person\/772a9951ade6a7e4ab978b618b619ff8","name":"Michael Antonio Melo Andujar","image":{"@type":"ImageObject","inLanguage":"en-US","@id":"https:\/\/secure.gravatar.com\/avatar\/f8862d24b6945a30d30c9727ef9dfcd533ee25a18a27afc92991446aeb0e652d?s=96&d=mm&r=g","url":"https:\/\/secure.gravatar.com\/avatar\/f8862d24b6945a30d30c9727ef9dfcd533ee25a18a27afc92991446aeb0e652d?s=96&d=mm&r=g","contentUrl":"https:\/\/secure.gravatar.com\/avatar\/f8862d24b6945a30d30c9727ef9dfcd533ee25a18a27afc92991446aeb0e652d?s=96&d=mm&r=g","caption":"Michael Antonio Melo Andujar"}}]}},"_links":{"self":[{"href":"https:\/\/nld.mirex.gob.do\/consular\/amsterdam\/wp-json\/wp\/v2\/posts\/4923","targetHints":{"allow":["GET"]}}],"collection":[{"href":"https:\/\/nld.mirex.gob.do\/consular\/amsterdam\/wp-json\/wp\/v2\/posts"}],"about":[{"href":"https:\/\/nld.mirex.gob.do\/consular\/amsterdam\/wp-json\/wp\/v2\/types\/post"}],"author":[{"embeddable":true,"href":"https:\/\/nld.mirex.gob.do\/consular\/amsterdam\/wp-json\/wp\/v2\/users\/8"}],"replies":[{"embeddable":true,"href":"https:\/\/nld.mirex.gob.do\/consular\/amsterdam\/wp-json\/wp\/v2\/comments?post=4923"}],"version-history":[{"count":0,"href":"https:\/\/nld.mirex.gob.do\/consular\/amsterdam\/wp-json\/wp\/v2\/posts\/4923\/revisions"}],"wp:featuredmedia":[{"embeddable":true,"href":"https:\/\/nld.mirex.gob.do\/consular\/amsterdam\/wp-json\/"}],"wp:attachment":[{"href":"https:\/\/nld.mirex.gob.do\/consular\/amsterdam\/wp-json\/wp\/v2\/media?parent=4923"}],"wp:term":[{"taxonomy":"category","embeddable":true,"href":"https:\/\/nld.mirex.gob.do\/consular\/amsterdam\/wp-json\/wp\/v2\/categories?post=4923"},{"taxonomy":"post_tag","embeddable":true,"href":"https:\/\/nld.mirex.gob.do\/consular\/amsterdam\/wp-json\/wp\/v2\/tags?post=4923"}],"curies":[{"name":"wp","href":"https:\/\/api.w.org\/{rel}","templated":true}]}}