{"id":4892,"date":"2021-07-06T10:24:44","date_gmt":"2021-07-06T10:24:44","guid":{"rendered":"https:\/\/www.consuladordholanda.com\/?p=4892"},"modified":"2021-07-06T10:24:44","modified_gmt":"2021-07-06T10:24:44","slug":"nuestro-pais-en-la-expo-2020-dubai","status":"publish","type":"post","link":"https:\/\/nld.mirex.gob.do\/consular\/amsterdam\/nuestro-pais-en-la-expo-2020-dubai\/","title":{"rendered":"Nuestro pa\u00eds en la Expo 2020 Dub\u00e1i"},"content":{"rendered":"<div class=\"ast-oembed-container \" style=\"height: 100%;\"><iframe title=\"RD participar\u00e1 en la Expo 2020 Dub\u00e1i\" width=\"500\" height=\"281\" src=\"https:\/\/www.youtube.com\/embed\/71lfCr5j5mk?feature=oembed\" frameborder=\"0\" allow=\"accelerometer; autoplay; clipboard-write; encrypted-media; gyroscope; picture-in-picture; web-share\" referrerpolicy=\"strict-origin-when-cross-origin\" allowfullscreen><\/iframe><\/div>\n<p>Rep\u00fablica Dominicana anuncia formalmente su participaci\u00f3n en la Expo 2020 Dub\u00e1i, el evento econ\u00f3mico multisectorial m\u00e1s importante a nivel mundial, que tiene como objetivo celebrar la creatividad, la innovaci\u00f3n, la humanidad y las culturas del mundo durante un periodo de 6 meses. En ella se promover\u00e1 de manera estrat\u00e9gica nuestra oferta como naci\u00f3n en temas de exportaci\u00f3n, inversi\u00f3n extranjera, turismo y cultura, adem\u00e1s de significar una excelente oportunidad para estrechar las relaciones comerciales entre Rep\u00fablica Dominicana y los Emiratos \u00c1rabes Unidos.<\/p>\n<p>Desde el Consulado General de la Rep\u00fablica Dominicana en \u00c1msterdam, Pa\u00edses Bajos, invitamos a seguir la cuenta oficial <a href=\"https:\/\/www.instagram.com\/Expodubaird\/\">@Expodubaird<\/a>, donde encontrar\u00e1n todas las novedades sobre la participaci\u00f3n de&nbsp;<a href=\"https:\/\/www.instagram.com\/explore\/tags\/rd\/\">#RD<\/a>, la cual desarrollar\u00e1 un calendario de actividades desde octubre de 2021 hasta marzo del 2022 que incluyen: recorridos virtuales, conciertos, exhibiciones criollas y exposiciones comerciales y educativas.<\/p>\n<p><a href=\"https:\/\/www.instagram.com\/MIREXRD\/\">@MIREXRD<\/a>&nbsp;<a href=\"https:\/\/www.instagram.com\/expodubaird\/\">@expodubaird<\/a>&nbsp;<a href=\"https:\/\/www.instagram.com\/turismord\/\">@turismord<\/a>&nbsp;<a href=\"https:\/\/www.instagram.com\/prodominicana\/\">@prodominicana<\/a>&nbsp;<a href=\"https:\/\/www.instagram.com\/dpworld\/\">@dpworld<\/a>&nbsp;<a href=\"https:\/\/www.instagram.com\/dpworldcaucedo\/\">@dpworldcaucedo<\/a><\/p>\n<p><a href=\"https:\/\/www.instagram.com\/explore\/tags\/expodubai2020\/\">#Expodubai2020<\/a>&nbsp;<a href=\"https:\/\/www.instagram.com\/explore\/tags\/rep%C3%BAblicadominicana\/\">#Rep\u00fablicaDominicana<\/a><\/p>\n<p>&nbsp;<\/p>\n<p><strong>Nota de prensa:<\/strong><\/p>\n<p>Santo Domingo. <strong>La Rep\u00fablica Dominicana participar\u00e1 en la Expo 2020 Dub\u00e1i<\/strong>, donde podr\u00e1 promover de manera estrat\u00e9gica su oferta exportable de productos, clima de inversi\u00f3n, atractivos tur\u00edsticos, culturales y gastron\u00f3micos, anunci\u00f3 este lunes el presidente Luis Abinader. El mandatario defini\u00f3 esta exposici\u00f3n universal como el primer escenario de esta magnitud que tendr\u00e1 lugar luego de un a\u00f1o marcado por el inicio de la pandemia de la COVID-19.<\/p>\n<p>&#8220;<strong><em>Es el escenario perfecto para certificar la uni\u00f3n y la confraternidad de la humanidad en un espacio para la celebraci\u00f3n mundial de la creatividad, la innovaci\u00f3n, el relanzamiento de nuestras econom\u00edas, y la interacci\u00f3n entre todas las culturas del mundo<\/em><\/strong>&#8220;, resalt\u00f3 el <strong>presidente Luis Abinader<\/strong>.<\/p>\n<p>Manifest\u00f3 que durante los seis meses de duraci\u00f3n que tendr\u00e1 la Expo 2020 Dub\u00e1i, la misma servir\u00e1 como una plataforma global para que los m\u00e1s de 180 pa\u00edses participantes puedan exponer las tradiciones y caracter\u00edsticas sobre las que residen sus culturas, a la vez, que muestran al mundo lo mejor de cada uno de sus territorios.<\/p>\n<p>El presidente Abinader defini\u00f3 esta feria, a la que se espera asistan millones de visitantes, como el <strong>mejor escenario para mostrar la Rep\u00fablica Dominicana al mundo<\/strong>. Asimismo, dijo que a ello se suma, la gran oportunidad que tendr\u00e1 la Rep\u00fablica Dominicana en este espacio para impulsar la <strong>nueva Marca Pa\u00eds<\/strong>, \u201cpotencializando de manera integral sus cinco pilares: turismo, inversi\u00f3n, exportaci\u00f3n, cultura y ciudadan\u00eda; alcanzando as\u00ed un mayor impacto a nivel internacional&#8221;. El primer mandatario plante\u00f3 que no se pueden dejar de lado las oportunidades para la promoci\u00f3n de la oferta exportable dominicana, tomando en cuenta el impulso que han recibido los productos criollos y su posicionamiento en los rankings a nivel mundial.<\/p>\n<p>Al respecto, reconoci\u00f3 la importancia de preservar una<strong> l\u00ednea de acci\u00f3n conjunta de exportaci\u00f3n<\/strong>, as\u00ed como, presentar a nuestro pa\u00eds como un <strong>HUB log\u00edstico<\/strong> y centro de negocios, que, por su posici\u00f3n geogr\u00e1fica e infraestructuras, representa un atractivo \u00fanico e ideal para la <strong>atracci\u00f3n de inversi\u00f3n extranjera<\/strong>.<\/p>\n<p>El presidente de la Rep\u00fablica resalt\u00f3 las bondades que tiene el pa\u00eds, citando entre ellas, su cultura; playas, talento, deporte, cuna de una magn\u00edfica y variada gastronom\u00eda y de un importante hub log\u00edstico para la inversi\u00f3n. Calific\u00f3 la Expo 2020 Dubai, como uno de los eventos internacionales m\u00e1s importantes a nivel mundial, que adem\u00e1s tiene como objetivo celebrar la creatividad, la innovaci\u00f3n, la humanidad y las culturas del mundo durante un periodo de 6 meses.<\/p>\n<p>&nbsp;<\/p>\n","protected":false},"excerpt":{"rendered":"<p>Rep\u00fablica Dominicana anuncia formalmente su participaci\u00f3n en la Expo 2020 Dub\u00e1i, el evento econ\u00f3mico multisectorial m\u00e1s importante a nivel mundial, que tiene como objetivo celebrar la creatividad, la innovaci\u00f3n, la humanidad y las culturas del mundo durante un periodo de 6 meses. En ella se promover\u00e1 de manera estrat\u00e9gica nuestra oferta como naci\u00f3n en temas [&hellip;]<\/p>\n","protected":false},"author":8,"featured_media":4893,"comment_status":"closed","ping_status":"open","sticky":false,"template":"","format":"standard","meta":{"site-sidebar-layout":"default","site-content-layout":"","ast-site-content-layout":"default","site-content-style":"default","site-sidebar-style":"default","ast-global-header-display":"","ast-banner-title-visibility":"","ast-main-header-display":"","ast-hfb-above-header-display":"","ast-hfb-below-header-display":"","ast-hfb-mobile-header-display":"","site-post-title":"","ast-breadcrumbs-content":"","ast-featured-img":"","footer-sml-layout":"","ast-disable-related-posts":"","theme-transparent-header-meta":"","adv-header-id-meta":"","stick-header-meta":"","header-above-stick-meta":"","header-main-stick-meta":"","header-below-stick-meta":"","astra-migrate-meta-layouts":"default","ast-page-background-enabled":"default","ast-page-background-meta":{"desktop":{"background-color":"","background-image":"","background-repeat":"repeat","background-position":"center center","background-size":"auto","background-attachment":"scroll","background-type":"","background-media":"","overlay-type":"","overlay-color":"","overlay-opacity":"","overlay-gradient":""},"tablet":{"background-color":"","background-image":"","background-repeat":"repeat","background-position":"center center","background-size":"auto","background-attachment":"scroll","background-type":"","background-media":"","overlay-type":"","overlay-color":"","overlay-opacity":"","overlay-gradient":""},"mobile":{"background-color":"","background-image":"","background-repeat":"repeat","background-position":"center center","background-size":"auto","background-attachment":"scroll","background-type":"","background-media":"","overlay-type":"","overlay-color":"","overlay-opacity":"","overlay-gradient":""}},"ast-content-background-meta":{"desktop":{"background-color":"var(--ast-global-color-5)","background-image":"","background-repeat":"repeat","background-position":"center center","background-size":"auto","background-attachment":"scroll","background-type":"","background-media":"","overlay-type":"","overlay-color":"","overlay-opacity":"","overlay-gradient":""},"tablet":{"background-color":"var(--ast-global-color-5)","background-image":"","background-repeat":"repeat","background-position":"center center","background-size":"auto","background-attachment":"scroll","background-type":"","background-media":"","overlay-type":"","overlay-color":"","overlay-opacity":"","overlay-gradient":""},"mobile":{"background-color":"var(--ast-global-color-5)","background-image":"","background-repeat":"repeat","background-position":"center center","background-size":"auto","background-attachment":"scroll","background-type":"","background-media":"","overlay-type":"","overlay-color":"","overlay-opacity":"","overlay-gradient":""}},"footnotes":""},"categories":[101,408,96],"tags":[470,471,428],"class_list":["post-4892","post","type-post","status-publish","format-standard","has-post-thumbnail","hentry","category-actividades","category-actividades-en-portada","category-negocios","tag-expo-2020-dubai","tag-hub-logistico","tag-presidente-luis-abinader"],"yoast_head":"<!-- This site is optimized with the Yoast SEO plugin v27.4 - https:\/\/yoast.com\/product\/yoast-seo-wordpress\/ -->\n<title>Nuestro pa\u00eds en la Expo 2020 Dub\u00e1i - Consulado General de la Rep\u00fablica Dominicana en La Haya, Reino de los Pa\u00edses Bajos<\/title>\n<meta name=\"robots\" content=\"index, follow, max-snippet:-1, max-image-preview:large, max-video-preview:-1\" \/>\n<link rel=\"canonical\" href=\"https:\/\/nld.mirex.gob.do\/consular\/amsterdam\/nuestro-pais-en-la-expo-2020-dubai\/\" \/>\n<meta property=\"og:locale\" content=\"en_US\" \/>\n<meta property=\"og:type\" content=\"article\" \/>\n<meta property=\"og:title\" content=\"Nuestro pa\u00eds en la Expo 2020 Dub\u00e1i - Consulado General de la Rep\u00fablica Dominicana en La Haya, Reino de los Pa\u00edses Bajos\" \/>\n<meta property=\"og:description\" content=\"Rep\u00fablica Dominicana anuncia formalmente su participaci\u00f3n en la Expo 2020 Dub\u00e1i, el evento econ\u00f3mico multisectorial m\u00e1s importante a nivel mundial, que tiene como objetivo celebrar la creatividad, la innovaci\u00f3n, la humanidad y las culturas del mundo durante un periodo de 6 meses. En ella se promover\u00e1 de manera estrat\u00e9gica nuestra oferta como naci\u00f3n en temas [&hellip;]\" \/>\n<meta property=\"og:url\" content=\"https:\/\/nld.mirex.gob.do\/consular\/amsterdam\/nuestro-pais-en-la-expo-2020-dubai\/\" \/>\n<meta property=\"og:site_name\" content=\"Consulado General de la Rep\u00fablica Dominicana en La Haya, Reino de los Pa\u00edses Bajos\" \/>\n<meta property=\"article:published_time\" content=\"2021-07-06T10:24:44+00:00\" \/>\n<meta name=\"author\" content=\"Michael Antonio Melo Andujar\" \/>\n<meta name=\"twitter:card\" content=\"summary_large_image\" \/>\n<meta name=\"twitter:label1\" content=\"Written by\" \/>\n\t<meta name=\"twitter:data1\" content=\"Michael Antonio Melo Andujar\" \/>\n\t<meta name=\"twitter:label2\" content=\"Est. reading time\" \/>\n\t<meta name=\"twitter:data2\" content=\"3 minutes\" \/>\n<script type=\"application\/ld+json\" class=\"yoast-schema-graph\">{\"@context\":\"https:\\\/\\\/schema.org\",\"@graph\":[{\"@type\":\"Article\",\"@id\":\"https:\\\/\\\/nld.mirex.gob.do\\\/consular\\\/amsterdam\\\/nuestro-pais-en-la-expo-2020-dubai\\\/#article\",\"isPartOf\":{\"@id\":\"https:\\\/\\\/nld.mirex.gob.do\\\/consular\\\/amsterdam\\\/nuestro-pais-en-la-expo-2020-dubai\\\/\"},\"author\":{\"name\":\"Michael Antonio Melo Andujar\",\"@id\":\"https:\\\/\\\/nld.mirex.gob.do\\\/consular\\\/amsterdam\\\/#\\\/schema\\\/person\\\/772a9951ade6a7e4ab978b618b619ff8\"},\"headline\":\"Nuestro pa\u00eds en la Expo 2020 Dub\u00e1i\",\"datePublished\":\"2021-07-06T10:24:44+00:00\",\"mainEntityOfPage\":{\"@id\":\"https:\\\/\\\/nld.mirex.gob.do\\\/consular\\\/amsterdam\\\/nuestro-pais-en-la-expo-2020-dubai\\\/\"},\"wordCount\":624,\"publisher\":{\"@id\":\"https:\\\/\\\/nld.mirex.gob.do\\\/consular\\\/amsterdam\\\/#organization\"},\"image\":{\"@id\":\"https:\\\/\\\/nld.mirex.gob.do\\\/consular\\\/amsterdam\\\/nuestro-pais-en-la-expo-2020-dubai\\\/#primaryimage\"},\"thumbnailUrl\":\"\",\"keywords\":[\"Expo 2020 Dub\u00e1i\",\"HUB log\u00edstico\",\"Presidente Luis Abinader\"],\"articleSection\":[\"Actividades\",\"Actividades en portada\",\"Negocios\"],\"inLanguage\":\"en-US\"},{\"@type\":\"WebPage\",\"@id\":\"https:\\\/\\\/nld.mirex.gob.do\\\/consular\\\/amsterdam\\\/nuestro-pais-en-la-expo-2020-dubai\\\/\",\"url\":\"https:\\\/\\\/nld.mirex.gob.do\\\/consular\\\/amsterdam\\\/nuestro-pais-en-la-expo-2020-dubai\\\/\",\"name\":\"Nuestro pa\u00eds en la Expo 2020 Dub\u00e1i - Consulado General de la Rep\u00fablica Dominicana en La Haya, Reino de los Pa\u00edses Bajos\",\"isPartOf\":{\"@id\":\"https:\\\/\\\/nld.mirex.gob.do\\\/consular\\\/amsterdam\\\/#website\"},\"primaryImageOfPage\":{\"@id\":\"https:\\\/\\\/nld.mirex.gob.do\\\/consular\\\/amsterdam\\\/nuestro-pais-en-la-expo-2020-dubai\\\/#primaryimage\"},\"image\":{\"@id\":\"https:\\\/\\\/nld.mirex.gob.do\\\/consular\\\/amsterdam\\\/nuestro-pais-en-la-expo-2020-dubai\\\/#primaryimage\"},\"thumbnailUrl\":\"\",\"datePublished\":\"2021-07-06T10:24:44+00:00\",\"breadcrumb\":{\"@id\":\"https:\\\/\\\/nld.mirex.gob.do\\\/consular\\\/amsterdam\\\/nuestro-pais-en-la-expo-2020-dubai\\\/#breadcrumb\"},\"inLanguage\":\"en-US\",\"potentialAction\":[{\"@type\":\"ReadAction\",\"target\":[\"https:\\\/\\\/nld.mirex.gob.do\\\/consular\\\/amsterdam\\\/nuestro-pais-en-la-expo-2020-dubai\\\/\"]}]},{\"@type\":\"ImageObject\",\"inLanguage\":\"en-US\",\"@id\":\"https:\\\/\\\/nld.mirex.gob.do\\\/consular\\\/amsterdam\\\/nuestro-pais-en-la-expo-2020-dubai\\\/#primaryimage\",\"url\":\"\",\"contentUrl\":\"\"},{\"@type\":\"BreadcrumbList\",\"@id\":\"https:\\\/\\\/nld.mirex.gob.do\\\/consular\\\/amsterdam\\\/nuestro-pais-en-la-expo-2020-dubai\\\/#breadcrumb\",\"itemListElement\":[{\"@type\":\"ListItem\",\"position\":1,\"name\":\"Inicio\",\"item\":\"https:\\\/\\\/nld.mirex.gob.do\\\/consular\\\/amsterdam\\\/\"},{\"@type\":\"ListItem\",\"position\":2,\"name\":\"Nuestro pa\u00eds en la Expo 2020 Dub\u00e1i\"}]},{\"@type\":\"WebSite\",\"@id\":\"https:\\\/\\\/nld.mirex.gob.do\\\/consular\\\/amsterdam\\\/#website\",\"url\":\"https:\\\/\\\/nld.mirex.gob.do\\\/consular\\\/amsterdam\\\/\",\"name\":\"Consulado General de la Rep\u00fablica Dominicana en La Haya, Reino de los Pa\u00edses Bajos\",\"description\":\"\",\"publisher\":{\"@id\":\"https:\\\/\\\/nld.mirex.gob.do\\\/consular\\\/amsterdam\\\/#organization\"},\"potentialAction\":[{\"@type\":\"SearchAction\",\"target\":{\"@type\":\"EntryPoint\",\"urlTemplate\":\"https:\\\/\\\/nld.mirex.gob.do\\\/consular\\\/amsterdam\\\/?s={search_term_string}\"},\"query-input\":{\"@type\":\"PropertyValueSpecification\",\"valueRequired\":true,\"valueName\":\"search_term_string\"}}],\"inLanguage\":\"en-US\"},{\"@type\":\"Organization\",\"@id\":\"https:\\\/\\\/nld.mirex.gob.do\\\/consular\\\/amsterdam\\\/#organization\",\"name\":\"Consulado General de la Rep\u00fablica Dominicana en La Haya, Reino de los Pa\u00edses Bajos\",\"url\":\"https:\\\/\\\/nld.mirex.gob.do\\\/consular\\\/amsterdam\\\/\",\"logo\":{\"@type\":\"ImageObject\",\"inLanguage\":\"en-US\",\"@id\":\"https:\\\/\\\/nld.mirex.gob.do\\\/consular\\\/amsterdam\\\/#\\\/schema\\\/logo\\\/image\\\/\",\"url\":\"https:\\\/\\\/nld.mirex.gob.do\\\/consular\\\/amsterdam\\\/wp-content\\\/uploads\\\/2024\\\/04\\\/cropped-consulado_la_haya_reinode_los_Paises_Bajos.jpg\",\"contentUrl\":\"https:\\\/\\\/nld.mirex.gob.do\\\/consular\\\/amsterdam\\\/wp-content\\\/uploads\\\/2024\\\/04\\\/cropped-consulado_la_haya_reinode_los_Paises_Bajos.jpg\",\"width\":999,\"height\":407,\"caption\":\"Consulado General de la Rep\u00fablica Dominicana en La Haya, Reino de los Pa\u00edses Bajos\"},\"image\":{\"@id\":\"https:\\\/\\\/nld.mirex.gob.do\\\/consular\\\/amsterdam\\\/#\\\/schema\\\/logo\\\/image\\\/\"}},{\"@type\":\"Person\",\"@id\":\"https:\\\/\\\/nld.mirex.gob.do\\\/consular\\\/amsterdam\\\/#\\\/schema\\\/person\\\/772a9951ade6a7e4ab978b618b619ff8\",\"name\":\"Michael Antonio Melo Andujar\",\"image\":{\"@type\":\"ImageObject\",\"inLanguage\":\"en-US\",\"@id\":\"https:\\\/\\\/secure.gravatar.com\\\/avatar\\\/f8862d24b6945a30d30c9727ef9dfcd533ee25a18a27afc92991446aeb0e652d?s=96&d=mm&r=g\",\"url\":\"https:\\\/\\\/secure.gravatar.com\\\/avatar\\\/f8862d24b6945a30d30c9727ef9dfcd533ee25a18a27afc92991446aeb0e652d?s=96&d=mm&r=g\",\"contentUrl\":\"https:\\\/\\\/secure.gravatar.com\\\/avatar\\\/f8862d24b6945a30d30c9727ef9dfcd533ee25a18a27afc92991446aeb0e652d?s=96&d=mm&r=g\",\"caption\":\"Michael Antonio Melo Andujar\"}}]}<\/script>\n<!-- \/ Yoast SEO plugin. -->","yoast_head_json":{"title":"Nuestro pa\u00eds en la Expo 2020 Dub\u00e1i - Consulado General de la Rep\u00fablica Dominicana en La Haya, Reino de los Pa\u00edses Bajos","robots":{"index":"index","follow":"follow","max-snippet":"max-snippet:-1","max-image-preview":"max-image-preview:large","max-video-preview":"max-video-preview:-1"},"canonical":"https:\/\/nld.mirex.gob.do\/consular\/amsterdam\/nuestro-pais-en-la-expo-2020-dubai\/","og_locale":"en_US","og_type":"article","og_title":"Nuestro pa\u00eds en la Expo 2020 Dub\u00e1i - Consulado General de la Rep\u00fablica Dominicana en La Haya, Reino de los Pa\u00edses Bajos","og_description":"Rep\u00fablica Dominicana anuncia formalmente su participaci\u00f3n en la Expo 2020 Dub\u00e1i, el evento econ\u00f3mico multisectorial m\u00e1s importante a nivel mundial, que tiene como objetivo celebrar la creatividad, la innovaci\u00f3n, la humanidad y las culturas del mundo durante un periodo de 6 meses. En ella se promover\u00e1 de manera estrat\u00e9gica nuestra oferta como naci\u00f3n en temas [&hellip;]","og_url":"https:\/\/nld.mirex.gob.do\/consular\/amsterdam\/nuestro-pais-en-la-expo-2020-dubai\/","og_site_name":"Consulado General de la Rep\u00fablica Dominicana en La Haya, Reino de los Pa\u00edses Bajos","article_published_time":"2021-07-06T10:24:44+00:00","author":"Michael Antonio Melo Andujar","twitter_card":"summary_large_image","twitter_misc":{"Written by":"Michael Antonio Melo Andujar","Est. reading time":"3 minutes"},"schema":{"@context":"https:\/\/schema.org","@graph":[{"@type":"Article","@id":"https:\/\/nld.mirex.gob.do\/consular\/amsterdam\/nuestro-pais-en-la-expo-2020-dubai\/#article","isPartOf":{"@id":"https:\/\/nld.mirex.gob.do\/consular\/amsterdam\/nuestro-pais-en-la-expo-2020-dubai\/"},"author":{"name":"Michael Antonio Melo Andujar","@id":"https:\/\/nld.mirex.gob.do\/consular\/amsterdam\/#\/schema\/person\/772a9951ade6a7e4ab978b618b619ff8"},"headline":"Nuestro pa\u00eds en la Expo 2020 Dub\u00e1i","datePublished":"2021-07-06T10:24:44+00:00","mainEntityOfPage":{"@id":"https:\/\/nld.mirex.gob.do\/consular\/amsterdam\/nuestro-pais-en-la-expo-2020-dubai\/"},"wordCount":624,"publisher":{"@id":"https:\/\/nld.mirex.gob.do\/consular\/amsterdam\/#organization"},"image":{"@id":"https:\/\/nld.mirex.gob.do\/consular\/amsterdam\/nuestro-pais-en-la-expo-2020-dubai\/#primaryimage"},"thumbnailUrl":"","keywords":["Expo 2020 Dub\u00e1i","HUB log\u00edstico","Presidente Luis Abinader"],"articleSection":["Actividades","Actividades en portada","Negocios"],"inLanguage":"en-US"},{"@type":"WebPage","@id":"https:\/\/nld.mirex.gob.do\/consular\/amsterdam\/nuestro-pais-en-la-expo-2020-dubai\/","url":"https:\/\/nld.mirex.gob.do\/consular\/amsterdam\/nuestro-pais-en-la-expo-2020-dubai\/","name":"Nuestro pa\u00eds en la Expo 2020 Dub\u00e1i - Consulado General de la Rep\u00fablica Dominicana en La Haya, Reino de los Pa\u00edses Bajos","isPartOf":{"@id":"https:\/\/nld.mirex.gob.do\/consular\/amsterdam\/#website"},"primaryImageOfPage":{"@id":"https:\/\/nld.mirex.gob.do\/consular\/amsterdam\/nuestro-pais-en-la-expo-2020-dubai\/#primaryimage"},"image":{"@id":"https:\/\/nld.mirex.gob.do\/consular\/amsterdam\/nuestro-pais-en-la-expo-2020-dubai\/#primaryimage"},"thumbnailUrl":"","datePublished":"2021-07-06T10:24:44+00:00","breadcrumb":{"@id":"https:\/\/nld.mirex.gob.do\/consular\/amsterdam\/nuestro-pais-en-la-expo-2020-dubai\/#breadcrumb"},"inLanguage":"en-US","potentialAction":[{"@type":"ReadAction","target":["https:\/\/nld.mirex.gob.do\/consular\/amsterdam\/nuestro-pais-en-la-expo-2020-dubai\/"]}]},{"@type":"ImageObject","inLanguage":"en-US","@id":"https:\/\/nld.mirex.gob.do\/consular\/amsterdam\/nuestro-pais-en-la-expo-2020-dubai\/#primaryimage","url":"","contentUrl":""},{"@type":"BreadcrumbList","@id":"https:\/\/nld.mirex.gob.do\/consular\/amsterdam\/nuestro-pais-en-la-expo-2020-dubai\/#breadcrumb","itemListElement":[{"@type":"ListItem","position":1,"name":"Inicio","item":"https:\/\/nld.mirex.gob.do\/consular\/amsterdam\/"},{"@type":"ListItem","position":2,"name":"Nuestro pa\u00eds en la Expo 2020 Dub\u00e1i"}]},{"@type":"WebSite","@id":"https:\/\/nld.mirex.gob.do\/consular\/amsterdam\/#website","url":"https:\/\/nld.mirex.gob.do\/consular\/amsterdam\/","name":"Consulado General de la Rep\u00fablica Dominicana en La Haya, Reino de los Pa\u00edses Bajos","description":"","publisher":{"@id":"https:\/\/nld.mirex.gob.do\/consular\/amsterdam\/#organization"},"potentialAction":[{"@type":"SearchAction","target":{"@type":"EntryPoint","urlTemplate":"https:\/\/nld.mirex.gob.do\/consular\/amsterdam\/?s={search_term_string}"},"query-input":{"@type":"PropertyValueSpecification","valueRequired":true,"valueName":"search_term_string"}}],"inLanguage":"en-US"},{"@type":"Organization","@id":"https:\/\/nld.mirex.gob.do\/consular\/amsterdam\/#organization","name":"Consulado General de la Rep\u00fablica Dominicana en La Haya, Reino de los Pa\u00edses Bajos","url":"https:\/\/nld.mirex.gob.do\/consular\/amsterdam\/","logo":{"@type":"ImageObject","inLanguage":"en-US","@id":"https:\/\/nld.mirex.gob.do\/consular\/amsterdam\/#\/schema\/logo\/image\/","url":"https:\/\/nld.mirex.gob.do\/consular\/amsterdam\/wp-content\/uploads\/2024\/04\/cropped-consulado_la_haya_reinode_los_Paises_Bajos.jpg","contentUrl":"https:\/\/nld.mirex.gob.do\/consular\/amsterdam\/wp-content\/uploads\/2024\/04\/cropped-consulado_la_haya_reinode_los_Paises_Bajos.jpg","width":999,"height":407,"caption":"Consulado General de la Rep\u00fablica Dominicana en La Haya, Reino de los Pa\u00edses Bajos"},"image":{"@id":"https:\/\/nld.mirex.gob.do\/consular\/amsterdam\/#\/schema\/logo\/image\/"}},{"@type":"Person","@id":"https:\/\/nld.mirex.gob.do\/consular\/amsterdam\/#\/schema\/person\/772a9951ade6a7e4ab978b618b619ff8","name":"Michael Antonio Melo Andujar","image":{"@type":"ImageObject","inLanguage":"en-US","@id":"https:\/\/secure.gravatar.com\/avatar\/f8862d24b6945a30d30c9727ef9dfcd533ee25a18a27afc92991446aeb0e652d?s=96&d=mm&r=g","url":"https:\/\/secure.gravatar.com\/avatar\/f8862d24b6945a30d30c9727ef9dfcd533ee25a18a27afc92991446aeb0e652d?s=96&d=mm&r=g","contentUrl":"https:\/\/secure.gravatar.com\/avatar\/f8862d24b6945a30d30c9727ef9dfcd533ee25a18a27afc92991446aeb0e652d?s=96&d=mm&r=g","caption":"Michael Antonio Melo Andujar"}}]}},"_links":{"self":[{"href":"https:\/\/nld.mirex.gob.do\/consular\/amsterdam\/wp-json\/wp\/v2\/posts\/4892","targetHints":{"allow":["GET"]}}],"collection":[{"href":"https:\/\/nld.mirex.gob.do\/consular\/amsterdam\/wp-json\/wp\/v2\/posts"}],"about":[{"href":"https:\/\/nld.mirex.gob.do\/consular\/amsterdam\/wp-json\/wp\/v2\/types\/post"}],"author":[{"embeddable":true,"href":"https:\/\/nld.mirex.gob.do\/consular\/amsterdam\/wp-json\/wp\/v2\/users\/8"}],"replies":[{"embeddable":true,"href":"https:\/\/nld.mirex.gob.do\/consular\/amsterdam\/wp-json\/wp\/v2\/comments?post=4892"}],"version-history":[{"count":0,"href":"https:\/\/nld.mirex.gob.do\/consular\/amsterdam\/wp-json\/wp\/v2\/posts\/4892\/revisions"}],"wp:featuredmedia":[{"embeddable":true,"href":"https:\/\/nld.mirex.gob.do\/consular\/amsterdam\/wp-json\/"}],"wp:attachment":[{"href":"https:\/\/nld.mirex.gob.do\/consular\/amsterdam\/wp-json\/wp\/v2\/media?parent=4892"}],"wp:term":[{"taxonomy":"category","embeddable":true,"href":"https:\/\/nld.mirex.gob.do\/consular\/amsterdam\/wp-json\/wp\/v2\/categories?post=4892"},{"taxonomy":"post_tag","embeddable":true,"href":"https:\/\/nld.mirex.gob.do\/consular\/amsterdam\/wp-json\/wp\/v2\/tags?post=4892"}],"curies":[{"name":"wp","href":"https:\/\/api.w.org\/{rel}","templated":true}]}}